{"id":14310,"date":"2025-10-12T20:43:00","date_gmt":"2025-10-12T18:43:00","guid":{"rendered":"https:\/\/weisetech.dev\/fc-barcelona-noticias\/en\/barca-injuries-to-lamine-olmo-gavi-pedri-and-fermin_315008_102\/"},"modified":"2026-04-06T20:28:48","modified_gmt":"2026-04-06T18:28:48","slug":"barca-injuries-to-lamine-olmo-gavi-pedri-and-fermin_315008_102","status":"publish","type":"post","link":"https:\/\/www.fcbarcelonanoticias.com\/en\/fc-barcelona\/barca-injuries-to-lamine-olmo-gavi-pedri-and-fermin_315008_102.html","title":{"rendered":"Lamine, Olmo, Ferm\u00edn, Gavi, and Pedri: the injuries with Spain that outrage Bar\u00e7a"},"content":{"rendered":"<h2 class=\"wp-block-heading\">The Spanish national team call-ups have become a serious setback for FC Barcelona. Dani Olmo&#8217;s latest injury reopens an alarming record: Gavi, Ferm\u00edn, Lamine Yamal, and Pedri were also KO&#8217;d while wearing La Roja.<\/h2>  \r\n<div class=\"article-addons\">\r\n    <a href=\"https:\/\/www.fcbarcelonanoticias.com\/en\/calendar-fc-barcelona.html\"\r\n       target=\"_self\"\r\n       title=\"Calendar of FC Barcelona\"\r\n       class=\"blue-gredient-btn\">\r\n       \r\n        Calendar of FC Barcelona    <\/a>\r\n<\/div>   <p><strong>FC Barcelona<\/strong> is living with concern through the second international break of the season. Every time the Spanish national team announces a call-up and returns to competition, <strong>Hansi Flick&#8217;s<\/strong> team suffers the consequences. The latest <strong><a data-external=\"0\" data-intl-links-en=\"https:\/\/www.fcbarcelonanoticias.com\/en\/fc-barcelona\/dani-olmo-will-return-to-barcelona-due-to-calf-injury_314992_102.html\" data-intl-links-es=\"https:\/\/www.fcbarcelonanoticias.com\/fc-barcelona\/dani-olmo-ko-egarense-sufre-lesion-gemelo-izquierdo_314992_102.html\" href=\"https:\/\/www.fcbarcelonanoticias.com\/en\/fc-barcelona\/dani-olmo-will-return-to-barcelona-due-to-calf-injury_314992_102.html\" rel=\"follow\" target=\"_self\" title=\"Dani Olmo KO: the player from Egara suffers an injury to his left calf\">injury to Dani Olmo<\/a><\/strong> has once again set off all the alarms at <strong>Can Bar\u00e7a<\/strong>, adding to a list that includes <strong>Gavi, Ferm\u00edn L\u00f3pez, Lamine Yamal, and Pedri<\/strong>.<\/p>  <p>The Bar\u00e7a team has accumulated <strong>four significant injuries<\/strong> in the last two years during training camps with the <strong>Spanish national team<\/strong>. In the Camp Nou offices, discontent is growing as they watch helplessly as many players return injured after international commitments.<\/p>  <h2>Dani Olmo, the latest casualty with La Roja<\/h2>  <p>In the current October break, <strong>Dani Olmo<\/strong> has become the <strong>latest Bar\u00e7a player to be injured while on international duty<\/strong>. The player from Terrassa has a tear in the soleus muscle of his left leg and has already returned to Barcelona for further tests. His recovery could take several weeks, depending on the extent of the injury.<\/p>  <p>The club&#8217;s medical services are analyzing the pattern of injuries suffered by the Bar\u00e7a players during the breaks. The high volume of matches and the lack of rest between competitions are determining factors. At <strong>Bar\u00e7a<\/strong>, there are fears that the accumulated wear and tear in the national team will affect the performance of <strong>Hansi Flick&#8217;s<\/strong> team during the key months of the season.<\/p>  <h2>Lamine Yamal, persistent discomfort in the pubis<\/h2>  <p>The case of <strong>Lamine Yamal<\/strong> has been more intermittent. During the preparation for the 2026 World Cup with the national team, the young winger felt discomfort in his pubis. <strong><a data-external=\"0\" data-intl-links-en=\"https:\/\/www.fcbarcelonanoticias.com\/en\/fc-barcelona\/barcelona-plan-for-lamine-yamal-recovery_314975_102.html\" data-intl-links-es=\"https:\/\/www.fcbarcelonanoticias.com\/fc-barcelona\/plan-barcelona-con-recuperacion-lamine-yamal-cuanto-volvera-jugar_314975_102.html\" href=\"https:\/\/www.fcbarcelonanoticias.com\/en\/fc-barcelona\/barcelona-plan-for-lamine-yamal-recovery_314975_102.html\" rel=\"follow\" target=\"_self\" title=\"El plan del Bar\u00e7a con la recuperaci\u00f3n de Lamine Yamal: \u00bfcu\u00e1ndo volver\u00e1 a jugar?\">He missed four games with Bar\u00e7a<\/a><\/strong>, reappeared against PSG, but relapsed from the injury.<\/p>  <p>The club has designed a personalized work plan for him to try to ensure that the <strong>&#8217;10&#8217; of Barcelona<\/strong> can rejoin the team on October 21 against <strong>Olympiacos<\/strong>, in the third matchday of the <strong>Champions League<\/strong> and four days before the first Cl\u00e1sico of the season against <strong>Real Madrid<\/strong>.<\/p>  <h2>Gavi, the most serious and painful case<\/h2>  <p>On November 19, 2023, in the match between Spain and Georgia, qualifying for the European Championship, <strong><a data-external=\"0\" data-intl-links-en=\"https:\/\/www.fcbarcelonanoticias.com\/en\/national-teams\/luis-fuente-answers-to-the-criticisms-by-the-injury-of-gavi_298512_102.html\" data-intl-links-es=\"https:\/\/www.fcbarcelonanoticias.com\/selecciones-nacionales\/luis-fuente-responde-criticas-por-lesion-gavi_298512_102.html\" href=\"https:\/\/www.fcbarcelonanoticias.com\/en\/national-teams\/luis-fuente-answers-to-the-criticisms-by-the-injury-of-gavi_298512_102.html\" rel=\"follow\" target=\"_self\" title=\"Luis de la Fuente responde a las cr\u00edticas por la lesi\u00f3n de Gavi\">Gavi was injured<\/a><\/strong> in the 24th minute. Medical tests confirmed a torn anterior cruciate ligament and meniscal involvement. After a long rehabilitation, the midfielder has not yet been able to return to normal. In August 2025, he felt discomfort again in the same knee.<\/p>  <p>In that regard, upon confirming the delicate state of the internal meniscus, <strong><a data-external=\"0\" data-intl-links-en=\"https:\/\/www.fcbarcelonanoticias.com\/en\/fc-barcelona\/gavi-breaks-down-ko-for-4-5-months-with-flick-barcelona_314804_102.html\" data-intl-links-es=\"https:\/\/www.fcbarcelonanoticias.com\/fc-barcelona\/gavi-sera-baja-hasta-2026-barcelona-confirma-peores-presagios_314804_102.html\" href=\"https:\/\/www.fcbarcelonanoticias.com\/en\/fc-barcelona\/gavi-breaks-down-ko-for-4-5-months-with-flick-barcelona_314804_102.html\" rel=\"follow\" target=\"_self\" title=\"Gavi ser\u00e1 baja hasta 2026: el Barcelona confirma los peores presagios\">Bar\u00e7a confirmed the player&#8217;s absence for the next four or five months<\/a><\/strong>, depending on his evolution in the weeks to come. Thus, the &#8216;6&#8217; could reappear around mid-February, approximately, just four months before the 2026 World Cup.<\/p>  <h2>Ferm\u00edn L\u00f3pez, Double Setback with the U-21 Team<\/h2>  <p><strong>Ferm\u00edn L\u00f3pez<\/strong> suffered an injury to the rectus femoris muscle of his left leg during a training camp with the U-21 team in September 2024. Back in Barcelona, just two weeks later, he was injured again, this time in his right leg.<\/p>  <p>The accumulation of tournaments\u2014Olympic Games and European Championship\u2014also took its toll on the young attacking midfielder, who needed a specific physical plan upon his return with Hansi Flick.<\/p>  <h2>Pedri, the most painful blow of the European Championship<\/h2>  <p>On July 5, 2024, in the Euro Cup quarter-finals against Germany, <strong><a data-external=\"0\" data-intl-links-en=\"https:\/\/www.fcbarcelonanoticias.com\/en\/euro-2024-football-news-matches-results\/pedri-ko-the-canarian-left-lesionado-of-the-spain-germany-after-strong-entrance-of-kroos_305164_102.html\" data-intl-links-es=\"https:\/\/www.fcbarcelonanoticias.com\/eurocopa-2024\/pedri-ko-canario-se-marcho-lesionado-espana-alemania-fuerte-entrada-kroos_305164_102.html\" href=\"https:\/\/www.fcbarcelonanoticias.com\/en\/euro-2024-football-news-matches-results\/pedri-ko-the-canarian-left-lesionado-of-the-spain-germany-after-strong-entrance-of-kroos_305164_102.html\" rel=\"follow\" target=\"_self\" title=\"Goodbye to the Euro Cup! The RFEF confirms Pedri's injury due to Kroos's kick\">Pedri was the victim of a very harsh tackle by Toni Kroos<\/a><\/strong>. The result: a grade II internal lateral sprain in his left knee.<\/p>  <p>The injury sidelined the Tenerife native from the competition and was a setback for both La Roja and <strong>FC Barcelona<\/strong>. The estimated recovery time was set at around two months, although the club opted for a more gradual rehabilitation to avoid relapses.<\/p>  <h2>FC Barcelona Faces Another International Break Marked by Injuries<\/h2>  <p>With five players injured in less than two years, the concern is evident. At Can Bar\u00e7a, they trust that the medical management will allow them to recover all the players as soon as possible and avoid new scares in a <strong><a data-external=\"0\" data-intl-links-en=\"https:\/\/www.fcbarcelonanoticias.com\/en\/calendar-fc-barcelona.html\" data-intl-links-es=\"https:\/\/www.fcbarcelonanoticias.com\/calendario-fcbarcelona.html\" href=\"https:\/\/www.fcbarcelonanoticias.com\/en\/calendar-fc-barcelona.html\" rel=\"follow\" target=\"_self\" title=\"Calendario FC Barcelona\">calendar<\/a><\/strong> that gives no respite.<\/p>  <p>Several members of the locker room have privately expressed their concern. Although their commitment to the national team is unquestionable, the club believes it is necessary to review the load and recovery methods used by the RFEF to minimize risks. <strong>Hansi Flick<\/strong> has already requested closer coordination with Spain&#8217;s physical trainers to protect his players.<\/p>  <ul> <li>In FC Barcelona Noticias you can follow live the <strong><a data-external=\"0\" data-intl-links-en=\"https:\/\/www.fcbarcelonanoticias.com\/en\/tags\/injured\" data-intl-links-es=\"https:\/\/www.fcbarcelonanoticias.com\/tags\/lesionados\" href=\"https:\/\/www.fcbarcelonanoticias.com\/en\/tags\/injured.html\" rel=\"follow\" target=\"_self\" title=\"Lesionados\">latest news from Bar\u00e7a and its injured players<\/a><\/strong> <\/li> <\/ul> ","protected":false},"excerpt":{"rendered":"<p>The Spanish national team call-ups have become a serious setback for FC Barcelona. Dani Olmo&#8217;s latest injury reopens an alarming record: Gavi, Ferm\u00edn, Lamine Yamal, and Pedri were also KO&#8217;d while wearing La Roja. FC Barcelona is living with concern through the second international break of the season. Every time the Spanish national team announces [&hellip;]<\/p>\n","protected":false},"author":353,"featured_media":14311,"comment_status":"closed","ping_status":"open","sticky":false,"template":"","format":"standard","meta":{"_acf_changed":false,"inline_featured_image":false,"_nextfly_llmd_date_locked":false,"footnotes":""},"categories":[444,111,439,440],"tags":[275,266,187,136,147,91,149],"class_list":["post-14310","post","type-post","status-publish","format-standard","has-post-thumbnail","hentry","category-dani-olmo","category-fc-barcelona","category-fermin-lopez","category-gavi","tag-dani-olmo","tag-fermin-lopez","tag-gavi","tag-injured","tag-lamine-yamal","tag-national-teams","tag-pedri"],"acf":[],"yoast_head":"<!-- This site is optimized with the Yoast SEO plugin v27.3 - https:\/\/yoast.com\/product\/yoast-seo-wordpress\/ -->\n<title>Bar\u00e7a: Injuries to Lamine, Olmo, Gavi, Pedri and Ferm\u00edn<\/title>\n<meta name=\"description\" content=\"Bar\u00e7a, concerned about injuries with Spain: Olmo, Gavi, Lamine, Pedri, and Ferm\u00edn have fallen with La Roja. Discover all the cases and their impact.\" \/>\n<meta name=\"robots\" content=\"index, follow, max-snippet:-1, max-image-preview:large, max-video-preview:-1\" \/>\n<link rel=\"canonical\" href=\"https:\/\/www.fcbarcelonanoticias.com\/en\/fc-barcelona\/barca-injuries-to-lamine-olmo-gavi-pedri-and-fermin_315008_102.html\" \/>\n<meta property=\"og:locale\" content=\"en_US\" \/>\n<meta property=\"og:type\" content=\"article\" \/>\n<meta property=\"og:title\" content=\"Bar\u00e7a: Injuries to Lamine, Olmo, Gavi, Pedri and Ferm\u00edn\" \/>\n<meta property=\"og:description\" content=\"Bar\u00e7a, concerned about injuries with Spain: Olmo, Gavi, Lamine, Pedri, and Ferm\u00edn have fallen with La Roja. Discover all the cases and their impact.\" \/>\n<meta property=\"og:url\" content=\"https:\/\/www.fcbarcelonanoticias.com\/en\/fc-barcelona\/barca-injuries-to-lamine-olmo-gavi-pedri-and-fermin_315008_102.html\" \/>\n<meta property=\"og:site_name\" content=\"EN - FC Barcelona Noticias\" \/>\n<meta property=\"article:published_time\" content=\"2025-10-12T18:43:00+00:00\" \/>\n<meta property=\"article:modified_time\" content=\"2026-04-06T18:28:48+00:00\" \/>\n<meta property=\"og:image\" content=\"https:\/\/www.fcbarcelonanoticias.com\/en\/wp-content\/uploads\/sites\/2\/2025\/10\/jugadores-fc-barcelona-lesionados-con-seleccio-n-espan-ola.webp\" \/>\n\t<meta property=\"og:image:width\" content=\"1200\" \/>\n\t<meta property=\"og:image:height\" content=\"675\" \/>\n\t<meta property=\"og:image:type\" content=\"image\/webp\" \/>\n<meta name=\"author\" content=\"FC Barcelona Noticias\" \/>\n<meta name=\"twitter:card\" content=\"summary_large_image\" \/>\n<meta name=\"twitter:label1\" content=\"Written by\" \/>\n\t<meta name=\"twitter:data1\" content=\"FC Barcelona Noticias\" \/>\n\t<meta name=\"twitter:label2\" content=\"Est. reading time\" \/>\n\t<meta name=\"twitter:data2\" content=\"4 minutes\" \/>\n<script type=\"application\/ld+json\" class=\"yoast-schema-graph\">{\"@context\":\"https:\\\/\\\/schema.org\",\"@graph\":[{\"@type\":\"Article\",\"@id\":\"https:\\\/\\\/www.fcbarcelonanoticias.com\\\/en\\\/fc-barcelona\\\/barca-injuries-to-lamine-olmo-gavi-pedri-and-fermin_315008_102.html#article\",\"isPartOf\":{\"@id\":\"https:\\\/\\\/www.fcbarcelonanoticias.com\\\/en\\\/fc-barcelona\\\/barca-injuries-to-lamine-olmo-gavi-pedri-and-fermin_315008_102.html\"},\"author\":{\"name\":\"FC Barcelona Noticias\",\"@id\":\"https:\\\/\\\/www.fcbarcelonanoticias.com\\\/en\\\/#\\\/schema\\\/person\\\/0f2810101d27606974cdb8edb54fa54b\"},\"headline\":\"Lamine, Olmo, Ferm\u00edn, Gavi, and Pedri: the injuries with Spain that outrage Bar\u00e7a\",\"datePublished\":\"2025-10-12T18:43:00+00:00\",\"dateModified\":\"2026-04-06T18:28:48+00:00\",\"mainEntityOfPage\":{\"@id\":\"https:\\\/\\\/www.fcbarcelonanoticias.com\\\/en\\\/fc-barcelona\\\/barca-injuries-to-lamine-olmo-gavi-pedri-and-fermin_315008_102.html\"},\"wordCount\":801,\"image\":{\"@id\":\"https:\\\/\\\/www.fcbarcelonanoticias.com\\\/en\\\/fc-barcelona\\\/barca-injuries-to-lamine-olmo-gavi-pedri-and-fermin_315008_102.html#primaryimage\"},\"thumbnailUrl\":\"https:\\\/\\\/www.fcbarcelonanoticias.com\\\/en\\\/wp-content\\\/uploads\\\/sites\\\/2\\\/2025\\\/10\\\/jugadores-fc-barcelona-lesionados-con-seleccio-n-espan-ola.webp\",\"keywords\":[\"Dani Olmo\",\"Ferm\u00edn L\u00f3pez\",\"Gavi\",\"injured\",\"Lamine Yamal\",\"National Teams\",\"Pedri\"],\"articleSection\":[\"Dani Olmo\",\"FC Barcelona\",\"Ferm\u00edn L\u00f3pez\",\"Gavi\"],\"inLanguage\":\"en-US\"},{\"@type\":\"WebPage\",\"@id\":\"https:\\\/\\\/www.fcbarcelonanoticias.com\\\/en\\\/fc-barcelona\\\/barca-injuries-to-lamine-olmo-gavi-pedri-and-fermin_315008_102.html\",\"url\":\"https:\\\/\\\/www.fcbarcelonanoticias.com\\\/en\\\/fc-barcelona\\\/barca-injuries-to-lamine-olmo-gavi-pedri-and-fermin_315008_102.html\",\"name\":\"Bar\u00e7a: Injuries to Lamine, Olmo, Gavi, Pedri and Ferm\u00edn\",\"isPartOf\":{\"@id\":\"https:\\\/\\\/www.fcbarcelonanoticias.com\\\/en\\\/#website\"},\"primaryImageOfPage\":{\"@id\":\"https:\\\/\\\/www.fcbarcelonanoticias.com\\\/en\\\/fc-barcelona\\\/barca-injuries-to-lamine-olmo-gavi-pedri-and-fermin_315008_102.html#primaryimage\"},\"image\":{\"@id\":\"https:\\\/\\\/www.fcbarcelonanoticias.com\\\/en\\\/fc-barcelona\\\/barca-injuries-to-lamine-olmo-gavi-pedri-and-fermin_315008_102.html#primaryimage\"},\"thumbnailUrl\":\"https:\\\/\\\/www.fcbarcelonanoticias.com\\\/en\\\/wp-content\\\/uploads\\\/sites\\\/2\\\/2025\\\/10\\\/jugadores-fc-barcelona-lesionados-con-seleccio-n-espan-ola.webp\",\"datePublished\":\"2025-10-12T18:43:00+00:00\",\"dateModified\":\"2026-04-06T18:28:48+00:00\",\"author\":{\"@id\":\"https:\\\/\\\/www.fcbarcelonanoticias.com\\\/en\\\/#\\\/schema\\\/person\\\/0f2810101d27606974cdb8edb54fa54b\"},\"description\":\"Bar\u00e7a, concerned about injuries with Spain: Olmo, Gavi, Lamine, Pedri, and Ferm\u00edn have fallen with La Roja. Discover all the cases and their impact.\",\"breadcrumb\":{\"@id\":\"https:\\\/\\\/www.fcbarcelonanoticias.com\\\/en\\\/fc-barcelona\\\/barca-injuries-to-lamine-olmo-gavi-pedri-and-fermin_315008_102.html#breadcrumb\"},\"inLanguage\":\"en-US\",\"potentialAction\":[{\"@type\":\"ReadAction\",\"target\":[\"https:\\\/\\\/www.fcbarcelonanoticias.com\\\/en\\\/fc-barcelona\\\/barca-injuries-to-lamine-olmo-gavi-pedri-and-fermin_315008_102.html\"]}]},{\"@type\":\"ImageObject\",\"inLanguage\":\"en-US\",\"@id\":\"https:\\\/\\\/www.fcbarcelonanoticias.com\\\/en\\\/fc-barcelona\\\/barca-injuries-to-lamine-olmo-gavi-pedri-and-fermin_315008_102.html#primaryimage\",\"url\":\"https:\\\/\\\/www.fcbarcelonanoticias.com\\\/en\\\/wp-content\\\/uploads\\\/sites\\\/2\\\/2025\\\/10\\\/jugadores-fc-barcelona-lesionados-con-seleccio-n-espan-ola.webp\",\"contentUrl\":\"https:\\\/\\\/www.fcbarcelonanoticias.com\\\/en\\\/wp-content\\\/uploads\\\/sites\\\/2\\\/2025\\\/10\\\/jugadores-fc-barcelona-lesionados-con-seleccio-n-espan-ola.webp\",\"width\":1200,\"height\":675},{\"@type\":\"BreadcrumbList\",\"@id\":\"https:\\\/\\\/www.fcbarcelonanoticias.com\\\/en\\\/fc-barcelona\\\/barca-injuries-to-lamine-olmo-gavi-pedri-and-fermin_315008_102.html#breadcrumb\",\"itemListElement\":[{\"@type\":\"ListItem\",\"position\":1,\"name\":\"Portada\",\"item\":\"https:\\\/\\\/www.fcbarcelonanoticias.com\\\/en\\\/\"},{\"@type\":\"ListItem\",\"position\":2,\"name\":\"Lamine, Olmo, Ferm\u00edn, Gavi, and Pedri: the injuries with Spain that outrage Bar\u00e7a\"}]},{\"@type\":\"WebSite\",\"@id\":\"https:\\\/\\\/www.fcbarcelonanoticias.com\\\/en\\\/#website\",\"url\":\"https:\\\/\\\/www.fcbarcelonanoticias.com\\\/en\\\/\",\"name\":\"EN - FC Barcelona Noticias\",\"description\":\"\",\"potentialAction\":[{\"@type\":\"SearchAction\",\"target\":{\"@type\":\"EntryPoint\",\"urlTemplate\":\"https:\\\/\\\/www.fcbarcelonanoticias.com\\\/en\\\/?s={search_term_string}\"},\"query-input\":{\"@type\":\"PropertyValueSpecification\",\"valueRequired\":true,\"valueName\":\"search_term_string\"}}],\"inLanguage\":\"en-US\"},{\"@type\":\"Person\",\"@id\":\"https:\\\/\\\/www.fcbarcelonanoticias.com\\\/en\\\/#\\\/schema\\\/person\\\/0f2810101d27606974cdb8edb54fa54b\",\"name\":\"FC Barcelona Noticias\",\"image\":{\"@type\":\"ImageObject\",\"inLanguage\":\"en-US\",\"@id\":\"https:\\\/\\\/secure.gravatar.com\\\/avatar\\\/?s=96&d=mm&r=g\",\"url\":\"https:\\\/\\\/secure.gravatar.com\\\/avatar\\\/?s=96&d=mm&r=g\",\"contentUrl\":\"https:\\\/\\\/secure.gravatar.com\\\/avatar\\\/?s=96&d=mm&r=g\",\"caption\":\"FC Barcelona Noticias\"},\"url\":\"https:\\\/\\\/www.fcbarcelonanoticias.com\\\/en\\\/fc-barcelona\\\/fcbn-writing-fc-barcelona-news_6_115.html\"}]}<\/script>\n<!-- \/ Yoast SEO plugin. -->","yoast_head_json":{"title":"Bar\u00e7a: Injuries to Lamine, Olmo, Gavi, Pedri and Ferm\u00edn","description":"Bar\u00e7a, concerned about injuries with Spain: Olmo, Gavi, Lamine, Pedri, and Ferm\u00edn have fallen with La Roja. Discover all the cases and their impact.","robots":{"index":"index","follow":"follow","max-snippet":"max-snippet:-1","max-image-preview":"max-image-preview:large","max-video-preview":"max-video-preview:-1"},"canonical":"https:\/\/www.fcbarcelonanoticias.com\/en\/fc-barcelona\/barca-injuries-to-lamine-olmo-gavi-pedri-and-fermin_315008_102.html","og_locale":"en_US","og_type":"article","og_title":"Bar\u00e7a: Injuries to Lamine, Olmo, Gavi, Pedri and Ferm\u00edn","og_description":"Bar\u00e7a, concerned about injuries with Spain: Olmo, Gavi, Lamine, Pedri, and Ferm\u00edn have fallen with La Roja. Discover all the cases and their impact.","og_url":"https:\/\/www.fcbarcelonanoticias.com\/en\/fc-barcelona\/barca-injuries-to-lamine-olmo-gavi-pedri-and-fermin_315008_102.html","og_site_name":"EN - FC Barcelona Noticias","article_published_time":"2025-10-12T18:43:00+00:00","article_modified_time":"2026-04-06T18:28:48+00:00","og_image":[{"width":1200,"height":675,"url":"https:\/\/www.fcbarcelonanoticias.com\/en\/wp-content\/uploads\/sites\/2\/2025\/10\/jugadores-fc-barcelona-lesionados-con-seleccio-n-espan-ola.webp","type":"image\/webp"}],"author":"FC Barcelona Noticias","twitter_card":"summary_large_image","twitter_misc":{"Written by":"FC Barcelona Noticias","Est. reading time":"4 minutes"},"schema":{"@context":"https:\/\/schema.org","@graph":[{"@type":"Article","@id":"https:\/\/www.fcbarcelonanoticias.com\/en\/fc-barcelona\/barca-injuries-to-lamine-olmo-gavi-pedri-and-fermin_315008_102.html#article","isPartOf":{"@id":"https:\/\/www.fcbarcelonanoticias.com\/en\/fc-barcelona\/barca-injuries-to-lamine-olmo-gavi-pedri-and-fermin_315008_102.html"},"author":{"name":"FC Barcelona Noticias","@id":"https:\/\/www.fcbarcelonanoticias.com\/en\/#\/schema\/person\/0f2810101d27606974cdb8edb54fa54b"},"headline":"Lamine, Olmo, Ferm\u00edn, Gavi, and Pedri: the injuries with Spain that outrage Bar\u00e7a","datePublished":"2025-10-12T18:43:00+00:00","dateModified":"2026-04-06T18:28:48+00:00","mainEntityOfPage":{"@id":"https:\/\/www.fcbarcelonanoticias.com\/en\/fc-barcelona\/barca-injuries-to-lamine-olmo-gavi-pedri-and-fermin_315008_102.html"},"wordCount":801,"image":{"@id":"https:\/\/www.fcbarcelonanoticias.com\/en\/fc-barcelona\/barca-injuries-to-lamine-olmo-gavi-pedri-and-fermin_315008_102.html#primaryimage"},"thumbnailUrl":"https:\/\/www.fcbarcelonanoticias.com\/en\/wp-content\/uploads\/sites\/2\/2025\/10\/jugadores-fc-barcelona-lesionados-con-seleccio-n-espan-ola.webp","keywords":["Dani Olmo","Ferm\u00edn L\u00f3pez","Gavi","injured","Lamine Yamal","National Teams","Pedri"],"articleSection":["Dani Olmo","FC Barcelona","Ferm\u00edn L\u00f3pez","Gavi"],"inLanguage":"en-US"},{"@type":"WebPage","@id":"https:\/\/www.fcbarcelonanoticias.com\/en\/fc-barcelona\/barca-injuries-to-lamine-olmo-gavi-pedri-and-fermin_315008_102.html","url":"https:\/\/www.fcbarcelonanoticias.com\/en\/fc-barcelona\/barca-injuries-to-lamine-olmo-gavi-pedri-and-fermin_315008_102.html","name":"Bar\u00e7a: Injuries to Lamine, Olmo, Gavi, Pedri and Ferm\u00edn","isPartOf":{"@id":"https:\/\/www.fcbarcelonanoticias.com\/en\/#website"},"primaryImageOfPage":{"@id":"https:\/\/www.fcbarcelonanoticias.com\/en\/fc-barcelona\/barca-injuries-to-lamine-olmo-gavi-pedri-and-fermin_315008_102.html#primaryimage"},"image":{"@id":"https:\/\/www.fcbarcelonanoticias.com\/en\/fc-barcelona\/barca-injuries-to-lamine-olmo-gavi-pedri-and-fermin_315008_102.html#primaryimage"},"thumbnailUrl":"https:\/\/www.fcbarcelonanoticias.com\/en\/wp-content\/uploads\/sites\/2\/2025\/10\/jugadores-fc-barcelona-lesionados-con-seleccio-n-espan-ola.webp","datePublished":"2025-10-12T18:43:00+00:00","dateModified":"2026-04-06T18:28:48+00:00","author":{"@id":"https:\/\/www.fcbarcelonanoticias.com\/en\/#\/schema\/person\/0f2810101d27606974cdb8edb54fa54b"},"description":"Bar\u00e7a, concerned about injuries with Spain: Olmo, Gavi, Lamine, Pedri, and Ferm\u00edn have fallen with La Roja. Discover all the cases and their impact.","breadcrumb":{"@id":"https:\/\/www.fcbarcelonanoticias.com\/en\/fc-barcelona\/barca-injuries-to-lamine-olmo-gavi-pedri-and-fermin_315008_102.html#breadcrumb"},"inLanguage":"en-US","potentialAction":[{"@type":"ReadAction","target":["https:\/\/www.fcbarcelonanoticias.com\/en\/fc-barcelona\/barca-injuries-to-lamine-olmo-gavi-pedri-and-fermin_315008_102.html"]}]},{"@type":"ImageObject","inLanguage":"en-US","@id":"https:\/\/www.fcbarcelonanoticias.com\/en\/fc-barcelona\/barca-injuries-to-lamine-olmo-gavi-pedri-and-fermin_315008_102.html#primaryimage","url":"https:\/\/www.fcbarcelonanoticias.com\/en\/wp-content\/uploads\/sites\/2\/2025\/10\/jugadores-fc-barcelona-lesionados-con-seleccio-n-espan-ola.webp","contentUrl":"https:\/\/www.fcbarcelonanoticias.com\/en\/wp-content\/uploads\/sites\/2\/2025\/10\/jugadores-fc-barcelona-lesionados-con-seleccio-n-espan-ola.webp","width":1200,"height":675},{"@type":"BreadcrumbList","@id":"https:\/\/www.fcbarcelonanoticias.com\/en\/fc-barcelona\/barca-injuries-to-lamine-olmo-gavi-pedri-and-fermin_315008_102.html#breadcrumb","itemListElement":[{"@type":"ListItem","position":1,"name":"Portada","item":"https:\/\/www.fcbarcelonanoticias.com\/en\/"},{"@type":"ListItem","position":2,"name":"Lamine, Olmo, Ferm\u00edn, Gavi, and Pedri: the injuries with Spain that outrage Bar\u00e7a"}]},{"@type":"WebSite","@id":"https:\/\/www.fcbarcelonanoticias.com\/en\/#website","url":"https:\/\/www.fcbarcelonanoticias.com\/en\/","name":"EN - FC Barcelona Noticias","description":"","potentialAction":[{"@type":"SearchAction","target":{"@type":"EntryPoint","urlTemplate":"https:\/\/www.fcbarcelonanoticias.com\/en\/?s={search_term_string}"},"query-input":{"@type":"PropertyValueSpecification","valueRequired":true,"valueName":"search_term_string"}}],"inLanguage":"en-US"},{"@type":"Person","@id":"https:\/\/www.fcbarcelonanoticias.com\/en\/#\/schema\/person\/0f2810101d27606974cdb8edb54fa54b","name":"FC Barcelona Noticias","image":{"@type":"ImageObject","inLanguage":"en-US","@id":"https:\/\/secure.gravatar.com\/avatar\/?s=96&d=mm&r=g","url":"https:\/\/secure.gravatar.com\/avatar\/?s=96&d=mm&r=g","contentUrl":"https:\/\/secure.gravatar.com\/avatar\/?s=96&d=mm&r=g","caption":"FC Barcelona Noticias"},"url":"https:\/\/www.fcbarcelonanoticias.com\/en\/fc-barcelona\/fcbn-writing-fc-barcelona-news_6_115.html"}]}},"_links":{"self":[{"href":"https:\/\/www.fcbarcelonanoticias.com\/en\/wp-json\/wp\/v2\/posts\/14310","targetHints":{"allow":["GET"]}}],"collection":[{"href":"https:\/\/www.fcbarcelonanoticias.com\/en\/wp-json\/wp\/v2\/posts"}],"about":[{"href":"https:\/\/www.fcbarcelonanoticias.com\/en\/wp-json\/wp\/v2\/types\/post"}],"author":[{"embeddable":true,"href":"https:\/\/www.fcbarcelonanoticias.com\/en\/wp-json\/wp\/v2\/users\/353"}],"replies":[{"embeddable":true,"href":"https:\/\/www.fcbarcelonanoticias.com\/en\/wp-json\/wp\/v2\/comments?post=14310"}],"version-history":[{"count":1,"href":"https:\/\/www.fcbarcelonanoticias.com\/en\/wp-json\/wp\/v2\/posts\/14310\/revisions"}],"predecessor-version":[{"id":102319,"href":"https:\/\/www.fcbarcelonanoticias.com\/en\/wp-json\/wp\/v2\/posts\/14310\/revisions\/102319"}],"wp:featuredmedia":[{"embeddable":true,"href":"https:\/\/www.fcbarcelonanoticias.com\/en\/wp-json\/wp\/v2\/media\/14311"}],"wp:attachment":[{"href":"https:\/\/www.fcbarcelonanoticias.com\/en\/wp-json\/wp\/v2\/media?parent=14310"}],"wp:term":[{"taxonomy":"category","embeddable":true,"href":"https:\/\/www.fcbarcelonanoticias.com\/en\/wp-json\/wp\/v2\/categories?post=14310"},{"taxonomy":"post_tag","embeddable":true,"href":"https:\/\/www.fcbarcelonanoticias.com\/en\/wp-json\/wp\/v2\/tags?post=14310"}],"curies":[{"name":"wp","href":"https:\/\/api.w.org\/{rel}","templated":true}]}}