{"id":143124,"date":"2024-09-16T17:48:00","date_gmt":"2024-09-16T15:48:00","guid":{"rendered":"https:\/\/weisetech.dev\/fc-barcelona-noticias\/en\/the-significant-amount-that-betis-would-have-to-pay-barca-to-sign-vitor-roque_307310_102\/"},"modified":"2026-04-16T09:28:33","modified_gmt":"2026-04-16T07:28:33","slug":"the-significant-amount-that-betis-would-have-to-pay-barca-to-sign-vitor-roque_307310_102","status":"publish","type":"post","link":"https:\/\/www.fcbarcelonanoticias.com\/en\/transfers\/the-significant-amount-that-betis-would-have-to-pay-barca-to-sign-vitor-roque_307310_102.html","title":{"rendered":"The significant amount that Betis would have to pay Bar\u00e7a to sign Vitor Roque"},"content":{"rendered":"<h2 class=\"wp-block-heading\">Betis can acquire the services of Vitor Roque permanently at the end of the season. The Brazilian&#8217;s loan expires on June 30, 2025, but the Andalusians have a purchase option that would be around 25 million euros<\/h2>  \r\n<div class=\"article-addons\">\r\n    <a href=\"https:\/\/www.fcbarcelonanoticias.com\/en\/calendar-fc-barcelona.html\"\r\n       target=\"_self\"\r\n       title=\"Calendar of FC Barcelona\"\r\n       class=\"blue-gredient-btn\">\r\n       \r\n        Calendar of FC Barcelona    <\/a>\r\n<\/div>   <p><strong>Vitor Roque<\/strong> is experiencing a kind of &#8216;rebirth&#8217; at <strong>Real Betis<\/strong>. The Brazilian, who went through an &#8216;ordeal&#8217; at <strong>FC Barcelona<\/strong> during the last stretch of last season, landed on the right foot at the <strong>Benito Villamar\u00edn<\/strong>, the stadium where he already made his debut as a goalscorer last weekend. The footballer sealed the victory of the Verdiblancos against <strong>Legan\u00e9s<\/strong>, scoring the second goal that sealed the match and confirmed his good form.<\/p>  <div class=\"cke-element cke-element--102\"><section class=\"c-related-article\"><figure class=\"c-image__fig\"><a href=\"https:\/\/www.fcbarcelonanoticias.com\/laliga\/vitor-roque-se-estrena-como-goleador-en-real-betis_307265_102.html\" title=\"Vitor Roque celebrando\" class=\"c-image__imglink\"><picture><img decoding=\"async\" src=\"https:\/\/www.fcbarcelonanoticias.com\/wp-content\/uploads\/sites\/2\/2024\/09\/fcbn-f491934ba0c72921aa88de376ec083f1.jpeg\" alt=\"Vitor Roque celebrando\" title=\"Vitor Roque celebrando\" class=\"c-image__img\" width=\"1250\" height=\"730\" loading=\"lazy\"><\/picture><\/a>     <\/figure><div class=\"c-related-article__wrapper\">         <p class=\"c-related-article__avantitle\">Related<\/p>         <h4 class=\"c-related-article__title\">             <a href=\"https:\/\/www.fcbarcelonanoticias.com\/laliga\/vitor-roque-se-estrena-como-goleador-en-real-betis_307265_102.html\" title=\"Vitor Roque scores his first goal for Real Betis!\" class=\"c-related-article__link\">                 Vitor Roque scores his first goal for Real Betis!             <\/a>         <\/h4>     <\/div> <\/section><\/div>  <p>The Andalusians&#8217; bet on &#8216;<strong>Tigrinho<\/strong>&#8216; is beginning to bear fruit, and if he maintains the expected projection, they could acquire his services permanently. This was revealed by <strong>\u00c1ngel Haro<\/strong>, president of the club, and <strong>Manu Fajardo<\/strong>, sporting director, at the press conference to present Roque, where they assured that the loan agreement for the forward includes an option to buy at the end of the season.<\/p>  <blockquote> <p>&#8220;Betis has an option to buy Vitor. The most important thing is that the boy is as we see him, happy, that he also develops as a person, because sometimes we think of players only as goals. And when the summer comes we will see the circumstances, but it is true that we have an option to buy&#8221;<\/p> <\/blockquote>  <p>In addition, they revealed that the Blaugrana entity <strong>did not keep a buy-back clause for the future<\/strong>, so the Betis team has an exclusive advantage if they want to acquire the permanent services of the South American scorer.<\/p>  <h2>The conditions of the Vitor Roque agreement<\/h2>  <p>According to &#8216;Estadio Deportivo&#8217;, the offices of the Seville institution should pay a figure of around <strong>25 million euros<\/strong> to acquire 80% of the rights of the player. An amount that would allow <strong>Bar\u00e7a <\/strong>to recover the investment of 30 million fixed that it deposited with <strong>Athletico Paranaense<\/strong> in case <strong>Betis <\/strong>decides to transfer <strong>Vitor <\/strong>in the future.<\/p>  <p>As things stand, it is clear that the Blaugranas had to lower their demands in order to get rid of one of their main discards for the current campaign. The Catalans intended to immediately recover the investment made in the last winter market for the striker, asking for an approximate price of 40 &#8216;millions&#8217; for his sale. However, they finally agreed to loan him to the Verdiblancos, understanding that <strong>LaLiga <\/strong>and <strong>Pellegrini&#8217;s<\/strong> project could be an ideal context for <strong>Roque <\/strong>to continue his development in Spain, which was the player&#8217;s main desire.<\/p> ","protected":false},"excerpt":{"rendered":"<p>Betis can acquire the services of Vitor Roque permanently at the end of the season. The Brazilian&#8217;s loan expires on June 30, 2025, but the Andalusians have a purchase option that would be around 25 million euros Vitor Roque is experiencing a kind of &#8216;rebirth&#8217; at Real Betis. The Brazilian, who went through an &#8216;ordeal&#8217; [&hellip;]<\/p>\n","protected":false},"author":358,"featured_media":143127,"comment_status":"closed","ping_status":"open","sticky":false,"template":"","format":"standard","meta":{"_acf_changed":false,"inline_featured_image":false,"_nextfly_llmd_date_locked":false,"footnotes":""},"categories":[449,106],"tags":[63,327],"class_list":["post-143124","post","type-post","status-publish","format-standard","has-post-thumbnail","hentry","category-transfers-2","category-transfers","tag-real-betis","tag-vitor-roque"],"acf":[],"yoast_head":"<!-- This site is optimized with the Yoast SEO plugin v27.3 - https:\/\/yoast.com\/product\/yoast-seo-wordpress\/ -->\n<title>The significant amount that Betis would have to pay Bar\u00e7a to sign Vitor Roque<\/title>\n<meta name=\"description\" content=\"Betis can acquire the services of Vitor Roque permanently at the end of the season. The Brazilian&#039;s loan expires on June 30, 2025, but the Andalusians have a purchase option that would be around 25 million euros\" \/>\n<meta name=\"robots\" content=\"index, follow, max-snippet:-1, max-image-preview:large, max-video-preview:-1\" \/>\n<link rel=\"canonical\" href=\"https:\/\/www.fcbarcelonanoticias.com\/en\/transfers\/the-significant-amount-that-betis-would-have-to-pay-barca-to-sign-vitor-roque_307310_102.html\" \/>\n<meta property=\"og:locale\" content=\"en_US\" \/>\n<meta property=\"og:type\" content=\"article\" \/>\n<meta property=\"og:title\" content=\"The significant amount that Betis would have to pay Bar\u00e7a to sign Vitor Roque\" \/>\n<meta property=\"og:description\" content=\"Betis can acquire the services of Vitor Roque permanently at the end of the season. The Brazilian&#039;s loan expires on June 30, 2025, but the Andalusians have a purchase option that would be around 25 million euros\" \/>\n<meta property=\"og:url\" content=\"https:\/\/www.fcbarcelonanoticias.com\/en\/transfers\/the-significant-amount-that-betis-would-have-to-pay-barca-to-sign-vitor-roque_307310_102.html\" \/>\n<meta property=\"og:site_name\" content=\"EN - FC Barcelona Noticias\" \/>\n<meta property=\"article:published_time\" content=\"2024-09-16T15:48:00+00:00\" \/>\n<meta property=\"article:modified_time\" content=\"2026-04-16T07:28:33+00:00\" \/>\n<meta property=\"og:image\" content=\"https:\/\/www.fcbarcelonanoticias.com\/en\/wp-content\/uploads\/sites\/2\/2024\/09\/vitor-roque-celebrando-2.jpeg\" \/>\n\t<meta property=\"og:image:width\" content=\"1250\" \/>\n\t<meta property=\"og:image:height\" content=\"730\" \/>\n\t<meta property=\"og:image:type\" content=\"image\/jpeg\" \/>\n<meta name=\"author\" content=\"Juan Pablo Berdugo\" \/>\n<meta name=\"twitter:card\" content=\"summary_large_image\" \/>\n<meta name=\"twitter:label1\" content=\"Written by\" \/>\n\t<meta name=\"twitter:data1\" content=\"Juan Pablo Berdugo\" \/>\n\t<meta name=\"twitter:label2\" content=\"Est. reading time\" \/>\n\t<meta name=\"twitter:data2\" content=\"2 minutes\" \/>\n<script type=\"application\/ld+json\" class=\"yoast-schema-graph\">{\"@context\":\"https:\\\/\\\/schema.org\",\"@graph\":[{\"@type\":\"Article\",\"@id\":\"https:\\\/\\\/www.fcbarcelonanoticias.com\\\/en\\\/transfers\\\/the-significant-amount-that-betis-would-have-to-pay-barca-to-sign-vitor-roque_307310_102.html#article\",\"isPartOf\":{\"@id\":\"https:\\\/\\\/www.fcbarcelonanoticias.com\\\/en\\\/transfers\\\/the-significant-amount-that-betis-would-have-to-pay-barca-to-sign-vitor-roque_307310_102.html\"},\"author\":{\"name\":\"Juan Pablo Berdugo\",\"@id\":\"https:\\\/\\\/www.fcbarcelonanoticias.com\\\/en\\\/#\\\/schema\\\/person\\\/88d756918a0a1ae9fa593b5edddd1815\"},\"headline\":\"The significant amount that Betis would have to pay Bar\u00e7a to sign Vitor Roque\",\"datePublished\":\"2024-09-16T15:48:00+00:00\",\"dateModified\":\"2026-04-16T07:28:33+00:00\",\"mainEntityOfPage\":{\"@id\":\"https:\\\/\\\/www.fcbarcelonanoticias.com\\\/en\\\/transfers\\\/the-significant-amount-that-betis-would-have-to-pay-barca-to-sign-vitor-roque_307310_102.html\"},\"wordCount\":453,\"image\":{\"@id\":\"https:\\\/\\\/www.fcbarcelonanoticias.com\\\/en\\\/transfers\\\/the-significant-amount-that-betis-would-have-to-pay-barca-to-sign-vitor-roque_307310_102.html#primaryimage\"},\"thumbnailUrl\":\"https:\\\/\\\/www.fcbarcelonanoticias.com\\\/en\\\/wp-content\\\/uploads\\\/sites\\\/2\\\/2024\\\/09\\\/vitor-roque-celebrando-2.jpeg\",\"keywords\":[\"Real Betis\",\"Vitor Roque\"],\"articleSection\":[\"Transfers\",\"Transfers\"],\"inLanguage\":\"en-US\"},{\"@type\":\"WebPage\",\"@id\":\"https:\\\/\\\/www.fcbarcelonanoticias.com\\\/en\\\/transfers\\\/the-significant-amount-that-betis-would-have-to-pay-barca-to-sign-vitor-roque_307310_102.html\",\"url\":\"https:\\\/\\\/www.fcbarcelonanoticias.com\\\/en\\\/transfers\\\/the-significant-amount-that-betis-would-have-to-pay-barca-to-sign-vitor-roque_307310_102.html\",\"name\":\"The significant amount that Betis would have to pay Bar\u00e7a to sign Vitor Roque\",\"isPartOf\":{\"@id\":\"https:\\\/\\\/www.fcbarcelonanoticias.com\\\/en\\\/#website\"},\"primaryImageOfPage\":{\"@id\":\"https:\\\/\\\/www.fcbarcelonanoticias.com\\\/en\\\/transfers\\\/the-significant-amount-that-betis-would-have-to-pay-barca-to-sign-vitor-roque_307310_102.html#primaryimage\"},\"image\":{\"@id\":\"https:\\\/\\\/www.fcbarcelonanoticias.com\\\/en\\\/transfers\\\/the-significant-amount-that-betis-would-have-to-pay-barca-to-sign-vitor-roque_307310_102.html#primaryimage\"},\"thumbnailUrl\":\"https:\\\/\\\/www.fcbarcelonanoticias.com\\\/en\\\/wp-content\\\/uploads\\\/sites\\\/2\\\/2024\\\/09\\\/vitor-roque-celebrando-2.jpeg\",\"datePublished\":\"2024-09-16T15:48:00+00:00\",\"dateModified\":\"2026-04-16T07:28:33+00:00\",\"author\":{\"@id\":\"https:\\\/\\\/www.fcbarcelonanoticias.com\\\/en\\\/#\\\/schema\\\/person\\\/88d756918a0a1ae9fa593b5edddd1815\"},\"description\":\"Betis can acquire the services of Vitor Roque permanently at the end of the season. The Brazilian's loan expires on June 30, 2025, but the Andalusians have a purchase option that would be around 25 million euros\",\"breadcrumb\":{\"@id\":\"https:\\\/\\\/www.fcbarcelonanoticias.com\\\/en\\\/transfers\\\/the-significant-amount-that-betis-would-have-to-pay-barca-to-sign-vitor-roque_307310_102.html#breadcrumb\"},\"inLanguage\":\"en-US\",\"potentialAction\":[{\"@type\":\"ReadAction\",\"target\":[\"https:\\\/\\\/www.fcbarcelonanoticias.com\\\/en\\\/transfers\\\/the-significant-amount-that-betis-would-have-to-pay-barca-to-sign-vitor-roque_307310_102.html\"]}]},{\"@type\":\"ImageObject\",\"inLanguage\":\"en-US\",\"@id\":\"https:\\\/\\\/www.fcbarcelonanoticias.com\\\/en\\\/transfers\\\/the-significant-amount-that-betis-would-have-to-pay-barca-to-sign-vitor-roque_307310_102.html#primaryimage\",\"url\":\"https:\\\/\\\/www.fcbarcelonanoticias.com\\\/en\\\/wp-content\\\/uploads\\\/sites\\\/2\\\/2024\\\/09\\\/vitor-roque-celebrando-2.jpeg\",\"contentUrl\":\"https:\\\/\\\/www.fcbarcelonanoticias.com\\\/en\\\/wp-content\\\/uploads\\\/sites\\\/2\\\/2024\\\/09\\\/vitor-roque-celebrando-2.jpeg\",\"width\":1250,\"height\":730},{\"@type\":\"BreadcrumbList\",\"@id\":\"https:\\\/\\\/www.fcbarcelonanoticias.com\\\/en\\\/transfers\\\/the-significant-amount-that-betis-would-have-to-pay-barca-to-sign-vitor-roque_307310_102.html#breadcrumb\",\"itemListElement\":[{\"@type\":\"ListItem\",\"position\":1,\"name\":\"Portada\",\"item\":\"https:\\\/\\\/www.fcbarcelonanoticias.com\\\/en\\\/\"},{\"@type\":\"ListItem\",\"position\":2,\"name\":\"The significant amount that Betis would have to pay Bar\u00e7a to sign Vitor Roque\"}]},{\"@type\":\"WebSite\",\"@id\":\"https:\\\/\\\/www.fcbarcelonanoticias.com\\\/en\\\/#website\",\"url\":\"https:\\\/\\\/www.fcbarcelonanoticias.com\\\/en\\\/\",\"name\":\"EN - FC Barcelona Noticias\",\"description\":\"\",\"potentialAction\":[{\"@type\":\"SearchAction\",\"target\":{\"@type\":\"EntryPoint\",\"urlTemplate\":\"https:\\\/\\\/www.fcbarcelonanoticias.com\\\/en\\\/?s={search_term_string}\"},\"query-input\":{\"@type\":\"PropertyValueSpecification\",\"valueRequired\":true,\"valueName\":\"search_term_string\"}}],\"inLanguage\":\"en-US\"},{\"@type\":\"Person\",\"@id\":\"https:\\\/\\\/www.fcbarcelonanoticias.com\\\/en\\\/#\\\/schema\\\/person\\\/88d756918a0a1ae9fa593b5edddd1815\",\"name\":\"Juan Pablo Berdugo\",\"image\":{\"@type\":\"ImageObject\",\"inLanguage\":\"en-US\",\"@id\":\"https:\\\/\\\/secure.gravatar.com\\\/avatar\\\/?s=96&d=mm&r=g\",\"url\":\"https:\\\/\\\/secure.gravatar.com\\\/avatar\\\/?s=96&d=mm&r=g\",\"contentUrl\":\"https:\\\/\\\/secure.gravatar.com\\\/avatar\\\/?s=96&d=mm&r=g\",\"caption\":\"Juan Pablo Berdugo\"},\"description\":\"Juan Pablo Berdugo es graduado en Periodismo. Colabora con FCBN como especialista en informaci\u00f3n del primer equipo del FC Barcelona, f\u00fatbol internacional y mercado de fichajes. Destaca por su enfoque anal\u00edtico, su rigor informativo y su capacidad para detectar tendencias emergentes en el f\u00fatbol global.\",\"url\":\"https:\\\/\\\/www.fcbarcelonanoticias.com\\\/en\\\/fc-barcelona\\\/juan-pablo-berdugo_18_115.html\"}]}<\/script>\n<!-- \/ Yoast SEO plugin. -->","yoast_head_json":{"title":"The significant amount that Betis would have to pay Bar\u00e7a to sign Vitor Roque","description":"Betis can acquire the services of Vitor Roque permanently at the end of the season. The Brazilian's loan expires on June 30, 2025, but the Andalusians have a purchase option that would be around 25 million euros","robots":{"index":"index","follow":"follow","max-snippet":"max-snippet:-1","max-image-preview":"max-image-preview:large","max-video-preview":"max-video-preview:-1"},"canonical":"https:\/\/www.fcbarcelonanoticias.com\/en\/transfers\/the-significant-amount-that-betis-would-have-to-pay-barca-to-sign-vitor-roque_307310_102.html","og_locale":"en_US","og_type":"article","og_title":"The significant amount that Betis would have to pay Bar\u00e7a to sign Vitor Roque","og_description":"Betis can acquire the services of Vitor Roque permanently at the end of the season. The Brazilian's loan expires on June 30, 2025, but the Andalusians have a purchase option that would be around 25 million euros","og_url":"https:\/\/www.fcbarcelonanoticias.com\/en\/transfers\/the-significant-amount-that-betis-would-have-to-pay-barca-to-sign-vitor-roque_307310_102.html","og_site_name":"EN - FC Barcelona Noticias","article_published_time":"2024-09-16T15:48:00+00:00","article_modified_time":"2026-04-16T07:28:33+00:00","og_image":[{"width":1250,"height":730,"url":"https:\/\/www.fcbarcelonanoticias.com\/en\/wp-content\/uploads\/sites\/2\/2024\/09\/vitor-roque-celebrando-2.jpeg","type":"image\/jpeg"}],"author":"Juan Pablo Berdugo","twitter_card":"summary_large_image","twitter_misc":{"Written by":"Juan Pablo Berdugo","Est. reading time":"2 minutes"},"schema":{"@context":"https:\/\/schema.org","@graph":[{"@type":"Article","@id":"https:\/\/www.fcbarcelonanoticias.com\/en\/transfers\/the-significant-amount-that-betis-would-have-to-pay-barca-to-sign-vitor-roque_307310_102.html#article","isPartOf":{"@id":"https:\/\/www.fcbarcelonanoticias.com\/en\/transfers\/the-significant-amount-that-betis-would-have-to-pay-barca-to-sign-vitor-roque_307310_102.html"},"author":{"name":"Juan Pablo Berdugo","@id":"https:\/\/www.fcbarcelonanoticias.com\/en\/#\/schema\/person\/88d756918a0a1ae9fa593b5edddd1815"},"headline":"The significant amount that Betis would have to pay Bar\u00e7a to sign Vitor Roque","datePublished":"2024-09-16T15:48:00+00:00","dateModified":"2026-04-16T07:28:33+00:00","mainEntityOfPage":{"@id":"https:\/\/www.fcbarcelonanoticias.com\/en\/transfers\/the-significant-amount-that-betis-would-have-to-pay-barca-to-sign-vitor-roque_307310_102.html"},"wordCount":453,"image":{"@id":"https:\/\/www.fcbarcelonanoticias.com\/en\/transfers\/the-significant-amount-that-betis-would-have-to-pay-barca-to-sign-vitor-roque_307310_102.html#primaryimage"},"thumbnailUrl":"https:\/\/www.fcbarcelonanoticias.com\/en\/wp-content\/uploads\/sites\/2\/2024\/09\/vitor-roque-celebrando-2.jpeg","keywords":["Real Betis","Vitor Roque"],"articleSection":["Transfers","Transfers"],"inLanguage":"en-US"},{"@type":"WebPage","@id":"https:\/\/www.fcbarcelonanoticias.com\/en\/transfers\/the-significant-amount-that-betis-would-have-to-pay-barca-to-sign-vitor-roque_307310_102.html","url":"https:\/\/www.fcbarcelonanoticias.com\/en\/transfers\/the-significant-amount-that-betis-would-have-to-pay-barca-to-sign-vitor-roque_307310_102.html","name":"The significant amount that Betis would have to pay Bar\u00e7a to sign Vitor Roque","isPartOf":{"@id":"https:\/\/www.fcbarcelonanoticias.com\/en\/#website"},"primaryImageOfPage":{"@id":"https:\/\/www.fcbarcelonanoticias.com\/en\/transfers\/the-significant-amount-that-betis-would-have-to-pay-barca-to-sign-vitor-roque_307310_102.html#primaryimage"},"image":{"@id":"https:\/\/www.fcbarcelonanoticias.com\/en\/transfers\/the-significant-amount-that-betis-would-have-to-pay-barca-to-sign-vitor-roque_307310_102.html#primaryimage"},"thumbnailUrl":"https:\/\/www.fcbarcelonanoticias.com\/en\/wp-content\/uploads\/sites\/2\/2024\/09\/vitor-roque-celebrando-2.jpeg","datePublished":"2024-09-16T15:48:00+00:00","dateModified":"2026-04-16T07:28:33+00:00","author":{"@id":"https:\/\/www.fcbarcelonanoticias.com\/en\/#\/schema\/person\/88d756918a0a1ae9fa593b5edddd1815"},"description":"Betis can acquire the services of Vitor Roque permanently at the end of the season. The Brazilian's loan expires on June 30, 2025, but the Andalusians have a purchase option that would be around 25 million euros","breadcrumb":{"@id":"https:\/\/www.fcbarcelonanoticias.com\/en\/transfers\/the-significant-amount-that-betis-would-have-to-pay-barca-to-sign-vitor-roque_307310_102.html#breadcrumb"},"inLanguage":"en-US","potentialAction":[{"@type":"ReadAction","target":["https:\/\/www.fcbarcelonanoticias.com\/en\/transfers\/the-significant-amount-that-betis-would-have-to-pay-barca-to-sign-vitor-roque_307310_102.html"]}]},{"@type":"ImageObject","inLanguage":"en-US","@id":"https:\/\/www.fcbarcelonanoticias.com\/en\/transfers\/the-significant-amount-that-betis-would-have-to-pay-barca-to-sign-vitor-roque_307310_102.html#primaryimage","url":"https:\/\/www.fcbarcelonanoticias.com\/en\/wp-content\/uploads\/sites\/2\/2024\/09\/vitor-roque-celebrando-2.jpeg","contentUrl":"https:\/\/www.fcbarcelonanoticias.com\/en\/wp-content\/uploads\/sites\/2\/2024\/09\/vitor-roque-celebrando-2.jpeg","width":1250,"height":730},{"@type":"BreadcrumbList","@id":"https:\/\/www.fcbarcelonanoticias.com\/en\/transfers\/the-significant-amount-that-betis-would-have-to-pay-barca-to-sign-vitor-roque_307310_102.html#breadcrumb","itemListElement":[{"@type":"ListItem","position":1,"name":"Portada","item":"https:\/\/www.fcbarcelonanoticias.com\/en\/"},{"@type":"ListItem","position":2,"name":"The significant amount that Betis would have to pay Bar\u00e7a to sign Vitor Roque"}]},{"@type":"WebSite","@id":"https:\/\/www.fcbarcelonanoticias.com\/en\/#website","url":"https:\/\/www.fcbarcelonanoticias.com\/en\/","name":"EN - FC Barcelona Noticias","description":"","potentialAction":[{"@type":"SearchAction","target":{"@type":"EntryPoint","urlTemplate":"https:\/\/www.fcbarcelonanoticias.com\/en\/?s={search_term_string}"},"query-input":{"@type":"PropertyValueSpecification","valueRequired":true,"valueName":"search_term_string"}}],"inLanguage":"en-US"},{"@type":"Person","@id":"https:\/\/www.fcbarcelonanoticias.com\/en\/#\/schema\/person\/88d756918a0a1ae9fa593b5edddd1815","name":"Juan Pablo Berdugo","image":{"@type":"ImageObject","inLanguage":"en-US","@id":"https:\/\/secure.gravatar.com\/avatar\/?s=96&d=mm&r=g","url":"https:\/\/secure.gravatar.com\/avatar\/?s=96&d=mm&r=g","contentUrl":"https:\/\/secure.gravatar.com\/avatar\/?s=96&d=mm&r=g","caption":"Juan Pablo Berdugo"},"description":"Juan Pablo Berdugo es graduado en Periodismo. Colabora con FCBN como especialista en informaci\u00f3n del primer equipo del FC Barcelona, f\u00fatbol internacional y mercado de fichajes. Destaca por su enfoque anal\u00edtico, su rigor informativo y su capacidad para detectar tendencias emergentes en el f\u00fatbol global.","url":"https:\/\/www.fcbarcelonanoticias.com\/en\/fc-barcelona\/juan-pablo-berdugo_18_115.html"}]}},"_links":{"self":[{"href":"https:\/\/www.fcbarcelonanoticias.com\/en\/wp-json\/wp\/v2\/posts\/143124","targetHints":{"allow":["GET"]}}],"collection":[{"href":"https:\/\/www.fcbarcelonanoticias.com\/en\/wp-json\/wp\/v2\/posts"}],"about":[{"href":"https:\/\/www.fcbarcelonanoticias.com\/en\/wp-json\/wp\/v2\/types\/post"}],"author":[{"embeddable":true,"href":"https:\/\/www.fcbarcelonanoticias.com\/en\/wp-json\/wp\/v2\/users\/358"}],"replies":[{"embeddable":true,"href":"https:\/\/www.fcbarcelonanoticias.com\/en\/wp-json\/wp\/v2\/comments?post=143124"}],"version-history":[{"count":3,"href":"https:\/\/www.fcbarcelonanoticias.com\/en\/wp-json\/wp\/v2\/posts\/143124\/revisions"}],"predecessor-version":[{"id":174954,"href":"https:\/\/www.fcbarcelonanoticias.com\/en\/wp-json\/wp\/v2\/posts\/143124\/revisions\/174954"}],"wp:featuredmedia":[{"embeddable":true,"href":"https:\/\/www.fcbarcelonanoticias.com\/en\/wp-json\/wp\/v2\/media\/143127"}],"wp:attachment":[{"href":"https:\/\/www.fcbarcelonanoticias.com\/en\/wp-json\/wp\/v2\/media?parent=143124"}],"wp:term":[{"taxonomy":"category","embeddable":true,"href":"https:\/\/www.fcbarcelonanoticias.com\/en\/wp-json\/wp\/v2\/categories?post=143124"},{"taxonomy":"post_tag","embeddable":true,"href":"https:\/\/www.fcbarcelonanoticias.com\/en\/wp-json\/wp\/v2\/tags?post=143124"}],"curies":[{"name":"wp","href":"https:\/\/api.w.org\/{rel}","templated":true}]}}