{"id":143428,"date":"2024-08-24T11:44:00","date_gmt":"2024-08-24T09:44:00","guid":{"rendered":"https:\/\/weisetech.dev\/fc-barcelona-noticias\/en\/the-signing-that-christensen-injury-forces-him-to-make_306738_102\/"},"modified":"2024-08-24T12:16:00","modified_gmt":"2024-08-24T10:16:00","slug":"the-signing-that-christensen-injury-forces-him-to-make_306738_102","status":"publish","type":"post","link":"https:\/\/www.fcbarcelonanoticias.com\/en\/transfers\/the-signing-that-christensen-injury-forces-him-to-make_306738_102.html","title":{"rendered":"The signing that Christensen&#8217;s injury &#8216;forces&#8217; him to make"},"content":{"rendered":"<h2 class=\"wp-block-heading\">Andreas Christensen&#8217;s injury &#8216;forces&#8217; Bar\u00e7a to speed up their efforts to sign a right-back. Jules Kound\u00e9 could be a &#8216;patch&#8217; in the centre of defence, which is why the arrival of Joao Cancelo or Marc Pubill would become a priority for Flick<\/h2>  \r\n<div class=\"article-addons\">\r\n    <a href=\"https:\/\/www.fcbarcelonanoticias.com\/en\/calendar-fc-barcelona.html\"\r\n       target=\"_self\"\r\n       title=\"Calendar of FC Barcelona\"\r\n       class=\"blue-gredient-btn\">\r\n       \r\n        Calendar of FC Barcelona    <\/a>\r\n<\/div>   <p><a data-external=\"0\" data-intl-links-en=\"https:\/\/www.fcbarcelonanoticias.com\/en\/fc-barcelona\/blow-to-barca-planning-serious-injury-and-goodbye-to-possible-million-dollar-sale_306727_102.html\" data-intl-links-es=\"https:\/\/www.fcbarcelonanoticias.com\/fc-barcelona\/golpe-planificacion-barca-lesion-importante-adios-posible-venta-millonaria_306727_102.html\" href=\"https:\/\/www.fcbarcelonanoticias.com\/en\/fc-barcelona\/blow-to-barca-planning-serious-injury-and-goodbye-to-possible-million-dollar-sale_306727_102.html\" rel=\"follow\" target=\"_self\" title=\"'Blow' to Bar\u00e7a's planning! Serious injury and goodbye to a possible million-dollar sale\">Andreas Christensen&#8217;s injury has been a major blow to FC Barcelona&#8217;s planning<\/a>. The Dane will be sidelined for between one and two months, leaving the Catalans with no chance of cashing in on his transfer and weakening a defence that now only has three centre-backs. For this reason, <strong>the arrival of a right-back in Barcelona is beginning to gain momentum at the club, as it would allow Jules Kound\u00e9 to return to his natural position to cover for the &#8217;15&#8217;<\/strong>.<\/p>  <p>And the fact is that Hansi Flick is short of players in the centre of defence. <strong>Pau Cubars\u00ed, Eric Garc\u00eda and I\u00f1igo Mart\u00ednez are the only options that the Blaugrana coach has at the moment<\/strong>. With Saudi Arabia putting pressure on the Basque defender to sign him, fear is beginning to creep into the German&#8217;s body, who does not want to be left without one of his most reliable alternatives in the position in the absence of Christensen and Ara\u00fajo.<\/p>  <p>In this context, the newspaper &#8216;El Nacional.cat&#8217; has reported that the German has already informed the sports management of the need to find a reliable replacement for Jules Kound\u00e9, since, as of today, H\u00e9ctor Fort is the only right-back available in the squad and the youth player does not have the confidence of his coach. <strong>For this reason, the names of Marc Pubill and Joao Cancelo are beginning to gain ground in the Catalan offices<\/strong>.<\/p>  <p>Cancelo&#8217;s return has been one of the priorities of the Blaugrana entity this summer. The Portuguese convinced the club during his loan last season and Deco promised him that he would do everything possible to make his return to Barcelona a reality.<strong> However, the high demands of his operation, added to Al-Hilal&#8217;s insistence on signing him, have complicated his arrival<\/strong>. It is in this scenario that Pubill&#8217;s option has &#8216;burst in&#8217; as a &#8216;hidden&#8217; option for the position, since the great level shown in Almer\u00eda and at the Olympic Games has caught the attention of the cul\u00e9s, who see him as a very good &#8216;low cost&#8217; alternative.<\/p>  <h2>&#8216;Fair play&#8217;, the great obstacle<\/h2>  <p>Although the Catalan institution is aware of the importance of this reinforcement,<strong> the reality is that the club&#8217;s economic problems make the incorporation of one of these names very &#8216;uphill&#8217;<\/strong>. From the offices of Spotify Camp Nou they have put all their efforts into freeing up wages to be able to undertake the pending registrations and signings, but the operation has been delayed more than expected and, today, the landing of a right back would not be on the entity&#8217;s list of priorities.<\/p> ","protected":false},"excerpt":{"rendered":"<p>Andreas Christensen&#8217;s injury &#8216;forces&#8217; Bar\u00e7a to speed up their efforts to sign a right-back. Jules Kound\u00e9 could be a &#8216;patch&#8217; in the centre of defence, which is why the arrival of Joao Cancelo or Marc Pubill would become a priority for Flick Andreas Christensen&#8217;s injury has been a major blow to FC Barcelona&#8217;s planning. The [&hellip;]<\/p>\n","protected":false},"author":358,"featured_media":143430,"comment_status":"closed","ping_status":"open","sticky":false,"template":"","format":"standard","meta":{"_acf_changed":false,"inline_featured_image":false,"_nextfly_llmd_date_locked":false,"footnotes":""},"categories":[106,449],"tags":[196],"class_list":["post-143428","post","type-post","status-publish","format-standard","has-post-thumbnail","hentry","category-transfers","category-transfers-2","tag-joao-cancelo"],"acf":[],"yoast_head":"<!-- This site is optimized with the Yoast SEO plugin v27.3 - https:\/\/yoast.com\/product\/yoast-seo-wordpress\/ -->\n<title>The signing that Christensen&#039;s injury &#039;forces&#039; him to make<\/title>\n<meta name=\"description\" content=\"Andreas Christensen&#039;s injury &#039;forces&#039; Bar\u00e7a to speed up their efforts to sign a right-back. Jules Kound\u00e9 could be a &#039;patch&#039; in the centre of defence, which is why the arrival of Joao Cancelo or Marc Pubill would become a priority for Flick\" \/>\n<meta name=\"robots\" content=\"index, follow, max-snippet:-1, max-image-preview:large, max-video-preview:-1\" \/>\n<link rel=\"canonical\" href=\"https:\/\/www.fcbarcelonanoticias.com\/en\/transfers\/the-signing-that-christensen-injury-forces-him-to-make_306738_102.html\" \/>\n<meta property=\"og:locale\" content=\"en_US\" \/>\n<meta property=\"og:type\" content=\"article\" \/>\n<meta property=\"og:title\" content=\"The signing that Christensen&#039;s injury &#039;forces&#039; him to make\" \/>\n<meta property=\"og:description\" content=\"Andreas Christensen&#039;s injury &#039;forces&#039; Bar\u00e7a to speed up their efforts to sign a right-back. Jules Kound\u00e9 could be a &#039;patch&#039; in the centre of defence, which is why the arrival of Joao Cancelo or Marc Pubill would become a priority for Flick\" \/>\n<meta property=\"og:url\" content=\"https:\/\/www.fcbarcelonanoticias.com\/en\/transfers\/the-signing-that-christensen-injury-forces-him-to-make_306738_102.html\" \/>\n<meta property=\"og:site_name\" content=\"EN - FC Barcelona Noticias\" \/>\n<meta property=\"article:published_time\" content=\"2024-08-24T09:44:00+00:00\" \/>\n<meta property=\"article:modified_time\" content=\"2024-08-24T10:16:00+00:00\" \/>\n<meta property=\"og:image\" content=\"https:\/\/www.fcbarcelonanoticias.com\/en\/wp-content\/uploads\/sites\/2\/2024\/08\/joao-cancelo-y-andreas-christensen-con-el-barca.jpeg\" \/>\n\t<meta property=\"og:image:width\" content=\"1300\" \/>\n\t<meta property=\"og:image:height\" content=\"731\" \/>\n\t<meta property=\"og:image:type\" content=\"image\/jpeg\" \/>\n<meta name=\"author\" content=\"Juan Pablo Berdugo\" \/>\n<meta name=\"twitter:card\" content=\"summary_large_image\" \/>\n<meta name=\"twitter:label1\" content=\"Written by\" \/>\n\t<meta name=\"twitter:data1\" content=\"Juan Pablo Berdugo\" \/>\n\t<meta name=\"twitter:label2\" content=\"Est. reading time\" \/>\n\t<meta name=\"twitter:data2\" content=\"2 minutes\" \/>\n<script type=\"application\/ld+json\" class=\"yoast-schema-graph\">{\"@context\":\"https:\\\/\\\/schema.org\",\"@graph\":[{\"@type\":\"Article\",\"@id\":\"https:\\\/\\\/www.fcbarcelonanoticias.com\\\/en\\\/transfers\\\/the-signing-that-christensen-injury-forces-him-to-make_306738_102.html#article\",\"isPartOf\":{\"@id\":\"https:\\\/\\\/www.fcbarcelonanoticias.com\\\/en\\\/transfers\\\/the-signing-that-christensen-injury-forces-him-to-make_306738_102.html\"},\"author\":{\"name\":\"Juan Pablo Berdugo\",\"@id\":\"https:\\\/\\\/www.fcbarcelonanoticias.com\\\/en\\\/#\\\/schema\\\/person\\\/88d756918a0a1ae9fa593b5edddd1815\"},\"headline\":\"The signing that Christensen&#8217;s injury &#8216;forces&#8217; him to make\",\"datePublished\":\"2024-08-24T09:44:00+00:00\",\"dateModified\":\"2024-08-24T10:16:00+00:00\",\"mainEntityOfPage\":{\"@id\":\"https:\\\/\\\/www.fcbarcelonanoticias.com\\\/en\\\/transfers\\\/the-signing-that-christensen-injury-forces-him-to-make_306738_102.html\"},\"wordCount\":499,\"image\":{\"@id\":\"https:\\\/\\\/www.fcbarcelonanoticias.com\\\/en\\\/transfers\\\/the-signing-that-christensen-injury-forces-him-to-make_306738_102.html#primaryimage\"},\"thumbnailUrl\":\"https:\\\/\\\/www.fcbarcelonanoticias.com\\\/en\\\/wp-content\\\/uploads\\\/sites\\\/2\\\/2024\\\/08\\\/joao-cancelo-y-andreas-christensen-con-el-barca.jpeg\",\"keywords\":[\"Joao Cancelo\"],\"articleSection\":[\"Transfers\",\"Transfers\"],\"inLanguage\":\"en-US\"},{\"@type\":\"WebPage\",\"@id\":\"https:\\\/\\\/www.fcbarcelonanoticias.com\\\/en\\\/transfers\\\/the-signing-that-christensen-injury-forces-him-to-make_306738_102.html\",\"url\":\"https:\\\/\\\/www.fcbarcelonanoticias.com\\\/en\\\/transfers\\\/the-signing-that-christensen-injury-forces-him-to-make_306738_102.html\",\"name\":\"The signing that Christensen's injury 'forces' him to make\",\"isPartOf\":{\"@id\":\"https:\\\/\\\/www.fcbarcelonanoticias.com\\\/en\\\/#website\"},\"primaryImageOfPage\":{\"@id\":\"https:\\\/\\\/www.fcbarcelonanoticias.com\\\/en\\\/transfers\\\/the-signing-that-christensen-injury-forces-him-to-make_306738_102.html#primaryimage\"},\"image\":{\"@id\":\"https:\\\/\\\/www.fcbarcelonanoticias.com\\\/en\\\/transfers\\\/the-signing-that-christensen-injury-forces-him-to-make_306738_102.html#primaryimage\"},\"thumbnailUrl\":\"https:\\\/\\\/www.fcbarcelonanoticias.com\\\/en\\\/wp-content\\\/uploads\\\/sites\\\/2\\\/2024\\\/08\\\/joao-cancelo-y-andreas-christensen-con-el-barca.jpeg\",\"datePublished\":\"2024-08-24T09:44:00+00:00\",\"dateModified\":\"2024-08-24T10:16:00+00:00\",\"author\":{\"@id\":\"https:\\\/\\\/www.fcbarcelonanoticias.com\\\/en\\\/#\\\/schema\\\/person\\\/88d756918a0a1ae9fa593b5edddd1815\"},\"description\":\"Andreas Christensen's injury 'forces' Bar\u00e7a to speed up their efforts to sign a right-back. Jules Kound\u00e9 could be a 'patch' in the centre of defence, which is why the arrival of Joao Cancelo or Marc Pubill would become a priority for Flick\",\"breadcrumb\":{\"@id\":\"https:\\\/\\\/www.fcbarcelonanoticias.com\\\/en\\\/transfers\\\/the-signing-that-christensen-injury-forces-him-to-make_306738_102.html#breadcrumb\"},\"inLanguage\":\"en-US\",\"potentialAction\":[{\"@type\":\"ReadAction\",\"target\":[\"https:\\\/\\\/www.fcbarcelonanoticias.com\\\/en\\\/transfers\\\/the-signing-that-christensen-injury-forces-him-to-make_306738_102.html\"]}]},{\"@type\":\"ImageObject\",\"inLanguage\":\"en-US\",\"@id\":\"https:\\\/\\\/www.fcbarcelonanoticias.com\\\/en\\\/transfers\\\/the-signing-that-christensen-injury-forces-him-to-make_306738_102.html#primaryimage\",\"url\":\"https:\\\/\\\/www.fcbarcelonanoticias.com\\\/en\\\/wp-content\\\/uploads\\\/sites\\\/2\\\/2024\\\/08\\\/joao-cancelo-y-andreas-christensen-con-el-barca.jpeg\",\"contentUrl\":\"https:\\\/\\\/www.fcbarcelonanoticias.com\\\/en\\\/wp-content\\\/uploads\\\/sites\\\/2\\\/2024\\\/08\\\/joao-cancelo-y-andreas-christensen-con-el-barca.jpeg\",\"width\":1300,\"height\":731},{\"@type\":\"BreadcrumbList\",\"@id\":\"https:\\\/\\\/www.fcbarcelonanoticias.com\\\/en\\\/transfers\\\/the-signing-that-christensen-injury-forces-him-to-make_306738_102.html#breadcrumb\",\"itemListElement\":[{\"@type\":\"ListItem\",\"position\":1,\"name\":\"Portada\",\"item\":\"https:\\\/\\\/www.fcbarcelonanoticias.com\\\/en\\\/\"},{\"@type\":\"ListItem\",\"position\":2,\"name\":\"The signing that Christensen&#8217;s injury &#8216;forces&#8217; him to make\"}]},{\"@type\":\"WebSite\",\"@id\":\"https:\\\/\\\/www.fcbarcelonanoticias.com\\\/en\\\/#website\",\"url\":\"https:\\\/\\\/www.fcbarcelonanoticias.com\\\/en\\\/\",\"name\":\"EN - FC Barcelona Noticias\",\"description\":\"\",\"potentialAction\":[{\"@type\":\"SearchAction\",\"target\":{\"@type\":\"EntryPoint\",\"urlTemplate\":\"https:\\\/\\\/www.fcbarcelonanoticias.com\\\/en\\\/?s={search_term_string}\"},\"query-input\":{\"@type\":\"PropertyValueSpecification\",\"valueRequired\":true,\"valueName\":\"search_term_string\"}}],\"inLanguage\":\"en-US\"},{\"@type\":\"Person\",\"@id\":\"https:\\\/\\\/www.fcbarcelonanoticias.com\\\/en\\\/#\\\/schema\\\/person\\\/88d756918a0a1ae9fa593b5edddd1815\",\"name\":\"Juan Pablo Berdugo\",\"image\":{\"@type\":\"ImageObject\",\"inLanguage\":\"en-US\",\"@id\":\"https:\\\/\\\/secure.gravatar.com\\\/avatar\\\/?s=96&d=mm&r=g\",\"url\":\"https:\\\/\\\/secure.gravatar.com\\\/avatar\\\/?s=96&d=mm&r=g\",\"contentUrl\":\"https:\\\/\\\/secure.gravatar.com\\\/avatar\\\/?s=96&d=mm&r=g\",\"caption\":\"Juan Pablo Berdugo\"},\"description\":\"Juan Pablo Berdugo es graduado en Periodismo. Colabora con FCBN como especialista en informaci\u00f3n del primer equipo del FC Barcelona, f\u00fatbol internacional y mercado de fichajes. Destaca por su enfoque anal\u00edtico, su rigor informativo y su capacidad para detectar tendencias emergentes en el f\u00fatbol global.\",\"url\":\"https:\\\/\\\/www.fcbarcelonanoticias.com\\\/en\\\/fc-barcelona\\\/juan-pablo-berdugo_18_115.html\"}]}<\/script>\n<!-- \/ Yoast SEO plugin. -->","yoast_head_json":{"title":"The signing that Christensen's injury 'forces' him to make","description":"Andreas Christensen's injury 'forces' Bar\u00e7a to speed up their efforts to sign a right-back. Jules Kound\u00e9 could be a 'patch' in the centre of defence, which is why the arrival of Joao Cancelo or Marc Pubill would become a priority for Flick","robots":{"index":"index","follow":"follow","max-snippet":"max-snippet:-1","max-image-preview":"max-image-preview:large","max-video-preview":"max-video-preview:-1"},"canonical":"https:\/\/www.fcbarcelonanoticias.com\/en\/transfers\/the-signing-that-christensen-injury-forces-him-to-make_306738_102.html","og_locale":"en_US","og_type":"article","og_title":"The signing that Christensen's injury 'forces' him to make","og_description":"Andreas Christensen's injury 'forces' Bar\u00e7a to speed up their efforts to sign a right-back. Jules Kound\u00e9 could be a 'patch' in the centre of defence, which is why the arrival of Joao Cancelo or Marc Pubill would become a priority for Flick","og_url":"https:\/\/www.fcbarcelonanoticias.com\/en\/transfers\/the-signing-that-christensen-injury-forces-him-to-make_306738_102.html","og_site_name":"EN - FC Barcelona Noticias","article_published_time":"2024-08-24T09:44:00+00:00","article_modified_time":"2024-08-24T10:16:00+00:00","og_image":[{"width":1300,"height":731,"url":"https:\/\/www.fcbarcelonanoticias.com\/en\/wp-content\/uploads\/sites\/2\/2024\/08\/joao-cancelo-y-andreas-christensen-con-el-barca.jpeg","type":"image\/jpeg"}],"author":"Juan Pablo Berdugo","twitter_card":"summary_large_image","twitter_misc":{"Written by":"Juan Pablo Berdugo","Est. reading time":"2 minutes"},"schema":{"@context":"https:\/\/schema.org","@graph":[{"@type":"Article","@id":"https:\/\/www.fcbarcelonanoticias.com\/en\/transfers\/the-signing-that-christensen-injury-forces-him-to-make_306738_102.html#article","isPartOf":{"@id":"https:\/\/www.fcbarcelonanoticias.com\/en\/transfers\/the-signing-that-christensen-injury-forces-him-to-make_306738_102.html"},"author":{"name":"Juan Pablo Berdugo","@id":"https:\/\/www.fcbarcelonanoticias.com\/en\/#\/schema\/person\/88d756918a0a1ae9fa593b5edddd1815"},"headline":"The signing that Christensen&#8217;s injury &#8216;forces&#8217; him to make","datePublished":"2024-08-24T09:44:00+00:00","dateModified":"2024-08-24T10:16:00+00:00","mainEntityOfPage":{"@id":"https:\/\/www.fcbarcelonanoticias.com\/en\/transfers\/the-signing-that-christensen-injury-forces-him-to-make_306738_102.html"},"wordCount":499,"image":{"@id":"https:\/\/www.fcbarcelonanoticias.com\/en\/transfers\/the-signing-that-christensen-injury-forces-him-to-make_306738_102.html#primaryimage"},"thumbnailUrl":"https:\/\/www.fcbarcelonanoticias.com\/en\/wp-content\/uploads\/sites\/2\/2024\/08\/joao-cancelo-y-andreas-christensen-con-el-barca.jpeg","keywords":["Joao Cancelo"],"articleSection":["Transfers","Transfers"],"inLanguage":"en-US"},{"@type":"WebPage","@id":"https:\/\/www.fcbarcelonanoticias.com\/en\/transfers\/the-signing-that-christensen-injury-forces-him-to-make_306738_102.html","url":"https:\/\/www.fcbarcelonanoticias.com\/en\/transfers\/the-signing-that-christensen-injury-forces-him-to-make_306738_102.html","name":"The signing that Christensen's injury 'forces' him to make","isPartOf":{"@id":"https:\/\/www.fcbarcelonanoticias.com\/en\/#website"},"primaryImageOfPage":{"@id":"https:\/\/www.fcbarcelonanoticias.com\/en\/transfers\/the-signing-that-christensen-injury-forces-him-to-make_306738_102.html#primaryimage"},"image":{"@id":"https:\/\/www.fcbarcelonanoticias.com\/en\/transfers\/the-signing-that-christensen-injury-forces-him-to-make_306738_102.html#primaryimage"},"thumbnailUrl":"https:\/\/www.fcbarcelonanoticias.com\/en\/wp-content\/uploads\/sites\/2\/2024\/08\/joao-cancelo-y-andreas-christensen-con-el-barca.jpeg","datePublished":"2024-08-24T09:44:00+00:00","dateModified":"2024-08-24T10:16:00+00:00","author":{"@id":"https:\/\/www.fcbarcelonanoticias.com\/en\/#\/schema\/person\/88d756918a0a1ae9fa593b5edddd1815"},"description":"Andreas Christensen's injury 'forces' Bar\u00e7a to speed up their efforts to sign a right-back. Jules Kound\u00e9 could be a 'patch' in the centre of defence, which is why the arrival of Joao Cancelo or Marc Pubill would become a priority for Flick","breadcrumb":{"@id":"https:\/\/www.fcbarcelonanoticias.com\/en\/transfers\/the-signing-that-christensen-injury-forces-him-to-make_306738_102.html#breadcrumb"},"inLanguage":"en-US","potentialAction":[{"@type":"ReadAction","target":["https:\/\/www.fcbarcelonanoticias.com\/en\/transfers\/the-signing-that-christensen-injury-forces-him-to-make_306738_102.html"]}]},{"@type":"ImageObject","inLanguage":"en-US","@id":"https:\/\/www.fcbarcelonanoticias.com\/en\/transfers\/the-signing-that-christensen-injury-forces-him-to-make_306738_102.html#primaryimage","url":"https:\/\/www.fcbarcelonanoticias.com\/en\/wp-content\/uploads\/sites\/2\/2024\/08\/joao-cancelo-y-andreas-christensen-con-el-barca.jpeg","contentUrl":"https:\/\/www.fcbarcelonanoticias.com\/en\/wp-content\/uploads\/sites\/2\/2024\/08\/joao-cancelo-y-andreas-christensen-con-el-barca.jpeg","width":1300,"height":731},{"@type":"BreadcrumbList","@id":"https:\/\/www.fcbarcelonanoticias.com\/en\/transfers\/the-signing-that-christensen-injury-forces-him-to-make_306738_102.html#breadcrumb","itemListElement":[{"@type":"ListItem","position":1,"name":"Portada","item":"https:\/\/www.fcbarcelonanoticias.com\/en\/"},{"@type":"ListItem","position":2,"name":"The signing that Christensen&#8217;s injury &#8216;forces&#8217; him to make"}]},{"@type":"WebSite","@id":"https:\/\/www.fcbarcelonanoticias.com\/en\/#website","url":"https:\/\/www.fcbarcelonanoticias.com\/en\/","name":"EN - FC Barcelona Noticias","description":"","potentialAction":[{"@type":"SearchAction","target":{"@type":"EntryPoint","urlTemplate":"https:\/\/www.fcbarcelonanoticias.com\/en\/?s={search_term_string}"},"query-input":{"@type":"PropertyValueSpecification","valueRequired":true,"valueName":"search_term_string"}}],"inLanguage":"en-US"},{"@type":"Person","@id":"https:\/\/www.fcbarcelonanoticias.com\/en\/#\/schema\/person\/88d756918a0a1ae9fa593b5edddd1815","name":"Juan Pablo Berdugo","image":{"@type":"ImageObject","inLanguage":"en-US","@id":"https:\/\/secure.gravatar.com\/avatar\/?s=96&d=mm&r=g","url":"https:\/\/secure.gravatar.com\/avatar\/?s=96&d=mm&r=g","contentUrl":"https:\/\/secure.gravatar.com\/avatar\/?s=96&d=mm&r=g","caption":"Juan Pablo Berdugo"},"description":"Juan Pablo Berdugo es graduado en Periodismo. Colabora con FCBN como especialista en informaci\u00f3n del primer equipo del FC Barcelona, f\u00fatbol internacional y mercado de fichajes. Destaca por su enfoque anal\u00edtico, su rigor informativo y su capacidad para detectar tendencias emergentes en el f\u00fatbol global.","url":"https:\/\/www.fcbarcelonanoticias.com\/en\/fc-barcelona\/juan-pablo-berdugo_18_115.html"}]}},"_links":{"self":[{"href":"https:\/\/www.fcbarcelonanoticias.com\/en\/wp-json\/wp\/v2\/posts\/143428","targetHints":{"allow":["GET"]}}],"collection":[{"href":"https:\/\/www.fcbarcelonanoticias.com\/en\/wp-json\/wp\/v2\/posts"}],"about":[{"href":"https:\/\/www.fcbarcelonanoticias.com\/en\/wp-json\/wp\/v2\/types\/post"}],"author":[{"embeddable":true,"href":"https:\/\/www.fcbarcelonanoticias.com\/en\/wp-json\/wp\/v2\/users\/358"}],"replies":[{"embeddable":true,"href":"https:\/\/www.fcbarcelonanoticias.com\/en\/wp-json\/wp\/v2\/comments?post=143428"}],"version-history":[{"count":1,"href":"https:\/\/www.fcbarcelonanoticias.com\/en\/wp-json\/wp\/v2\/posts\/143428\/revisions"}],"predecessor-version":[{"id":154641,"href":"https:\/\/www.fcbarcelonanoticias.com\/en\/wp-json\/wp\/v2\/posts\/143428\/revisions\/154641"}],"wp:featuredmedia":[{"embeddable":true,"href":"https:\/\/www.fcbarcelonanoticias.com\/en\/wp-json\/wp\/v2\/media\/143430"}],"wp:attachment":[{"href":"https:\/\/www.fcbarcelonanoticias.com\/en\/wp-json\/wp\/v2\/media?parent=143428"}],"wp:term":[{"taxonomy":"category","embeddable":true,"href":"https:\/\/www.fcbarcelonanoticias.com\/en\/wp-json\/wp\/v2\/categories?post=143428"},{"taxonomy":"post_tag","embeddable":true,"href":"https:\/\/www.fcbarcelonanoticias.com\/en\/wp-json\/wp\/v2\/tags?post=143428"}],"curies":[{"name":"wp","href":"https:\/\/api.w.org\/{rel}","templated":true}]}}