{"id":143453,"date":"2022-08-20T21:14:00","date_gmt":"2022-08-20T19:14:00","guid":{"rendered":"https:\/\/weisetech.dev\/fc-barcelona-noticias\/en\/the-mallorca-possible-solution-of-last-hour-for-the-barc_283462_102\/"},"modified":"2022-08-20T21:14:00","modified_gmt":"2022-08-20T19:14:00","slug":"the-mallorca-possible-solution-of-last-hour-for-the-barc_283462_102","status":"publish","type":"post","link":"https:\/\/www.fcbarcelonanoticias.com\/en\/transfers\/the-mallorca-possible-solution-of-last-hour-for-the-barc_283462_102.html","title":{"rendered":"Mallorca, possible last minute solution for Bar\u00e7a with Braithwaite"},"content":{"rendered":"<h2 class=\"wp-block-heading\">While the directive of the FC Barcelona works in giving way to the &#8216;discards&#8217; of Xavi Hern\u00e1ndez, one of the most complex operations is the one of Martin Braithwaite. However, the possible interest of Mallorca could solve the &#8216;soap opera&#8217;<\/h2>  \r\n<div class=\"article-addons\">\r\n    <a href=\"https:\/\/www.fcbarcelonanoticias.com\/en\/calendar-fc-barcelona.html\"\r\n       target=\"_self\"\r\n       title=\"Calendar of FC Barcelona\"\r\n       class=\"blue-gredient-btn\">\r\n       \r\n        Calendar of FC Barcelona    <\/a>\r\n<\/div>   <p>To less than two weeks for the closing of the market of summer, the future of Martin Braithwaite keeps on being a headache for the FC Barcelona. Although the Danish could take place in the staff in front of <strong>the imminent exits of Memphis Depay and Pierre-Emerick Aubameyang, the true is that <a data-external=\"0\" data-intl-links-en=\"https:\/\/www.fcbarcelonanoticias.com\/en\/laliga\/xavi-makes-clear-rol-ferran-torres-balde-in-barcelona_283439_102.html\" data-intl-links-es=\"https:\/\/www.fcbarcelonanoticias.com\/laliga\/xavi-deja-claro-rol-ferran-torres-balde-en-barcelona_283439_102.html\" href=\"https:\/\/www.fcbarcelonanoticias.com\/en\/laliga\/xavi-makes-clear-rol-ferran-torres-balde-in-barcelona_283439_102.html\" rel=\"follow\" target=\"_self\" title=\"Xavi deja claro el rol de Ferran Torres y de Balde en el Bar\u00e7a\">Xavi Hern\u00e1ndez<\/a> does not have the player of 31 years<\/strong> and is little likely that accept to give him opportunity in the first team.<\/p>  <p>In this sense, Javier Aguirre could solve him a big problem to the Bar\u00e7a in brief. <strong>As it advances &#8216;The Newspaper of Mallorca&#8217;, the Mexican technician would have requested to the Balearic directive fichar to Braithwaite<\/strong> to reinforce the attack of a Mallorca that began the season with a tie without goals in front of the Athletic of Bilbao and a defeat home in front of the Betis. The ones of Palm saved miraculously the past season and expect to suffer less this year to keep in First.<\/p>  <p>With agreement until June of 2024, <strong><a data-external=\"0\" data-intl-links-en=\"https:\/\/www.fcbarcelonanoticias.com\/en\/transfers\/will-braithwaite-stay-see-opportune-its-continuity-as-relay-lewandowski_283442_102.html\" data-intl-links-es=\"https:\/\/www.fcbarcelonanoticias.com\/fichajes\/se-quedara-braithwaite-ve-oportuna-su-continuidad-como-relevo-lewandowski_283442_102.html\" href=\"https:\/\/www.fcbarcelonanoticias.com\/en\/transfers\/will-braithwaite-stay-see-opportune-its-continuity-as-relay-lewandowski_283442_102.html\" rel=\"follow\" target=\"_self\" title=\"Braithwaite quiere convencer al Bar\u00e7a de que debe ser el suplente de Lewandowski\">the one of Esbjerg<\/a> has left clear to the directive that only will go out if it terminates him the agreement and credit him the 8 million corresponding euros to the two years of wage that subtract him<\/strong>. Give him letter of freedom seems the most viable option, although the financial problems of the Bar\u00e7a condition the flow of box for the directive. From here that credit him the integrity of his index card so that it leave leave to be so good alternative.<\/p>  <p>To his time, <strong>the arrival of Braithwaite would be a good reinforcement for the Mallorca, but hardly the Balearic will be able to assume the whole of the wage of the Danish<\/strong>. For the player of 31 years, the priority is to keep playing in LaLiga and, with the World-wide just around the corner, the ideal would be to go to a club where can be headline. However, still there is not at all clear-cut and the Bar\u00e7a follows expecting by a formal offer that allow him resolve the &#8216;serial&#8217;.<\/p>  <h3>In Denmark criticise the deal of the Barcelona to Braithwaite<\/h3>  <p><strong>&#8220;The deal that is receiving Martin is entirely irrational. Probably it find between the intimidation and the bullying&#8221;<\/strong>, manifested Michael Sahl Hansen, president of the Association of Danish Players. For the director, <strong>&#8220;is shameful like the Barcelona tries to take it out of his agreement, of his work. <\/strong>A player that attended to his rescue when they were under pressure is now in misfortune. Where it is the decency?&#8221;, it manifested Hansen.<\/p>  <p>The Bar\u00e7a fich\u00f3 to Braithwaite in February of 2020 pertinent of the Legan\u00e9s in front of the drop of Ousmane Demb\u00e9l\u00e9, the one who would lose the rest of the 2019-20 by injury. However, the pandemia of the COVID-19 prevented to the Danish have the continuity to which aspired and, in his two following seasons,<strong> the technical decisions and the injuries carried him to the bench in the greater part of his stage like cul\u00e9.<\/strong> From here that, to these heights, his exit was the best for both parts.<\/p> ","protected":false},"excerpt":{"rendered":"<p>While the directive of the FC Barcelona works in giving way to the &#8216;discards&#8217; of Xavi Hern\u00e1ndez, one of the most complex operations is the one of Martin Braithwaite. However, the possible interest of Mallorca could solve the &#8216;soap opera&#8217; To less than two weeks for the closing of the market of summer, the future [&hellip;]<\/p>\n","protected":false},"author":347,"featured_media":143458,"comment_status":"closed","ping_status":"open","sticky":false,"template":"","format":"standard","meta":{"_acf_changed":false,"inline_featured_image":false,"_nextfly_llmd_date_locked":false,"footnotes":""},"categories":[449,106],"tags":[357,52],"class_list":["post-143453","post","type-post","status-publish","format-standard","has-post-thumbnail","hentry","category-transfers-2","category-transfers","tag-martin-braithwaite","tag-rcd-mallorca"],"acf":[],"yoast_head":"<!-- This site is optimized with the Yoast SEO plugin v27.3 - https:\/\/yoast.com\/product\/yoast-seo-wordpress\/ -->\n<title>Mallorca, possible last minute solution for Bar\u00e7a with Braithwaite<\/title>\n<meta name=\"description\" content=\"While the directive of the FC Barcelona works in giving him gone out to the &#039;descartes&#039; of Xavi Hern\u00e1ndez, one of the most complex operations is the one of Martin Brai...\" \/>\n<meta name=\"robots\" content=\"index, follow, max-snippet:-1, max-image-preview:large, max-video-preview:-1\" \/>\n<link rel=\"canonical\" href=\"https:\/\/www.fcbarcelonanoticias.com\/en\/transfers\/the-mallorca-possible-solution-of-last-hour-for-the-barc_283462_102.html\" \/>\n<meta property=\"og:locale\" content=\"en_US\" \/>\n<meta property=\"og:type\" content=\"article\" \/>\n<meta property=\"og:title\" content=\"Mallorca, possible last minute solution for Bar\u00e7a with Braithwaite\" \/>\n<meta property=\"og:description\" content=\"While the directive of the FC Barcelona works in giving him gone out to the &#039;descartes&#039; of Xavi Hern\u00e1ndez, one of the most complex operations is the one of Martin Brai...\" \/>\n<meta property=\"og:url\" content=\"https:\/\/www.fcbarcelonanoticias.com\/en\/transfers\/the-mallorca-possible-solution-of-last-hour-for-the-barc_283462_102.html\" \/>\n<meta property=\"og:site_name\" content=\"EN - FC Barcelona Noticias\" \/>\n<meta property=\"article:published_time\" content=\"2022-08-20T19:14:00+00:00\" \/>\n<meta property=\"og:image\" content=\"https:\/\/www.fcbarcelonanoticias.com\/en\/wp-content\/uploads\/sites\/2\/2022\/08\/1005719362-1-1.jpeg\" \/>\n\t<meta property=\"og:image:width\" content=\"1200\" \/>\n\t<meta property=\"og:image:height\" content=\"718\" \/>\n\t<meta property=\"og:image:type\" content=\"image\/jpeg\" \/>\n<meta name=\"author\" content=\"Andr\u00e9s Quiroz\" \/>\n<meta name=\"twitter:card\" content=\"summary_large_image\" \/>\n<meta name=\"twitter:label1\" content=\"Written by\" \/>\n\t<meta name=\"twitter:data1\" content=\"Andr\u00e9s Quiroz\" \/>\n\t<meta name=\"twitter:label2\" content=\"Est. reading time\" \/>\n\t<meta name=\"twitter:data2\" content=\"3 minutes\" \/>\n<script type=\"application\/ld+json\" class=\"yoast-schema-graph\">{\"@context\":\"https:\\\/\\\/schema.org\",\"@graph\":[{\"@type\":\"Article\",\"@id\":\"https:\\\/\\\/www.fcbarcelonanoticias.com\\\/en\\\/transfers\\\/the-mallorca-possible-solution-of-last-hour-for-the-barc_283462_102.html#article\",\"isPartOf\":{\"@id\":\"https:\\\/\\\/www.fcbarcelonanoticias.com\\\/en\\\/transfers\\\/the-mallorca-possible-solution-of-last-hour-for-the-barc_283462_102.html\"},\"author\":{\"name\":\"Andr\u00e9s Quiroz\",\"@id\":\"https:\\\/\\\/www.fcbarcelonanoticias.com\\\/en\\\/#\\\/schema\\\/person\\\/c2cd9f6fa1af5c0d0eccd0fefa575c88\"},\"headline\":\"Mallorca, possible last minute solution for Bar\u00e7a with Braithwaite\",\"datePublished\":\"2022-08-20T19:14:00+00:00\",\"mainEntityOfPage\":{\"@id\":\"https:\\\/\\\/www.fcbarcelonanoticias.com\\\/en\\\/transfers\\\/the-mallorca-possible-solution-of-last-hour-for-the-barc_283462_102.html\"},\"wordCount\":568,\"image\":{\"@id\":\"https:\\\/\\\/www.fcbarcelonanoticias.com\\\/en\\\/transfers\\\/the-mallorca-possible-solution-of-last-hour-for-the-barc_283462_102.html#primaryimage\"},\"thumbnailUrl\":\"https:\\\/\\\/www.fcbarcelonanoticias.com\\\/en\\\/wp-content\\\/uploads\\\/sites\\\/2\\\/2022\\\/08\\\/1005719362-1-1.jpeg\",\"keywords\":[\"Martin Braithwaite\",\"RCD Mallorca\"],\"articleSection\":[\"Transfers\",\"Transfers\"],\"inLanguage\":\"en-US\"},{\"@type\":\"WebPage\",\"@id\":\"https:\\\/\\\/www.fcbarcelonanoticias.com\\\/en\\\/transfers\\\/the-mallorca-possible-solution-of-last-hour-for-the-barc_283462_102.html\",\"url\":\"https:\\\/\\\/www.fcbarcelonanoticias.com\\\/en\\\/transfers\\\/the-mallorca-possible-solution-of-last-hour-for-the-barc_283462_102.html\",\"name\":\"Mallorca, possible last minute solution for Bar\u00e7a with Braithwaite\",\"isPartOf\":{\"@id\":\"https:\\\/\\\/www.fcbarcelonanoticias.com\\\/en\\\/#website\"},\"primaryImageOfPage\":{\"@id\":\"https:\\\/\\\/www.fcbarcelonanoticias.com\\\/en\\\/transfers\\\/the-mallorca-possible-solution-of-last-hour-for-the-barc_283462_102.html#primaryimage\"},\"image\":{\"@id\":\"https:\\\/\\\/www.fcbarcelonanoticias.com\\\/en\\\/transfers\\\/the-mallorca-possible-solution-of-last-hour-for-the-barc_283462_102.html#primaryimage\"},\"thumbnailUrl\":\"https:\\\/\\\/www.fcbarcelonanoticias.com\\\/en\\\/wp-content\\\/uploads\\\/sites\\\/2\\\/2022\\\/08\\\/1005719362-1-1.jpeg\",\"datePublished\":\"2022-08-20T19:14:00+00:00\",\"author\":{\"@id\":\"https:\\\/\\\/www.fcbarcelonanoticias.com\\\/en\\\/#\\\/schema\\\/person\\\/c2cd9f6fa1af5c0d0eccd0fefa575c88\"},\"description\":\"While the directive of the FC Barcelona works in giving him gone out to the 'descartes' of Xavi Hern\u00e1ndez, one of the most complex operations is the one of Martin Brai...\",\"breadcrumb\":{\"@id\":\"https:\\\/\\\/www.fcbarcelonanoticias.com\\\/en\\\/transfers\\\/the-mallorca-possible-solution-of-last-hour-for-the-barc_283462_102.html#breadcrumb\"},\"inLanguage\":\"en-US\",\"potentialAction\":[{\"@type\":\"ReadAction\",\"target\":[\"https:\\\/\\\/www.fcbarcelonanoticias.com\\\/en\\\/transfers\\\/the-mallorca-possible-solution-of-last-hour-for-the-barc_283462_102.html\"]}]},{\"@type\":\"ImageObject\",\"inLanguage\":\"en-US\",\"@id\":\"https:\\\/\\\/www.fcbarcelonanoticias.com\\\/en\\\/transfers\\\/the-mallorca-possible-solution-of-last-hour-for-the-barc_283462_102.html#primaryimage\",\"url\":\"https:\\\/\\\/www.fcbarcelonanoticias.com\\\/en\\\/wp-content\\\/uploads\\\/sites\\\/2\\\/2022\\\/08\\\/1005719362-1-1.jpeg\",\"contentUrl\":\"https:\\\/\\\/www.fcbarcelonanoticias.com\\\/en\\\/wp-content\\\/uploads\\\/sites\\\/2\\\/2022\\\/08\\\/1005719362-1-1.jpeg\",\"width\":1200,\"height\":718},{\"@type\":\"BreadcrumbList\",\"@id\":\"https:\\\/\\\/www.fcbarcelonanoticias.com\\\/en\\\/transfers\\\/the-mallorca-possible-solution-of-last-hour-for-the-barc_283462_102.html#breadcrumb\",\"itemListElement\":[{\"@type\":\"ListItem\",\"position\":1,\"name\":\"Portada\",\"item\":\"https:\\\/\\\/www.fcbarcelonanoticias.com\\\/en\\\/\"},{\"@type\":\"ListItem\",\"position\":2,\"name\":\"Mallorca, possible last minute solution for Bar\u00e7a with Braithwaite\"}]},{\"@type\":\"WebSite\",\"@id\":\"https:\\\/\\\/www.fcbarcelonanoticias.com\\\/en\\\/#website\",\"url\":\"https:\\\/\\\/www.fcbarcelonanoticias.com\\\/en\\\/\",\"name\":\"EN - FC Barcelona Noticias\",\"description\":\"\",\"potentialAction\":[{\"@type\":\"SearchAction\",\"target\":{\"@type\":\"EntryPoint\",\"urlTemplate\":\"https:\\\/\\\/www.fcbarcelonanoticias.com\\\/en\\\/?s={search_term_string}\"},\"query-input\":{\"@type\":\"PropertyValueSpecification\",\"valueRequired\":true,\"valueName\":\"search_term_string\"}}],\"inLanguage\":\"en-US\"},{\"@type\":\"Person\",\"@id\":\"https:\\\/\\\/www.fcbarcelonanoticias.com\\\/en\\\/#\\\/schema\\\/person\\\/c2cd9f6fa1af5c0d0eccd0fefa575c88\",\"name\":\"Andr\u00e9s Quiroz\",\"image\":{\"@type\":\"ImageObject\",\"inLanguage\":\"en-US\",\"@id\":\"https:\\\/\\\/secure.gravatar.com\\\/avatar\\\/?s=96&d=mm&r=g\",\"url\":\"https:\\\/\\\/secure.gravatar.com\\\/avatar\\\/?s=96&d=mm&r=g\",\"contentUrl\":\"https:\\\/\\\/secure.gravatar.com\\\/avatar\\\/?s=96&d=mm&r=g\",\"caption\":\"Andr\u00e9s Quiroz\"},\"description\":\"Licenciado en Periodismo por la Universidad de los Andes. Me encargo de analizar y compartir los contenidos m\u00e1s destacados de la\u00a0actualidad del F\u00fatbol Club Barcelona, Mercado de Fichajes y F\u00fatbol Internacional en FCBN. La informaci\u00f3n es poder, pero tambi\u00e9n conocimiento.\",\"url\":\"https:\\\/\\\/www.fcbarcelonanoticias.com\\\/en\\\/fc-barcelona\\\/andres-quiroz_17_115.html\"}]}<\/script>\n<!-- \/ Yoast SEO plugin. -->","yoast_head_json":{"title":"Mallorca, possible last minute solution for Bar\u00e7a with Braithwaite","description":"While the directive of the FC Barcelona works in giving him gone out to the 'descartes' of Xavi Hern\u00e1ndez, one of the most complex operations is the one of Martin Brai...","robots":{"index":"index","follow":"follow","max-snippet":"max-snippet:-1","max-image-preview":"max-image-preview:large","max-video-preview":"max-video-preview:-1"},"canonical":"https:\/\/www.fcbarcelonanoticias.com\/en\/transfers\/the-mallorca-possible-solution-of-last-hour-for-the-barc_283462_102.html","og_locale":"en_US","og_type":"article","og_title":"Mallorca, possible last minute solution for Bar\u00e7a with Braithwaite","og_description":"While the directive of the FC Barcelona works in giving him gone out to the 'descartes' of Xavi Hern\u00e1ndez, one of the most complex operations is the one of Martin Brai...","og_url":"https:\/\/www.fcbarcelonanoticias.com\/en\/transfers\/the-mallorca-possible-solution-of-last-hour-for-the-barc_283462_102.html","og_site_name":"EN - FC Barcelona Noticias","article_published_time":"2022-08-20T19:14:00+00:00","og_image":[{"width":1200,"height":718,"url":"https:\/\/www.fcbarcelonanoticias.com\/en\/wp-content\/uploads\/sites\/2\/2022\/08\/1005719362-1-1.jpeg","type":"image\/jpeg"}],"author":"Andr\u00e9s Quiroz","twitter_card":"summary_large_image","twitter_misc":{"Written by":"Andr\u00e9s Quiroz","Est. reading time":"3 minutes"},"schema":{"@context":"https:\/\/schema.org","@graph":[{"@type":"Article","@id":"https:\/\/www.fcbarcelonanoticias.com\/en\/transfers\/the-mallorca-possible-solution-of-last-hour-for-the-barc_283462_102.html#article","isPartOf":{"@id":"https:\/\/www.fcbarcelonanoticias.com\/en\/transfers\/the-mallorca-possible-solution-of-last-hour-for-the-barc_283462_102.html"},"author":{"name":"Andr\u00e9s Quiroz","@id":"https:\/\/www.fcbarcelonanoticias.com\/en\/#\/schema\/person\/c2cd9f6fa1af5c0d0eccd0fefa575c88"},"headline":"Mallorca, possible last minute solution for Bar\u00e7a with Braithwaite","datePublished":"2022-08-20T19:14:00+00:00","mainEntityOfPage":{"@id":"https:\/\/www.fcbarcelonanoticias.com\/en\/transfers\/the-mallorca-possible-solution-of-last-hour-for-the-barc_283462_102.html"},"wordCount":568,"image":{"@id":"https:\/\/www.fcbarcelonanoticias.com\/en\/transfers\/the-mallorca-possible-solution-of-last-hour-for-the-barc_283462_102.html#primaryimage"},"thumbnailUrl":"https:\/\/www.fcbarcelonanoticias.com\/en\/wp-content\/uploads\/sites\/2\/2022\/08\/1005719362-1-1.jpeg","keywords":["Martin Braithwaite","RCD Mallorca"],"articleSection":["Transfers","Transfers"],"inLanguage":"en-US"},{"@type":"WebPage","@id":"https:\/\/www.fcbarcelonanoticias.com\/en\/transfers\/the-mallorca-possible-solution-of-last-hour-for-the-barc_283462_102.html","url":"https:\/\/www.fcbarcelonanoticias.com\/en\/transfers\/the-mallorca-possible-solution-of-last-hour-for-the-barc_283462_102.html","name":"Mallorca, possible last minute solution for Bar\u00e7a with Braithwaite","isPartOf":{"@id":"https:\/\/www.fcbarcelonanoticias.com\/en\/#website"},"primaryImageOfPage":{"@id":"https:\/\/www.fcbarcelonanoticias.com\/en\/transfers\/the-mallorca-possible-solution-of-last-hour-for-the-barc_283462_102.html#primaryimage"},"image":{"@id":"https:\/\/www.fcbarcelonanoticias.com\/en\/transfers\/the-mallorca-possible-solution-of-last-hour-for-the-barc_283462_102.html#primaryimage"},"thumbnailUrl":"https:\/\/www.fcbarcelonanoticias.com\/en\/wp-content\/uploads\/sites\/2\/2022\/08\/1005719362-1-1.jpeg","datePublished":"2022-08-20T19:14:00+00:00","author":{"@id":"https:\/\/www.fcbarcelonanoticias.com\/en\/#\/schema\/person\/c2cd9f6fa1af5c0d0eccd0fefa575c88"},"description":"While the directive of the FC Barcelona works in giving him gone out to the 'descartes' of Xavi Hern\u00e1ndez, one of the most complex operations is the one of Martin Brai...","breadcrumb":{"@id":"https:\/\/www.fcbarcelonanoticias.com\/en\/transfers\/the-mallorca-possible-solution-of-last-hour-for-the-barc_283462_102.html#breadcrumb"},"inLanguage":"en-US","potentialAction":[{"@type":"ReadAction","target":["https:\/\/www.fcbarcelonanoticias.com\/en\/transfers\/the-mallorca-possible-solution-of-last-hour-for-the-barc_283462_102.html"]}]},{"@type":"ImageObject","inLanguage":"en-US","@id":"https:\/\/www.fcbarcelonanoticias.com\/en\/transfers\/the-mallorca-possible-solution-of-last-hour-for-the-barc_283462_102.html#primaryimage","url":"https:\/\/www.fcbarcelonanoticias.com\/en\/wp-content\/uploads\/sites\/2\/2022\/08\/1005719362-1-1.jpeg","contentUrl":"https:\/\/www.fcbarcelonanoticias.com\/en\/wp-content\/uploads\/sites\/2\/2022\/08\/1005719362-1-1.jpeg","width":1200,"height":718},{"@type":"BreadcrumbList","@id":"https:\/\/www.fcbarcelonanoticias.com\/en\/transfers\/the-mallorca-possible-solution-of-last-hour-for-the-barc_283462_102.html#breadcrumb","itemListElement":[{"@type":"ListItem","position":1,"name":"Portada","item":"https:\/\/www.fcbarcelonanoticias.com\/en\/"},{"@type":"ListItem","position":2,"name":"Mallorca, possible last minute solution for Bar\u00e7a with Braithwaite"}]},{"@type":"WebSite","@id":"https:\/\/www.fcbarcelonanoticias.com\/en\/#website","url":"https:\/\/www.fcbarcelonanoticias.com\/en\/","name":"EN - FC Barcelona Noticias","description":"","potentialAction":[{"@type":"SearchAction","target":{"@type":"EntryPoint","urlTemplate":"https:\/\/www.fcbarcelonanoticias.com\/en\/?s={search_term_string}"},"query-input":{"@type":"PropertyValueSpecification","valueRequired":true,"valueName":"search_term_string"}}],"inLanguage":"en-US"},{"@type":"Person","@id":"https:\/\/www.fcbarcelonanoticias.com\/en\/#\/schema\/person\/c2cd9f6fa1af5c0d0eccd0fefa575c88","name":"Andr\u00e9s Quiroz","image":{"@type":"ImageObject","inLanguage":"en-US","@id":"https:\/\/secure.gravatar.com\/avatar\/?s=96&d=mm&r=g","url":"https:\/\/secure.gravatar.com\/avatar\/?s=96&d=mm&r=g","contentUrl":"https:\/\/secure.gravatar.com\/avatar\/?s=96&d=mm&r=g","caption":"Andr\u00e9s Quiroz"},"description":"Licenciado en Periodismo por la Universidad de los Andes. Me encargo de analizar y compartir los contenidos m\u00e1s destacados de la\u00a0actualidad del F\u00fatbol Club Barcelona, Mercado de Fichajes y F\u00fatbol Internacional en FCBN. La informaci\u00f3n es poder, pero tambi\u00e9n conocimiento.","url":"https:\/\/www.fcbarcelonanoticias.com\/en\/fc-barcelona\/andres-quiroz_17_115.html"}]}},"_links":{"self":[{"href":"https:\/\/www.fcbarcelonanoticias.com\/en\/wp-json\/wp\/v2\/posts\/143453","targetHints":{"allow":["GET"]}}],"collection":[{"href":"https:\/\/www.fcbarcelonanoticias.com\/en\/wp-json\/wp\/v2\/posts"}],"about":[{"href":"https:\/\/www.fcbarcelonanoticias.com\/en\/wp-json\/wp\/v2\/types\/post"}],"author":[{"embeddable":true,"href":"https:\/\/www.fcbarcelonanoticias.com\/en\/wp-json\/wp\/v2\/users\/347"}],"replies":[{"embeddable":true,"href":"https:\/\/www.fcbarcelonanoticias.com\/en\/wp-json\/wp\/v2\/comments?post=143453"}],"version-history":[{"count":1,"href":"https:\/\/www.fcbarcelonanoticias.com\/en\/wp-json\/wp\/v2\/posts\/143453\/revisions"}],"predecessor-version":[{"id":155921,"href":"https:\/\/www.fcbarcelonanoticias.com\/en\/wp-json\/wp\/v2\/posts\/143453\/revisions\/155921"}],"wp:featuredmedia":[{"embeddable":true,"href":"https:\/\/www.fcbarcelonanoticias.com\/en\/wp-json\/wp\/v2\/media\/143458"}],"wp:attachment":[{"href":"https:\/\/www.fcbarcelonanoticias.com\/en\/wp-json\/wp\/v2\/media?parent=143453"}],"wp:term":[{"taxonomy":"category","embeddable":true,"href":"https:\/\/www.fcbarcelonanoticias.com\/en\/wp-json\/wp\/v2\/categories?post=143453"},{"taxonomy":"post_tag","embeddable":true,"href":"https:\/\/www.fcbarcelonanoticias.com\/en\/wp-json\/wp\/v2\/tags?post=143453"}],"curies":[{"name":"wp","href":"https:\/\/api.w.org\/{rel}","templated":true}]}}