{"id":14349,"date":"2025-08-19T12:26:00","date_gmt":"2025-08-19T10:26:00","guid":{"rendered":"https:\/\/weisetech.dev\/fc-barcelona-noticias\/en\/barca-pays-tribute-to-the-sextuple-2025-26-third-kit_314219_102\/"},"modified":"2025-08-27T23:57:00","modified_gmt":"2025-08-27T21:57:00","slug":"barca-pays-tribute-to-the-sextuple-2025-26-third-kit_314219_102","status":"publish","type":"post","link":"https:\/\/www.fcbarcelonanoticias.com\/en\/fc-barcelona\/barca-pays-tribute-to-the-sextuple-2025-26-third-kit_314219_102.html","title":{"rendered":"Bar\u00e7a pays tribute to the sextuple with its iconic new 2025\/26 third kit"},"content":{"rendered":"<h2 class=\"wp-block-heading\">FC Barcelona presents its &#8220;bright mango&#8221; third kit in tribute to the historic sextuple of 2009<\/h2>  \r\n<div class=\"article-addons\">\r\n    <a href=\"https:\/\/www.fcbarcelonanoticias.com\/en\/calendar-fc-barcelona.html\"\r\n       target=\"_self\"\r\n       title=\"Calendar of FC Barcelona\"\r\n       class=\"blue-gredient-btn\">\r\n       \r\n        Calendar of FC Barcelona    <\/a>\r\n<\/div>   <p><strong>FC Barcelona<\/strong> has revealed its new <strong>2025\/26 third kit<\/strong>, a striking <strong>bright mango<\/strong>-colored shirt. This kit pays an emotional tribute to the historic <strong>sextuple<\/strong> of <strong>2009<\/strong>, the incredible achievement conquered under the direction of <strong>Pep Guardiola<\/strong>. Fans can now buy the <strong>Bar\u00e7a third kit<\/strong> and relive the magic of that season.<\/p>  <p>The new <strong>cul\u00e9 elastic<\/strong>, inspired by the orange kit that the first team wore in the <strong>Club World Cup final<\/strong> in December 2009, is now available in the club&#8217;s stores and marks the return of the orange color to the Camp Nou after <strong>11 seasons<\/strong>.<\/p>  <h2>Why is this kit so special for Bar\u00e7a?<\/h2>  <p>The <strong>2025\/26<\/strong> third kit of <strong>F\u00fatbol Club Barcelona<\/strong> is not just another shirt in the extensive azulgrana catalog. It is a <strong>direct tribute<\/strong> to the team that made history by becoming the <strong>first club<\/strong> to win all <strong>six<\/strong> possible <strong>titles<\/strong> in the same calendar year.<\/p>  <p>That night of <strong>December 19, 2009<\/strong> in <strong>Abu Dhabi<\/strong>, when <strong>Pedro Rodr\u00edquez<\/strong> forced extra time in the 89th minute and <strong>Leo Messi<\/strong> sealed the victory with a chest goal in the 110th minute, <strong>Bar\u00e7a<\/strong> was wearing an orange kit that now comes back to life.<\/p>  <p><strong>Pep Guardiola<\/strong>, <strong>Xavi Hern\u00e1ndez<\/strong>, <strong>Andr\u00e9s Iniesta<\/strong>, <strong>Carles Puyol<\/strong> and <strong>Gerard Piqu\u00e9<\/strong> were some of the protagonists of that feat that culminated with the emotional tears of the Catalan coach after achieving what no other team had achieved before:<\/p>  <h3>The &#8220;Sextuple&#8221; conquered in 2009 by FC Barcelona<\/h3>  <ol> <li><strong>Copa del Rey<\/strong><\/li> \t<li><strong>La Liga<\/strong><\/li> \t<li><strong>Champions League<\/strong><\/li> \t<li><strong>Spanish Super Cup<\/strong><\/li> \t<li><strong>European Super Cup<\/strong><\/li> \t<li><strong>Club World Cup<\/strong><\/li> <\/ol> <h2>The characteristics of the new FC Barcelona shirt<\/h2>  <p>The <strong>&#8220;bright mango&#8221; color<\/strong> completely dominates the new kit, which rescues the essence of the mythical <strong>Total90<\/strong> range that <strong>Nike<\/strong> popularized in the early 2000s.<\/p>  <p>This line was characterized by its <strong>groundbreaking designs<\/strong> and futuristic aesthetic, elements that now return with a nostalgic touch.<\/p>  <p>The shirt features <strong>navy blue details<\/strong>: stripes on the neck and back, as well as fillets that draw a <strong>geometric shape<\/strong> on the front.<\/p>  <p>The <strong>Bar\u00e7a crest<\/strong>, the <strong>Nike<\/strong> logo and the <strong>Spotify<\/strong> sponsor also appear in navy blue, creating an elegant contrast that reinforces the retro aesthetic of the kit.<\/p>  <p>\u2705 [Internal link to related news: <strong><a a=\"\" champions=\"\" data-external=\"0\" data-intl-links-en=\"https:\/\/www.fcbarcelonanoticias.com\/en\/fc-barcelona\/fc-barcelona-presents-its-2025-26-shirt-shirt-with-the-smell-of-champions-league_313331_102.html\" data-intl-links-es=\"https:\/\/www.fcbarcelonanoticias.com\/fc-barcelona\/nueva-camiseta-barcelona-2025-26_313331_102.html\" href=\"https:\/\/www.fcbarcelonanoticias.com\/en\/fc-barcelona\/fc-barcelona-presents-its-2025-26-shirt-shirt-with-the-smell-of-champions-league_313331_102.html\" olor=\"\" rel=\"follow\" target=\"_self\" title=\"El Bar\u00e7a presenta su camiseta 2025\/26: una equipaci\u00f3n con \">Bar\u00e7a presents its 2025\/26 shirt: a kit with &#8220;the smell of Champions&#8221;<\/a><\/strong> ]<\/p>  <h3>&#8220;We define tomorrow&#8221;: Bar\u00e7a connects past and future<\/h3>  <p>The launch is accompanied by new audiovisual content within the <strong>&#8220;We define tomorrow&#8221;<\/strong> campaign, which had already begun with the presentation of the first kit.<\/p>  <p>The video establishes a parallel between the <strong>celebrations of 2009<\/strong> and the current situation of the club, placing special emphasis on the fundamental role of the <strong>cul\u00e9 fans<\/strong> as an indispensable part of these sporting achievements.<\/p>  <p>The images feature legends such as <strong>Thierry Henry<\/strong>, <strong>Pedro Rodr\u00edquez<\/strong>, <strong>Carles Puyol<\/strong>, <strong>Gerard Piqu\u00e9<\/strong>, <strong>Andr\u00e9s Iniesta<\/strong>, <strong>Leo Messi<\/strong> and <strong>Pep Guardiola<\/strong>, along with current first team stars such as <strong><a data-external=\"0\" data-intl-links-es=\"https:\/\/www.fcbarcelonanoticias.com\/lamine-yamal.html\" href=\"https:\/\/www.fcbarcelonanoticias.com\/en\/lamine-yamal.html\" rel=\"follow\" target=\"_self\" title=\"Lamine Yamal - Perfil del jugador 25\/26\">Lamine Yamal<\/a><\/strong>, <strong>Pedri<\/strong>, <strong>Raphinha<\/strong> and <strong>Robert Lewandowski<\/strong>.<\/p>  <h2>When will we see the Bar\u00e7a 25\/26 third kit in action?<\/h2>  <p>Interestingly, the need to premiere this third kit arose on the <strong>first day of La Liga<\/strong> against <strong>Mallorca<\/strong> at <strong>Son Moix<\/strong>, when <strong>Bar\u00e7a<\/strong> could not use either its azulgrana home kit or the golden second kit due to the chromatic coincidence with the vermilion colors of the Balearic team. <strong>Hansi Flick&#8217;s<\/strong> team had to resort to last season&#8217;s green third kit.<\/p>  <p>This new orange shirt will be fundamental to avoid future chromatic conflicts and allow the team to wear a kit that breathes <strong>victory<\/strong> and azulgrana <strong>tradition<\/strong>.<\/p>  <p>\u2705 [Internal link to related news: <strong><a data-external=\"0\" data-intl-links-en=\"https:\/\/www.fcbarcelonanoticias.com\/en\/football\/lamine-yamal-surpasses-mbappe-record-in-shirt-sales_312906_102.html\" data-intl-links-es=\"https:\/\/www.fcbarcelonanoticias.com\/futbol\/lamine-yamal-pulveriza-mbappe-rey-absoluto-venta-camisetas_312906_102.html\" href=\"https:\/\/www.fcbarcelonanoticias.com\/en\/football\/lamine-yamal-surpasses-mbappe-record-in-shirt-sales_312906_102.html\" rel=\"follow\" target=\"_self\" title=\"Lamine Yamal pulveriza a Mbapp\u00e9: rey absoluto en la venta de camisetas\">Lamine Yamal crushes Mbapp\u00e9: absolute king in shirt sales<\/a><\/strong> ]<\/p>  <h2>Orange, a historic color for FC Barcelona<\/h2>  <p>This will be the <strong>eighth season<\/strong> in the history of <strong>FC Barcelona<\/strong> in which the club wears the color orange. The most emotional precedent dates back to <strong>Wembley 1992<\/strong>, when <strong>Ronald Koeman<\/strong> scored the goal that gave the club its first <strong>European Cup<\/strong> wearing a kit of this color.<\/p>  <p>Subsequently, orange accompanied <strong>Bar\u00e7a<\/strong> in the <strong>1997\/98<\/strong> and <strong>1998\/99<\/strong> seasons under the orders of <strong>Louis van Gaal<\/strong>, coinciding with the conquest of two consecutive <strong>Leagues<\/strong>.<\/p>  <p>In the most recent era, players such as <strong>Ronaldinho<\/strong>, <strong>Carles Puyol, Xavi<\/strong>, <strong>Iniesta<\/strong> and <strong>Messi<\/strong> saw orange kits in key moments, including the <strong>second treble<\/strong> in the history of the club in <strong>2015<\/strong> with <strong>Luis Enrique<\/strong>.<\/p>  <h3>Where to buy the Bar\u00e7a 2025\/26 third kit?<\/h3>  <p>The new third kit of <strong>FC Barcelona<\/strong> is now available both in the <strong>Bar\u00e7a Botiga<\/strong> and on the official website of the club.<\/p>  <p>Fans can choose between the <strong>Stadium version<\/strong> (replica with <strong>Dri-FIT<\/strong> technology) and the <strong>Match version<\/strong> (identical to the one seen by professional players), with prices ranging between <strong>\u20ac99.99<\/strong> and higher versions.<\/p>  <ul> <li> <strong>Buy your Bar\u00e7a 2025\/26 third kit now<\/strong> <strong><a data-external=\"1\" href=\"https:\/\/store.fcbarcelona.com\/en\/es\/collections\/new-kit?ext=OCM_25-26&amp;utm_source=WebBarca&amp;utm_medium=Article&amp;utm_campaign=Thirdkit2526_ES_BLM_KITS_WW&amp;utm_term=Thirdkit2526&amp;adobe_mc=MCMID%3D20225759775562236273219047250528996446%7CMCORGID%3D7BEDF655569E15537F000101%2540AdobeOrg%7CTS%3D1755598484&amp;_gl=1*1mfm4bq*_gcl_aw*R0NMLjE3NTM3NjAxMTEuQ2p3S0NBand2NXpFQmhCd0Vpd0FPZzJZS0FPSnRqUFQ4cndlaDRjV2U2Q3JReEZleEhITDN3WWFfUDFzNmpVMm11bzJXQnJIeTFycC1Cb0NoOVVRQXZEX0J3RQ..*_gcl_dc*R0NMLjE3NTM3NjAxMTEuQ2p3S0NBand2NXpFQmhCd0Vpd0FPZzJZS0FPSnRqUFQ4cndlaDRjV2U2Q3JReEZleEhITDN3WWFfUDFzNmpVMm11bzJXQnJIeTFycC1Cb0NoOVVRQXZEX0J3RQ..*_gcl_au*ODc4MjA4MzQwLjE3NTM3NTU0OTU.\" rel=\"nofollow\" target=\"_blank\" title=\"C\u00f3mprala ahora\">Buy it here<\/a><\/strong> <\/li> <\/ul> <p>The shirt is available in both <strong>men&#8217;s<\/strong> and <strong>women&#8217;s cuts<\/strong>, with sizes ranging from <strong>XS<\/strong> to <strong>XL<\/strong>, ensuring that all <strong>cul\u00e9s<\/strong> can wear this tribute to the glorious azulgrana past.<\/p>  <p>With this bet, <strong>Bar\u00e7a<\/strong> not only expands its catalog of kits, but also reinforces its global identity with a product that connects different generations of fans.<\/p>  <p>The youngest find a modern and striking design, while the veterans recognize a nod to the <strong>most successful kit<\/strong> in the recent history of the club.<\/p>  <p><strong>Hopefully the orange color will bring joy again<\/strong> for the barcelonismo in this new <strong>2025\/26<\/strong> campaign.<\/p>  <p>With <strong>Hansi Flick&#8217;s<\/strong> team, anything is possible.<\/p>  <ul> <li> <strong>Official source: <\/strong><a href=\"https:\/\/www.fcbarcelona.es\/en\/es\/club\/noticias\/4343585\/homenaje-al-sextete-en-la-tercera-equipacion-de-la-temporada-202526\" rel=\"nofollow noopener\" target=\"_blank\">FC Barcelona<\/a> <\/li> <\/ul> ","protected":false},"excerpt":{"rendered":"<p>FC Barcelona presents its &#8220;bright mango&#8221; third kit in tribute to the historic sextuple of 2009 FC Barcelona has revealed its new 2025\/26 third kit, a striking bright mango-colored shirt. This kit pays an emotional tribute to the historic sextuple of 2009, the incredible achievement conquered under the direction of Pep Guardiola. Fans can now [&hellip;]<\/p>\n","protected":false},"author":351,"featured_media":14350,"comment_status":"closed","ping_status":"open","sticky":false,"template":"","format":"standard","meta":{"_acf_changed":false,"inline_featured_image":false,"_nextfly_llmd_date_locked":false,"footnotes":""},"categories":[111],"tags":[251],"class_list":["post-14349","post","type-post","status-publish","format-standard","has-post-thumbnail","hentry","category-fc-barcelona","tag-t-shirt-fc-barcelona"],"acf":[],"yoast_head":"<!-- This site is optimized with the Yoast SEO plugin v27.3 - https:\/\/yoast.com\/product\/yoast-seo-wordpress\/ -->\n<title>Bar\u00e7a pays tribute to the sextuple | 2025\/26 Third Kit<\/title>\n<meta name=\"description\" content=\"Relive the magic of the sextuple! FC Barcelona launches the new &#039;bright mango&#039; third kit that will transport you to 2009. Discover the details and buy it!\" \/>\n<meta name=\"robots\" content=\"index, follow, max-snippet:-1, max-image-preview:large, max-video-preview:-1\" \/>\n<link rel=\"canonical\" href=\"https:\/\/www.fcbarcelonanoticias.com\/en\/fc-barcelona\/barca-pays-tribute-to-the-sextuple-2025-26-third-kit_314219_102.html\" \/>\n<meta property=\"og:locale\" content=\"en_US\" \/>\n<meta property=\"og:type\" content=\"article\" \/>\n<meta property=\"og:title\" content=\"Bar\u00e7a pays tribute to the sextuple | 2025\/26 Third Kit\" \/>\n<meta property=\"og:description\" content=\"Relive the magic of the sextuple! FC Barcelona launches the new &#039;bright mango&#039; third kit that will transport you to 2009. Discover the details and buy it!\" \/>\n<meta property=\"og:url\" content=\"https:\/\/www.fcbarcelonanoticias.com\/en\/fc-barcelona\/barca-pays-tribute-to-the-sextuple-2025-26-third-kit_314219_102.html\" \/>\n<meta property=\"og:site_name\" content=\"EN - FC Barcelona Noticias\" \/>\n<meta property=\"article:published_time\" content=\"2025-08-19T10:26:00+00:00\" \/>\n<meta property=\"article:modified_time\" content=\"2025-08-27T21:57:00+00:00\" \/>\n<meta property=\"og:image\" content=\"https:\/\/www.fcbarcelonanoticias.com\/en\/wp-content\/uploads\/sites\/2\/2025\/08\/camiseta-fc-barcelona-tercera-equipacion-2025-2026.jpeg\" \/>\n\t<meta property=\"og:image:width\" content=\"1200\" \/>\n\t<meta property=\"og:image:height\" content=\"780\" \/>\n\t<meta property=\"og:image:type\" content=\"image\/jpeg\" \/>\n<meta name=\"author\" content=\"David Jim\u00e9nez\" \/>\n<meta name=\"twitter:card\" content=\"summary_large_image\" \/>\n<meta name=\"twitter:label1\" content=\"Written by\" \/>\n\t<meta name=\"twitter:data1\" content=\"David Jim\u00e9nez\" \/>\n\t<meta name=\"twitter:label2\" content=\"Est. reading time\" \/>\n\t<meta name=\"twitter:data2\" content=\"5 minutes\" \/>\n<script type=\"application\/ld+json\" class=\"yoast-schema-graph\">{\"@context\":\"https:\\\/\\\/schema.org\",\"@graph\":[{\"@type\":\"Article\",\"@id\":\"https:\\\/\\\/www.fcbarcelonanoticias.com\\\/en\\\/fc-barcelona\\\/barca-pays-tribute-to-the-sextuple-2025-26-third-kit_314219_102.html#article\",\"isPartOf\":{\"@id\":\"https:\\\/\\\/www.fcbarcelonanoticias.com\\\/en\\\/fc-barcelona\\\/barca-pays-tribute-to-the-sextuple-2025-26-third-kit_314219_102.html\"},\"author\":{\"name\":\"David Jim\u00e9nez\",\"@id\":\"https:\\\/\\\/www.fcbarcelonanoticias.com\\\/en\\\/#\\\/schema\\\/person\\\/ba19d9de61d41107240dd68c56521ef5\"},\"headline\":\"Bar\u00e7a pays tribute to the sextuple with its iconic new 2025\\\/26 third kit\",\"datePublished\":\"2025-08-19T10:26:00+00:00\",\"dateModified\":\"2025-08-27T21:57:00+00:00\",\"mainEntityOfPage\":{\"@id\":\"https:\\\/\\\/www.fcbarcelonanoticias.com\\\/en\\\/fc-barcelona\\\/barca-pays-tribute-to-the-sextuple-2025-26-third-kit_314219_102.html\"},\"wordCount\":926,\"image\":{\"@id\":\"https:\\\/\\\/www.fcbarcelonanoticias.com\\\/en\\\/fc-barcelona\\\/barca-pays-tribute-to-the-sextuple-2025-26-third-kit_314219_102.html#primaryimage\"},\"thumbnailUrl\":\"https:\\\/\\\/www.fcbarcelonanoticias.com\\\/en\\\/wp-content\\\/uploads\\\/sites\\\/2\\\/2025\\\/08\\\/camiseta-fc-barcelona-tercera-equipacion-2025-2026.jpeg\",\"keywords\":[\"T-shirt FC Barcelona\"],\"articleSection\":[\"FC Barcelona\"],\"inLanguage\":\"en-US\"},{\"@type\":\"WebPage\",\"@id\":\"https:\\\/\\\/www.fcbarcelonanoticias.com\\\/en\\\/fc-barcelona\\\/barca-pays-tribute-to-the-sextuple-2025-26-third-kit_314219_102.html\",\"url\":\"https:\\\/\\\/www.fcbarcelonanoticias.com\\\/en\\\/fc-barcelona\\\/barca-pays-tribute-to-the-sextuple-2025-26-third-kit_314219_102.html\",\"name\":\"Bar\u00e7a pays tribute to the sextuple | 2025\\\/26 Third Kit\",\"isPartOf\":{\"@id\":\"https:\\\/\\\/www.fcbarcelonanoticias.com\\\/en\\\/#website\"},\"primaryImageOfPage\":{\"@id\":\"https:\\\/\\\/www.fcbarcelonanoticias.com\\\/en\\\/fc-barcelona\\\/barca-pays-tribute-to-the-sextuple-2025-26-third-kit_314219_102.html#primaryimage\"},\"image\":{\"@id\":\"https:\\\/\\\/www.fcbarcelonanoticias.com\\\/en\\\/fc-barcelona\\\/barca-pays-tribute-to-the-sextuple-2025-26-third-kit_314219_102.html#primaryimage\"},\"thumbnailUrl\":\"https:\\\/\\\/www.fcbarcelonanoticias.com\\\/en\\\/wp-content\\\/uploads\\\/sites\\\/2\\\/2025\\\/08\\\/camiseta-fc-barcelona-tercera-equipacion-2025-2026.jpeg\",\"datePublished\":\"2025-08-19T10:26:00+00:00\",\"dateModified\":\"2025-08-27T21:57:00+00:00\",\"author\":{\"@id\":\"https:\\\/\\\/www.fcbarcelonanoticias.com\\\/en\\\/#\\\/schema\\\/person\\\/ba19d9de61d41107240dd68c56521ef5\"},\"description\":\"Relive the magic of the sextuple! FC Barcelona launches the new 'bright mango' third kit that will transport you to 2009. Discover the details and buy it!\",\"breadcrumb\":{\"@id\":\"https:\\\/\\\/www.fcbarcelonanoticias.com\\\/en\\\/fc-barcelona\\\/barca-pays-tribute-to-the-sextuple-2025-26-third-kit_314219_102.html#breadcrumb\"},\"inLanguage\":\"en-US\",\"potentialAction\":[{\"@type\":\"ReadAction\",\"target\":[\"https:\\\/\\\/www.fcbarcelonanoticias.com\\\/en\\\/fc-barcelona\\\/barca-pays-tribute-to-the-sextuple-2025-26-third-kit_314219_102.html\"]}]},{\"@type\":\"ImageObject\",\"inLanguage\":\"en-US\",\"@id\":\"https:\\\/\\\/www.fcbarcelonanoticias.com\\\/en\\\/fc-barcelona\\\/barca-pays-tribute-to-the-sextuple-2025-26-third-kit_314219_102.html#primaryimage\",\"url\":\"https:\\\/\\\/www.fcbarcelonanoticias.com\\\/en\\\/wp-content\\\/uploads\\\/sites\\\/2\\\/2025\\\/08\\\/camiseta-fc-barcelona-tercera-equipacion-2025-2026.jpeg\",\"contentUrl\":\"https:\\\/\\\/www.fcbarcelonanoticias.com\\\/en\\\/wp-content\\\/uploads\\\/sites\\\/2\\\/2025\\\/08\\\/camiseta-fc-barcelona-tercera-equipacion-2025-2026.jpeg\",\"width\":1200,\"height\":780},{\"@type\":\"BreadcrumbList\",\"@id\":\"https:\\\/\\\/www.fcbarcelonanoticias.com\\\/en\\\/fc-barcelona\\\/barca-pays-tribute-to-the-sextuple-2025-26-third-kit_314219_102.html#breadcrumb\",\"itemListElement\":[{\"@type\":\"ListItem\",\"position\":1,\"name\":\"Portada\",\"item\":\"https:\\\/\\\/www.fcbarcelonanoticias.com\\\/en\\\/\"},{\"@type\":\"ListItem\",\"position\":2,\"name\":\"Bar\u00e7a pays tribute to the sextuple with its iconic new 2025\\\/26 third kit\"}]},{\"@type\":\"WebSite\",\"@id\":\"https:\\\/\\\/www.fcbarcelonanoticias.com\\\/en\\\/#website\",\"url\":\"https:\\\/\\\/www.fcbarcelonanoticias.com\\\/en\\\/\",\"name\":\"EN - FC Barcelona Noticias\",\"description\":\"\",\"potentialAction\":[{\"@type\":\"SearchAction\",\"target\":{\"@type\":\"EntryPoint\",\"urlTemplate\":\"https:\\\/\\\/www.fcbarcelonanoticias.com\\\/en\\\/?s={search_term_string}\"},\"query-input\":{\"@type\":\"PropertyValueSpecification\",\"valueRequired\":true,\"valueName\":\"search_term_string\"}}],\"inLanguage\":\"en-US\"},{\"@type\":\"Person\",\"@id\":\"https:\\\/\\\/www.fcbarcelonanoticias.com\\\/en\\\/#\\\/schema\\\/person\\\/ba19d9de61d41107240dd68c56521ef5\",\"name\":\"David Jim\u00e9nez\",\"image\":{\"@type\":\"ImageObject\",\"inLanguage\":\"en-US\",\"@id\":\"https:\\\/\\\/secure.gravatar.com\\\/avatar\\\/?s=96&d=mm&r=g\",\"url\":\"https:\\\/\\\/secure.gravatar.com\\\/avatar\\\/?s=96&d=mm&r=g\",\"contentUrl\":\"https:\\\/\\\/secure.gravatar.com\\\/avatar\\\/?s=96&d=mm&r=g\",\"caption\":\"David Jim\u00e9nez\"},\"description\":\"Responsable editorial en FC Barcelona Noticias (FCBN).\u00a0Especializado en la actualidad del F\u00fatbol Club Barcelona: partidos, fichajes, an\u00e1lisis t\u00e1ctico y competiciones oficiales. Coordina coberturas, edici\u00f3n y est\u00e1ndares editoriales para garantizar rigor, contexto y verificaci\u00f3n de datos en todos los contenidos. Con gran experiencia en el ecosistema\u00a0digital deportivo, medios de comunicaci\u00f3n\u00a0y gesti\u00f3n de audiencias. Impulsa piezas explicativas, gu\u00edas pr\u00e1cticas y contenidos innovadores de servicio al lector, priorizando fuentes oficiales (F\u00fatbol Club Barcelona, LaLiga, UEFA, RFEF) y contrastes m\u00faltiples. Transparencia editorial: trabajamos conforme a nuestra Pol\u00edtica Editorial y Pol\u00edtica de Correcciones. M\u00e1s informaci\u00f3n sobre el medio en Qui\u00e9nes somos.\",\"url\":\"https:\\\/\\\/www.fcbarcelonanoticias.com\\\/en\\\/fc-barcelona\\\/david-jimenez_7_115.html\"}]}<\/script>\n<!-- \/ Yoast SEO plugin. -->","yoast_head_json":{"title":"Bar\u00e7a pays tribute to the sextuple | 2025\/26 Third Kit","description":"Relive the magic of the sextuple! FC Barcelona launches the new 'bright mango' third kit that will transport you to 2009. Discover the details and buy it!","robots":{"index":"index","follow":"follow","max-snippet":"max-snippet:-1","max-image-preview":"max-image-preview:large","max-video-preview":"max-video-preview:-1"},"canonical":"https:\/\/www.fcbarcelonanoticias.com\/en\/fc-barcelona\/barca-pays-tribute-to-the-sextuple-2025-26-third-kit_314219_102.html","og_locale":"en_US","og_type":"article","og_title":"Bar\u00e7a pays tribute to the sextuple | 2025\/26 Third Kit","og_description":"Relive the magic of the sextuple! FC Barcelona launches the new 'bright mango' third kit that will transport you to 2009. Discover the details and buy it!","og_url":"https:\/\/www.fcbarcelonanoticias.com\/en\/fc-barcelona\/barca-pays-tribute-to-the-sextuple-2025-26-third-kit_314219_102.html","og_site_name":"EN - FC Barcelona Noticias","article_published_time":"2025-08-19T10:26:00+00:00","article_modified_time":"2025-08-27T21:57:00+00:00","og_image":[{"width":1200,"height":780,"url":"https:\/\/www.fcbarcelonanoticias.com\/en\/wp-content\/uploads\/sites\/2\/2025\/08\/camiseta-fc-barcelona-tercera-equipacion-2025-2026.jpeg","type":"image\/jpeg"}],"author":"David Jim\u00e9nez","twitter_card":"summary_large_image","twitter_misc":{"Written by":"David Jim\u00e9nez","Est. reading time":"5 minutes"},"schema":{"@context":"https:\/\/schema.org","@graph":[{"@type":"Article","@id":"https:\/\/www.fcbarcelonanoticias.com\/en\/fc-barcelona\/barca-pays-tribute-to-the-sextuple-2025-26-third-kit_314219_102.html#article","isPartOf":{"@id":"https:\/\/www.fcbarcelonanoticias.com\/en\/fc-barcelona\/barca-pays-tribute-to-the-sextuple-2025-26-third-kit_314219_102.html"},"author":{"name":"David Jim\u00e9nez","@id":"https:\/\/www.fcbarcelonanoticias.com\/en\/#\/schema\/person\/ba19d9de61d41107240dd68c56521ef5"},"headline":"Bar\u00e7a pays tribute to the sextuple with its iconic new 2025\/26 third kit","datePublished":"2025-08-19T10:26:00+00:00","dateModified":"2025-08-27T21:57:00+00:00","mainEntityOfPage":{"@id":"https:\/\/www.fcbarcelonanoticias.com\/en\/fc-barcelona\/barca-pays-tribute-to-the-sextuple-2025-26-third-kit_314219_102.html"},"wordCount":926,"image":{"@id":"https:\/\/www.fcbarcelonanoticias.com\/en\/fc-barcelona\/barca-pays-tribute-to-the-sextuple-2025-26-third-kit_314219_102.html#primaryimage"},"thumbnailUrl":"https:\/\/www.fcbarcelonanoticias.com\/en\/wp-content\/uploads\/sites\/2\/2025\/08\/camiseta-fc-barcelona-tercera-equipacion-2025-2026.jpeg","keywords":["T-shirt FC Barcelona"],"articleSection":["FC Barcelona"],"inLanguage":"en-US"},{"@type":"WebPage","@id":"https:\/\/www.fcbarcelonanoticias.com\/en\/fc-barcelona\/barca-pays-tribute-to-the-sextuple-2025-26-third-kit_314219_102.html","url":"https:\/\/www.fcbarcelonanoticias.com\/en\/fc-barcelona\/barca-pays-tribute-to-the-sextuple-2025-26-third-kit_314219_102.html","name":"Bar\u00e7a pays tribute to the sextuple | 2025\/26 Third Kit","isPartOf":{"@id":"https:\/\/www.fcbarcelonanoticias.com\/en\/#website"},"primaryImageOfPage":{"@id":"https:\/\/www.fcbarcelonanoticias.com\/en\/fc-barcelona\/barca-pays-tribute-to-the-sextuple-2025-26-third-kit_314219_102.html#primaryimage"},"image":{"@id":"https:\/\/www.fcbarcelonanoticias.com\/en\/fc-barcelona\/barca-pays-tribute-to-the-sextuple-2025-26-third-kit_314219_102.html#primaryimage"},"thumbnailUrl":"https:\/\/www.fcbarcelonanoticias.com\/en\/wp-content\/uploads\/sites\/2\/2025\/08\/camiseta-fc-barcelona-tercera-equipacion-2025-2026.jpeg","datePublished":"2025-08-19T10:26:00+00:00","dateModified":"2025-08-27T21:57:00+00:00","author":{"@id":"https:\/\/www.fcbarcelonanoticias.com\/en\/#\/schema\/person\/ba19d9de61d41107240dd68c56521ef5"},"description":"Relive the magic of the sextuple! FC Barcelona launches the new 'bright mango' third kit that will transport you to 2009. Discover the details and buy it!","breadcrumb":{"@id":"https:\/\/www.fcbarcelonanoticias.com\/en\/fc-barcelona\/barca-pays-tribute-to-the-sextuple-2025-26-third-kit_314219_102.html#breadcrumb"},"inLanguage":"en-US","potentialAction":[{"@type":"ReadAction","target":["https:\/\/www.fcbarcelonanoticias.com\/en\/fc-barcelona\/barca-pays-tribute-to-the-sextuple-2025-26-third-kit_314219_102.html"]}]},{"@type":"ImageObject","inLanguage":"en-US","@id":"https:\/\/www.fcbarcelonanoticias.com\/en\/fc-barcelona\/barca-pays-tribute-to-the-sextuple-2025-26-third-kit_314219_102.html#primaryimage","url":"https:\/\/www.fcbarcelonanoticias.com\/en\/wp-content\/uploads\/sites\/2\/2025\/08\/camiseta-fc-barcelona-tercera-equipacion-2025-2026.jpeg","contentUrl":"https:\/\/www.fcbarcelonanoticias.com\/en\/wp-content\/uploads\/sites\/2\/2025\/08\/camiseta-fc-barcelona-tercera-equipacion-2025-2026.jpeg","width":1200,"height":780},{"@type":"BreadcrumbList","@id":"https:\/\/www.fcbarcelonanoticias.com\/en\/fc-barcelona\/barca-pays-tribute-to-the-sextuple-2025-26-third-kit_314219_102.html#breadcrumb","itemListElement":[{"@type":"ListItem","position":1,"name":"Portada","item":"https:\/\/www.fcbarcelonanoticias.com\/en\/"},{"@type":"ListItem","position":2,"name":"Bar\u00e7a pays tribute to the sextuple with its iconic new 2025\/26 third kit"}]},{"@type":"WebSite","@id":"https:\/\/www.fcbarcelonanoticias.com\/en\/#website","url":"https:\/\/www.fcbarcelonanoticias.com\/en\/","name":"EN - FC Barcelona Noticias","description":"","potentialAction":[{"@type":"SearchAction","target":{"@type":"EntryPoint","urlTemplate":"https:\/\/www.fcbarcelonanoticias.com\/en\/?s={search_term_string}"},"query-input":{"@type":"PropertyValueSpecification","valueRequired":true,"valueName":"search_term_string"}}],"inLanguage":"en-US"},{"@type":"Person","@id":"https:\/\/www.fcbarcelonanoticias.com\/en\/#\/schema\/person\/ba19d9de61d41107240dd68c56521ef5","name":"David Jim\u00e9nez","image":{"@type":"ImageObject","inLanguage":"en-US","@id":"https:\/\/secure.gravatar.com\/avatar\/?s=96&d=mm&r=g","url":"https:\/\/secure.gravatar.com\/avatar\/?s=96&d=mm&r=g","contentUrl":"https:\/\/secure.gravatar.com\/avatar\/?s=96&d=mm&r=g","caption":"David Jim\u00e9nez"},"description":"Responsable editorial en FC Barcelona Noticias (FCBN).\u00a0Especializado en la actualidad del F\u00fatbol Club Barcelona: partidos, fichajes, an\u00e1lisis t\u00e1ctico y competiciones oficiales. Coordina coberturas, edici\u00f3n y est\u00e1ndares editoriales para garantizar rigor, contexto y verificaci\u00f3n de datos en todos los contenidos. Con gran experiencia en el ecosistema\u00a0digital deportivo, medios de comunicaci\u00f3n\u00a0y gesti\u00f3n de audiencias. Impulsa piezas explicativas, gu\u00edas pr\u00e1cticas y contenidos innovadores de servicio al lector, priorizando fuentes oficiales (F\u00fatbol Club Barcelona, LaLiga, UEFA, RFEF) y contrastes m\u00faltiples. Transparencia editorial: trabajamos conforme a nuestra Pol\u00edtica Editorial y Pol\u00edtica de Correcciones. M\u00e1s informaci\u00f3n sobre el medio en Qui\u00e9nes somos.","url":"https:\/\/www.fcbarcelonanoticias.com\/en\/fc-barcelona\/david-jimenez_7_115.html"}]}},"_links":{"self":[{"href":"https:\/\/www.fcbarcelonanoticias.com\/en\/wp-json\/wp\/v2\/posts\/14349","targetHints":{"allow":["GET"]}}],"collection":[{"href":"https:\/\/www.fcbarcelonanoticias.com\/en\/wp-json\/wp\/v2\/posts"}],"about":[{"href":"https:\/\/www.fcbarcelonanoticias.com\/en\/wp-json\/wp\/v2\/types\/post"}],"author":[{"embeddable":true,"href":"https:\/\/www.fcbarcelonanoticias.com\/en\/wp-json\/wp\/v2\/users\/351"}],"replies":[{"embeddable":true,"href":"https:\/\/www.fcbarcelonanoticias.com\/en\/wp-json\/wp\/v2\/comments?post=14349"}],"version-history":[{"count":1,"href":"https:\/\/www.fcbarcelonanoticias.com\/en\/wp-json\/wp\/v2\/posts\/14349\/revisions"}],"predecessor-version":[{"id":102511,"href":"https:\/\/www.fcbarcelonanoticias.com\/en\/wp-json\/wp\/v2\/posts\/14349\/revisions\/102511"}],"wp:featuredmedia":[{"embeddable":true,"href":"https:\/\/www.fcbarcelonanoticias.com\/en\/wp-json\/wp\/v2\/media\/14350"}],"wp:attachment":[{"href":"https:\/\/www.fcbarcelonanoticias.com\/en\/wp-json\/wp\/v2\/media?parent=14349"}],"wp:term":[{"taxonomy":"category","embeddable":true,"href":"https:\/\/www.fcbarcelonanoticias.com\/en\/wp-json\/wp\/v2\/categories?post=14349"},{"taxonomy":"post_tag","embeddable":true,"href":"https:\/\/www.fcbarcelonanoticias.com\/en\/wp-json\/wp\/v2\/tags?post=14349"}],"curies":[{"name":"wp","href":"https:\/\/api.w.org\/{rel}","templated":true}]}}