{"id":143499,"date":"2023-03-01T21:46:00","date_gmt":"2023-03-01T20:46:00","guid":{"rendered":"https:\/\/weisetech.dev\/fc-barcelona-noticias\/en\/the-madrid-overtakes-fc-barcelona-in-career-for-gabri-veiga_290116_102\/"},"modified":"2023-03-01T21:47:00","modified_gmt":"2023-03-01T20:47:00","slug":"the-madrid-overtakes-fc-barcelona-in-career-for-gabri-veiga_290116_102","status":"publish","type":"post","link":"https:\/\/www.fcbarcelonanoticias.com\/en\/transfers\/the-madrid-overtakes-fc-barcelona-in-career-for-gabri-veiga_290116_102.html","title":{"rendered":"Madrid overtakes FC Barcelona in the &#8216;race&#8217; for Gabri Veiga"},"content":{"rendered":"<h2 class=\"wp-block-heading\">Gabriel Veiga&#8217;s great season with Celta de Vigo has not gone unnoticed in Chamart\u00edn. According to &#8216;Cadena SER&#8217;, Real Madrid could shortly present an offer for the midfielder, also wanted by FC Barcelona<\/h2>  \r\n<div class=\"article-addons\">\r\n    <a href=\"https:\/\/www.fcbarcelonanoticias.com\/en\/calendar-fc-barcelona.html\"\r\n       target=\"_self\"\r\n       title=\"Calendar of FC Barcelona\"\r\n       class=\"blue-gredient-btn\">\r\n       \r\n        Calendar of FC Barcelona    <\/a>\r\n<\/div>   <p>The Real Madrid could find in LaLiga a very profitable alternative to Jude Bellingham. As it advances the &#8216;Chain BE&#8217;, <strong>the &#8216;White House&#8217; could advance to the <a data-external=\"0\" data-intl-links-en=\"https:\/\/www.fcbarcelonanoticias.com\/en\/transfers\/signing-priority-barcelona-wants-other-magician-like-pedri-for-his-midfield_290114_102.html\" data-intl-links-es=\"https:\/\/www.fcbarcelonanoticias.com\/fichajes\/fichaje-prioritario-barcelona-quiere-otro-mago-como-pedri-para-su-mediocampo_290114_102.html\" href=\"https:\/\/www.fcbarcelonanoticias.com\/en\/transfers\/signing-priority-barcelona-wants-other-magician-like-pedri-for-his-midfield_290114_102.html\" rel=\"follow\" target=\"_self\" title=\"Fichaje prioritario: El Bar\u00e7a quiere otro 'mago' como Pedri para&nbsp;su&nbsp;mediocampo\">FC Barcelona<\/a> in the &#8216;career&#8217; by Gabriel Veig<\/strong>to, the mediocentro &#8216;fashionable&#8217; in the Spanish football. For Florentino P\u00e9rez, the player of the Celtic of Vigo represents a &#8216;plan B&#8217; for the star of the Borussia Dortmund, because of the high price that the Germans have put to the &#8216;crack&#8217; English.<\/p>  <p>And it is that <strong>the Borussia has planted in 150 million euros to leave go out to Jude<\/strong>, a very high figure for the plans of a Madrid that also prioritises fichar a forward in summer. Besides, the interest of several members of the &#8216;big six&#8217; of the Premier League (Chelsea, Manchester United, Liverpool and Manchester City) complicates the things for the &#8216;merengues&#8217; knowing that, if of chequebooks treats , the English go with advantage in this moment.<\/p>  <p>Thus, the option of Gabri Veiga is not for nothing despicable in Chamart\u00edn. <strong>The one of Porri\u00f1o has played it practically everything in League with the Celtic, adding 8 goals and 3 assistances in 22 parties <\/strong>(1.535 minutes). The Galician has &#8216;wetted&#8217; in duplicate the past weekend in the goleada in front of the Valladolid (3-0), something that already had achieved to beginnings of February in the fall in front of the Betis (3-4).<\/p>  <p>In this sense, <strong>&#8216;BE&#8217; ensures that the <a data-external=\"0\" data-intl-links-en=\"https:\/\/www.fcbarcelonanoticias.com\/en\/real-madrid\/real-madrid-rodrygo-sensation_290107_102.html\" data-intl-links-es=\"https:\/\/www.fcbarcelonanoticias.com\/real-madrid\/convocatoria-real-madrid-con-rodrygo-gran-sensacion-blanca-momento_290107_102.html\" href=\"https:\/\/www.fcbarcelonanoticias.com\/en\/real-madrid\/real-madrid-rodrygo-sensation_290107_102.html\" rel=\"follow\" target=\"_self\" title=\"La convocatoria del Real Madrid, con Rodrygo y la gran sensaci\u00f3n blanca del momento\">Real Madrid<\/a> even would contemplate to ensure his traspaso and leave him a more yielded year in<\/strong> Vigo so that it win shooting. With 20 years, Gabri Veiga gave the jump to the first team this season, after four seasons in the inferior of the Celtic. In Glass of Rey saw action in three parties, without goals neither assistances. <strong>His clause of rescission is of 40 &#8216;kilos&#8217;<\/strong>, \u20ac30m above his current value in Transfermarkt.<\/p>  <h3>The Bar\u00e7a neither loses of sight to Gabri Veiga<\/h3>  <p>Further of the interest of the Madrid, the Bar\u00e7a also follows very attentive to the progression of Veiga, the one who could arrive in summer if it confirms the exit of Sergio Busquets. <strong>The Galician has similar characteristics to <a data-external=\"0\" data-intl-links-en=\"https:\/\/www.fcbarcelonanoticias.com\/en\/transfers\/united-will-return-to-charge-for-frenkie-of-jong-in-summer_290089_102.html\" data-intl-links-es=\"https:\/\/www.fcbarcelonanoticias.com\/fichajes\/manchester-united-volvera-carga-por-fichaje-frenkie-jong-este-verano_290089_102.html\" href=\"https:\/\/www.fcbarcelonanoticias.com\/en\/transfers\/united-will-return-to-charge-for-frenkie-of-jong-in-summer_290089_102.html\" rel=\"follow\" target=\"_self\" title=\"FICHAJES: El Manchester United volver\u00e1 a la carga por Frenkie de Jong en verano\">Frenkie of Jong<\/a>, with a lot of arrival and good hit and vision of game<\/strong>, by which would adapt without problems to the diagram of Xavi Hern\u00e1ndez with three or four midfield players.<\/p>  <p>However, any bidding by Gabri will depend on some exit in summer that allow to do box and free mass salarial. <strong>For then, maybe it could be too late if the Real Madrid or some another club decide to accelerate for ficharle<\/strong>. In any case, cul\u00e9s and &#8216;merengues&#8217; will treat to prevent the exit of the player of 20 years to another foreign club where finish to explode and revalorizarse to a price, perhaps, prohibitivo by fault of the &#8216;fair play&#8217; financial Spanish.<\/p> ","protected":false},"excerpt":{"rendered":"<p>Gabriel Veiga&#8217;s great season with Celta de Vigo has not gone unnoticed in Chamart\u00edn. According to &#8216;Cadena SER&#8217;, Real Madrid could shortly present an offer for the midfielder, also wanted by FC Barcelona The Real Madrid could find in LaLiga a very profitable alternative to Jude Bellingham. As it advances the &#8216;Chain BE&#8217;, the &#8216;White [&hellip;]<\/p>\n","protected":false},"author":347,"featured_media":143503,"comment_status":"closed","ping_status":"open","sticky":false,"template":"","format":"standard","meta":{"_acf_changed":false,"inline_featured_image":false,"_nextfly_llmd_date_locked":false,"footnotes":""},"categories":[449,106],"tags":[71],"class_list":["post-143499","post","type-post","status-publish","format-standard","has-post-thumbnail","hentry","category-transfers-2","category-transfers","tag-celtic-of-vigo"],"acf":[],"yoast_head":"<!-- This site is optimized with the Yoast SEO plugin v27.3 - https:\/\/yoast.com\/product\/yoast-seo-wordpress\/ -->\n<title>Madrid overtakes FC Barcelona in the &#039;race&#039; for Gabri Veiga<\/title>\n<meta name=\"description\" content=\"Gabriel Veiga&#039;s great season with Celta de Vigo has not gone unnoticed in Chamart\u00edn. According to &#039;Cadena SER&#039;, Real Madrid could shortly present an offer for the midfielder, also wanted by FC Barcelona\" \/>\n<meta name=\"robots\" content=\"index, follow, max-snippet:-1, max-image-preview:large, max-video-preview:-1\" \/>\n<link rel=\"canonical\" href=\"https:\/\/www.fcbarcelonanoticias.com\/en\/transfers\/the-madrid-overtakes-fc-barcelona-in-career-for-gabri-veiga_290116_102.html\" \/>\n<meta property=\"og:locale\" content=\"en_US\" \/>\n<meta property=\"og:type\" content=\"article\" \/>\n<meta property=\"og:title\" content=\"Madrid overtakes FC Barcelona in the &#039;race&#039; for Gabri Veiga\" \/>\n<meta property=\"og:description\" content=\"Gabriel Veiga&#039;s great season with Celta de Vigo has not gone unnoticed in Chamart\u00edn. According to &#039;Cadena SER&#039;, Real Madrid could shortly present an offer for the midfielder, also wanted by FC Barcelona\" \/>\n<meta property=\"og:url\" content=\"https:\/\/www.fcbarcelonanoticias.com\/en\/transfers\/the-madrid-overtakes-fc-barcelona-in-career-for-gabri-veiga_290116_102.html\" \/>\n<meta property=\"og:site_name\" content=\"EN - FC Barcelona Noticias\" \/>\n<meta property=\"article:published_time\" content=\"2023-03-01T20:46:00+00:00\" \/>\n<meta property=\"article:modified_time\" content=\"2023-03-01T20:47:00+00:00\" \/>\n<meta property=\"og:image\" content=\"https:\/\/www.fcbarcelonanoticias.com\/en\/wp-content\/uploads\/sites\/2\/2023\/03\/gabriel-veiga-v-sevilla.jpeg\" \/>\n\t<meta property=\"og:image:width\" content=\"1300\" \/>\n\t<meta property=\"og:image:height\" content=\"732\" \/>\n\t<meta property=\"og:image:type\" content=\"image\/jpeg\" \/>\n<meta name=\"author\" content=\"Andr\u00e9s Quiroz\" \/>\n<meta name=\"twitter:card\" content=\"summary_large_image\" \/>\n<meta name=\"twitter:label1\" content=\"Written by\" \/>\n\t<meta name=\"twitter:data1\" content=\"Andr\u00e9s Quiroz\" \/>\n\t<meta name=\"twitter:label2\" content=\"Est. reading time\" \/>\n\t<meta name=\"twitter:data2\" content=\"3 minutes\" \/>\n<script type=\"application\/ld+json\" class=\"yoast-schema-graph\">{\"@context\":\"https:\\\/\\\/schema.org\",\"@graph\":[{\"@type\":\"Article\",\"@id\":\"https:\\\/\\\/www.fcbarcelonanoticias.com\\\/en\\\/transfers\\\/the-madrid-overtakes-fc-barcelona-in-career-for-gabri-veiga_290116_102.html#article\",\"isPartOf\":{\"@id\":\"https:\\\/\\\/www.fcbarcelonanoticias.com\\\/en\\\/transfers\\\/the-madrid-overtakes-fc-barcelona-in-career-for-gabri-veiga_290116_102.html\"},\"author\":{\"name\":\"Andr\u00e9s Quiroz\",\"@id\":\"https:\\\/\\\/www.fcbarcelonanoticias.com\\\/en\\\/#\\\/schema\\\/person\\\/c2cd9f6fa1af5c0d0eccd0fefa575c88\"},\"headline\":\"Madrid overtakes FC Barcelona in the &#8216;race&#8217; for Gabri Veiga\",\"datePublished\":\"2023-03-01T20:46:00+00:00\",\"dateModified\":\"2023-03-01T20:47:00+00:00\",\"mainEntityOfPage\":{\"@id\":\"https:\\\/\\\/www.fcbarcelonanoticias.com\\\/en\\\/transfers\\\/the-madrid-overtakes-fc-barcelona-in-career-for-gabri-veiga_290116_102.html\"},\"wordCount\":517,\"image\":{\"@id\":\"https:\\\/\\\/www.fcbarcelonanoticias.com\\\/en\\\/transfers\\\/the-madrid-overtakes-fc-barcelona-in-career-for-gabri-veiga_290116_102.html#primaryimage\"},\"thumbnailUrl\":\"https:\\\/\\\/www.fcbarcelonanoticias.com\\\/en\\\/wp-content\\\/uploads\\\/sites\\\/2\\\/2023\\\/03\\\/gabriel-veiga-v-sevilla.jpeg\",\"keywords\":[\"Celtic of Vigo\"],\"articleSection\":[\"Transfers\",\"Transfers\"],\"inLanguage\":\"en-US\"},{\"@type\":\"WebPage\",\"@id\":\"https:\\\/\\\/www.fcbarcelonanoticias.com\\\/en\\\/transfers\\\/the-madrid-overtakes-fc-barcelona-in-career-for-gabri-veiga_290116_102.html\",\"url\":\"https:\\\/\\\/www.fcbarcelonanoticias.com\\\/en\\\/transfers\\\/the-madrid-overtakes-fc-barcelona-in-career-for-gabri-veiga_290116_102.html\",\"name\":\"Madrid overtakes FC Barcelona in the 'race' for Gabri Veiga\",\"isPartOf\":{\"@id\":\"https:\\\/\\\/www.fcbarcelonanoticias.com\\\/en\\\/#website\"},\"primaryImageOfPage\":{\"@id\":\"https:\\\/\\\/www.fcbarcelonanoticias.com\\\/en\\\/transfers\\\/the-madrid-overtakes-fc-barcelona-in-career-for-gabri-veiga_290116_102.html#primaryimage\"},\"image\":{\"@id\":\"https:\\\/\\\/www.fcbarcelonanoticias.com\\\/en\\\/transfers\\\/the-madrid-overtakes-fc-barcelona-in-career-for-gabri-veiga_290116_102.html#primaryimage\"},\"thumbnailUrl\":\"https:\\\/\\\/www.fcbarcelonanoticias.com\\\/en\\\/wp-content\\\/uploads\\\/sites\\\/2\\\/2023\\\/03\\\/gabriel-veiga-v-sevilla.jpeg\",\"datePublished\":\"2023-03-01T20:46:00+00:00\",\"dateModified\":\"2023-03-01T20:47:00+00:00\",\"author\":{\"@id\":\"https:\\\/\\\/www.fcbarcelonanoticias.com\\\/en\\\/#\\\/schema\\\/person\\\/c2cd9f6fa1af5c0d0eccd0fefa575c88\"},\"description\":\"Gabriel Veiga's great season with Celta de Vigo has not gone unnoticed in Chamart\u00edn. According to 'Cadena SER', Real Madrid could shortly present an offer for the midfielder, also wanted by FC Barcelona\",\"breadcrumb\":{\"@id\":\"https:\\\/\\\/www.fcbarcelonanoticias.com\\\/en\\\/transfers\\\/the-madrid-overtakes-fc-barcelona-in-career-for-gabri-veiga_290116_102.html#breadcrumb\"},\"inLanguage\":\"en-US\",\"potentialAction\":[{\"@type\":\"ReadAction\",\"target\":[\"https:\\\/\\\/www.fcbarcelonanoticias.com\\\/en\\\/transfers\\\/the-madrid-overtakes-fc-barcelona-in-career-for-gabri-veiga_290116_102.html\"]}]},{\"@type\":\"ImageObject\",\"inLanguage\":\"en-US\",\"@id\":\"https:\\\/\\\/www.fcbarcelonanoticias.com\\\/en\\\/transfers\\\/the-madrid-overtakes-fc-barcelona-in-career-for-gabri-veiga_290116_102.html#primaryimage\",\"url\":\"https:\\\/\\\/www.fcbarcelonanoticias.com\\\/en\\\/wp-content\\\/uploads\\\/sites\\\/2\\\/2023\\\/03\\\/gabriel-veiga-v-sevilla.jpeg\",\"contentUrl\":\"https:\\\/\\\/www.fcbarcelonanoticias.com\\\/en\\\/wp-content\\\/uploads\\\/sites\\\/2\\\/2023\\\/03\\\/gabriel-veiga-v-sevilla.jpeg\",\"width\":1300,\"height\":732},{\"@type\":\"BreadcrumbList\",\"@id\":\"https:\\\/\\\/www.fcbarcelonanoticias.com\\\/en\\\/transfers\\\/the-madrid-overtakes-fc-barcelona-in-career-for-gabri-veiga_290116_102.html#breadcrumb\",\"itemListElement\":[{\"@type\":\"ListItem\",\"position\":1,\"name\":\"Portada\",\"item\":\"https:\\\/\\\/www.fcbarcelonanoticias.com\\\/en\\\/\"},{\"@type\":\"ListItem\",\"position\":2,\"name\":\"Madrid overtakes FC Barcelona in the &#8216;race&#8217; for Gabri Veiga\"}]},{\"@type\":\"WebSite\",\"@id\":\"https:\\\/\\\/www.fcbarcelonanoticias.com\\\/en\\\/#website\",\"url\":\"https:\\\/\\\/www.fcbarcelonanoticias.com\\\/en\\\/\",\"name\":\"EN - FC Barcelona Noticias\",\"description\":\"\",\"potentialAction\":[{\"@type\":\"SearchAction\",\"target\":{\"@type\":\"EntryPoint\",\"urlTemplate\":\"https:\\\/\\\/www.fcbarcelonanoticias.com\\\/en\\\/?s={search_term_string}\"},\"query-input\":{\"@type\":\"PropertyValueSpecification\",\"valueRequired\":true,\"valueName\":\"search_term_string\"}}],\"inLanguage\":\"en-US\"},{\"@type\":\"Person\",\"@id\":\"https:\\\/\\\/www.fcbarcelonanoticias.com\\\/en\\\/#\\\/schema\\\/person\\\/c2cd9f6fa1af5c0d0eccd0fefa575c88\",\"name\":\"Andr\u00e9s Quiroz\",\"image\":{\"@type\":\"ImageObject\",\"inLanguage\":\"en-US\",\"@id\":\"https:\\\/\\\/secure.gravatar.com\\\/avatar\\\/?s=96&d=mm&r=g\",\"url\":\"https:\\\/\\\/secure.gravatar.com\\\/avatar\\\/?s=96&d=mm&r=g\",\"contentUrl\":\"https:\\\/\\\/secure.gravatar.com\\\/avatar\\\/?s=96&d=mm&r=g\",\"caption\":\"Andr\u00e9s Quiroz\"},\"description\":\"Licenciado en Periodismo por la Universidad de los Andes. Me encargo de analizar y compartir los contenidos m\u00e1s destacados de la\u00a0actualidad del F\u00fatbol Club Barcelona, Mercado de Fichajes y F\u00fatbol Internacional en FCBN. La informaci\u00f3n es poder, pero tambi\u00e9n conocimiento.\",\"url\":\"https:\\\/\\\/www.fcbarcelonanoticias.com\\\/en\\\/fc-barcelona\\\/andres-quiroz_17_115.html\"}]}<\/script>\n<!-- \/ Yoast SEO plugin. -->","yoast_head_json":{"title":"Madrid overtakes FC Barcelona in the 'race' for Gabri Veiga","description":"Gabriel Veiga's great season with Celta de Vigo has not gone unnoticed in Chamart\u00edn. According to 'Cadena SER', Real Madrid could shortly present an offer for the midfielder, also wanted by FC Barcelona","robots":{"index":"index","follow":"follow","max-snippet":"max-snippet:-1","max-image-preview":"max-image-preview:large","max-video-preview":"max-video-preview:-1"},"canonical":"https:\/\/www.fcbarcelonanoticias.com\/en\/transfers\/the-madrid-overtakes-fc-barcelona-in-career-for-gabri-veiga_290116_102.html","og_locale":"en_US","og_type":"article","og_title":"Madrid overtakes FC Barcelona in the 'race' for Gabri Veiga","og_description":"Gabriel Veiga's great season with Celta de Vigo has not gone unnoticed in Chamart\u00edn. According to 'Cadena SER', Real Madrid could shortly present an offer for the midfielder, also wanted by FC Barcelona","og_url":"https:\/\/www.fcbarcelonanoticias.com\/en\/transfers\/the-madrid-overtakes-fc-barcelona-in-career-for-gabri-veiga_290116_102.html","og_site_name":"EN - FC Barcelona Noticias","article_published_time":"2023-03-01T20:46:00+00:00","article_modified_time":"2023-03-01T20:47:00+00:00","og_image":[{"width":1300,"height":732,"url":"https:\/\/www.fcbarcelonanoticias.com\/en\/wp-content\/uploads\/sites\/2\/2023\/03\/gabriel-veiga-v-sevilla.jpeg","type":"image\/jpeg"}],"author":"Andr\u00e9s Quiroz","twitter_card":"summary_large_image","twitter_misc":{"Written by":"Andr\u00e9s Quiroz","Est. reading time":"3 minutes"},"schema":{"@context":"https:\/\/schema.org","@graph":[{"@type":"Article","@id":"https:\/\/www.fcbarcelonanoticias.com\/en\/transfers\/the-madrid-overtakes-fc-barcelona-in-career-for-gabri-veiga_290116_102.html#article","isPartOf":{"@id":"https:\/\/www.fcbarcelonanoticias.com\/en\/transfers\/the-madrid-overtakes-fc-barcelona-in-career-for-gabri-veiga_290116_102.html"},"author":{"name":"Andr\u00e9s Quiroz","@id":"https:\/\/www.fcbarcelonanoticias.com\/en\/#\/schema\/person\/c2cd9f6fa1af5c0d0eccd0fefa575c88"},"headline":"Madrid overtakes FC Barcelona in the &#8216;race&#8217; for Gabri Veiga","datePublished":"2023-03-01T20:46:00+00:00","dateModified":"2023-03-01T20:47:00+00:00","mainEntityOfPage":{"@id":"https:\/\/www.fcbarcelonanoticias.com\/en\/transfers\/the-madrid-overtakes-fc-barcelona-in-career-for-gabri-veiga_290116_102.html"},"wordCount":517,"image":{"@id":"https:\/\/www.fcbarcelonanoticias.com\/en\/transfers\/the-madrid-overtakes-fc-barcelona-in-career-for-gabri-veiga_290116_102.html#primaryimage"},"thumbnailUrl":"https:\/\/www.fcbarcelonanoticias.com\/en\/wp-content\/uploads\/sites\/2\/2023\/03\/gabriel-veiga-v-sevilla.jpeg","keywords":["Celtic of Vigo"],"articleSection":["Transfers","Transfers"],"inLanguage":"en-US"},{"@type":"WebPage","@id":"https:\/\/www.fcbarcelonanoticias.com\/en\/transfers\/the-madrid-overtakes-fc-barcelona-in-career-for-gabri-veiga_290116_102.html","url":"https:\/\/www.fcbarcelonanoticias.com\/en\/transfers\/the-madrid-overtakes-fc-barcelona-in-career-for-gabri-veiga_290116_102.html","name":"Madrid overtakes FC Barcelona in the 'race' for Gabri Veiga","isPartOf":{"@id":"https:\/\/www.fcbarcelonanoticias.com\/en\/#website"},"primaryImageOfPage":{"@id":"https:\/\/www.fcbarcelonanoticias.com\/en\/transfers\/the-madrid-overtakes-fc-barcelona-in-career-for-gabri-veiga_290116_102.html#primaryimage"},"image":{"@id":"https:\/\/www.fcbarcelonanoticias.com\/en\/transfers\/the-madrid-overtakes-fc-barcelona-in-career-for-gabri-veiga_290116_102.html#primaryimage"},"thumbnailUrl":"https:\/\/www.fcbarcelonanoticias.com\/en\/wp-content\/uploads\/sites\/2\/2023\/03\/gabriel-veiga-v-sevilla.jpeg","datePublished":"2023-03-01T20:46:00+00:00","dateModified":"2023-03-01T20:47:00+00:00","author":{"@id":"https:\/\/www.fcbarcelonanoticias.com\/en\/#\/schema\/person\/c2cd9f6fa1af5c0d0eccd0fefa575c88"},"description":"Gabriel Veiga's great season with Celta de Vigo has not gone unnoticed in Chamart\u00edn. According to 'Cadena SER', Real Madrid could shortly present an offer for the midfielder, also wanted by FC Barcelona","breadcrumb":{"@id":"https:\/\/www.fcbarcelonanoticias.com\/en\/transfers\/the-madrid-overtakes-fc-barcelona-in-career-for-gabri-veiga_290116_102.html#breadcrumb"},"inLanguage":"en-US","potentialAction":[{"@type":"ReadAction","target":["https:\/\/www.fcbarcelonanoticias.com\/en\/transfers\/the-madrid-overtakes-fc-barcelona-in-career-for-gabri-veiga_290116_102.html"]}]},{"@type":"ImageObject","inLanguage":"en-US","@id":"https:\/\/www.fcbarcelonanoticias.com\/en\/transfers\/the-madrid-overtakes-fc-barcelona-in-career-for-gabri-veiga_290116_102.html#primaryimage","url":"https:\/\/www.fcbarcelonanoticias.com\/en\/wp-content\/uploads\/sites\/2\/2023\/03\/gabriel-veiga-v-sevilla.jpeg","contentUrl":"https:\/\/www.fcbarcelonanoticias.com\/en\/wp-content\/uploads\/sites\/2\/2023\/03\/gabriel-veiga-v-sevilla.jpeg","width":1300,"height":732},{"@type":"BreadcrumbList","@id":"https:\/\/www.fcbarcelonanoticias.com\/en\/transfers\/the-madrid-overtakes-fc-barcelona-in-career-for-gabri-veiga_290116_102.html#breadcrumb","itemListElement":[{"@type":"ListItem","position":1,"name":"Portada","item":"https:\/\/www.fcbarcelonanoticias.com\/en\/"},{"@type":"ListItem","position":2,"name":"Madrid overtakes FC Barcelona in the &#8216;race&#8217; for Gabri Veiga"}]},{"@type":"WebSite","@id":"https:\/\/www.fcbarcelonanoticias.com\/en\/#website","url":"https:\/\/www.fcbarcelonanoticias.com\/en\/","name":"EN - FC Barcelona Noticias","description":"","potentialAction":[{"@type":"SearchAction","target":{"@type":"EntryPoint","urlTemplate":"https:\/\/www.fcbarcelonanoticias.com\/en\/?s={search_term_string}"},"query-input":{"@type":"PropertyValueSpecification","valueRequired":true,"valueName":"search_term_string"}}],"inLanguage":"en-US"},{"@type":"Person","@id":"https:\/\/www.fcbarcelonanoticias.com\/en\/#\/schema\/person\/c2cd9f6fa1af5c0d0eccd0fefa575c88","name":"Andr\u00e9s Quiroz","image":{"@type":"ImageObject","inLanguage":"en-US","@id":"https:\/\/secure.gravatar.com\/avatar\/?s=96&d=mm&r=g","url":"https:\/\/secure.gravatar.com\/avatar\/?s=96&d=mm&r=g","contentUrl":"https:\/\/secure.gravatar.com\/avatar\/?s=96&d=mm&r=g","caption":"Andr\u00e9s Quiroz"},"description":"Licenciado en Periodismo por la Universidad de los Andes. Me encargo de analizar y compartir los contenidos m\u00e1s destacados de la\u00a0actualidad del F\u00fatbol Club Barcelona, Mercado de Fichajes y F\u00fatbol Internacional en FCBN. La informaci\u00f3n es poder, pero tambi\u00e9n conocimiento.","url":"https:\/\/www.fcbarcelonanoticias.com\/en\/fc-barcelona\/andres-quiroz_17_115.html"}]}},"_links":{"self":[{"href":"https:\/\/www.fcbarcelonanoticias.com\/en\/wp-json\/wp\/v2\/posts\/143499","targetHints":{"allow":["GET"]}}],"collection":[{"href":"https:\/\/www.fcbarcelonanoticias.com\/en\/wp-json\/wp\/v2\/posts"}],"about":[{"href":"https:\/\/www.fcbarcelonanoticias.com\/en\/wp-json\/wp\/v2\/types\/post"}],"author":[{"embeddable":true,"href":"https:\/\/www.fcbarcelonanoticias.com\/en\/wp-json\/wp\/v2\/users\/347"}],"replies":[{"embeddable":true,"href":"https:\/\/www.fcbarcelonanoticias.com\/en\/wp-json\/wp\/v2\/comments?post=143499"}],"version-history":[{"count":1,"href":"https:\/\/www.fcbarcelonanoticias.com\/en\/wp-json\/wp\/v2\/posts\/143499\/revisions"}],"predecessor-version":[{"id":155873,"href":"https:\/\/www.fcbarcelonanoticias.com\/en\/wp-json\/wp\/v2\/posts\/143499\/revisions\/155873"}],"wp:featuredmedia":[{"embeddable":true,"href":"https:\/\/www.fcbarcelonanoticias.com\/en\/wp-json\/wp\/v2\/media\/143503"}],"wp:attachment":[{"href":"https:\/\/www.fcbarcelonanoticias.com\/en\/wp-json\/wp\/v2\/media?parent=143499"}],"wp:term":[{"taxonomy":"category","embeddable":true,"href":"https:\/\/www.fcbarcelonanoticias.com\/en\/wp-json\/wp\/v2\/categories?post=143499"},{"taxonomy":"post_tag","embeddable":true,"href":"https:\/\/www.fcbarcelonanoticias.com\/en\/wp-json\/wp\/v2\/tags?post=143499"}],"curies":[{"name":"wp","href":"https:\/\/api.w.org\/{rel}","templated":true}]}}