{"id":143507,"date":"2024-06-19T18:57:00","date_gmt":"2024-06-19T16:57:00","guid":{"rendered":"https:\/\/weisetech.dev\/fc-barcelona-noticias\/en\/the-story-of-how-fc-barcelona-missed-the-signing-of-arda-guler_304663_102\/"},"modified":"2024-06-20T00:30:00","modified_gmt":"2024-06-19T22:30:00","slug":"the-story-of-how-fc-barcelona-missed-the-signing-of-arda-guler_304663_102","status":"publish","type":"post","link":"https:\/\/www.fcbarcelonanoticias.com\/en\/transfers\/the-story-of-how-fc-barcelona-missed-the-signing-of-arda-guler_304663_102.html","title":{"rendered":"The story of how FC Barcelona missed the signing of Arda G\u00fcler"},"content":{"rendered":"<h2 class=\"wp-block-heading\">Arda G\u00fcler continues to leave flashes of &#8216;crack&#8217; in every opportunity she has to see action. Now, with Turkey in the Euro Cup, he scored a great goal in the Ottomans&#8217; 3-1 victory against Georgia, demonstrating once again why Deco insisted on signing him for the cul\u00e9 team<\/h2>  \r\n<div class=\"article-addons\">\r\n    <a href=\"https:\/\/www.fcbarcelonanoticias.com\/en\/calendar-fc-barcelona.html\"\r\n       target=\"_self\"\r\n       title=\"Calendar of FC Barcelona\"\r\n       class=\"blue-gredient-btn\">\r\n       \r\n        Calendar of FC Barcelona    <\/a>\r\n<\/div>   <p>Burn G\u00fcler follows showing that, to his scarce 19 years, is a player that easily can be cataloged like a &#8216;distinct&#8217;. The one of Ankara received the confidence of his trainer in the selection of Turkey, Vicenzo Montella, to form part of the eleven initial <a data-external=\"0\" data-intl-links-en=\"https:\/\/www.fcbarcelonanoticias.com\/en\/euro-2024-football-news-matches-results\/it-burn-guler-guide-with-golazo-the-suffered-triumph-of-turkey-in-front-of-georgia-3-1_304629_102.html\" data-intl-links-es=\"https:\/\/www.fcbarcelonanoticias.com\/eurocopa-2024\/arda-guler-guia-con-golazo-sufrido-triunfo-turquia-georgia-3-1_304629_102.html\" href=\"https:\/\/www.fcbarcelonanoticias.com\/en\/euro-2024-football-news-matches-results\/it-burn-guler-guide-with-golazo-the-suffered-triumph-of-turkey-in-front-of-georgia-3-1_304629_102.html\" rel=\"follow\" target=\"_self\" title=\"Arda G\u00fcler gu\u00eda con un golazo el sufrido triunfo de Turqu\u00eda ante Georgia (3-1)\">in the debut of the Eurocopa 2024 against Georgia<\/a>. And how it answered? <strong>With an authentic golazo: a powerful shot with the left leg from out of the area and that finished incrust\u00e1ndose in the square of the goal defended by Mamardashvili<\/strong>. With this annotation, turned into one of the goleadores younger in the history of the Eurocopa, winning even more the admiration of the &#8216;bloated&#8217; otomana, those who already begin it to call the &#8216;Messi Turkish&#8217;.<\/p>  <p>Curiously, <strong>the &#8216;Messi Turkish&#8217; was to at all to form part of the FC Barcelona in the market of past summer<\/strong>. Nevertheless, the operation finally fell because of economic problems that have been able to brake more than a transaction for the picture cul\u00e9 in the last time.<\/p>  <p>In fact, G\u00fcler was so near of the combined Catalan that even Deco, sportive director of the club of the City Condal, <a data-external=\"0\" data-intl-links-en=\"https:\/\/www.fcbarcelonanoticias.com\/en\/transfers\/deco-meeted-with-arda-guler-without-options-to-be-able-to-sign-him_293992_102.html\" data-intl-links-es=\"https:\/\/www.fcbarcelonanoticias.com\/fichajes\/deco-se-reunio-con-arda-guler-sin-opciones-poder-ficharle_293992_102.html\" href=\"https:\/\/www.fcbarcelonanoticias.com\/en\/transfers\/deco-meeted-with-arda-guler-without-options-to-be-able-to-sign-him_293992_102.html\" rel=\"follow\" target=\"_self\" title=\"Deco se reuni\u00f3 con Arda G\u00fcler sin opciones de poder ficharle\">travelled to Turkey for ultimar the details of the operation<\/a>. In principle, already there was a previous agreement with the Fenerbah\u00e7e, proprietary cast of his pass in this moment, <strong>in which it Burn went to be followed to loan by a year more, but this time being property of the Bar\u00e7a<\/strong>.<\/p>  <h2>The reason whereby fell the traspaso of Burn G\u00fcler to the FC Barcelona<\/h2>  <p>However, the Portuguese did not expect that this first operation, that had been advanced by Mateu Alemany, would be much more far to concretise of the expected. Although the agreement with the &#8216;Yellow Canarians&#8217; kept the same, <strong>Deco did not have that the wish of G\u00fcler and his surroundings was to abandon the Turkish football the sooner possible<\/strong>. This did that the option to leave it yielded in the Fenerbah\u00e7e descartara, which added complexity to the negotiation.<\/p>  <p>Nevertheless, the sportive director cul\u00e9, recognising the quality of the player and considering that it was worthwhile to do an effort for doing of his services, <strong>engaged to look for a new cession if it Burn G\u00fcler sealed his commitment with the FC Barcelona<\/strong>. This new movement seemed to have few hopes from the perspective of Deco, the one who knew that if some European club &#8216;top&#8217; hinder in the bidding, probably would carry it to him, as finally sucedi\u00f3. <a data-external=\"0\" data-intl-links-en=\"https:\/\/www.fcbarcelonanoticias.com\/en\/transfers\/official-madrid-announce-arda-guler-and-confirms-his-robbery-of-barca_293848_102.html\" data-intl-links-es=\"https:\/\/www.fcbarcelonanoticias.com\/fichajes\/oficial-madrid-anuncia-arda-guler-confirma-su-robo-al-barcelona_293848_102.html\" href=\"https:\/\/www.fcbarcelonanoticias.com\/en\/transfers\/official-madrid-announce-arda-guler-and-confirms-his-robbery-of-barca_293848_102.html\" rel=\"follow\" target=\"_self\" title=\"OFICIAL: El Madrid anuncia a Arda G\u00fcler y confirma su 'robo'&nbsp;al&nbsp;Bar\u00e7a\">Shortly after it announced his signing by the Real Madrid<\/a>, by a mount of 20 M\u20ac more other 10 in variables, <strong>a mount that it could remain short if it continues with the ascending progression that him augura<\/strong>.<\/p> ","protected":false},"excerpt":{"rendered":"<p>Arda G\u00fcler continues to leave flashes of &#8216;crack&#8217; in every opportunity she has to see action. Now, with Turkey in the Euro Cup, he scored a great goal in the Ottomans&#8217; 3-1 victory against Georgia, demonstrating once again why Deco insisted on signing him for the cul\u00e9 team Burn G\u00fcler follows showing that, to his [&hellip;]<\/p>\n","protected":false},"author":355,"featured_media":143512,"comment_status":"closed","ping_status":"open","sticky":false,"template":"","format":"standard","meta":{"_acf_changed":false,"inline_featured_image":false,"_nextfly_llmd_date_locked":false,"footnotes":""},"categories":[106,449],"tags":[],"class_list":["post-143507","post","type-post","status-publish","format-standard","has-post-thumbnail","hentry","category-transfers","category-transfers-2"],"acf":[],"yoast_head":"<!-- This site is optimized with the Yoast SEO plugin v27.3 - https:\/\/yoast.com\/product\/yoast-seo-wordpress\/ -->\n<title>The story of how FC Barcelona missed the signing of Arda G\u00fcler<\/title>\n<meta name=\"description\" content=\"Arda G\u00fcler continues to leave flashes of &#039;crack&#039; in every opportunity she has to see action. Now, with Turkey in the Euro Cup, he scored a great goal in the Ottomans&#039; 3-1 victory against Georgia, demonstrating once again why Deco insisted on signing him for the cul\u00e9 team\" \/>\n<meta name=\"robots\" content=\"index, follow, max-snippet:-1, max-image-preview:large, max-video-preview:-1\" \/>\n<link rel=\"canonical\" href=\"https:\/\/www.fcbarcelonanoticias.com\/en\/transfers\/the-story-of-how-fc-barcelona-missed-the-signing-of-arda-guler_304663_102.html\" \/>\n<meta property=\"og:locale\" content=\"en_US\" \/>\n<meta property=\"og:type\" content=\"article\" \/>\n<meta property=\"og:title\" content=\"The story of how FC Barcelona missed the signing of Arda G\u00fcler\" \/>\n<meta property=\"og:description\" content=\"Arda G\u00fcler continues to leave flashes of &#039;crack&#039; in every opportunity she has to see action. Now, with Turkey in the Euro Cup, he scored a great goal in the Ottomans&#039; 3-1 victory against Georgia, demonstrating once again why Deco insisted on signing him for the cul\u00e9 team\" \/>\n<meta property=\"og:url\" content=\"https:\/\/www.fcbarcelonanoticias.com\/en\/transfers\/the-story-of-how-fc-barcelona-missed-the-signing-of-arda-guler_304663_102.html\" \/>\n<meta property=\"og:site_name\" content=\"EN - FC Barcelona Noticias\" \/>\n<meta property=\"article:published_time\" content=\"2024-06-19T16:57:00+00:00\" \/>\n<meta property=\"article:modified_time\" content=\"2024-06-19T22:30:00+00:00\" \/>\n<meta property=\"og:image\" content=\"https:\/\/www.fcbarcelonanoticias.com\/en\/wp-content\/uploads\/sites\/2\/2024\/06\/arda-gueler-en-el-duelo-entre-la-seleccion-de-turquia-y-georgia-en-la-eurocopa-2024.png\" \/>\n\t<meta property=\"og:image:width\" content=\"1300\" \/>\n\t<meta property=\"og:image:height\" content=\"732\" \/>\n\t<meta property=\"og:image:type\" content=\"image\/png\" \/>\n<meta name=\"author\" content=\"Kevin G\u00f3mez\" \/>\n<meta name=\"twitter:card\" content=\"summary_large_image\" \/>\n<meta name=\"twitter:label1\" content=\"Written by\" \/>\n\t<meta name=\"twitter:data1\" content=\"Kevin G\u00f3mez\" \/>\n\t<meta name=\"twitter:label2\" content=\"Est. reading time\" \/>\n\t<meta name=\"twitter:data2\" content=\"3 minutes\" \/>\n<script type=\"application\/ld+json\" class=\"yoast-schema-graph\">{\"@context\":\"https:\\\/\\\/schema.org\",\"@graph\":[{\"@type\":\"Article\",\"@id\":\"https:\\\/\\\/www.fcbarcelonanoticias.com\\\/en\\\/transfers\\\/the-story-of-how-fc-barcelona-missed-the-signing-of-arda-guler_304663_102.html#article\",\"isPartOf\":{\"@id\":\"https:\\\/\\\/www.fcbarcelonanoticias.com\\\/en\\\/transfers\\\/the-story-of-how-fc-barcelona-missed-the-signing-of-arda-guler_304663_102.html\"},\"author\":{\"name\":\"Kevin G\u00f3mez\",\"@id\":\"https:\\\/\\\/www.fcbarcelonanoticias.com\\\/en\\\/#\\\/schema\\\/person\\\/991443f134df9a64c6874f96ff984c9d\"},\"headline\":\"The story of how FC Barcelona missed the signing of Arda G\u00fcler\",\"datePublished\":\"2024-06-19T16:57:00+00:00\",\"dateModified\":\"2024-06-19T22:30:00+00:00\",\"mainEntityOfPage\":{\"@id\":\"https:\\\/\\\/www.fcbarcelonanoticias.com\\\/en\\\/transfers\\\/the-story-of-how-fc-barcelona-missed-the-signing-of-arda-guler_304663_102.html\"},\"wordCount\":518,\"image\":{\"@id\":\"https:\\\/\\\/www.fcbarcelonanoticias.com\\\/en\\\/transfers\\\/the-story-of-how-fc-barcelona-missed-the-signing-of-arda-guler_304663_102.html#primaryimage\"},\"thumbnailUrl\":\"https:\\\/\\\/www.fcbarcelonanoticias.com\\\/en\\\/wp-content\\\/uploads\\\/sites\\\/2\\\/2024\\\/06\\\/arda-gueler-en-el-duelo-entre-la-seleccion-de-turquia-y-georgia-en-la-eurocopa-2024.png\",\"articleSection\":[\"Transfers\",\"Transfers\"],\"inLanguage\":\"en-US\"},{\"@type\":\"WebPage\",\"@id\":\"https:\\\/\\\/www.fcbarcelonanoticias.com\\\/en\\\/transfers\\\/the-story-of-how-fc-barcelona-missed-the-signing-of-arda-guler_304663_102.html\",\"url\":\"https:\\\/\\\/www.fcbarcelonanoticias.com\\\/en\\\/transfers\\\/the-story-of-how-fc-barcelona-missed-the-signing-of-arda-guler_304663_102.html\",\"name\":\"The story of how FC Barcelona missed the signing of Arda G\u00fcler\",\"isPartOf\":{\"@id\":\"https:\\\/\\\/www.fcbarcelonanoticias.com\\\/en\\\/#website\"},\"primaryImageOfPage\":{\"@id\":\"https:\\\/\\\/www.fcbarcelonanoticias.com\\\/en\\\/transfers\\\/the-story-of-how-fc-barcelona-missed-the-signing-of-arda-guler_304663_102.html#primaryimage\"},\"image\":{\"@id\":\"https:\\\/\\\/www.fcbarcelonanoticias.com\\\/en\\\/transfers\\\/the-story-of-how-fc-barcelona-missed-the-signing-of-arda-guler_304663_102.html#primaryimage\"},\"thumbnailUrl\":\"https:\\\/\\\/www.fcbarcelonanoticias.com\\\/en\\\/wp-content\\\/uploads\\\/sites\\\/2\\\/2024\\\/06\\\/arda-gueler-en-el-duelo-entre-la-seleccion-de-turquia-y-georgia-en-la-eurocopa-2024.png\",\"datePublished\":\"2024-06-19T16:57:00+00:00\",\"dateModified\":\"2024-06-19T22:30:00+00:00\",\"author\":{\"@id\":\"https:\\\/\\\/www.fcbarcelonanoticias.com\\\/en\\\/#\\\/schema\\\/person\\\/991443f134df9a64c6874f96ff984c9d\"},\"description\":\"Arda G\u00fcler continues to leave flashes of 'crack' in every opportunity she has to see action. Now, with Turkey in the Euro Cup, he scored a great goal in the Ottomans' 3-1 victory against Georgia, demonstrating once again why Deco insisted on signing him for the cul\u00e9 team\",\"breadcrumb\":{\"@id\":\"https:\\\/\\\/www.fcbarcelonanoticias.com\\\/en\\\/transfers\\\/the-story-of-how-fc-barcelona-missed-the-signing-of-arda-guler_304663_102.html#breadcrumb\"},\"inLanguage\":\"en-US\",\"potentialAction\":[{\"@type\":\"ReadAction\",\"target\":[\"https:\\\/\\\/www.fcbarcelonanoticias.com\\\/en\\\/transfers\\\/the-story-of-how-fc-barcelona-missed-the-signing-of-arda-guler_304663_102.html\"]}]},{\"@type\":\"ImageObject\",\"inLanguage\":\"en-US\",\"@id\":\"https:\\\/\\\/www.fcbarcelonanoticias.com\\\/en\\\/transfers\\\/the-story-of-how-fc-barcelona-missed-the-signing-of-arda-guler_304663_102.html#primaryimage\",\"url\":\"https:\\\/\\\/www.fcbarcelonanoticias.com\\\/en\\\/wp-content\\\/uploads\\\/sites\\\/2\\\/2024\\\/06\\\/arda-gueler-en-el-duelo-entre-la-seleccion-de-turquia-y-georgia-en-la-eurocopa-2024.png\",\"contentUrl\":\"https:\\\/\\\/www.fcbarcelonanoticias.com\\\/en\\\/wp-content\\\/uploads\\\/sites\\\/2\\\/2024\\\/06\\\/arda-gueler-en-el-duelo-entre-la-seleccion-de-turquia-y-georgia-en-la-eurocopa-2024.png\",\"width\":1300,\"height\":732},{\"@type\":\"BreadcrumbList\",\"@id\":\"https:\\\/\\\/www.fcbarcelonanoticias.com\\\/en\\\/transfers\\\/the-story-of-how-fc-barcelona-missed-the-signing-of-arda-guler_304663_102.html#breadcrumb\",\"itemListElement\":[{\"@type\":\"ListItem\",\"position\":1,\"name\":\"Portada\",\"item\":\"https:\\\/\\\/www.fcbarcelonanoticias.com\\\/en\\\/\"},{\"@type\":\"ListItem\",\"position\":2,\"name\":\"The story of how FC Barcelona missed the signing of Arda G\u00fcler\"}]},{\"@type\":\"WebSite\",\"@id\":\"https:\\\/\\\/www.fcbarcelonanoticias.com\\\/en\\\/#website\",\"url\":\"https:\\\/\\\/www.fcbarcelonanoticias.com\\\/en\\\/\",\"name\":\"EN - FC Barcelona Noticias\",\"description\":\"\",\"potentialAction\":[{\"@type\":\"SearchAction\",\"target\":{\"@type\":\"EntryPoint\",\"urlTemplate\":\"https:\\\/\\\/www.fcbarcelonanoticias.com\\\/en\\\/?s={search_term_string}\"},\"query-input\":{\"@type\":\"PropertyValueSpecification\",\"valueRequired\":true,\"valueName\":\"search_term_string\"}}],\"inLanguage\":\"en-US\"},{\"@type\":\"Person\",\"@id\":\"https:\\\/\\\/www.fcbarcelonanoticias.com\\\/en\\\/#\\\/schema\\\/person\\\/991443f134df9a64c6874f96ff984c9d\",\"name\":\"Kevin G\u00f3mez\",\"image\":{\"@type\":\"ImageObject\",\"inLanguage\":\"en-US\",\"@id\":\"https:\\\/\\\/secure.gravatar.com\\\/avatar\\\/?s=96&d=mm&r=g\",\"url\":\"https:\\\/\\\/secure.gravatar.com\\\/avatar\\\/?s=96&d=mm&r=g\",\"contentUrl\":\"https:\\\/\\\/secure.gravatar.com\\\/avatar\\\/?s=96&d=mm&r=g\",\"caption\":\"Kevin G\u00f3mez\"},\"description\":\"Licenciado\u00a0en Periodismo y Comunicaci\u00f3n Audiovisual. Redactor en FCBN responsable de cubrir toda\u00a0la informaci\u00f3n del FC Barcelona y las principales competiciones de\u00a0f\u00fatbol.\",\"url\":\"https:\\\/\\\/www.fcbarcelonanoticias.com\\\/en\\\/jugadores\\\/kevin-gomez_23_115.html\"}]}<\/script>\n<!-- \/ Yoast SEO plugin. -->","yoast_head_json":{"title":"The story of how FC Barcelona missed the signing of Arda G\u00fcler","description":"Arda G\u00fcler continues to leave flashes of 'crack' in every opportunity she has to see action. Now, with Turkey in the Euro Cup, he scored a great goal in the Ottomans' 3-1 victory against Georgia, demonstrating once again why Deco insisted on signing him for the cul\u00e9 team","robots":{"index":"index","follow":"follow","max-snippet":"max-snippet:-1","max-image-preview":"max-image-preview:large","max-video-preview":"max-video-preview:-1"},"canonical":"https:\/\/www.fcbarcelonanoticias.com\/en\/transfers\/the-story-of-how-fc-barcelona-missed-the-signing-of-arda-guler_304663_102.html","og_locale":"en_US","og_type":"article","og_title":"The story of how FC Barcelona missed the signing of Arda G\u00fcler","og_description":"Arda G\u00fcler continues to leave flashes of 'crack' in every opportunity she has to see action. Now, with Turkey in the Euro Cup, he scored a great goal in the Ottomans' 3-1 victory against Georgia, demonstrating once again why Deco insisted on signing him for the cul\u00e9 team","og_url":"https:\/\/www.fcbarcelonanoticias.com\/en\/transfers\/the-story-of-how-fc-barcelona-missed-the-signing-of-arda-guler_304663_102.html","og_site_name":"EN - FC Barcelona Noticias","article_published_time":"2024-06-19T16:57:00+00:00","article_modified_time":"2024-06-19T22:30:00+00:00","og_image":[{"width":1300,"height":732,"url":"https:\/\/www.fcbarcelonanoticias.com\/en\/wp-content\/uploads\/sites\/2\/2024\/06\/arda-gueler-en-el-duelo-entre-la-seleccion-de-turquia-y-georgia-en-la-eurocopa-2024.png","type":"image\/png"}],"author":"Kevin G\u00f3mez","twitter_card":"summary_large_image","twitter_misc":{"Written by":"Kevin G\u00f3mez","Est. reading time":"3 minutes"},"schema":{"@context":"https:\/\/schema.org","@graph":[{"@type":"Article","@id":"https:\/\/www.fcbarcelonanoticias.com\/en\/transfers\/the-story-of-how-fc-barcelona-missed-the-signing-of-arda-guler_304663_102.html#article","isPartOf":{"@id":"https:\/\/www.fcbarcelonanoticias.com\/en\/transfers\/the-story-of-how-fc-barcelona-missed-the-signing-of-arda-guler_304663_102.html"},"author":{"name":"Kevin G\u00f3mez","@id":"https:\/\/www.fcbarcelonanoticias.com\/en\/#\/schema\/person\/991443f134df9a64c6874f96ff984c9d"},"headline":"The story of how FC Barcelona missed the signing of Arda G\u00fcler","datePublished":"2024-06-19T16:57:00+00:00","dateModified":"2024-06-19T22:30:00+00:00","mainEntityOfPage":{"@id":"https:\/\/www.fcbarcelonanoticias.com\/en\/transfers\/the-story-of-how-fc-barcelona-missed-the-signing-of-arda-guler_304663_102.html"},"wordCount":518,"image":{"@id":"https:\/\/www.fcbarcelonanoticias.com\/en\/transfers\/the-story-of-how-fc-barcelona-missed-the-signing-of-arda-guler_304663_102.html#primaryimage"},"thumbnailUrl":"https:\/\/www.fcbarcelonanoticias.com\/en\/wp-content\/uploads\/sites\/2\/2024\/06\/arda-gueler-en-el-duelo-entre-la-seleccion-de-turquia-y-georgia-en-la-eurocopa-2024.png","articleSection":["Transfers","Transfers"],"inLanguage":"en-US"},{"@type":"WebPage","@id":"https:\/\/www.fcbarcelonanoticias.com\/en\/transfers\/the-story-of-how-fc-barcelona-missed-the-signing-of-arda-guler_304663_102.html","url":"https:\/\/www.fcbarcelonanoticias.com\/en\/transfers\/the-story-of-how-fc-barcelona-missed-the-signing-of-arda-guler_304663_102.html","name":"The story of how FC Barcelona missed the signing of Arda G\u00fcler","isPartOf":{"@id":"https:\/\/www.fcbarcelonanoticias.com\/en\/#website"},"primaryImageOfPage":{"@id":"https:\/\/www.fcbarcelonanoticias.com\/en\/transfers\/the-story-of-how-fc-barcelona-missed-the-signing-of-arda-guler_304663_102.html#primaryimage"},"image":{"@id":"https:\/\/www.fcbarcelonanoticias.com\/en\/transfers\/the-story-of-how-fc-barcelona-missed-the-signing-of-arda-guler_304663_102.html#primaryimage"},"thumbnailUrl":"https:\/\/www.fcbarcelonanoticias.com\/en\/wp-content\/uploads\/sites\/2\/2024\/06\/arda-gueler-en-el-duelo-entre-la-seleccion-de-turquia-y-georgia-en-la-eurocopa-2024.png","datePublished":"2024-06-19T16:57:00+00:00","dateModified":"2024-06-19T22:30:00+00:00","author":{"@id":"https:\/\/www.fcbarcelonanoticias.com\/en\/#\/schema\/person\/991443f134df9a64c6874f96ff984c9d"},"description":"Arda G\u00fcler continues to leave flashes of 'crack' in every opportunity she has to see action. Now, with Turkey in the Euro Cup, he scored a great goal in the Ottomans' 3-1 victory against Georgia, demonstrating once again why Deco insisted on signing him for the cul\u00e9 team","breadcrumb":{"@id":"https:\/\/www.fcbarcelonanoticias.com\/en\/transfers\/the-story-of-how-fc-barcelona-missed-the-signing-of-arda-guler_304663_102.html#breadcrumb"},"inLanguage":"en-US","potentialAction":[{"@type":"ReadAction","target":["https:\/\/www.fcbarcelonanoticias.com\/en\/transfers\/the-story-of-how-fc-barcelona-missed-the-signing-of-arda-guler_304663_102.html"]}]},{"@type":"ImageObject","inLanguage":"en-US","@id":"https:\/\/www.fcbarcelonanoticias.com\/en\/transfers\/the-story-of-how-fc-barcelona-missed-the-signing-of-arda-guler_304663_102.html#primaryimage","url":"https:\/\/www.fcbarcelonanoticias.com\/en\/wp-content\/uploads\/sites\/2\/2024\/06\/arda-gueler-en-el-duelo-entre-la-seleccion-de-turquia-y-georgia-en-la-eurocopa-2024.png","contentUrl":"https:\/\/www.fcbarcelonanoticias.com\/en\/wp-content\/uploads\/sites\/2\/2024\/06\/arda-gueler-en-el-duelo-entre-la-seleccion-de-turquia-y-georgia-en-la-eurocopa-2024.png","width":1300,"height":732},{"@type":"BreadcrumbList","@id":"https:\/\/www.fcbarcelonanoticias.com\/en\/transfers\/the-story-of-how-fc-barcelona-missed-the-signing-of-arda-guler_304663_102.html#breadcrumb","itemListElement":[{"@type":"ListItem","position":1,"name":"Portada","item":"https:\/\/www.fcbarcelonanoticias.com\/en\/"},{"@type":"ListItem","position":2,"name":"The story of how FC Barcelona missed the signing of Arda G\u00fcler"}]},{"@type":"WebSite","@id":"https:\/\/www.fcbarcelonanoticias.com\/en\/#website","url":"https:\/\/www.fcbarcelonanoticias.com\/en\/","name":"EN - FC Barcelona Noticias","description":"","potentialAction":[{"@type":"SearchAction","target":{"@type":"EntryPoint","urlTemplate":"https:\/\/www.fcbarcelonanoticias.com\/en\/?s={search_term_string}"},"query-input":{"@type":"PropertyValueSpecification","valueRequired":true,"valueName":"search_term_string"}}],"inLanguage":"en-US"},{"@type":"Person","@id":"https:\/\/www.fcbarcelonanoticias.com\/en\/#\/schema\/person\/991443f134df9a64c6874f96ff984c9d","name":"Kevin G\u00f3mez","image":{"@type":"ImageObject","inLanguage":"en-US","@id":"https:\/\/secure.gravatar.com\/avatar\/?s=96&d=mm&r=g","url":"https:\/\/secure.gravatar.com\/avatar\/?s=96&d=mm&r=g","contentUrl":"https:\/\/secure.gravatar.com\/avatar\/?s=96&d=mm&r=g","caption":"Kevin G\u00f3mez"},"description":"Licenciado\u00a0en Periodismo y Comunicaci\u00f3n Audiovisual. Redactor en FCBN responsable de cubrir toda\u00a0la informaci\u00f3n del FC Barcelona y las principales competiciones de\u00a0f\u00fatbol.","url":"https:\/\/www.fcbarcelonanoticias.com\/en\/jugadores\/kevin-gomez_23_115.html"}]}},"_links":{"self":[{"href":"https:\/\/www.fcbarcelonanoticias.com\/en\/wp-json\/wp\/v2\/posts\/143507","targetHints":{"allow":["GET"]}}],"collection":[{"href":"https:\/\/www.fcbarcelonanoticias.com\/en\/wp-json\/wp\/v2\/posts"}],"about":[{"href":"https:\/\/www.fcbarcelonanoticias.com\/en\/wp-json\/wp\/v2\/types\/post"}],"author":[{"embeddable":true,"href":"https:\/\/www.fcbarcelonanoticias.com\/en\/wp-json\/wp\/v2\/users\/355"}],"replies":[{"embeddable":true,"href":"https:\/\/www.fcbarcelonanoticias.com\/en\/wp-json\/wp\/v2\/comments?post=143507"}],"version-history":[{"count":1,"href":"https:\/\/www.fcbarcelonanoticias.com\/en\/wp-json\/wp\/v2\/posts\/143507\/revisions"}],"predecessor-version":[{"id":154711,"href":"https:\/\/www.fcbarcelonanoticias.com\/en\/wp-json\/wp\/v2\/posts\/143507\/revisions\/154711"}],"wp:featuredmedia":[{"embeddable":true,"href":"https:\/\/www.fcbarcelonanoticias.com\/en\/wp-json\/wp\/v2\/media\/143512"}],"wp:attachment":[{"href":"https:\/\/www.fcbarcelonanoticias.com\/en\/wp-json\/wp\/v2\/media?parent=143507"}],"wp:term":[{"taxonomy":"category","embeddable":true,"href":"https:\/\/www.fcbarcelonanoticias.com\/en\/wp-json\/wp\/v2\/categories?post=143507"},{"taxonomy":"post_tag","embeddable":true,"href":"https:\/\/www.fcbarcelonanoticias.com\/en\/wp-json\/wp\/v2\/tags?post=143507"}],"curies":[{"name":"wp","href":"https:\/\/api.w.org\/{rel}","templated":true}]}}