{"id":143598,"date":"2024-12-04T21:53:00","date_gmt":"2024-12-04T20:53:00","guid":{"rendered":"https:\/\/weisetech.dev\/fc-barcelona-noticias\/en\/the-unexpected-protagonist-of-the-new-transfer-market-war-between-barca-and-real-madrid_309076_102\/"},"modified":"2024-12-05T01:57:00","modified_gmt":"2024-12-05T00:57:00","slug":"the-unexpected-protagonist-of-the-new-transfer-market-war-between-barca-and-real-madrid_309076_102","status":"publish","type":"post","link":"https:\/\/www.fcbarcelonanoticias.com\/en\/transfers\/the-unexpected-protagonist-of-the-new-transfer-market-war-between-barca-and-real-madrid_309076_102.html","title":{"rendered":"The unexpected protagonist of the new transfer market &#8216;war&#8217; between Bar\u00e7a and Real Madrid"},"content":{"rendered":"<h2 class=\"wp-block-heading\">Bar\u00e7a and Real Madrid have reportedly set their sights on Mason Greenwood. The Englishman is shining in Marseille and both clubs are reportedly keeping a close eye on him<\/h2>  \r\n<div class=\"article-addons\">\r\n    <a href=\"https:\/\/www.fcbarcelonanoticias.com\/en\/calendar-fc-barcelona.html\"\r\n       target=\"_self\"\r\n       title=\"Calendar of FC Barcelona\"\r\n       class=\"blue-gredient-btn\">\r\n       \r\n        Calendar of FC Barcelona    <\/a>\r\n<\/div>   <p>The 2025 transfer market is expected to be a very busy one for Spain&#8217;s two giants. <strong>FC Barcelona<\/strong> wants to continue consolidating Hansi Flick&#8217;s project with several important signings, <a data-external=\"0\" data-intl-links-en=\"https:\/\/www.fcbarcelonanoticias.com\/en\/transfers\/bayer-leverkusen-set-the-bar-for-negotiations-for-florian-wirtz_309071_102.html\" data-intl-links-es=\"https:\/\/www.fcbarcelonanoticias.com\/fichajes\/bayer-leverkusen-pone-liston-negociar-por-florian-wirtz_309071_102.html\" href=\"https:\/\/www.fcbarcelonanoticias.com\/en\/transfers\/bayer-leverkusen-set-the-bar-for-negotiations-for-florian-wirtz_309071_102.html\" rel=\"follow\" target=\"_self\" title=\"Bayer Leverkusen set the bar for negotiations for Florian Wirtz\">while Real Madrid intends to rejuvenate its squad by signing some of the best talents of today<\/a>.<\/p>  <p>The plans of the Catalans and the Merengues would be to strengthen their forwards, and in this section both clubs would share an objective. It is <strong>Mason Greenwood<\/strong>, an English attacker who is experiencing a footballing rebirth at Olympique de Marseille.<\/p>  <h3>Bar\u00e7a had him on their agenda in the past<\/h3>  <p>Under the orders of Roberto de Zerbi, the British striker is rediscovering his best version and has already accumulated <strong>9 goals and 2 assists in 13 games played this season<\/strong>. Performance that has not gone unnoticed in Barcelona and Chamart\u00edn, where, according to what was reported by &#8216;TBR Football&#8217;, they would be following him closely.<\/p>  <p>Valued at 35 million euros, the Catalans&#8217; interest in <strong>Greenwood <\/strong>is not new, as they had him on their agenda last summer. Now, <a data-external=\"0\" data-intl-links-en=\"https:\/\/www.fcbarcelonanoticias.com\/en\/transfers\/fc-barcelona-chooses-serie-star-to-reinforce-the-left-wing_309030_102.html\" data-intl-links-es=\"https:\/\/www.fcbarcelonanoticias.com\/fichajes\/fc-barcelona-elige-estrella-serie-reforzar-extremo-izquierdo_309030_102.html\" href=\"https:\/\/www.fcbarcelonanoticias.com\/en\/transfers\/fc-barcelona-chooses-serie-star-to-reinforce-the-left-wing_309030_102.html\" rel=\"follow\" target=\"_self\" title=\"FC Barcelona chooses a Serie A star to reinforce the left wing\">in the search for a winger to accompany Lewandowski, Lamine Yamal and Raphinha in the forward line<\/a>, the option of the 23-year-old footballer appears again on the horizon due to his projection, versatility and economy. A new &#8216;Cl\u00e1sico&#8217; is looming in the offices.<\/p> ","protected":false},"excerpt":{"rendered":"<p>Bar\u00e7a and Real Madrid have reportedly set their sights on Mason Greenwood. The Englishman is shining in Marseille and both clubs are reportedly keeping a close eye on him The 2025 transfer market is expected to be a very busy one for Spain&#8217;s two giants. FC Barcelona wants to continue consolidating Hansi Flick&#8217;s project with [&hellip;]<\/p>\n","protected":false},"author":358,"featured_media":143600,"comment_status":"closed","ping_status":"open","sticky":false,"template":"","format":"standard","meta":{"_acf_changed":false,"inline_featured_image":false,"_nextfly_llmd_date_locked":false,"footnotes":""},"categories":[106,449],"tags":[53],"class_list":["post-143598","post","type-post","status-publish","format-standard","has-post-thumbnail","hentry","category-transfers","category-transfers-2","tag-el-clasico"],"acf":[],"yoast_head":"<!-- This site is optimized with the Yoast SEO plugin v27.3 - https:\/\/yoast.com\/product\/yoast-seo-wordpress\/ -->\n<title>The unexpected protagonist of the new transfer market &#039;war&#039; between Bar\u00e7a and Real Madrid<\/title>\n<meta name=\"description\" content=\"Bar\u00e7a and Real Madrid have reportedly set their sights on Mason Greenwood. The Englishman is shining in Marseille and both clubs are reportedly keeping a close eye on him\" \/>\n<meta name=\"robots\" content=\"index, follow, max-snippet:-1, max-image-preview:large, max-video-preview:-1\" \/>\n<link rel=\"canonical\" href=\"https:\/\/www.fcbarcelonanoticias.com\/en\/transfers\/the-unexpected-protagonist-of-the-new-transfer-market-war-between-barca-and-real-madrid_309076_102.html\" \/>\n<meta property=\"og:locale\" content=\"en_US\" \/>\n<meta property=\"og:type\" content=\"article\" \/>\n<meta property=\"og:title\" content=\"The unexpected protagonist of the new transfer market &#039;war&#039; between Bar\u00e7a and Real Madrid\" \/>\n<meta property=\"og:description\" content=\"Bar\u00e7a and Real Madrid have reportedly set their sights on Mason Greenwood. The Englishman is shining in Marseille and both clubs are reportedly keeping a close eye on him\" \/>\n<meta property=\"og:url\" content=\"https:\/\/www.fcbarcelonanoticias.com\/en\/transfers\/the-unexpected-protagonist-of-the-new-transfer-market-war-between-barca-and-real-madrid_309076_102.html\" \/>\n<meta property=\"og:site_name\" content=\"EN - FC Barcelona Noticias\" \/>\n<meta property=\"article:published_time\" content=\"2024-12-04T20:53:00+00:00\" \/>\n<meta property=\"article:modified_time\" content=\"2024-12-05T00:57:00+00:00\" \/>\n<meta property=\"og:image\" content=\"https:\/\/www.fcbarcelonanoticias.com\/en\/wp-content\/uploads\/sites\/2\/2024\/12\/real-madrid-barcelona-scaled.jpeg\" \/>\n\t<meta property=\"og:image:width\" content=\"2560\" \/>\n\t<meta property=\"og:image:height\" content=\"1707\" \/>\n\t<meta property=\"og:image:type\" content=\"image\/jpeg\" \/>\n<meta name=\"author\" content=\"Juan Pablo Berdugo\" \/>\n<meta name=\"twitter:card\" content=\"summary_large_image\" \/>\n<meta name=\"twitter:label1\" content=\"Written by\" \/>\n\t<meta name=\"twitter:data1\" content=\"Juan Pablo Berdugo\" \/>\n\t<meta name=\"twitter:label2\" content=\"Est. reading time\" \/>\n\t<meta name=\"twitter:data2\" content=\"1 minute\" \/>\n<script type=\"application\/ld+json\" class=\"yoast-schema-graph\">{\"@context\":\"https:\\\/\\\/schema.org\",\"@graph\":[{\"@type\":\"Article\",\"@id\":\"https:\\\/\\\/www.fcbarcelonanoticias.com\\\/en\\\/transfers\\\/the-unexpected-protagonist-of-the-new-transfer-market-war-between-barca-and-real-madrid_309076_102.html#article\",\"isPartOf\":{\"@id\":\"https:\\\/\\\/www.fcbarcelonanoticias.com\\\/en\\\/transfers\\\/the-unexpected-protagonist-of-the-new-transfer-market-war-between-barca-and-real-madrid_309076_102.html\"},\"author\":{\"name\":\"Juan Pablo Berdugo\",\"@id\":\"https:\\\/\\\/www.fcbarcelonanoticias.com\\\/en\\\/#\\\/schema\\\/person\\\/88d756918a0a1ae9fa593b5edddd1815\"},\"headline\":\"The unexpected protagonist of the new transfer market &#8216;war&#8217; between Bar\u00e7a and Real Madrid\",\"datePublished\":\"2024-12-04T20:53:00+00:00\",\"dateModified\":\"2024-12-05T00:57:00+00:00\",\"mainEntityOfPage\":{\"@id\":\"https:\\\/\\\/www.fcbarcelonanoticias.com\\\/en\\\/transfers\\\/the-unexpected-protagonist-of-the-new-transfer-market-war-between-barca-and-real-madrid_309076_102.html\"},\"wordCount\":262,\"image\":{\"@id\":\"https:\\\/\\\/www.fcbarcelonanoticias.com\\\/en\\\/transfers\\\/the-unexpected-protagonist-of-the-new-transfer-market-war-between-barca-and-real-madrid_309076_102.html#primaryimage\"},\"thumbnailUrl\":\"https:\\\/\\\/www.fcbarcelonanoticias.com\\\/en\\\/wp-content\\\/uploads\\\/sites\\\/2\\\/2024\\\/12\\\/real-madrid-barcelona-scaled.jpeg\",\"keywords\":[\"El Cl\u00e1sico\"],\"articleSection\":[\"Transfers\",\"Transfers\"],\"inLanguage\":\"en-US\"},{\"@type\":\"WebPage\",\"@id\":\"https:\\\/\\\/www.fcbarcelonanoticias.com\\\/en\\\/transfers\\\/the-unexpected-protagonist-of-the-new-transfer-market-war-between-barca-and-real-madrid_309076_102.html\",\"url\":\"https:\\\/\\\/www.fcbarcelonanoticias.com\\\/en\\\/transfers\\\/the-unexpected-protagonist-of-the-new-transfer-market-war-between-barca-and-real-madrid_309076_102.html\",\"name\":\"The unexpected protagonist of the new transfer market 'war' between Bar\u00e7a and Real Madrid\",\"isPartOf\":{\"@id\":\"https:\\\/\\\/www.fcbarcelonanoticias.com\\\/en\\\/#website\"},\"primaryImageOfPage\":{\"@id\":\"https:\\\/\\\/www.fcbarcelonanoticias.com\\\/en\\\/transfers\\\/the-unexpected-protagonist-of-the-new-transfer-market-war-between-barca-and-real-madrid_309076_102.html#primaryimage\"},\"image\":{\"@id\":\"https:\\\/\\\/www.fcbarcelonanoticias.com\\\/en\\\/transfers\\\/the-unexpected-protagonist-of-the-new-transfer-market-war-between-barca-and-real-madrid_309076_102.html#primaryimage\"},\"thumbnailUrl\":\"https:\\\/\\\/www.fcbarcelonanoticias.com\\\/en\\\/wp-content\\\/uploads\\\/sites\\\/2\\\/2024\\\/12\\\/real-madrid-barcelona-scaled.jpeg\",\"datePublished\":\"2024-12-04T20:53:00+00:00\",\"dateModified\":\"2024-12-05T00:57:00+00:00\",\"author\":{\"@id\":\"https:\\\/\\\/www.fcbarcelonanoticias.com\\\/en\\\/#\\\/schema\\\/person\\\/88d756918a0a1ae9fa593b5edddd1815\"},\"description\":\"Bar\u00e7a and Real Madrid have reportedly set their sights on Mason Greenwood. The Englishman is shining in Marseille and both clubs are reportedly keeping a close eye on him\",\"breadcrumb\":{\"@id\":\"https:\\\/\\\/www.fcbarcelonanoticias.com\\\/en\\\/transfers\\\/the-unexpected-protagonist-of-the-new-transfer-market-war-between-barca-and-real-madrid_309076_102.html#breadcrumb\"},\"inLanguage\":\"en-US\",\"potentialAction\":[{\"@type\":\"ReadAction\",\"target\":[\"https:\\\/\\\/www.fcbarcelonanoticias.com\\\/en\\\/transfers\\\/the-unexpected-protagonist-of-the-new-transfer-market-war-between-barca-and-real-madrid_309076_102.html\"]}]},{\"@type\":\"ImageObject\",\"inLanguage\":\"en-US\",\"@id\":\"https:\\\/\\\/www.fcbarcelonanoticias.com\\\/en\\\/transfers\\\/the-unexpected-protagonist-of-the-new-transfer-market-war-between-barca-and-real-madrid_309076_102.html#primaryimage\",\"url\":\"https:\\\/\\\/www.fcbarcelonanoticias.com\\\/en\\\/wp-content\\\/uploads\\\/sites\\\/2\\\/2024\\\/12\\\/real-madrid-barcelona-scaled.jpeg\",\"contentUrl\":\"https:\\\/\\\/www.fcbarcelonanoticias.com\\\/en\\\/wp-content\\\/uploads\\\/sites\\\/2\\\/2024\\\/12\\\/real-madrid-barcelona-scaled.jpeg\",\"width\":2560,\"height\":1707},{\"@type\":\"BreadcrumbList\",\"@id\":\"https:\\\/\\\/www.fcbarcelonanoticias.com\\\/en\\\/transfers\\\/the-unexpected-protagonist-of-the-new-transfer-market-war-between-barca-and-real-madrid_309076_102.html#breadcrumb\",\"itemListElement\":[{\"@type\":\"ListItem\",\"position\":1,\"name\":\"Portada\",\"item\":\"https:\\\/\\\/www.fcbarcelonanoticias.com\\\/en\\\/\"},{\"@type\":\"ListItem\",\"position\":2,\"name\":\"The unexpected protagonist of the new transfer market &#8216;war&#8217; between Bar\u00e7a and Real Madrid\"}]},{\"@type\":\"WebSite\",\"@id\":\"https:\\\/\\\/www.fcbarcelonanoticias.com\\\/en\\\/#website\",\"url\":\"https:\\\/\\\/www.fcbarcelonanoticias.com\\\/en\\\/\",\"name\":\"EN - FC Barcelona Noticias\",\"description\":\"\",\"potentialAction\":[{\"@type\":\"SearchAction\",\"target\":{\"@type\":\"EntryPoint\",\"urlTemplate\":\"https:\\\/\\\/www.fcbarcelonanoticias.com\\\/en\\\/?s={search_term_string}\"},\"query-input\":{\"@type\":\"PropertyValueSpecification\",\"valueRequired\":true,\"valueName\":\"search_term_string\"}}],\"inLanguage\":\"en-US\"},{\"@type\":\"Person\",\"@id\":\"https:\\\/\\\/www.fcbarcelonanoticias.com\\\/en\\\/#\\\/schema\\\/person\\\/88d756918a0a1ae9fa593b5edddd1815\",\"name\":\"Juan Pablo Berdugo\",\"image\":{\"@type\":\"ImageObject\",\"inLanguage\":\"en-US\",\"@id\":\"https:\\\/\\\/secure.gravatar.com\\\/avatar\\\/?s=96&d=mm&r=g\",\"url\":\"https:\\\/\\\/secure.gravatar.com\\\/avatar\\\/?s=96&d=mm&r=g\",\"contentUrl\":\"https:\\\/\\\/secure.gravatar.com\\\/avatar\\\/?s=96&d=mm&r=g\",\"caption\":\"Juan Pablo Berdugo\"},\"description\":\"Juan Pablo Berdugo es graduado en Periodismo. Colabora con FCBN como especialista en informaci\u00f3n del primer equipo del FC Barcelona, f\u00fatbol internacional y mercado de fichajes. Destaca por su enfoque anal\u00edtico, su rigor informativo y su capacidad para detectar tendencias emergentes en el f\u00fatbol global.\",\"url\":\"https:\\\/\\\/www.fcbarcelonanoticias.com\\\/en\\\/fc-barcelona\\\/juan-pablo-berdugo_18_115.html\"}]}<\/script>\n<!-- \/ Yoast SEO plugin. -->","yoast_head_json":{"title":"The unexpected protagonist of the new transfer market 'war' between Bar\u00e7a and Real Madrid","description":"Bar\u00e7a and Real Madrid have reportedly set their sights on Mason Greenwood. The Englishman is shining in Marseille and both clubs are reportedly keeping a close eye on him","robots":{"index":"index","follow":"follow","max-snippet":"max-snippet:-1","max-image-preview":"max-image-preview:large","max-video-preview":"max-video-preview:-1"},"canonical":"https:\/\/www.fcbarcelonanoticias.com\/en\/transfers\/the-unexpected-protagonist-of-the-new-transfer-market-war-between-barca-and-real-madrid_309076_102.html","og_locale":"en_US","og_type":"article","og_title":"The unexpected protagonist of the new transfer market 'war' between Bar\u00e7a and Real Madrid","og_description":"Bar\u00e7a and Real Madrid have reportedly set their sights on Mason Greenwood. The Englishman is shining in Marseille and both clubs are reportedly keeping a close eye on him","og_url":"https:\/\/www.fcbarcelonanoticias.com\/en\/transfers\/the-unexpected-protagonist-of-the-new-transfer-market-war-between-barca-and-real-madrid_309076_102.html","og_site_name":"EN - FC Barcelona Noticias","article_published_time":"2024-12-04T20:53:00+00:00","article_modified_time":"2024-12-05T00:57:00+00:00","og_image":[{"width":2560,"height":1707,"url":"https:\/\/www.fcbarcelonanoticias.com\/en\/wp-content\/uploads\/sites\/2\/2024\/12\/real-madrid-barcelona-scaled.jpeg","type":"image\/jpeg"}],"author":"Juan Pablo Berdugo","twitter_card":"summary_large_image","twitter_misc":{"Written by":"Juan Pablo Berdugo","Est. reading time":"1 minute"},"schema":{"@context":"https:\/\/schema.org","@graph":[{"@type":"Article","@id":"https:\/\/www.fcbarcelonanoticias.com\/en\/transfers\/the-unexpected-protagonist-of-the-new-transfer-market-war-between-barca-and-real-madrid_309076_102.html#article","isPartOf":{"@id":"https:\/\/www.fcbarcelonanoticias.com\/en\/transfers\/the-unexpected-protagonist-of-the-new-transfer-market-war-between-barca-and-real-madrid_309076_102.html"},"author":{"name":"Juan Pablo Berdugo","@id":"https:\/\/www.fcbarcelonanoticias.com\/en\/#\/schema\/person\/88d756918a0a1ae9fa593b5edddd1815"},"headline":"The unexpected protagonist of the new transfer market &#8216;war&#8217; between Bar\u00e7a and Real Madrid","datePublished":"2024-12-04T20:53:00+00:00","dateModified":"2024-12-05T00:57:00+00:00","mainEntityOfPage":{"@id":"https:\/\/www.fcbarcelonanoticias.com\/en\/transfers\/the-unexpected-protagonist-of-the-new-transfer-market-war-between-barca-and-real-madrid_309076_102.html"},"wordCount":262,"image":{"@id":"https:\/\/www.fcbarcelonanoticias.com\/en\/transfers\/the-unexpected-protagonist-of-the-new-transfer-market-war-between-barca-and-real-madrid_309076_102.html#primaryimage"},"thumbnailUrl":"https:\/\/www.fcbarcelonanoticias.com\/en\/wp-content\/uploads\/sites\/2\/2024\/12\/real-madrid-barcelona-scaled.jpeg","keywords":["El Cl\u00e1sico"],"articleSection":["Transfers","Transfers"],"inLanguage":"en-US"},{"@type":"WebPage","@id":"https:\/\/www.fcbarcelonanoticias.com\/en\/transfers\/the-unexpected-protagonist-of-the-new-transfer-market-war-between-barca-and-real-madrid_309076_102.html","url":"https:\/\/www.fcbarcelonanoticias.com\/en\/transfers\/the-unexpected-protagonist-of-the-new-transfer-market-war-between-barca-and-real-madrid_309076_102.html","name":"The unexpected protagonist of the new transfer market 'war' between Bar\u00e7a and Real Madrid","isPartOf":{"@id":"https:\/\/www.fcbarcelonanoticias.com\/en\/#website"},"primaryImageOfPage":{"@id":"https:\/\/www.fcbarcelonanoticias.com\/en\/transfers\/the-unexpected-protagonist-of-the-new-transfer-market-war-between-barca-and-real-madrid_309076_102.html#primaryimage"},"image":{"@id":"https:\/\/www.fcbarcelonanoticias.com\/en\/transfers\/the-unexpected-protagonist-of-the-new-transfer-market-war-between-barca-and-real-madrid_309076_102.html#primaryimage"},"thumbnailUrl":"https:\/\/www.fcbarcelonanoticias.com\/en\/wp-content\/uploads\/sites\/2\/2024\/12\/real-madrid-barcelona-scaled.jpeg","datePublished":"2024-12-04T20:53:00+00:00","dateModified":"2024-12-05T00:57:00+00:00","author":{"@id":"https:\/\/www.fcbarcelonanoticias.com\/en\/#\/schema\/person\/88d756918a0a1ae9fa593b5edddd1815"},"description":"Bar\u00e7a and Real Madrid have reportedly set their sights on Mason Greenwood. The Englishman is shining in Marseille and both clubs are reportedly keeping a close eye on him","breadcrumb":{"@id":"https:\/\/www.fcbarcelonanoticias.com\/en\/transfers\/the-unexpected-protagonist-of-the-new-transfer-market-war-between-barca-and-real-madrid_309076_102.html#breadcrumb"},"inLanguage":"en-US","potentialAction":[{"@type":"ReadAction","target":["https:\/\/www.fcbarcelonanoticias.com\/en\/transfers\/the-unexpected-protagonist-of-the-new-transfer-market-war-between-barca-and-real-madrid_309076_102.html"]}]},{"@type":"ImageObject","inLanguage":"en-US","@id":"https:\/\/www.fcbarcelonanoticias.com\/en\/transfers\/the-unexpected-protagonist-of-the-new-transfer-market-war-between-barca-and-real-madrid_309076_102.html#primaryimage","url":"https:\/\/www.fcbarcelonanoticias.com\/en\/wp-content\/uploads\/sites\/2\/2024\/12\/real-madrid-barcelona-scaled.jpeg","contentUrl":"https:\/\/www.fcbarcelonanoticias.com\/en\/wp-content\/uploads\/sites\/2\/2024\/12\/real-madrid-barcelona-scaled.jpeg","width":2560,"height":1707},{"@type":"BreadcrumbList","@id":"https:\/\/www.fcbarcelonanoticias.com\/en\/transfers\/the-unexpected-protagonist-of-the-new-transfer-market-war-between-barca-and-real-madrid_309076_102.html#breadcrumb","itemListElement":[{"@type":"ListItem","position":1,"name":"Portada","item":"https:\/\/www.fcbarcelonanoticias.com\/en\/"},{"@type":"ListItem","position":2,"name":"The unexpected protagonist of the new transfer market &#8216;war&#8217; between Bar\u00e7a and Real Madrid"}]},{"@type":"WebSite","@id":"https:\/\/www.fcbarcelonanoticias.com\/en\/#website","url":"https:\/\/www.fcbarcelonanoticias.com\/en\/","name":"EN - FC Barcelona Noticias","description":"","potentialAction":[{"@type":"SearchAction","target":{"@type":"EntryPoint","urlTemplate":"https:\/\/www.fcbarcelonanoticias.com\/en\/?s={search_term_string}"},"query-input":{"@type":"PropertyValueSpecification","valueRequired":true,"valueName":"search_term_string"}}],"inLanguage":"en-US"},{"@type":"Person","@id":"https:\/\/www.fcbarcelonanoticias.com\/en\/#\/schema\/person\/88d756918a0a1ae9fa593b5edddd1815","name":"Juan Pablo Berdugo","image":{"@type":"ImageObject","inLanguage":"en-US","@id":"https:\/\/secure.gravatar.com\/avatar\/?s=96&d=mm&r=g","url":"https:\/\/secure.gravatar.com\/avatar\/?s=96&d=mm&r=g","contentUrl":"https:\/\/secure.gravatar.com\/avatar\/?s=96&d=mm&r=g","caption":"Juan Pablo Berdugo"},"description":"Juan Pablo Berdugo es graduado en Periodismo. Colabora con FCBN como especialista en informaci\u00f3n del primer equipo del FC Barcelona, f\u00fatbol internacional y mercado de fichajes. Destaca por su enfoque anal\u00edtico, su rigor informativo y su capacidad para detectar tendencias emergentes en el f\u00fatbol global.","url":"https:\/\/www.fcbarcelonanoticias.com\/en\/fc-barcelona\/juan-pablo-berdugo_18_115.html"}]}},"_links":{"self":[{"href":"https:\/\/www.fcbarcelonanoticias.com\/en\/wp-json\/wp\/v2\/posts\/143598","targetHints":{"allow":["GET"]}}],"collection":[{"href":"https:\/\/www.fcbarcelonanoticias.com\/en\/wp-json\/wp\/v2\/posts"}],"about":[{"href":"https:\/\/www.fcbarcelonanoticias.com\/en\/wp-json\/wp\/v2\/types\/post"}],"author":[{"embeddable":true,"href":"https:\/\/www.fcbarcelonanoticias.com\/en\/wp-json\/wp\/v2\/users\/358"}],"replies":[{"embeddable":true,"href":"https:\/\/www.fcbarcelonanoticias.com\/en\/wp-json\/wp\/v2\/comments?post=143598"}],"version-history":[{"count":1,"href":"https:\/\/www.fcbarcelonanoticias.com\/en\/wp-json\/wp\/v2\/posts\/143598\/revisions"}],"predecessor-version":[{"id":155188,"href":"https:\/\/www.fcbarcelonanoticias.com\/en\/wp-json\/wp\/v2\/posts\/143598\/revisions\/155188"}],"wp:featuredmedia":[{"embeddable":true,"href":"https:\/\/www.fcbarcelonanoticias.com\/en\/wp-json\/wp\/v2\/media\/143600"}],"wp:attachment":[{"href":"https:\/\/www.fcbarcelonanoticias.com\/en\/wp-json\/wp\/v2\/media?parent=143598"}],"wp:term":[{"taxonomy":"category","embeddable":true,"href":"https:\/\/www.fcbarcelonanoticias.com\/en\/wp-json\/wp\/v2\/categories?post=143598"},{"taxonomy":"post_tag","embeddable":true,"href":"https:\/\/www.fcbarcelonanoticias.com\/en\/wp-json\/wp\/v2\/tags?post=143598"}],"curies":[{"name":"wp","href":"https:\/\/api.w.org\/{rel}","templated":true}]}}