{"id":14384,"date":"2024-12-01T11:43:00","date_gmt":"2024-12-01T10:43:00","guid":{"rendered":"https:\/\/weisetech.dev\/fc-barcelona-noticias\/en\/barca-outraged-after-the-refereeing-against-palmas_308999_102\/"},"modified":"2025-04-12T08:05:00","modified_gmt":"2025-04-12T06:05:00","slug":"barca-outraged-after-the-refereeing-against-palmas_308999_102","status":"publish","type":"post","link":"https:\/\/www.fcbarcelonanoticias.com\/en\/fc-barcelona\/barca-outraged-after-the-refereeing-against-palmas_308999_102.html","title":{"rendered":"Bar\u00e7a, outraged after the refereeing against Las Palmas"},"content":{"rendered":"<h2 class=\"wp-block-heading\">The azulgrana team claimed two penalties in the final stages, but both the referee and the VAR dismissed both plays<\/h2>  \r\n<div class=\"article-addons\">\r\n    <a href=\"https:\/\/www.fcbarcelonanoticias.com\/en\/calendar-fc-barcelona.html\"\r\n       target=\"_self\"\r\n       title=\"Calendar of FC Barcelona\"\r\n       class=\"blue-gredient-btn\">\r\n       \r\n        Calendar of FC Barcelona    <\/a>\r\n<\/div>   <p>FC Barcelona suffered a new defeat in <strong>LaLiga<\/strong> against <strong>UD Las Palmas,<\/strong> but the result was once again marked by highly questionable refereeing decisions. In a difficult and hard-fought match, in which Bar\u00e7a could not impose their fluid play as in most of the games this season, the blue-and-gran players were disadvantaged by several actions where the referee&#8217;s interpretation was crucial for the final outcome. The injustice was especially prolonged in the final stages, with plays that caused outrage among both the team and the fans.<\/p>  <p>One of the most controversial plays occurred in the 87th minute, with a 1-2 scoreline and a corner kick in favor of Bar\u00e7a. <strong>Pau Cubars\u00ed suffered a stomp from Mika M\u00e1rmol<\/strong> inside the area, which caused him to fall. Although the contact was clear and visible in the TV replays, <strong>neither referee Adri\u00e1n Cordero Vega nor the VAR, with Busquets Ferrer<\/strong> in charge, considered there was a reason to sanction the play. <strong>Cubars\u00ed ended up with his ankle bleeding from the studs of the former Bar\u00e7a youth player,<\/strong> but the player&#8217;s complaints to the fourth referee, pointing out his injury, went unheard, and the match continued without interruptions.<\/p>  <p>In the minutes before, <strong>Raphinha suffered an elbow to the face<\/strong>, which could have left the Canarian team with ten players. However, both the referee and the VAR dismissed the action, considering the contact insufficient to intervene.<\/p>  <p>But the controversy didn\u2019t end there. In the 94th minute, <strong>Pau V\u00edctor appealed for a penalty after a hold by McKenna inside the area<\/strong> while trying to finish a cross. The replay showed that the hold occurred, but once again, the referee did not consider the action worthy of a sanction. In the end, Bar\u00e7a dropped three points at home, something that hadn\u2019t happened all season, and <strong>this marks three consecutive matches without victories in LaLiga.<\/strong><\/p> ","protected":false},"excerpt":{"rendered":"<p>The azulgrana team claimed two penalties in the final stages, but both the referee and the VAR dismissed both plays FC Barcelona suffered a new defeat in LaLiga against UD Las Palmas, but the result was once again marked by highly questionable refereeing decisions. In a difficult and hard-fought match, in which Bar\u00e7a could not [&hellip;]<\/p>\n","protected":false},"author":0,"featured_media":14385,"comment_status":"closed","ping_status":"open","sticky":false,"template":"","format":"standard","meta":{"_acf_changed":false,"inline_featured_image":false,"_nextfly_llmd_date_locked":false,"footnotes":""},"categories":[111],"tags":[365,190,194],"class_list":["post-14384","post","type-post","status-publish","format-standard","has-post-thumbnail","hentry","category-fc-barcelona","tag-barcelona-vs-las-palmas","tag-referees","tag-var"],"acf":[],"yoast_head":"<!-- This site is optimized with the Yoast SEO plugin v27.3 - https:\/\/yoast.com\/product\/yoast-seo-wordpress\/ -->\n<title>Bar\u00e7a, outraged after the refereeing against Las Palmas<\/title>\n<meta name=\"description\" content=\"The azulgrana team claimed two penalties in the final stages, but both the referee and the VAR dismissed both plays\" \/>\n<meta name=\"robots\" content=\"index, follow, max-snippet:-1, max-image-preview:large, max-video-preview:-1\" \/>\n<link rel=\"canonical\" href=\"https:\/\/www.fcbarcelonanoticias.com\/en\/fc-barcelona\/barca-outraged-after-the-refereeing-against-palmas_308999_102.html\" \/>\n<meta property=\"og:locale\" content=\"en_US\" \/>\n<meta property=\"og:type\" content=\"article\" \/>\n<meta property=\"og:title\" content=\"Bar\u00e7a, outraged after the refereeing against Las Palmas\" \/>\n<meta property=\"og:description\" content=\"The azulgrana team claimed two penalties in the final stages, but both the referee and the VAR dismissed both plays\" \/>\n<meta property=\"og:url\" content=\"https:\/\/www.fcbarcelonanoticias.com\/en\/fc-barcelona\/barca-outraged-after-the-refereeing-against-palmas_308999_102.html\" \/>\n<meta property=\"og:site_name\" content=\"EN - FC Barcelona Noticias\" \/>\n<meta property=\"article:published_time\" content=\"2024-12-01T10:43:00+00:00\" \/>\n<meta property=\"article:modified_time\" content=\"2025-04-12T06:05:00+00:00\" \/>\n<meta property=\"og:image\" content=\"https:\/\/www.fcbarcelonanoticias.com\/en\/wp-content\/uploads\/sites\/2\/2024\/12\/pau-cubarsi-ante-las-palmas.jpeg\" \/>\n\t<meta property=\"og:image:width\" content=\"1200\" \/>\n\t<meta property=\"og:image:height\" content=\"675\" \/>\n\t<meta property=\"og:image:type\" content=\"image\/jpeg\" \/>\n<meta name=\"twitter:card\" content=\"summary_large_image\" \/>\n<meta name=\"twitter:label1\" content=\"Est. reading time\" \/>\n\t<meta name=\"twitter:data1\" content=\"2 minutes\" \/>\n<script type=\"application\/ld+json\" class=\"yoast-schema-graph\">{\"@context\":\"https:\\\/\\\/schema.org\",\"@graph\":[{\"@type\":\"Article\",\"@id\":\"https:\\\/\\\/www.fcbarcelonanoticias.com\\\/en\\\/fc-barcelona\\\/barca-outraged-after-the-refereeing-against-palmas_308999_102.html#article\",\"isPartOf\":{\"@id\":\"https:\\\/\\\/www.fcbarcelonanoticias.com\\\/en\\\/fc-barcelona\\\/barca-outraged-after-the-refereeing-against-palmas_308999_102.html\"},\"author\":{\"name\":\"\",\"@id\":\"\"},\"headline\":\"Bar\u00e7a, outraged after the refereeing against Las Palmas\",\"datePublished\":\"2024-12-01T10:43:00+00:00\",\"dateModified\":\"2025-04-12T06:05:00+00:00\",\"mainEntityOfPage\":{\"@id\":\"https:\\\/\\\/www.fcbarcelonanoticias.com\\\/en\\\/fc-barcelona\\\/barca-outraged-after-the-refereeing-against-palmas_308999_102.html\"},\"wordCount\":347,\"image\":{\"@id\":\"https:\\\/\\\/www.fcbarcelonanoticias.com\\\/en\\\/fc-barcelona\\\/barca-outraged-after-the-refereeing-against-palmas_308999_102.html#primaryimage\"},\"thumbnailUrl\":\"https:\\\/\\\/www.fcbarcelonanoticias.com\\\/en\\\/wp-content\\\/uploads\\\/sites\\\/2\\\/2024\\\/12\\\/pau-cubarsi-ante-las-palmas.jpeg\",\"keywords\":[\"Barcelona vs Las Palmas\",\"Referees\",\"VAR\"],\"articleSection\":[\"FC Barcelona\"],\"inLanguage\":\"en-US\"},{\"@type\":\"WebPage\",\"@id\":\"https:\\\/\\\/www.fcbarcelonanoticias.com\\\/en\\\/fc-barcelona\\\/barca-outraged-after-the-refereeing-against-palmas_308999_102.html\",\"url\":\"https:\\\/\\\/www.fcbarcelonanoticias.com\\\/en\\\/fc-barcelona\\\/barca-outraged-after-the-refereeing-against-palmas_308999_102.html\",\"name\":\"Bar\u00e7a, outraged after the refereeing against Las Palmas\",\"isPartOf\":{\"@id\":\"https:\\\/\\\/www.fcbarcelonanoticias.com\\\/en\\\/#website\"},\"primaryImageOfPage\":{\"@id\":\"https:\\\/\\\/www.fcbarcelonanoticias.com\\\/en\\\/fc-barcelona\\\/barca-outraged-after-the-refereeing-against-palmas_308999_102.html#primaryimage\"},\"image\":{\"@id\":\"https:\\\/\\\/www.fcbarcelonanoticias.com\\\/en\\\/fc-barcelona\\\/barca-outraged-after-the-refereeing-against-palmas_308999_102.html#primaryimage\"},\"thumbnailUrl\":\"https:\\\/\\\/www.fcbarcelonanoticias.com\\\/en\\\/wp-content\\\/uploads\\\/sites\\\/2\\\/2024\\\/12\\\/pau-cubarsi-ante-las-palmas.jpeg\",\"datePublished\":\"2024-12-01T10:43:00+00:00\",\"dateModified\":\"2025-04-12T06:05:00+00:00\",\"author\":{\"@id\":\"\"},\"description\":\"The azulgrana team claimed two penalties in the final stages, but both the referee and the VAR dismissed both plays\",\"breadcrumb\":{\"@id\":\"https:\\\/\\\/www.fcbarcelonanoticias.com\\\/en\\\/fc-barcelona\\\/barca-outraged-after-the-refereeing-against-palmas_308999_102.html#breadcrumb\"},\"inLanguage\":\"en-US\",\"potentialAction\":[{\"@type\":\"ReadAction\",\"target\":[\"https:\\\/\\\/www.fcbarcelonanoticias.com\\\/en\\\/fc-barcelona\\\/barca-outraged-after-the-refereeing-against-palmas_308999_102.html\"]}]},{\"@type\":\"ImageObject\",\"inLanguage\":\"en-US\",\"@id\":\"https:\\\/\\\/www.fcbarcelonanoticias.com\\\/en\\\/fc-barcelona\\\/barca-outraged-after-the-refereeing-against-palmas_308999_102.html#primaryimage\",\"url\":\"https:\\\/\\\/www.fcbarcelonanoticias.com\\\/en\\\/wp-content\\\/uploads\\\/sites\\\/2\\\/2024\\\/12\\\/pau-cubarsi-ante-las-palmas.jpeg\",\"contentUrl\":\"https:\\\/\\\/www.fcbarcelonanoticias.com\\\/en\\\/wp-content\\\/uploads\\\/sites\\\/2\\\/2024\\\/12\\\/pau-cubarsi-ante-las-palmas.jpeg\",\"width\":1200,\"height\":675},{\"@type\":\"BreadcrumbList\",\"@id\":\"https:\\\/\\\/www.fcbarcelonanoticias.com\\\/en\\\/fc-barcelona\\\/barca-outraged-after-the-refereeing-against-palmas_308999_102.html#breadcrumb\",\"itemListElement\":[{\"@type\":\"ListItem\",\"position\":1,\"name\":\"Portada\",\"item\":\"https:\\\/\\\/www.fcbarcelonanoticias.com\\\/en\\\/\"},{\"@type\":\"ListItem\",\"position\":2,\"name\":\"Bar\u00e7a, outraged after the refereeing against Las Palmas\"}]},{\"@type\":\"WebSite\",\"@id\":\"https:\\\/\\\/www.fcbarcelonanoticias.com\\\/en\\\/#website\",\"url\":\"https:\\\/\\\/www.fcbarcelonanoticias.com\\\/en\\\/\",\"name\":\"EN - FC Barcelona Noticias\",\"description\":\"\",\"potentialAction\":[{\"@type\":\"SearchAction\",\"target\":{\"@type\":\"EntryPoint\",\"urlTemplate\":\"https:\\\/\\\/www.fcbarcelonanoticias.com\\\/en\\\/?s={search_term_string}\"},\"query-input\":{\"@type\":\"PropertyValueSpecification\",\"valueRequired\":true,\"valueName\":\"search_term_string\"}}],\"inLanguage\":\"en-US\"}]}<\/script>\n<!-- \/ Yoast SEO plugin. -->","yoast_head_json":{"title":"Bar\u00e7a, outraged after the refereeing against Las Palmas","description":"The azulgrana team claimed two penalties in the final stages, but both the referee and the VAR dismissed both plays","robots":{"index":"index","follow":"follow","max-snippet":"max-snippet:-1","max-image-preview":"max-image-preview:large","max-video-preview":"max-video-preview:-1"},"canonical":"https:\/\/www.fcbarcelonanoticias.com\/en\/fc-barcelona\/barca-outraged-after-the-refereeing-against-palmas_308999_102.html","og_locale":"en_US","og_type":"article","og_title":"Bar\u00e7a, outraged after the refereeing against Las Palmas","og_description":"The azulgrana team claimed two penalties in the final stages, but both the referee and the VAR dismissed both plays","og_url":"https:\/\/www.fcbarcelonanoticias.com\/en\/fc-barcelona\/barca-outraged-after-the-refereeing-against-palmas_308999_102.html","og_site_name":"EN - FC Barcelona Noticias","article_published_time":"2024-12-01T10:43:00+00:00","article_modified_time":"2025-04-12T06:05:00+00:00","og_image":[{"width":1200,"height":675,"url":"https:\/\/www.fcbarcelonanoticias.com\/en\/wp-content\/uploads\/sites\/2\/2024\/12\/pau-cubarsi-ante-las-palmas.jpeg","type":"image\/jpeg"}],"twitter_card":"summary_large_image","twitter_misc":{"Est. reading time":"2 minutes"},"schema":{"@context":"https:\/\/schema.org","@graph":[{"@type":"Article","@id":"https:\/\/www.fcbarcelonanoticias.com\/en\/fc-barcelona\/barca-outraged-after-the-refereeing-against-palmas_308999_102.html#article","isPartOf":{"@id":"https:\/\/www.fcbarcelonanoticias.com\/en\/fc-barcelona\/barca-outraged-after-the-refereeing-against-palmas_308999_102.html"},"author":{"name":"","@id":""},"headline":"Bar\u00e7a, outraged after the refereeing against Las Palmas","datePublished":"2024-12-01T10:43:00+00:00","dateModified":"2025-04-12T06:05:00+00:00","mainEntityOfPage":{"@id":"https:\/\/www.fcbarcelonanoticias.com\/en\/fc-barcelona\/barca-outraged-after-the-refereeing-against-palmas_308999_102.html"},"wordCount":347,"image":{"@id":"https:\/\/www.fcbarcelonanoticias.com\/en\/fc-barcelona\/barca-outraged-after-the-refereeing-against-palmas_308999_102.html#primaryimage"},"thumbnailUrl":"https:\/\/www.fcbarcelonanoticias.com\/en\/wp-content\/uploads\/sites\/2\/2024\/12\/pau-cubarsi-ante-las-palmas.jpeg","keywords":["Barcelona vs Las Palmas","Referees","VAR"],"articleSection":["FC Barcelona"],"inLanguage":"en-US"},{"@type":"WebPage","@id":"https:\/\/www.fcbarcelonanoticias.com\/en\/fc-barcelona\/barca-outraged-after-the-refereeing-against-palmas_308999_102.html","url":"https:\/\/www.fcbarcelonanoticias.com\/en\/fc-barcelona\/barca-outraged-after-the-refereeing-against-palmas_308999_102.html","name":"Bar\u00e7a, outraged after the refereeing against Las Palmas","isPartOf":{"@id":"https:\/\/www.fcbarcelonanoticias.com\/en\/#website"},"primaryImageOfPage":{"@id":"https:\/\/www.fcbarcelonanoticias.com\/en\/fc-barcelona\/barca-outraged-after-the-refereeing-against-palmas_308999_102.html#primaryimage"},"image":{"@id":"https:\/\/www.fcbarcelonanoticias.com\/en\/fc-barcelona\/barca-outraged-after-the-refereeing-against-palmas_308999_102.html#primaryimage"},"thumbnailUrl":"https:\/\/www.fcbarcelonanoticias.com\/en\/wp-content\/uploads\/sites\/2\/2024\/12\/pau-cubarsi-ante-las-palmas.jpeg","datePublished":"2024-12-01T10:43:00+00:00","dateModified":"2025-04-12T06:05:00+00:00","author":{"@id":""},"description":"The azulgrana team claimed two penalties in the final stages, but both the referee and the VAR dismissed both plays","breadcrumb":{"@id":"https:\/\/www.fcbarcelonanoticias.com\/en\/fc-barcelona\/barca-outraged-after-the-refereeing-against-palmas_308999_102.html#breadcrumb"},"inLanguage":"en-US","potentialAction":[{"@type":"ReadAction","target":["https:\/\/www.fcbarcelonanoticias.com\/en\/fc-barcelona\/barca-outraged-after-the-refereeing-against-palmas_308999_102.html"]}]},{"@type":"ImageObject","inLanguage":"en-US","@id":"https:\/\/www.fcbarcelonanoticias.com\/en\/fc-barcelona\/barca-outraged-after-the-refereeing-against-palmas_308999_102.html#primaryimage","url":"https:\/\/www.fcbarcelonanoticias.com\/en\/wp-content\/uploads\/sites\/2\/2024\/12\/pau-cubarsi-ante-las-palmas.jpeg","contentUrl":"https:\/\/www.fcbarcelonanoticias.com\/en\/wp-content\/uploads\/sites\/2\/2024\/12\/pau-cubarsi-ante-las-palmas.jpeg","width":1200,"height":675},{"@type":"BreadcrumbList","@id":"https:\/\/www.fcbarcelonanoticias.com\/en\/fc-barcelona\/barca-outraged-after-the-refereeing-against-palmas_308999_102.html#breadcrumb","itemListElement":[{"@type":"ListItem","position":1,"name":"Portada","item":"https:\/\/www.fcbarcelonanoticias.com\/en\/"},{"@type":"ListItem","position":2,"name":"Bar\u00e7a, outraged after the refereeing against Las Palmas"}]},{"@type":"WebSite","@id":"https:\/\/www.fcbarcelonanoticias.com\/en\/#website","url":"https:\/\/www.fcbarcelonanoticias.com\/en\/","name":"EN - FC Barcelona Noticias","description":"","potentialAction":[{"@type":"SearchAction","target":{"@type":"EntryPoint","urlTemplate":"https:\/\/www.fcbarcelonanoticias.com\/en\/?s={search_term_string}"},"query-input":{"@type":"PropertyValueSpecification","valueRequired":true,"valueName":"search_term_string"}}],"inLanguage":"en-US"}]}},"_links":{"self":[{"href":"https:\/\/www.fcbarcelonanoticias.com\/en\/wp-json\/wp\/v2\/posts\/14384","targetHints":{"allow":["GET"]}}],"collection":[{"href":"https:\/\/www.fcbarcelonanoticias.com\/en\/wp-json\/wp\/v2\/posts"}],"about":[{"href":"https:\/\/www.fcbarcelonanoticias.com\/en\/wp-json\/wp\/v2\/types\/post"}],"replies":[{"embeddable":true,"href":"https:\/\/www.fcbarcelonanoticias.com\/en\/wp-json\/wp\/v2\/comments?post=14384"}],"version-history":[{"count":1,"href":"https:\/\/www.fcbarcelonanoticias.com\/en\/wp-json\/wp\/v2\/posts\/14384\/revisions"}],"predecessor-version":[{"id":102457,"href":"https:\/\/www.fcbarcelonanoticias.com\/en\/wp-json\/wp\/v2\/posts\/14384\/revisions\/102457"}],"wp:featuredmedia":[{"embeddable":true,"href":"https:\/\/www.fcbarcelonanoticias.com\/en\/wp-json\/wp\/v2\/media\/14385"}],"wp:attachment":[{"href":"https:\/\/www.fcbarcelonanoticias.com\/en\/wp-json\/wp\/v2\/media?parent=14384"}],"wp:term":[{"taxonomy":"category","embeddable":true,"href":"https:\/\/www.fcbarcelonanoticias.com\/en\/wp-json\/wp\/v2\/categories?post=14384"},{"taxonomy":"post_tag","embeddable":true,"href":"https:\/\/www.fcbarcelonanoticias.com\/en\/wp-json\/wp\/v2\/tags?post=14384"}],"curies":[{"name":"wp","href":"https:\/\/api.w.org\/{rel}","templated":true}]}}