{"id":14392,"date":"2025-07-16T10:14:00","date_gmt":"2025-07-16T08:14:00","guid":{"rendered":"https:\/\/weisetech.dev\/fc-barcelona-noticias\/en\/barca-radar-july-16-2025_313560_102\/"},"modified":"2026-04-16T09:36:07","modified_gmt":"2026-04-16T07:36:07","slug":"barca-radar-july-16-2025_313560_102","status":"publish","type":"post","link":"https:\/\/www.fcbarcelonanoticias.com\/en\/fc-barcelona\/barca-radar-july-16-2025_313560_102.html","title":{"rendered":"Bar\u00e7a Radar July 16, 2025"},"content":{"rendered":"<h2 class=\"wp-block-heading\">Return to Camp Nou, Ter Stegen, Luis D\u00edaz, the 1:1 rule, and the appointment of Lamine Yamal as FC Barcelona&#8217;s new No. 10 are among the top trending news stories about Barcelona.<\/h2>  \r\n<div class=\"article-addons\">\r\n    <a href=\"https:\/\/www.fcbarcelonanoticias.com\/en\/calendar-fc-barcelona.html\"\r\n       target=\"_self\"\r\n       title=\"Calendar of FC Barcelona\"\r\n       class=\"blue-gredient-btn\">\r\n       \r\n        Calendar of FC Barcelona    <\/a>\r\n<\/div>   <p><strong>FC Barcelona&#8217;s current situation<\/strong> is buzzing in the midst of the summer market: <strong><a data-external=\"0\" data-intl-links-en=\"https:\/\/www.fcbarcelonanoticias.com\/en\/football\/transfers\" data-intl-links-es=\"https:\/\/www.fcbarcelonanoticias.com\/futbol\/fichajes\" href=\"https:\/\/www.fcbarcelonanoticias.com\/en\/futbol\/fichajes.html\" rel=\"follow\" target=\"_self\" title=\"FC Barcelona Transfers - Latest news and rumors\">transfer<\/a><\/strong> operations, the countdown to return to the <strong>Spotify Camp Nou<\/strong>, the UEFA sanction for fair play, the aftermath of the Negreira case, and the anxiety to comply with the 1:1 rule.<\/p>  <p>The presentation of <strong><a data-external=\"0\" data-intl-links-en=\"https:\/\/www.fcbarcelonanoticias.com\/en\/fc-barcelona\/lamine-yamal-debuts-number-luck-of-last-barca-10_313558_102.html\" data-intl-links-es=\"https:\/\/www.fcbarcelonanoticias.com\/fc-barcelona\/lamine-yamal-legado-10-podra-brillar-como-ronaldinho-messi_313558_102.html\" href=\"https:\/\/www.fcbarcelonanoticias.com\/fc-barcelona\/lamine-yamal-legado-10-podra-brillar-como-ronaldinho-messi_313558_102.html\" rel=\"follow\" target=\"_self\" title=\"Lamine Yamal and the legacy of the '10': Can he shine like Ronaldinho and Messi?\">Lamine Yamal as the new &#8217;10&#8217;<\/a><\/strong> symbolizes the bet on the future amidst the turbulence of the present. Below we detail a comprehensive overview of the most viral and searched topics that are shaping the Blaugrana conversation.<\/p>  <p><strong>Table of Contents<\/strong><\/p>  <ol> <li> \t<p>Transfer market and rumors<\/p> \t<\/li> \t<li> \t<p>Return to Spotify Camp Nou<\/p> \t<\/li> \t<li> \t<p>Financial Fair Play: 1:1 rule and UEFA fine<\/p> \t<\/li> \t<li> \t<p>Negreira case and other legal fronts<\/p> \t<\/li> \t<li> \t<p>Injuries and squad fitness<\/p> \t<\/li> \t<li> \t<p>Joan Laporta: speeches, tours, and controversies<\/p> \t<\/li> \t<li> \t<p>2025-26 Pre-season and Asian tour<\/p> \t<\/li> \t<li> \t<p>Media impact and social media<\/p> \t<\/li> \t<li> \t<p>Upcoming key dates<\/p> \t<\/li> <\/ol> <h2>Culer Trends Thermometer: summary table<\/h2>  <table cellpadding=\"8\" cellspacing=\"0\" width=\"100%\"> <thead><tr> <th>Trend<\/th> \t\t\t<th>Main facts<\/th> \t\t\t<th>Reason for virality<\/th> \t\t\t<th>Current status<\/th> \t\t<\/tr><\/thead> <tbody> <tr> <td>Luis D\u00edaz, post-Nico priority<\/td> \t\t\t<td>Bar\u00e7a reactivates interest after Nico Williams&#8217; &#8220;no&#8221;; Liverpool rejects \u20ac67.5 million offer from Bayern<\/td> \t\t\t<td>Domino effect with Rodrygo: his possible sale to Liverpool would unlock the Colombian<\/td> \t\t\t<td>Open negotiation, price \u20ac80-100 million<\/td> \t\t<\/tr> <tr> <td>Confirmed signings<\/td> \t\t\t<td>Joan Garc\u00eda (\u20ac25 million clause, goalkeeper); Roony Bardghji (signs until&nbsp;2029)<\/td> \t\t\t<td>Young and affordable reinforcements to meet the 1:1 ratio<\/td> \t\t\t<td>Present in the pre-season<\/td> \t\t<\/tr> <tr> <td>Relevant departures<\/td> \t\t\t<td>Transfer of Pablo Torre to Mallorca for \u20ac5 million<\/td> \t\t\t<td>Lightens the wage bill by \u20ac4 million<\/td> \t\t\t<td>Official<\/td> \t\t<\/tr> <tr> <td>Spotify Camp Nou<\/td> \t\t\t<td>Works 90% complete, reopening planned for August 10 with the Gamper trophy<\/td> \t\t\t<td>Viralized timelapse videos and aerial views<\/td> \t\t\t<td>Initial capacity 60,000<\/td> \t\t<\/tr> <tr> <td>From UEFA<\/td> \t\t\t<td>\u20ac60 million sanction (\u20ac15 million fixed, \u20ac45 conditional)<\/td> \t\t\t<td>Debate on the economic model and &#8220;levers&#8221;<\/td> \t\t\t<td>Bar\u00e7a accepts settlement agreement<\/td> \t\t<\/tr> <tr> <td>1:1 Rule<\/td> \t\t\t<td>Bar\u00e7a not there yet: needs to validate \u20ac100 million from VIP seats and a possible major sale<\/td> \t\t\t<td>Transition from 1:4 \u2192&nbsp;1:1 ratio conditions new signings<\/td> \t\t\t<td>Approval expected mid-August<\/td> \t\t<\/tr> <tr> <td>Negreira Case<\/td> \t\t\t<td>Laporta, Luis Enrique, and Valverde summoned as witnesses; Court cancels bribery charge but maintains investigation<\/td> \t\t\t<td>Reputational impact and possible sporting sanctions<\/td> \t\t\t<td>Active investigation<\/td> \t\t<\/tr> <tr> <td>Injury plague<\/td> \t\t\t<td>Gerard Mart\u00edn (finger); Dani Rodr\u00edguez (shoulder); Marc Bernal (knee)<\/td> \t\t\t<td>Complications for the Asian tour<\/td> \t\t\t<td>Updated medical report<\/td> \t\t<\/tr> <tr> <td>Nico Williams renews<\/td> \t\t\t<td>Winger signs until 2035 with a clause close to \u20ac100 million<\/td> \t\t\t<td>Culer media ridicule: failed leaks<\/td> \t\t\t<td>Case closed<\/td> \t\t<\/tr> <tr> <td>Joan Laporta, trips and controversies<\/td> \t\t\t<td>Negotiates friendly in Libya, Bar\u00e7a Academy projects; public spat with Athletic over Nico<\/td> \t\t\t<td>Viral speeches and criticism for financial management<\/td> \t\t\t<td>On institutional tour<\/td> \t\t<\/tr> <\/tbody> <\/table> <p>&nbsp;<\/p>  <h2>Transfer market and rumors<\/h2>  <p><u><strong>1. Confirmed signings<\/strong><\/u><\/p>  <table cellpadding=\"8\" cellspacing=\"0\" width=\"100%\"> <thead><tr> <th>Player<\/th> \t\t\t<th>From<\/th> \t\t\t<th>Contract<\/th> \t\t\t<th>Estimated cost<\/th> \t\t\t<th>Initial role<\/th> \t\t<\/tr><\/thead> <tbody> <tr> <td>Joan Garc\u00eda<\/td> \t\t\t<td>Espanyol<\/td> \t\t\t<td>2029<\/td> \t\t\t<td>\u20ac25 million clause<\/td> \t\t\t<td>Direct competition for Ter Stegen<\/td> \t\t<\/tr> <tr> <td>Roony Bardghji<\/td> \t\t\t<td>Copenhagen<\/td> \t\t\t<td>2029<\/td> \t\t\t<td>\u20ac8 million fixed + variables<\/td> \t\t\t<td>Bar\u00e7a Atl\u00e8tic signing, pre-season with Flick<\/td> \t\t<\/tr> <\/tbody> <\/table> <p>&nbsp;<\/p>  <div class=\"cke-element cke-element--102\"><section class=\"c-related-article\"><figure class=\"c-image__fig\"><a href=\"https:\/\/www.fcbarcelonanoticias.com\/fc-barcelona\/barcelona-fichaje-roony-bardghji-primeras-declaraciones_313552_102.html\" title=\"Roony Bardghji, tras sus primeras palabras como jugador del Bar\u00e7a\" class=\"c-image__imglink\"><picture><img decoding=\"async\" src=\"https:\/\/www.fcbarcelonanoticias.com\/wp-content\/uploads\/sites\/2\/2025\/07\/fcbn-eb1bd74ed59b9a2c53a70a70001e807a.jpeg\" alt=\"Roony Bardghji, tras sus primeras palabras como jugador del Bar\u00e7a\" title=\"Roony Bardghji, tras sus primeras palabras como jugador del Bar\u00e7a\" class=\"c-image__img\" width=\"1200\" height=\"675\" loading=\"lazy\"><\/picture><\/a>     <\/figure><div class=\"c-related-article__wrapper\">         <p class=\"c-related-article__avantitle\">Related<\/p>         <h4 class=\"c-related-article__title\">             <a href=\"https:\/\/www.fcbarcelonanoticias.com\/fc-barcelona\/barcelona-fichaje-roony-bardghji-primeras-declaraciones_313552_102.html\" title=\"Bardghji and his first day as a Blaugrana: &quot;I dreamed of this since I was a child&quot;\" class=\"c-related-article__link\">                 Bardghji and his first day as a Blaugrana: &#8220;I dreamed of this since I was a child&#8221;             <\/a>         <\/h4>     <\/div> <\/section><\/div>  <p><strong>Bardghji<\/strong>, a 19-year-old right winger, arrives after 15 goals in 84 games with FCK and having recovered from a cruciate ligament injury.&nbsp;His presentation generated great interaction on social media, including a childhood photo of him dressed as a Culer.<\/p>  <p><u><strong>2. Priority targets<\/strong><\/u><\/p>  <table cellpadding=\"8\" cellspacing=\"0\" width=\"100%\"> <thead><tr> <th>Target<\/th> \t\t\t<th>Contractual situation<\/th> \t\t\t<th>Obstacles<\/th> \t\t\t<th>Bar\u00e7a&#8217;s strategy<\/th> \t\t<\/tr><\/thead> <tbody> <tr> <td>Luis D\u00edaz (28)<\/td> \t\t\t<td>Liverpool 2027<\/td> \t\t\t<td>Price \u20ac80-100 million; &#8220;non-transferable&#8221; according to the club<\/td> \t\t\t<td>Rodrygo as the key; anti-registration clause demanded by the player<\/td> \t\t<\/tr> <tr> <td>Marcus Rashford (27)<\/td> \t\t\t<td>Manchester United 2028<\/td> \t\t\t<td>High salary; doubts about form<\/td> \t\t\t<td>Plan B if D\u00edaz falls through<\/td> \t\t<\/tr> <tr> <td>Rafael Le\u00e3o (26)<\/td> \t\t\t<td>Milan 2028<\/td> \t\t\t<td>\u20ac175 million clause<\/td> \t\t\t<td>Very unlikely; monitoring<\/td> \t\t<\/tr> <\/tbody> <\/table> <p>&nbsp;<\/p>  <h3>Rodrygo-D\u00edaz Domino Effect<\/h3>  <p>Liverpool is considering signing Rodrygo (valued at \u20ac80-100 million).&nbsp;His arrival would open the door to selling D\u00edaz, who prioritizes Can Bar\u00e7a over Bayern.&nbsp;Mundo Deportivo calls the operation the &#8220;master key&#8221;.<\/p>  <p><u><strong>3. Departures and wage bill<\/strong><\/u><\/p>  <ul> <li> \t<p>Pablo Torre to Mallorca frees up \u20ac4 million in gross wages.<\/p> \t<\/li> \t<li> \t<p>The sporting management is studying additional income (Ter Stegen or a centre-back) to reach the 1:1 rule.<\/p> \t<\/li> <\/ul> <h2>Return to Spotify Camp Nou<\/h2>  <p><u><strong>Construction status<\/strong><\/u><\/p>  <table cellpadding=\"8\" cellspacing=\"0\" width=\"100%\"> <thead><tr> <th>Milestone<\/th> \t\t\t<th>Progress<\/th> \t\t\t<th>Source<\/th> \t\t<\/tr><\/thead> <tbody> <tr> <td>Roof and new stands<\/td> \t\t\t<td>Assembly finished, lighting tests underway<\/td> \t\t\t<td>AS \/ Mundo Deportivo<\/td> \t\t<\/tr> <tr> <td>Initial capacity<\/td> \t\t\t<td>60,000 spectators<\/td> \t\t\t<td>COPE<\/td> \t\t<\/tr> <tr> <td>Return date<\/td> \t\t\t<td>August 10 vs Gamper Trophy<\/td> \t\t\t<td>Club<\/td> \t\t<\/tr> <tr> <td>Viral videos<\/td> \t\t\t<td>Timelapse from 26\/06 and interior drone show tertiary structure<\/td> \t\t\t<td>YouTube<\/td> \t\t<\/tr> <\/tbody> <\/table> <p>&nbsp;<\/p>  <div class=\"cke-element cke-element--102\"><section class=\"c-related-article\"><figure class=\"c-image__fig\"><a href=\"https:\/\/www.fcbarcelonanoticias.com\/fc-barcelona\/spotify-camp-nou-inicia-instalacion-nuevo-cesped-inspeccion-laliga_313530_102.html\" title=\"Spotify Camp Nou: Installation of the new turf begins following LaLiga inspection\" class=\"c-image__imglink\"><picture><img decoding=\"async\" src=\"https:\/\/www.fcbarcelonanoticias.com\/wp-content\/uploads\/sites\/2\/2025\/07\/fcbn-f33512e572c373bf7bb0cd5698e1a4a1.webp\" alt=\"Spotify Camp Nou: Installation of the new turf begins following LaLiga inspection\" title=\"Spotify Camp Nou: Installation of the new turf begins following LaLiga inspection\" class=\"c-image__img\" width=\"1200\" height=\"675\" loading=\"lazy\"><\/picture><\/a>     <\/figure><div class=\"c-related-article__wrapper\">         <p class=\"c-related-article__avantitle\">Related<\/p>         <h4 class=\"c-related-article__title\">             <a href=\"https:\/\/www.fcbarcelonanoticias.com\/fc-barcelona\/spotify-camp-nou-inicia-instalacion-nuevo-cesped-inspeccion-laliga_313530_102.html\" title=\"Spotify Camp Nou: New Turf Installation Begins After LaLiga Inspection\" class=\"c-related-article__link\">                 Spotify Camp Nou: New Turf Installation Begins After LaLiga Inspection             <\/a>         <\/h4>     <\/div> <\/section><\/div>  <p><strong>Laporta promised to return in August &#8220;if there are no imponderables&#8221;<\/strong>.&nbsp;Clips with escalators and dressing rooms are accumulating millions of views on X and Instagram.<\/p>  <h2>Financial Fair Play<\/h2>  <p><u><strong>UEFA fine and 1:1 rule<\/strong><\/u><\/p>  <table cellpadding=\"8\" cellspacing=\"0\" width=\"100%\"> <thead><tr> <th>Concept<\/th> \t\t\t<th>Detail<\/th> \t\t\t<th>Source<\/th> \t\t<\/tr><\/thead> <tbody> <tr> <td>Total fine<\/td> \t\t\t<td>\u20ac60 million (\u20ac15 million fixed + \u20ac45 conditional)<\/td> \t\t\t<td>UEFA<\/td> \t\t<\/tr> <tr> <td>Reason<\/td> \t\t\t<td>Deficit above the margin and accounting for TV sales as ordinary income<\/td> \t\t\t<td>CFCB<\/td> \t\t<\/tr> <tr> <td>Control period<\/td> \t\t\t<td>2024-27 to meet sustainability indicators<\/td> \t\t\t<td>UEFA<\/td> \t\t<\/tr> <tr> <td>1:1 rule<\/td> \t\t\t<td>Need to validate \u20ac100 million from 475 VIP seats and sell a top player<\/td> \t\t\t<td>LaLiga \/ El Pa\u00eds<\/td> \t\t<\/tr> <tr> <td>Actual ratio<\/td> \t\t\t<td>Approx.&nbsp;1:1.3; LaLiga demands further reduction<\/td> \t\t\t<td>Maryland<\/td> \t\t<\/tr> <tr> <td>Timeline<\/td> \t\t\t<td>Auditor Crowe delivers report at the end of July; LaLiga validation mid-August<\/td> \t\t\t<td>El&nbsp;Pa\u00eds<\/td> \t\t<\/tr> <\/tbody> <\/table> <p>&nbsp;<\/p>  <p>The reappearance of the &#8220;VIP levers&#8221; \u2013 future stadium revenues \u2013 is key to registering new signings without the 1:4 formulas.<\/p>  <h2>Negreira case and legal fronts<\/h2>  <table cellpadding=\"8\" cellspacing=\"0\" width=\"100%\"> <thead><tr> <th>Latest move<\/th> \t\t\t<th>Involved<\/th> \t\t\t<th>Relevance<\/th> \t\t<\/tr><\/thead> <tbody> <tr> <td>Court revokes bribery charge, maintains sporting corruption<\/td> \t\t\t<td>Bar\u00e7a, Rosell, Bartomeu, Laporta (case dismissed due to statute of limitations)<\/td> \t\t\t<td>Reduction of possible sentence<\/td> \t\t<\/tr> <tr> <td>Witness summons<\/td> \t\t\t<td>Laporta, Luis Enrique, Valverde<\/td> \t\t\t<td>Prosecutor believes their testimonies are essential<\/td> \t\t<\/tr> <tr> <td>Civil Guard report (Dec&nbsp;2024)<\/td> \t\t\t<td>Traces \u20ac8.4 million paid, &#8220;front&#8221; companies<\/td> \t\t\t<td>Upholds money laundering crime<\/td> \t\t<\/tr> <\/tbody> <\/table> <p>&nbsp;<\/p>  <p>The scandal continues to damage the club&#8217;s global reputation and is among the top three most searched Blaugrana terms on Google Spain.<\/p>  <h2>Barcelona&#8217;s Medical Room: viral medical report<\/h2>  <table cellpadding=\"8\" cellspacing=\"0\" width=\"100%\"> <thead><tr> <th>Player<\/th> \t\t\t<th>Injury<\/th> \t\t\t<th>Status<\/th> \t\t\t<th>Expected return<\/th> \t\t<\/tr><\/thead> <tbody> <tr> <td>Gerard Mart\u00edn<\/td> \t\t\t<td>Fractured finger<\/td> \t\t\t<td>Available<\/td> \t\t\t<td>Late July<\/td> \t\t<\/tr> <tr> <td>H\u00e9ctor Fort<\/td> \t\t\t<td>Nose surgery<\/td> \t\t\t<td>Available<\/td> \t\t\t<td>Early August<\/td> \t\t<\/tr> <tr> <td>Marc Bernal<\/td> \t\t\t<td>Knee\/cruciate ligament<\/td> \t\t\t<td>Out<\/td> \t\t\t<td>August<\/td> \t\t<\/tr> <tr> <td>Dani Rodr\u00edguez<\/td> \t\t\t<td>Dislocated shoulder<\/td> \t\t\t<td>Out<\/td> \t\t\t<td>August<\/td> \t\t<\/tr> <tr> <td>Ter Stegen<\/td> \t\t\t<td>Back discomfort<\/td> \t\t\t<td>Training separately<\/td> \t\t\t<td>Irregular situation<\/td> \t\t<\/tr> <\/tbody> <\/table> <p>&nbsp;<\/p>  <h2>Joan Laporta: speeches, trips, and controversies<\/h2>  <ol> <li> \t<p>Trip to Libya: possible Bar\u00e7a Academy and friendly in Benghazi, criticism for dealing with the military ruling regime.<\/p> \t<\/li> \t<li> \t<p>Koeman Cup: reconciliation with Ronald Koeman, viral photo.<\/p> \t<\/li> <\/ol> <p>His media prominence keeps the president among the Spanish sports figures with the highest rate of mentions in the digital press.<\/p>  <h2>2025-26 Pre-season and Asian tour<\/h2>  <div class=\"cke-element cke-element--102\"><section class=\"c-related-article\"><figure class=\"c-image__fig\"><a href=\"https:\/\/www.fcbarcelonanoticias.com\/futbol\/pretemporada\/partidos-asia-2025_313086_102.html\" title=\"FC Barcelona Gira Asia\u0301tica 2025\" class=\"c-image__imglink\"><picture><img decoding=\"async\" src=\"https:\/\/www.fcbarcelonanoticias.com\/wp-content\/uploads\/sites\/2\/2025\/07\/fcbn-26f916e156cfc940110d304bc06c802a.jpeg\" alt=\"FC Barcelona Gira Asia\u0301tica 2025\" title=\"FC Barcelona Gira Asia\u0301tica 2025\" class=\"c-image__img\" width=\"1200\" height=\"675\" loading=\"lazy\"><\/picture><\/a>     <\/figure><div class=\"c-related-article__wrapper\">         <p class=\"c-related-article__avantitle\">Related<\/p>         <h4 class=\"c-related-article__title\">             <a href=\"https:\/\/www.fcbarcelonanoticias.com\/futbol\/pretemporada\/partidos-asia-2025_313086_102.html\" title=\"The Blaugrana Tour 2025 - Asia Edition\" class=\"c-related-article__link\">                 The Blaugrana Tour 2025 &#8211; Asia Edition             <\/a>         <\/h4>     <\/div> <\/section><\/div>  <ul> <li> \t<p>Start at Ciutat Esportiva: July 15, double session.<\/p> \t<\/li> \t<li> \t<p>Youth players called up: Bardghji, Cubars\u00ed, Marc Casad\u00f3.<\/p> \t<\/li> \t<li> \t<p>Confirmed friendlies:<\/p>  \t<ul> <li> \t\t<p>July 27 vs Vissel Kobe (Japan)<\/p> \t\t<\/li> \t\t<li> \t\t<p>July 30 vs FC Seoul (South Korea)<\/p> \t\t<\/li> \t<\/ul> <\/li> \t<li> \t<p>Flick&#8217;s technical objective: to test a line of three centre-backs and an attacking left-back in the absence of a premium reinforcement.<\/p> \t<\/li> <\/ul> <p><u><strong>Media impact and social media<\/strong><\/u><\/p>  <table cellpadding=\"8\" cellspacing=\"0\" width=\"100%\"> <thead><tr> <th>Content<\/th> \t\t\t<th>Platform<\/th> \t\t\t<th>Estimated reach<\/th> \t\t<\/tr><\/thead> <tbody> <tr> <td>Nico renewal video until 2035<\/td> \t\t\t<td>X (@AthleticClub)<\/td> \t\t\t<td>16.2 million views in 48 h<\/td> \t\t<\/tr> <tr> <td>Camp Nou construction timelapse 26\/06<\/td> \t\t\t<td>YouTube<\/td> \t\t\t<td>1.1 million views<\/td> \t\t<\/tr> <tr> <td>Bardghji photo as a Culer child<\/td> \t\t\t<td>Instagram @barcelona<\/td> \t\t\t<td>3.9 million &#8220;likes&#8221;<\/td> \t\t<\/tr> <tr> <td>Laporta clip about &#8220;The people&#8217;s League&#8221;<\/td> \t\t\t<td>TikTok MundoDeportivo<\/td> \t\t\t<td>2.3 million views<\/td> \t\t<\/tr> <\/tbody> <\/table> <p>&nbsp;<\/p>  <p><u><strong>Upcoming key dates<\/strong><\/u><\/p>  <table cellpadding=\"8\" cellspacing=\"0\" width=\"100%\"> <thead><tr> <th>Date<\/th> \t\t\t<th>Event<\/th> \t\t\t<th>Implication<\/th> \t\t<\/tr><\/thead> <tbody> <tr> <td>Jul 25-31<\/td> \t\t\t<td>Crowe report to LaLiga<\/td> \t\t\t<td>Approve \u20ac100 million VIP<\/td> \t\t<\/tr> <tr> <td>Jul 27-30<\/td> \t\t\t<td>Asia friendlies<\/td> \t\t\t<td>Minutes for Bardghji and Gerard Mart\u00edn<\/td> \t\t<\/tr> <tr> <td>Aug 10<\/td> \t\t\t<td>Gamper Trophy<\/td> \t\t\t<td>Inauguration of the renovated Camp Nou<\/td> \t\t<\/tr> <tr> <td>Aug 11-15<\/td> \t\t\t<td>Closing the 1:1 ratio<\/td> \t\t\t<td>Decisive sales and registrations<\/td> \t\t<\/tr> <tr> <td>Aug 16<\/td> \t\t\t<td>La Liga Matchday 1 vs Mallorca<\/td> \t\t\t<td>Official start of the season<\/td> \t\t<\/tr> <tr> <td>To be set<\/td> \t\t\t<td>Statements from Laporta-Luis Enrique-Valverde<\/td> \t\t\t<td>Progress in the Negreira case<\/td> \t\t<\/tr> <\/tbody> <\/table> <p>&nbsp;<\/p>  <p><strong>FC Barcelona<\/strong> is going through a simultaneously exciting and turbulent transition period: <strong>the opening of the &#8220;new&#8221; Camp Nou<\/strong> and the emergence of young talents coexist with the urgent need to balance the books, avoid sanctions, and close a <strong>star signing<\/strong> to revitalize the left wing.<\/p>  <p>The outcome of the <strong>Rodrygo-Luis D\u00edaz domino effect<\/strong>, the validation of VIP revenues, and the court&#8217;s verdict on the Negreira case will be the factors that determine whether the next season starts with a tailwind or with financial and legal turbulence.<\/p>  <p>Meanwhile, social media activity confirms that <strong>Bar\u00e7a remains one of the most talked-about clubs on the planet<\/strong>, for better or for worse.<\/p>  <h2>Blaugrana Radar Update &#8211; July 16, 2025<\/h2>  <p>The information whirlwind continues to envelop FC Barcelona in the midst of the transfer market. To the news already reported in the previous report, new developments are added that keep the Catalan club at the media epicenter of world football.<\/p>  <p>Monitoring the last 24 hours reveals significant movements on multiple fronts. New developments and updates<\/p>  <h2><strong>Luis D\u00edaz Situation: Liverpool&#8217;s stance hardens<\/strong><\/h2>  <p>Barcelona&#8217;s golden dream of signing Luis D\u00edaz is slipping away considerably.&nbsp;<strong>Liverpool has rejected a \u20ac67.5 million offer from Bayern Munich<\/strong>&nbsp;for the Colombian winger, maintaining an inflexible stance and setting the price at&nbsp;<strong>\u20ac100 million<\/strong>.&nbsp;<\/p>  <div class=\"cke-element cke-element--102\"><section class=\"c-related-article\"><figure class=\"c-image__fig\"><a href=\"https:\/\/www.fcbarcelonanoticias.com\/futbol\/fichajes\/luis-diaz-liverpool-rechaza-bayern-precio-aleja-barcelona_313546_102.html\" title=\"\u00bfAdi\u00f3s definitivo al Bar\u00e7a El Liverpool pone un precio astron\u00f3mico a Luis D\u00edaz\" class=\"c-image__imglink\"><picture><img decoding=\"async\" src=\"https:\/\/www.fcbarcelonanoticias.com\/wp-content\/uploads\/sites\/2\/2025\/07\/fcbn-3e5b8d60eb404121f4b4f1bb409685e8.webp\" alt=\"\u00bfAdi\u00f3s definitivo al Bar\u00e7a El Liverpool pone un precio astron\u00f3mico a Luis D\u00edaz\" title=\"\u00bfAdi\u00f3s definitivo al Bar\u00e7a El Liverpool pone un precio astron\u00f3mico a Luis D\u00edaz\" class=\"c-image__img\" width=\"1200\" height=\"675\" loading=\"lazy\"><\/picture><\/a>     <\/figure><div class=\"c-related-article__wrapper\">         <p class=\"c-related-article__avantitle\">Related<\/p>         <h4 class=\"c-related-article__title\">             <a href=\"https:\/\/www.fcbarcelonanoticias.com\/futbol\/fichajes\/luis-diaz-liverpool-rechaza-bayern-precio-aleja-barcelona_313546_102.html\" title=\"Definitive goodbye to Bar\u00e7a? Liverpool puts an astronomical price on Luis D\u00edaz\" class=\"c-related-article__link\">                 Definitive goodbye to Bar\u00e7a? Liverpool puts an astronomical price on Luis D\u00edaz             <\/a>         <\/h4>     <\/div> <\/section><\/div>  <p>The &#8216;Reds&#8217; have declared the player&nbsp;<strong>&#8220;non-transferable&#8221;<\/strong>&nbsp;despite D\u00edaz himself expressing his desire to leave.<\/p>  <p>The&nbsp;<strong>&#8220;Rodrygo domino effect&#8221;<\/strong>&nbsp;emerges as the only Blaugrana hope: Liverpool maintains interest in the Real Madrid Brazilian, and his eventual signing could unlock D\u00edaz&#8217;s departure.&nbsp;However, the operation is becoming increasingly complex for the Culer finances.<\/p>  <h2><strong>Ter Stegen: The conflict festers<\/strong><\/h2>  <p>The German goalkeeper&#8217;s situation has become complicated after&nbsp;<strong>training separately from the group for the second consecutive day<\/strong>, remaining in the gym.&nbsp;After the conversation with Hansi Flick, where he was informed that he would start as the&nbsp;<strong>third-choice goalkeeper<\/strong>&nbsp;behind Joan Garc\u00eda and Szczesny, Ter Stegen maintains his position of staying and fighting for the spot.<\/p>  <div class=\"cke-element cke-element--102\"><section class=\"c-related-article\"><figure class=\"c-image__fig\"><a href=\"https:\/\/www.fcbarcelonanoticias.com\/fc-barcelona\/ter-stegen-por-sigue-sin-entrenar-con-fc-barcelona_313548_102.html\" title=\"Ter Stegen: Why is he still not training with FC Barcelona?\" class=\"c-image__imglink\"><picture><img decoding=\"async\" src=\"https:\/\/www.fcbarcelonanoticias.com\/wp-content\/uploads\/sites\/2\/2025\/07\/fcbn-1ef179862881ad4d5528fe62cdc14740.webp\" alt=\"Ter Stegen: Why is he still not training with FC Barcelona?\" title=\"Ter Stegen: Why is he still not training with FC Barcelona?\" class=\"c-image__img\" width=\"1200\" height=\"675\" loading=\"lazy\"><\/picture><\/a>     <\/figure><div class=\"c-related-article__wrapper\">         <p class=\"c-related-article__avantitle\">Related<\/p>         <h4 class=\"c-related-article__title\">             <a href=\"https:\/\/www.fcbarcelonanoticias.com\/fc-barcelona\/ter-stegen-por-sigue-sin-entrenar-con-fc-barcelona_313548_102.html\" title=\"Ter Stegen: Why is he still not training with FC Barcelona?\" class=\"c-related-article__link\">                 Ter Stegen: Why is he still not training with FC Barcelona?             <\/a>         <\/h4>     <\/div> <\/section><\/div>  <p><strong>Lothar Matth\u00e4us<\/strong>&nbsp;was blunt in his statements to&nbsp;<em>Bild<\/em>:&nbsp;<strong>&#8220;If he wants to play in the World Cup, he has to leave. He is not going to play for Barcelona anymore&#8221;<\/strong>.&nbsp;The situation creates additional tension in the pre-season and complicates Flick&#8217;s plans.<\/p>  <h2><strong>Lamine Yamal: The investiture of the new &#8217;10&#8217;<\/strong><\/h2>  <p>The renewal and presentation ceremony for the new number is scheduled for&nbsp;<strong>this Wednesday afternoon<\/strong>.&nbsp;Lamine Yamal will officially inherit the mythical &#8217;10&#8217; left vacant by Ansu Fati after his move to AS Monaco.&nbsp;The event will include a&nbsp;<strong>protocol signing in Laporta&#8217;s office<\/strong>&nbsp;with his paternal grandmother F\u00e1tima present.<\/p>  <div class=\"cke-element cke-element--102\"><section class=\"c-related-article\"><figure class=\"c-image__fig\"><a href=\"https:\/\/www.fcbarcelonanoticias.com\/fc-barcelona\/lamine-yamal-legado-10-podra-brillar-como-ronaldinho-messi_313558_102.html\" title=\"Lamine Yamal and the legacy of the '10': Can he shine like Ronaldinho and Messi?\" class=\"c-image__imglink\"><picture><img decoding=\"async\" src=\"https:\/\/www.fcbarcelonanoticias.com\/wp-content\/uploads\/sites\/2\/2025\/07\/fcbn-260b5b131e6a0b3b92e6a7ded7c06cc0.jpeg\" alt=\"Lamine Yamal and the legacy of the '10': Can he shine like Ronaldinho and Messi?\" title=\"Lamine Yamal and the legacy of the '10': Can he shine like Ronaldinho and Messi?\" class=\"c-image__img\" width=\"1200\" height=\"675\" loading=\"lazy\"><\/picture><\/a>     <\/figure><div class=\"c-related-article__wrapper\">         <p class=\"c-related-article__avantitle\">Related<\/p>         <h4 class=\"c-related-article__title\">             <a href=\"https:\/\/www.fcbarcelonanoticias.com\/fc-barcelona\/lamine-yamal-legado-10-podra-brillar-como-ronaldinho-messi_313558_102.html\" title=\"Lamine Yamal and the legacy of the '10': Will he shine like Ronaldinho and Messi?\" class=\"c-related-article__link\">                 Lamine Yamal and the legacy of the &#8217;10&#8217;: Will he shine like Ronaldinho and Messi?             <\/a>         <\/h4>     <\/div> <\/section><\/div>  <p>The new contract until 2031 is already in effect since he came of age on July 13, making him&nbsp;<strong>one of the highest-paid players in the squad<\/strong>.&nbsp;His release clause is set at&nbsp;<strong>\u20ac1 billion<\/strong>.<\/p>  <h2><strong>Pablo Torre: Official sale to Mallorca<\/strong><\/h2>  <p>The&nbsp;<strong>transfer of Pablo Torre to Mallorca for \u20ac5 million is confirmed<\/strong>, with Barcelona reserving&nbsp;<strong>the right to buy-back, first refusal, and 50% of a future sale<\/strong>.&nbsp;The operation&nbsp;<strong>frees up \u20ac4 million in wages<\/strong>, contributing to the effort to reach the 1:1 rule.<\/p>  <p>Interestingly, the league debut will pit Barcelona against Mallorca at Son Moix, making Torre a&nbsp;<strong>player to watch in the first match of the season<\/strong>.<\/p>  <h2><strong>Asian Pre-season: Confirmed details<\/strong><\/h2>  <p>The Asian tour maintains its schedule with departure&nbsp;<strong>on July 24 for Japan<\/strong>.&nbsp;The confirmed matches are:<\/p>  <ul> <li> \t<p><strong>July 27<\/strong>: Vissel Kobe (Japan) &#8211; 12:00 PM Catalan time<\/p> \t<\/li> \t<li> \t<p><strong>July 31<\/strong>: FC Seoul (South Korea)<\/p> \t<\/li> \t<li> \t<p><strong>August 4<\/strong>: Daegu FC (South Korea)<\/p> \t<\/li> <\/ul> <p>The return is scheduled to prepare for the&nbsp;<strong>Joan Gamper Trophy on August 10<\/strong>&nbsp;at Camp Nou.<\/p>  <h2><strong>1:1 Rule: Pending situation<\/strong><\/h2>  <p>Despite conflicting reports,&nbsp;<strong>Barcelona has not yet officially recovered the 1:1 rule<\/strong>.&nbsp;The key lies in the&nbsp;<strong>validation of the \u20ac100 million from the VIP seats<\/strong>&nbsp;by the auditor Crowe Global and its subsequent approval by LaLiga.<\/p>  <p>The club hopes to regularize the situation&nbsp;<strong>by mid-August<\/strong>&nbsp;before the start of La Liga.&nbsp;The 475 VIP seats at Camp Nou are already physically finished, which facilitates their accounting recognition.<\/p>  <h2><strong>Negreira Case: Real Madrid applies pressure<\/strong><\/h2>  <p>Real Madrid has requested an&nbsp;<strong>additional six-month extension<\/strong>&nbsp;in the investigation of the Negreira case, until&nbsp;<strong>March 2026<\/strong>.&nbsp;The request is justified by the&nbsp;<strong>&#8220;complexity of the investigation&#8221;<\/strong>&nbsp;and the&nbsp;<strong>incipient state<\/strong>&nbsp;of the proceedings.<\/p>  <p>Pending to testify as investigated parties are&nbsp;<strong>Bartomeu, Rosell, \u00d3scar Grau, and Albert Soler<\/strong>, while&nbsp;<strong>Laporta, Luis Enrique, and Valverde<\/strong>&nbsp;will testify as witnesses.<\/p>  <h2><strong>Laporta in Libya: Controversial agreement<\/strong><\/h2>  <div class=\"cke-element cke-element--102\"><section class=\"c-related-article\"><figure class=\"c-image__fig\"><a href=\"https:\/\/www.fcbarcelonanoticias.com\/fc-barcelona\/se-viene-amistoso-en-libia-barca-ya-habria-llegado-acuerdo_313378_102.html\" title=\"laporta libia amistoso barca\" class=\"c-image__imglink\"><picture><img decoding=\"async\" src=\"https:\/\/www.fcbarcelonanoticias.com\/wp-content\/uploads\/sites\/2\/2025\/07\/fcbn-4b8771256d26cb5f93e14bfae52f935d.jpeg\" alt=\"laporta libia amistoso barca\" title=\"laporta libia amistoso barca\" class=\"c-image__img\" width=\"1200\" height=\"674\" loading=\"lazy\"><\/picture><\/a>     <\/figure><div class=\"c-related-article__wrapper\">         <p class=\"c-related-article__avantitle\">Related<\/p>         <h4 class=\"c-related-article__title\">             <a href=\"https:\/\/www.fcbarcelonanoticias.com\/fc-barcelona\/se-viene-amistoso-en-libia-barca-ya-habria-llegado-acuerdo_313378_102.html\" title=\"Is a friendly in Libya coming? Bar\u00e7a would have already reached an agreement\" class=\"c-related-article__link\">                 Is a friendly in Libya coming? Bar\u00e7a would have already reached an agreement             <\/a>         <\/h4>     <\/div> <\/section><\/div>  <p>Joan Laporta&#8217;s meeting with&nbsp;<strong>Libyan authorities<\/strong>&nbsp;is confirmed to agree on a&nbsp;<strong>friendly in Benghazi<\/strong>, the establishment of a&nbsp;<strong>Bar\u00e7a Academy<\/strong>, and a&nbsp;<strong>Bar\u00e7a Experience<\/strong>&nbsp;project.&nbsp;The meeting was with&nbsp;<strong>Ali Al-Saidi<\/strong>&nbsp;(Minister of Investment) and&nbsp;<strong>Al-Salihin Abdul Nabi<\/strong>&nbsp;(House of Representatives).<\/p>  <p>The&nbsp;<strong>Spanish Ministry of Foreign Affairs<\/strong>&nbsp;advises against traveling to Libya due to&nbsp;<strong>&#8220;serious security problems&#8221;<\/strong>, generating controversy over the decision.<\/p>  <h2><strong>Laporta-Koeman Reconciliation<\/strong><\/h2>  <p>At the&nbsp;<strong>Koeman Cup<\/strong>&nbsp;on June 27, both staged their&nbsp;<strong>public reconciliation<\/strong>&nbsp;after years of tension.&nbsp;<strong>&#8220;The most important thing is Bar\u00e7a,&#8221;<\/strong>&nbsp;declared Koeman, while Laporta joked:&nbsp;<strong>&#8220;It wasn&#8217;t a coffee, it was a carajillo&#8221;<\/strong>&nbsp;(coffee with brandy).<\/p>  <p>The reconciliation came about thanks to&nbsp;<strong>&#8220;common friends&#8221;<\/strong>&nbsp;and the conviction that&nbsp;<strong>&#8220;it made no sense&#8221;<\/strong>&nbsp;to maintain the conflict.<\/p>  <h2>FC Barcelona&#8217;s Immediate Calendar<\/h2>  <table cellpadding=\"8\" cellspacing=\"0\" width=\"100%\"> <thead><tr> <th>Date<\/th> \t\t\t<th>Event<\/th> \t\t\t<th>Relevance<\/th> \t\t<\/tr><\/thead> <tbody> <tr> <td>Jul 16 (today)<\/td> \t\t\t<td>Lamine Yamal renewal ceremony<\/td> \t\t\t<td>Officialization of the &#8217;10&#8217; shirt<\/td> \t\t<\/tr> <tr> <td>Jul 24<\/td> \t\t\t<td>Departure for Asian tour<\/td> \t\t\t<td>Start of international pre-season<\/td> \t\t<\/tr> <tr> <td>Jul 27<\/td> \t\t\t<td>Vissel Kobe<\/td> \t\t\t<td>First friendly<\/td> \t\t<\/tr> <tr> <td>Aug 10<\/td> \t\t\t<td>Joan Gamper Trophy<\/td> \t\t\t<td>Official return to Camp Nou<\/td> \t\t<\/tr> <tr> <td>Aug 16<\/td> \t\t\t<td>La Liga Debut vs Mallorca<\/td> \t\t\t<td>Official season start<\/td> \t\t<\/tr> <\/tbody> <\/table> <p>&nbsp;<\/p>  <p><strong><a data-external=\"1\" href=\"https:\/\/www.fcbarcelonanoticias.com\/en\/es\/categoria.php%3FIDC=498.html\" rel=\"follow\" target=\"_self\" title=\"FC Barcelona: News, Matches and Results\">Follow the latest news and all the current events of Bar\u00e7a on FCBN.<\/a><\/strong><\/p> ","protected":false},"excerpt":{"rendered":"<p>Return to Camp Nou, Ter Stegen, Luis D\u00edaz, the 1:1 rule, and the appointment of Lamine Yamal as FC Barcelona&#8217;s new No. 10 are among the top trending news stories about Barcelona. FC Barcelona&#8217;s current situation is buzzing in the midst of the summer market: transfer operations, the countdown to return to the Spotify Camp [&hellip;]<\/p>\n","protected":false},"author":353,"featured_media":14393,"comment_status":"closed","ping_status":"open","sticky":false,"template":"","format":"standard","meta":{"_acf_changed":false,"inline_featured_image":false,"_nextfly_llmd_date_locked":false,"footnotes":""},"categories":[111],"tags":[82,465,147,364,175],"class_list":["post-14392","post","type-post","status-publish","format-standard","has-post-thumbnail","hentry","category-fc-barcelona","tag-camp-nou","tag-lamine-yamal-2","tag-lamine-yamal","tag-luis-diaz","tag-viral"],"acf":[],"yoast_head":"<!-- This site is optimized with the Yoast SEO plugin v27.3 - https:\/\/yoast.com\/product\/yoast-seo-wordpress\/ -->\n<title>Bar\u00e7a Radar July 16, 2025<\/title>\n<meta name=\"description\" content=\"Return to Camp Nou, Ter Stegen, Luis D\u00edaz, the 1:1 rule, and the appointment of Lamine Yamal as FC Barcelona&#039;s new No. 10 are among the top trending news stories about Barcelona.\" \/>\n<meta name=\"robots\" content=\"index, follow, max-snippet:-1, max-image-preview:large, max-video-preview:-1\" \/>\n<link rel=\"canonical\" href=\"https:\/\/www.fcbarcelonanoticias.com\/en\/fc-barcelona\/barca-radar-july-16-2025_313560_102.html\" \/>\n<meta property=\"og:locale\" content=\"en_US\" \/>\n<meta property=\"og:type\" content=\"article\" \/>\n<meta property=\"og:title\" content=\"Bar\u00e7a Radar July 16, 2025\" \/>\n<meta property=\"og:description\" content=\"Return to Camp Nou, Ter Stegen, Luis D\u00edaz, the 1:1 rule, and the appointment of Lamine Yamal as FC Barcelona&#039;s new No. 10 are among the top trending news stories about Barcelona.\" \/>\n<meta property=\"og:url\" content=\"https:\/\/www.fcbarcelonanoticias.com\/en\/fc-barcelona\/barca-radar-july-16-2025_313560_102.html\" \/>\n<meta property=\"og:site_name\" content=\"EN - FC Barcelona Noticias\" \/>\n<meta property=\"article:published_time\" content=\"2025-07-16T08:14:00+00:00\" \/>\n<meta property=\"article:modified_time\" content=\"2026-04-16T07:36:07+00:00\" \/>\n<meta property=\"og:image\" content=\"https:\/\/www.fcbarcelonanoticias.com\/en\/wp-content\/uploads\/sites\/2\/2025\/07\/lamine-yamal-10-del-fc-barcelona.jpeg\" \/>\n\t<meta property=\"og:image:width\" content=\"1200\" \/>\n\t<meta property=\"og:image:height\" content=\"675\" \/>\n\t<meta property=\"og:image:type\" content=\"image\/jpeg\" \/>\n<meta name=\"author\" content=\"FC Barcelona Noticias\" \/>\n<meta name=\"twitter:card\" content=\"summary_large_image\" \/>\n<meta name=\"twitter:label1\" content=\"Written by\" \/>\n\t<meta name=\"twitter:data1\" content=\"FC Barcelona Noticias\" \/>\n\t<meta name=\"twitter:label2\" content=\"Est. reading time\" \/>\n\t<meta name=\"twitter:data2\" content=\"11 minutes\" \/>\n<script type=\"application\/ld+json\" class=\"yoast-schema-graph\">{\"@context\":\"https:\\\/\\\/schema.org\",\"@graph\":[{\"@type\":\"Article\",\"@id\":\"https:\\\/\\\/www.fcbarcelonanoticias.com\\\/en\\\/fc-barcelona\\\/barca-radar-july-16-2025_313560_102.html#article\",\"isPartOf\":{\"@id\":\"https:\\\/\\\/www.fcbarcelonanoticias.com\\\/en\\\/fc-barcelona\\\/barca-radar-july-16-2025_313560_102.html\"},\"author\":{\"name\":\"FC Barcelona Noticias\",\"@id\":\"https:\\\/\\\/www.fcbarcelonanoticias.com\\\/en\\\/#\\\/schema\\\/person\\\/0f2810101d27606974cdb8edb54fa54b\"},\"headline\":\"Bar\u00e7a Radar July 16, 2025\",\"datePublished\":\"2025-07-16T08:14:00+00:00\",\"dateModified\":\"2026-04-16T07:36:07+00:00\",\"mainEntityOfPage\":{\"@id\":\"https:\\\/\\\/www.fcbarcelonanoticias.com\\\/en\\\/fc-barcelona\\\/barca-radar-july-16-2025_313560_102.html\"},\"wordCount\":2254,\"image\":{\"@id\":\"https:\\\/\\\/www.fcbarcelonanoticias.com\\\/en\\\/fc-barcelona\\\/barca-radar-july-16-2025_313560_102.html#primaryimage\"},\"thumbnailUrl\":\"https:\\\/\\\/www.fcbarcelonanoticias.com\\\/en\\\/wp-content\\\/uploads\\\/sites\\\/2\\\/2025\\\/07\\\/lamine-yamal-10-del-fc-barcelona.jpeg\",\"keywords\":[\"Camp Nou\",\"Lamine Yamal\",\"Lamine Yamal\",\"Luis D\u00edaz\",\"Viral\"],\"articleSection\":[\"FC Barcelona\"],\"inLanguage\":\"en-US\"},{\"@type\":\"WebPage\",\"@id\":\"https:\\\/\\\/www.fcbarcelonanoticias.com\\\/en\\\/fc-barcelona\\\/barca-radar-july-16-2025_313560_102.html\",\"url\":\"https:\\\/\\\/www.fcbarcelonanoticias.com\\\/en\\\/fc-barcelona\\\/barca-radar-july-16-2025_313560_102.html\",\"name\":\"Bar\u00e7a Radar July 16, 2025\",\"isPartOf\":{\"@id\":\"https:\\\/\\\/www.fcbarcelonanoticias.com\\\/en\\\/#website\"},\"primaryImageOfPage\":{\"@id\":\"https:\\\/\\\/www.fcbarcelonanoticias.com\\\/en\\\/fc-barcelona\\\/barca-radar-july-16-2025_313560_102.html#primaryimage\"},\"image\":{\"@id\":\"https:\\\/\\\/www.fcbarcelonanoticias.com\\\/en\\\/fc-barcelona\\\/barca-radar-july-16-2025_313560_102.html#primaryimage\"},\"thumbnailUrl\":\"https:\\\/\\\/www.fcbarcelonanoticias.com\\\/en\\\/wp-content\\\/uploads\\\/sites\\\/2\\\/2025\\\/07\\\/lamine-yamal-10-del-fc-barcelona.jpeg\",\"datePublished\":\"2025-07-16T08:14:00+00:00\",\"dateModified\":\"2026-04-16T07:36:07+00:00\",\"author\":{\"@id\":\"https:\\\/\\\/www.fcbarcelonanoticias.com\\\/en\\\/#\\\/schema\\\/person\\\/0f2810101d27606974cdb8edb54fa54b\"},\"description\":\"Return to Camp Nou, Ter Stegen, Luis D\u00edaz, the 1:1 rule, and the appointment of Lamine Yamal as FC Barcelona's new No. 10 are among the top trending news stories about Barcelona.\",\"breadcrumb\":{\"@id\":\"https:\\\/\\\/www.fcbarcelonanoticias.com\\\/en\\\/fc-barcelona\\\/barca-radar-july-16-2025_313560_102.html#breadcrumb\"},\"inLanguage\":\"en-US\",\"potentialAction\":[{\"@type\":\"ReadAction\",\"target\":[\"https:\\\/\\\/www.fcbarcelonanoticias.com\\\/en\\\/fc-barcelona\\\/barca-radar-july-16-2025_313560_102.html\"]}]},{\"@type\":\"ImageObject\",\"inLanguage\":\"en-US\",\"@id\":\"https:\\\/\\\/www.fcbarcelonanoticias.com\\\/en\\\/fc-barcelona\\\/barca-radar-july-16-2025_313560_102.html#primaryimage\",\"url\":\"https:\\\/\\\/www.fcbarcelonanoticias.com\\\/en\\\/wp-content\\\/uploads\\\/sites\\\/2\\\/2025\\\/07\\\/lamine-yamal-10-del-fc-barcelona.jpeg\",\"contentUrl\":\"https:\\\/\\\/www.fcbarcelonanoticias.com\\\/en\\\/wp-content\\\/uploads\\\/sites\\\/2\\\/2025\\\/07\\\/lamine-yamal-10-del-fc-barcelona.jpeg\",\"width\":1200,\"height\":675},{\"@type\":\"BreadcrumbList\",\"@id\":\"https:\\\/\\\/www.fcbarcelonanoticias.com\\\/en\\\/fc-barcelona\\\/barca-radar-july-16-2025_313560_102.html#breadcrumb\",\"itemListElement\":[{\"@type\":\"ListItem\",\"position\":1,\"name\":\"Portada\",\"item\":\"https:\\\/\\\/www.fcbarcelonanoticias.com\\\/en\\\/\"},{\"@type\":\"ListItem\",\"position\":2,\"name\":\"Bar\u00e7a Radar July 16, 2025\"}]},{\"@type\":\"WebSite\",\"@id\":\"https:\\\/\\\/www.fcbarcelonanoticias.com\\\/en\\\/#website\",\"url\":\"https:\\\/\\\/www.fcbarcelonanoticias.com\\\/en\\\/\",\"name\":\"EN - FC Barcelona Noticias\",\"description\":\"\",\"potentialAction\":[{\"@type\":\"SearchAction\",\"target\":{\"@type\":\"EntryPoint\",\"urlTemplate\":\"https:\\\/\\\/www.fcbarcelonanoticias.com\\\/en\\\/?s={search_term_string}\"},\"query-input\":{\"@type\":\"PropertyValueSpecification\",\"valueRequired\":true,\"valueName\":\"search_term_string\"}}],\"inLanguage\":\"en-US\"},{\"@type\":\"Person\",\"@id\":\"https:\\\/\\\/www.fcbarcelonanoticias.com\\\/en\\\/#\\\/schema\\\/person\\\/0f2810101d27606974cdb8edb54fa54b\",\"name\":\"FC Barcelona Noticias\",\"image\":{\"@type\":\"ImageObject\",\"inLanguage\":\"en-US\",\"@id\":\"https:\\\/\\\/secure.gravatar.com\\\/avatar\\\/?s=96&d=mm&r=g\",\"url\":\"https:\\\/\\\/secure.gravatar.com\\\/avatar\\\/?s=96&d=mm&r=g\",\"contentUrl\":\"https:\\\/\\\/secure.gravatar.com\\\/avatar\\\/?s=96&d=mm&r=g\",\"caption\":\"FC Barcelona Noticias\"},\"url\":\"https:\\\/\\\/www.fcbarcelonanoticias.com\\\/en\\\/fc-barcelona\\\/fcbn-writing-fc-barcelona-news_6_115.html\"}]}<\/script>\n<!-- \/ Yoast SEO plugin. -->","yoast_head_json":{"title":"Bar\u00e7a Radar July 16, 2025","description":"Return to Camp Nou, Ter Stegen, Luis D\u00edaz, the 1:1 rule, and the appointment of Lamine Yamal as FC Barcelona's new No. 10 are among the top trending news stories about Barcelona.","robots":{"index":"index","follow":"follow","max-snippet":"max-snippet:-1","max-image-preview":"max-image-preview:large","max-video-preview":"max-video-preview:-1"},"canonical":"https:\/\/www.fcbarcelonanoticias.com\/en\/fc-barcelona\/barca-radar-july-16-2025_313560_102.html","og_locale":"en_US","og_type":"article","og_title":"Bar\u00e7a Radar July 16, 2025","og_description":"Return to Camp Nou, Ter Stegen, Luis D\u00edaz, the 1:1 rule, and the appointment of Lamine Yamal as FC Barcelona's new No. 10 are among the top trending news stories about Barcelona.","og_url":"https:\/\/www.fcbarcelonanoticias.com\/en\/fc-barcelona\/barca-radar-july-16-2025_313560_102.html","og_site_name":"EN - FC Barcelona Noticias","article_published_time":"2025-07-16T08:14:00+00:00","article_modified_time":"2026-04-16T07:36:07+00:00","og_image":[{"width":1200,"height":675,"url":"https:\/\/www.fcbarcelonanoticias.com\/en\/wp-content\/uploads\/sites\/2\/2025\/07\/lamine-yamal-10-del-fc-barcelona.jpeg","type":"image\/jpeg"}],"author":"FC Barcelona Noticias","twitter_card":"summary_large_image","twitter_misc":{"Written by":"FC Barcelona Noticias","Est. reading time":"11 minutes"},"schema":{"@context":"https:\/\/schema.org","@graph":[{"@type":"Article","@id":"https:\/\/www.fcbarcelonanoticias.com\/en\/fc-barcelona\/barca-radar-july-16-2025_313560_102.html#article","isPartOf":{"@id":"https:\/\/www.fcbarcelonanoticias.com\/en\/fc-barcelona\/barca-radar-july-16-2025_313560_102.html"},"author":{"name":"FC Barcelona Noticias","@id":"https:\/\/www.fcbarcelonanoticias.com\/en\/#\/schema\/person\/0f2810101d27606974cdb8edb54fa54b"},"headline":"Bar\u00e7a Radar July 16, 2025","datePublished":"2025-07-16T08:14:00+00:00","dateModified":"2026-04-16T07:36:07+00:00","mainEntityOfPage":{"@id":"https:\/\/www.fcbarcelonanoticias.com\/en\/fc-barcelona\/barca-radar-july-16-2025_313560_102.html"},"wordCount":2254,"image":{"@id":"https:\/\/www.fcbarcelonanoticias.com\/en\/fc-barcelona\/barca-radar-july-16-2025_313560_102.html#primaryimage"},"thumbnailUrl":"https:\/\/www.fcbarcelonanoticias.com\/en\/wp-content\/uploads\/sites\/2\/2025\/07\/lamine-yamal-10-del-fc-barcelona.jpeg","keywords":["Camp Nou","Lamine Yamal","Lamine Yamal","Luis D\u00edaz","Viral"],"articleSection":["FC Barcelona"],"inLanguage":"en-US"},{"@type":"WebPage","@id":"https:\/\/www.fcbarcelonanoticias.com\/en\/fc-barcelona\/barca-radar-july-16-2025_313560_102.html","url":"https:\/\/www.fcbarcelonanoticias.com\/en\/fc-barcelona\/barca-radar-july-16-2025_313560_102.html","name":"Bar\u00e7a Radar July 16, 2025","isPartOf":{"@id":"https:\/\/www.fcbarcelonanoticias.com\/en\/#website"},"primaryImageOfPage":{"@id":"https:\/\/www.fcbarcelonanoticias.com\/en\/fc-barcelona\/barca-radar-july-16-2025_313560_102.html#primaryimage"},"image":{"@id":"https:\/\/www.fcbarcelonanoticias.com\/en\/fc-barcelona\/barca-radar-july-16-2025_313560_102.html#primaryimage"},"thumbnailUrl":"https:\/\/www.fcbarcelonanoticias.com\/en\/wp-content\/uploads\/sites\/2\/2025\/07\/lamine-yamal-10-del-fc-barcelona.jpeg","datePublished":"2025-07-16T08:14:00+00:00","dateModified":"2026-04-16T07:36:07+00:00","author":{"@id":"https:\/\/www.fcbarcelonanoticias.com\/en\/#\/schema\/person\/0f2810101d27606974cdb8edb54fa54b"},"description":"Return to Camp Nou, Ter Stegen, Luis D\u00edaz, the 1:1 rule, and the appointment of Lamine Yamal as FC Barcelona's new No. 10 are among the top trending news stories about Barcelona.","breadcrumb":{"@id":"https:\/\/www.fcbarcelonanoticias.com\/en\/fc-barcelona\/barca-radar-july-16-2025_313560_102.html#breadcrumb"},"inLanguage":"en-US","potentialAction":[{"@type":"ReadAction","target":["https:\/\/www.fcbarcelonanoticias.com\/en\/fc-barcelona\/barca-radar-july-16-2025_313560_102.html"]}]},{"@type":"ImageObject","inLanguage":"en-US","@id":"https:\/\/www.fcbarcelonanoticias.com\/en\/fc-barcelona\/barca-radar-july-16-2025_313560_102.html#primaryimage","url":"https:\/\/www.fcbarcelonanoticias.com\/en\/wp-content\/uploads\/sites\/2\/2025\/07\/lamine-yamal-10-del-fc-barcelona.jpeg","contentUrl":"https:\/\/www.fcbarcelonanoticias.com\/en\/wp-content\/uploads\/sites\/2\/2025\/07\/lamine-yamal-10-del-fc-barcelona.jpeg","width":1200,"height":675},{"@type":"BreadcrumbList","@id":"https:\/\/www.fcbarcelonanoticias.com\/en\/fc-barcelona\/barca-radar-july-16-2025_313560_102.html#breadcrumb","itemListElement":[{"@type":"ListItem","position":1,"name":"Portada","item":"https:\/\/www.fcbarcelonanoticias.com\/en\/"},{"@type":"ListItem","position":2,"name":"Bar\u00e7a Radar July 16, 2025"}]},{"@type":"WebSite","@id":"https:\/\/www.fcbarcelonanoticias.com\/en\/#website","url":"https:\/\/www.fcbarcelonanoticias.com\/en\/","name":"EN - FC Barcelona Noticias","description":"","potentialAction":[{"@type":"SearchAction","target":{"@type":"EntryPoint","urlTemplate":"https:\/\/www.fcbarcelonanoticias.com\/en\/?s={search_term_string}"},"query-input":{"@type":"PropertyValueSpecification","valueRequired":true,"valueName":"search_term_string"}}],"inLanguage":"en-US"},{"@type":"Person","@id":"https:\/\/www.fcbarcelonanoticias.com\/en\/#\/schema\/person\/0f2810101d27606974cdb8edb54fa54b","name":"FC Barcelona Noticias","image":{"@type":"ImageObject","inLanguage":"en-US","@id":"https:\/\/secure.gravatar.com\/avatar\/?s=96&d=mm&r=g","url":"https:\/\/secure.gravatar.com\/avatar\/?s=96&d=mm&r=g","contentUrl":"https:\/\/secure.gravatar.com\/avatar\/?s=96&d=mm&r=g","caption":"FC Barcelona Noticias"},"url":"https:\/\/www.fcbarcelonanoticias.com\/en\/fc-barcelona\/fcbn-writing-fc-barcelona-news_6_115.html"}]}},"_links":{"self":[{"href":"https:\/\/www.fcbarcelonanoticias.com\/en\/wp-json\/wp\/v2\/posts\/14392","targetHints":{"allow":["GET"]}}],"collection":[{"href":"https:\/\/www.fcbarcelonanoticias.com\/en\/wp-json\/wp\/v2\/posts"}],"about":[{"href":"https:\/\/www.fcbarcelonanoticias.com\/en\/wp-json\/wp\/v2\/types\/post"}],"author":[{"embeddable":true,"href":"https:\/\/www.fcbarcelonanoticias.com\/en\/wp-json\/wp\/v2\/users\/353"}],"replies":[{"embeddable":true,"href":"https:\/\/www.fcbarcelonanoticias.com\/en\/wp-json\/wp\/v2\/comments?post=14392"}],"version-history":[{"count":9,"href":"https:\/\/www.fcbarcelonanoticias.com\/en\/wp-json\/wp\/v2\/posts\/14392\/revisions"}],"predecessor-version":[{"id":177174,"href":"https:\/\/www.fcbarcelonanoticias.com\/en\/wp-json\/wp\/v2\/posts\/14392\/revisions\/177174"}],"wp:featuredmedia":[{"embeddable":true,"href":"https:\/\/www.fcbarcelonanoticias.com\/en\/wp-json\/wp\/v2\/media\/14393"}],"wp:attachment":[{"href":"https:\/\/www.fcbarcelonanoticias.com\/en\/wp-json\/wp\/v2\/media?parent=14392"}],"wp:term":[{"taxonomy":"category","embeddable":true,"href":"https:\/\/www.fcbarcelonanoticias.com\/en\/wp-json\/wp\/v2\/categories?post=14392"},{"taxonomy":"post_tag","embeddable":true,"href":"https:\/\/www.fcbarcelonanoticias.com\/en\/wp-json\/wp\/v2\/tags?post=14392"}],"curies":[{"name":"wp","href":"https:\/\/api.w.org\/{rel}","templated":true}]}}