{"id":143927,"date":"2024-02-09T12:43:00","date_gmt":"2024-02-09T11:43:00","guid":{"rendered":"https:\/\/weisetech.dev\/fc-barcelona-noticias\/en\/the-way-of-the-barcelona-to-his-next-trainer_300691_102\/"},"modified":"2025-07-06T09:09:00","modified_gmt":"2025-07-06T07:09:00","slug":"the-way-of-the-barcelona-to-his-next-trainer_300691_102","status":"publish","type":"post","link":"https:\/\/www.fcbarcelonanoticias.com\/en\/transfers\/the-way-of-the-barcelona-to-his-next-trainer_300691_102.html","title":{"rendered":"The way of the Barcelona to his next coach"},"content":{"rendered":"<h2 class=\"wp-block-heading\">The FC Barcelona is tracking the market of trainers of face to the next season in front of the exit of Xavi. There are several names on of the table, but still is not clear which way will follow the Bar\u00e7a<\/h2>  \r\n<div class=\"article-addons\">\r\n    <a href=\"https:\/\/www.fcbarcelonanoticias.com\/en\/calendar-fc-barcelona.html\"\r\n       target=\"_self\"\r\n       title=\"Calendar of FC Barcelona\"\r\n       class=\"blue-gredient-btn\">\r\n       \r\n        Calendar of FC Barcelona    <\/a>\r\n<\/div>   <p>The course of Xavi Hern\u00e1ndez of the bench of the FC Barcelona has desatado a wave of speculations and analysis on who will be the attendant to lead the sportive project of the Catalan club from the next summer. In a marked context by the need of adaptation and evolution, so many names consecrated like innovative bets outline like the main candidates to assume the responsibility to head to one of the most emblematic teams of the world-wide football.<\/p>  <h2>In search of a successor<\/h2>  <p>The exit of Xavi, announced after a defeat in front of the Villarreal, no only symbolises the end of an era, but also the start of a period of crucial transition for the Bar\u00e7a. The sportive direction, headed by Joan Laporta, confronts to the challenge to select to a technician that no only guarantee immediate results, but it also ensure the continuity of the style of game that defines the identity of the club. Between the most stood out candidates appear names like Rafa M\u00e1rquez, current trainer of the Bar\u00e7a Atl\u00e8tic, and Thiago Motta, the one who directs to the Bologna with remarkable success. Both represent the ideal fusion between the internal knowledge of the club and the international experience.<\/p>  <h2>Strategic alternatives<\/h2>  <p>While M\u00e1rquez discerns like a viable option by his connection with the roots of the club and his knowledge of The Farm, Motta offers a more global perspective, thanks to his path in different European leagues. However, the list of possible substitutes extends further of these two names, including to technicians of the size of M\u00edchel S\u00e1nchez of the Girona, Imanol Bailiff of the Real Sociedad, and Mikel Arteta of the Arsenal, each one with a distinctive approach that it could enrich the proposal futbol\u00edstica of the Bar\u00e7a.<\/p>  <p>In front of the selection of a new trainer and the wide list of possible candidates, the fans of <u><a href=\"https:\/\/www.betsson1000.com\/en\/cl\/apuestas-deportivas\">the house of bets Chile<\/a><\/u> already are formulating quotas and prognoses on who will be the next tactical leader of the FC Barcelona. This interest no only reflects the global expectancy that surrounds to the decision of the club, but also how the analysis and the sportive bets have turned into an integral part of the discussion futbol\u00edstica contemporary.<\/p>  <p>The diversity of styles and philosophies between the candidates reflects the wide range of possibilities that the Catalan club is considering to ensure no only the sportive excellence, but also the fidelity to his legacy futbol\u00edstico. This variety extends until proposals riskier, like the incorporation of technicians that at present find without team, such as J\u00fcrgen Klopp, whose experience and success in the Premier League could contribute an additional competitive dimension to the team.<\/p>  <h2>The bet by the future<\/h2>  <p>In this stage of uncertainty and expectations, the Barcelona team finds in a crossing between the tradition and the innovation. The election of the next trainer no only will determine the sportive direction of the club in the next years, but it also will reflect his commitment with a football that is faithful to his essence, to the time that adapts to the requirements of the modern game. In this context, the figure of the technical elected will have to embody no only the tactical and technical excellence, but also the capacity to inspire and lead in a period of transition.<\/p> ","protected":false},"excerpt":{"rendered":"<p>The FC Barcelona is tracking the market of trainers of face to the next season in front of the exit of Xavi. There are several names on of the table, but still is not clear which way will follow the Bar\u00e7a The course of Xavi Hern\u00e1ndez of the bench of the FC Barcelona has desatado [&hellip;]<\/p>\n","protected":false},"author":353,"featured_media":143932,"comment_status":"closed","ping_status":"open","sticky":false,"template":"","format":"standard","meta":{"_acf_changed":false,"inline_featured_image":false,"_nextfly_llmd_date_locked":false,"footnotes":""},"categories":[449,106],"tags":[272],"class_list":["post-143927","post","type-post","status-publish","format-standard","has-post-thumbnail","hentry","category-transfers-2","category-transfers","tag-bets"],"acf":[],"yoast_head":"<!-- This site is optimized with the Yoast SEO plugin v27.3 - https:\/\/yoast.com\/product\/yoast-seo-wordpress\/ -->\n<title>The way of the Barcelona to his next trainer<\/title>\n<meta name=\"description\" content=\"The FC Barcelona is tracking the market of trainers of face to the next season in front of the exit of Xavi. There are several names on of the table, but still is not clear which way will follow the Bar\u00e7a\" \/>\n<meta name=\"robots\" content=\"index, follow, max-snippet:-1, max-image-preview:large, max-video-preview:-1\" \/>\n<link rel=\"canonical\" href=\"https:\/\/www.fcbarcelonanoticias.com\/en\/transfers\/the-way-of-the-barcelona-to-his-next-trainer_300691_102.html\" \/>\n<meta property=\"og:locale\" content=\"en_US\" \/>\n<meta property=\"og:type\" content=\"article\" \/>\n<meta property=\"og:title\" content=\"The way of the Barcelona to his next trainer\" \/>\n<meta property=\"og:description\" content=\"The FC Barcelona is tracking the market of trainers of face to the next season in front of the exit of Xavi. There are several names on of the table, but still is not clear which way will follow the Bar\u00e7a\" \/>\n<meta property=\"og:url\" content=\"https:\/\/www.fcbarcelonanoticias.com\/en\/transfers\/the-way-of-the-barcelona-to-his-next-trainer_300691_102.html\" \/>\n<meta property=\"og:site_name\" content=\"EN - FC Barcelona Noticias\" \/>\n<meta property=\"article:published_time\" content=\"2024-02-09T11:43:00+00:00\" \/>\n<meta property=\"article:modified_time\" content=\"2025-07-06T07:09:00+00:00\" \/>\n<meta property=\"og:image\" content=\"https:\/\/www.fcbarcelonanoticias.com\/en\/wp-content\/uploads\/sites\/2\/2024\/02\/noticias-entrenadores-barca.jpeg\" \/>\n\t<meta property=\"og:image:width\" content=\"1200\" \/>\n\t<meta property=\"og:image:height\" content=\"675\" \/>\n\t<meta property=\"og:image:type\" content=\"image\/jpeg\" \/>\n<meta name=\"author\" content=\"FC Barcelona Noticias\" \/>\n<meta name=\"twitter:card\" content=\"summary_large_image\" \/>\n<meta name=\"twitter:label1\" content=\"Written by\" \/>\n\t<meta name=\"twitter:data1\" content=\"FC Barcelona Noticias\" \/>\n\t<meta name=\"twitter:label2\" content=\"Est. reading time\" \/>\n\t<meta name=\"twitter:data2\" content=\"3 minutes\" \/>\n<script type=\"application\/ld+json\" class=\"yoast-schema-graph\">{\"@context\":\"https:\\\/\\\/schema.org\",\"@graph\":[{\"@type\":\"Article\",\"@id\":\"https:\\\/\\\/www.fcbarcelonanoticias.com\\\/en\\\/transfers\\\/the-way-of-the-barcelona-to-his-next-trainer_300691_102.html#article\",\"isPartOf\":{\"@id\":\"https:\\\/\\\/www.fcbarcelonanoticias.com\\\/en\\\/transfers\\\/the-way-of-the-barcelona-to-his-next-trainer_300691_102.html\"},\"author\":{\"name\":\"FC Barcelona Noticias\",\"@id\":\"https:\\\/\\\/www.fcbarcelonanoticias.com\\\/en\\\/#\\\/schema\\\/person\\\/0f2810101d27606974cdb8edb54fa54b\"},\"headline\":\"The way of the Barcelona to his next coach\",\"datePublished\":\"2024-02-09T11:43:00+00:00\",\"dateModified\":\"2025-07-06T07:09:00+00:00\",\"mainEntityOfPage\":{\"@id\":\"https:\\\/\\\/www.fcbarcelonanoticias.com\\\/en\\\/transfers\\\/the-way-of-the-barcelona-to-his-next-trainer_300691_102.html\"},\"wordCount\":616,\"image\":{\"@id\":\"https:\\\/\\\/www.fcbarcelonanoticias.com\\\/en\\\/transfers\\\/the-way-of-the-barcelona-to-his-next-trainer_300691_102.html#primaryimage\"},\"thumbnailUrl\":\"https:\\\/\\\/www.fcbarcelonanoticias.com\\\/en\\\/wp-content\\\/uploads\\\/sites\\\/2\\\/2024\\\/02\\\/noticias-entrenadores-barca.jpeg\",\"keywords\":[\"Bets\"],\"articleSection\":[\"Transfers\",\"Transfers\"],\"inLanguage\":\"en-US\"},{\"@type\":\"WebPage\",\"@id\":\"https:\\\/\\\/www.fcbarcelonanoticias.com\\\/en\\\/transfers\\\/the-way-of-the-barcelona-to-his-next-trainer_300691_102.html\",\"url\":\"https:\\\/\\\/www.fcbarcelonanoticias.com\\\/en\\\/transfers\\\/the-way-of-the-barcelona-to-his-next-trainer_300691_102.html\",\"name\":\"The way of the Barcelona to his next trainer\",\"isPartOf\":{\"@id\":\"https:\\\/\\\/www.fcbarcelonanoticias.com\\\/en\\\/#website\"},\"primaryImageOfPage\":{\"@id\":\"https:\\\/\\\/www.fcbarcelonanoticias.com\\\/en\\\/transfers\\\/the-way-of-the-barcelona-to-his-next-trainer_300691_102.html#primaryimage\"},\"image\":{\"@id\":\"https:\\\/\\\/www.fcbarcelonanoticias.com\\\/en\\\/transfers\\\/the-way-of-the-barcelona-to-his-next-trainer_300691_102.html#primaryimage\"},\"thumbnailUrl\":\"https:\\\/\\\/www.fcbarcelonanoticias.com\\\/en\\\/wp-content\\\/uploads\\\/sites\\\/2\\\/2024\\\/02\\\/noticias-entrenadores-barca.jpeg\",\"datePublished\":\"2024-02-09T11:43:00+00:00\",\"dateModified\":\"2025-07-06T07:09:00+00:00\",\"author\":{\"@id\":\"https:\\\/\\\/www.fcbarcelonanoticias.com\\\/en\\\/#\\\/schema\\\/person\\\/0f2810101d27606974cdb8edb54fa54b\"},\"description\":\"The FC Barcelona is tracking the market of trainers of face to the next season in front of the exit of Xavi. There are several names on of the table, but still is not clear which way will follow the Bar\u00e7a\",\"breadcrumb\":{\"@id\":\"https:\\\/\\\/www.fcbarcelonanoticias.com\\\/en\\\/transfers\\\/the-way-of-the-barcelona-to-his-next-trainer_300691_102.html#breadcrumb\"},\"inLanguage\":\"en-US\",\"potentialAction\":[{\"@type\":\"ReadAction\",\"target\":[\"https:\\\/\\\/www.fcbarcelonanoticias.com\\\/en\\\/transfers\\\/the-way-of-the-barcelona-to-his-next-trainer_300691_102.html\"]}]},{\"@type\":\"ImageObject\",\"inLanguage\":\"en-US\",\"@id\":\"https:\\\/\\\/www.fcbarcelonanoticias.com\\\/en\\\/transfers\\\/the-way-of-the-barcelona-to-his-next-trainer_300691_102.html#primaryimage\",\"url\":\"https:\\\/\\\/www.fcbarcelonanoticias.com\\\/en\\\/wp-content\\\/uploads\\\/sites\\\/2\\\/2024\\\/02\\\/noticias-entrenadores-barca.jpeg\",\"contentUrl\":\"https:\\\/\\\/www.fcbarcelonanoticias.com\\\/en\\\/wp-content\\\/uploads\\\/sites\\\/2\\\/2024\\\/02\\\/noticias-entrenadores-barca.jpeg\",\"width\":1200,\"height\":675},{\"@type\":\"BreadcrumbList\",\"@id\":\"https:\\\/\\\/www.fcbarcelonanoticias.com\\\/en\\\/transfers\\\/the-way-of-the-barcelona-to-his-next-trainer_300691_102.html#breadcrumb\",\"itemListElement\":[{\"@type\":\"ListItem\",\"position\":1,\"name\":\"Portada\",\"item\":\"https:\\\/\\\/www.fcbarcelonanoticias.com\\\/en\\\/\"},{\"@type\":\"ListItem\",\"position\":2,\"name\":\"The way of the Barcelona to his next coach\"}]},{\"@type\":\"WebSite\",\"@id\":\"https:\\\/\\\/www.fcbarcelonanoticias.com\\\/en\\\/#website\",\"url\":\"https:\\\/\\\/www.fcbarcelonanoticias.com\\\/en\\\/\",\"name\":\"EN - FC Barcelona Noticias\",\"description\":\"\",\"potentialAction\":[{\"@type\":\"SearchAction\",\"target\":{\"@type\":\"EntryPoint\",\"urlTemplate\":\"https:\\\/\\\/www.fcbarcelonanoticias.com\\\/en\\\/?s={search_term_string}\"},\"query-input\":{\"@type\":\"PropertyValueSpecification\",\"valueRequired\":true,\"valueName\":\"search_term_string\"}}],\"inLanguage\":\"en-US\"},{\"@type\":\"Person\",\"@id\":\"https:\\\/\\\/www.fcbarcelonanoticias.com\\\/en\\\/#\\\/schema\\\/person\\\/0f2810101d27606974cdb8edb54fa54b\",\"name\":\"FC Barcelona Noticias\",\"image\":{\"@type\":\"ImageObject\",\"inLanguage\":\"en-US\",\"@id\":\"https:\\\/\\\/secure.gravatar.com\\\/avatar\\\/?s=96&d=mm&r=g\",\"url\":\"https:\\\/\\\/secure.gravatar.com\\\/avatar\\\/?s=96&d=mm&r=g\",\"contentUrl\":\"https:\\\/\\\/secure.gravatar.com\\\/avatar\\\/?s=96&d=mm&r=g\",\"caption\":\"FC Barcelona Noticias\"},\"url\":\"https:\\\/\\\/www.fcbarcelonanoticias.com\\\/en\\\/fc-barcelona\\\/fcbn-writing-fc-barcelona-news_6_115.html\"}]}<\/script>\n<!-- \/ Yoast SEO plugin. -->","yoast_head_json":{"title":"The way of the Barcelona to his next trainer","description":"The FC Barcelona is tracking the market of trainers of face to the next season in front of the exit of Xavi. There are several names on of the table, but still is not clear which way will follow the Bar\u00e7a","robots":{"index":"index","follow":"follow","max-snippet":"max-snippet:-1","max-image-preview":"max-image-preview:large","max-video-preview":"max-video-preview:-1"},"canonical":"https:\/\/www.fcbarcelonanoticias.com\/en\/transfers\/the-way-of-the-barcelona-to-his-next-trainer_300691_102.html","og_locale":"en_US","og_type":"article","og_title":"The way of the Barcelona to his next trainer","og_description":"The FC Barcelona is tracking the market of trainers of face to the next season in front of the exit of Xavi. There are several names on of the table, but still is not clear which way will follow the Bar\u00e7a","og_url":"https:\/\/www.fcbarcelonanoticias.com\/en\/transfers\/the-way-of-the-barcelona-to-his-next-trainer_300691_102.html","og_site_name":"EN - FC Barcelona Noticias","article_published_time":"2024-02-09T11:43:00+00:00","article_modified_time":"2025-07-06T07:09:00+00:00","og_image":[{"width":1200,"height":675,"url":"https:\/\/www.fcbarcelonanoticias.com\/en\/wp-content\/uploads\/sites\/2\/2024\/02\/noticias-entrenadores-barca.jpeg","type":"image\/jpeg"}],"author":"FC Barcelona Noticias","twitter_card":"summary_large_image","twitter_misc":{"Written by":"FC Barcelona Noticias","Est. reading time":"3 minutes"},"schema":{"@context":"https:\/\/schema.org","@graph":[{"@type":"Article","@id":"https:\/\/www.fcbarcelonanoticias.com\/en\/transfers\/the-way-of-the-barcelona-to-his-next-trainer_300691_102.html#article","isPartOf":{"@id":"https:\/\/www.fcbarcelonanoticias.com\/en\/transfers\/the-way-of-the-barcelona-to-his-next-trainer_300691_102.html"},"author":{"name":"FC Barcelona Noticias","@id":"https:\/\/www.fcbarcelonanoticias.com\/en\/#\/schema\/person\/0f2810101d27606974cdb8edb54fa54b"},"headline":"The way of the Barcelona to his next coach","datePublished":"2024-02-09T11:43:00+00:00","dateModified":"2025-07-06T07:09:00+00:00","mainEntityOfPage":{"@id":"https:\/\/www.fcbarcelonanoticias.com\/en\/transfers\/the-way-of-the-barcelona-to-his-next-trainer_300691_102.html"},"wordCount":616,"image":{"@id":"https:\/\/www.fcbarcelonanoticias.com\/en\/transfers\/the-way-of-the-barcelona-to-his-next-trainer_300691_102.html#primaryimage"},"thumbnailUrl":"https:\/\/www.fcbarcelonanoticias.com\/en\/wp-content\/uploads\/sites\/2\/2024\/02\/noticias-entrenadores-barca.jpeg","keywords":["Bets"],"articleSection":["Transfers","Transfers"],"inLanguage":"en-US"},{"@type":"WebPage","@id":"https:\/\/www.fcbarcelonanoticias.com\/en\/transfers\/the-way-of-the-barcelona-to-his-next-trainer_300691_102.html","url":"https:\/\/www.fcbarcelonanoticias.com\/en\/transfers\/the-way-of-the-barcelona-to-his-next-trainer_300691_102.html","name":"The way of the Barcelona to his next trainer","isPartOf":{"@id":"https:\/\/www.fcbarcelonanoticias.com\/en\/#website"},"primaryImageOfPage":{"@id":"https:\/\/www.fcbarcelonanoticias.com\/en\/transfers\/the-way-of-the-barcelona-to-his-next-trainer_300691_102.html#primaryimage"},"image":{"@id":"https:\/\/www.fcbarcelonanoticias.com\/en\/transfers\/the-way-of-the-barcelona-to-his-next-trainer_300691_102.html#primaryimage"},"thumbnailUrl":"https:\/\/www.fcbarcelonanoticias.com\/en\/wp-content\/uploads\/sites\/2\/2024\/02\/noticias-entrenadores-barca.jpeg","datePublished":"2024-02-09T11:43:00+00:00","dateModified":"2025-07-06T07:09:00+00:00","author":{"@id":"https:\/\/www.fcbarcelonanoticias.com\/en\/#\/schema\/person\/0f2810101d27606974cdb8edb54fa54b"},"description":"The FC Barcelona is tracking the market of trainers of face to the next season in front of the exit of Xavi. There are several names on of the table, but still is not clear which way will follow the Bar\u00e7a","breadcrumb":{"@id":"https:\/\/www.fcbarcelonanoticias.com\/en\/transfers\/the-way-of-the-barcelona-to-his-next-trainer_300691_102.html#breadcrumb"},"inLanguage":"en-US","potentialAction":[{"@type":"ReadAction","target":["https:\/\/www.fcbarcelonanoticias.com\/en\/transfers\/the-way-of-the-barcelona-to-his-next-trainer_300691_102.html"]}]},{"@type":"ImageObject","inLanguage":"en-US","@id":"https:\/\/www.fcbarcelonanoticias.com\/en\/transfers\/the-way-of-the-barcelona-to-his-next-trainer_300691_102.html#primaryimage","url":"https:\/\/www.fcbarcelonanoticias.com\/en\/wp-content\/uploads\/sites\/2\/2024\/02\/noticias-entrenadores-barca.jpeg","contentUrl":"https:\/\/www.fcbarcelonanoticias.com\/en\/wp-content\/uploads\/sites\/2\/2024\/02\/noticias-entrenadores-barca.jpeg","width":1200,"height":675},{"@type":"BreadcrumbList","@id":"https:\/\/www.fcbarcelonanoticias.com\/en\/transfers\/the-way-of-the-barcelona-to-his-next-trainer_300691_102.html#breadcrumb","itemListElement":[{"@type":"ListItem","position":1,"name":"Portada","item":"https:\/\/www.fcbarcelonanoticias.com\/en\/"},{"@type":"ListItem","position":2,"name":"The way of the Barcelona to his next coach"}]},{"@type":"WebSite","@id":"https:\/\/www.fcbarcelonanoticias.com\/en\/#website","url":"https:\/\/www.fcbarcelonanoticias.com\/en\/","name":"EN - FC Barcelona Noticias","description":"","potentialAction":[{"@type":"SearchAction","target":{"@type":"EntryPoint","urlTemplate":"https:\/\/www.fcbarcelonanoticias.com\/en\/?s={search_term_string}"},"query-input":{"@type":"PropertyValueSpecification","valueRequired":true,"valueName":"search_term_string"}}],"inLanguage":"en-US"},{"@type":"Person","@id":"https:\/\/www.fcbarcelonanoticias.com\/en\/#\/schema\/person\/0f2810101d27606974cdb8edb54fa54b","name":"FC Barcelona Noticias","image":{"@type":"ImageObject","inLanguage":"en-US","@id":"https:\/\/secure.gravatar.com\/avatar\/?s=96&d=mm&r=g","url":"https:\/\/secure.gravatar.com\/avatar\/?s=96&d=mm&r=g","contentUrl":"https:\/\/secure.gravatar.com\/avatar\/?s=96&d=mm&r=g","caption":"FC Barcelona Noticias"},"url":"https:\/\/www.fcbarcelonanoticias.com\/en\/fc-barcelona\/fcbn-writing-fc-barcelona-news_6_115.html"}]}},"_links":{"self":[{"href":"https:\/\/www.fcbarcelonanoticias.com\/en\/wp-json\/wp\/v2\/posts\/143927","targetHints":{"allow":["GET"]}}],"collection":[{"href":"https:\/\/www.fcbarcelonanoticias.com\/en\/wp-json\/wp\/v2\/posts"}],"about":[{"href":"https:\/\/www.fcbarcelonanoticias.com\/en\/wp-json\/wp\/v2\/types\/post"}],"author":[{"embeddable":true,"href":"https:\/\/www.fcbarcelonanoticias.com\/en\/wp-json\/wp\/v2\/users\/353"}],"replies":[{"embeddable":true,"href":"https:\/\/www.fcbarcelonanoticias.com\/en\/wp-json\/wp\/v2\/comments?post=143927"}],"version-history":[{"count":1,"href":"https:\/\/www.fcbarcelonanoticias.com\/en\/wp-json\/wp\/v2\/posts\/143927\/revisions"}],"predecessor-version":[{"id":155246,"href":"https:\/\/www.fcbarcelonanoticias.com\/en\/wp-json\/wp\/v2\/posts\/143927\/revisions\/155246"}],"wp:featuredmedia":[{"embeddable":true,"href":"https:\/\/www.fcbarcelonanoticias.com\/en\/wp-json\/wp\/v2\/media\/143932"}],"wp:attachment":[{"href":"https:\/\/www.fcbarcelonanoticias.com\/en\/wp-json\/wp\/v2\/media?parent=143927"}],"wp:term":[{"taxonomy":"category","embeddable":true,"href":"https:\/\/www.fcbarcelonanoticias.com\/en\/wp-json\/wp\/v2\/categories?post=143927"},{"taxonomy":"post_tag","embeddable":true,"href":"https:\/\/www.fcbarcelonanoticias.com\/en\/wp-json\/wp\/v2\/tags?post=143927"}],"curies":[{"name":"wp","href":"https:\/\/api.w.org\/{rel}","templated":true}]}}