{"id":143941,"date":"2024-08-29T17:35:00","date_gmt":"2024-08-29T15:35:00","guid":{"rendered":"https:\/\/weisetech.dev\/fc-barcelona-noticias\/en\/the-top-and-low-cost-player-who-could-be-close-to-barca-and-madrid-near-the-end-of-the-summer_306904_102\/"},"modified":"2024-08-29T17:52:00","modified_gmt":"2024-08-29T15:52:00","slug":"the-top-and-low-cost-player-who-could-be-close-to-barca-and-madrid-near-the-end-of-the-summer_306904_102","status":"publish","type":"post","link":"https:\/\/www.fcbarcelonanoticias.com\/en\/transfers\/the-top-and-low-cost-player-who-could-be-close-to-barca-and-madrid-near-the-end-of-the-summer_306904_102.html","title":{"rendered":"The &#8216;top&#8217; and &#8216;low cost&#8217; player who could be close to Bar\u00e7a and Madrid near the end of the summer"},"content":{"rendered":"<h2 class=\"wp-block-heading\">Bar\u00e7a and Madrid could compete for one of the &#8216;sweethearts&#8217; of the transfer market. Adrien Rabiot is still without a team, and given the need for both clubs to sign a midfielder, the Frenchman could be the solution for both<\/h2>  \r\n<div class=\"article-addons\">\r\n    <a href=\"https:\/\/www.fcbarcelonanoticias.com\/en\/calendar-fc-barcelona.html\"\r\n       target=\"_self\"\r\n       title=\"Calendar of FC Barcelona\"\r\n       class=\"blue-gredient-btn\">\r\n       \r\n        Calendar of FC Barcelona    <\/a>\r\n<\/div>   <p>The offices of FC Barcelona are on fire in these last hours of the <a data-external=\"0\" data-intl-links-en=\"https:\/\/www.fcbarcelonanoticias.com\/en\/transfers\" data-intl-links-es=\"https:\/\/www.fcbarcelonanoticias.com\/fichajes\" href=\"https:\/\/www.fcbarcelonanoticias.com\/en\/fc-barcelona\/transfers.html\" rel=\"follow\" target=\"_self\" title=\"Transfers\">transfer market<\/a>. The Catalans continue studying their options to strengthen themselves in critical positions, one of them being the pivot, &#8216;depleted&#8217; after Marc Bernal&#8217;s serious injury. <strong>The Catalans are analysing different alternatives and one of them could be closed, even, once the summer window is over, as is the case of Adrien Rabiot, a 29-year-old French midfielder<\/strong>.<\/p>  <p>After finishing his time at Juventus, the footballer is on the market on a free transfer and has not yet signed with any team. <strong>If the Catalans manage to return to the 1\/1 rule, they could face the operation within two or three weeks if the player remains without a club<\/strong>. However, for this to happen, the Catalans will have to close a significant economic agreement, with the extension of the contract with Nike being the immediate exit. The deal between both parties is about to be closed and would give enough oxygen to balance the accounts and give Deco room to manoeuvre.<\/p>  <p>Bernal&#8217;s torn cruciate ligament and meniscus, coupled with Frenkie de Jong&#8217;s indefinite absence and Christensen&#8217;s Achilles injury, has left the pivot&#8217;s position in a bad way, a setback that could harm Hansi Flick&#8217;s scheme in the coming weeks due to this imbalance in the squad. Therefore, <strong>the Catalans could opt for a Rabiot who, at the moment, is not a priority, but if at the time he has not joined a new team, he could present himself as a market opportunity<\/strong> as he is an experienced player with proven quality in his position, as reported by &#8216;SPORT&#8217;.<\/p>  <h2>Real Madrid, waiting<\/h2>  <p>For its part, Real Madrid would also be on the trail of the Frenchman. <strong>The Merengue entity is one step away from suffering the loss of Dani Ceballos, who has reportedly asked to leave the club<\/strong>. For this reason, and given the number of games that will be played this season, Carlo Ancelotti has asked Florentino P\u00e9rez to sign a reinforcement for the midfield, which is currently without the presence of Eduardo Camavinga and Jude Bellingham due to injury. Adrien is an old acquaintance of the Merengue club, which has already had him on its radar previously, so they could be interested in him again if they find a solution in the next few hours.<\/p>  <p>In any case, <a data-external=\"0\" data-intl-links-en=\"https:\/\/www.fcbarcelonanoticias.com\/en\/transfers\/fc-barcelona-and-real-madrid-forced-to-go-to-the-market-due-to-two-specific-movements_306896_102.html\" data-intl-links-es=\"https:\/\/www.fcbarcelonanoticias.com\/fichajes\/fc-barcelona-real-madrid-obligados-mercado-culpa-dos-movimientos-concretos_306896_102.html\" href=\"https:\/\/www.fcbarcelonanoticias.com\/en\/transfers\/fc-barcelona-and-real-madrid-forced-to-go-to-the-market-due-to-two-specific-movements_306896_102.html\" rel=\"follow\" target=\"_self\" title=\"FC Barcelona and Real Madrid, 'forced' to go to the market due to two specific movements\">both Real Madrid and Barcelona will have to use their options<\/a> since the summer transfer market for the 2024\/25 campaign closes at midnight on Friday, August 30 in LaLiga, as well as in the main competitions in Europe. <strong>However, the Rabiot option could be used in an &#8217;emergency&#8217; case beyond this date<\/strong>.<\/p> ","protected":false},"excerpt":{"rendered":"<p>Bar\u00e7a and Madrid could compete for one of the &#8216;sweethearts&#8217; of the transfer market. Adrien Rabiot is still without a team, and given the need for both clubs to sign a midfielder, the Frenchman could be the solution for both The offices of FC Barcelona are on fire in these last hours of the transfer [&hellip;]<\/p>\n","protected":false},"author":358,"featured_media":143945,"comment_status":"closed","ping_status":"open","sticky":false,"template":"","format":"standard","meta":{"_acf_changed":false,"inline_featured_image":false,"_nextfly_llmd_date_locked":false,"footnotes":""},"categories":[106,449],"tags":[105],"class_list":["post-143941","post","type-post","status-publish","format-standard","has-post-thumbnail","hentry","category-transfers","category-transfers-2","tag-juventus"],"acf":[],"yoast_head":"<!-- This site is optimized with the Yoast SEO plugin v27.3 - https:\/\/yoast.com\/product\/yoast-seo-wordpress\/ -->\n<title>The &#039;top&#039; and &#039;low cost&#039; player who could be close to Bar\u00e7a and Madrid near the end of the summer<\/title>\n<meta name=\"description\" content=\"Bar\u00e7a and Madrid could compete for one of the &#039;sweethearts&#039; of the transfer market. Adrien Rabiot is still without a team, and given the need for both clubs to sign a midfielder, the Frenchman could be the solution for both\" \/>\n<meta name=\"robots\" content=\"index, follow, max-snippet:-1, max-image-preview:large, max-video-preview:-1\" \/>\n<link rel=\"canonical\" href=\"https:\/\/www.fcbarcelonanoticias.com\/en\/transfers\/the-top-and-low-cost-player-who-could-be-close-to-barca-and-madrid-near-the-end-of-the-summer_306904_102.html\" \/>\n<meta property=\"og:locale\" content=\"en_US\" \/>\n<meta property=\"og:type\" content=\"article\" \/>\n<meta property=\"og:title\" content=\"The &#039;top&#039; and &#039;low cost&#039; player who could be close to Bar\u00e7a and Madrid near the end of the summer\" \/>\n<meta property=\"og:description\" content=\"Bar\u00e7a and Madrid could compete for one of the &#039;sweethearts&#039; of the transfer market. Adrien Rabiot is still without a team, and given the need for both clubs to sign a midfielder, the Frenchman could be the solution for both\" \/>\n<meta property=\"og:url\" content=\"https:\/\/www.fcbarcelonanoticias.com\/en\/transfers\/the-top-and-low-cost-player-who-could-be-close-to-barca-and-madrid-near-the-end-of-the-summer_306904_102.html\" \/>\n<meta property=\"og:site_name\" content=\"EN - FC Barcelona Noticias\" \/>\n<meta property=\"article:published_time\" content=\"2024-08-29T15:35:00+00:00\" \/>\n<meta property=\"article:modified_time\" content=\"2024-08-29T15:52:00+00:00\" \/>\n<meta property=\"og:image\" content=\"https:\/\/www.fcbarcelonanoticias.com\/en\/wp-content\/uploads\/sites\/2\/2024\/08\/rabiot-kante-260082.jpeg\" \/>\n\t<meta property=\"og:image:width\" content=\"761\" \/>\n\t<meta property=\"og:image:height\" content=\"428\" \/>\n\t<meta property=\"og:image:type\" content=\"image\/jpeg\" \/>\n<meta name=\"author\" content=\"Juan Pablo Berdugo\" \/>\n<meta name=\"twitter:card\" content=\"summary_large_image\" \/>\n<meta name=\"twitter:label1\" content=\"Written by\" \/>\n\t<meta name=\"twitter:data1\" content=\"Juan Pablo Berdugo\" \/>\n\t<meta name=\"twitter:label2\" content=\"Est. reading time\" \/>\n\t<meta name=\"twitter:data2\" content=\"2 minutes\" \/>\n<script type=\"application\/ld+json\" class=\"yoast-schema-graph\">{\"@context\":\"https:\\\/\\\/schema.org\",\"@graph\":[{\"@type\":\"Article\",\"@id\":\"https:\\\/\\\/www.fcbarcelonanoticias.com\\\/en\\\/transfers\\\/the-top-and-low-cost-player-who-could-be-close-to-barca-and-madrid-near-the-end-of-the-summer_306904_102.html#article\",\"isPartOf\":{\"@id\":\"https:\\\/\\\/www.fcbarcelonanoticias.com\\\/en\\\/transfers\\\/the-top-and-low-cost-player-who-could-be-close-to-barca-and-madrid-near-the-end-of-the-summer_306904_102.html\"},\"author\":{\"name\":\"Juan Pablo Berdugo\",\"@id\":\"https:\\\/\\\/www.fcbarcelonanoticias.com\\\/en\\\/#\\\/schema\\\/person\\\/88d756918a0a1ae9fa593b5edddd1815\"},\"headline\":\"The &#8216;top&#8217; and &#8216;low cost&#8217; player who could be close to Bar\u00e7a and Madrid near the end of the summer\",\"datePublished\":\"2024-08-29T15:35:00+00:00\",\"dateModified\":\"2024-08-29T15:52:00+00:00\",\"mainEntityOfPage\":{\"@id\":\"https:\\\/\\\/www.fcbarcelonanoticias.com\\\/en\\\/transfers\\\/the-top-and-low-cost-player-who-could-be-close-to-barca-and-madrid-near-the-end-of-the-summer_306904_102.html\"},\"wordCount\":510,\"image\":{\"@id\":\"https:\\\/\\\/www.fcbarcelonanoticias.com\\\/en\\\/transfers\\\/the-top-and-low-cost-player-who-could-be-close-to-barca-and-madrid-near-the-end-of-the-summer_306904_102.html#primaryimage\"},\"thumbnailUrl\":\"https:\\\/\\\/www.fcbarcelonanoticias.com\\\/en\\\/wp-content\\\/uploads\\\/sites\\\/2\\\/2024\\\/08\\\/rabiot-kante-260082.jpeg\",\"keywords\":[\"Juventus\"],\"articleSection\":[\"Transfers\",\"Transfers\"],\"inLanguage\":\"en-US\"},{\"@type\":\"WebPage\",\"@id\":\"https:\\\/\\\/www.fcbarcelonanoticias.com\\\/en\\\/transfers\\\/the-top-and-low-cost-player-who-could-be-close-to-barca-and-madrid-near-the-end-of-the-summer_306904_102.html\",\"url\":\"https:\\\/\\\/www.fcbarcelonanoticias.com\\\/en\\\/transfers\\\/the-top-and-low-cost-player-who-could-be-close-to-barca-and-madrid-near-the-end-of-the-summer_306904_102.html\",\"name\":\"The 'top' and 'low cost' player who could be close to Bar\u00e7a and Madrid near the end of the summer\",\"isPartOf\":{\"@id\":\"https:\\\/\\\/www.fcbarcelonanoticias.com\\\/en\\\/#website\"},\"primaryImageOfPage\":{\"@id\":\"https:\\\/\\\/www.fcbarcelonanoticias.com\\\/en\\\/transfers\\\/the-top-and-low-cost-player-who-could-be-close-to-barca-and-madrid-near-the-end-of-the-summer_306904_102.html#primaryimage\"},\"image\":{\"@id\":\"https:\\\/\\\/www.fcbarcelonanoticias.com\\\/en\\\/transfers\\\/the-top-and-low-cost-player-who-could-be-close-to-barca-and-madrid-near-the-end-of-the-summer_306904_102.html#primaryimage\"},\"thumbnailUrl\":\"https:\\\/\\\/www.fcbarcelonanoticias.com\\\/en\\\/wp-content\\\/uploads\\\/sites\\\/2\\\/2024\\\/08\\\/rabiot-kante-260082.jpeg\",\"datePublished\":\"2024-08-29T15:35:00+00:00\",\"dateModified\":\"2024-08-29T15:52:00+00:00\",\"author\":{\"@id\":\"https:\\\/\\\/www.fcbarcelonanoticias.com\\\/en\\\/#\\\/schema\\\/person\\\/88d756918a0a1ae9fa593b5edddd1815\"},\"description\":\"Bar\u00e7a and Madrid could compete for one of the 'sweethearts' of the transfer market. Adrien Rabiot is still without a team, and given the need for both clubs to sign a midfielder, the Frenchman could be the solution for both\",\"breadcrumb\":{\"@id\":\"https:\\\/\\\/www.fcbarcelonanoticias.com\\\/en\\\/transfers\\\/the-top-and-low-cost-player-who-could-be-close-to-barca-and-madrid-near-the-end-of-the-summer_306904_102.html#breadcrumb\"},\"inLanguage\":\"en-US\",\"potentialAction\":[{\"@type\":\"ReadAction\",\"target\":[\"https:\\\/\\\/www.fcbarcelonanoticias.com\\\/en\\\/transfers\\\/the-top-and-low-cost-player-who-could-be-close-to-barca-and-madrid-near-the-end-of-the-summer_306904_102.html\"]}]},{\"@type\":\"ImageObject\",\"inLanguage\":\"en-US\",\"@id\":\"https:\\\/\\\/www.fcbarcelonanoticias.com\\\/en\\\/transfers\\\/the-top-and-low-cost-player-who-could-be-close-to-barca-and-madrid-near-the-end-of-the-summer_306904_102.html#primaryimage\",\"url\":\"https:\\\/\\\/www.fcbarcelonanoticias.com\\\/en\\\/wp-content\\\/uploads\\\/sites\\\/2\\\/2024\\\/08\\\/rabiot-kante-260082.jpeg\",\"contentUrl\":\"https:\\\/\\\/www.fcbarcelonanoticias.com\\\/en\\\/wp-content\\\/uploads\\\/sites\\\/2\\\/2024\\\/08\\\/rabiot-kante-260082.jpeg\",\"width\":761,\"height\":428},{\"@type\":\"BreadcrumbList\",\"@id\":\"https:\\\/\\\/www.fcbarcelonanoticias.com\\\/en\\\/transfers\\\/the-top-and-low-cost-player-who-could-be-close-to-barca-and-madrid-near-the-end-of-the-summer_306904_102.html#breadcrumb\",\"itemListElement\":[{\"@type\":\"ListItem\",\"position\":1,\"name\":\"Portada\",\"item\":\"https:\\\/\\\/www.fcbarcelonanoticias.com\\\/en\\\/\"},{\"@type\":\"ListItem\",\"position\":2,\"name\":\"The &#8216;top&#8217; and &#8216;low cost&#8217; player who could be close to Bar\u00e7a and Madrid near the end of the summer\"}]},{\"@type\":\"WebSite\",\"@id\":\"https:\\\/\\\/www.fcbarcelonanoticias.com\\\/en\\\/#website\",\"url\":\"https:\\\/\\\/www.fcbarcelonanoticias.com\\\/en\\\/\",\"name\":\"EN - FC Barcelona Noticias\",\"description\":\"\",\"potentialAction\":[{\"@type\":\"SearchAction\",\"target\":{\"@type\":\"EntryPoint\",\"urlTemplate\":\"https:\\\/\\\/www.fcbarcelonanoticias.com\\\/en\\\/?s={search_term_string}\"},\"query-input\":{\"@type\":\"PropertyValueSpecification\",\"valueRequired\":true,\"valueName\":\"search_term_string\"}}],\"inLanguage\":\"en-US\"},{\"@type\":\"Person\",\"@id\":\"https:\\\/\\\/www.fcbarcelonanoticias.com\\\/en\\\/#\\\/schema\\\/person\\\/88d756918a0a1ae9fa593b5edddd1815\",\"name\":\"Juan Pablo Berdugo\",\"image\":{\"@type\":\"ImageObject\",\"inLanguage\":\"en-US\",\"@id\":\"https:\\\/\\\/secure.gravatar.com\\\/avatar\\\/?s=96&d=mm&r=g\",\"url\":\"https:\\\/\\\/secure.gravatar.com\\\/avatar\\\/?s=96&d=mm&r=g\",\"contentUrl\":\"https:\\\/\\\/secure.gravatar.com\\\/avatar\\\/?s=96&d=mm&r=g\",\"caption\":\"Juan Pablo Berdugo\"},\"description\":\"Juan Pablo Berdugo es graduado en Periodismo. Colabora con FCBN como especialista en informaci\u00f3n del primer equipo del FC Barcelona, f\u00fatbol internacional y mercado de fichajes. Destaca por su enfoque anal\u00edtico, su rigor informativo y su capacidad para detectar tendencias emergentes en el f\u00fatbol global.\",\"url\":\"https:\\\/\\\/www.fcbarcelonanoticias.com\\\/en\\\/fc-barcelona\\\/juan-pablo-berdugo_18_115.html\"}]}<\/script>\n<!-- \/ Yoast SEO plugin. -->","yoast_head_json":{"title":"The 'top' and 'low cost' player who could be close to Bar\u00e7a and Madrid near the end of the summer","description":"Bar\u00e7a and Madrid could compete for one of the 'sweethearts' of the transfer market. Adrien Rabiot is still without a team, and given the need for both clubs to sign a midfielder, the Frenchman could be the solution for both","robots":{"index":"index","follow":"follow","max-snippet":"max-snippet:-1","max-image-preview":"max-image-preview:large","max-video-preview":"max-video-preview:-1"},"canonical":"https:\/\/www.fcbarcelonanoticias.com\/en\/transfers\/the-top-and-low-cost-player-who-could-be-close-to-barca-and-madrid-near-the-end-of-the-summer_306904_102.html","og_locale":"en_US","og_type":"article","og_title":"The 'top' and 'low cost' player who could be close to Bar\u00e7a and Madrid near the end of the summer","og_description":"Bar\u00e7a and Madrid could compete for one of the 'sweethearts' of the transfer market. Adrien Rabiot is still without a team, and given the need for both clubs to sign a midfielder, the Frenchman could be the solution for both","og_url":"https:\/\/www.fcbarcelonanoticias.com\/en\/transfers\/the-top-and-low-cost-player-who-could-be-close-to-barca-and-madrid-near-the-end-of-the-summer_306904_102.html","og_site_name":"EN - FC Barcelona Noticias","article_published_time":"2024-08-29T15:35:00+00:00","article_modified_time":"2024-08-29T15:52:00+00:00","og_image":[{"width":761,"height":428,"url":"https:\/\/www.fcbarcelonanoticias.com\/en\/wp-content\/uploads\/sites\/2\/2024\/08\/rabiot-kante-260082.jpeg","type":"image\/jpeg"}],"author":"Juan Pablo Berdugo","twitter_card":"summary_large_image","twitter_misc":{"Written by":"Juan Pablo Berdugo","Est. reading time":"2 minutes"},"schema":{"@context":"https:\/\/schema.org","@graph":[{"@type":"Article","@id":"https:\/\/www.fcbarcelonanoticias.com\/en\/transfers\/the-top-and-low-cost-player-who-could-be-close-to-barca-and-madrid-near-the-end-of-the-summer_306904_102.html#article","isPartOf":{"@id":"https:\/\/www.fcbarcelonanoticias.com\/en\/transfers\/the-top-and-low-cost-player-who-could-be-close-to-barca-and-madrid-near-the-end-of-the-summer_306904_102.html"},"author":{"name":"Juan Pablo Berdugo","@id":"https:\/\/www.fcbarcelonanoticias.com\/en\/#\/schema\/person\/88d756918a0a1ae9fa593b5edddd1815"},"headline":"The &#8216;top&#8217; and &#8216;low cost&#8217; player who could be close to Bar\u00e7a and Madrid near the end of the summer","datePublished":"2024-08-29T15:35:00+00:00","dateModified":"2024-08-29T15:52:00+00:00","mainEntityOfPage":{"@id":"https:\/\/www.fcbarcelonanoticias.com\/en\/transfers\/the-top-and-low-cost-player-who-could-be-close-to-barca-and-madrid-near-the-end-of-the-summer_306904_102.html"},"wordCount":510,"image":{"@id":"https:\/\/www.fcbarcelonanoticias.com\/en\/transfers\/the-top-and-low-cost-player-who-could-be-close-to-barca-and-madrid-near-the-end-of-the-summer_306904_102.html#primaryimage"},"thumbnailUrl":"https:\/\/www.fcbarcelonanoticias.com\/en\/wp-content\/uploads\/sites\/2\/2024\/08\/rabiot-kante-260082.jpeg","keywords":["Juventus"],"articleSection":["Transfers","Transfers"],"inLanguage":"en-US"},{"@type":"WebPage","@id":"https:\/\/www.fcbarcelonanoticias.com\/en\/transfers\/the-top-and-low-cost-player-who-could-be-close-to-barca-and-madrid-near-the-end-of-the-summer_306904_102.html","url":"https:\/\/www.fcbarcelonanoticias.com\/en\/transfers\/the-top-and-low-cost-player-who-could-be-close-to-barca-and-madrid-near-the-end-of-the-summer_306904_102.html","name":"The 'top' and 'low cost' player who could be close to Bar\u00e7a and Madrid near the end of the summer","isPartOf":{"@id":"https:\/\/www.fcbarcelonanoticias.com\/en\/#website"},"primaryImageOfPage":{"@id":"https:\/\/www.fcbarcelonanoticias.com\/en\/transfers\/the-top-and-low-cost-player-who-could-be-close-to-barca-and-madrid-near-the-end-of-the-summer_306904_102.html#primaryimage"},"image":{"@id":"https:\/\/www.fcbarcelonanoticias.com\/en\/transfers\/the-top-and-low-cost-player-who-could-be-close-to-barca-and-madrid-near-the-end-of-the-summer_306904_102.html#primaryimage"},"thumbnailUrl":"https:\/\/www.fcbarcelonanoticias.com\/en\/wp-content\/uploads\/sites\/2\/2024\/08\/rabiot-kante-260082.jpeg","datePublished":"2024-08-29T15:35:00+00:00","dateModified":"2024-08-29T15:52:00+00:00","author":{"@id":"https:\/\/www.fcbarcelonanoticias.com\/en\/#\/schema\/person\/88d756918a0a1ae9fa593b5edddd1815"},"description":"Bar\u00e7a and Madrid could compete for one of the 'sweethearts' of the transfer market. Adrien Rabiot is still without a team, and given the need for both clubs to sign a midfielder, the Frenchman could be the solution for both","breadcrumb":{"@id":"https:\/\/www.fcbarcelonanoticias.com\/en\/transfers\/the-top-and-low-cost-player-who-could-be-close-to-barca-and-madrid-near-the-end-of-the-summer_306904_102.html#breadcrumb"},"inLanguage":"en-US","potentialAction":[{"@type":"ReadAction","target":["https:\/\/www.fcbarcelonanoticias.com\/en\/transfers\/the-top-and-low-cost-player-who-could-be-close-to-barca-and-madrid-near-the-end-of-the-summer_306904_102.html"]}]},{"@type":"ImageObject","inLanguage":"en-US","@id":"https:\/\/www.fcbarcelonanoticias.com\/en\/transfers\/the-top-and-low-cost-player-who-could-be-close-to-barca-and-madrid-near-the-end-of-the-summer_306904_102.html#primaryimage","url":"https:\/\/www.fcbarcelonanoticias.com\/en\/wp-content\/uploads\/sites\/2\/2024\/08\/rabiot-kante-260082.jpeg","contentUrl":"https:\/\/www.fcbarcelonanoticias.com\/en\/wp-content\/uploads\/sites\/2\/2024\/08\/rabiot-kante-260082.jpeg","width":761,"height":428},{"@type":"BreadcrumbList","@id":"https:\/\/www.fcbarcelonanoticias.com\/en\/transfers\/the-top-and-low-cost-player-who-could-be-close-to-barca-and-madrid-near-the-end-of-the-summer_306904_102.html#breadcrumb","itemListElement":[{"@type":"ListItem","position":1,"name":"Portada","item":"https:\/\/www.fcbarcelonanoticias.com\/en\/"},{"@type":"ListItem","position":2,"name":"The &#8216;top&#8217; and &#8216;low cost&#8217; player who could be close to Bar\u00e7a and Madrid near the end of the summer"}]},{"@type":"WebSite","@id":"https:\/\/www.fcbarcelonanoticias.com\/en\/#website","url":"https:\/\/www.fcbarcelonanoticias.com\/en\/","name":"EN - FC Barcelona Noticias","description":"","potentialAction":[{"@type":"SearchAction","target":{"@type":"EntryPoint","urlTemplate":"https:\/\/www.fcbarcelonanoticias.com\/en\/?s={search_term_string}"},"query-input":{"@type":"PropertyValueSpecification","valueRequired":true,"valueName":"search_term_string"}}],"inLanguage":"en-US"},{"@type":"Person","@id":"https:\/\/www.fcbarcelonanoticias.com\/en\/#\/schema\/person\/88d756918a0a1ae9fa593b5edddd1815","name":"Juan Pablo Berdugo","image":{"@type":"ImageObject","inLanguage":"en-US","@id":"https:\/\/secure.gravatar.com\/avatar\/?s=96&d=mm&r=g","url":"https:\/\/secure.gravatar.com\/avatar\/?s=96&d=mm&r=g","contentUrl":"https:\/\/secure.gravatar.com\/avatar\/?s=96&d=mm&r=g","caption":"Juan Pablo Berdugo"},"description":"Juan Pablo Berdugo es graduado en Periodismo. Colabora con FCBN como especialista en informaci\u00f3n del primer equipo del FC Barcelona, f\u00fatbol internacional y mercado de fichajes. Destaca por su enfoque anal\u00edtico, su rigor informativo y su capacidad para detectar tendencias emergentes en el f\u00fatbol global.","url":"https:\/\/www.fcbarcelonanoticias.com\/en\/fc-barcelona\/juan-pablo-berdugo_18_115.html"}]}},"_links":{"self":[{"href":"https:\/\/www.fcbarcelonanoticias.com\/en\/wp-json\/wp\/v2\/posts\/143941","targetHints":{"allow":["GET"]}}],"collection":[{"href":"https:\/\/www.fcbarcelonanoticias.com\/en\/wp-json\/wp\/v2\/posts"}],"about":[{"href":"https:\/\/www.fcbarcelonanoticias.com\/en\/wp-json\/wp\/v2\/types\/post"}],"author":[{"embeddable":true,"href":"https:\/\/www.fcbarcelonanoticias.com\/en\/wp-json\/wp\/v2\/users\/358"}],"replies":[{"embeddable":true,"href":"https:\/\/www.fcbarcelonanoticias.com\/en\/wp-json\/wp\/v2\/comments?post=143941"}],"version-history":[{"count":1,"href":"https:\/\/www.fcbarcelonanoticias.com\/en\/wp-json\/wp\/v2\/posts\/143941\/revisions"}],"predecessor-version":[{"id":154966,"href":"https:\/\/www.fcbarcelonanoticias.com\/en\/wp-json\/wp\/v2\/posts\/143941\/revisions\/154966"}],"wp:featuredmedia":[{"embeddable":true,"href":"https:\/\/www.fcbarcelonanoticias.com\/en\/wp-json\/wp\/v2\/media\/143945"}],"wp:attachment":[{"href":"https:\/\/www.fcbarcelonanoticias.com\/en\/wp-json\/wp\/v2\/media?parent=143941"}],"wp:term":[{"taxonomy":"category","embeddable":true,"href":"https:\/\/www.fcbarcelonanoticias.com\/en\/wp-json\/wp\/v2\/categories?post=143941"},{"taxonomy":"post_tag","embeddable":true,"href":"https:\/\/www.fcbarcelonanoticias.com\/en\/wp-json\/wp\/v2\/tags?post=143941"}],"curies":[{"name":"wp","href":"https:\/\/api.w.org\/{rel}","templated":true}]}}