{"id":143967,"date":"2024-06-01T18:26:00","date_gmt":"2024-06-01T16:26:00","guid":{"rendered":"https:\/\/weisetech.dev\/fc-barcelona-noticias\/en\/the-wage-of-hansi-flick-in-the-fc-barcelona-would-be-notably-higher-of-the-expected_304059_102\/"},"modified":"2024-06-01T23:01:00","modified_gmt":"2024-06-01T21:01:00","slug":"the-wage-of-hansi-flick-in-the-fc-barcelona-would-be-notably-higher-of-the-expected_304059_102","status":"publish","type":"post","link":"https:\/\/www.fcbarcelonanoticias.com\/en\/transfers\/the-wage-of-hansi-flick-in-the-fc-barcelona-would-be-notably-higher-of-the-expected_304059_102.html","title":{"rendered":"The wage of Hansi Flick in the FC Barcelona would be notably higher of the expected"},"content":{"rendered":"<h2 class=\"wp-block-heading\">The wage of Hansi Flick begins to be subject of debate in the City Condal. Now it surfaced a new information from Germany that suggests that the emolumentos of the German trainer are many more elevated of what commented  in a first moment<\/h2>  \r\n<div class=\"article-addons\">\r\n    <a href=\"https:\/\/www.fcbarcelonanoticias.com\/en\/calendar-fc-barcelona.html\"\r\n       target=\"_self\"\r\n       title=\"Calendar of FC Barcelona\"\r\n       class=\"blue-gredient-btn\">\r\n       \r\n        Calendar of FC Barcelona    <\/a>\r\n<\/div>   <p>The FC Barcelona recently <a data-external=\"0\" data-intl-links-en=\"https:\/\/www.fcbarcelonanoticias.com\/en\/transfers\/official-fcbarcelona-announces-hansi-flick-as-its-new-coach_303910_102.html\" data-intl-links-es=\"https:\/\/www.fcbarcelonanoticias.com\/fichajes\/oficial-fc-barcelona-anuncia-hansi-flick-como-su-nuevo-entrenador_303910_102.html\" href=\"https:\/\/www.fcbarcelonanoticias.com\/en\/transfers\/official-fcbarcelona-announces-hansi-flick-as-its-new-coach_303910_102.html\" rel=\"follow\" target=\"_self\" title=\"\u00a1OFICIAL! Hansi Flick, nuevo entrenador del FC Barcelona\">oficializ\u00f3 the contracting of Hansi Flick<\/a> like new trainer, offering him an agreement that, <strong>if it does not occur some change in the sportive planning<\/strong>, will extend until 2026. Nevertheless, the figures of said agreement still have not been officially confirmed and this has generated speculation.<\/p>  <p>Initially, <a data-external=\"0\" data-intl-links-en=\"https:\/\/www.fcbarcelonanoticias.com\/en\/club\/the-wage-of-hansi-flick-and-of-his-technical-body-in-the-barca_303909_102.html\" data-intl-links-es=\"https:\/\/www.fcbarcelonanoticias.com\/club\/sueldo-hansi-flick-su-cuerpo-tecnico-en-barca_303909_102.html\" href=\"https:\/\/www.fcbarcelonanoticias.com\/en\/club\/the-wage-of-hansi-flick-and-of-his-technical-body-in-the-barca_303909_102.html\" rel=\"follow\" target=\"_self\" title=\"El sueldo que ganar\u00e1n Hansi Flick y su cuerpo t\u00e9cnico en el Bar\u00e7a\">it commented in &#8216;FCBN&#8217; and in other media<\/a> that the German trainer <strong>could be perceiving around six million gross euros by season, same that would perceive his &#8216;staff&#8217; of work<\/strong>. However, recently it has arisen information that suggests that these montos could be a bit higher.<\/p>  <h2>The wage of Flick would vary notably of the expressed in a first moment<\/h2>  <p>As the expressed in &#8216;Sky Germany&#8217;, estimates that <strong>the native of Heidelberg will receive between 9 and 11 &#8216;kilos&#8217; gross<\/strong> by course, without taking into account the bonos by performance of the team and the possible titles obtained along the season. These numbers differ significantly of what had expressed that would win the germano in his stage like technical director of the Barcelona cast. In this sense, suits to do the aclaratoria that these emolumentos still have not been oficializados.<\/p>  <p>It is necessary to stand out that these numbers <strong>no asemejar\u00edan a lot to what Xavi Hern\u00e1ndez would have perceived if it had fulfilled the year of agreement that remained him with the club<\/strong>, as yes they did it the first. As it informed &#8216;RAC1&#8217; in his moment, the egarense would have received a total of eight million gross euros in this last campaign, to which <strong>would have added other 4 M\u20ac to deliver between his &#8216;staff&#8217; of work<\/strong>, what would give a total of roughly 12 &#8216;kilos&#8217; gross.<\/p> ","protected":false},"excerpt":{"rendered":"<p>The wage of Hansi Flick begins to be subject of debate in the City Condal. Now it surfaced a new information from Germany that suggests that the emolumentos of the German trainer are many more elevated of what commented in a first moment The FC Barcelona recently oficializ\u00f3 the contracting of Hansi Flick like new [&hellip;]<\/p>\n","protected":false},"author":355,"featured_media":143970,"comment_status":"closed","ping_status":"open","sticky":false,"template":"","format":"standard","meta":{"_acf_changed":false,"inline_featured_image":false,"_nextfly_llmd_date_locked":false,"footnotes":""},"categories":[106,449],"tags":[87],"class_list":["post-143967","post","type-post","status-publish","format-standard","has-post-thumbnail","hentry","category-transfers","category-transfers-2","tag-hansi-flick"],"acf":[],"yoast_head":"<!-- This site is optimized with the Yoast SEO plugin v27.3 - https:\/\/yoast.com\/product\/yoast-seo-wordpress\/ -->\n<title>The wage of Hansi Flick in the FC Barcelona would be notably higher of the expected<\/title>\n<meta name=\"description\" content=\"The wage of Hansi Flick begins to be subject of debate in the City Condal. Now it surfaced a new information from Germany that suggests that the emolumentos of the German trainer are many more elevated of what commented in a first moment\" \/>\n<meta name=\"robots\" content=\"index, follow, max-snippet:-1, max-image-preview:large, max-video-preview:-1\" \/>\n<link rel=\"canonical\" href=\"https:\/\/www.fcbarcelonanoticias.com\/en\/transfers\/the-wage-of-hansi-flick-in-the-fc-barcelona-would-be-notably-higher-of-the-expected_304059_102.html\" \/>\n<meta property=\"og:locale\" content=\"en_US\" \/>\n<meta property=\"og:type\" content=\"article\" \/>\n<meta property=\"og:title\" content=\"The wage of Hansi Flick in the FC Barcelona would be notably higher of the expected\" \/>\n<meta property=\"og:description\" content=\"The wage of Hansi Flick begins to be subject of debate in the City Condal. Now it surfaced a new information from Germany that suggests that the emolumentos of the German trainer are many more elevated of what commented in a first moment\" \/>\n<meta property=\"og:url\" content=\"https:\/\/www.fcbarcelonanoticias.com\/en\/transfers\/the-wage-of-hansi-flick-in-the-fc-barcelona-would-be-notably-higher-of-the-expected_304059_102.html\" \/>\n<meta property=\"og:site_name\" content=\"EN - FC Barcelona Noticias\" \/>\n<meta property=\"article:published_time\" content=\"2024-06-01T16:26:00+00:00\" \/>\n<meta property=\"article:modified_time\" content=\"2024-06-01T21:01:00+00:00\" \/>\n<meta property=\"og:image\" content=\"https:\/\/www.fcbarcelonanoticias.com\/en\/wp-content\/uploads\/sites\/2\/2024\/06\/hansi-flick-en-amistoso-entre-la-seleccion-de-alemania-y-colombia.png\" \/>\n\t<meta property=\"og:image:width\" content=\"1300\" \/>\n\t<meta property=\"og:image:height\" content=\"732\" \/>\n\t<meta property=\"og:image:type\" content=\"image\/png\" \/>\n<meta name=\"author\" content=\"Kevin G\u00f3mez\" \/>\n<meta name=\"twitter:card\" content=\"summary_large_image\" \/>\n<meta name=\"twitter:label1\" content=\"Written by\" \/>\n\t<meta name=\"twitter:data1\" content=\"Kevin G\u00f3mez\" \/>\n\t<meta name=\"twitter:label2\" content=\"Est. reading time\" \/>\n\t<meta name=\"twitter:data2\" content=\"2 minutes\" \/>\n<script type=\"application\/ld+json\" class=\"yoast-schema-graph\">{\"@context\":\"https:\\\/\\\/schema.org\",\"@graph\":[{\"@type\":\"Article\",\"@id\":\"https:\\\/\\\/www.fcbarcelonanoticias.com\\\/en\\\/transfers\\\/the-wage-of-hansi-flick-in-the-fc-barcelona-would-be-notably-higher-of-the-expected_304059_102.html#article\",\"isPartOf\":{\"@id\":\"https:\\\/\\\/www.fcbarcelonanoticias.com\\\/en\\\/transfers\\\/the-wage-of-hansi-flick-in-the-fc-barcelona-would-be-notably-higher-of-the-expected_304059_102.html\"},\"author\":{\"name\":\"Kevin G\u00f3mez\",\"@id\":\"https:\\\/\\\/www.fcbarcelonanoticias.com\\\/en\\\/#\\\/schema\\\/person\\\/991443f134df9a64c6874f96ff984c9d\"},\"headline\":\"The wage of Hansi Flick in the FC Barcelona would be notably higher of the expected\",\"datePublished\":\"2024-06-01T16:26:00+00:00\",\"dateModified\":\"2024-06-01T21:01:00+00:00\",\"mainEntityOfPage\":{\"@id\":\"https:\\\/\\\/www.fcbarcelonanoticias.com\\\/en\\\/transfers\\\/the-wage-of-hansi-flick-in-the-fc-barcelona-would-be-notably-higher-of-the-expected_304059_102.html\"},\"wordCount\":336,\"image\":{\"@id\":\"https:\\\/\\\/www.fcbarcelonanoticias.com\\\/en\\\/transfers\\\/the-wage-of-hansi-flick-in-the-fc-barcelona-would-be-notably-higher-of-the-expected_304059_102.html#primaryimage\"},\"thumbnailUrl\":\"https:\\\/\\\/www.fcbarcelonanoticias.com\\\/en\\\/wp-content\\\/uploads\\\/sites\\\/2\\\/2024\\\/06\\\/hansi-flick-en-amistoso-entre-la-seleccion-de-alemania-y-colombia.png\",\"keywords\":[\"Hansi Flick\"],\"articleSection\":[\"Transfers\",\"Transfers\"],\"inLanguage\":\"en-US\"},{\"@type\":\"WebPage\",\"@id\":\"https:\\\/\\\/www.fcbarcelonanoticias.com\\\/en\\\/transfers\\\/the-wage-of-hansi-flick-in-the-fc-barcelona-would-be-notably-higher-of-the-expected_304059_102.html\",\"url\":\"https:\\\/\\\/www.fcbarcelonanoticias.com\\\/en\\\/transfers\\\/the-wage-of-hansi-flick-in-the-fc-barcelona-would-be-notably-higher-of-the-expected_304059_102.html\",\"name\":\"The wage of Hansi Flick in the FC Barcelona would be notably higher of the expected\",\"isPartOf\":{\"@id\":\"https:\\\/\\\/www.fcbarcelonanoticias.com\\\/en\\\/#website\"},\"primaryImageOfPage\":{\"@id\":\"https:\\\/\\\/www.fcbarcelonanoticias.com\\\/en\\\/transfers\\\/the-wage-of-hansi-flick-in-the-fc-barcelona-would-be-notably-higher-of-the-expected_304059_102.html#primaryimage\"},\"image\":{\"@id\":\"https:\\\/\\\/www.fcbarcelonanoticias.com\\\/en\\\/transfers\\\/the-wage-of-hansi-flick-in-the-fc-barcelona-would-be-notably-higher-of-the-expected_304059_102.html#primaryimage\"},\"thumbnailUrl\":\"https:\\\/\\\/www.fcbarcelonanoticias.com\\\/en\\\/wp-content\\\/uploads\\\/sites\\\/2\\\/2024\\\/06\\\/hansi-flick-en-amistoso-entre-la-seleccion-de-alemania-y-colombia.png\",\"datePublished\":\"2024-06-01T16:26:00+00:00\",\"dateModified\":\"2024-06-01T21:01:00+00:00\",\"author\":{\"@id\":\"https:\\\/\\\/www.fcbarcelonanoticias.com\\\/en\\\/#\\\/schema\\\/person\\\/991443f134df9a64c6874f96ff984c9d\"},\"description\":\"The wage of Hansi Flick begins to be subject of debate in the City Condal. Now it surfaced a new information from Germany that suggests that the emolumentos of the German trainer are many more elevated of what commented in a first moment\",\"breadcrumb\":{\"@id\":\"https:\\\/\\\/www.fcbarcelonanoticias.com\\\/en\\\/transfers\\\/the-wage-of-hansi-flick-in-the-fc-barcelona-would-be-notably-higher-of-the-expected_304059_102.html#breadcrumb\"},\"inLanguage\":\"en-US\",\"potentialAction\":[{\"@type\":\"ReadAction\",\"target\":[\"https:\\\/\\\/www.fcbarcelonanoticias.com\\\/en\\\/transfers\\\/the-wage-of-hansi-flick-in-the-fc-barcelona-would-be-notably-higher-of-the-expected_304059_102.html\"]}]},{\"@type\":\"ImageObject\",\"inLanguage\":\"en-US\",\"@id\":\"https:\\\/\\\/www.fcbarcelonanoticias.com\\\/en\\\/transfers\\\/the-wage-of-hansi-flick-in-the-fc-barcelona-would-be-notably-higher-of-the-expected_304059_102.html#primaryimage\",\"url\":\"https:\\\/\\\/www.fcbarcelonanoticias.com\\\/en\\\/wp-content\\\/uploads\\\/sites\\\/2\\\/2024\\\/06\\\/hansi-flick-en-amistoso-entre-la-seleccion-de-alemania-y-colombia.png\",\"contentUrl\":\"https:\\\/\\\/www.fcbarcelonanoticias.com\\\/en\\\/wp-content\\\/uploads\\\/sites\\\/2\\\/2024\\\/06\\\/hansi-flick-en-amistoso-entre-la-seleccion-de-alemania-y-colombia.png\",\"width\":1300,\"height\":732},{\"@type\":\"BreadcrumbList\",\"@id\":\"https:\\\/\\\/www.fcbarcelonanoticias.com\\\/en\\\/transfers\\\/the-wage-of-hansi-flick-in-the-fc-barcelona-would-be-notably-higher-of-the-expected_304059_102.html#breadcrumb\",\"itemListElement\":[{\"@type\":\"ListItem\",\"position\":1,\"name\":\"Portada\",\"item\":\"https:\\\/\\\/www.fcbarcelonanoticias.com\\\/en\\\/\"},{\"@type\":\"ListItem\",\"position\":2,\"name\":\"The wage of Hansi Flick in the FC Barcelona would be notably higher of the expected\"}]},{\"@type\":\"WebSite\",\"@id\":\"https:\\\/\\\/www.fcbarcelonanoticias.com\\\/en\\\/#website\",\"url\":\"https:\\\/\\\/www.fcbarcelonanoticias.com\\\/en\\\/\",\"name\":\"EN - FC Barcelona Noticias\",\"description\":\"\",\"potentialAction\":[{\"@type\":\"SearchAction\",\"target\":{\"@type\":\"EntryPoint\",\"urlTemplate\":\"https:\\\/\\\/www.fcbarcelonanoticias.com\\\/en\\\/?s={search_term_string}\"},\"query-input\":{\"@type\":\"PropertyValueSpecification\",\"valueRequired\":true,\"valueName\":\"search_term_string\"}}],\"inLanguage\":\"en-US\"},{\"@type\":\"Person\",\"@id\":\"https:\\\/\\\/www.fcbarcelonanoticias.com\\\/en\\\/#\\\/schema\\\/person\\\/991443f134df9a64c6874f96ff984c9d\",\"name\":\"Kevin G\u00f3mez\",\"image\":{\"@type\":\"ImageObject\",\"inLanguage\":\"en-US\",\"@id\":\"https:\\\/\\\/secure.gravatar.com\\\/avatar\\\/?s=96&d=mm&r=g\",\"url\":\"https:\\\/\\\/secure.gravatar.com\\\/avatar\\\/?s=96&d=mm&r=g\",\"contentUrl\":\"https:\\\/\\\/secure.gravatar.com\\\/avatar\\\/?s=96&d=mm&r=g\",\"caption\":\"Kevin G\u00f3mez\"},\"description\":\"Licenciado\u00a0en Periodismo y Comunicaci\u00f3n Audiovisual. Redactor en FCBN responsable de cubrir toda\u00a0la informaci\u00f3n del FC Barcelona y las principales competiciones de\u00a0f\u00fatbol.\",\"url\":\"https:\\\/\\\/www.fcbarcelonanoticias.com\\\/en\\\/jugadores\\\/kevin-gomez_23_115.html\"}]}<\/script>\n<!-- \/ Yoast SEO plugin. -->","yoast_head_json":{"title":"The wage of Hansi Flick in the FC Barcelona would be notably higher of the expected","description":"The wage of Hansi Flick begins to be subject of debate in the City Condal. Now it surfaced a new information from Germany that suggests that the emolumentos of the German trainer are many more elevated of what commented in a first moment","robots":{"index":"index","follow":"follow","max-snippet":"max-snippet:-1","max-image-preview":"max-image-preview:large","max-video-preview":"max-video-preview:-1"},"canonical":"https:\/\/www.fcbarcelonanoticias.com\/en\/transfers\/the-wage-of-hansi-flick-in-the-fc-barcelona-would-be-notably-higher-of-the-expected_304059_102.html","og_locale":"en_US","og_type":"article","og_title":"The wage of Hansi Flick in the FC Barcelona would be notably higher of the expected","og_description":"The wage of Hansi Flick begins to be subject of debate in the City Condal. Now it surfaced a new information from Germany that suggests that the emolumentos of the German trainer are many more elevated of what commented in a first moment","og_url":"https:\/\/www.fcbarcelonanoticias.com\/en\/transfers\/the-wage-of-hansi-flick-in-the-fc-barcelona-would-be-notably-higher-of-the-expected_304059_102.html","og_site_name":"EN - FC Barcelona Noticias","article_published_time":"2024-06-01T16:26:00+00:00","article_modified_time":"2024-06-01T21:01:00+00:00","og_image":[{"width":1300,"height":732,"url":"https:\/\/www.fcbarcelonanoticias.com\/en\/wp-content\/uploads\/sites\/2\/2024\/06\/hansi-flick-en-amistoso-entre-la-seleccion-de-alemania-y-colombia.png","type":"image\/png"}],"author":"Kevin G\u00f3mez","twitter_card":"summary_large_image","twitter_misc":{"Written by":"Kevin G\u00f3mez","Est. reading time":"2 minutes"},"schema":{"@context":"https:\/\/schema.org","@graph":[{"@type":"Article","@id":"https:\/\/www.fcbarcelonanoticias.com\/en\/transfers\/the-wage-of-hansi-flick-in-the-fc-barcelona-would-be-notably-higher-of-the-expected_304059_102.html#article","isPartOf":{"@id":"https:\/\/www.fcbarcelonanoticias.com\/en\/transfers\/the-wage-of-hansi-flick-in-the-fc-barcelona-would-be-notably-higher-of-the-expected_304059_102.html"},"author":{"name":"Kevin G\u00f3mez","@id":"https:\/\/www.fcbarcelonanoticias.com\/en\/#\/schema\/person\/991443f134df9a64c6874f96ff984c9d"},"headline":"The wage of Hansi Flick in the FC Barcelona would be notably higher of the expected","datePublished":"2024-06-01T16:26:00+00:00","dateModified":"2024-06-01T21:01:00+00:00","mainEntityOfPage":{"@id":"https:\/\/www.fcbarcelonanoticias.com\/en\/transfers\/the-wage-of-hansi-flick-in-the-fc-barcelona-would-be-notably-higher-of-the-expected_304059_102.html"},"wordCount":336,"image":{"@id":"https:\/\/www.fcbarcelonanoticias.com\/en\/transfers\/the-wage-of-hansi-flick-in-the-fc-barcelona-would-be-notably-higher-of-the-expected_304059_102.html#primaryimage"},"thumbnailUrl":"https:\/\/www.fcbarcelonanoticias.com\/en\/wp-content\/uploads\/sites\/2\/2024\/06\/hansi-flick-en-amistoso-entre-la-seleccion-de-alemania-y-colombia.png","keywords":["Hansi Flick"],"articleSection":["Transfers","Transfers"],"inLanguage":"en-US"},{"@type":"WebPage","@id":"https:\/\/www.fcbarcelonanoticias.com\/en\/transfers\/the-wage-of-hansi-flick-in-the-fc-barcelona-would-be-notably-higher-of-the-expected_304059_102.html","url":"https:\/\/www.fcbarcelonanoticias.com\/en\/transfers\/the-wage-of-hansi-flick-in-the-fc-barcelona-would-be-notably-higher-of-the-expected_304059_102.html","name":"The wage of Hansi Flick in the FC Barcelona would be notably higher of the expected","isPartOf":{"@id":"https:\/\/www.fcbarcelonanoticias.com\/en\/#website"},"primaryImageOfPage":{"@id":"https:\/\/www.fcbarcelonanoticias.com\/en\/transfers\/the-wage-of-hansi-flick-in-the-fc-barcelona-would-be-notably-higher-of-the-expected_304059_102.html#primaryimage"},"image":{"@id":"https:\/\/www.fcbarcelonanoticias.com\/en\/transfers\/the-wage-of-hansi-flick-in-the-fc-barcelona-would-be-notably-higher-of-the-expected_304059_102.html#primaryimage"},"thumbnailUrl":"https:\/\/www.fcbarcelonanoticias.com\/en\/wp-content\/uploads\/sites\/2\/2024\/06\/hansi-flick-en-amistoso-entre-la-seleccion-de-alemania-y-colombia.png","datePublished":"2024-06-01T16:26:00+00:00","dateModified":"2024-06-01T21:01:00+00:00","author":{"@id":"https:\/\/www.fcbarcelonanoticias.com\/en\/#\/schema\/person\/991443f134df9a64c6874f96ff984c9d"},"description":"The wage of Hansi Flick begins to be subject of debate in the City Condal. Now it surfaced a new information from Germany that suggests that the emolumentos of the German trainer are many more elevated of what commented in a first moment","breadcrumb":{"@id":"https:\/\/www.fcbarcelonanoticias.com\/en\/transfers\/the-wage-of-hansi-flick-in-the-fc-barcelona-would-be-notably-higher-of-the-expected_304059_102.html#breadcrumb"},"inLanguage":"en-US","potentialAction":[{"@type":"ReadAction","target":["https:\/\/www.fcbarcelonanoticias.com\/en\/transfers\/the-wage-of-hansi-flick-in-the-fc-barcelona-would-be-notably-higher-of-the-expected_304059_102.html"]}]},{"@type":"ImageObject","inLanguage":"en-US","@id":"https:\/\/www.fcbarcelonanoticias.com\/en\/transfers\/the-wage-of-hansi-flick-in-the-fc-barcelona-would-be-notably-higher-of-the-expected_304059_102.html#primaryimage","url":"https:\/\/www.fcbarcelonanoticias.com\/en\/wp-content\/uploads\/sites\/2\/2024\/06\/hansi-flick-en-amistoso-entre-la-seleccion-de-alemania-y-colombia.png","contentUrl":"https:\/\/www.fcbarcelonanoticias.com\/en\/wp-content\/uploads\/sites\/2\/2024\/06\/hansi-flick-en-amistoso-entre-la-seleccion-de-alemania-y-colombia.png","width":1300,"height":732},{"@type":"BreadcrumbList","@id":"https:\/\/www.fcbarcelonanoticias.com\/en\/transfers\/the-wage-of-hansi-flick-in-the-fc-barcelona-would-be-notably-higher-of-the-expected_304059_102.html#breadcrumb","itemListElement":[{"@type":"ListItem","position":1,"name":"Portada","item":"https:\/\/www.fcbarcelonanoticias.com\/en\/"},{"@type":"ListItem","position":2,"name":"The wage of Hansi Flick in the FC Barcelona would be notably higher of the expected"}]},{"@type":"WebSite","@id":"https:\/\/www.fcbarcelonanoticias.com\/en\/#website","url":"https:\/\/www.fcbarcelonanoticias.com\/en\/","name":"EN - FC Barcelona Noticias","description":"","potentialAction":[{"@type":"SearchAction","target":{"@type":"EntryPoint","urlTemplate":"https:\/\/www.fcbarcelonanoticias.com\/en\/?s={search_term_string}"},"query-input":{"@type":"PropertyValueSpecification","valueRequired":true,"valueName":"search_term_string"}}],"inLanguage":"en-US"},{"@type":"Person","@id":"https:\/\/www.fcbarcelonanoticias.com\/en\/#\/schema\/person\/991443f134df9a64c6874f96ff984c9d","name":"Kevin G\u00f3mez","image":{"@type":"ImageObject","inLanguage":"en-US","@id":"https:\/\/secure.gravatar.com\/avatar\/?s=96&d=mm&r=g","url":"https:\/\/secure.gravatar.com\/avatar\/?s=96&d=mm&r=g","contentUrl":"https:\/\/secure.gravatar.com\/avatar\/?s=96&d=mm&r=g","caption":"Kevin G\u00f3mez"},"description":"Licenciado\u00a0en Periodismo y Comunicaci\u00f3n Audiovisual. Redactor en FCBN responsable de cubrir toda\u00a0la informaci\u00f3n del FC Barcelona y las principales competiciones de\u00a0f\u00fatbol.","url":"https:\/\/www.fcbarcelonanoticias.com\/en\/jugadores\/kevin-gomez_23_115.html"}]}},"_links":{"self":[{"href":"https:\/\/www.fcbarcelonanoticias.com\/en\/wp-json\/wp\/v2\/posts\/143967","targetHints":{"allow":["GET"]}}],"collection":[{"href":"https:\/\/www.fcbarcelonanoticias.com\/en\/wp-json\/wp\/v2\/posts"}],"about":[{"href":"https:\/\/www.fcbarcelonanoticias.com\/en\/wp-json\/wp\/v2\/types\/post"}],"author":[{"embeddable":true,"href":"https:\/\/www.fcbarcelonanoticias.com\/en\/wp-json\/wp\/v2\/users\/355"}],"replies":[{"embeddable":true,"href":"https:\/\/www.fcbarcelonanoticias.com\/en\/wp-json\/wp\/v2\/comments?post=143967"}],"version-history":[{"count":1,"href":"https:\/\/www.fcbarcelonanoticias.com\/en\/wp-json\/wp\/v2\/posts\/143967\/revisions"}],"predecessor-version":[{"id":155197,"href":"https:\/\/www.fcbarcelonanoticias.com\/en\/wp-json\/wp\/v2\/posts\/143967\/revisions\/155197"}],"wp:featuredmedia":[{"embeddable":true,"href":"https:\/\/www.fcbarcelonanoticias.com\/en\/wp-json\/wp\/v2\/media\/143970"}],"wp:attachment":[{"href":"https:\/\/www.fcbarcelonanoticias.com\/en\/wp-json\/wp\/v2\/media?parent=143967"}],"wp:term":[{"taxonomy":"category","embeddable":true,"href":"https:\/\/www.fcbarcelonanoticias.com\/en\/wp-json\/wp\/v2\/categories?post=143967"},{"taxonomy":"post_tag","embeddable":true,"href":"https:\/\/www.fcbarcelonanoticias.com\/en\/wp-json\/wp\/v2\/tags?post=143967"}],"curies":[{"name":"wp","href":"https:\/\/api.w.org\/{rel}","templated":true}]}}