{"id":144164,"date":"2024-09-20T17:00:00","date_gmt":"2024-09-20T15:00:00","guid":{"rendered":"https:\/\/weisetech.dev\/fc-barcelona-noticias\/en\/the-two-greats-of-the-premier-who-want-to-leave-fc-barcelona-without-options-to-sign-gy-keres_307391_102\/"},"modified":"2026-04-16T09:30:11","modified_gmt":"2026-04-16T07:30:11","slug":"the-two-greats-of-the-premier-who-want-to-leave-fc-barcelona-without-options-to-sign-gy-keres_307391_102","status":"publish","type":"post","link":"https:\/\/www.fcbarcelonanoticias.com\/en\/transfers\/the-two-greats-of-the-premier-who-want-to-leave-fc-barcelona-without-options-to-sign-gy-keres_307391_102.html","title":{"rendered":"The two &#8216;greats&#8217; of the Premier who want to leave FC Barcelona without options to sign Gy\u00f6keres"},"content":{"rendered":"<h2 class=\"wp-block-heading\">Bar\u00e7a must pay attention to the future of Viktor Gy\u00f6keres if they want to sign him in the near future. Because? Well, the Swedish scorer is generating interest and several clubs want to acquire his services. In fact, two &#8216;big&#8217; Premier League clubs have joined the &#8216;race&#8217; to sign him<\/h2>  \r\n<div class=\"article-addons\">\r\n    <a href=\"https:\/\/www.fcbarcelonanoticias.com\/en\/calendar-fc-barcelona.html\"\r\n       target=\"_self\"\r\n       title=\"Calendar of FC Barcelona\"\r\n       class=\"blue-gredient-btn\">\r\n       \r\n        Calendar of FC Barcelona    <\/a>\r\n<\/div>   <p>The name of <strong>Viktor Gy\u00f6keres<\/strong> is gaining increasing prominence in the international sports scene, and why not? The relentless Swedish goal scorer has been producing truly exceptional numbers for some time now, capping off an outstanding start to the 2024\/25 season with <strong>Sporting Lisbon,<\/strong> tallying nine goals and three assists in seven matches. Currently, he emerges as a strong contender in the &#8216;race&#8217; for the <strong>Golden Boot<\/strong> for the 2024\/25 season.<\/p>  <p>Now, the year 2025 appears to be a crucial moment in <strong>Viktor Gy\u00f6keres&#8217;<\/strong> career. Why? If he continues with this impressive goal-scoring projection, now at 27 years old, it would not be surprising for him to make the leap to a top European league and a &#8216;top&#8217; club. However, this leap will not be the most economical, as <strong>his release clause amounts to 100 million euros<\/strong>, a considerable sum that the reigning Primeira Liga champions do not seem willing to negotiate due to the player&#8217;s value in the European market.<\/p>  <p>In this regard, <strong>among the interested parties in Gy\u00f6keres stands out FC Barcelona<\/strong>, who see him as a potential successor to <strong>Robert Lewandowski<\/strong>. Despite the great goal-scoring form that &#8216;Lewy&#8217; is currently enjoying at the Catalan club (four goals and two assists in six matches), the player&#8217;s age (36) and the proximity of the end of his contract (2026) make it necessary to seek a replacement with experience in top-tier leagues.<\/p>  <div class=\"cke-element cke-element--102\"><section class=\"c-related-article\"><figure class=\"c-image__fig\"><a href=\"https:\/\/www.fcbarcelonanoticias.com\/fichajes\/barca-se-fija-en-viktor-gy-keres-como-posible-recambio-lewandowski_307178_102.html\" title=\"Viktor Gy\u00f6keres en el duelo entre el Sporting Club de Portugal y el Oporto en la Primeira Liga 2024 25\" class=\"c-image__imglink\"><picture><img decoding=\"async\" src=\"https:\/\/www.fcbarcelonanoticias.com\/wp-content\/uploads\/sites\/2\/2024\/09\/fcbn-74aeeb3e4fbac42d7f534246615fed4f.png\" alt=\"Viktor Gy\u00f6keres en el duelo entre el Sporting Club de Portugal y el Oporto en la Primeira Liga 2024 25\" title=\"Viktor Gy\u00f6keres en el duelo entre el Sporting Club de Portugal y el Oporto en la Primeira Liga 2024 25\" class=\"c-image__img\" width=\"1300\" height=\"732\" loading=\"lazy\"><\/picture><\/a>     <\/figure><div class=\"c-related-article__wrapper\">         <p class=\"c-related-article__avantitle\">Related<\/p>         <h4 class=\"c-related-article__title\">             <a href=\"https:\/\/www.fcbarcelonanoticias.com\/fichajes\/barca-se-fija-en-viktor-gy-keres-como-posible-recambio-lewandowski_307178_102.html\" title=\"Bar\u00e7a is looking at Viktor Gy\u00f6keres as a possible replacement for Lewandowski\" class=\"c-related-article__link\">                 Bar\u00e7a is looking at Viktor Gy\u00f6keres as a possible replacement for Lewandowski             <\/a>         <\/h4>     <\/div> <\/section><\/div>  <h2>The two &#8216;big&#8217; Premier League clubs that have Viktor Gy\u00f6keres on their radar<\/h2>  <p>The interest in <strong>Viktor Gy\u00f6keres<\/strong> is not limited to <strong>FC Barcelona<\/strong>, as Premier League clubs like <strong>Chelsea and Tottenham<\/strong> have also shown a strong interest in the Swedish forward. Both clubs believe that the Stockholm native would be a stellar addition to their respective squads, given his track record and goal-scoring ability.<\/p>  <div class=\"cke-element cke-element--102\"><section class=\"c-related-article\"><figure class=\"c-image__fig\"><a href=\"https:\/\/www.fcbarcelonanoticias.com\/fichajes\/sera-viktor-gyokeres-proximo-fichaje-futbol-club-barcelona_307347_102.html\" title=\"Viktor Gyokeres fichaje FC Barcelona\" class=\"c-image__imglink\"><picture><img decoding=\"async\" src=\"https:\/\/www.fcbarcelonanoticias.com\/wp-content\/uploads\/sites\/2\/2024\/09\/fcbn-3af4622547dcf627d05e8ca68b0a934f.jpeg\" alt=\"Viktor Gyokeres fichaje FC Barcelona\" title=\"Viktor Gyokeres fichaje FC Barcelona\" class=\"c-image__img\" width=\"1250\" height=\"730\" loading=\"lazy\"><\/picture><\/a>     <\/figure><div class=\"c-related-article__wrapper\">         <p class=\"c-related-article__avantitle\">Related<\/p>         <h4 class=\"c-related-article__title\">             <a href=\"https:\/\/www.fcbarcelonanoticias.com\/fichajes\/sera-viktor-gyokeres-proximo-fichaje-futbol-club-barcelona_307347_102.html\" title=\"Will Viktor Gy\u00f6keres be the next signing for FC Barcelona?\" class=\"c-related-article__link\">                 Will Viktor Gy\u00f6keres be the next signing for FC Barcelona?             <\/a>         <\/h4>     <\/div> <\/section><\/div>  <p>At this point, as reported by the website &#8216;Fichajes.net,&#8217; <strong>Chelsea<\/strong> sees <strong>Gy\u00f6keres<\/strong> as an opportunity to strengthen the striker position, where currently their natural choices include former player <strong>Marc Guiu<\/strong> and <strong>Nicol\u00e1s Jackson<\/strong>. Meanwhile, <strong>Tottenham<\/strong>, despite also having two players who can play as a reference striker (<strong>Dominic Calvert-Lewin<\/strong> and <strong>Richarlison<\/strong>), considers that the addition of the Swede would be the statement signing needed to take their squad to the next level.<\/p>  <p><strong>Gy\u00f6keres<\/strong>, who already has experience in English football with teams like <strong>Coventry City, Swansea City,<\/strong> and <strong>Brighton &amp; Hove Albion U23<\/strong> in the Championship, could return to the Premier League with a team in a leading role, marking a significant step in his journey towards the football elite. Time will tell if he manages to establish himself at the pinnacle of football, but for now, his next destination seems uncertain due to the interest from several teams in him.<\/p> ","protected":false},"excerpt":{"rendered":"<p>Bar\u00e7a must pay attention to the future of Viktor Gy\u00f6keres if they want to sign him in the near future. Because? Well, the Swedish scorer is generating interest and several clubs want to acquire his services. In fact, two &#8216;big&#8217; Premier League clubs have joined the &#8216;race&#8217; to sign him The name of Viktor Gy\u00f6keres [&hellip;]<\/p>\n","protected":false},"author":355,"featured_media":144167,"comment_status":"closed","ping_status":"open","sticky":false,"template":"","format":"standard","meta":{"_acf_changed":false,"inline_featured_image":false,"_nextfly_llmd_date_locked":false,"footnotes":""},"categories":[106,449],"tags":[161,215,206,235],"class_list":["post-144164","post","type-post","status-publish","format-standard","has-post-thumbnail","hentry","category-transfers","category-transfers-2","tag-chelsea","tag-sporting-portugal","tag-tottenham","tag-viktor-gyokeres"],"acf":[],"yoast_head":"<!-- This site is optimized with the Yoast SEO plugin v27.3 - https:\/\/yoast.com\/product\/yoast-seo-wordpress\/ -->\n<title>The two &#039;greats&#039; of the Premier who want to leave FC Barcelona without options to sign Gy\u00f6keres<\/title>\n<meta name=\"description\" content=\"Bar\u00e7a must pay attention to the future of Viktor Gy\u00f6keres if they want to sign him in the near future. Because? Well, the Swedish scorer is generating interest and several clubs want to acquire his services. In fact, two &#039;big&#039; Premier League clubs have joined the &#039;race&#039; to sign him\" \/>\n<meta name=\"robots\" content=\"index, follow, max-snippet:-1, max-image-preview:large, max-video-preview:-1\" \/>\n<link rel=\"canonical\" href=\"https:\/\/www.fcbarcelonanoticias.com\/en\/transfers\/the-two-greats-of-the-premier-who-want-to-leave-fc-barcelona-without-options-to-sign-gy-keres_307391_102.html\" \/>\n<meta property=\"og:locale\" content=\"en_US\" \/>\n<meta property=\"og:type\" content=\"article\" \/>\n<meta property=\"og:title\" content=\"The two &#039;greats&#039; of the Premier who want to leave FC Barcelona without options to sign Gy\u00f6keres\" \/>\n<meta property=\"og:description\" content=\"Bar\u00e7a must pay attention to the future of Viktor Gy\u00f6keres if they want to sign him in the near future. Because? Well, the Swedish scorer is generating interest and several clubs want to acquire his services. In fact, two &#039;big&#039; Premier League clubs have joined the &#039;race&#039; to sign him\" \/>\n<meta property=\"og:url\" content=\"https:\/\/www.fcbarcelonanoticias.com\/en\/transfers\/the-two-greats-of-the-premier-who-want-to-leave-fc-barcelona-without-options-to-sign-gy-keres_307391_102.html\" \/>\n<meta property=\"og:site_name\" content=\"EN - FC Barcelona Noticias\" \/>\n<meta property=\"article:published_time\" content=\"2024-09-20T15:00:00+00:00\" \/>\n<meta property=\"article:modified_time\" content=\"2026-04-16T07:30:11+00:00\" \/>\n<meta property=\"og:image\" content=\"https:\/\/www.fcbarcelonanoticias.com\/en\/wp-content\/uploads\/sites\/2\/2024\/09\/viktor-gyoekeres-en-el-duelo-amistoso-internacional-entre-suecia-y-albania.jpeg\" \/>\n\t<meta property=\"og:image:width\" content=\"1300\" \/>\n\t<meta property=\"og:image:height\" content=\"732\" \/>\n\t<meta property=\"og:image:type\" content=\"image\/jpeg\" \/>\n<meta name=\"author\" content=\"Kevin G\u00f3mez\" \/>\n<meta name=\"twitter:card\" content=\"summary_large_image\" \/>\n<meta name=\"twitter:label1\" content=\"Written by\" \/>\n\t<meta name=\"twitter:data1\" content=\"Kevin G\u00f3mez\" \/>\n\t<meta name=\"twitter:label2\" content=\"Est. reading time\" \/>\n\t<meta name=\"twitter:data2\" content=\"3 minutes\" \/>\n<script type=\"application\/ld+json\" class=\"yoast-schema-graph\">{\"@context\":\"https:\\\/\\\/schema.org\",\"@graph\":[{\"@type\":\"Article\",\"@id\":\"https:\\\/\\\/www.fcbarcelonanoticias.com\\\/en\\\/transfers\\\/the-two-greats-of-the-premier-who-want-to-leave-fc-barcelona-without-options-to-sign-gy-keres_307391_102.html#article\",\"isPartOf\":{\"@id\":\"https:\\\/\\\/www.fcbarcelonanoticias.com\\\/en\\\/transfers\\\/the-two-greats-of-the-premier-who-want-to-leave-fc-barcelona-without-options-to-sign-gy-keres_307391_102.html\"},\"author\":{\"name\":\"Kevin G\u00f3mez\",\"@id\":\"https:\\\/\\\/www.fcbarcelonanoticias.com\\\/en\\\/#\\\/schema\\\/person\\\/991443f134df9a64c6874f96ff984c9d\"},\"headline\":\"The two &#8216;greats&#8217; of the Premier who want to leave FC Barcelona without options to sign Gy\u00f6keres\",\"datePublished\":\"2024-09-20T15:00:00+00:00\",\"dateModified\":\"2026-04-16T07:30:11+00:00\",\"mainEntityOfPage\":{\"@id\":\"https:\\\/\\\/www.fcbarcelonanoticias.com\\\/en\\\/transfers\\\/the-two-greats-of-the-premier-who-want-to-leave-fc-barcelona-without-options-to-sign-gy-keres_307391_102.html\"},\"wordCount\":549,\"image\":{\"@id\":\"https:\\\/\\\/www.fcbarcelonanoticias.com\\\/en\\\/transfers\\\/the-two-greats-of-the-premier-who-want-to-leave-fc-barcelona-without-options-to-sign-gy-keres_307391_102.html#primaryimage\"},\"thumbnailUrl\":\"https:\\\/\\\/www.fcbarcelonanoticias.com\\\/en\\\/wp-content\\\/uploads\\\/sites\\\/2\\\/2024\\\/09\\\/viktor-gyoekeres-en-el-duelo-amistoso-internacional-entre-suecia-y-albania.jpeg\",\"keywords\":[\"Chelsea\",\"Sporting Portugal\",\"Tottenham\",\"Viktor Gy\u00f6keres\"],\"articleSection\":[\"Transfers\",\"Transfers\"],\"inLanguage\":\"en-US\"},{\"@type\":\"WebPage\",\"@id\":\"https:\\\/\\\/www.fcbarcelonanoticias.com\\\/en\\\/transfers\\\/the-two-greats-of-the-premier-who-want-to-leave-fc-barcelona-without-options-to-sign-gy-keres_307391_102.html\",\"url\":\"https:\\\/\\\/www.fcbarcelonanoticias.com\\\/en\\\/transfers\\\/the-two-greats-of-the-premier-who-want-to-leave-fc-barcelona-without-options-to-sign-gy-keres_307391_102.html\",\"name\":\"The two 'greats' of the Premier who want to leave FC Barcelona without options to sign Gy\u00f6keres\",\"isPartOf\":{\"@id\":\"https:\\\/\\\/www.fcbarcelonanoticias.com\\\/en\\\/#website\"},\"primaryImageOfPage\":{\"@id\":\"https:\\\/\\\/www.fcbarcelonanoticias.com\\\/en\\\/transfers\\\/the-two-greats-of-the-premier-who-want-to-leave-fc-barcelona-without-options-to-sign-gy-keres_307391_102.html#primaryimage\"},\"image\":{\"@id\":\"https:\\\/\\\/www.fcbarcelonanoticias.com\\\/en\\\/transfers\\\/the-two-greats-of-the-premier-who-want-to-leave-fc-barcelona-without-options-to-sign-gy-keres_307391_102.html#primaryimage\"},\"thumbnailUrl\":\"https:\\\/\\\/www.fcbarcelonanoticias.com\\\/en\\\/wp-content\\\/uploads\\\/sites\\\/2\\\/2024\\\/09\\\/viktor-gyoekeres-en-el-duelo-amistoso-internacional-entre-suecia-y-albania.jpeg\",\"datePublished\":\"2024-09-20T15:00:00+00:00\",\"dateModified\":\"2026-04-16T07:30:11+00:00\",\"author\":{\"@id\":\"https:\\\/\\\/www.fcbarcelonanoticias.com\\\/en\\\/#\\\/schema\\\/person\\\/991443f134df9a64c6874f96ff984c9d\"},\"description\":\"Bar\u00e7a must pay attention to the future of Viktor Gy\u00f6keres if they want to sign him in the near future. Because? Well, the Swedish scorer is generating interest and several clubs want to acquire his services. In fact, two 'big' Premier League clubs have joined the 'race' to sign him\",\"breadcrumb\":{\"@id\":\"https:\\\/\\\/www.fcbarcelonanoticias.com\\\/en\\\/transfers\\\/the-two-greats-of-the-premier-who-want-to-leave-fc-barcelona-without-options-to-sign-gy-keres_307391_102.html#breadcrumb\"},\"inLanguage\":\"en-US\",\"potentialAction\":[{\"@type\":\"ReadAction\",\"target\":[\"https:\\\/\\\/www.fcbarcelonanoticias.com\\\/en\\\/transfers\\\/the-two-greats-of-the-premier-who-want-to-leave-fc-barcelona-without-options-to-sign-gy-keres_307391_102.html\"]}]},{\"@type\":\"ImageObject\",\"inLanguage\":\"en-US\",\"@id\":\"https:\\\/\\\/www.fcbarcelonanoticias.com\\\/en\\\/transfers\\\/the-two-greats-of-the-premier-who-want-to-leave-fc-barcelona-without-options-to-sign-gy-keres_307391_102.html#primaryimage\",\"url\":\"https:\\\/\\\/www.fcbarcelonanoticias.com\\\/en\\\/wp-content\\\/uploads\\\/sites\\\/2\\\/2024\\\/09\\\/viktor-gyoekeres-en-el-duelo-amistoso-internacional-entre-suecia-y-albania.jpeg\",\"contentUrl\":\"https:\\\/\\\/www.fcbarcelonanoticias.com\\\/en\\\/wp-content\\\/uploads\\\/sites\\\/2\\\/2024\\\/09\\\/viktor-gyoekeres-en-el-duelo-amistoso-internacional-entre-suecia-y-albania.jpeg\",\"width\":1300,\"height\":732},{\"@type\":\"BreadcrumbList\",\"@id\":\"https:\\\/\\\/www.fcbarcelonanoticias.com\\\/en\\\/transfers\\\/the-two-greats-of-the-premier-who-want-to-leave-fc-barcelona-without-options-to-sign-gy-keres_307391_102.html#breadcrumb\",\"itemListElement\":[{\"@type\":\"ListItem\",\"position\":1,\"name\":\"Portada\",\"item\":\"https:\\\/\\\/www.fcbarcelonanoticias.com\\\/en\\\/\"},{\"@type\":\"ListItem\",\"position\":2,\"name\":\"The two &#8216;greats&#8217; of the Premier who want to leave FC Barcelona without options to sign Gy\u00f6keres\"}]},{\"@type\":\"WebSite\",\"@id\":\"https:\\\/\\\/www.fcbarcelonanoticias.com\\\/en\\\/#website\",\"url\":\"https:\\\/\\\/www.fcbarcelonanoticias.com\\\/en\\\/\",\"name\":\"EN - FC Barcelona Noticias\",\"description\":\"\",\"potentialAction\":[{\"@type\":\"SearchAction\",\"target\":{\"@type\":\"EntryPoint\",\"urlTemplate\":\"https:\\\/\\\/www.fcbarcelonanoticias.com\\\/en\\\/?s={search_term_string}\"},\"query-input\":{\"@type\":\"PropertyValueSpecification\",\"valueRequired\":true,\"valueName\":\"search_term_string\"}}],\"inLanguage\":\"en-US\"},{\"@type\":\"Person\",\"@id\":\"https:\\\/\\\/www.fcbarcelonanoticias.com\\\/en\\\/#\\\/schema\\\/person\\\/991443f134df9a64c6874f96ff984c9d\",\"name\":\"Kevin G\u00f3mez\",\"image\":{\"@type\":\"ImageObject\",\"inLanguage\":\"en-US\",\"@id\":\"https:\\\/\\\/secure.gravatar.com\\\/avatar\\\/?s=96&d=mm&r=g\",\"url\":\"https:\\\/\\\/secure.gravatar.com\\\/avatar\\\/?s=96&d=mm&r=g\",\"contentUrl\":\"https:\\\/\\\/secure.gravatar.com\\\/avatar\\\/?s=96&d=mm&r=g\",\"caption\":\"Kevin G\u00f3mez\"},\"description\":\"Licenciado\u00a0en Periodismo y Comunicaci\u00f3n Audiovisual. Redactor en FCBN responsable de cubrir toda\u00a0la informaci\u00f3n del FC Barcelona y las principales competiciones de\u00a0f\u00fatbol.\",\"url\":\"https:\\\/\\\/www.fcbarcelonanoticias.com\\\/en\\\/jugadores\\\/kevin-gomez_23_115.html\"}]}<\/script>\n<!-- \/ Yoast SEO plugin. -->","yoast_head_json":{"title":"The two 'greats' of the Premier who want to leave FC Barcelona without options to sign Gy\u00f6keres","description":"Bar\u00e7a must pay attention to the future of Viktor Gy\u00f6keres if they want to sign him in the near future. Because? Well, the Swedish scorer is generating interest and several clubs want to acquire his services. In fact, two 'big' Premier League clubs have joined the 'race' to sign him","robots":{"index":"index","follow":"follow","max-snippet":"max-snippet:-1","max-image-preview":"max-image-preview:large","max-video-preview":"max-video-preview:-1"},"canonical":"https:\/\/www.fcbarcelonanoticias.com\/en\/transfers\/the-two-greats-of-the-premier-who-want-to-leave-fc-barcelona-without-options-to-sign-gy-keres_307391_102.html","og_locale":"en_US","og_type":"article","og_title":"The two 'greats' of the Premier who want to leave FC Barcelona without options to sign Gy\u00f6keres","og_description":"Bar\u00e7a must pay attention to the future of Viktor Gy\u00f6keres if they want to sign him in the near future. Because? Well, the Swedish scorer is generating interest and several clubs want to acquire his services. In fact, two 'big' Premier League clubs have joined the 'race' to sign him","og_url":"https:\/\/www.fcbarcelonanoticias.com\/en\/transfers\/the-two-greats-of-the-premier-who-want-to-leave-fc-barcelona-without-options-to-sign-gy-keres_307391_102.html","og_site_name":"EN - FC Barcelona Noticias","article_published_time":"2024-09-20T15:00:00+00:00","article_modified_time":"2026-04-16T07:30:11+00:00","og_image":[{"width":1300,"height":732,"url":"https:\/\/www.fcbarcelonanoticias.com\/en\/wp-content\/uploads\/sites\/2\/2024\/09\/viktor-gyoekeres-en-el-duelo-amistoso-internacional-entre-suecia-y-albania.jpeg","type":"image\/jpeg"}],"author":"Kevin G\u00f3mez","twitter_card":"summary_large_image","twitter_misc":{"Written by":"Kevin G\u00f3mez","Est. reading time":"3 minutes"},"schema":{"@context":"https:\/\/schema.org","@graph":[{"@type":"Article","@id":"https:\/\/www.fcbarcelonanoticias.com\/en\/transfers\/the-two-greats-of-the-premier-who-want-to-leave-fc-barcelona-without-options-to-sign-gy-keres_307391_102.html#article","isPartOf":{"@id":"https:\/\/www.fcbarcelonanoticias.com\/en\/transfers\/the-two-greats-of-the-premier-who-want-to-leave-fc-barcelona-without-options-to-sign-gy-keres_307391_102.html"},"author":{"name":"Kevin G\u00f3mez","@id":"https:\/\/www.fcbarcelonanoticias.com\/en\/#\/schema\/person\/991443f134df9a64c6874f96ff984c9d"},"headline":"The two &#8216;greats&#8217; of the Premier who want to leave FC Barcelona without options to sign Gy\u00f6keres","datePublished":"2024-09-20T15:00:00+00:00","dateModified":"2026-04-16T07:30:11+00:00","mainEntityOfPage":{"@id":"https:\/\/www.fcbarcelonanoticias.com\/en\/transfers\/the-two-greats-of-the-premier-who-want-to-leave-fc-barcelona-without-options-to-sign-gy-keres_307391_102.html"},"wordCount":549,"image":{"@id":"https:\/\/www.fcbarcelonanoticias.com\/en\/transfers\/the-two-greats-of-the-premier-who-want-to-leave-fc-barcelona-without-options-to-sign-gy-keres_307391_102.html#primaryimage"},"thumbnailUrl":"https:\/\/www.fcbarcelonanoticias.com\/en\/wp-content\/uploads\/sites\/2\/2024\/09\/viktor-gyoekeres-en-el-duelo-amistoso-internacional-entre-suecia-y-albania.jpeg","keywords":["Chelsea","Sporting Portugal","Tottenham","Viktor Gy\u00f6keres"],"articleSection":["Transfers","Transfers"],"inLanguage":"en-US"},{"@type":"WebPage","@id":"https:\/\/www.fcbarcelonanoticias.com\/en\/transfers\/the-two-greats-of-the-premier-who-want-to-leave-fc-barcelona-without-options-to-sign-gy-keres_307391_102.html","url":"https:\/\/www.fcbarcelonanoticias.com\/en\/transfers\/the-two-greats-of-the-premier-who-want-to-leave-fc-barcelona-without-options-to-sign-gy-keres_307391_102.html","name":"The two 'greats' of the Premier who want to leave FC Barcelona without options to sign Gy\u00f6keres","isPartOf":{"@id":"https:\/\/www.fcbarcelonanoticias.com\/en\/#website"},"primaryImageOfPage":{"@id":"https:\/\/www.fcbarcelonanoticias.com\/en\/transfers\/the-two-greats-of-the-premier-who-want-to-leave-fc-barcelona-without-options-to-sign-gy-keres_307391_102.html#primaryimage"},"image":{"@id":"https:\/\/www.fcbarcelonanoticias.com\/en\/transfers\/the-two-greats-of-the-premier-who-want-to-leave-fc-barcelona-without-options-to-sign-gy-keres_307391_102.html#primaryimage"},"thumbnailUrl":"https:\/\/www.fcbarcelonanoticias.com\/en\/wp-content\/uploads\/sites\/2\/2024\/09\/viktor-gyoekeres-en-el-duelo-amistoso-internacional-entre-suecia-y-albania.jpeg","datePublished":"2024-09-20T15:00:00+00:00","dateModified":"2026-04-16T07:30:11+00:00","author":{"@id":"https:\/\/www.fcbarcelonanoticias.com\/en\/#\/schema\/person\/991443f134df9a64c6874f96ff984c9d"},"description":"Bar\u00e7a must pay attention to the future of Viktor Gy\u00f6keres if they want to sign him in the near future. Because? Well, the Swedish scorer is generating interest and several clubs want to acquire his services. In fact, two 'big' Premier League clubs have joined the 'race' to sign him","breadcrumb":{"@id":"https:\/\/www.fcbarcelonanoticias.com\/en\/transfers\/the-two-greats-of-the-premier-who-want-to-leave-fc-barcelona-without-options-to-sign-gy-keres_307391_102.html#breadcrumb"},"inLanguage":"en-US","potentialAction":[{"@type":"ReadAction","target":["https:\/\/www.fcbarcelonanoticias.com\/en\/transfers\/the-two-greats-of-the-premier-who-want-to-leave-fc-barcelona-without-options-to-sign-gy-keres_307391_102.html"]}]},{"@type":"ImageObject","inLanguage":"en-US","@id":"https:\/\/www.fcbarcelonanoticias.com\/en\/transfers\/the-two-greats-of-the-premier-who-want-to-leave-fc-barcelona-without-options-to-sign-gy-keres_307391_102.html#primaryimage","url":"https:\/\/www.fcbarcelonanoticias.com\/en\/wp-content\/uploads\/sites\/2\/2024\/09\/viktor-gyoekeres-en-el-duelo-amistoso-internacional-entre-suecia-y-albania.jpeg","contentUrl":"https:\/\/www.fcbarcelonanoticias.com\/en\/wp-content\/uploads\/sites\/2\/2024\/09\/viktor-gyoekeres-en-el-duelo-amistoso-internacional-entre-suecia-y-albania.jpeg","width":1300,"height":732},{"@type":"BreadcrumbList","@id":"https:\/\/www.fcbarcelonanoticias.com\/en\/transfers\/the-two-greats-of-the-premier-who-want-to-leave-fc-barcelona-without-options-to-sign-gy-keres_307391_102.html#breadcrumb","itemListElement":[{"@type":"ListItem","position":1,"name":"Portada","item":"https:\/\/www.fcbarcelonanoticias.com\/en\/"},{"@type":"ListItem","position":2,"name":"The two &#8216;greats&#8217; of the Premier who want to leave FC Barcelona without options to sign Gy\u00f6keres"}]},{"@type":"WebSite","@id":"https:\/\/www.fcbarcelonanoticias.com\/en\/#website","url":"https:\/\/www.fcbarcelonanoticias.com\/en\/","name":"EN - FC Barcelona Noticias","description":"","potentialAction":[{"@type":"SearchAction","target":{"@type":"EntryPoint","urlTemplate":"https:\/\/www.fcbarcelonanoticias.com\/en\/?s={search_term_string}"},"query-input":{"@type":"PropertyValueSpecification","valueRequired":true,"valueName":"search_term_string"}}],"inLanguage":"en-US"},{"@type":"Person","@id":"https:\/\/www.fcbarcelonanoticias.com\/en\/#\/schema\/person\/991443f134df9a64c6874f96ff984c9d","name":"Kevin G\u00f3mez","image":{"@type":"ImageObject","inLanguage":"en-US","@id":"https:\/\/secure.gravatar.com\/avatar\/?s=96&d=mm&r=g","url":"https:\/\/secure.gravatar.com\/avatar\/?s=96&d=mm&r=g","contentUrl":"https:\/\/secure.gravatar.com\/avatar\/?s=96&d=mm&r=g","caption":"Kevin G\u00f3mez"},"description":"Licenciado\u00a0en Periodismo y Comunicaci\u00f3n Audiovisual. Redactor en FCBN responsable de cubrir toda\u00a0la informaci\u00f3n del FC Barcelona y las principales competiciones de\u00a0f\u00fatbol.","url":"https:\/\/www.fcbarcelonanoticias.com\/en\/jugadores\/kevin-gomez_23_115.html"}]}},"_links":{"self":[{"href":"https:\/\/www.fcbarcelonanoticias.com\/en\/wp-json\/wp\/v2\/posts\/144164","targetHints":{"allow":["GET"]}}],"collection":[{"href":"https:\/\/www.fcbarcelonanoticias.com\/en\/wp-json\/wp\/v2\/posts"}],"about":[{"href":"https:\/\/www.fcbarcelonanoticias.com\/en\/wp-json\/wp\/v2\/types\/post"}],"author":[{"embeddable":true,"href":"https:\/\/www.fcbarcelonanoticias.com\/en\/wp-json\/wp\/v2\/users\/355"}],"replies":[{"embeddable":true,"href":"https:\/\/www.fcbarcelonanoticias.com\/en\/wp-json\/wp\/v2\/comments?post=144164"}],"version-history":[{"count":4,"href":"https:\/\/www.fcbarcelonanoticias.com\/en\/wp-json\/wp\/v2\/posts\/144164\/revisions"}],"predecessor-version":[{"id":175500,"href":"https:\/\/www.fcbarcelonanoticias.com\/en\/wp-json\/wp\/v2\/posts\/144164\/revisions\/175500"}],"wp:featuredmedia":[{"embeddable":true,"href":"https:\/\/www.fcbarcelonanoticias.com\/en\/wp-json\/wp\/v2\/media\/144167"}],"wp:attachment":[{"href":"https:\/\/www.fcbarcelonanoticias.com\/en\/wp-json\/wp\/v2\/media?parent=144164"}],"wp:term":[{"taxonomy":"category","embeddable":true,"href":"https:\/\/www.fcbarcelonanoticias.com\/en\/wp-json\/wp\/v2\/categories?post=144164"},{"taxonomy":"post_tag","embeddable":true,"href":"https:\/\/www.fcbarcelonanoticias.com\/en\/wp-json\/wp\/v2\/tags?post=144164"}],"curies":[{"name":"wp","href":"https:\/\/api.w.org\/{rel}","templated":true}]}}