{"id":144205,"date":"2023-08-09T00:00:00","date_gmt":"2023-08-08T22:00:00","guid":{"rendered":"https:\/\/weisetech.dev\/fc-barcelona-noticias\/en\/xavi-leaves-future-ansu-air-doesn-t-close-door-neymar_294932_102\/"},"modified":"2023-08-09T00:00:00","modified_gmt":"2023-08-08T22:00:00","slug":"xavi-leaves-future-ansu-air-doesn-t-close-door-neymar_294932_102","status":"publish","type":"post","link":"https:\/\/www.fcbarcelonanoticias.com\/en\/transfers\/xavi-leaves-future-ansu-air-doesn-t-close-door-neymar_294932_102.html","title":{"rendered":"Xavi leaves Ansu&#8217;s future up in the air and does not close the door on Neymar"},"content":{"rendered":"<h2 class=\"wp-block-heading\">Xavi Hern\u00e1ndez valued the victory of FC Barcelona at the Joan Gamper, at the same time that he opened the door to various movements in the remainder of the market. For the coach, Ansu&#8217;s continuity is not guaranteed and the signing of Neymar is still possible<\/h2>  \r\n<div class=\"article-addons\">\r\n    <a href=\"https:\/\/www.fcbarcelonanoticias.com\/en\/calendar-fc-barcelona.html\"\r\n       target=\"_self\"\r\n       title=\"Calendar of FC Barcelona\"\r\n       class=\"blue-gredient-btn\">\r\n       \r\n        Calendar of FC Barcelona    <\/a>\r\n<\/div>   <p>The FC Barcelona premi\u00e8red in Montju\u00efc with a suffered victory in front of the Tottenham in the Trophy Joan Gamper, <a data-external=\"0\" data-intl-links-en=\"https:\/\/www.fcbarcelonanoticias.com\/en\/joan-gamper-trophy\/substitutes-barcelona-save-gamper-duro-tottenham-4-2_294925_102.html\" data-intl-links-es=\"https:\/\/www.fcbarcelonanoticias.com\/trofeo-joan-gamper\/suplentes-barcelona-salvan-gamper-duro-tottenham-4-2_294925_102.html\" href=\"https:\/\/www.fcbarcelonanoticias.com\/en\/joan-gamper-trophy\/substitutes-barcelona-save-gamper-duro-tottenham-4-2_294925_102.html\" rel=\"follow\" target=\"_self\" title=\"Los j\u00f3venes del Bar\u00e7a 'salvan' el Gamper ante un duro Tottenham (4-2)\">a party in which the youngsters took out the face by the team<\/a> to act the traced back in the final stretch. In this regard, Xavi Hern\u00e1ndez valued the effort of the acting, but at the same time <strong>left clear that, of here to 1 September, can have several surprises<\/strong> regarding signings and traspasos.<\/p>  <p>In this sense, the egarense referred to the future of Ansu Fati. In the last hours have arisen offers of Arabia and England by the &#8217;10&#8217;, but the extreme follows convinced to remain to struggle by a place. <strong>&#8220;It follows Ansu? Already we will see until 31 August, we depend of the &#8216;Fair Play&#8217;. It is training very well, as Ferran and Raphinha. There is a lot of competition&#8221;<\/strong>, argued Xavi.<\/p>  <h2>Xavi neither closes the door to the possible arrival of Neymar<\/h2>  <p>Regarding the possible return of &#8216;Ney&#8217;, the m\u00edster was warier to the &#8216;wet&#8217;, but neither descart\u00f3 a movement of last hour that facilitate the landing of the Brazilian in Catalonia. <strong>&#8220;Neymar? I can not advance at all of names of other teams, that afterwards anger . Already we will see until 31 August&#8221;<\/strong>, it reiterated the m\u00edster of Terrassa. In the last hours, the rumours on the exit of the of Mogi give Cruzes have increased, with the Bar\u00e7a like destination predilecto for the &#8217;10&#8217;.<\/p>  <p>However, <a data-external=\"0\" data-intl-links-en=\"https:\/\/www.fcbarcelonanoticias.com\/en\/transfers\/the-psg-fixed-rank-of-price-to-accept-the-exit-of-neymar-this-summer_294919_102.html\" data-intl-links-es=\"https:\/\/www.fcbarcelonanoticias.com\/fichajes\/psg-fija-rango-precio-aceptar-salida-neymar-este-verano_294919_102.html\" href=\"https:\/\/www.fcbarcelonanoticias.com\/en\/transfers\/the-psg-fixed-rank-of-price-to-accept-the-exit-of-neymar-this-summer_294919_102.html\" rel=\"follow\" target=\"_self\" title=\"El PSG fija un rango de precio para aceptar la salida de Neymar este verano\">the economic pretences of Paris Saint-Germain<\/a>, together with the high wage of Ney, practically descartan any interest of the Bar\u00e7a in this moment, of not being by an important sale (Ansu or Raphinha) that leave a lot of money in the arks cul\u00e9s. If that was the case, <strong>the priority of the technical body keeps on being Bernardo Silva<\/strong>, further of the insistence of the Manchester City in retaining him.<\/p>  <h2>The balance of Xavi on the triumph in front of the Tottenham<\/h2>  <p>On the other hand, the trainer cul\u00e9 valued the performance of the team in front of the Tottenham, although it suffered more than the expected to win. &#8220;Good end of party without being so well as in front of the Milan and the Madrid, logical in the pre-season. We have played in front of a big team, powerful physically. <strong>First toneless part, better afterwards, the changes worked and the change of system also&#8221;<\/strong>, explained.<\/p>  <p>In this regard, it stood out the role of the acting, mainly of Lamine Yamal, the &#8216;MVP&#8217; of the party. <strong>&#8220;Lamine Is a talent, have to it dosificar, but is a wonder, impudence&#8230; Ferm\u00edn, also, Abde&#8230; All have been very well&#8221;<\/strong>, said the egarense, to the time that explained that, in principle, <a data-external=\"0\" data-intl-links-en=\"https:\/\/www.fcbarcelonanoticias.com\/en\/fc-barcelona\/they-jump-the-alarms-for-xavi-ronald-araujo-withdraws-with-discomfort-of-joan-gamper_294923_102.html\" data-intl-links-es=\"https:\/\/www.fcbarcelonanoticias.com\/fc-barcelona\/saltan-alarmas-xavi-ronald-araujo-se-retira-con-molestias-joan-gamper_294923_102.html\" href=\"https:\/\/www.fcbarcelonanoticias.com\/en\/fc-barcelona\/they-jump-the-alarms-for-xavi-ronald-araujo-withdraws-with-discomfort-of-joan-gamper_294923_102.html\" rel=\"follow\" target=\"_self\" title=\"\u00a1Saltan las alarmas para Xavi! Ronald Ara\u00fajo se retira con molestias del Joan Gamper\">the change of Ronald Ara\u00fajo was preventive<\/a> and his physical problem is lower, by which would have to be of the game the Sunday in Madrid in front of the Getafe.<\/p> ","protected":false},"excerpt":{"rendered":"<p>Xavi Hern\u00e1ndez valued the victory of FC Barcelona at the Joan Gamper, at the same time that he opened the door to various movements in the remainder of the market. For the coach, Ansu&#8217;s continuity is not guaranteed and the signing of Neymar is still possible The FC Barcelona premi\u00e8red in Montju\u00efc with a suffered [&hellip;]<\/p>\n","protected":false},"author":347,"featured_media":144212,"comment_status":"closed","ping_status":"open","sticky":false,"template":"","format":"standard","meta":{"_acf_changed":false,"inline_featured_image":false,"_nextfly_llmd_date_locked":false,"footnotes":""},"categories":[106,449],"tags":[48],"class_list":["post-144205","post","type-post","status-publish","format-standard","has-post-thumbnail","hentry","category-transfers","category-transfers-2","tag-xavi-hernandez"],"acf":[],"yoast_head":"<!-- This site is optimized with the Yoast SEO plugin v27.3 - https:\/\/yoast.com\/product\/yoast-seo-wordpress\/ -->\n<title>Xavi leaves Ansu&#039;s future up in the air and does not close the door on Neymar<\/title>\n<meta name=\"description\" content=\"Xavi Hern\u00e1ndez valued the victory of FC Barcelona at the Joan Gamper, at the same time that he opened the door to various movements in the remainder of the market. For the coach, Ansu&#039;s continuity is not guaranteed and the signing of Neymar is still possible\" \/>\n<meta name=\"robots\" content=\"index, follow, max-snippet:-1, max-image-preview:large, max-video-preview:-1\" \/>\n<link rel=\"canonical\" href=\"https:\/\/www.fcbarcelonanoticias.com\/en\/transfers\/xavi-leaves-future-ansu-air-doesn-t-close-door-neymar_294932_102.html\" \/>\n<meta property=\"og:locale\" content=\"en_US\" \/>\n<meta property=\"og:type\" content=\"article\" \/>\n<meta property=\"og:title\" content=\"Xavi leaves Ansu&#039;s future up in the air and does not close the door on Neymar\" \/>\n<meta property=\"og:description\" content=\"Xavi Hern\u00e1ndez valued the victory of FC Barcelona at the Joan Gamper, at the same time that he opened the door to various movements in the remainder of the market. For the coach, Ansu&#039;s continuity is not guaranteed and the signing of Neymar is still possible\" \/>\n<meta property=\"og:url\" content=\"https:\/\/www.fcbarcelonanoticias.com\/en\/transfers\/xavi-leaves-future-ansu-air-doesn-t-close-door-neymar_294932_102.html\" \/>\n<meta property=\"og:site_name\" content=\"EN - FC Barcelona Noticias\" \/>\n<meta property=\"article:published_time\" content=\"2023-08-08T22:00:00+00:00\" \/>\n<meta property=\"og:image\" content=\"https:\/\/www.fcbarcelonanoticias.com\/en\/wp-content\/uploads\/sites\/2\/2023\/08\/ansu-xavi-barca.jpeg\" \/>\n\t<meta property=\"og:image:width\" content=\"1300\" \/>\n\t<meta property=\"og:image:height\" content=\"727\" \/>\n\t<meta property=\"og:image:type\" content=\"image\/jpeg\" \/>\n<meta name=\"author\" content=\"Andr\u00e9s Quiroz\" \/>\n<meta name=\"twitter:card\" content=\"summary_large_image\" \/>\n<meta name=\"twitter:label1\" content=\"Written by\" \/>\n\t<meta name=\"twitter:data1\" content=\"Andr\u00e9s Quiroz\" \/>\n\t<meta name=\"twitter:label2\" content=\"Est. reading time\" \/>\n\t<meta name=\"twitter:data2\" content=\"3 minutes\" \/>\n<script type=\"application\/ld+json\" class=\"yoast-schema-graph\">{\"@context\":\"https:\\\/\\\/schema.org\",\"@graph\":[{\"@type\":\"Article\",\"@id\":\"https:\\\/\\\/www.fcbarcelonanoticias.com\\\/en\\\/transfers\\\/xavi-leaves-future-ansu-air-doesn-t-close-door-neymar_294932_102.html#article\",\"isPartOf\":{\"@id\":\"https:\\\/\\\/www.fcbarcelonanoticias.com\\\/en\\\/transfers\\\/xavi-leaves-future-ansu-air-doesn-t-close-door-neymar_294932_102.html\"},\"author\":{\"name\":\"Andr\u00e9s Quiroz\",\"@id\":\"https:\\\/\\\/www.fcbarcelonanoticias.com\\\/en\\\/#\\\/schema\\\/person\\\/c2cd9f6fa1af5c0d0eccd0fefa575c88\"},\"headline\":\"Xavi leaves Ansu&#8217;s future up in the air and does not close the door on Neymar\",\"datePublished\":\"2023-08-08T22:00:00+00:00\",\"mainEntityOfPage\":{\"@id\":\"https:\\\/\\\/www.fcbarcelonanoticias.com\\\/en\\\/transfers\\\/xavi-leaves-future-ansu-air-doesn-t-close-door-neymar_294932_102.html\"},\"wordCount\":550,\"image\":{\"@id\":\"https:\\\/\\\/www.fcbarcelonanoticias.com\\\/en\\\/transfers\\\/xavi-leaves-future-ansu-air-doesn-t-close-door-neymar_294932_102.html#primaryimage\"},\"thumbnailUrl\":\"https:\\\/\\\/www.fcbarcelonanoticias.com\\\/en\\\/wp-content\\\/uploads\\\/sites\\\/2\\\/2023\\\/08\\\/ansu-xavi-barca.jpeg\",\"keywords\":[\"Xavi Hern\u00e1ndez\"],\"articleSection\":[\"Transfers\",\"Transfers\"],\"inLanguage\":\"en-US\"},{\"@type\":\"WebPage\",\"@id\":\"https:\\\/\\\/www.fcbarcelonanoticias.com\\\/en\\\/transfers\\\/xavi-leaves-future-ansu-air-doesn-t-close-door-neymar_294932_102.html\",\"url\":\"https:\\\/\\\/www.fcbarcelonanoticias.com\\\/en\\\/transfers\\\/xavi-leaves-future-ansu-air-doesn-t-close-door-neymar_294932_102.html\",\"name\":\"Xavi leaves Ansu's future up in the air and does not close the door on Neymar\",\"isPartOf\":{\"@id\":\"https:\\\/\\\/www.fcbarcelonanoticias.com\\\/en\\\/#website\"},\"primaryImageOfPage\":{\"@id\":\"https:\\\/\\\/www.fcbarcelonanoticias.com\\\/en\\\/transfers\\\/xavi-leaves-future-ansu-air-doesn-t-close-door-neymar_294932_102.html#primaryimage\"},\"image\":{\"@id\":\"https:\\\/\\\/www.fcbarcelonanoticias.com\\\/en\\\/transfers\\\/xavi-leaves-future-ansu-air-doesn-t-close-door-neymar_294932_102.html#primaryimage\"},\"thumbnailUrl\":\"https:\\\/\\\/www.fcbarcelonanoticias.com\\\/en\\\/wp-content\\\/uploads\\\/sites\\\/2\\\/2023\\\/08\\\/ansu-xavi-barca.jpeg\",\"datePublished\":\"2023-08-08T22:00:00+00:00\",\"author\":{\"@id\":\"https:\\\/\\\/www.fcbarcelonanoticias.com\\\/en\\\/#\\\/schema\\\/person\\\/c2cd9f6fa1af5c0d0eccd0fefa575c88\"},\"description\":\"Xavi Hern\u00e1ndez valued the victory of FC Barcelona at the Joan Gamper, at the same time that he opened the door to various movements in the remainder of the market. For the coach, Ansu's continuity is not guaranteed and the signing of Neymar is still possible\",\"breadcrumb\":{\"@id\":\"https:\\\/\\\/www.fcbarcelonanoticias.com\\\/en\\\/transfers\\\/xavi-leaves-future-ansu-air-doesn-t-close-door-neymar_294932_102.html#breadcrumb\"},\"inLanguage\":\"en-US\",\"potentialAction\":[{\"@type\":\"ReadAction\",\"target\":[\"https:\\\/\\\/www.fcbarcelonanoticias.com\\\/en\\\/transfers\\\/xavi-leaves-future-ansu-air-doesn-t-close-door-neymar_294932_102.html\"]}]},{\"@type\":\"ImageObject\",\"inLanguage\":\"en-US\",\"@id\":\"https:\\\/\\\/www.fcbarcelonanoticias.com\\\/en\\\/transfers\\\/xavi-leaves-future-ansu-air-doesn-t-close-door-neymar_294932_102.html#primaryimage\",\"url\":\"https:\\\/\\\/www.fcbarcelonanoticias.com\\\/en\\\/wp-content\\\/uploads\\\/sites\\\/2\\\/2023\\\/08\\\/ansu-xavi-barca.jpeg\",\"contentUrl\":\"https:\\\/\\\/www.fcbarcelonanoticias.com\\\/en\\\/wp-content\\\/uploads\\\/sites\\\/2\\\/2023\\\/08\\\/ansu-xavi-barca.jpeg\",\"width\":1300,\"height\":727},{\"@type\":\"BreadcrumbList\",\"@id\":\"https:\\\/\\\/www.fcbarcelonanoticias.com\\\/en\\\/transfers\\\/xavi-leaves-future-ansu-air-doesn-t-close-door-neymar_294932_102.html#breadcrumb\",\"itemListElement\":[{\"@type\":\"ListItem\",\"position\":1,\"name\":\"Portada\",\"item\":\"https:\\\/\\\/www.fcbarcelonanoticias.com\\\/en\\\/\"},{\"@type\":\"ListItem\",\"position\":2,\"name\":\"Xavi leaves Ansu&#8217;s future up in the air and does not close the door on Neymar\"}]},{\"@type\":\"WebSite\",\"@id\":\"https:\\\/\\\/www.fcbarcelonanoticias.com\\\/en\\\/#website\",\"url\":\"https:\\\/\\\/www.fcbarcelonanoticias.com\\\/en\\\/\",\"name\":\"EN - FC Barcelona Noticias\",\"description\":\"\",\"potentialAction\":[{\"@type\":\"SearchAction\",\"target\":{\"@type\":\"EntryPoint\",\"urlTemplate\":\"https:\\\/\\\/www.fcbarcelonanoticias.com\\\/en\\\/?s={search_term_string}\"},\"query-input\":{\"@type\":\"PropertyValueSpecification\",\"valueRequired\":true,\"valueName\":\"search_term_string\"}}],\"inLanguage\":\"en-US\"},{\"@type\":\"Person\",\"@id\":\"https:\\\/\\\/www.fcbarcelonanoticias.com\\\/en\\\/#\\\/schema\\\/person\\\/c2cd9f6fa1af5c0d0eccd0fefa575c88\",\"name\":\"Andr\u00e9s Quiroz\",\"image\":{\"@type\":\"ImageObject\",\"inLanguage\":\"en-US\",\"@id\":\"https:\\\/\\\/secure.gravatar.com\\\/avatar\\\/?s=96&d=mm&r=g\",\"url\":\"https:\\\/\\\/secure.gravatar.com\\\/avatar\\\/?s=96&d=mm&r=g\",\"contentUrl\":\"https:\\\/\\\/secure.gravatar.com\\\/avatar\\\/?s=96&d=mm&r=g\",\"caption\":\"Andr\u00e9s Quiroz\"},\"description\":\"Licenciado en Periodismo por la Universidad de los Andes. Me encargo de analizar y compartir los contenidos m\u00e1s destacados de la\u00a0actualidad del F\u00fatbol Club Barcelona, Mercado de Fichajes y F\u00fatbol Internacional en FCBN. La informaci\u00f3n es poder, pero tambi\u00e9n conocimiento.\",\"url\":\"https:\\\/\\\/www.fcbarcelonanoticias.com\\\/en\\\/fc-barcelona\\\/andres-quiroz_17_115.html\"}]}<\/script>\n<!-- \/ Yoast SEO plugin. -->","yoast_head_json":{"title":"Xavi leaves Ansu's future up in the air and does not close the door on Neymar","description":"Xavi Hern\u00e1ndez valued the victory of FC Barcelona at the Joan Gamper, at the same time that he opened the door to various movements in the remainder of the market. For the coach, Ansu's continuity is not guaranteed and the signing of Neymar is still possible","robots":{"index":"index","follow":"follow","max-snippet":"max-snippet:-1","max-image-preview":"max-image-preview:large","max-video-preview":"max-video-preview:-1"},"canonical":"https:\/\/www.fcbarcelonanoticias.com\/en\/transfers\/xavi-leaves-future-ansu-air-doesn-t-close-door-neymar_294932_102.html","og_locale":"en_US","og_type":"article","og_title":"Xavi leaves Ansu's future up in the air and does not close the door on Neymar","og_description":"Xavi Hern\u00e1ndez valued the victory of FC Barcelona at the Joan Gamper, at the same time that he opened the door to various movements in the remainder of the market. For the coach, Ansu's continuity is not guaranteed and the signing of Neymar is still possible","og_url":"https:\/\/www.fcbarcelonanoticias.com\/en\/transfers\/xavi-leaves-future-ansu-air-doesn-t-close-door-neymar_294932_102.html","og_site_name":"EN - FC Barcelona Noticias","article_published_time":"2023-08-08T22:00:00+00:00","og_image":[{"width":1300,"height":727,"url":"https:\/\/www.fcbarcelonanoticias.com\/en\/wp-content\/uploads\/sites\/2\/2023\/08\/ansu-xavi-barca.jpeg","type":"image\/jpeg"}],"author":"Andr\u00e9s Quiroz","twitter_card":"summary_large_image","twitter_misc":{"Written by":"Andr\u00e9s Quiroz","Est. reading time":"3 minutes"},"schema":{"@context":"https:\/\/schema.org","@graph":[{"@type":"Article","@id":"https:\/\/www.fcbarcelonanoticias.com\/en\/transfers\/xavi-leaves-future-ansu-air-doesn-t-close-door-neymar_294932_102.html#article","isPartOf":{"@id":"https:\/\/www.fcbarcelonanoticias.com\/en\/transfers\/xavi-leaves-future-ansu-air-doesn-t-close-door-neymar_294932_102.html"},"author":{"name":"Andr\u00e9s Quiroz","@id":"https:\/\/www.fcbarcelonanoticias.com\/en\/#\/schema\/person\/c2cd9f6fa1af5c0d0eccd0fefa575c88"},"headline":"Xavi leaves Ansu&#8217;s future up in the air and does not close the door on Neymar","datePublished":"2023-08-08T22:00:00+00:00","mainEntityOfPage":{"@id":"https:\/\/www.fcbarcelonanoticias.com\/en\/transfers\/xavi-leaves-future-ansu-air-doesn-t-close-door-neymar_294932_102.html"},"wordCount":550,"image":{"@id":"https:\/\/www.fcbarcelonanoticias.com\/en\/transfers\/xavi-leaves-future-ansu-air-doesn-t-close-door-neymar_294932_102.html#primaryimage"},"thumbnailUrl":"https:\/\/www.fcbarcelonanoticias.com\/en\/wp-content\/uploads\/sites\/2\/2023\/08\/ansu-xavi-barca.jpeg","keywords":["Xavi Hern\u00e1ndez"],"articleSection":["Transfers","Transfers"],"inLanguage":"en-US"},{"@type":"WebPage","@id":"https:\/\/www.fcbarcelonanoticias.com\/en\/transfers\/xavi-leaves-future-ansu-air-doesn-t-close-door-neymar_294932_102.html","url":"https:\/\/www.fcbarcelonanoticias.com\/en\/transfers\/xavi-leaves-future-ansu-air-doesn-t-close-door-neymar_294932_102.html","name":"Xavi leaves Ansu's future up in the air and does not close the door on Neymar","isPartOf":{"@id":"https:\/\/www.fcbarcelonanoticias.com\/en\/#website"},"primaryImageOfPage":{"@id":"https:\/\/www.fcbarcelonanoticias.com\/en\/transfers\/xavi-leaves-future-ansu-air-doesn-t-close-door-neymar_294932_102.html#primaryimage"},"image":{"@id":"https:\/\/www.fcbarcelonanoticias.com\/en\/transfers\/xavi-leaves-future-ansu-air-doesn-t-close-door-neymar_294932_102.html#primaryimage"},"thumbnailUrl":"https:\/\/www.fcbarcelonanoticias.com\/en\/wp-content\/uploads\/sites\/2\/2023\/08\/ansu-xavi-barca.jpeg","datePublished":"2023-08-08T22:00:00+00:00","author":{"@id":"https:\/\/www.fcbarcelonanoticias.com\/en\/#\/schema\/person\/c2cd9f6fa1af5c0d0eccd0fefa575c88"},"description":"Xavi Hern\u00e1ndez valued the victory of FC Barcelona at the Joan Gamper, at the same time that he opened the door to various movements in the remainder of the market. For the coach, Ansu's continuity is not guaranteed and the signing of Neymar is still possible","breadcrumb":{"@id":"https:\/\/www.fcbarcelonanoticias.com\/en\/transfers\/xavi-leaves-future-ansu-air-doesn-t-close-door-neymar_294932_102.html#breadcrumb"},"inLanguage":"en-US","potentialAction":[{"@type":"ReadAction","target":["https:\/\/www.fcbarcelonanoticias.com\/en\/transfers\/xavi-leaves-future-ansu-air-doesn-t-close-door-neymar_294932_102.html"]}]},{"@type":"ImageObject","inLanguage":"en-US","@id":"https:\/\/www.fcbarcelonanoticias.com\/en\/transfers\/xavi-leaves-future-ansu-air-doesn-t-close-door-neymar_294932_102.html#primaryimage","url":"https:\/\/www.fcbarcelonanoticias.com\/en\/wp-content\/uploads\/sites\/2\/2023\/08\/ansu-xavi-barca.jpeg","contentUrl":"https:\/\/www.fcbarcelonanoticias.com\/en\/wp-content\/uploads\/sites\/2\/2023\/08\/ansu-xavi-barca.jpeg","width":1300,"height":727},{"@type":"BreadcrumbList","@id":"https:\/\/www.fcbarcelonanoticias.com\/en\/transfers\/xavi-leaves-future-ansu-air-doesn-t-close-door-neymar_294932_102.html#breadcrumb","itemListElement":[{"@type":"ListItem","position":1,"name":"Portada","item":"https:\/\/www.fcbarcelonanoticias.com\/en\/"},{"@type":"ListItem","position":2,"name":"Xavi leaves Ansu&#8217;s future up in the air and does not close the door on Neymar"}]},{"@type":"WebSite","@id":"https:\/\/www.fcbarcelonanoticias.com\/en\/#website","url":"https:\/\/www.fcbarcelonanoticias.com\/en\/","name":"EN - FC Barcelona Noticias","description":"","potentialAction":[{"@type":"SearchAction","target":{"@type":"EntryPoint","urlTemplate":"https:\/\/www.fcbarcelonanoticias.com\/en\/?s={search_term_string}"},"query-input":{"@type":"PropertyValueSpecification","valueRequired":true,"valueName":"search_term_string"}}],"inLanguage":"en-US"},{"@type":"Person","@id":"https:\/\/www.fcbarcelonanoticias.com\/en\/#\/schema\/person\/c2cd9f6fa1af5c0d0eccd0fefa575c88","name":"Andr\u00e9s Quiroz","image":{"@type":"ImageObject","inLanguage":"en-US","@id":"https:\/\/secure.gravatar.com\/avatar\/?s=96&d=mm&r=g","url":"https:\/\/secure.gravatar.com\/avatar\/?s=96&d=mm&r=g","contentUrl":"https:\/\/secure.gravatar.com\/avatar\/?s=96&d=mm&r=g","caption":"Andr\u00e9s Quiroz"},"description":"Licenciado en Periodismo por la Universidad de los Andes. Me encargo de analizar y compartir los contenidos m\u00e1s destacados de la\u00a0actualidad del F\u00fatbol Club Barcelona, Mercado de Fichajes y F\u00fatbol Internacional en FCBN. La informaci\u00f3n es poder, pero tambi\u00e9n conocimiento.","url":"https:\/\/www.fcbarcelonanoticias.com\/en\/fc-barcelona\/andres-quiroz_17_115.html"}]}},"_links":{"self":[{"href":"https:\/\/www.fcbarcelonanoticias.com\/en\/wp-json\/wp\/v2\/posts\/144205","targetHints":{"allow":["GET"]}}],"collection":[{"href":"https:\/\/www.fcbarcelonanoticias.com\/en\/wp-json\/wp\/v2\/posts"}],"about":[{"href":"https:\/\/www.fcbarcelonanoticias.com\/en\/wp-json\/wp\/v2\/types\/post"}],"author":[{"embeddable":true,"href":"https:\/\/www.fcbarcelonanoticias.com\/en\/wp-json\/wp\/v2\/users\/347"}],"replies":[{"embeddable":true,"href":"https:\/\/www.fcbarcelonanoticias.com\/en\/wp-json\/wp\/v2\/comments?post=144205"}],"version-history":[{"count":1,"href":"https:\/\/www.fcbarcelonanoticias.com\/en\/wp-json\/wp\/v2\/posts\/144205\/revisions"}],"predecessor-version":[{"id":146623,"href":"https:\/\/www.fcbarcelonanoticias.com\/en\/wp-json\/wp\/v2\/posts\/144205\/revisions\/146623"}],"wp:featuredmedia":[{"embeddable":true,"href":"https:\/\/www.fcbarcelonanoticias.com\/en\/wp-json\/wp\/v2\/media\/144212"}],"wp:attachment":[{"href":"https:\/\/www.fcbarcelonanoticias.com\/en\/wp-json\/wp\/v2\/media?parent=144205"}],"wp:term":[{"taxonomy":"category","embeddable":true,"href":"https:\/\/www.fcbarcelonanoticias.com\/en\/wp-json\/wp\/v2\/categories?post=144205"},{"taxonomy":"post_tag","embeddable":true,"href":"https:\/\/www.fcbarcelonanoticias.com\/en\/wp-json\/wp\/v2\/tags?post=144205"}],"curies":[{"name":"wp","href":"https:\/\/api.w.org\/{rel}","templated":true}]}}