{"id":144244,"date":"2022-05-25T17:36:00","date_gmt":"2022-05-25T15:36:00","guid":{"rendered":"https:\/\/weisetech.dev\/fc-barcelona-noticias\/en\/xavi-mysterious-with-continuity-jong-optimistic-with-gavi_280623_102\/"},"modified":"2026-04-16T10:08:03","modified_gmt":"2026-04-16T08:08:03","slug":"xavi-mysterious-with-continuity-jong-optimistic-with-gavi_280623_102","status":"publish","type":"post","link":"https:\/\/www.fcbarcelonanoticias.com\/en\/transfers\/xavi-mysterious-with-continuity-jong-optimistic-with-gavi_280623_102.html","title":{"rendered":"Xavi, mysterious with De Jong&#8217;s continuity and optimistic with Gavi&#8217;s"},"content":{"rendered":"<h2 class=\"wp-block-heading\">After the friendly against the A-League All Star, Xavi Hern\u00e1ndez left some statements for &#8216;Bar\u00e7a TV&#8217;. In them, the cul\u00e9 coach was optimistic about the renewal of Gavi and left the door open for a possible departure of De Jong<\/h2>  \r\n<div class=\"article-addons\">\r\n    <a href=\"https:\/\/www.fcbarcelonanoticias.com\/en\/calendar-fc-barcelona.html\"\r\n       target=\"_self\"\r\n       title=\"Calendar of FC Barcelona\"\r\n       class=\"blue-gredient-btn\">\r\n       \r\n        Calendar of FC Barcelona    <\/a>\r\n<\/div>   <p>The <a href=\"https:\/\/www.fcbarcelonanoticias.com\/fc-barcelona.html\" title=\"FC Barcelona\">FC Barcelona<\/a> confronted this Wednesday the last meeting of the season<strong> <\/strong>in front of the To-League All Stars in a friendly that took place in the Stadium ANZ of Sydney. <strong>The Catalans achieved a triumph by 2-3 and put him end to a full campaign of &#8216;altibajos&#8217;<\/strong>, where the irregularity of the team was the main protagonist, although with the arrival of <a data-external=\"0\" data-intl-links-en=\"https:\/\/www.fcbarcelonanoticias.com\/en\/tags\/xavi-hernandez\" data-intl-links-es=\"https:\/\/www.fcbarcelonanoticias.com\/tags\/xavi-hernandez\" href=\"https:\/\/www.fcbarcelonanoticias.com\/en\/tags\/xavi-hernandez.html\" rel=\"follow\" target=\"_self\" title=\"Xavi Hern\u00e1ndez\">Xavi Hern\u00e1ndez<\/a> has renacido the illusion in the bloated Barcelona, that expects to see again to his team like candidate in all the competitions.<\/p>  <p>Precisely, the trainer of Terrassa pronounced in front of the microphones of &#8216;Bar\u00e7a TV&#8217; when finalising the party. The technician left clear that already are thinking in the next season, in where the priority will be to compete by all the trophies. &#8220;<strong>We expect to go back to be competitive, have to can compete by the titles and can win them<\/strong>&#8220;, ensured, for afterwards add that &#8220;our main aim is to struggle by the titles and this year have not been able to it do, has not been an easy season neither has gone out as we wanted to, but are working to be able to be competitive again the next season&#8221;.<\/p>  <p>Later, the egarense expressed in press conference on the extension of the agreement of Gavi, whose situation lit the &#8216;alarms&#8217; in the barcelonismo after the words of Joan Laporta on the representative of the player, Iv\u00e1n of the Crag. Hern\u00e1ndez showed calm and ilusionado. For afterwards put him &#8216;cold cloths&#8217; to the subject to the aseverar that &#8220;<strong>these things need time, but am esperanzado that in some days can announce something already<\/strong>&#8220;.<\/p>  <p>Likewise, the trainer of the Barcelona group also was questioned on the &#8216;case Frenkie of Jong&#8217;. The future of the Dutch is an inc\u00f3gnita, since multiple informations have ensured that the cul\u00e9s would be posing a traspaso to help to &#8216;sanear&#8217; his accounts. Far to evade the rumours, Xavi left him the open door to the exit of the midfield player and declared that &#8220;and<strong>s a key player for us and has to follow being it. But everything depends on the economic situation, will see what is what sucede<\/strong>&#8220;.<\/p>  <h3>Amazed with the fanaticada Australian<\/h3>  <p>Finally, the egarense showed &#8216;hallucinated&#8217; with the quantity of inflate that they presented in the stadium to enjoy the meeting. The trainer, that already had made public his emotion for going back to the place where won the medal of silver in the Olympic games, wanted to stand out to the Australian fans. &#8220;<strong>It has surprised me the quantity of public that has come to see the party and the quantity of barcelonistas that there was<\/strong>. They have enjoyed, they have happened it to him very well and for the viewers the party has been very thrilling&#8221;, concluded.<\/p> ","protected":false},"excerpt":{"rendered":"<p>After the friendly against the A-League All Star, Xavi Hern\u00e1ndez left some statements for &#8216;Bar\u00e7a TV&#8217;. In them, the cul\u00e9 coach was optimistic about the renewal of Gavi and left the door open for a possible departure of De Jong The FC Barcelona confronted this Wednesday the last meeting of the season in front of [&hellip;]<\/p>\n","protected":false},"author":358,"featured_media":144250,"comment_status":"closed","ping_status":"open","sticky":false,"template":"","format":"standard","meta":{"_acf_changed":false,"inline_featured_image":false,"_nextfly_llmd_date_locked":false,"footnotes":""},"categories":[106,449],"tags":[48],"class_list":["post-144244","post","type-post","status-publish","format-standard","has-post-thumbnail","hentry","category-transfers","category-transfers-2","tag-xavi-hernandez"],"acf":[],"yoast_head":"<!-- This site is optimized with the Yoast SEO plugin v27.3 - https:\/\/yoast.com\/product\/yoast-seo-wordpress\/ -->\n<title>Xavi, mysterious with De Jong&#039;s continuity and optimistic with Gavi&#039;s<\/title>\n<meta name=\"description\" content=\"After the friendly in front of the To-League All Star, Xavi Hern\u00e1ndez left some statements for Bar\u00e7a TV. In them, the trainer cul\u00e9 showed optimist with re...\" \/>\n<meta name=\"robots\" content=\"index, follow, max-snippet:-1, max-image-preview:large, max-video-preview:-1\" \/>\n<link rel=\"canonical\" href=\"https:\/\/www.fcbarcelonanoticias.com\/en\/transfers\/xavi-mysterious-with-continuity-jong-optimistic-with-gavi_280623_102.html\" \/>\n<meta property=\"og:locale\" content=\"en_US\" \/>\n<meta property=\"og:type\" content=\"article\" \/>\n<meta property=\"og:title\" content=\"Xavi, mysterious with De Jong&#039;s continuity and optimistic with Gavi&#039;s\" \/>\n<meta property=\"og:description\" content=\"After the friendly in front of the To-League All Star, Xavi Hern\u00e1ndez left some statements for Bar\u00e7a TV. In them, the trainer cul\u00e9 showed optimist with re...\" \/>\n<meta property=\"og:url\" content=\"https:\/\/www.fcbarcelonanoticias.com\/en\/transfers\/xavi-mysterious-with-continuity-jong-optimistic-with-gavi_280623_102.html\" \/>\n<meta property=\"og:site_name\" content=\"EN - FC Barcelona Noticias\" \/>\n<meta property=\"article:published_time\" content=\"2022-05-25T15:36:00+00:00\" \/>\n<meta property=\"article:modified_time\" content=\"2026-04-16T08:08:03+00:00\" \/>\n<meta property=\"og:image\" content=\"https:\/\/www.fcbarcelonanoticias.com\/en\/wp-content\/uploads\/sites\/2\/2022\/05\/xavi-hernandez-en-el-amistoso-ante.jpeg\" \/>\n\t<meta property=\"og:image:width\" content=\"1300\" \/>\n\t<meta property=\"og:image:height\" content=\"734\" \/>\n\t<meta property=\"og:image:type\" content=\"image\/jpeg\" \/>\n<meta name=\"author\" content=\"Juan Pablo Berdugo\" \/>\n<meta name=\"twitter:card\" content=\"summary_large_image\" \/>\n<meta name=\"twitter:label1\" content=\"Written by\" \/>\n\t<meta name=\"twitter:data1\" content=\"Juan Pablo Berdugo\" \/>\n\t<meta name=\"twitter:label2\" content=\"Est. reading time\" \/>\n\t<meta name=\"twitter:data2\" content=\"3 minutes\" \/>\n<script type=\"application\/ld+json\" class=\"yoast-schema-graph\">{\"@context\":\"https:\\\/\\\/schema.org\",\"@graph\":[{\"@type\":\"Article\",\"@id\":\"https:\\\/\\\/www.fcbarcelonanoticias.com\\\/en\\\/transfers\\\/xavi-mysterious-with-continuity-jong-optimistic-with-gavi_280623_102.html#article\",\"isPartOf\":{\"@id\":\"https:\\\/\\\/www.fcbarcelonanoticias.com\\\/en\\\/transfers\\\/xavi-mysterious-with-continuity-jong-optimistic-with-gavi_280623_102.html\"},\"author\":{\"name\":\"Juan Pablo Berdugo\",\"@id\":\"https:\\\/\\\/www.fcbarcelonanoticias.com\\\/en\\\/#\\\/schema\\\/person\\\/88d756918a0a1ae9fa593b5edddd1815\"},\"headline\":\"Xavi, mysterious with De Jong&#8217;s continuity and optimistic with Gavi&#8217;s\",\"datePublished\":\"2022-05-25T15:36:00+00:00\",\"dateModified\":\"2026-04-16T08:08:03+00:00\",\"mainEntityOfPage\":{\"@id\":\"https:\\\/\\\/www.fcbarcelonanoticias.com\\\/en\\\/transfers\\\/xavi-mysterious-with-continuity-jong-optimistic-with-gavi_280623_102.html\"},\"wordCount\":523,\"image\":{\"@id\":\"https:\\\/\\\/www.fcbarcelonanoticias.com\\\/en\\\/transfers\\\/xavi-mysterious-with-continuity-jong-optimistic-with-gavi_280623_102.html#primaryimage\"},\"thumbnailUrl\":\"https:\\\/\\\/www.fcbarcelonanoticias.com\\\/en\\\/wp-content\\\/uploads\\\/sites\\\/2\\\/2022\\\/05\\\/xavi-hernandez-en-el-amistoso-ante.jpeg\",\"keywords\":[\"Xavi Hern\u00e1ndez\"],\"articleSection\":[\"Transfers\",\"Transfers\"],\"inLanguage\":\"en-US\"},{\"@type\":\"WebPage\",\"@id\":\"https:\\\/\\\/www.fcbarcelonanoticias.com\\\/en\\\/transfers\\\/xavi-mysterious-with-continuity-jong-optimistic-with-gavi_280623_102.html\",\"url\":\"https:\\\/\\\/www.fcbarcelonanoticias.com\\\/en\\\/transfers\\\/xavi-mysterious-with-continuity-jong-optimistic-with-gavi_280623_102.html\",\"name\":\"Xavi, mysterious with De Jong's continuity and optimistic with Gavi's\",\"isPartOf\":{\"@id\":\"https:\\\/\\\/www.fcbarcelonanoticias.com\\\/en\\\/#website\"},\"primaryImageOfPage\":{\"@id\":\"https:\\\/\\\/www.fcbarcelonanoticias.com\\\/en\\\/transfers\\\/xavi-mysterious-with-continuity-jong-optimistic-with-gavi_280623_102.html#primaryimage\"},\"image\":{\"@id\":\"https:\\\/\\\/www.fcbarcelonanoticias.com\\\/en\\\/transfers\\\/xavi-mysterious-with-continuity-jong-optimistic-with-gavi_280623_102.html#primaryimage\"},\"thumbnailUrl\":\"https:\\\/\\\/www.fcbarcelonanoticias.com\\\/en\\\/wp-content\\\/uploads\\\/sites\\\/2\\\/2022\\\/05\\\/xavi-hernandez-en-el-amistoso-ante.jpeg\",\"datePublished\":\"2022-05-25T15:36:00+00:00\",\"dateModified\":\"2026-04-16T08:08:03+00:00\",\"author\":{\"@id\":\"https:\\\/\\\/www.fcbarcelonanoticias.com\\\/en\\\/#\\\/schema\\\/person\\\/88d756918a0a1ae9fa593b5edddd1815\"},\"description\":\"After the friendly in front of the To-League All Star, Xavi Hern\u00e1ndez left some statements for Bar\u00e7a TV. In them, the trainer cul\u00e9 showed optimist with re...\",\"breadcrumb\":{\"@id\":\"https:\\\/\\\/www.fcbarcelonanoticias.com\\\/en\\\/transfers\\\/xavi-mysterious-with-continuity-jong-optimistic-with-gavi_280623_102.html#breadcrumb\"},\"inLanguage\":\"en-US\",\"potentialAction\":[{\"@type\":\"ReadAction\",\"target\":[\"https:\\\/\\\/www.fcbarcelonanoticias.com\\\/en\\\/transfers\\\/xavi-mysterious-with-continuity-jong-optimistic-with-gavi_280623_102.html\"]}]},{\"@type\":\"ImageObject\",\"inLanguage\":\"en-US\",\"@id\":\"https:\\\/\\\/www.fcbarcelonanoticias.com\\\/en\\\/transfers\\\/xavi-mysterious-with-continuity-jong-optimistic-with-gavi_280623_102.html#primaryimage\",\"url\":\"https:\\\/\\\/www.fcbarcelonanoticias.com\\\/en\\\/wp-content\\\/uploads\\\/sites\\\/2\\\/2022\\\/05\\\/xavi-hernandez-en-el-amistoso-ante.jpeg\",\"contentUrl\":\"https:\\\/\\\/www.fcbarcelonanoticias.com\\\/en\\\/wp-content\\\/uploads\\\/sites\\\/2\\\/2022\\\/05\\\/xavi-hernandez-en-el-amistoso-ante.jpeg\",\"width\":1300,\"height\":734},{\"@type\":\"BreadcrumbList\",\"@id\":\"https:\\\/\\\/www.fcbarcelonanoticias.com\\\/en\\\/transfers\\\/xavi-mysterious-with-continuity-jong-optimistic-with-gavi_280623_102.html#breadcrumb\",\"itemListElement\":[{\"@type\":\"ListItem\",\"position\":1,\"name\":\"Portada\",\"item\":\"https:\\\/\\\/www.fcbarcelonanoticias.com\\\/en\\\/\"},{\"@type\":\"ListItem\",\"position\":2,\"name\":\"Xavi, mysterious with De Jong&#8217;s continuity and optimistic with Gavi&#8217;s\"}]},{\"@type\":\"WebSite\",\"@id\":\"https:\\\/\\\/www.fcbarcelonanoticias.com\\\/en\\\/#website\",\"url\":\"https:\\\/\\\/www.fcbarcelonanoticias.com\\\/en\\\/\",\"name\":\"EN - FC Barcelona Noticias\",\"description\":\"\",\"potentialAction\":[{\"@type\":\"SearchAction\",\"target\":{\"@type\":\"EntryPoint\",\"urlTemplate\":\"https:\\\/\\\/www.fcbarcelonanoticias.com\\\/en\\\/?s={search_term_string}\"},\"query-input\":{\"@type\":\"PropertyValueSpecification\",\"valueRequired\":true,\"valueName\":\"search_term_string\"}}],\"inLanguage\":\"en-US\"},{\"@type\":\"Person\",\"@id\":\"https:\\\/\\\/www.fcbarcelonanoticias.com\\\/en\\\/#\\\/schema\\\/person\\\/88d756918a0a1ae9fa593b5edddd1815\",\"name\":\"Juan Pablo Berdugo\",\"image\":{\"@type\":\"ImageObject\",\"inLanguage\":\"en-US\",\"@id\":\"https:\\\/\\\/secure.gravatar.com\\\/avatar\\\/?s=96&d=mm&r=g\",\"url\":\"https:\\\/\\\/secure.gravatar.com\\\/avatar\\\/?s=96&d=mm&r=g\",\"contentUrl\":\"https:\\\/\\\/secure.gravatar.com\\\/avatar\\\/?s=96&d=mm&r=g\",\"caption\":\"Juan Pablo Berdugo\"},\"description\":\"Juan Pablo Berdugo es graduado en Periodismo. Colabora con FCBN como especialista en informaci\u00f3n del primer equipo del FC Barcelona, f\u00fatbol internacional y mercado de fichajes. Destaca por su enfoque anal\u00edtico, su rigor informativo y su capacidad para detectar tendencias emergentes en el f\u00fatbol global.\",\"url\":\"https:\\\/\\\/www.fcbarcelonanoticias.com\\\/en\\\/fc-barcelona\\\/juan-pablo-berdugo_18_115.html\"}]}<\/script>\n<!-- \/ Yoast SEO plugin. -->","yoast_head_json":{"title":"Xavi, mysterious with De Jong's continuity and optimistic with Gavi's","description":"After the friendly in front of the To-League All Star, Xavi Hern\u00e1ndez left some statements for Bar\u00e7a TV. In them, the trainer cul\u00e9 showed optimist with re...","robots":{"index":"index","follow":"follow","max-snippet":"max-snippet:-1","max-image-preview":"max-image-preview:large","max-video-preview":"max-video-preview:-1"},"canonical":"https:\/\/www.fcbarcelonanoticias.com\/en\/transfers\/xavi-mysterious-with-continuity-jong-optimistic-with-gavi_280623_102.html","og_locale":"en_US","og_type":"article","og_title":"Xavi, mysterious with De Jong's continuity and optimistic with Gavi's","og_description":"After the friendly in front of the To-League All Star, Xavi Hern\u00e1ndez left some statements for Bar\u00e7a TV. In them, the trainer cul\u00e9 showed optimist with re...","og_url":"https:\/\/www.fcbarcelonanoticias.com\/en\/transfers\/xavi-mysterious-with-continuity-jong-optimistic-with-gavi_280623_102.html","og_site_name":"EN - FC Barcelona Noticias","article_published_time":"2022-05-25T15:36:00+00:00","article_modified_time":"2026-04-16T08:08:03+00:00","og_image":[{"width":1300,"height":734,"url":"https:\/\/www.fcbarcelonanoticias.com\/en\/wp-content\/uploads\/sites\/2\/2022\/05\/xavi-hernandez-en-el-amistoso-ante.jpeg","type":"image\/jpeg"}],"author":"Juan Pablo Berdugo","twitter_card":"summary_large_image","twitter_misc":{"Written by":"Juan Pablo Berdugo","Est. reading time":"3 minutes"},"schema":{"@context":"https:\/\/schema.org","@graph":[{"@type":"Article","@id":"https:\/\/www.fcbarcelonanoticias.com\/en\/transfers\/xavi-mysterious-with-continuity-jong-optimistic-with-gavi_280623_102.html#article","isPartOf":{"@id":"https:\/\/www.fcbarcelonanoticias.com\/en\/transfers\/xavi-mysterious-with-continuity-jong-optimistic-with-gavi_280623_102.html"},"author":{"name":"Juan Pablo Berdugo","@id":"https:\/\/www.fcbarcelonanoticias.com\/en\/#\/schema\/person\/88d756918a0a1ae9fa593b5edddd1815"},"headline":"Xavi, mysterious with De Jong&#8217;s continuity and optimistic with Gavi&#8217;s","datePublished":"2022-05-25T15:36:00+00:00","dateModified":"2026-04-16T08:08:03+00:00","mainEntityOfPage":{"@id":"https:\/\/www.fcbarcelonanoticias.com\/en\/transfers\/xavi-mysterious-with-continuity-jong-optimistic-with-gavi_280623_102.html"},"wordCount":523,"image":{"@id":"https:\/\/www.fcbarcelonanoticias.com\/en\/transfers\/xavi-mysterious-with-continuity-jong-optimistic-with-gavi_280623_102.html#primaryimage"},"thumbnailUrl":"https:\/\/www.fcbarcelonanoticias.com\/en\/wp-content\/uploads\/sites\/2\/2022\/05\/xavi-hernandez-en-el-amistoso-ante.jpeg","keywords":["Xavi Hern\u00e1ndez"],"articleSection":["Transfers","Transfers"],"inLanguage":"en-US"},{"@type":"WebPage","@id":"https:\/\/www.fcbarcelonanoticias.com\/en\/transfers\/xavi-mysterious-with-continuity-jong-optimistic-with-gavi_280623_102.html","url":"https:\/\/www.fcbarcelonanoticias.com\/en\/transfers\/xavi-mysterious-with-continuity-jong-optimistic-with-gavi_280623_102.html","name":"Xavi, mysterious with De Jong's continuity and optimistic with Gavi's","isPartOf":{"@id":"https:\/\/www.fcbarcelonanoticias.com\/en\/#website"},"primaryImageOfPage":{"@id":"https:\/\/www.fcbarcelonanoticias.com\/en\/transfers\/xavi-mysterious-with-continuity-jong-optimistic-with-gavi_280623_102.html#primaryimage"},"image":{"@id":"https:\/\/www.fcbarcelonanoticias.com\/en\/transfers\/xavi-mysterious-with-continuity-jong-optimistic-with-gavi_280623_102.html#primaryimage"},"thumbnailUrl":"https:\/\/www.fcbarcelonanoticias.com\/en\/wp-content\/uploads\/sites\/2\/2022\/05\/xavi-hernandez-en-el-amistoso-ante.jpeg","datePublished":"2022-05-25T15:36:00+00:00","dateModified":"2026-04-16T08:08:03+00:00","author":{"@id":"https:\/\/www.fcbarcelonanoticias.com\/en\/#\/schema\/person\/88d756918a0a1ae9fa593b5edddd1815"},"description":"After the friendly in front of the To-League All Star, Xavi Hern\u00e1ndez left some statements for Bar\u00e7a TV. In them, the trainer cul\u00e9 showed optimist with re...","breadcrumb":{"@id":"https:\/\/www.fcbarcelonanoticias.com\/en\/transfers\/xavi-mysterious-with-continuity-jong-optimistic-with-gavi_280623_102.html#breadcrumb"},"inLanguage":"en-US","potentialAction":[{"@type":"ReadAction","target":["https:\/\/www.fcbarcelonanoticias.com\/en\/transfers\/xavi-mysterious-with-continuity-jong-optimistic-with-gavi_280623_102.html"]}]},{"@type":"ImageObject","inLanguage":"en-US","@id":"https:\/\/www.fcbarcelonanoticias.com\/en\/transfers\/xavi-mysterious-with-continuity-jong-optimistic-with-gavi_280623_102.html#primaryimage","url":"https:\/\/www.fcbarcelonanoticias.com\/en\/wp-content\/uploads\/sites\/2\/2022\/05\/xavi-hernandez-en-el-amistoso-ante.jpeg","contentUrl":"https:\/\/www.fcbarcelonanoticias.com\/en\/wp-content\/uploads\/sites\/2\/2022\/05\/xavi-hernandez-en-el-amistoso-ante.jpeg","width":1300,"height":734},{"@type":"BreadcrumbList","@id":"https:\/\/www.fcbarcelonanoticias.com\/en\/transfers\/xavi-mysterious-with-continuity-jong-optimistic-with-gavi_280623_102.html#breadcrumb","itemListElement":[{"@type":"ListItem","position":1,"name":"Portada","item":"https:\/\/www.fcbarcelonanoticias.com\/en\/"},{"@type":"ListItem","position":2,"name":"Xavi, mysterious with De Jong&#8217;s continuity and optimistic with Gavi&#8217;s"}]},{"@type":"WebSite","@id":"https:\/\/www.fcbarcelonanoticias.com\/en\/#website","url":"https:\/\/www.fcbarcelonanoticias.com\/en\/","name":"EN - FC Barcelona Noticias","description":"","potentialAction":[{"@type":"SearchAction","target":{"@type":"EntryPoint","urlTemplate":"https:\/\/www.fcbarcelonanoticias.com\/en\/?s={search_term_string}"},"query-input":{"@type":"PropertyValueSpecification","valueRequired":true,"valueName":"search_term_string"}}],"inLanguage":"en-US"},{"@type":"Person","@id":"https:\/\/www.fcbarcelonanoticias.com\/en\/#\/schema\/person\/88d756918a0a1ae9fa593b5edddd1815","name":"Juan Pablo Berdugo","image":{"@type":"ImageObject","inLanguage":"en-US","@id":"https:\/\/secure.gravatar.com\/avatar\/?s=96&d=mm&r=g","url":"https:\/\/secure.gravatar.com\/avatar\/?s=96&d=mm&r=g","contentUrl":"https:\/\/secure.gravatar.com\/avatar\/?s=96&d=mm&r=g","caption":"Juan Pablo Berdugo"},"description":"Juan Pablo Berdugo es graduado en Periodismo. Colabora con FCBN como especialista en informaci\u00f3n del primer equipo del FC Barcelona, f\u00fatbol internacional y mercado de fichajes. Destaca por su enfoque anal\u00edtico, su rigor informativo y su capacidad para detectar tendencias emergentes en el f\u00fatbol global.","url":"https:\/\/www.fcbarcelonanoticias.com\/en\/fc-barcelona\/juan-pablo-berdugo_18_115.html"}]}},"_links":{"self":[{"href":"https:\/\/www.fcbarcelonanoticias.com\/en\/wp-json\/wp\/v2\/posts\/144244","targetHints":{"allow":["GET"]}}],"collection":[{"href":"https:\/\/www.fcbarcelonanoticias.com\/en\/wp-json\/wp\/v2\/posts"}],"about":[{"href":"https:\/\/www.fcbarcelonanoticias.com\/en\/wp-json\/wp\/v2\/types\/post"}],"author":[{"embeddable":true,"href":"https:\/\/www.fcbarcelonanoticias.com\/en\/wp-json\/wp\/v2\/users\/358"}],"replies":[{"embeddable":true,"href":"https:\/\/www.fcbarcelonanoticias.com\/en\/wp-json\/wp\/v2\/comments?post=144244"}],"version-history":[{"count":2,"href":"https:\/\/www.fcbarcelonanoticias.com\/en\/wp-json\/wp\/v2\/posts\/144244\/revisions"}],"predecessor-version":[{"id":185385,"href":"https:\/\/www.fcbarcelonanoticias.com\/en\/wp-json\/wp\/v2\/posts\/144244\/revisions\/185385"}],"wp:featuredmedia":[{"embeddable":true,"href":"https:\/\/www.fcbarcelonanoticias.com\/en\/wp-json\/wp\/v2\/media\/144250"}],"wp:attachment":[{"href":"https:\/\/www.fcbarcelonanoticias.com\/en\/wp-json\/wp\/v2\/media?parent=144244"}],"wp:term":[{"taxonomy":"category","embeddable":true,"href":"https:\/\/www.fcbarcelonanoticias.com\/en\/wp-json\/wp\/v2\/categories?post=144244"},{"taxonomy":"post_tag","embeddable":true,"href":"https:\/\/www.fcbarcelonanoticias.com\/en\/wp-json\/wp\/v2\/tags?post=144244"}],"curies":[{"name":"wp","href":"https:\/\/api.w.org\/{rel}","templated":true}]}}