{"id":144247,"date":"2024-01-08T13:29:00","date_gmt":"2024-01-08T12:29:00","guid":{"rendered":"https:\/\/weisetech.dev\/fc-barcelona-noticias\/en\/there-is-not-agreement-the-surroundings-of-mbappe-wet-and-leaves-to-fall-dart-to-madrid_299710_102\/"},"modified":"2024-01-08T14:42:00","modified_gmt":"2024-01-08T13:42:00","slug":"there-is-not-agreement-the-surroundings-of-mbappe-wet-and-leaves-to-fall-dart-to-madrid_299710_102","status":"publish","type":"post","link":"https:\/\/www.fcbarcelonanoticias.com\/en\/transfers\/there-is-not-agreement-the-surroundings-of-mbappe-wet-and-leaves-to-fall-dart-to-madrid_299710_102.html","title":{"rendered":"There is no agreement! Mbapp\u00e9&#8217;s entourage gets &#8216;wet&#8217; and drops a &#8216;dart&#8217; on Madrid"},"content":{"rendered":"<h2 class=\"wp-block-heading\">The novel of Kylian Mbapp\u00e9 and his future will have a new chapter in this 2024 and does not seem that it can close pr\u00f3ximamente, especially with the new posture showed by the own surroundings of the player<\/h2>  \r\n<div class=\"article-addons\">\r\n    <a href=\"https:\/\/www.fcbarcelonanoticias.com\/en\/calendar-fc-barcelona.html\"\r\n       target=\"_self\"\r\n       title=\"Calendar of FC Barcelona\"\r\n       class=\"blue-gredient-btn\">\r\n       \r\n        Calendar of FC Barcelona    <\/a>\r\n<\/div>   <p>The past weekend has been very moved regarding informations on the future of Kylian Mbapp\u00e9. First, <strong>&#8216;The Times&#8217; ensured that the forward <a data-external=\"0\" data-intl-links-en=\"https:\/\/www.fcbarcelonanoticias.com\/en\/real-madrid\/mbappe-could-have-planted-real-madrid-for-the-umpteenth-time_299689_102.html\" data-intl-links-es=\"https:\/\/www.fcbarcelonanoticias.com\/real-madrid\/mbappe-podria-haber-plantado-real-madrid-por-enesima-vez_299689_102.html\" href=\"https:\/\/www.fcbarcelonanoticias.com\/en\/real-madrid\/mbappe-could-have-planted-real-madrid-for-the-umpteenth-time_299689_102.html\" rel=\"follow\" target=\"_self\" title=\"Mbapp\u00e9 podr\u00eda haber 'plantado' al Real Madrid por en\u00e9sima vez\">thought also in the Premier League<\/a> like an alternative to play the next season and would consider &#8216;plant&#8217; <a data-external=\"0\" data-intl-links-en=\"https:\/\/www.fcbarcelonanoticias.com\/en\/copa-del-rey\/real-madrid-resolves-in-three-sparks-its-classification-eighth-cup-1-3_299668_102.html\" data-intl-links-es=\"https:\/\/www.fcbarcelonanoticias.com\/copa-del-rey\/real-madrid-resuelve-en-tres-chispazos-su-clasificacion-octavos-copa-1-3_299668_102.html\" href=\"https:\/\/www.fcbarcelonanoticias.com\/en\/copa-del-rey\/real-madrid-resolves-in-three-sparks-its-classification-eighth-cup-1-3_299668_102.html\" rel=\"follow\" target=\"_self\" title=\"El Real Madrid resuelve en tres chispazos su clasificaci\u00f3n a octavos de Copa (1-3)\">to the Real Madrid<\/a> once again, and later,<\/strong> &#8216;Footmercato&#8217; explained all the contrary, ensuring even that the agreement between the Frenchman and Florentino P\u00e9rez already would be closed.<\/p>  <p>Both versions would have something of true, or in his defect would lack any type of veracity since this Monday the surroundings of Mbapp\u00e9 has decided to pronounce through &#8216;RMC Sports&#8217;. The half French aims that <strong>from the family -and agency- of the forward have ensured that it does not exist any type of agreement between Kylian and another club by the moment and that even do not exist conversations on his future right now.<\/strong><\/p>  <p>However, from the side of the still player of Paris Saint-Germain have decided to go further and leave a &#8216;stick&#8217; for the Madrid when ensuring that it does not exist &#8220;any type of influence&#8221; to the hour to dictate the moment of the discussions and decisions of Kylian. <strong>Like this, it seems to remain clear that the goleador of 25 years will not leave presionar by a possible deadline of 15 January that some informations have suggested from the surroundings that covers the actuality of the white group. <\/strong><\/p>  <p><strong>(Developing news)&#8230;<\/strong><\/p> ","protected":false},"excerpt":{"rendered":"<p>The novel of Kylian Mbapp\u00e9 and his future will have a new chapter in this 2024 and does not seem that it can close pr\u00f3ximamente, especially with the new posture showed by the own surroundings of the player The past weekend has been very moved regarding informations on the future of Kylian Mbapp\u00e9. First, &#8216;The [&hellip;]<\/p>\n","protected":false},"author":345,"featured_media":144254,"comment_status":"closed","ping_status":"open","sticky":false,"template":"","format":"standard","meta":{"_acf_changed":false,"inline_featured_image":false,"_nextfly_llmd_date_locked":false,"footnotes":""},"categories":[449,106],"tags":[177,171,88],"class_list":["post-144247","post","type-post","status-publish","format-standard","has-post-thumbnail","hentry","category-transfers-2","category-transfers","tag-florentino-perez","tag-mbappe","tag-paris-saint-germain"],"acf":[],"yoast_head":"<!-- This site is optimized with the Yoast SEO plugin v27.3 - https:\/\/yoast.com\/product\/yoast-seo-wordpress\/ -->\n<title>There is no agreement! Mbapp\u00e9&#039;s entourage gets &#039;wet&#039; and drops a &#039;dart&#039; on Madrid<\/title>\n<meta name=\"description\" content=\"The novel of Kylian Mbapp\u00e9 and his future will have a new chapter in this 2024 and does not seem that it can close pr\u00f3ximamente, especially with the new posture showed by the own surroundings of the player\" \/>\n<meta name=\"robots\" content=\"index, follow, max-snippet:-1, max-image-preview:large, max-video-preview:-1\" \/>\n<link rel=\"canonical\" href=\"https:\/\/www.fcbarcelonanoticias.com\/en\/transfers\/there-is-not-agreement-the-surroundings-of-mbappe-wet-and-leaves-to-fall-dart-to-madrid_299710_102.html\" \/>\n<meta property=\"og:locale\" content=\"en_US\" \/>\n<meta property=\"og:type\" content=\"article\" \/>\n<meta property=\"og:title\" content=\"There is no agreement! Mbapp\u00e9&#039;s entourage gets &#039;wet&#039; and drops a &#039;dart&#039; on Madrid\" \/>\n<meta property=\"og:description\" content=\"The novel of Kylian Mbapp\u00e9 and his future will have a new chapter in this 2024 and does not seem that it can close pr\u00f3ximamente, especially with the new posture showed by the own surroundings of the player\" \/>\n<meta property=\"og:url\" content=\"https:\/\/www.fcbarcelonanoticias.com\/en\/transfers\/there-is-not-agreement-the-surroundings-of-mbappe-wet-and-leaves-to-fall-dart-to-madrid_299710_102.html\" \/>\n<meta property=\"og:site_name\" content=\"EN - FC Barcelona Noticias\" \/>\n<meta property=\"article:published_time\" content=\"2024-01-08T12:29:00+00:00\" \/>\n<meta property=\"article:modified_time\" content=\"2024-01-08T13:42:00+00:00\" \/>\n<meta property=\"og:image\" content=\"https:\/\/www.fcbarcelonanoticias.com\/en\/wp-content\/uploads\/sites\/2\/2024\/01\/kyian-mbappe-en-la-gala-del-balon-de-oro.jpeg\" \/>\n\t<meta property=\"og:image:width\" content=\"1200\" \/>\n\t<meta property=\"og:image:height\" content=\"675\" \/>\n\t<meta property=\"og:image:type\" content=\"image\/jpeg\" \/>\n<meta name=\"author\" content=\"Carlos Montenegro\" \/>\n<meta name=\"twitter:card\" content=\"summary_large_image\" \/>\n<meta name=\"twitter:label1\" content=\"Written by\" \/>\n\t<meta name=\"twitter:data1\" content=\"Carlos Montenegro\" \/>\n\t<meta name=\"twitter:label2\" content=\"Est. reading time\" \/>\n\t<meta name=\"twitter:data2\" content=\"1 minute\" \/>\n<script type=\"application\/ld+json\" class=\"yoast-schema-graph\">{\"@context\":\"https:\\\/\\\/schema.org\",\"@graph\":[{\"@type\":\"Article\",\"@id\":\"https:\\\/\\\/www.fcbarcelonanoticias.com\\\/en\\\/transfers\\\/there-is-not-agreement-the-surroundings-of-mbappe-wet-and-leaves-to-fall-dart-to-madrid_299710_102.html#article\",\"isPartOf\":{\"@id\":\"https:\\\/\\\/www.fcbarcelonanoticias.com\\\/en\\\/transfers\\\/there-is-not-agreement-the-surroundings-of-mbappe-wet-and-leaves-to-fall-dart-to-madrid_299710_102.html\"},\"author\":{\"name\":\"Carlos Montenegro\",\"@id\":\"https:\\\/\\\/www.fcbarcelonanoticias.com\\\/en\\\/#\\\/schema\\\/person\\\/aa1d038709c262cb247e240f6b39bbf5\"},\"headline\":\"There is no agreement! Mbapp\u00e9&#8217;s entourage gets &#8216;wet&#8217; and drops a &#8216;dart&#8217; on Madrid\",\"datePublished\":\"2024-01-08T12:29:00+00:00\",\"dateModified\":\"2024-01-08T13:42:00+00:00\",\"mainEntityOfPage\":{\"@id\":\"https:\\\/\\\/www.fcbarcelonanoticias.com\\\/en\\\/transfers\\\/there-is-not-agreement-the-surroundings-of-mbappe-wet-and-leaves-to-fall-dart-to-madrid_299710_102.html\"},\"wordCount\":285,\"image\":{\"@id\":\"https:\\\/\\\/www.fcbarcelonanoticias.com\\\/en\\\/transfers\\\/there-is-not-agreement-the-surroundings-of-mbappe-wet-and-leaves-to-fall-dart-to-madrid_299710_102.html#primaryimage\"},\"thumbnailUrl\":\"https:\\\/\\\/www.fcbarcelonanoticias.com\\\/en\\\/wp-content\\\/uploads\\\/sites\\\/2\\\/2024\\\/01\\\/kyian-mbappe-en-la-gala-del-balon-de-oro.jpeg\",\"keywords\":[\"Florentino P\u00e9rez\",\"Mbapp\u00e9\",\"Paris Saint-Germain\"],\"articleSection\":[\"Transfers\",\"Transfers\"],\"inLanguage\":\"en-US\"},{\"@type\":\"WebPage\",\"@id\":\"https:\\\/\\\/www.fcbarcelonanoticias.com\\\/en\\\/transfers\\\/there-is-not-agreement-the-surroundings-of-mbappe-wet-and-leaves-to-fall-dart-to-madrid_299710_102.html\",\"url\":\"https:\\\/\\\/www.fcbarcelonanoticias.com\\\/en\\\/transfers\\\/there-is-not-agreement-the-surroundings-of-mbappe-wet-and-leaves-to-fall-dart-to-madrid_299710_102.html\",\"name\":\"There is no agreement! Mbapp\u00e9's entourage gets 'wet' and drops a 'dart' on Madrid\",\"isPartOf\":{\"@id\":\"https:\\\/\\\/www.fcbarcelonanoticias.com\\\/en\\\/#website\"},\"primaryImageOfPage\":{\"@id\":\"https:\\\/\\\/www.fcbarcelonanoticias.com\\\/en\\\/transfers\\\/there-is-not-agreement-the-surroundings-of-mbappe-wet-and-leaves-to-fall-dart-to-madrid_299710_102.html#primaryimage\"},\"image\":{\"@id\":\"https:\\\/\\\/www.fcbarcelonanoticias.com\\\/en\\\/transfers\\\/there-is-not-agreement-the-surroundings-of-mbappe-wet-and-leaves-to-fall-dart-to-madrid_299710_102.html#primaryimage\"},\"thumbnailUrl\":\"https:\\\/\\\/www.fcbarcelonanoticias.com\\\/en\\\/wp-content\\\/uploads\\\/sites\\\/2\\\/2024\\\/01\\\/kyian-mbappe-en-la-gala-del-balon-de-oro.jpeg\",\"datePublished\":\"2024-01-08T12:29:00+00:00\",\"dateModified\":\"2024-01-08T13:42:00+00:00\",\"author\":{\"@id\":\"https:\\\/\\\/www.fcbarcelonanoticias.com\\\/en\\\/#\\\/schema\\\/person\\\/aa1d038709c262cb247e240f6b39bbf5\"},\"description\":\"The novel of Kylian Mbapp\u00e9 and his future will have a new chapter in this 2024 and does not seem that it can close pr\u00f3ximamente, especially with the new posture showed by the own surroundings of the player\",\"breadcrumb\":{\"@id\":\"https:\\\/\\\/www.fcbarcelonanoticias.com\\\/en\\\/transfers\\\/there-is-not-agreement-the-surroundings-of-mbappe-wet-and-leaves-to-fall-dart-to-madrid_299710_102.html#breadcrumb\"},\"inLanguage\":\"en-US\",\"potentialAction\":[{\"@type\":\"ReadAction\",\"target\":[\"https:\\\/\\\/www.fcbarcelonanoticias.com\\\/en\\\/transfers\\\/there-is-not-agreement-the-surroundings-of-mbappe-wet-and-leaves-to-fall-dart-to-madrid_299710_102.html\"]}]},{\"@type\":\"ImageObject\",\"inLanguage\":\"en-US\",\"@id\":\"https:\\\/\\\/www.fcbarcelonanoticias.com\\\/en\\\/transfers\\\/there-is-not-agreement-the-surroundings-of-mbappe-wet-and-leaves-to-fall-dart-to-madrid_299710_102.html#primaryimage\",\"url\":\"https:\\\/\\\/www.fcbarcelonanoticias.com\\\/en\\\/wp-content\\\/uploads\\\/sites\\\/2\\\/2024\\\/01\\\/kyian-mbappe-en-la-gala-del-balon-de-oro.jpeg\",\"contentUrl\":\"https:\\\/\\\/www.fcbarcelonanoticias.com\\\/en\\\/wp-content\\\/uploads\\\/sites\\\/2\\\/2024\\\/01\\\/kyian-mbappe-en-la-gala-del-balon-de-oro.jpeg\",\"width\":1200,\"height\":675},{\"@type\":\"BreadcrumbList\",\"@id\":\"https:\\\/\\\/www.fcbarcelonanoticias.com\\\/en\\\/transfers\\\/there-is-not-agreement-the-surroundings-of-mbappe-wet-and-leaves-to-fall-dart-to-madrid_299710_102.html#breadcrumb\",\"itemListElement\":[{\"@type\":\"ListItem\",\"position\":1,\"name\":\"Portada\",\"item\":\"https:\\\/\\\/www.fcbarcelonanoticias.com\\\/en\\\/\"},{\"@type\":\"ListItem\",\"position\":2,\"name\":\"There is no agreement! Mbapp\u00e9&#8217;s entourage gets &#8216;wet&#8217; and drops a &#8216;dart&#8217; on Madrid\"}]},{\"@type\":\"WebSite\",\"@id\":\"https:\\\/\\\/www.fcbarcelonanoticias.com\\\/en\\\/#website\",\"url\":\"https:\\\/\\\/www.fcbarcelonanoticias.com\\\/en\\\/\",\"name\":\"EN - FC Barcelona Noticias\",\"description\":\"\",\"potentialAction\":[{\"@type\":\"SearchAction\",\"target\":{\"@type\":\"EntryPoint\",\"urlTemplate\":\"https:\\\/\\\/www.fcbarcelonanoticias.com\\\/en\\\/?s={search_term_string}\"},\"query-input\":{\"@type\":\"PropertyValueSpecification\",\"valueRequired\":true,\"valueName\":\"search_term_string\"}}],\"inLanguage\":\"en-US\"},{\"@type\":\"Person\",\"@id\":\"https:\\\/\\\/www.fcbarcelonanoticias.com\\\/en\\\/#\\\/schema\\\/person\\\/aa1d038709c262cb247e240f6b39bbf5\",\"name\":\"Carlos Montenegro\",\"image\":{\"@type\":\"ImageObject\",\"inLanguage\":\"en-US\",\"@id\":\"https:\\\/\\\/secure.gravatar.com\\\/avatar\\\/?s=96&d=mm&r=g\",\"url\":\"https:\\\/\\\/secure.gravatar.com\\\/avatar\\\/?s=96&d=mm&r=g\",\"contentUrl\":\"https:\\\/\\\/secure.gravatar.com\\\/avatar\\\/?s=96&d=mm&r=g\",\"caption\":\"Carlos Montenegro\"},\"url\":\"https:\\\/\\\/www.fcbarcelonanoticias.com\\\/en\\\/carlos-montenegro_20_115.html\"}]}<\/script>\n<!-- \/ Yoast SEO plugin. -->","yoast_head_json":{"title":"There is no agreement! Mbapp\u00e9's entourage gets 'wet' and drops a 'dart' on Madrid","description":"The novel of Kylian Mbapp\u00e9 and his future will have a new chapter in this 2024 and does not seem that it can close pr\u00f3ximamente, especially with the new posture showed by the own surroundings of the player","robots":{"index":"index","follow":"follow","max-snippet":"max-snippet:-1","max-image-preview":"max-image-preview:large","max-video-preview":"max-video-preview:-1"},"canonical":"https:\/\/www.fcbarcelonanoticias.com\/en\/transfers\/there-is-not-agreement-the-surroundings-of-mbappe-wet-and-leaves-to-fall-dart-to-madrid_299710_102.html","og_locale":"en_US","og_type":"article","og_title":"There is no agreement! Mbapp\u00e9's entourage gets 'wet' and drops a 'dart' on Madrid","og_description":"The novel of Kylian Mbapp\u00e9 and his future will have a new chapter in this 2024 and does not seem that it can close pr\u00f3ximamente, especially with the new posture showed by the own surroundings of the player","og_url":"https:\/\/www.fcbarcelonanoticias.com\/en\/transfers\/there-is-not-agreement-the-surroundings-of-mbappe-wet-and-leaves-to-fall-dart-to-madrid_299710_102.html","og_site_name":"EN - FC Barcelona Noticias","article_published_time":"2024-01-08T12:29:00+00:00","article_modified_time":"2024-01-08T13:42:00+00:00","og_image":[{"width":1200,"height":675,"url":"https:\/\/www.fcbarcelonanoticias.com\/en\/wp-content\/uploads\/sites\/2\/2024\/01\/kyian-mbappe-en-la-gala-del-balon-de-oro.jpeg","type":"image\/jpeg"}],"author":"Carlos Montenegro","twitter_card":"summary_large_image","twitter_misc":{"Written by":"Carlos Montenegro","Est. reading time":"1 minute"},"schema":{"@context":"https:\/\/schema.org","@graph":[{"@type":"Article","@id":"https:\/\/www.fcbarcelonanoticias.com\/en\/transfers\/there-is-not-agreement-the-surroundings-of-mbappe-wet-and-leaves-to-fall-dart-to-madrid_299710_102.html#article","isPartOf":{"@id":"https:\/\/www.fcbarcelonanoticias.com\/en\/transfers\/there-is-not-agreement-the-surroundings-of-mbappe-wet-and-leaves-to-fall-dart-to-madrid_299710_102.html"},"author":{"name":"Carlos Montenegro","@id":"https:\/\/www.fcbarcelonanoticias.com\/en\/#\/schema\/person\/aa1d038709c262cb247e240f6b39bbf5"},"headline":"There is no agreement! Mbapp\u00e9&#8217;s entourage gets &#8216;wet&#8217; and drops a &#8216;dart&#8217; on Madrid","datePublished":"2024-01-08T12:29:00+00:00","dateModified":"2024-01-08T13:42:00+00:00","mainEntityOfPage":{"@id":"https:\/\/www.fcbarcelonanoticias.com\/en\/transfers\/there-is-not-agreement-the-surroundings-of-mbappe-wet-and-leaves-to-fall-dart-to-madrid_299710_102.html"},"wordCount":285,"image":{"@id":"https:\/\/www.fcbarcelonanoticias.com\/en\/transfers\/there-is-not-agreement-the-surroundings-of-mbappe-wet-and-leaves-to-fall-dart-to-madrid_299710_102.html#primaryimage"},"thumbnailUrl":"https:\/\/www.fcbarcelonanoticias.com\/en\/wp-content\/uploads\/sites\/2\/2024\/01\/kyian-mbappe-en-la-gala-del-balon-de-oro.jpeg","keywords":["Florentino P\u00e9rez","Mbapp\u00e9","Paris Saint-Germain"],"articleSection":["Transfers","Transfers"],"inLanguage":"en-US"},{"@type":"WebPage","@id":"https:\/\/www.fcbarcelonanoticias.com\/en\/transfers\/there-is-not-agreement-the-surroundings-of-mbappe-wet-and-leaves-to-fall-dart-to-madrid_299710_102.html","url":"https:\/\/www.fcbarcelonanoticias.com\/en\/transfers\/there-is-not-agreement-the-surroundings-of-mbappe-wet-and-leaves-to-fall-dart-to-madrid_299710_102.html","name":"There is no agreement! Mbapp\u00e9's entourage gets 'wet' and drops a 'dart' on Madrid","isPartOf":{"@id":"https:\/\/www.fcbarcelonanoticias.com\/en\/#website"},"primaryImageOfPage":{"@id":"https:\/\/www.fcbarcelonanoticias.com\/en\/transfers\/there-is-not-agreement-the-surroundings-of-mbappe-wet-and-leaves-to-fall-dart-to-madrid_299710_102.html#primaryimage"},"image":{"@id":"https:\/\/www.fcbarcelonanoticias.com\/en\/transfers\/there-is-not-agreement-the-surroundings-of-mbappe-wet-and-leaves-to-fall-dart-to-madrid_299710_102.html#primaryimage"},"thumbnailUrl":"https:\/\/www.fcbarcelonanoticias.com\/en\/wp-content\/uploads\/sites\/2\/2024\/01\/kyian-mbappe-en-la-gala-del-balon-de-oro.jpeg","datePublished":"2024-01-08T12:29:00+00:00","dateModified":"2024-01-08T13:42:00+00:00","author":{"@id":"https:\/\/www.fcbarcelonanoticias.com\/en\/#\/schema\/person\/aa1d038709c262cb247e240f6b39bbf5"},"description":"The novel of Kylian Mbapp\u00e9 and his future will have a new chapter in this 2024 and does not seem that it can close pr\u00f3ximamente, especially with the new posture showed by the own surroundings of the player","breadcrumb":{"@id":"https:\/\/www.fcbarcelonanoticias.com\/en\/transfers\/there-is-not-agreement-the-surroundings-of-mbappe-wet-and-leaves-to-fall-dart-to-madrid_299710_102.html#breadcrumb"},"inLanguage":"en-US","potentialAction":[{"@type":"ReadAction","target":["https:\/\/www.fcbarcelonanoticias.com\/en\/transfers\/there-is-not-agreement-the-surroundings-of-mbappe-wet-and-leaves-to-fall-dart-to-madrid_299710_102.html"]}]},{"@type":"ImageObject","inLanguage":"en-US","@id":"https:\/\/www.fcbarcelonanoticias.com\/en\/transfers\/there-is-not-agreement-the-surroundings-of-mbappe-wet-and-leaves-to-fall-dart-to-madrid_299710_102.html#primaryimage","url":"https:\/\/www.fcbarcelonanoticias.com\/en\/wp-content\/uploads\/sites\/2\/2024\/01\/kyian-mbappe-en-la-gala-del-balon-de-oro.jpeg","contentUrl":"https:\/\/www.fcbarcelonanoticias.com\/en\/wp-content\/uploads\/sites\/2\/2024\/01\/kyian-mbappe-en-la-gala-del-balon-de-oro.jpeg","width":1200,"height":675},{"@type":"BreadcrumbList","@id":"https:\/\/www.fcbarcelonanoticias.com\/en\/transfers\/there-is-not-agreement-the-surroundings-of-mbappe-wet-and-leaves-to-fall-dart-to-madrid_299710_102.html#breadcrumb","itemListElement":[{"@type":"ListItem","position":1,"name":"Portada","item":"https:\/\/www.fcbarcelonanoticias.com\/en\/"},{"@type":"ListItem","position":2,"name":"There is no agreement! Mbapp\u00e9&#8217;s entourage gets &#8216;wet&#8217; and drops a &#8216;dart&#8217; on Madrid"}]},{"@type":"WebSite","@id":"https:\/\/www.fcbarcelonanoticias.com\/en\/#website","url":"https:\/\/www.fcbarcelonanoticias.com\/en\/","name":"EN - FC Barcelona Noticias","description":"","potentialAction":[{"@type":"SearchAction","target":{"@type":"EntryPoint","urlTemplate":"https:\/\/www.fcbarcelonanoticias.com\/en\/?s={search_term_string}"},"query-input":{"@type":"PropertyValueSpecification","valueRequired":true,"valueName":"search_term_string"}}],"inLanguage":"en-US"},{"@type":"Person","@id":"https:\/\/www.fcbarcelonanoticias.com\/en\/#\/schema\/person\/aa1d038709c262cb247e240f6b39bbf5","name":"Carlos Montenegro","image":{"@type":"ImageObject","inLanguage":"en-US","@id":"https:\/\/secure.gravatar.com\/avatar\/?s=96&d=mm&r=g","url":"https:\/\/secure.gravatar.com\/avatar\/?s=96&d=mm&r=g","contentUrl":"https:\/\/secure.gravatar.com\/avatar\/?s=96&d=mm&r=g","caption":"Carlos Montenegro"},"url":"https:\/\/www.fcbarcelonanoticias.com\/en\/carlos-montenegro_20_115.html"}]}},"_links":{"self":[{"href":"https:\/\/www.fcbarcelonanoticias.com\/en\/wp-json\/wp\/v2\/posts\/144247","targetHints":{"allow":["GET"]}}],"collection":[{"href":"https:\/\/www.fcbarcelonanoticias.com\/en\/wp-json\/wp\/v2\/posts"}],"about":[{"href":"https:\/\/www.fcbarcelonanoticias.com\/en\/wp-json\/wp\/v2\/types\/post"}],"author":[{"embeddable":true,"href":"https:\/\/www.fcbarcelonanoticias.com\/en\/wp-json\/wp\/v2\/users\/345"}],"replies":[{"embeddable":true,"href":"https:\/\/www.fcbarcelonanoticias.com\/en\/wp-json\/wp\/v2\/comments?post=144247"}],"version-history":[{"count":1,"href":"https:\/\/www.fcbarcelonanoticias.com\/en\/wp-json\/wp\/v2\/posts\/144247\/revisions"}],"predecessor-version":[{"id":155317,"href":"https:\/\/www.fcbarcelonanoticias.com\/en\/wp-json\/wp\/v2\/posts\/144247\/revisions\/155317"}],"wp:featuredmedia":[{"embeddable":true,"href":"https:\/\/www.fcbarcelonanoticias.com\/en\/wp-json\/wp\/v2\/media\/144254"}],"wp:attachment":[{"href":"https:\/\/www.fcbarcelonanoticias.com\/en\/wp-json\/wp\/v2\/media?parent=144247"}],"wp:term":[{"taxonomy":"category","embeddable":true,"href":"https:\/\/www.fcbarcelonanoticias.com\/en\/wp-json\/wp\/v2\/categories?post=144247"},{"taxonomy":"post_tag","embeddable":true,"href":"https:\/\/www.fcbarcelonanoticias.com\/en\/wp-json\/wp\/v2\/tags?post=144247"}],"curies":[{"name":"wp","href":"https:\/\/api.w.org\/{rel}","templated":true}]}}