{"id":144272,"date":"2023-05-12T14:48:00","date_gmt":"2023-05-12T12:48:00","guid":{"rendered":"https:\/\/weisetech.dev\/fc-barcelona-noticias\/en\/xavi-makes-it-clear-to-barca-leo-messi-and-zubimendi-his-great-objectives_292306_102\/"},"modified":"2023-05-12T20:44:00","modified_gmt":"2023-05-12T18:44:00","slug":"xavi-makes-it-clear-to-barca-leo-messi-and-zubimendi-his-great-objectives_292306_102","status":"publish","type":"post","link":"https:\/\/www.fcbarcelonanoticias.com\/en\/transfers\/xavi-makes-it-clear-to-barca-leo-messi-and-zubimendi-his-great-objectives_292306_102.html","title":{"rendered":"Xavi makes it clear to Bar\u00e7a: Leo Messi and Zubimendi, his great objectives"},"content":{"rendered":"<h2 class=\"wp-block-heading\">One of the priorities of Xavi Hern\u00e1ndez for the summer will be the midfielder, a place that Sergio Busquets will leave free and with which the coach believes he needs to find a profile similar to the still Bar\u00e7a captain<\/h2>  \r\n<div class=\"article-addons\">\r\n    <a href=\"https:\/\/www.fcbarcelonanoticias.com\/en\/calendar-fc-barcelona.html\"\r\n       target=\"_self\"\r\n       title=\"Calendar of FC Barcelona\"\r\n       class=\"blue-gredient-btn\">\r\n       \r\n        Calendar of FC Barcelona    <\/a>\r\n<\/div>   <p>With the title of League increasingly near for the FC Barcelona, the cul\u00e9s want to go preparing for what will come the following course and a lot of of this planning goes through to reinforce the staff with some important names. Taking into account that the team cul\u00e9 needs to do also the registration of his new agreements, as the ones of Gavi, Ara\u00fajo or Sergi Roberto, <strong>more the renewal of Balde and Demb\u00e9l\u00e9<\/strong>, the technical body needs to prioritise the zones of the field that will improve.<\/p>  <p>It is thus that &#8216;Sportive World&#8217; signals that Xavi Hern\u00e1ndez has aimed to Leo Messi and Mart\u00edn Zubimendi like his maximum priorities, giving like this a jump of quality in the midfield and in the line of attack. In the case of the Argentinian remains little for saying, <strong>almost ensures near of 50 participations of goal by season<\/strong> and besides will be able to assume like the captain of the staff and add a leadership that will lose with the exit of Busquets.<\/p>  <h2>The technical body wants to centre in few names<\/h2>  <p>Already of the another side the figure of the mediocentro is key for the project and considers that Zubimendi is the footballer with the profile more resembled Busi that there is in the market. Also <a data-external=\"0\" data-intl-links-en=\"https:\/\/www.fcbarcelonanoticias.com\/en\/transfers\/in-italy-they-already-suspect-possible-signing-amrabat-by-fc-barcelona_292303_102.html\" data-intl-links-es=\"https:\/\/www.fcbarcelonanoticias.com\/fichajes\/en-italia-ya-sospechan-posible-fichaje-amrabat-por-fc-barcelona_292303_102.html\" href=\"https:\/\/www.fcbarcelonanoticias.com\/en\/transfers\/in-italy-they-already-suspect-possible-signing-amrabat-by-fc-barcelona_292303_102.html\" rel=\"follow\" target=\"_self\" title=\"En Italia ya sospechan del posible fichaje de Amrabat por el FC Barcelona\">it has in good consideration to Amrabat<\/a>, pivote of the Fiorentina, and in minor measured the b\u00e9tico Guido Rodr\u00edguez, <strong>but the favourite is the midfield player of the Real Sociedad, but also the most complicated option.<\/strong><\/p>  <p>Until day of today, the Basque has left clear that does not have intention to go out of the team of San Sebasti\u00e1n. Although the player, in an interview made with &#8216;Post United&#8217; ensured that &#8220;my idol is Busquets&#8221; and the mate with which would like him play is &#8220;Leo Messi&#8221;. <strong>The player has the enclosed doors to an exit of the team of Guipuzcoa, but if the Bar\u00e7a brings a strong offer, upper to the 50 millions, know that it can have possibilities.<\/strong><\/p>  <h2>Win on the one hand and lose a bit by another<\/h2>  <p>The player donostiarra has agreement with the Real until 2027 and a clause of rescission of 60 million euros, <strong>by what technical body has to consider that this possible big economic effort would mean practically fichar only to the pivote. <\/strong>The operation could leave to the cul\u00e9s without a right side, in addition to limiting his possibilities <a data-external=\"0\" data-intl-links-en=\"https:\/\/www.fcbarcelonanoticias.com\/en\/transfers\/barca-can-surprise-in-summer-with-market-target_292279_102.html\" data-intl-links-es=\"https:\/\/www.fcbarcelonanoticias.com\/fichajes\/barcelona-puede-sorprender-en-verano-con-objetivo-de-mercado_292279_102.html\" href=\"https:\/\/www.fcbarcelonanoticias.com\/en\/transfers\/barca-can-surprise-in-summer-with-market-target_292279_102.html\" rel=\"follow\" target=\"_self\" title=\"El Bar\u00e7a puede sorprender en verano con un objetivo&nbsp;de&nbsp;mercado\">with regard to the left extreme<\/a>.<\/p> ","protected":false},"excerpt":{"rendered":"<p>One of the priorities of Xavi Hern\u00e1ndez for the summer will be the midfielder, a place that Sergio Busquets will leave free and with which the coach believes he needs to find a profile similar to the still Bar\u00e7a captain With the title of League increasingly near for the FC Barcelona, the cul\u00e9s want to [&hellip;]<\/p>\n","protected":false},"author":345,"featured_media":144280,"comment_status":"closed","ping_status":"open","sticky":false,"template":"","format":"standard","meta":{"_acf_changed":false,"inline_featured_image":false,"_nextfly_llmd_date_locked":false,"footnotes":""},"categories":[449,106],"tags":[158,166,48],"class_list":["post-144272","post","type-post","status-publish","format-standard","has-post-thumbnail","hentry","category-transfers-2","category-transfers","tag-joan-laporta","tag-sergio-busquets","tag-xavi-hernandez"],"acf":[],"yoast_head":"<!-- This site is optimized with the Yoast SEO plugin v27.3 - https:\/\/yoast.com\/product\/yoast-seo-wordpress\/ -->\n<title>Xavi makes it clear to Bar\u00e7a: Leo Messi and Zubimendi, his great objectives<\/title>\n<meta name=\"description\" content=\"One of the priorities of Xavi Hern\u00e1ndez for the summer will be the midfielder, a place that Sergio Busquets will leave free and with which the coach believes he needs to find a profile similar to the still Bar\u00e7a captain\" \/>\n<meta name=\"robots\" content=\"index, follow, max-snippet:-1, max-image-preview:large, max-video-preview:-1\" \/>\n<link rel=\"canonical\" href=\"https:\/\/www.fcbarcelonanoticias.com\/en\/transfers\/xavi-makes-it-clear-to-barca-leo-messi-and-zubimendi-his-great-objectives_292306_102.html\" \/>\n<meta property=\"og:locale\" content=\"en_US\" \/>\n<meta property=\"og:type\" content=\"article\" \/>\n<meta property=\"og:title\" content=\"Xavi makes it clear to Bar\u00e7a: Leo Messi and Zubimendi, his great objectives\" \/>\n<meta property=\"og:description\" content=\"One of the priorities of Xavi Hern\u00e1ndez for the summer will be the midfielder, a place that Sergio Busquets will leave free and with which the coach believes he needs to find a profile similar to the still Bar\u00e7a captain\" \/>\n<meta property=\"og:url\" content=\"https:\/\/www.fcbarcelonanoticias.com\/en\/transfers\/xavi-makes-it-clear-to-barca-leo-messi-and-zubimendi-his-great-objectives_292306_102.html\" \/>\n<meta property=\"og:site_name\" content=\"EN - FC Barcelona Noticias\" \/>\n<meta property=\"article:published_time\" content=\"2023-05-12T12:48:00+00:00\" \/>\n<meta property=\"article:modified_time\" content=\"2023-05-12T18:44:00+00:00\" \/>\n<meta property=\"og:image\" content=\"https:\/\/www.fcbarcelonanoticias.com\/en\/wp-content\/uploads\/sites\/2\/2023\/05\/xavi-hernandez-durante-el-fc-barcelona-vs-atletico-de-madrid-1.jpeg\" \/>\n\t<meta property=\"og:image:width\" content=\"1250\" \/>\n\t<meta property=\"og:image:height\" content=\"750\" \/>\n\t<meta property=\"og:image:type\" content=\"image\/jpeg\" \/>\n<meta name=\"author\" content=\"Carlos Montenegro\" \/>\n<meta name=\"twitter:card\" content=\"summary_large_image\" \/>\n<meta name=\"twitter:label1\" content=\"Written by\" \/>\n\t<meta name=\"twitter:data1\" content=\"Carlos Montenegro\" \/>\n\t<meta name=\"twitter:label2\" content=\"Est. reading time\" \/>\n\t<meta name=\"twitter:data2\" content=\"2 minutes\" \/>\n<script type=\"application\/ld+json\" class=\"yoast-schema-graph\">{\"@context\":\"https:\\\/\\\/schema.org\",\"@graph\":[{\"@type\":\"Article\",\"@id\":\"https:\\\/\\\/www.fcbarcelonanoticias.com\\\/en\\\/transfers\\\/xavi-makes-it-clear-to-barca-leo-messi-and-zubimendi-his-great-objectives_292306_102.html#article\",\"isPartOf\":{\"@id\":\"https:\\\/\\\/www.fcbarcelonanoticias.com\\\/en\\\/transfers\\\/xavi-makes-it-clear-to-barca-leo-messi-and-zubimendi-his-great-objectives_292306_102.html\"},\"author\":{\"name\":\"Carlos Montenegro\",\"@id\":\"https:\\\/\\\/www.fcbarcelonanoticias.com\\\/en\\\/#\\\/schema\\\/person\\\/aa1d038709c262cb247e240f6b39bbf5\"},\"headline\":\"Xavi makes it clear to Bar\u00e7a: Leo Messi and Zubimendi, his great objectives\",\"datePublished\":\"2023-05-12T12:48:00+00:00\",\"dateModified\":\"2023-05-12T18:44:00+00:00\",\"mainEntityOfPage\":{\"@id\":\"https:\\\/\\\/www.fcbarcelonanoticias.com\\\/en\\\/transfers\\\/xavi-makes-it-clear-to-barca-leo-messi-and-zubimendi-his-great-objectives_292306_102.html\"},\"wordCount\":471,\"image\":{\"@id\":\"https:\\\/\\\/www.fcbarcelonanoticias.com\\\/en\\\/transfers\\\/xavi-makes-it-clear-to-barca-leo-messi-and-zubimendi-his-great-objectives_292306_102.html#primaryimage\"},\"thumbnailUrl\":\"https:\\\/\\\/www.fcbarcelonanoticias.com\\\/en\\\/wp-content\\\/uploads\\\/sites\\\/2\\\/2023\\\/05\\\/xavi-hernandez-durante-el-fc-barcelona-vs-atletico-de-madrid-1.jpeg\",\"keywords\":[\"Joan Laporta\",\"Sergio Busquets\",\"Xavi Hern\u00e1ndez\"],\"articleSection\":[\"Transfers\",\"Transfers\"],\"inLanguage\":\"en-US\"},{\"@type\":\"WebPage\",\"@id\":\"https:\\\/\\\/www.fcbarcelonanoticias.com\\\/en\\\/transfers\\\/xavi-makes-it-clear-to-barca-leo-messi-and-zubimendi-his-great-objectives_292306_102.html\",\"url\":\"https:\\\/\\\/www.fcbarcelonanoticias.com\\\/en\\\/transfers\\\/xavi-makes-it-clear-to-barca-leo-messi-and-zubimendi-his-great-objectives_292306_102.html\",\"name\":\"Xavi makes it clear to Bar\u00e7a: Leo Messi and Zubimendi, his great objectives\",\"isPartOf\":{\"@id\":\"https:\\\/\\\/www.fcbarcelonanoticias.com\\\/en\\\/#website\"},\"primaryImageOfPage\":{\"@id\":\"https:\\\/\\\/www.fcbarcelonanoticias.com\\\/en\\\/transfers\\\/xavi-makes-it-clear-to-barca-leo-messi-and-zubimendi-his-great-objectives_292306_102.html#primaryimage\"},\"image\":{\"@id\":\"https:\\\/\\\/www.fcbarcelonanoticias.com\\\/en\\\/transfers\\\/xavi-makes-it-clear-to-barca-leo-messi-and-zubimendi-his-great-objectives_292306_102.html#primaryimage\"},\"thumbnailUrl\":\"https:\\\/\\\/www.fcbarcelonanoticias.com\\\/en\\\/wp-content\\\/uploads\\\/sites\\\/2\\\/2023\\\/05\\\/xavi-hernandez-durante-el-fc-barcelona-vs-atletico-de-madrid-1.jpeg\",\"datePublished\":\"2023-05-12T12:48:00+00:00\",\"dateModified\":\"2023-05-12T18:44:00+00:00\",\"author\":{\"@id\":\"https:\\\/\\\/www.fcbarcelonanoticias.com\\\/en\\\/#\\\/schema\\\/person\\\/aa1d038709c262cb247e240f6b39bbf5\"},\"description\":\"One of the priorities of Xavi Hern\u00e1ndez for the summer will be the midfielder, a place that Sergio Busquets will leave free and with which the coach believes he needs to find a profile similar to the still Bar\u00e7a captain\",\"breadcrumb\":{\"@id\":\"https:\\\/\\\/www.fcbarcelonanoticias.com\\\/en\\\/transfers\\\/xavi-makes-it-clear-to-barca-leo-messi-and-zubimendi-his-great-objectives_292306_102.html#breadcrumb\"},\"inLanguage\":\"en-US\",\"potentialAction\":[{\"@type\":\"ReadAction\",\"target\":[\"https:\\\/\\\/www.fcbarcelonanoticias.com\\\/en\\\/transfers\\\/xavi-makes-it-clear-to-barca-leo-messi-and-zubimendi-his-great-objectives_292306_102.html\"]}]},{\"@type\":\"ImageObject\",\"inLanguage\":\"en-US\",\"@id\":\"https:\\\/\\\/www.fcbarcelonanoticias.com\\\/en\\\/transfers\\\/xavi-makes-it-clear-to-barca-leo-messi-and-zubimendi-his-great-objectives_292306_102.html#primaryimage\",\"url\":\"https:\\\/\\\/www.fcbarcelonanoticias.com\\\/en\\\/wp-content\\\/uploads\\\/sites\\\/2\\\/2023\\\/05\\\/xavi-hernandez-durante-el-fc-barcelona-vs-atletico-de-madrid-1.jpeg\",\"contentUrl\":\"https:\\\/\\\/www.fcbarcelonanoticias.com\\\/en\\\/wp-content\\\/uploads\\\/sites\\\/2\\\/2023\\\/05\\\/xavi-hernandez-durante-el-fc-barcelona-vs-atletico-de-madrid-1.jpeg\",\"width\":1250,\"height\":750},{\"@type\":\"BreadcrumbList\",\"@id\":\"https:\\\/\\\/www.fcbarcelonanoticias.com\\\/en\\\/transfers\\\/xavi-makes-it-clear-to-barca-leo-messi-and-zubimendi-his-great-objectives_292306_102.html#breadcrumb\",\"itemListElement\":[{\"@type\":\"ListItem\",\"position\":1,\"name\":\"Portada\",\"item\":\"https:\\\/\\\/www.fcbarcelonanoticias.com\\\/en\\\/\"},{\"@type\":\"ListItem\",\"position\":2,\"name\":\"Xavi makes it clear to Bar\u00e7a: Leo Messi and Zubimendi, his great objectives\"}]},{\"@type\":\"WebSite\",\"@id\":\"https:\\\/\\\/www.fcbarcelonanoticias.com\\\/en\\\/#website\",\"url\":\"https:\\\/\\\/www.fcbarcelonanoticias.com\\\/en\\\/\",\"name\":\"EN - FC Barcelona Noticias\",\"description\":\"\",\"potentialAction\":[{\"@type\":\"SearchAction\",\"target\":{\"@type\":\"EntryPoint\",\"urlTemplate\":\"https:\\\/\\\/www.fcbarcelonanoticias.com\\\/en\\\/?s={search_term_string}\"},\"query-input\":{\"@type\":\"PropertyValueSpecification\",\"valueRequired\":true,\"valueName\":\"search_term_string\"}}],\"inLanguage\":\"en-US\"},{\"@type\":\"Person\",\"@id\":\"https:\\\/\\\/www.fcbarcelonanoticias.com\\\/en\\\/#\\\/schema\\\/person\\\/aa1d038709c262cb247e240f6b39bbf5\",\"name\":\"Carlos Montenegro\",\"image\":{\"@type\":\"ImageObject\",\"inLanguage\":\"en-US\",\"@id\":\"https:\\\/\\\/secure.gravatar.com\\\/avatar\\\/?s=96&d=mm&r=g\",\"url\":\"https:\\\/\\\/secure.gravatar.com\\\/avatar\\\/?s=96&d=mm&r=g\",\"contentUrl\":\"https:\\\/\\\/secure.gravatar.com\\\/avatar\\\/?s=96&d=mm&r=g\",\"caption\":\"Carlos Montenegro\"},\"url\":\"https:\\\/\\\/www.fcbarcelonanoticias.com\\\/en\\\/carlos-montenegro_20_115.html\"}]}<\/script>\n<!-- \/ Yoast SEO plugin. -->","yoast_head_json":{"title":"Xavi makes it clear to Bar\u00e7a: Leo Messi and Zubimendi, his great objectives","description":"One of the priorities of Xavi Hern\u00e1ndez for the summer will be the midfielder, a place that Sergio Busquets will leave free and with which the coach believes he needs to find a profile similar to the still Bar\u00e7a captain","robots":{"index":"index","follow":"follow","max-snippet":"max-snippet:-1","max-image-preview":"max-image-preview:large","max-video-preview":"max-video-preview:-1"},"canonical":"https:\/\/www.fcbarcelonanoticias.com\/en\/transfers\/xavi-makes-it-clear-to-barca-leo-messi-and-zubimendi-his-great-objectives_292306_102.html","og_locale":"en_US","og_type":"article","og_title":"Xavi makes it clear to Bar\u00e7a: Leo Messi and Zubimendi, his great objectives","og_description":"One of the priorities of Xavi Hern\u00e1ndez for the summer will be the midfielder, a place that Sergio Busquets will leave free and with which the coach believes he needs to find a profile similar to the still Bar\u00e7a captain","og_url":"https:\/\/www.fcbarcelonanoticias.com\/en\/transfers\/xavi-makes-it-clear-to-barca-leo-messi-and-zubimendi-his-great-objectives_292306_102.html","og_site_name":"EN - FC Barcelona Noticias","article_published_time":"2023-05-12T12:48:00+00:00","article_modified_time":"2023-05-12T18:44:00+00:00","og_image":[{"width":1250,"height":750,"url":"https:\/\/www.fcbarcelonanoticias.com\/en\/wp-content\/uploads\/sites\/2\/2023\/05\/xavi-hernandez-durante-el-fc-barcelona-vs-atletico-de-madrid-1.jpeg","type":"image\/jpeg"}],"author":"Carlos Montenegro","twitter_card":"summary_large_image","twitter_misc":{"Written by":"Carlos Montenegro","Est. reading time":"2 minutes"},"schema":{"@context":"https:\/\/schema.org","@graph":[{"@type":"Article","@id":"https:\/\/www.fcbarcelonanoticias.com\/en\/transfers\/xavi-makes-it-clear-to-barca-leo-messi-and-zubimendi-his-great-objectives_292306_102.html#article","isPartOf":{"@id":"https:\/\/www.fcbarcelonanoticias.com\/en\/transfers\/xavi-makes-it-clear-to-barca-leo-messi-and-zubimendi-his-great-objectives_292306_102.html"},"author":{"name":"Carlos Montenegro","@id":"https:\/\/www.fcbarcelonanoticias.com\/en\/#\/schema\/person\/aa1d038709c262cb247e240f6b39bbf5"},"headline":"Xavi makes it clear to Bar\u00e7a: Leo Messi and Zubimendi, his great objectives","datePublished":"2023-05-12T12:48:00+00:00","dateModified":"2023-05-12T18:44:00+00:00","mainEntityOfPage":{"@id":"https:\/\/www.fcbarcelonanoticias.com\/en\/transfers\/xavi-makes-it-clear-to-barca-leo-messi-and-zubimendi-his-great-objectives_292306_102.html"},"wordCount":471,"image":{"@id":"https:\/\/www.fcbarcelonanoticias.com\/en\/transfers\/xavi-makes-it-clear-to-barca-leo-messi-and-zubimendi-his-great-objectives_292306_102.html#primaryimage"},"thumbnailUrl":"https:\/\/www.fcbarcelonanoticias.com\/en\/wp-content\/uploads\/sites\/2\/2023\/05\/xavi-hernandez-durante-el-fc-barcelona-vs-atletico-de-madrid-1.jpeg","keywords":["Joan Laporta","Sergio Busquets","Xavi Hern\u00e1ndez"],"articleSection":["Transfers","Transfers"],"inLanguage":"en-US"},{"@type":"WebPage","@id":"https:\/\/www.fcbarcelonanoticias.com\/en\/transfers\/xavi-makes-it-clear-to-barca-leo-messi-and-zubimendi-his-great-objectives_292306_102.html","url":"https:\/\/www.fcbarcelonanoticias.com\/en\/transfers\/xavi-makes-it-clear-to-barca-leo-messi-and-zubimendi-his-great-objectives_292306_102.html","name":"Xavi makes it clear to Bar\u00e7a: Leo Messi and Zubimendi, his great objectives","isPartOf":{"@id":"https:\/\/www.fcbarcelonanoticias.com\/en\/#website"},"primaryImageOfPage":{"@id":"https:\/\/www.fcbarcelonanoticias.com\/en\/transfers\/xavi-makes-it-clear-to-barca-leo-messi-and-zubimendi-his-great-objectives_292306_102.html#primaryimage"},"image":{"@id":"https:\/\/www.fcbarcelonanoticias.com\/en\/transfers\/xavi-makes-it-clear-to-barca-leo-messi-and-zubimendi-his-great-objectives_292306_102.html#primaryimage"},"thumbnailUrl":"https:\/\/www.fcbarcelonanoticias.com\/en\/wp-content\/uploads\/sites\/2\/2023\/05\/xavi-hernandez-durante-el-fc-barcelona-vs-atletico-de-madrid-1.jpeg","datePublished":"2023-05-12T12:48:00+00:00","dateModified":"2023-05-12T18:44:00+00:00","author":{"@id":"https:\/\/www.fcbarcelonanoticias.com\/en\/#\/schema\/person\/aa1d038709c262cb247e240f6b39bbf5"},"description":"One of the priorities of Xavi Hern\u00e1ndez for the summer will be the midfielder, a place that Sergio Busquets will leave free and with which the coach believes he needs to find a profile similar to the still Bar\u00e7a captain","breadcrumb":{"@id":"https:\/\/www.fcbarcelonanoticias.com\/en\/transfers\/xavi-makes-it-clear-to-barca-leo-messi-and-zubimendi-his-great-objectives_292306_102.html#breadcrumb"},"inLanguage":"en-US","potentialAction":[{"@type":"ReadAction","target":["https:\/\/www.fcbarcelonanoticias.com\/en\/transfers\/xavi-makes-it-clear-to-barca-leo-messi-and-zubimendi-his-great-objectives_292306_102.html"]}]},{"@type":"ImageObject","inLanguage":"en-US","@id":"https:\/\/www.fcbarcelonanoticias.com\/en\/transfers\/xavi-makes-it-clear-to-barca-leo-messi-and-zubimendi-his-great-objectives_292306_102.html#primaryimage","url":"https:\/\/www.fcbarcelonanoticias.com\/en\/wp-content\/uploads\/sites\/2\/2023\/05\/xavi-hernandez-durante-el-fc-barcelona-vs-atletico-de-madrid-1.jpeg","contentUrl":"https:\/\/www.fcbarcelonanoticias.com\/en\/wp-content\/uploads\/sites\/2\/2023\/05\/xavi-hernandez-durante-el-fc-barcelona-vs-atletico-de-madrid-1.jpeg","width":1250,"height":750},{"@type":"BreadcrumbList","@id":"https:\/\/www.fcbarcelonanoticias.com\/en\/transfers\/xavi-makes-it-clear-to-barca-leo-messi-and-zubimendi-his-great-objectives_292306_102.html#breadcrumb","itemListElement":[{"@type":"ListItem","position":1,"name":"Portada","item":"https:\/\/www.fcbarcelonanoticias.com\/en\/"},{"@type":"ListItem","position":2,"name":"Xavi makes it clear to Bar\u00e7a: Leo Messi and Zubimendi, his great objectives"}]},{"@type":"WebSite","@id":"https:\/\/www.fcbarcelonanoticias.com\/en\/#website","url":"https:\/\/www.fcbarcelonanoticias.com\/en\/","name":"EN - FC Barcelona Noticias","description":"","potentialAction":[{"@type":"SearchAction","target":{"@type":"EntryPoint","urlTemplate":"https:\/\/www.fcbarcelonanoticias.com\/en\/?s={search_term_string}"},"query-input":{"@type":"PropertyValueSpecification","valueRequired":true,"valueName":"search_term_string"}}],"inLanguage":"en-US"},{"@type":"Person","@id":"https:\/\/www.fcbarcelonanoticias.com\/en\/#\/schema\/person\/aa1d038709c262cb247e240f6b39bbf5","name":"Carlos Montenegro","image":{"@type":"ImageObject","inLanguage":"en-US","@id":"https:\/\/secure.gravatar.com\/avatar\/?s=96&d=mm&r=g","url":"https:\/\/secure.gravatar.com\/avatar\/?s=96&d=mm&r=g","contentUrl":"https:\/\/secure.gravatar.com\/avatar\/?s=96&d=mm&r=g","caption":"Carlos Montenegro"},"url":"https:\/\/www.fcbarcelonanoticias.com\/en\/carlos-montenegro_20_115.html"}]}},"_links":{"self":[{"href":"https:\/\/www.fcbarcelonanoticias.com\/en\/wp-json\/wp\/v2\/posts\/144272","targetHints":{"allow":["GET"]}}],"collection":[{"href":"https:\/\/www.fcbarcelonanoticias.com\/en\/wp-json\/wp\/v2\/posts"}],"about":[{"href":"https:\/\/www.fcbarcelonanoticias.com\/en\/wp-json\/wp\/v2\/types\/post"}],"author":[{"embeddable":true,"href":"https:\/\/www.fcbarcelonanoticias.com\/en\/wp-json\/wp\/v2\/users\/345"}],"replies":[{"embeddable":true,"href":"https:\/\/www.fcbarcelonanoticias.com\/en\/wp-json\/wp\/v2\/comments?post=144272"}],"version-history":[{"count":1,"href":"https:\/\/www.fcbarcelonanoticias.com\/en\/wp-json\/wp\/v2\/posts\/144272\/revisions"}],"predecessor-version":[{"id":146620,"href":"https:\/\/www.fcbarcelonanoticias.com\/en\/wp-json\/wp\/v2\/posts\/144272\/revisions\/146620"}],"wp:featuredmedia":[{"embeddable":true,"href":"https:\/\/www.fcbarcelonanoticias.com\/en\/wp-json\/wp\/v2\/media\/144280"}],"wp:attachment":[{"href":"https:\/\/www.fcbarcelonanoticias.com\/en\/wp-json\/wp\/v2\/media?parent=144272"}],"wp:term":[{"taxonomy":"category","embeddable":true,"href":"https:\/\/www.fcbarcelonanoticias.com\/en\/wp-json\/wp\/v2\/categories?post=144272"},{"taxonomy":"post_tag","embeddable":true,"href":"https:\/\/www.fcbarcelonanoticias.com\/en\/wp-json\/wp\/v2\/tags?post=144272"}],"curies":[{"name":"wp","href":"https:\/\/api.w.org\/{rel}","templated":true}]}}