{"id":144332,"date":"2023-01-16T17:02:00","date_gmt":"2023-01-16T16:02:00","guid":{"rendered":"https:\/\/weisetech.dev\/fc-barcelona-noticias\/en\/xavi-there-would-be-descartado-already-the-barter-offered-by-memphis-depay_288683_102\/"},"modified":"2023-01-16T21:24:00","modified_gmt":"2023-01-16T20:24:00","slug":"xavi-there-would-be-descartado-already-the-barter-offered-by-memphis-depay_288683_102","status":"publish","type":"post","link":"https:\/\/www.fcbarcelonanoticias.com\/en\/transfers\/xavi-there-would-be-descartado-already-the-barter-offered-by-memphis-depay_288683_102.html","title":{"rendered":"Xavi has already ruled out a trade offer for Memphis Depay"},"content":{"rendered":"<h2 class=\"wp-block-heading\">Xavi Hern\u00e1ndez would have dismissed a possible exchange that would take Memphis to Inter in exchange for Joaqu\u00edn Correa. The man from Egar would prefer to offer Brozovic, but in exchange for him the Italians are asking for Kessi\u00e9<\/h2>  \r\n<div class=\"article-addons\">\r\n    <a href=\"https:\/\/www.fcbarcelonanoticias.com\/en\/calendar-fc-barcelona.html\"\r\n       target=\"_self\"\r\n       title=\"Calendar of FC Barcelona\"\r\n       class=\"blue-gredient-btn\">\r\n       \r\n        Calendar of FC Barcelona    <\/a>\r\n<\/div>   <p>The &#8216;novel&#8217; of <a data-external=\"0\" data-intl-links-en=\"https:\/\/www.fcbarcelonanoticias.com\/en\/transfers\/xavi-makes-clear-he-should-do-barcelona-if-memphis-depay-came-out_288606_102.html\" data-intl-links-es=\"https:\/\/www.fcbarcelonanoticias.com\/fichajes\/xavi-deja-claro-deberia-hacer-barcelona-si-saliera-memphis-depay_288606_102.html\" href=\"https:\/\/www.fcbarcelonanoticias.com\/en\/transfers\/xavi-makes-clear-he-should-do-barcelona-if-memphis-depay-came-out_288606_102.html\" rel=\"follow\" target=\"_self\" title=\"Xavi deja claro qu\u00e9 deber\u00eda hacer el Bar\u00e7a si saliera Memphis Depay\">Memphis Depay<\/a> continues adding new episodes to measure that advances the season. Recently, the forward would have showed something more flexible with his posture when being had to form part of a barter between the FC Barcelona and the Inter of Milan, that would benefit to the Italian team with the arrival of the Dutch, whereas<strong> the Barcelona picture would receive in his place to Carlos Joaqu\u00edn Correa<\/strong>.<\/p>  <p>Like this it has informed it the journalist Gerard Romero through &#8216;Jijantes&#8217;: &#8220;The exit of Memphis Depay, if the footballer gives the &#8216;ok&#8217;, finds very advanced with the Inter of Milan. <strong>Memphis Would go to the Inter and the Inter would put on of the table to Carlos Joaqu\u00edn Correa<\/strong>, the one who would come to the Bar\u00e7a. If Memphis accepts the operation, will close this situation&#8221;. However, this possible transaction would not be of the like of the Barcelona team.<\/p>  <p>This option by part of the attacker arrives after having descartado <strong>the possibility to leave to the Athletic of Madrid by means of an exchange that would involve to Yannick Ferreira Carrasco<\/strong>. In principle, some skilled means esgrim\u00edan that the &#8216;Tucu&#8217; Correa would have an ideal profile for the diagram of the m\u00edster Barcelona, but the new versions that have circulated would aim to another direction.<\/p>  <h4>The reasons of the &#8220;no&#8221; of Xavi<\/h4>  <p>In accordance with Javier Miguel,<strong> this possibility would have been desestimada by part of the Barcelona trainer<\/strong>, Xavi Hern\u00e1ndez, all time that carry out this type of exchange would not finish to convince him, marking like this a difference in the postures of both clubs regarding the names that would be had to put on the table during the next weeks of the wintry market of signings.<\/p>  <p>In such sense, <strong>the egarense would bend more by the possibility to receive to Marcelo Brozovic<\/strong>, by whose services yes would be had to leave to leave to the international with the Low Countries. Nevertheless, the &#8216;nerazzurri&#8217; would not be had to accept the proposal in these terms, since to the one who would want to receive in return of the Croatian midfield player would be another effective for the medullary, Franck Kessi\u00e9, the one who has not enjoyed of a lot of regularity in the Bar\u00e7a.<\/p> ","protected":false},"excerpt":{"rendered":"<p>Xavi Hern\u00e1ndez would have dismissed a possible exchange that would take Memphis to Inter in exchange for Joaqu\u00edn Correa. The man from Egar would prefer to offer Brozovic, but in exchange for him the Italians are asking for Kessi\u00e9 The &#8216;novel&#8217; of Memphis Depay continues adding new episodes to measure that advances the season. Recently, [&hellip;]<\/p>\n","protected":false},"author":363,"featured_media":144337,"comment_status":"closed","ping_status":"open","sticky":false,"template":"","format":"standard","meta":{"_acf_changed":false,"inline_featured_image":false,"_nextfly_llmd_date_locked":false,"footnotes":""},"categories":[106,449],"tags":[305,100,142,48],"class_list":["post-144332","post","type-post","status-publish","format-standard","has-post-thumbnail","hentry","category-transfers","category-transfers-2","tag-frank-kessie","tag-inter-milan","tag-memphis-depay","tag-xavi-hernandez"],"acf":[],"yoast_head":"<!-- This site is optimized with the Yoast SEO plugin v27.3 - https:\/\/yoast.com\/product\/yoast-seo-wordpress\/ -->\n<title>Xavi there would be descartado already the barter offered by Memphis Depay<\/title>\n<meta name=\"description\" content=\"Xavi Hern\u00e1ndez there would be desestimado a possible exchange that would carry to Memphis to the Inter in return of Joaqu\u00edn Correa. The egarense would prefer to offer to Brozovic, but in return of east the Italians ask to Kessi\u00e9\" \/>\n<meta name=\"robots\" content=\"index, follow, max-snippet:-1, max-image-preview:large, max-video-preview:-1\" \/>\n<link rel=\"canonical\" href=\"https:\/\/www.fcbarcelonanoticias.com\/en\/transfers\/xavi-there-would-be-descartado-already-the-barter-offered-by-memphis-depay_288683_102.html\" \/>\n<meta property=\"og:locale\" content=\"en_US\" \/>\n<meta property=\"og:type\" content=\"article\" \/>\n<meta property=\"og:title\" content=\"Xavi there would be descartado already the barter offered by Memphis Depay\" \/>\n<meta property=\"og:description\" content=\"Xavi Hern\u00e1ndez there would be desestimado a possible exchange that would carry to Memphis to the Inter in return of Joaqu\u00edn Correa. The egarense would prefer to offer to Brozovic, but in return of east the Italians ask to Kessi\u00e9\" \/>\n<meta property=\"og:url\" content=\"https:\/\/www.fcbarcelonanoticias.com\/en\/transfers\/xavi-there-would-be-descartado-already-the-barter-offered-by-memphis-depay_288683_102.html\" \/>\n<meta property=\"og:site_name\" content=\"EN - FC Barcelona Noticias\" \/>\n<meta property=\"article:published_time\" content=\"2023-01-16T16:02:00+00:00\" \/>\n<meta property=\"article:modified_time\" content=\"2023-01-16T20:24:00+00:00\" \/>\n<meta property=\"og:image\" content=\"https:\/\/www.fcbarcelonanoticias.com\/en\/wp-content\/uploads\/sites\/2\/2023\/01\/real-betis-v-fc-barcelona-super-copa-de-espana-2-1.jpeg\" \/>\n\t<meta property=\"og:image:width\" content=\"1200\" \/>\n\t<meta property=\"og:image:height\" content=\"701\" \/>\n\t<meta property=\"og:image:type\" content=\"image\/jpeg\" \/>\n<meta name=\"author\" content=\"Claudio Betancourt\" \/>\n<meta name=\"twitter:card\" content=\"summary_large_image\" \/>\n<meta name=\"twitter:label1\" content=\"Written by\" \/>\n\t<meta name=\"twitter:data1\" content=\"Claudio Betancourt\" \/>\n\t<meta name=\"twitter:label2\" content=\"Est. reading time\" \/>\n\t<meta name=\"twitter:data2\" content=\"2 minutes\" \/>\n<script type=\"application\/ld+json\" class=\"yoast-schema-graph\">{\"@context\":\"https:\\\/\\\/schema.org\",\"@graph\":[{\"@type\":\"Article\",\"@id\":\"https:\\\/\\\/www.fcbarcelonanoticias.com\\\/en\\\/transfers\\\/xavi-there-would-be-descartado-already-the-barter-offered-by-memphis-depay_288683_102.html#article\",\"isPartOf\":{\"@id\":\"https:\\\/\\\/www.fcbarcelonanoticias.com\\\/en\\\/transfers\\\/xavi-there-would-be-descartado-already-the-barter-offered-by-memphis-depay_288683_102.html\"},\"author\":{\"name\":\"Claudio Betancourt\",\"@id\":\"https:\\\/\\\/www.fcbarcelonanoticias.com\\\/en\\\/#\\\/schema\\\/person\\\/76c77917e39f918eb1604c571055386e\"},\"headline\":\"Xavi has already ruled out a trade offer for Memphis Depay\",\"datePublished\":\"2023-01-16T16:02:00+00:00\",\"dateModified\":\"2023-01-16T20:24:00+00:00\",\"mainEntityOfPage\":{\"@id\":\"https:\\\/\\\/www.fcbarcelonanoticias.com\\\/en\\\/transfers\\\/xavi-there-would-be-descartado-already-the-barter-offered-by-memphis-depay_288683_102.html\"},\"wordCount\":438,\"image\":{\"@id\":\"https:\\\/\\\/www.fcbarcelonanoticias.com\\\/en\\\/transfers\\\/xavi-there-would-be-descartado-already-the-barter-offered-by-memphis-depay_288683_102.html#primaryimage\"},\"thumbnailUrl\":\"https:\\\/\\\/www.fcbarcelonanoticias.com\\\/en\\\/wp-content\\\/uploads\\\/sites\\\/2\\\/2023\\\/01\\\/real-betis-v-fc-barcelona-super-copa-de-espana-2-1.jpeg\",\"keywords\":[\"Frank Kessi\u00e9\",\"Inter Milan\",\"Memphis Depay\",\"Xavi Hern\u00e1ndez\"],\"articleSection\":[\"Transfers\",\"Transfers\"],\"inLanguage\":\"en-US\"},{\"@type\":\"WebPage\",\"@id\":\"https:\\\/\\\/www.fcbarcelonanoticias.com\\\/en\\\/transfers\\\/xavi-there-would-be-descartado-already-the-barter-offered-by-memphis-depay_288683_102.html\",\"url\":\"https:\\\/\\\/www.fcbarcelonanoticias.com\\\/en\\\/transfers\\\/xavi-there-would-be-descartado-already-the-barter-offered-by-memphis-depay_288683_102.html\",\"name\":\"Xavi there would be descartado already the barter offered by Memphis Depay\",\"isPartOf\":{\"@id\":\"https:\\\/\\\/www.fcbarcelonanoticias.com\\\/en\\\/#website\"},\"primaryImageOfPage\":{\"@id\":\"https:\\\/\\\/www.fcbarcelonanoticias.com\\\/en\\\/transfers\\\/xavi-there-would-be-descartado-already-the-barter-offered-by-memphis-depay_288683_102.html#primaryimage\"},\"image\":{\"@id\":\"https:\\\/\\\/www.fcbarcelonanoticias.com\\\/en\\\/transfers\\\/xavi-there-would-be-descartado-already-the-barter-offered-by-memphis-depay_288683_102.html#primaryimage\"},\"thumbnailUrl\":\"https:\\\/\\\/www.fcbarcelonanoticias.com\\\/en\\\/wp-content\\\/uploads\\\/sites\\\/2\\\/2023\\\/01\\\/real-betis-v-fc-barcelona-super-copa-de-espana-2-1.jpeg\",\"datePublished\":\"2023-01-16T16:02:00+00:00\",\"dateModified\":\"2023-01-16T20:24:00+00:00\",\"author\":{\"@id\":\"https:\\\/\\\/www.fcbarcelonanoticias.com\\\/en\\\/#\\\/schema\\\/person\\\/76c77917e39f918eb1604c571055386e\"},\"description\":\"Xavi Hern\u00e1ndez there would be desestimado a possible exchange that would carry to Memphis to the Inter in return of Joaqu\u00edn Correa. The egarense would prefer to offer to Brozovic, but in return of east the Italians ask to Kessi\u00e9\",\"breadcrumb\":{\"@id\":\"https:\\\/\\\/www.fcbarcelonanoticias.com\\\/en\\\/transfers\\\/xavi-there-would-be-descartado-already-the-barter-offered-by-memphis-depay_288683_102.html#breadcrumb\"},\"inLanguage\":\"en-US\",\"potentialAction\":[{\"@type\":\"ReadAction\",\"target\":[\"https:\\\/\\\/www.fcbarcelonanoticias.com\\\/en\\\/transfers\\\/xavi-there-would-be-descartado-already-the-barter-offered-by-memphis-depay_288683_102.html\"]}]},{\"@type\":\"ImageObject\",\"inLanguage\":\"en-US\",\"@id\":\"https:\\\/\\\/www.fcbarcelonanoticias.com\\\/en\\\/transfers\\\/xavi-there-would-be-descartado-already-the-barter-offered-by-memphis-depay_288683_102.html#primaryimage\",\"url\":\"https:\\\/\\\/www.fcbarcelonanoticias.com\\\/en\\\/wp-content\\\/uploads\\\/sites\\\/2\\\/2023\\\/01\\\/real-betis-v-fc-barcelona-super-copa-de-espana-2-1.jpeg\",\"contentUrl\":\"https:\\\/\\\/www.fcbarcelonanoticias.com\\\/en\\\/wp-content\\\/uploads\\\/sites\\\/2\\\/2023\\\/01\\\/real-betis-v-fc-barcelona-super-copa-de-espana-2-1.jpeg\",\"width\":1200,\"height\":701},{\"@type\":\"BreadcrumbList\",\"@id\":\"https:\\\/\\\/www.fcbarcelonanoticias.com\\\/en\\\/transfers\\\/xavi-there-would-be-descartado-already-the-barter-offered-by-memphis-depay_288683_102.html#breadcrumb\",\"itemListElement\":[{\"@type\":\"ListItem\",\"position\":1,\"name\":\"Portada\",\"item\":\"https:\\\/\\\/www.fcbarcelonanoticias.com\\\/en\\\/\"},{\"@type\":\"ListItem\",\"position\":2,\"name\":\"Xavi has already ruled out a trade offer for Memphis Depay\"}]},{\"@type\":\"WebSite\",\"@id\":\"https:\\\/\\\/www.fcbarcelonanoticias.com\\\/en\\\/#website\",\"url\":\"https:\\\/\\\/www.fcbarcelonanoticias.com\\\/en\\\/\",\"name\":\"EN - FC Barcelona Noticias\",\"description\":\"\",\"potentialAction\":[{\"@type\":\"SearchAction\",\"target\":{\"@type\":\"EntryPoint\",\"urlTemplate\":\"https:\\\/\\\/www.fcbarcelonanoticias.com\\\/en\\\/?s={search_term_string}\"},\"query-input\":{\"@type\":\"PropertyValueSpecification\",\"valueRequired\":true,\"valueName\":\"search_term_string\"}}],\"inLanguage\":\"en-US\"},{\"@type\":\"Person\",\"@id\":\"https:\\\/\\\/www.fcbarcelonanoticias.com\\\/en\\\/#\\\/schema\\\/person\\\/76c77917e39f918eb1604c571055386e\",\"name\":\"Claudio Betancourt\",\"image\":{\"@type\":\"ImageObject\",\"inLanguage\":\"en-US\",\"@id\":\"https:\\\/\\\/secure.gravatar.com\\\/avatar\\\/?s=96&d=mm&r=g\",\"url\":\"https:\\\/\\\/secure.gravatar.com\\\/avatar\\\/?s=96&d=mm&r=g\",\"contentUrl\":\"https:\\\/\\\/secure.gravatar.com\\\/avatar\\\/?s=96&d=mm&r=g\",\"caption\":\"Claudio Betancourt\"},\"url\":\"https:\\\/\\\/www.fcbarcelonanoticias.com\\\/en\\\/claudio-betancourt_14_115.html\"}]}<\/script>\n<!-- \/ Yoast SEO plugin. -->","yoast_head_json":{"title":"Xavi there would be descartado already the barter offered by Memphis Depay","description":"Xavi Hern\u00e1ndez there would be desestimado a possible exchange that would carry to Memphis to the Inter in return of Joaqu\u00edn Correa. The egarense would prefer to offer to Brozovic, but in return of east the Italians ask to Kessi\u00e9","robots":{"index":"index","follow":"follow","max-snippet":"max-snippet:-1","max-image-preview":"max-image-preview:large","max-video-preview":"max-video-preview:-1"},"canonical":"https:\/\/www.fcbarcelonanoticias.com\/en\/transfers\/xavi-there-would-be-descartado-already-the-barter-offered-by-memphis-depay_288683_102.html","og_locale":"en_US","og_type":"article","og_title":"Xavi there would be descartado already the barter offered by Memphis Depay","og_description":"Xavi Hern\u00e1ndez there would be desestimado a possible exchange that would carry to Memphis to the Inter in return of Joaqu\u00edn Correa. The egarense would prefer to offer to Brozovic, but in return of east the Italians ask to Kessi\u00e9","og_url":"https:\/\/www.fcbarcelonanoticias.com\/en\/transfers\/xavi-there-would-be-descartado-already-the-barter-offered-by-memphis-depay_288683_102.html","og_site_name":"EN - FC Barcelona Noticias","article_published_time":"2023-01-16T16:02:00+00:00","article_modified_time":"2023-01-16T20:24:00+00:00","og_image":[{"width":1200,"height":701,"url":"https:\/\/www.fcbarcelonanoticias.com\/en\/wp-content\/uploads\/sites\/2\/2023\/01\/real-betis-v-fc-barcelona-super-copa-de-espana-2-1.jpeg","type":"image\/jpeg"}],"author":"Claudio Betancourt","twitter_card":"summary_large_image","twitter_misc":{"Written by":"Claudio Betancourt","Est. reading time":"2 minutes"},"schema":{"@context":"https:\/\/schema.org","@graph":[{"@type":"Article","@id":"https:\/\/www.fcbarcelonanoticias.com\/en\/transfers\/xavi-there-would-be-descartado-already-the-barter-offered-by-memphis-depay_288683_102.html#article","isPartOf":{"@id":"https:\/\/www.fcbarcelonanoticias.com\/en\/transfers\/xavi-there-would-be-descartado-already-the-barter-offered-by-memphis-depay_288683_102.html"},"author":{"name":"Claudio Betancourt","@id":"https:\/\/www.fcbarcelonanoticias.com\/en\/#\/schema\/person\/76c77917e39f918eb1604c571055386e"},"headline":"Xavi has already ruled out a trade offer for Memphis Depay","datePublished":"2023-01-16T16:02:00+00:00","dateModified":"2023-01-16T20:24:00+00:00","mainEntityOfPage":{"@id":"https:\/\/www.fcbarcelonanoticias.com\/en\/transfers\/xavi-there-would-be-descartado-already-the-barter-offered-by-memphis-depay_288683_102.html"},"wordCount":438,"image":{"@id":"https:\/\/www.fcbarcelonanoticias.com\/en\/transfers\/xavi-there-would-be-descartado-already-the-barter-offered-by-memphis-depay_288683_102.html#primaryimage"},"thumbnailUrl":"https:\/\/www.fcbarcelonanoticias.com\/en\/wp-content\/uploads\/sites\/2\/2023\/01\/real-betis-v-fc-barcelona-super-copa-de-espana-2-1.jpeg","keywords":["Frank Kessi\u00e9","Inter Milan","Memphis Depay","Xavi Hern\u00e1ndez"],"articleSection":["Transfers","Transfers"],"inLanguage":"en-US"},{"@type":"WebPage","@id":"https:\/\/www.fcbarcelonanoticias.com\/en\/transfers\/xavi-there-would-be-descartado-already-the-barter-offered-by-memphis-depay_288683_102.html","url":"https:\/\/www.fcbarcelonanoticias.com\/en\/transfers\/xavi-there-would-be-descartado-already-the-barter-offered-by-memphis-depay_288683_102.html","name":"Xavi there would be descartado already the barter offered by Memphis Depay","isPartOf":{"@id":"https:\/\/www.fcbarcelonanoticias.com\/en\/#website"},"primaryImageOfPage":{"@id":"https:\/\/www.fcbarcelonanoticias.com\/en\/transfers\/xavi-there-would-be-descartado-already-the-barter-offered-by-memphis-depay_288683_102.html#primaryimage"},"image":{"@id":"https:\/\/www.fcbarcelonanoticias.com\/en\/transfers\/xavi-there-would-be-descartado-already-the-barter-offered-by-memphis-depay_288683_102.html#primaryimage"},"thumbnailUrl":"https:\/\/www.fcbarcelonanoticias.com\/en\/wp-content\/uploads\/sites\/2\/2023\/01\/real-betis-v-fc-barcelona-super-copa-de-espana-2-1.jpeg","datePublished":"2023-01-16T16:02:00+00:00","dateModified":"2023-01-16T20:24:00+00:00","author":{"@id":"https:\/\/www.fcbarcelonanoticias.com\/en\/#\/schema\/person\/76c77917e39f918eb1604c571055386e"},"description":"Xavi Hern\u00e1ndez there would be desestimado a possible exchange that would carry to Memphis to the Inter in return of Joaqu\u00edn Correa. The egarense would prefer to offer to Brozovic, but in return of east the Italians ask to Kessi\u00e9","breadcrumb":{"@id":"https:\/\/www.fcbarcelonanoticias.com\/en\/transfers\/xavi-there-would-be-descartado-already-the-barter-offered-by-memphis-depay_288683_102.html#breadcrumb"},"inLanguage":"en-US","potentialAction":[{"@type":"ReadAction","target":["https:\/\/www.fcbarcelonanoticias.com\/en\/transfers\/xavi-there-would-be-descartado-already-the-barter-offered-by-memphis-depay_288683_102.html"]}]},{"@type":"ImageObject","inLanguage":"en-US","@id":"https:\/\/www.fcbarcelonanoticias.com\/en\/transfers\/xavi-there-would-be-descartado-already-the-barter-offered-by-memphis-depay_288683_102.html#primaryimage","url":"https:\/\/www.fcbarcelonanoticias.com\/en\/wp-content\/uploads\/sites\/2\/2023\/01\/real-betis-v-fc-barcelona-super-copa-de-espana-2-1.jpeg","contentUrl":"https:\/\/www.fcbarcelonanoticias.com\/en\/wp-content\/uploads\/sites\/2\/2023\/01\/real-betis-v-fc-barcelona-super-copa-de-espana-2-1.jpeg","width":1200,"height":701},{"@type":"BreadcrumbList","@id":"https:\/\/www.fcbarcelonanoticias.com\/en\/transfers\/xavi-there-would-be-descartado-already-the-barter-offered-by-memphis-depay_288683_102.html#breadcrumb","itemListElement":[{"@type":"ListItem","position":1,"name":"Portada","item":"https:\/\/www.fcbarcelonanoticias.com\/en\/"},{"@type":"ListItem","position":2,"name":"Xavi has already ruled out a trade offer for Memphis Depay"}]},{"@type":"WebSite","@id":"https:\/\/www.fcbarcelonanoticias.com\/en\/#website","url":"https:\/\/www.fcbarcelonanoticias.com\/en\/","name":"EN - FC Barcelona Noticias","description":"","potentialAction":[{"@type":"SearchAction","target":{"@type":"EntryPoint","urlTemplate":"https:\/\/www.fcbarcelonanoticias.com\/en\/?s={search_term_string}"},"query-input":{"@type":"PropertyValueSpecification","valueRequired":true,"valueName":"search_term_string"}}],"inLanguage":"en-US"},{"@type":"Person","@id":"https:\/\/www.fcbarcelonanoticias.com\/en\/#\/schema\/person\/76c77917e39f918eb1604c571055386e","name":"Claudio Betancourt","image":{"@type":"ImageObject","inLanguage":"en-US","@id":"https:\/\/secure.gravatar.com\/avatar\/?s=96&d=mm&r=g","url":"https:\/\/secure.gravatar.com\/avatar\/?s=96&d=mm&r=g","contentUrl":"https:\/\/secure.gravatar.com\/avatar\/?s=96&d=mm&r=g","caption":"Claudio Betancourt"},"url":"https:\/\/www.fcbarcelonanoticias.com\/en\/claudio-betancourt_14_115.html"}]}},"_links":{"self":[{"href":"https:\/\/www.fcbarcelonanoticias.com\/en\/wp-json\/wp\/v2\/posts\/144332","targetHints":{"allow":["GET"]}}],"collection":[{"href":"https:\/\/www.fcbarcelonanoticias.com\/en\/wp-json\/wp\/v2\/posts"}],"about":[{"href":"https:\/\/www.fcbarcelonanoticias.com\/en\/wp-json\/wp\/v2\/types\/post"}],"author":[{"embeddable":true,"href":"https:\/\/www.fcbarcelonanoticias.com\/en\/wp-json\/wp\/v2\/users\/363"}],"replies":[{"embeddable":true,"href":"https:\/\/www.fcbarcelonanoticias.com\/en\/wp-json\/wp\/v2\/comments?post=144332"}],"version-history":[{"count":1,"href":"https:\/\/www.fcbarcelonanoticias.com\/en\/wp-json\/wp\/v2\/posts\/144332\/revisions"}],"predecessor-version":[{"id":146650,"href":"https:\/\/www.fcbarcelonanoticias.com\/en\/wp-json\/wp\/v2\/posts\/144332\/revisions\/146650"}],"wp:featuredmedia":[{"embeddable":true,"href":"https:\/\/www.fcbarcelonanoticias.com\/en\/wp-json\/wp\/v2\/media\/144337"}],"wp:attachment":[{"href":"https:\/\/www.fcbarcelonanoticias.com\/en\/wp-json\/wp\/v2\/media?parent=144332"}],"wp:term":[{"taxonomy":"category","embeddable":true,"href":"https:\/\/www.fcbarcelonanoticias.com\/en\/wp-json\/wp\/v2\/categories?post=144332"},{"taxonomy":"post_tag","embeddable":true,"href":"https:\/\/www.fcbarcelonanoticias.com\/en\/wp-json\/wp\/v2\/tags?post=144332"}],"curies":[{"name":"wp","href":"https:\/\/api.w.org\/{rel}","templated":true}]}}