{"id":144392,"date":"2023-01-14T11:30:00","date_gmt":"2023-01-14T10:30:00","guid":{"rendered":"https:\/\/weisetech.dev\/fc-barcelona-noticias\/en\/xavi-makes-clear-he-should-do-barcelona-if-memphis-depay-came-out_288606_102\/"},"modified":"2023-01-14T11:31:00","modified_gmt":"2023-01-14T10:31:00","slug":"xavi-makes-clear-he-should-do-barcelona-if-memphis-depay-came-out_288606_102","status":"publish","type":"post","link":"https:\/\/www.fcbarcelonanoticias.com\/en\/transfers\/xavi-makes-clear-he-should-do-barcelona-if-memphis-depay-came-out_288606_102.html","title":{"rendered":"Xavi makes it clear what Bar\u00e7a should do if Memphis Depay left"},"content":{"rendered":"<h2 class=\"wp-block-heading\">The coach of the Bar\u00e7a first team, Xavi Hern\u00e1ndez, has offered a few words to the press ahead of the Super Cup final this Sunday against Real Madrid<\/h2>  \r\n<div class=\"article-addons\">\r\n    <a href=\"https:\/\/www.fcbarcelonanoticias.com\/en\/calendar-fc-barcelona.html\"\r\n       target=\"_self\"\r\n       title=\"Calendar of FC Barcelona\"\r\n       class=\"blue-gredient-btn\">\r\n       \r\n        Calendar of FC Barcelona    <\/a>\r\n<\/div>   <p><a data-external=\"0\" data-intl-links-en=\"https:\/\/www.fcbarcelonanoticias.com\/en\/tags\/xavi-hernandez\" data-intl-links-es=\"https:\/\/www.fcbarcelonanoticias.com\/tags\/xavi-hernandez\" href=\"https:\/\/www.fcbarcelonanoticias.com\/en\/tags\/xavi-hernandez.html\" rel=\"follow\" target=\"_self\" title=\"Xavi Hern\u00e1ndez\">Xavi Hern\u00e1ndez<\/a>, trainer of the first team of the FC Barcelona, <strong>has pronounced in front of the media in the previous press conference to the final of the Supercopa in front of the <a data-external=\"0\" data-intl-links-en=\"https:\/\/www.fcbarcelonanoticias.com\/en\/real-madrid\" data-intl-links-es=\"https:\/\/www.fcbarcelonanoticias.com\/real-madrid\" href=\"https:\/\/www.fcbarcelonanoticias.com\/en\/football-soccer\/real-madrid.html\" rel=\"follow\" target=\"_self\" title=\"Real Madrid\">Real Madrid<\/a>.<\/strong> The egarense spoke, between a lot of things, of the possible exit of Memphis Depay in the market of winter.<\/p>  <p>For anybody is a secret that the Bar\u00e7a and the group colchonero are negotiating the traspaso of the forward although the conditions still have not been imposed. This if, <strong>the technician left on the table that in case to have an exit, the club would have to find a relief of guarantees<\/strong> so that the staff do not lose his integrity in the offensive sector.<\/p>  <p><strong>&#8220;Already I have said that I do not want that it go out anybody, but if any has to go has to that suplir the drop. I do not go to give names because we are centred in the final but if any wants to go out it is necessary to look for him relief to this possible course&#8221;<\/strong>, aimed the technician, that according to several media would have requested to Yannick Carrasco like coin of change by the Dutch.<\/p>  <h3>Relief of guarantees<\/h3>  <p>The Belgian has good capacity of desborde and good one against one, <strong>something crucial in the offensive system of Xavi in his &#8216;new&#8217; Bar\u00e7a<\/strong>. Ousmane Demb\u00e9l\u00e9 Is a differential element in the team and would situate in parallel, since Carrasco works by the left band to profile changed. Besides, also it has a wide knowledge of LaLiga by his almost eight years inside the competition.<\/p>  <p>It will be necessary to see if both clubs arrive to an agreement<strong> taking into account that his wage is upper to the of Memphis and that still has a valid agreement until 2024<\/strong>. For the moment, the conversations continue and could intensify after the Supercopa, more still if the cul\u00e9s heave like champions in the first title of the &#8216;was Xavi&#8217;.<\/p> ","protected":false},"excerpt":{"rendered":"<p>The coach of the Bar\u00e7a first team, Xavi Hern\u00e1ndez, has offered a few words to the press ahead of the Super Cup final this Sunday against Real Madrid Xavi Hern\u00e1ndez, trainer of the first team of the FC Barcelona, has pronounced in front of the media in the previous press conference to the final of [&hellip;]<\/p>\n","protected":false},"author":0,"featured_media":144397,"comment_status":"closed","ping_status":"open","sticky":false,"template":"","format":"standard","meta":{"_acf_changed":false,"inline_featured_image":false,"_nextfly_llmd_date_locked":false,"footnotes":""},"categories":[449,106],"tags":[142,48],"class_list":["post-144392","post","type-post","status-publish","format-standard","has-post-thumbnail","hentry","category-transfers-2","category-transfers","tag-memphis-depay","tag-xavi-hernandez"],"acf":[],"yoast_head":"<!-- This site is optimized with the Yoast SEO plugin v27.3 - https:\/\/yoast.com\/product\/yoast-seo-wordpress\/ -->\n<title>Xavi makes it clear what Bar\u00e7a should do if Memphis Depay left<\/title>\n<meta name=\"description\" content=\"The coach of the Bar\u00e7a first team, Xavi Hern\u00e1ndez, has offered a few words to the press ahead of the Super Cup final this Sunday against Real Madrid\" \/>\n<meta name=\"robots\" content=\"index, follow, max-snippet:-1, max-image-preview:large, max-video-preview:-1\" \/>\n<link rel=\"canonical\" href=\"https:\/\/www.fcbarcelonanoticias.com\/en\/transfers\/xavi-makes-clear-he-should-do-barcelona-if-memphis-depay-came-out_288606_102.html\" \/>\n<meta property=\"og:locale\" content=\"en_US\" \/>\n<meta property=\"og:type\" content=\"article\" \/>\n<meta property=\"og:title\" content=\"Xavi makes it clear what Bar\u00e7a should do if Memphis Depay left\" \/>\n<meta property=\"og:description\" content=\"The coach of the Bar\u00e7a first team, Xavi Hern\u00e1ndez, has offered a few words to the press ahead of the Super Cup final this Sunday against Real Madrid\" \/>\n<meta property=\"og:url\" content=\"https:\/\/www.fcbarcelonanoticias.com\/en\/transfers\/xavi-makes-clear-he-should-do-barcelona-if-memphis-depay-came-out_288606_102.html\" \/>\n<meta property=\"og:site_name\" content=\"EN - FC Barcelona Noticias\" \/>\n<meta property=\"article:published_time\" content=\"2023-01-14T10:30:00+00:00\" \/>\n<meta property=\"article:modified_time\" content=\"2023-01-14T10:31:00+00:00\" \/>\n<meta property=\"og:image\" content=\"https:\/\/www.fcbarcelonanoticias.com\/en\/wp-content\/uploads\/sites\/2\/2023\/01\/xavi-en-rueda-de-prensa-3.jpeg\" \/>\n\t<meta property=\"og:image:width\" content=\"1300\" \/>\n\t<meta property=\"og:image:height\" content=\"749\" \/>\n\t<meta property=\"og:image:type\" content=\"image\/jpeg\" \/>\n<meta name=\"twitter:card\" content=\"summary_large_image\" \/>\n<meta name=\"twitter:label1\" content=\"Est. reading time\" \/>\n\t<meta name=\"twitter:data1\" content=\"2 minutes\" \/>\n<script type=\"application\/ld+json\" class=\"yoast-schema-graph\">{\"@context\":\"https:\\\/\\\/schema.org\",\"@graph\":[{\"@type\":\"Article\",\"@id\":\"https:\\\/\\\/www.fcbarcelonanoticias.com\\\/en\\\/transfers\\\/xavi-makes-clear-he-should-do-barcelona-if-memphis-depay-came-out_288606_102.html#article\",\"isPartOf\":{\"@id\":\"https:\\\/\\\/www.fcbarcelonanoticias.com\\\/en\\\/transfers\\\/xavi-makes-clear-he-should-do-barcelona-if-memphis-depay-came-out_288606_102.html\"},\"author\":{\"name\":\"\",\"@id\":\"\"},\"headline\":\"Xavi makes it clear what Bar\u00e7a should do if Memphis Depay left\",\"datePublished\":\"2023-01-14T10:30:00+00:00\",\"dateModified\":\"2023-01-14T10:31:00+00:00\",\"mainEntityOfPage\":{\"@id\":\"https:\\\/\\\/www.fcbarcelonanoticias.com\\\/en\\\/transfers\\\/xavi-makes-clear-he-should-do-barcelona-if-memphis-depay-came-out_288606_102.html\"},\"wordCount\":377,\"image\":{\"@id\":\"https:\\\/\\\/www.fcbarcelonanoticias.com\\\/en\\\/transfers\\\/xavi-makes-clear-he-should-do-barcelona-if-memphis-depay-came-out_288606_102.html#primaryimage\"},\"thumbnailUrl\":\"https:\\\/\\\/www.fcbarcelonanoticias.com\\\/en\\\/wp-content\\\/uploads\\\/sites\\\/2\\\/2023\\\/01\\\/xavi-en-rueda-de-prensa-3.jpeg\",\"keywords\":[\"Memphis Depay\",\"Xavi Hern\u00e1ndez\"],\"articleSection\":[\"Transfers\",\"Transfers\"],\"inLanguage\":\"en-US\"},{\"@type\":\"WebPage\",\"@id\":\"https:\\\/\\\/www.fcbarcelonanoticias.com\\\/en\\\/transfers\\\/xavi-makes-clear-he-should-do-barcelona-if-memphis-depay-came-out_288606_102.html\",\"url\":\"https:\\\/\\\/www.fcbarcelonanoticias.com\\\/en\\\/transfers\\\/xavi-makes-clear-he-should-do-barcelona-if-memphis-depay-came-out_288606_102.html\",\"name\":\"Xavi makes it clear what Bar\u00e7a should do if Memphis Depay left\",\"isPartOf\":{\"@id\":\"https:\\\/\\\/www.fcbarcelonanoticias.com\\\/en\\\/#website\"},\"primaryImageOfPage\":{\"@id\":\"https:\\\/\\\/www.fcbarcelonanoticias.com\\\/en\\\/transfers\\\/xavi-makes-clear-he-should-do-barcelona-if-memphis-depay-came-out_288606_102.html#primaryimage\"},\"image\":{\"@id\":\"https:\\\/\\\/www.fcbarcelonanoticias.com\\\/en\\\/transfers\\\/xavi-makes-clear-he-should-do-barcelona-if-memphis-depay-came-out_288606_102.html#primaryimage\"},\"thumbnailUrl\":\"https:\\\/\\\/www.fcbarcelonanoticias.com\\\/en\\\/wp-content\\\/uploads\\\/sites\\\/2\\\/2023\\\/01\\\/xavi-en-rueda-de-prensa-3.jpeg\",\"datePublished\":\"2023-01-14T10:30:00+00:00\",\"dateModified\":\"2023-01-14T10:31:00+00:00\",\"author\":{\"@id\":\"\"},\"description\":\"The coach of the Bar\u00e7a first team, Xavi Hern\u00e1ndez, has offered a few words to the press ahead of the Super Cup final this Sunday against Real Madrid\",\"breadcrumb\":{\"@id\":\"https:\\\/\\\/www.fcbarcelonanoticias.com\\\/en\\\/transfers\\\/xavi-makes-clear-he-should-do-barcelona-if-memphis-depay-came-out_288606_102.html#breadcrumb\"},\"inLanguage\":\"en-US\",\"potentialAction\":[{\"@type\":\"ReadAction\",\"target\":[\"https:\\\/\\\/www.fcbarcelonanoticias.com\\\/en\\\/transfers\\\/xavi-makes-clear-he-should-do-barcelona-if-memphis-depay-came-out_288606_102.html\"]}]},{\"@type\":\"ImageObject\",\"inLanguage\":\"en-US\",\"@id\":\"https:\\\/\\\/www.fcbarcelonanoticias.com\\\/en\\\/transfers\\\/xavi-makes-clear-he-should-do-barcelona-if-memphis-depay-came-out_288606_102.html#primaryimage\",\"url\":\"https:\\\/\\\/www.fcbarcelonanoticias.com\\\/en\\\/wp-content\\\/uploads\\\/sites\\\/2\\\/2023\\\/01\\\/xavi-en-rueda-de-prensa-3.jpeg\",\"contentUrl\":\"https:\\\/\\\/www.fcbarcelonanoticias.com\\\/en\\\/wp-content\\\/uploads\\\/sites\\\/2\\\/2023\\\/01\\\/xavi-en-rueda-de-prensa-3.jpeg\",\"width\":1300,\"height\":749},{\"@type\":\"BreadcrumbList\",\"@id\":\"https:\\\/\\\/www.fcbarcelonanoticias.com\\\/en\\\/transfers\\\/xavi-makes-clear-he-should-do-barcelona-if-memphis-depay-came-out_288606_102.html#breadcrumb\",\"itemListElement\":[{\"@type\":\"ListItem\",\"position\":1,\"name\":\"Portada\",\"item\":\"https:\\\/\\\/www.fcbarcelonanoticias.com\\\/en\\\/\"},{\"@type\":\"ListItem\",\"position\":2,\"name\":\"Xavi makes it clear what Bar\u00e7a should do if Memphis Depay left\"}]},{\"@type\":\"WebSite\",\"@id\":\"https:\\\/\\\/www.fcbarcelonanoticias.com\\\/en\\\/#website\",\"url\":\"https:\\\/\\\/www.fcbarcelonanoticias.com\\\/en\\\/\",\"name\":\"EN - FC Barcelona Noticias\",\"description\":\"\",\"potentialAction\":[{\"@type\":\"SearchAction\",\"target\":{\"@type\":\"EntryPoint\",\"urlTemplate\":\"https:\\\/\\\/www.fcbarcelonanoticias.com\\\/en\\\/?s={search_term_string}\"},\"query-input\":{\"@type\":\"PropertyValueSpecification\",\"valueRequired\":true,\"valueName\":\"search_term_string\"}}],\"inLanguage\":\"en-US\"}]}<\/script>\n<!-- \/ Yoast SEO plugin. -->","yoast_head_json":{"title":"Xavi makes it clear what Bar\u00e7a should do if Memphis Depay left","description":"The coach of the Bar\u00e7a first team, Xavi Hern\u00e1ndez, has offered a few words to the press ahead of the Super Cup final this Sunday against Real Madrid","robots":{"index":"index","follow":"follow","max-snippet":"max-snippet:-1","max-image-preview":"max-image-preview:large","max-video-preview":"max-video-preview:-1"},"canonical":"https:\/\/www.fcbarcelonanoticias.com\/en\/transfers\/xavi-makes-clear-he-should-do-barcelona-if-memphis-depay-came-out_288606_102.html","og_locale":"en_US","og_type":"article","og_title":"Xavi makes it clear what Bar\u00e7a should do if Memphis Depay left","og_description":"The coach of the Bar\u00e7a first team, Xavi Hern\u00e1ndez, has offered a few words to the press ahead of the Super Cup final this Sunday against Real Madrid","og_url":"https:\/\/www.fcbarcelonanoticias.com\/en\/transfers\/xavi-makes-clear-he-should-do-barcelona-if-memphis-depay-came-out_288606_102.html","og_site_name":"EN - FC Barcelona Noticias","article_published_time":"2023-01-14T10:30:00+00:00","article_modified_time":"2023-01-14T10:31:00+00:00","og_image":[{"width":1300,"height":749,"url":"https:\/\/www.fcbarcelonanoticias.com\/en\/wp-content\/uploads\/sites\/2\/2023\/01\/xavi-en-rueda-de-prensa-3.jpeg","type":"image\/jpeg"}],"twitter_card":"summary_large_image","twitter_misc":{"Est. reading time":"2 minutes"},"schema":{"@context":"https:\/\/schema.org","@graph":[{"@type":"Article","@id":"https:\/\/www.fcbarcelonanoticias.com\/en\/transfers\/xavi-makes-clear-he-should-do-barcelona-if-memphis-depay-came-out_288606_102.html#article","isPartOf":{"@id":"https:\/\/www.fcbarcelonanoticias.com\/en\/transfers\/xavi-makes-clear-he-should-do-barcelona-if-memphis-depay-came-out_288606_102.html"},"author":{"name":"","@id":""},"headline":"Xavi makes it clear what Bar\u00e7a should do if Memphis Depay left","datePublished":"2023-01-14T10:30:00+00:00","dateModified":"2023-01-14T10:31:00+00:00","mainEntityOfPage":{"@id":"https:\/\/www.fcbarcelonanoticias.com\/en\/transfers\/xavi-makes-clear-he-should-do-barcelona-if-memphis-depay-came-out_288606_102.html"},"wordCount":377,"image":{"@id":"https:\/\/www.fcbarcelonanoticias.com\/en\/transfers\/xavi-makes-clear-he-should-do-barcelona-if-memphis-depay-came-out_288606_102.html#primaryimage"},"thumbnailUrl":"https:\/\/www.fcbarcelonanoticias.com\/en\/wp-content\/uploads\/sites\/2\/2023\/01\/xavi-en-rueda-de-prensa-3.jpeg","keywords":["Memphis Depay","Xavi Hern\u00e1ndez"],"articleSection":["Transfers","Transfers"],"inLanguage":"en-US"},{"@type":"WebPage","@id":"https:\/\/www.fcbarcelonanoticias.com\/en\/transfers\/xavi-makes-clear-he-should-do-barcelona-if-memphis-depay-came-out_288606_102.html","url":"https:\/\/www.fcbarcelonanoticias.com\/en\/transfers\/xavi-makes-clear-he-should-do-barcelona-if-memphis-depay-came-out_288606_102.html","name":"Xavi makes it clear what Bar\u00e7a should do if Memphis Depay left","isPartOf":{"@id":"https:\/\/www.fcbarcelonanoticias.com\/en\/#website"},"primaryImageOfPage":{"@id":"https:\/\/www.fcbarcelonanoticias.com\/en\/transfers\/xavi-makes-clear-he-should-do-barcelona-if-memphis-depay-came-out_288606_102.html#primaryimage"},"image":{"@id":"https:\/\/www.fcbarcelonanoticias.com\/en\/transfers\/xavi-makes-clear-he-should-do-barcelona-if-memphis-depay-came-out_288606_102.html#primaryimage"},"thumbnailUrl":"https:\/\/www.fcbarcelonanoticias.com\/en\/wp-content\/uploads\/sites\/2\/2023\/01\/xavi-en-rueda-de-prensa-3.jpeg","datePublished":"2023-01-14T10:30:00+00:00","dateModified":"2023-01-14T10:31:00+00:00","author":{"@id":""},"description":"The coach of the Bar\u00e7a first team, Xavi Hern\u00e1ndez, has offered a few words to the press ahead of the Super Cup final this Sunday against Real Madrid","breadcrumb":{"@id":"https:\/\/www.fcbarcelonanoticias.com\/en\/transfers\/xavi-makes-clear-he-should-do-barcelona-if-memphis-depay-came-out_288606_102.html#breadcrumb"},"inLanguage":"en-US","potentialAction":[{"@type":"ReadAction","target":["https:\/\/www.fcbarcelonanoticias.com\/en\/transfers\/xavi-makes-clear-he-should-do-barcelona-if-memphis-depay-came-out_288606_102.html"]}]},{"@type":"ImageObject","inLanguage":"en-US","@id":"https:\/\/www.fcbarcelonanoticias.com\/en\/transfers\/xavi-makes-clear-he-should-do-barcelona-if-memphis-depay-came-out_288606_102.html#primaryimage","url":"https:\/\/www.fcbarcelonanoticias.com\/en\/wp-content\/uploads\/sites\/2\/2023\/01\/xavi-en-rueda-de-prensa-3.jpeg","contentUrl":"https:\/\/www.fcbarcelonanoticias.com\/en\/wp-content\/uploads\/sites\/2\/2023\/01\/xavi-en-rueda-de-prensa-3.jpeg","width":1300,"height":749},{"@type":"BreadcrumbList","@id":"https:\/\/www.fcbarcelonanoticias.com\/en\/transfers\/xavi-makes-clear-he-should-do-barcelona-if-memphis-depay-came-out_288606_102.html#breadcrumb","itemListElement":[{"@type":"ListItem","position":1,"name":"Portada","item":"https:\/\/www.fcbarcelonanoticias.com\/en\/"},{"@type":"ListItem","position":2,"name":"Xavi makes it clear what Bar\u00e7a should do if Memphis Depay left"}]},{"@type":"WebSite","@id":"https:\/\/www.fcbarcelonanoticias.com\/en\/#website","url":"https:\/\/www.fcbarcelonanoticias.com\/en\/","name":"EN - FC Barcelona Noticias","description":"","potentialAction":[{"@type":"SearchAction","target":{"@type":"EntryPoint","urlTemplate":"https:\/\/www.fcbarcelonanoticias.com\/en\/?s={search_term_string}"},"query-input":{"@type":"PropertyValueSpecification","valueRequired":true,"valueName":"search_term_string"}}],"inLanguage":"en-US"}]}},"_links":{"self":[{"href":"https:\/\/www.fcbarcelonanoticias.com\/en\/wp-json\/wp\/v2\/posts\/144392","targetHints":{"allow":["GET"]}}],"collection":[{"href":"https:\/\/www.fcbarcelonanoticias.com\/en\/wp-json\/wp\/v2\/posts"}],"about":[{"href":"https:\/\/www.fcbarcelonanoticias.com\/en\/wp-json\/wp\/v2\/types\/post"}],"replies":[{"embeddable":true,"href":"https:\/\/www.fcbarcelonanoticias.com\/en\/wp-json\/wp\/v2\/comments?post=144392"}],"version-history":[{"count":1,"href":"https:\/\/www.fcbarcelonanoticias.com\/en\/wp-json\/wp\/v2\/posts\/144392\/revisions"}],"predecessor-version":[{"id":146630,"href":"https:\/\/www.fcbarcelonanoticias.com\/en\/wp-json\/wp\/v2\/posts\/144392\/revisions\/146630"}],"wp:featuredmedia":[{"embeddable":true,"href":"https:\/\/www.fcbarcelonanoticias.com\/en\/wp-json\/wp\/v2\/media\/144397"}],"wp:attachment":[{"href":"https:\/\/www.fcbarcelonanoticias.com\/en\/wp-json\/wp\/v2\/media?parent=144392"}],"wp:term":[{"taxonomy":"category","embeddable":true,"href":"https:\/\/www.fcbarcelonanoticias.com\/en\/wp-json\/wp\/v2\/categories?post=144392"},{"taxonomy":"post_tag","embeddable":true,"href":"https:\/\/www.fcbarcelonanoticias.com\/en\/wp-json\/wp\/v2\/tags?post=144392"}],"curies":[{"name":"wp","href":"https:\/\/api.w.org\/{rel}","templated":true}]}}