{"id":144451,"date":"2025-03-04T02:06:00","date_gmt":"2025-03-04T01:06:00","guid":{"rendered":"https:\/\/weisetech.dev\/fc-barcelona-noticias\/en\/xavi-plans-for-the-next-season-revealed_311249_102\/"},"modified":"2025-03-04T07:39:00","modified_gmt":"2025-03-04T06:39:00","slug":"xavi-plans-for-the-next-season-revealed_311249_102","status":"publish","type":"post","link":"https:\/\/www.fcbarcelonanoticias.com\/en\/transfers\/xavi-plans-for-the-next-season-revealed_311249_102.html","title":{"rendered":"Xavi&#8217;s plans for the next season, revealed&#8230; with a surprise?"},"content":{"rendered":"<h2 class=\"wp-block-heading\">Xavi Hern\u00e1ndez will return to the sidelines next season. The Egarense has several clubs after him, although he does not rule out taking charge of a national team<\/h2>  \r\n<div class=\"article-addons\">\r\n    <a href=\"https:\/\/www.fcbarcelonanoticias.com\/en\/calendar-fc-barcelona.html\"\r\n       target=\"_self\"\r\n       title=\"Calendar of FC Barcelona\"\r\n       class=\"blue-gredient-btn\">\r\n       \r\n        Calendar of FC Barcelona    <\/a>\r\n<\/div>   <p><strong>Xavi Hern\u00e1ndez<\/strong> is determined to enjoy his sabbatical year. Since his departure from <strong>FC Barcelona<\/strong> at the end of last season, several clubs have approached the Egarense to take the reins of their squads, but the coach has remained firm in his stance of not sitting on a bench this season and has rejected all these proposals.<\/p>  <p>After a exhausting stint at the <strong>Spotify Camp Nou<\/strong>, the former midfielder&#8217;s idea has been to start a new adventure from scratch, dismissing any possibility of taking over a team mid-season. For this reason, <a data-external=\"0\" data-intl-links-en=\"https:\/\/www.fcbarcelonanoticias.com\/en\/transfers\/xavi-hernandez-and-his-possible-new-destination-total-surprise_311087_102.html\" data-intl-links-es=\"https:\/\/www.fcbarcelonanoticias.com\/fichajes\/xavi-hernandez-su-posible-nuevo-destino-sorpresa-total_311087_102.html\" href=\"https:\/\/www.fcbarcelonanoticias.com\/en\/transfers\/xavi-hernandez-and-his-possible-new-destination-total-surprise_311087_102.html\" rel=\"follow\" target=\"_self\" title=\"Xavi Hern\u00e1ndez and his possible new destination: a total surprise\">the coach would have turned down approaches from clubs like Manchester United or Juventus<\/a>, as his goal is to build a competitive project from the ground up.<\/p>  <p>In this sense, the newspaper &#8216;SPORT&#8217; has reported that from Xavi&#8217;s surroundings, it is revealed that, without a doubt, the Egarense will return to the sidelines next season. <strong>Hern\u00e1ndez<\/strong> is determined to coach next year, although he will not take charge of just any team.<\/p>  <h2>Xavi&#8217;s key condition to sign with a new team<\/h2>  <p>His plan is to stay in European football and at an important club, <strong>although he does not close the door on a national team<\/strong>, since a historic team like Brazil showed interest in him in the past and could attempt to contract him again.<\/p>  <p>In this new adventure, <strong>the coach would like to continue having his trusted men<\/strong>, starting with his brother, \u00d3scar Hern\u00e1ndez, as well as Sergio Alegre, currently an assistant to F\u00e9lix S\u00e1nchez at Al Sadd, and the trio of analysts consisting of Sergio Garc\u00eda, David Prats, and Toni Lobo, with the latter two working at Al Shamal.<\/p>  <p>What is clear is that <strong>Xavi<\/strong> only thinks about staying in the elite of European football <strong>and does not consider moving to the United States or Qatar<\/strong>. Both the &#8216;red devils&#8217; and the &#8216;Vecchia Signora&#8217; are keeping an eye on his situation, although the coach will likely have more offers in his pocket after making it clear that he is fully capable of leading a winning project.<\/p> ","protected":false},"excerpt":{"rendered":"<p>Xavi Hern\u00e1ndez will return to the sidelines next season. The Egarense has several clubs after him, although he does not rule out taking charge of a national team Xavi Hern\u00e1ndez is determined to enjoy his sabbatical year. Since his departure from FC Barcelona at the end of last season, several clubs have approached the Egarense [&hellip;]<\/p>\n","protected":false},"author":358,"featured_media":144454,"comment_status":"closed","ping_status":"open","sticky":false,"template":"","format":"standard","meta":{"_acf_changed":false,"inline_featured_image":false,"_nextfly_llmd_date_locked":false,"footnotes":""},"categories":[106,449],"tags":[48],"class_list":["post-144451","post","type-post","status-publish","format-standard","has-post-thumbnail","hentry","category-transfers","category-transfers-2","tag-xavi-hernandez"],"acf":[],"yoast_head":"<!-- This site is optimized with the Yoast SEO plugin v27.3 - https:\/\/yoast.com\/product\/yoast-seo-wordpress\/ -->\n<title>Xavi&#039;s plans for the next season, revealed...<\/title>\n<meta name=\"description\" content=\"Xavi Hern\u00e1ndez will return to the sidelines next season. The Egarense has several clubs after him, although he does not rule out taking charge of a national team\" \/>\n<meta name=\"robots\" content=\"index, follow, max-snippet:-1, max-image-preview:large, max-video-preview:-1\" \/>\n<link rel=\"canonical\" href=\"https:\/\/www.fcbarcelonanoticias.com\/en\/transfers\/xavi-plans-for-the-next-season-revealed_311249_102.html\" \/>\n<meta property=\"og:locale\" content=\"en_US\" \/>\n<meta property=\"og:type\" content=\"article\" \/>\n<meta property=\"og:title\" content=\"Xavi&#039;s plans for the next season, revealed...\" \/>\n<meta property=\"og:description\" content=\"Xavi Hern\u00e1ndez will return to the sidelines next season. The Egarense has several clubs after him, although he does not rule out taking charge of a national team\" \/>\n<meta property=\"og:url\" content=\"https:\/\/www.fcbarcelonanoticias.com\/en\/transfers\/xavi-plans-for-the-next-season-revealed_311249_102.html\" \/>\n<meta property=\"og:site_name\" content=\"EN - FC Barcelona Noticias\" \/>\n<meta property=\"article:published_time\" content=\"2025-03-04T01:06:00+00:00\" \/>\n<meta property=\"article:modified_time\" content=\"2025-03-04T06:39:00+00:00\" \/>\n<meta property=\"og:image\" content=\"https:\/\/www.fcbarcelonanoticias.com\/en\/wp-content\/uploads\/sites\/2\/2025\/03\/athletic-club-v-fc-barcelona-laliga-ea-sports-1.jpeg\" \/>\n\t<meta property=\"og:image:width\" content=\"1200\" \/>\n\t<meta property=\"og:image:height\" content=\"675\" \/>\n\t<meta property=\"og:image:type\" content=\"image\/jpeg\" \/>\n<meta name=\"author\" content=\"Juan Pablo Berdugo\" \/>\n<meta name=\"twitter:card\" content=\"summary_large_image\" \/>\n<meta name=\"twitter:label1\" content=\"Written by\" \/>\n\t<meta name=\"twitter:data1\" content=\"Juan Pablo Berdugo\" \/>\n\t<meta name=\"twitter:label2\" content=\"Est. reading time\" \/>\n\t<meta name=\"twitter:data2\" content=\"2 minutes\" \/>\n<script type=\"application\/ld+json\" class=\"yoast-schema-graph\">{\"@context\":\"https:\\\/\\\/schema.org\",\"@graph\":[{\"@type\":\"Article\",\"@id\":\"https:\\\/\\\/www.fcbarcelonanoticias.com\\\/en\\\/transfers\\\/xavi-plans-for-the-next-season-revealed_311249_102.html#article\",\"isPartOf\":{\"@id\":\"https:\\\/\\\/www.fcbarcelonanoticias.com\\\/en\\\/transfers\\\/xavi-plans-for-the-next-season-revealed_311249_102.html\"},\"author\":{\"name\":\"Juan Pablo Berdugo\",\"@id\":\"https:\\\/\\\/www.fcbarcelonanoticias.com\\\/en\\\/#\\\/schema\\\/person\\\/88d756918a0a1ae9fa593b5edddd1815\"},\"headline\":\"Xavi&#8217;s plans for the next season, revealed&#8230; with a surprise?\",\"datePublished\":\"2025-03-04T01:06:00+00:00\",\"dateModified\":\"2025-03-04T06:39:00+00:00\",\"mainEntityOfPage\":{\"@id\":\"https:\\\/\\\/www.fcbarcelonanoticias.com\\\/en\\\/transfers\\\/xavi-plans-for-the-next-season-revealed_311249_102.html\"},\"wordCount\":388,\"image\":{\"@id\":\"https:\\\/\\\/www.fcbarcelonanoticias.com\\\/en\\\/transfers\\\/xavi-plans-for-the-next-season-revealed_311249_102.html#primaryimage\"},\"thumbnailUrl\":\"https:\\\/\\\/www.fcbarcelonanoticias.com\\\/en\\\/wp-content\\\/uploads\\\/sites\\\/2\\\/2025\\\/03\\\/athletic-club-v-fc-barcelona-laliga-ea-sports-1.jpeg\",\"keywords\":[\"Xavi Hern\u00e1ndez\"],\"articleSection\":[\"Transfers\",\"Transfers\"],\"inLanguage\":\"en-US\"},{\"@type\":\"WebPage\",\"@id\":\"https:\\\/\\\/www.fcbarcelonanoticias.com\\\/en\\\/transfers\\\/xavi-plans-for-the-next-season-revealed_311249_102.html\",\"url\":\"https:\\\/\\\/www.fcbarcelonanoticias.com\\\/en\\\/transfers\\\/xavi-plans-for-the-next-season-revealed_311249_102.html\",\"name\":\"Xavi's plans for the next season, revealed...\",\"isPartOf\":{\"@id\":\"https:\\\/\\\/www.fcbarcelonanoticias.com\\\/en\\\/#website\"},\"primaryImageOfPage\":{\"@id\":\"https:\\\/\\\/www.fcbarcelonanoticias.com\\\/en\\\/transfers\\\/xavi-plans-for-the-next-season-revealed_311249_102.html#primaryimage\"},\"image\":{\"@id\":\"https:\\\/\\\/www.fcbarcelonanoticias.com\\\/en\\\/transfers\\\/xavi-plans-for-the-next-season-revealed_311249_102.html#primaryimage\"},\"thumbnailUrl\":\"https:\\\/\\\/www.fcbarcelonanoticias.com\\\/en\\\/wp-content\\\/uploads\\\/sites\\\/2\\\/2025\\\/03\\\/athletic-club-v-fc-barcelona-laliga-ea-sports-1.jpeg\",\"datePublished\":\"2025-03-04T01:06:00+00:00\",\"dateModified\":\"2025-03-04T06:39:00+00:00\",\"author\":{\"@id\":\"https:\\\/\\\/www.fcbarcelonanoticias.com\\\/en\\\/#\\\/schema\\\/person\\\/88d756918a0a1ae9fa593b5edddd1815\"},\"description\":\"Xavi Hern\u00e1ndez will return to the sidelines next season. The Egarense has several clubs after him, although he does not rule out taking charge of a national team\",\"breadcrumb\":{\"@id\":\"https:\\\/\\\/www.fcbarcelonanoticias.com\\\/en\\\/transfers\\\/xavi-plans-for-the-next-season-revealed_311249_102.html#breadcrumb\"},\"inLanguage\":\"en-US\",\"potentialAction\":[{\"@type\":\"ReadAction\",\"target\":[\"https:\\\/\\\/www.fcbarcelonanoticias.com\\\/en\\\/transfers\\\/xavi-plans-for-the-next-season-revealed_311249_102.html\"]}]},{\"@type\":\"ImageObject\",\"inLanguage\":\"en-US\",\"@id\":\"https:\\\/\\\/www.fcbarcelonanoticias.com\\\/en\\\/transfers\\\/xavi-plans-for-the-next-season-revealed_311249_102.html#primaryimage\",\"url\":\"https:\\\/\\\/www.fcbarcelonanoticias.com\\\/en\\\/wp-content\\\/uploads\\\/sites\\\/2\\\/2025\\\/03\\\/athletic-club-v-fc-barcelona-laliga-ea-sports-1.jpeg\",\"contentUrl\":\"https:\\\/\\\/www.fcbarcelonanoticias.com\\\/en\\\/wp-content\\\/uploads\\\/sites\\\/2\\\/2025\\\/03\\\/athletic-club-v-fc-barcelona-laliga-ea-sports-1.jpeg\",\"width\":1200,\"height\":675},{\"@type\":\"BreadcrumbList\",\"@id\":\"https:\\\/\\\/www.fcbarcelonanoticias.com\\\/en\\\/transfers\\\/xavi-plans-for-the-next-season-revealed_311249_102.html#breadcrumb\",\"itemListElement\":[{\"@type\":\"ListItem\",\"position\":1,\"name\":\"Portada\",\"item\":\"https:\\\/\\\/www.fcbarcelonanoticias.com\\\/en\\\/\"},{\"@type\":\"ListItem\",\"position\":2,\"name\":\"Xavi&#8217;s plans for the next season, revealed&#8230; with a surprise?\"}]},{\"@type\":\"WebSite\",\"@id\":\"https:\\\/\\\/www.fcbarcelonanoticias.com\\\/en\\\/#website\",\"url\":\"https:\\\/\\\/www.fcbarcelonanoticias.com\\\/en\\\/\",\"name\":\"EN - FC Barcelona Noticias\",\"description\":\"\",\"potentialAction\":[{\"@type\":\"SearchAction\",\"target\":{\"@type\":\"EntryPoint\",\"urlTemplate\":\"https:\\\/\\\/www.fcbarcelonanoticias.com\\\/en\\\/?s={search_term_string}\"},\"query-input\":{\"@type\":\"PropertyValueSpecification\",\"valueRequired\":true,\"valueName\":\"search_term_string\"}}],\"inLanguage\":\"en-US\"},{\"@type\":\"Person\",\"@id\":\"https:\\\/\\\/www.fcbarcelonanoticias.com\\\/en\\\/#\\\/schema\\\/person\\\/88d756918a0a1ae9fa593b5edddd1815\",\"name\":\"Juan Pablo Berdugo\",\"image\":{\"@type\":\"ImageObject\",\"inLanguage\":\"en-US\",\"@id\":\"https:\\\/\\\/secure.gravatar.com\\\/avatar\\\/?s=96&d=mm&r=g\",\"url\":\"https:\\\/\\\/secure.gravatar.com\\\/avatar\\\/?s=96&d=mm&r=g\",\"contentUrl\":\"https:\\\/\\\/secure.gravatar.com\\\/avatar\\\/?s=96&d=mm&r=g\",\"caption\":\"Juan Pablo Berdugo\"},\"description\":\"Juan Pablo Berdugo es graduado en Periodismo. Colabora con FCBN como especialista en informaci\u00f3n del primer equipo del FC Barcelona, f\u00fatbol internacional y mercado de fichajes. Destaca por su enfoque anal\u00edtico, su rigor informativo y su capacidad para detectar tendencias emergentes en el f\u00fatbol global.\",\"url\":\"https:\\\/\\\/www.fcbarcelonanoticias.com\\\/en\\\/fc-barcelona\\\/juan-pablo-berdugo_18_115.html\"}]}<\/script>\n<!-- \/ Yoast SEO plugin. -->","yoast_head_json":{"title":"Xavi's plans for the next season, revealed...","description":"Xavi Hern\u00e1ndez will return to the sidelines next season. The Egarense has several clubs after him, although he does not rule out taking charge of a national team","robots":{"index":"index","follow":"follow","max-snippet":"max-snippet:-1","max-image-preview":"max-image-preview:large","max-video-preview":"max-video-preview:-1"},"canonical":"https:\/\/www.fcbarcelonanoticias.com\/en\/transfers\/xavi-plans-for-the-next-season-revealed_311249_102.html","og_locale":"en_US","og_type":"article","og_title":"Xavi's plans for the next season, revealed...","og_description":"Xavi Hern\u00e1ndez will return to the sidelines next season. The Egarense has several clubs after him, although he does not rule out taking charge of a national team","og_url":"https:\/\/www.fcbarcelonanoticias.com\/en\/transfers\/xavi-plans-for-the-next-season-revealed_311249_102.html","og_site_name":"EN - FC Barcelona Noticias","article_published_time":"2025-03-04T01:06:00+00:00","article_modified_time":"2025-03-04T06:39:00+00:00","og_image":[{"width":1200,"height":675,"url":"https:\/\/www.fcbarcelonanoticias.com\/en\/wp-content\/uploads\/sites\/2\/2025\/03\/athletic-club-v-fc-barcelona-laliga-ea-sports-1.jpeg","type":"image\/jpeg"}],"author":"Juan Pablo Berdugo","twitter_card":"summary_large_image","twitter_misc":{"Written by":"Juan Pablo Berdugo","Est. reading time":"2 minutes"},"schema":{"@context":"https:\/\/schema.org","@graph":[{"@type":"Article","@id":"https:\/\/www.fcbarcelonanoticias.com\/en\/transfers\/xavi-plans-for-the-next-season-revealed_311249_102.html#article","isPartOf":{"@id":"https:\/\/www.fcbarcelonanoticias.com\/en\/transfers\/xavi-plans-for-the-next-season-revealed_311249_102.html"},"author":{"name":"Juan Pablo Berdugo","@id":"https:\/\/www.fcbarcelonanoticias.com\/en\/#\/schema\/person\/88d756918a0a1ae9fa593b5edddd1815"},"headline":"Xavi&#8217;s plans for the next season, revealed&#8230; with a surprise?","datePublished":"2025-03-04T01:06:00+00:00","dateModified":"2025-03-04T06:39:00+00:00","mainEntityOfPage":{"@id":"https:\/\/www.fcbarcelonanoticias.com\/en\/transfers\/xavi-plans-for-the-next-season-revealed_311249_102.html"},"wordCount":388,"image":{"@id":"https:\/\/www.fcbarcelonanoticias.com\/en\/transfers\/xavi-plans-for-the-next-season-revealed_311249_102.html#primaryimage"},"thumbnailUrl":"https:\/\/www.fcbarcelonanoticias.com\/en\/wp-content\/uploads\/sites\/2\/2025\/03\/athletic-club-v-fc-barcelona-laliga-ea-sports-1.jpeg","keywords":["Xavi Hern\u00e1ndez"],"articleSection":["Transfers","Transfers"],"inLanguage":"en-US"},{"@type":"WebPage","@id":"https:\/\/www.fcbarcelonanoticias.com\/en\/transfers\/xavi-plans-for-the-next-season-revealed_311249_102.html","url":"https:\/\/www.fcbarcelonanoticias.com\/en\/transfers\/xavi-plans-for-the-next-season-revealed_311249_102.html","name":"Xavi's plans for the next season, revealed...","isPartOf":{"@id":"https:\/\/www.fcbarcelonanoticias.com\/en\/#website"},"primaryImageOfPage":{"@id":"https:\/\/www.fcbarcelonanoticias.com\/en\/transfers\/xavi-plans-for-the-next-season-revealed_311249_102.html#primaryimage"},"image":{"@id":"https:\/\/www.fcbarcelonanoticias.com\/en\/transfers\/xavi-plans-for-the-next-season-revealed_311249_102.html#primaryimage"},"thumbnailUrl":"https:\/\/www.fcbarcelonanoticias.com\/en\/wp-content\/uploads\/sites\/2\/2025\/03\/athletic-club-v-fc-barcelona-laliga-ea-sports-1.jpeg","datePublished":"2025-03-04T01:06:00+00:00","dateModified":"2025-03-04T06:39:00+00:00","author":{"@id":"https:\/\/www.fcbarcelonanoticias.com\/en\/#\/schema\/person\/88d756918a0a1ae9fa593b5edddd1815"},"description":"Xavi Hern\u00e1ndez will return to the sidelines next season. The Egarense has several clubs after him, although he does not rule out taking charge of a national team","breadcrumb":{"@id":"https:\/\/www.fcbarcelonanoticias.com\/en\/transfers\/xavi-plans-for-the-next-season-revealed_311249_102.html#breadcrumb"},"inLanguage":"en-US","potentialAction":[{"@type":"ReadAction","target":["https:\/\/www.fcbarcelonanoticias.com\/en\/transfers\/xavi-plans-for-the-next-season-revealed_311249_102.html"]}]},{"@type":"ImageObject","inLanguage":"en-US","@id":"https:\/\/www.fcbarcelonanoticias.com\/en\/transfers\/xavi-plans-for-the-next-season-revealed_311249_102.html#primaryimage","url":"https:\/\/www.fcbarcelonanoticias.com\/en\/wp-content\/uploads\/sites\/2\/2025\/03\/athletic-club-v-fc-barcelona-laliga-ea-sports-1.jpeg","contentUrl":"https:\/\/www.fcbarcelonanoticias.com\/en\/wp-content\/uploads\/sites\/2\/2025\/03\/athletic-club-v-fc-barcelona-laliga-ea-sports-1.jpeg","width":1200,"height":675},{"@type":"BreadcrumbList","@id":"https:\/\/www.fcbarcelonanoticias.com\/en\/transfers\/xavi-plans-for-the-next-season-revealed_311249_102.html#breadcrumb","itemListElement":[{"@type":"ListItem","position":1,"name":"Portada","item":"https:\/\/www.fcbarcelonanoticias.com\/en\/"},{"@type":"ListItem","position":2,"name":"Xavi&#8217;s plans for the next season, revealed&#8230; with a surprise?"}]},{"@type":"WebSite","@id":"https:\/\/www.fcbarcelonanoticias.com\/en\/#website","url":"https:\/\/www.fcbarcelonanoticias.com\/en\/","name":"EN - FC Barcelona Noticias","description":"","potentialAction":[{"@type":"SearchAction","target":{"@type":"EntryPoint","urlTemplate":"https:\/\/www.fcbarcelonanoticias.com\/en\/?s={search_term_string}"},"query-input":{"@type":"PropertyValueSpecification","valueRequired":true,"valueName":"search_term_string"}}],"inLanguage":"en-US"},{"@type":"Person","@id":"https:\/\/www.fcbarcelonanoticias.com\/en\/#\/schema\/person\/88d756918a0a1ae9fa593b5edddd1815","name":"Juan Pablo Berdugo","image":{"@type":"ImageObject","inLanguage":"en-US","@id":"https:\/\/secure.gravatar.com\/avatar\/?s=96&d=mm&r=g","url":"https:\/\/secure.gravatar.com\/avatar\/?s=96&d=mm&r=g","contentUrl":"https:\/\/secure.gravatar.com\/avatar\/?s=96&d=mm&r=g","caption":"Juan Pablo Berdugo"},"description":"Juan Pablo Berdugo es graduado en Periodismo. Colabora con FCBN como especialista en informaci\u00f3n del primer equipo del FC Barcelona, f\u00fatbol internacional y mercado de fichajes. Destaca por su enfoque anal\u00edtico, su rigor informativo y su capacidad para detectar tendencias emergentes en el f\u00fatbol global.","url":"https:\/\/www.fcbarcelonanoticias.com\/en\/fc-barcelona\/juan-pablo-berdugo_18_115.html"}]}},"_links":{"self":[{"href":"https:\/\/www.fcbarcelonanoticias.com\/en\/wp-json\/wp\/v2\/posts\/144451","targetHints":{"allow":["GET"]}}],"collection":[{"href":"https:\/\/www.fcbarcelonanoticias.com\/en\/wp-json\/wp\/v2\/posts"}],"about":[{"href":"https:\/\/www.fcbarcelonanoticias.com\/en\/wp-json\/wp\/v2\/types\/post"}],"author":[{"embeddable":true,"href":"https:\/\/www.fcbarcelonanoticias.com\/en\/wp-json\/wp\/v2\/users\/358"}],"replies":[{"embeddable":true,"href":"https:\/\/www.fcbarcelonanoticias.com\/en\/wp-json\/wp\/v2\/comments?post=144451"}],"version-history":[{"count":1,"href":"https:\/\/www.fcbarcelonanoticias.com\/en\/wp-json\/wp\/v2\/posts\/144451\/revisions"}],"predecessor-version":[{"id":146625,"href":"https:\/\/www.fcbarcelonanoticias.com\/en\/wp-json\/wp\/v2\/posts\/144451\/revisions\/146625"}],"wp:featuredmedia":[{"embeddable":true,"href":"https:\/\/www.fcbarcelonanoticias.com\/en\/wp-json\/wp\/v2\/media\/144454"}],"wp:attachment":[{"href":"https:\/\/www.fcbarcelonanoticias.com\/en\/wp-json\/wp\/v2\/media?parent=144451"}],"wp:term":[{"taxonomy":"category","embeddable":true,"href":"https:\/\/www.fcbarcelonanoticias.com\/en\/wp-json\/wp\/v2\/categories?post=144451"},{"taxonomy":"post_tag","embeddable":true,"href":"https:\/\/www.fcbarcelonanoticias.com\/en\/wp-json\/wp\/v2\/tags?post=144451"}],"curies":[{"name":"wp","href":"https:\/\/api.w.org\/{rel}","templated":true}]}}