{"id":14455,"date":"2023-10-28T15:53:00","date_gmt":"2023-10-28T13:53:00","guid":{"rendered":"https:\/\/weisetech.dev\/fc-barcelona-noticias\/en\/barca-smiles-with-the-miraculous-recoveries-of-lewandowski-raphinha-and-kounde_297526_102\/"},"modified":"2023-10-28T18:24:00","modified_gmt":"2023-10-28T16:24:00","slug":"barca-smiles-with-the-miraculous-recoveries-of-lewandowski-raphinha-and-kounde_297526_102","status":"publish","type":"post","link":"https:\/\/www.fcbarcelonanoticias.com\/en\/fc-barcelona\/barca-smiles-with-the-miraculous-recoveries-of-lewandowski-raphinha-and-kounde_297526_102.html","title":{"rendered":"The professionalism of Lewandowski, Kound\u00e9 and Raphinha makes Bar\u00e7a proud"},"content":{"rendered":"<h2 class=\"wp-block-heading\">Robert Lewandowski, Raphinha and Jules Kound\u00e9 have shown their commitment as Bar\u00e7a players and have accelerated their respective recovery processes to integrate into the Bar\u00e7a dynamic as soon as possible, especially ahead of the Cl\u00e1sico against Real Madrid, a duel of great importance<\/h2>  \r\n<div class=\"article-addons\">\r\n    <a href=\"https:\/\/www.fcbarcelonanoticias.com\/en\/calendar-fc-barcelona.html\"\r\n       target=\"_self\"\r\n       title=\"Calendar of FC Barcelona\"\r\n       class=\"blue-gredient-btn\">\r\n       \r\n        Calendar of FC Barcelona    <\/a>\r\n<\/div>   <p>The FC Barcelona has received recently several good news related with the high in the first team. <strong>The combined of the City Condal has tackled the incorporations of Robert Lewandowski, Raphinha and Jules Kound\u00e9 of an alone tacada<\/strong>. It expected that they were a greater time of drop, but finally have accelerated his time of recovery to go in in the Barcelona dynamics in a vital stretch of the campaign.<\/p>  <p>The three names, said was in passing, <strong>have done a remarkable effort to be able to be available in the announcement of Xavi Hern\u00e1ndez to confront the Classical in front of the Real Madrid<\/strong>. However, they have not been able to arrive to <a data-external=\"0\" data-intl-links-en=\"https:\/\/www.fcbarcelonanoticias.com\/en\/players\/pedri-frenkie-jong-sergi-roberto-se-ran-without-barca-madrid_297520_102.html\" data-intl-links-es=\"https:\/\/www.fcbarcelonanoticias.com\/jugadores\/pedri-frenkie-jong-sergi-roberto-se-quedan-sin-barca-madrid_297520_102.html\" href=\"https:\/\/www.fcbarcelonanoticias.com\/en\/players\/pedri-frenkie-jong-sergi-roberto-se-ran-without-barca-madrid_297520_102.html\" rel=\"follow\" target=\"_self\" title=\"Pedri, Frenkie de Jong y Sergi Roberto se quedan sin Bar\u00e7a-Madrid\">time neither Frenkie of Jong, neither Pedri, neither Sergi Roberto<\/a>. It expects that there is good news on his recovery in the next days.<\/p>  <p>Between all the lesionados,<strong> the one who had more complicated to go back prompt was Jules Kound\u00e9<\/strong>. So much Lewandowski, the one who suffered a sprain in the right ankle in the duel against the Port wine the past four October, like Raphinha, the one who suffered an injury in the biceps femoral right the past 30 September, tightened in his physical recovery, but had a time of greater recovery that the one of the defender Frenchman. Of all the absent in the dynamic cul\u00e9, the native of Paris <a data-external=\"0\" data-intl-links-en=\"https:\/\/www.fcbarcelonanoticias.com\/en\/players\/verdict-final-jules-kounde-will-not-be-in-the-classical_297131_102.html\" data-intl-links-es=\"https:\/\/www.fcbarcelonanoticias.com\/jugadores\/veredicto-final-jules-kounde-no-estara-en-clasico_297131_102.html\" href=\"https:\/\/www.fcbarcelonanoticias.com\/en\/players\/verdict-final-jules-kounde-will-not-be-in-the-classical_297131_102.html\" rel=\"follow\" target=\"_self\" title=\"'Veredicto' final: Jules Kound\u00e9 no estar\u00e1 en el Cl\u00e1sico\">was the only whose descarte of the Classical was announced as sure<\/a>, but finally has shortened miraculously his process of recovery in two weeks.<\/p>  <h2>&#8216;Lewy&#8217; And Raphinha saw minutes against the Madrid, Kound\u00e9 no<\/h2>  <p>Finally,<strong> all have recovered to time and have gone in in the announcement of the Barcelona club in the duel in front of the Real Madrid<\/strong>, <a data-external=\"0\" data-intl-links-en=\"https:\/\/www.fcbarcelonanoticias.com\/en\/laliga\/the-barca-desaprovecha-his-superiority-and-falls-in-front-of-mediocre-real-madrid-1-2_297527_102.html\" data-intl-links-es=\"https:\/\/www.fcbarcelonanoticias.com\/laliga\/barca-desaprovecha-su-superioridad-cae-mediocre-real-madrid-1-2_297527_102.html\" href=\"https:\/\/www.fcbarcelonanoticias.com\/en\/laliga\/the-barca-desaprovecha-his-superiority-and-falls-in-front-of-mediocre-real-madrid-1-2_297527_102.html\" rel=\"follow\" target=\"_self\" title=\"El Bar\u00e7a desaprovecha su superioridad y cae ante un mediocre Real Madrid (1-2)\">which culminated 1-2 in favour of the merengues<\/a>. Although the French defender did not see action, so much the ariete Polish like the Brazilian extreme himself were considered like options by Xavi to change the dynamics of the party, ingresando to the minute 61 and to the minute 77 respectively. Both players showed to be totally recovered, although the occasions of goal were not abundant.<\/p> ","protected":false},"excerpt":{"rendered":"<p>Robert Lewandowski, Raphinha and Jules Kound\u00e9 have shown their commitment as Bar\u00e7a players and have accelerated their respective recovery processes to integrate into the Bar\u00e7a dynamic as soon as possible, especially ahead of the Cl\u00e1sico against Real Madrid, a duel of great importance The FC Barcelona has received recently several good news related with the [&hellip;]<\/p>\n","protected":false},"author":355,"featured_media":14456,"comment_status":"closed","ping_status":"open","sticky":false,"template":"","format":"standard","meta":{"_acf_changed":false,"inline_featured_image":false,"_nextfly_llmd_date_locked":false,"footnotes":""},"categories":[111],"tags":[],"class_list":["post-14455","post","type-post","status-publish","format-standard","has-post-thumbnail","hentry","category-fc-barcelona"],"acf":[],"yoast_head":"<!-- This site is optimized with the Yoast SEO plugin v27.3 - https:\/\/yoast.com\/product\/yoast-seo-wordpress\/ -->\n<title>The professionalism of Lewandowski, Kound\u00e9 and Raphinha makes Bar\u00e7a proud<\/title>\n<meta name=\"description\" content=\"Robert Lewandowski, Raphinha and Jules Kound\u00e9 have shown their commitment as Bar\u00e7a players and have accelerated their respective recovery processes to integrate into the Bar\u00e7a dynamic as soon as possible, especially ahead of the Cl\u00e1sico against Real Madrid, a duel of great importance\" \/>\n<meta name=\"robots\" content=\"index, follow, max-snippet:-1, max-image-preview:large, max-video-preview:-1\" \/>\n<link rel=\"canonical\" href=\"https:\/\/www.fcbarcelonanoticias.com\/en\/fc-barcelona\/barca-smiles-with-the-miraculous-recoveries-of-lewandowski-raphinha-and-kounde_297526_102.html\" \/>\n<meta property=\"og:locale\" content=\"en_US\" \/>\n<meta property=\"og:type\" content=\"article\" \/>\n<meta property=\"og:title\" content=\"The professionalism of Lewandowski, Kound\u00e9 and Raphinha makes Bar\u00e7a proud\" \/>\n<meta property=\"og:description\" content=\"Robert Lewandowski, Raphinha and Jules Kound\u00e9 have shown their commitment as Bar\u00e7a players and have accelerated their respective recovery processes to integrate into the Bar\u00e7a dynamic as soon as possible, especially ahead of the Cl\u00e1sico against Real Madrid, a duel of great importance\" \/>\n<meta property=\"og:url\" content=\"https:\/\/www.fcbarcelonanoticias.com\/en\/fc-barcelona\/barca-smiles-with-the-miraculous-recoveries-of-lewandowski-raphinha-and-kounde_297526_102.html\" \/>\n<meta property=\"og:site_name\" content=\"EN - FC Barcelona Noticias\" \/>\n<meta property=\"article:published_time\" content=\"2023-10-28T13:53:00+00:00\" \/>\n<meta property=\"article:modified_time\" content=\"2023-10-28T16:24:00+00:00\" \/>\n<meta property=\"og:image\" content=\"https:\/\/www.fcbarcelonanoticias.com\/en\/wp-content\/uploads\/sites\/2\/2023\/10\/lewandowski-raphinha-y-kounde-recuperados-de-sus-lesiones.png\" \/>\n\t<meta property=\"og:image:width\" content=\"1300\" \/>\n\t<meta property=\"og:image:height\" content=\"732\" \/>\n\t<meta property=\"og:image:type\" content=\"image\/png\" \/>\n<meta name=\"author\" content=\"Kevin G\u00f3mez\" \/>\n<meta name=\"twitter:card\" content=\"summary_large_image\" \/>\n<meta name=\"twitter:label1\" content=\"Written by\" \/>\n\t<meta name=\"twitter:data1\" content=\"Kevin G\u00f3mez\" \/>\n\t<meta name=\"twitter:label2\" content=\"Est. reading time\" \/>\n\t<meta name=\"twitter:data2\" content=\"2 minutes\" \/>\n<script type=\"application\/ld+json\" class=\"yoast-schema-graph\">{\"@context\":\"https:\\\/\\\/schema.org\",\"@graph\":[{\"@type\":\"Article\",\"@id\":\"https:\\\/\\\/www.fcbarcelonanoticias.com\\\/en\\\/fc-barcelona\\\/barca-smiles-with-the-miraculous-recoveries-of-lewandowski-raphinha-and-kounde_297526_102.html#article\",\"isPartOf\":{\"@id\":\"https:\\\/\\\/www.fcbarcelonanoticias.com\\\/en\\\/fc-barcelona\\\/barca-smiles-with-the-miraculous-recoveries-of-lewandowski-raphinha-and-kounde_297526_102.html\"},\"author\":{\"name\":\"Kevin G\u00f3mez\",\"@id\":\"https:\\\/\\\/www.fcbarcelonanoticias.com\\\/en\\\/#\\\/schema\\\/person\\\/991443f134df9a64c6874f96ff984c9d\"},\"headline\":\"The professionalism of Lewandowski, Kound\u00e9 and Raphinha makes Bar\u00e7a proud\",\"datePublished\":\"2023-10-28T13:53:00+00:00\",\"dateModified\":\"2023-10-28T16:24:00+00:00\",\"mainEntityOfPage\":{\"@id\":\"https:\\\/\\\/www.fcbarcelonanoticias.com\\\/en\\\/fc-barcelona\\\/barca-smiles-with-the-miraculous-recoveries-of-lewandowski-raphinha-and-kounde_297526_102.html\"},\"wordCount\":406,\"image\":{\"@id\":\"https:\\\/\\\/www.fcbarcelonanoticias.com\\\/en\\\/fc-barcelona\\\/barca-smiles-with-the-miraculous-recoveries-of-lewandowski-raphinha-and-kounde_297526_102.html#primaryimage\"},\"thumbnailUrl\":\"https:\\\/\\\/www.fcbarcelonanoticias.com\\\/en\\\/wp-content\\\/uploads\\\/sites\\\/2\\\/2023\\\/10\\\/lewandowski-raphinha-y-kounde-recuperados-de-sus-lesiones.png\",\"articleSection\":[\"FC Barcelona\"],\"inLanguage\":\"en-US\"},{\"@type\":\"WebPage\",\"@id\":\"https:\\\/\\\/www.fcbarcelonanoticias.com\\\/en\\\/fc-barcelona\\\/barca-smiles-with-the-miraculous-recoveries-of-lewandowski-raphinha-and-kounde_297526_102.html\",\"url\":\"https:\\\/\\\/www.fcbarcelonanoticias.com\\\/en\\\/fc-barcelona\\\/barca-smiles-with-the-miraculous-recoveries-of-lewandowski-raphinha-and-kounde_297526_102.html\",\"name\":\"The professionalism of Lewandowski, Kound\u00e9 and Raphinha makes Bar\u00e7a proud\",\"isPartOf\":{\"@id\":\"https:\\\/\\\/www.fcbarcelonanoticias.com\\\/en\\\/#website\"},\"primaryImageOfPage\":{\"@id\":\"https:\\\/\\\/www.fcbarcelonanoticias.com\\\/en\\\/fc-barcelona\\\/barca-smiles-with-the-miraculous-recoveries-of-lewandowski-raphinha-and-kounde_297526_102.html#primaryimage\"},\"image\":{\"@id\":\"https:\\\/\\\/www.fcbarcelonanoticias.com\\\/en\\\/fc-barcelona\\\/barca-smiles-with-the-miraculous-recoveries-of-lewandowski-raphinha-and-kounde_297526_102.html#primaryimage\"},\"thumbnailUrl\":\"https:\\\/\\\/www.fcbarcelonanoticias.com\\\/en\\\/wp-content\\\/uploads\\\/sites\\\/2\\\/2023\\\/10\\\/lewandowski-raphinha-y-kounde-recuperados-de-sus-lesiones.png\",\"datePublished\":\"2023-10-28T13:53:00+00:00\",\"dateModified\":\"2023-10-28T16:24:00+00:00\",\"author\":{\"@id\":\"https:\\\/\\\/www.fcbarcelonanoticias.com\\\/en\\\/#\\\/schema\\\/person\\\/991443f134df9a64c6874f96ff984c9d\"},\"description\":\"Robert Lewandowski, Raphinha and Jules Kound\u00e9 have shown their commitment as Bar\u00e7a players and have accelerated their respective recovery processes to integrate into the Bar\u00e7a dynamic as soon as possible, especially ahead of the Cl\u00e1sico against Real Madrid, a duel of great importance\",\"breadcrumb\":{\"@id\":\"https:\\\/\\\/www.fcbarcelonanoticias.com\\\/en\\\/fc-barcelona\\\/barca-smiles-with-the-miraculous-recoveries-of-lewandowski-raphinha-and-kounde_297526_102.html#breadcrumb\"},\"inLanguage\":\"en-US\",\"potentialAction\":[{\"@type\":\"ReadAction\",\"target\":[\"https:\\\/\\\/www.fcbarcelonanoticias.com\\\/en\\\/fc-barcelona\\\/barca-smiles-with-the-miraculous-recoveries-of-lewandowski-raphinha-and-kounde_297526_102.html\"]}]},{\"@type\":\"ImageObject\",\"inLanguage\":\"en-US\",\"@id\":\"https:\\\/\\\/www.fcbarcelonanoticias.com\\\/en\\\/fc-barcelona\\\/barca-smiles-with-the-miraculous-recoveries-of-lewandowski-raphinha-and-kounde_297526_102.html#primaryimage\",\"url\":\"https:\\\/\\\/www.fcbarcelonanoticias.com\\\/en\\\/wp-content\\\/uploads\\\/sites\\\/2\\\/2023\\\/10\\\/lewandowski-raphinha-y-kounde-recuperados-de-sus-lesiones.png\",\"contentUrl\":\"https:\\\/\\\/www.fcbarcelonanoticias.com\\\/en\\\/wp-content\\\/uploads\\\/sites\\\/2\\\/2023\\\/10\\\/lewandowski-raphinha-y-kounde-recuperados-de-sus-lesiones.png\",\"width\":1300,\"height\":732},{\"@type\":\"BreadcrumbList\",\"@id\":\"https:\\\/\\\/www.fcbarcelonanoticias.com\\\/en\\\/fc-barcelona\\\/barca-smiles-with-the-miraculous-recoveries-of-lewandowski-raphinha-and-kounde_297526_102.html#breadcrumb\",\"itemListElement\":[{\"@type\":\"ListItem\",\"position\":1,\"name\":\"Portada\",\"item\":\"https:\\\/\\\/www.fcbarcelonanoticias.com\\\/en\\\/\"},{\"@type\":\"ListItem\",\"position\":2,\"name\":\"The professionalism of Lewandowski, Kound\u00e9 and Raphinha makes Bar\u00e7a proud\"}]},{\"@type\":\"WebSite\",\"@id\":\"https:\\\/\\\/www.fcbarcelonanoticias.com\\\/en\\\/#website\",\"url\":\"https:\\\/\\\/www.fcbarcelonanoticias.com\\\/en\\\/\",\"name\":\"EN - FC Barcelona Noticias\",\"description\":\"\",\"potentialAction\":[{\"@type\":\"SearchAction\",\"target\":{\"@type\":\"EntryPoint\",\"urlTemplate\":\"https:\\\/\\\/www.fcbarcelonanoticias.com\\\/en\\\/?s={search_term_string}\"},\"query-input\":{\"@type\":\"PropertyValueSpecification\",\"valueRequired\":true,\"valueName\":\"search_term_string\"}}],\"inLanguage\":\"en-US\"},{\"@type\":\"Person\",\"@id\":\"https:\\\/\\\/www.fcbarcelonanoticias.com\\\/en\\\/#\\\/schema\\\/person\\\/991443f134df9a64c6874f96ff984c9d\",\"name\":\"Kevin G\u00f3mez\",\"image\":{\"@type\":\"ImageObject\",\"inLanguage\":\"en-US\",\"@id\":\"https:\\\/\\\/secure.gravatar.com\\\/avatar\\\/?s=96&d=mm&r=g\",\"url\":\"https:\\\/\\\/secure.gravatar.com\\\/avatar\\\/?s=96&d=mm&r=g\",\"contentUrl\":\"https:\\\/\\\/secure.gravatar.com\\\/avatar\\\/?s=96&d=mm&r=g\",\"caption\":\"Kevin G\u00f3mez\"},\"description\":\"Licenciado\u00a0en Periodismo y Comunicaci\u00f3n Audiovisual. Redactor en FCBN responsable de cubrir toda\u00a0la informaci\u00f3n del FC Barcelona y las principales competiciones de\u00a0f\u00fatbol.\",\"url\":\"https:\\\/\\\/www.fcbarcelonanoticias.com\\\/en\\\/jugadores\\\/kevin-gomez_23_115.html\"}]}<\/script>\n<!-- \/ Yoast SEO plugin. -->","yoast_head_json":{"title":"The professionalism of Lewandowski, Kound\u00e9 and Raphinha makes Bar\u00e7a proud","description":"Robert Lewandowski, Raphinha and Jules Kound\u00e9 have shown their commitment as Bar\u00e7a players and have accelerated their respective recovery processes to integrate into the Bar\u00e7a dynamic as soon as possible, especially ahead of the Cl\u00e1sico against Real Madrid, a duel of great importance","robots":{"index":"index","follow":"follow","max-snippet":"max-snippet:-1","max-image-preview":"max-image-preview:large","max-video-preview":"max-video-preview:-1"},"canonical":"https:\/\/www.fcbarcelonanoticias.com\/en\/fc-barcelona\/barca-smiles-with-the-miraculous-recoveries-of-lewandowski-raphinha-and-kounde_297526_102.html","og_locale":"en_US","og_type":"article","og_title":"The professionalism of Lewandowski, Kound\u00e9 and Raphinha makes Bar\u00e7a proud","og_description":"Robert Lewandowski, Raphinha and Jules Kound\u00e9 have shown their commitment as Bar\u00e7a players and have accelerated their respective recovery processes to integrate into the Bar\u00e7a dynamic as soon as possible, especially ahead of the Cl\u00e1sico against Real Madrid, a duel of great importance","og_url":"https:\/\/www.fcbarcelonanoticias.com\/en\/fc-barcelona\/barca-smiles-with-the-miraculous-recoveries-of-lewandowski-raphinha-and-kounde_297526_102.html","og_site_name":"EN - FC Barcelona Noticias","article_published_time":"2023-10-28T13:53:00+00:00","article_modified_time":"2023-10-28T16:24:00+00:00","og_image":[{"width":1300,"height":732,"url":"https:\/\/www.fcbarcelonanoticias.com\/en\/wp-content\/uploads\/sites\/2\/2023\/10\/lewandowski-raphinha-y-kounde-recuperados-de-sus-lesiones.png","type":"image\/png"}],"author":"Kevin G\u00f3mez","twitter_card":"summary_large_image","twitter_misc":{"Written by":"Kevin G\u00f3mez","Est. reading time":"2 minutes"},"schema":{"@context":"https:\/\/schema.org","@graph":[{"@type":"Article","@id":"https:\/\/www.fcbarcelonanoticias.com\/en\/fc-barcelona\/barca-smiles-with-the-miraculous-recoveries-of-lewandowski-raphinha-and-kounde_297526_102.html#article","isPartOf":{"@id":"https:\/\/www.fcbarcelonanoticias.com\/en\/fc-barcelona\/barca-smiles-with-the-miraculous-recoveries-of-lewandowski-raphinha-and-kounde_297526_102.html"},"author":{"name":"Kevin G\u00f3mez","@id":"https:\/\/www.fcbarcelonanoticias.com\/en\/#\/schema\/person\/991443f134df9a64c6874f96ff984c9d"},"headline":"The professionalism of Lewandowski, Kound\u00e9 and Raphinha makes Bar\u00e7a proud","datePublished":"2023-10-28T13:53:00+00:00","dateModified":"2023-10-28T16:24:00+00:00","mainEntityOfPage":{"@id":"https:\/\/www.fcbarcelonanoticias.com\/en\/fc-barcelona\/barca-smiles-with-the-miraculous-recoveries-of-lewandowski-raphinha-and-kounde_297526_102.html"},"wordCount":406,"image":{"@id":"https:\/\/www.fcbarcelonanoticias.com\/en\/fc-barcelona\/barca-smiles-with-the-miraculous-recoveries-of-lewandowski-raphinha-and-kounde_297526_102.html#primaryimage"},"thumbnailUrl":"https:\/\/www.fcbarcelonanoticias.com\/en\/wp-content\/uploads\/sites\/2\/2023\/10\/lewandowski-raphinha-y-kounde-recuperados-de-sus-lesiones.png","articleSection":["FC Barcelona"],"inLanguage":"en-US"},{"@type":"WebPage","@id":"https:\/\/www.fcbarcelonanoticias.com\/en\/fc-barcelona\/barca-smiles-with-the-miraculous-recoveries-of-lewandowski-raphinha-and-kounde_297526_102.html","url":"https:\/\/www.fcbarcelonanoticias.com\/en\/fc-barcelona\/barca-smiles-with-the-miraculous-recoveries-of-lewandowski-raphinha-and-kounde_297526_102.html","name":"The professionalism of Lewandowski, Kound\u00e9 and Raphinha makes Bar\u00e7a proud","isPartOf":{"@id":"https:\/\/www.fcbarcelonanoticias.com\/en\/#website"},"primaryImageOfPage":{"@id":"https:\/\/www.fcbarcelonanoticias.com\/en\/fc-barcelona\/barca-smiles-with-the-miraculous-recoveries-of-lewandowski-raphinha-and-kounde_297526_102.html#primaryimage"},"image":{"@id":"https:\/\/www.fcbarcelonanoticias.com\/en\/fc-barcelona\/barca-smiles-with-the-miraculous-recoveries-of-lewandowski-raphinha-and-kounde_297526_102.html#primaryimage"},"thumbnailUrl":"https:\/\/www.fcbarcelonanoticias.com\/en\/wp-content\/uploads\/sites\/2\/2023\/10\/lewandowski-raphinha-y-kounde-recuperados-de-sus-lesiones.png","datePublished":"2023-10-28T13:53:00+00:00","dateModified":"2023-10-28T16:24:00+00:00","author":{"@id":"https:\/\/www.fcbarcelonanoticias.com\/en\/#\/schema\/person\/991443f134df9a64c6874f96ff984c9d"},"description":"Robert Lewandowski, Raphinha and Jules Kound\u00e9 have shown their commitment as Bar\u00e7a players and have accelerated their respective recovery processes to integrate into the Bar\u00e7a dynamic as soon as possible, especially ahead of the Cl\u00e1sico against Real Madrid, a duel of great importance","breadcrumb":{"@id":"https:\/\/www.fcbarcelonanoticias.com\/en\/fc-barcelona\/barca-smiles-with-the-miraculous-recoveries-of-lewandowski-raphinha-and-kounde_297526_102.html#breadcrumb"},"inLanguage":"en-US","potentialAction":[{"@type":"ReadAction","target":["https:\/\/www.fcbarcelonanoticias.com\/en\/fc-barcelona\/barca-smiles-with-the-miraculous-recoveries-of-lewandowski-raphinha-and-kounde_297526_102.html"]}]},{"@type":"ImageObject","inLanguage":"en-US","@id":"https:\/\/www.fcbarcelonanoticias.com\/en\/fc-barcelona\/barca-smiles-with-the-miraculous-recoveries-of-lewandowski-raphinha-and-kounde_297526_102.html#primaryimage","url":"https:\/\/www.fcbarcelonanoticias.com\/en\/wp-content\/uploads\/sites\/2\/2023\/10\/lewandowski-raphinha-y-kounde-recuperados-de-sus-lesiones.png","contentUrl":"https:\/\/www.fcbarcelonanoticias.com\/en\/wp-content\/uploads\/sites\/2\/2023\/10\/lewandowski-raphinha-y-kounde-recuperados-de-sus-lesiones.png","width":1300,"height":732},{"@type":"BreadcrumbList","@id":"https:\/\/www.fcbarcelonanoticias.com\/en\/fc-barcelona\/barca-smiles-with-the-miraculous-recoveries-of-lewandowski-raphinha-and-kounde_297526_102.html#breadcrumb","itemListElement":[{"@type":"ListItem","position":1,"name":"Portada","item":"https:\/\/www.fcbarcelonanoticias.com\/en\/"},{"@type":"ListItem","position":2,"name":"The professionalism of Lewandowski, Kound\u00e9 and Raphinha makes Bar\u00e7a proud"}]},{"@type":"WebSite","@id":"https:\/\/www.fcbarcelonanoticias.com\/en\/#website","url":"https:\/\/www.fcbarcelonanoticias.com\/en\/","name":"EN - FC Barcelona Noticias","description":"","potentialAction":[{"@type":"SearchAction","target":{"@type":"EntryPoint","urlTemplate":"https:\/\/www.fcbarcelonanoticias.com\/en\/?s={search_term_string}"},"query-input":{"@type":"PropertyValueSpecification","valueRequired":true,"valueName":"search_term_string"}}],"inLanguage":"en-US"},{"@type":"Person","@id":"https:\/\/www.fcbarcelonanoticias.com\/en\/#\/schema\/person\/991443f134df9a64c6874f96ff984c9d","name":"Kevin G\u00f3mez","image":{"@type":"ImageObject","inLanguage":"en-US","@id":"https:\/\/secure.gravatar.com\/avatar\/?s=96&d=mm&r=g","url":"https:\/\/secure.gravatar.com\/avatar\/?s=96&d=mm&r=g","contentUrl":"https:\/\/secure.gravatar.com\/avatar\/?s=96&d=mm&r=g","caption":"Kevin G\u00f3mez"},"description":"Licenciado\u00a0en Periodismo y Comunicaci\u00f3n Audiovisual. Redactor en FCBN responsable de cubrir toda\u00a0la informaci\u00f3n del FC Barcelona y las principales competiciones de\u00a0f\u00fatbol.","url":"https:\/\/www.fcbarcelonanoticias.com\/en\/jugadores\/kevin-gomez_23_115.html"}]}},"_links":{"self":[{"href":"https:\/\/www.fcbarcelonanoticias.com\/en\/wp-json\/wp\/v2\/posts\/14455","targetHints":{"allow":["GET"]}}],"collection":[{"href":"https:\/\/www.fcbarcelonanoticias.com\/en\/wp-json\/wp\/v2\/posts"}],"about":[{"href":"https:\/\/www.fcbarcelonanoticias.com\/en\/wp-json\/wp\/v2\/types\/post"}],"author":[{"embeddable":true,"href":"https:\/\/www.fcbarcelonanoticias.com\/en\/wp-json\/wp\/v2\/users\/355"}],"replies":[{"embeddable":true,"href":"https:\/\/www.fcbarcelonanoticias.com\/en\/wp-json\/wp\/v2\/comments?post=14455"}],"version-history":[{"count":1,"href":"https:\/\/www.fcbarcelonanoticias.com\/en\/wp-json\/wp\/v2\/posts\/14455\/revisions"}],"predecessor-version":[{"id":102688,"href":"https:\/\/www.fcbarcelonanoticias.com\/en\/wp-json\/wp\/v2\/posts\/14455\/revisions\/102688"}],"wp:featuredmedia":[{"embeddable":true,"href":"https:\/\/www.fcbarcelonanoticias.com\/en\/wp-json\/wp\/v2\/media\/14456"}],"wp:attachment":[{"href":"https:\/\/www.fcbarcelonanoticias.com\/en\/wp-json\/wp\/v2\/media?parent=14455"}],"wp:term":[{"taxonomy":"category","embeddable":true,"href":"https:\/\/www.fcbarcelonanoticias.com\/en\/wp-json\/wp\/v2\/categories?post=14455"},{"taxonomy":"post_tag","embeddable":true,"href":"https:\/\/www.fcbarcelonanoticias.com\/en\/wp-json\/wp\/v2\/tags?post=14455"}],"curies":[{"name":"wp","href":"https:\/\/api.w.org\/{rel}","templated":true}]}}