{"id":144771,"date":"2023-05-15T19:56:00","date_gmt":"2023-05-15T17:56:00","guid":{"rendered":"https:\/\/weisetech.dev\/fc-barcelona-noticias\/en\/thinking-on-returning-neymar-celebrated-the-title-with-the-barca-squad_292387_102\/"},"modified":"2023-05-15T19:56:00","modified_gmt":"2023-05-15T17:56:00","slug":"thinking-on-returning-neymar-celebrated-the-title-with-the-barca-squad_292387_102","status":"publish","type":"post","link":"https:\/\/www.fcbarcelonanoticias.com\/en\/transfers\/thinking-on-returning-neymar-celebrated-the-title-with-the-barca-squad_292387_102.html","title":{"rendered":"Thinking of returning? Neymar celebrated the title with the Bar\u00e7a squad"},"content":{"rendered":"<h2 class=\"wp-block-heading\">Paris Saint-Germain will be deeply renewed this summer and that includes a more than possible departure of Neymar, who has returned to Barcelona to celebrate with Barca his league title.<\/h2>  \r\n<div class=\"article-addons\">\r\n    <a href=\"https:\/\/www.fcbarcelonanoticias.com\/en\/calendar-fc-barcelona.html\"\r\n       target=\"_self\"\r\n       title=\"Calendar of FC Barcelona\"\r\n       class=\"blue-gredient-btn\">\r\n       \r\n        Calendar of FC Barcelona    <\/a>\r\n<\/div>   <p>Neymar Has finished being, of surprising way, one of the protagonists of the party that the staff of the FC Barcelona sustained during the morning of this Monday after topping like champion of LaLiga. The Barcelona team <a data-external=\"0\" data-intl-links-en=\"https:\/\/www.fcbarcelonanoticias.com\/en\/laliga\/champions-dance-barcelona-spanyol-1-4-lift-their-27th-league_292362_102.html\" data-intl-links-es=\"https:\/\/www.fcbarcelonanoticias.com\/laliga\/campeones-baile-barcelona-espanyol-1-4-levantar-su-27a-liga_292362_102.html\" href=\"https:\/\/www.fcbarcelonanoticias.com\/en\/laliga\/champions-dance-barcelona-spanyol-1-4-lift-their-27th-league_292362_102.html\" rel=\"follow\" target=\"_self\" title=\"\u00a1CAMPEONES! Baile del Bar\u00e7a al Espanyol (2-4) para levantar su 27\u00aa Liga\">defeated to the Espanyol by 2-4 in the derbi Catalan<\/a> and ensured the domestic title, <strong>something that took advantage of the Brazilian to be beside some excompa\u00f1eros, like the own <a data-external=\"0\" data-intl-links-en=\"https:\/\/www.fcbarcelonanoticias.com\/en\/fc-barcelona\/xavi-takes-off-merits-and-focuses-success-in-laliga-on-the-barca-squad_292378_102.html\" data-intl-links-es=\"https:\/\/www.fcbarcelonanoticias.com\/fc-barcelona\/xavi-se-quita-meritos-centra-exito-en-liga-en-plantilla-del-barcelona_292378_102.html\" href=\"https:\/\/www.fcbarcelonanoticias.com\/en\/fc-barcelona\/xavi-takes-off-merits-and-focuses-success-in-laliga-on-the-barca-squad_292378_102.html\" rel=\"follow\" target=\"_self\" title=\"Xavi se quita m\u00e9ritos y centra el \u00e9xito en Liga en la plantilla&nbsp;del&nbsp;Bar\u00e7a\">Xavi Hern\u00e1ndez<\/a>.<\/strong><\/p>  <p>Like this it explained it the journalist Gerard Romero, standing out that the attacker of Paris Saint-Germain saves good relation with Ter Stegen, Jordi Alba, Sergi Roberto and Sergio Busquets. <strong>The four footballers cul\u00e9s are those that remain in the team of the stage in which Neymar was in the Camp Nou, until it left to the French team in 2017. <\/strong><\/p>  <h2>A meeting that could serve for the summer<\/h2>  <p>The information aims that the attacker did not coincide with the m\u00edster Barcelona in the celebration, <strong>since Xavi attended to a dinner decelebraci\u00f3n with the directors, executives and the &#8216;staff&#8217; of the Barcelona club.<\/strong> In the another party Ney was in the discotheque Carpe Diem enjoying of a decision that the staff took after leaving the stadium of the Espanyol.<\/p>  <p>This surprising apparition of the &#8217;10&#8217; of the PSG by Barcelona opens again the possibility of his return like player cul\u00e9, although it is an operation descartada from the Barcelona dispatches.<strong> However, the Brazilian himself that now seems opened to leave the French capital in front of the insistence of his club to free of his index card, one that rises to the 30 million net euros by season.<\/strong><\/p>  <h2>A lot of complications for resolving for the possible operation<\/h2>  <p>Precisely this last detail is the one who more separates to the player to be able to be again in the Bar\u00e7a, <strong>since it seems complicated that it assume to earn an inferior index card to the 10 &#8216;kilos&#8217; by course.<\/strong> Thus, the Premier League is the main candidate to carry to the extreme, taking into account that the PSG is opened also to a cession to option of purchase.<\/p> ","protected":false},"excerpt":{"rendered":"<p>Paris Saint-Germain will be deeply renewed this summer and that includes a more than possible departure of Neymar, who has returned to Barcelona to celebrate with Barca his league title. Neymar Has finished being, of surprising way, one of the protagonists of the party that the staff of the FC Barcelona sustained during the morning [&hellip;]<\/p>\n","protected":false},"author":345,"featured_media":144774,"comment_status":"closed","ping_status":"open","sticky":false,"template":"","format":"standard","meta":{"_acf_changed":false,"inline_featured_image":false,"_nextfly_llmd_date_locked":false,"footnotes":""},"categories":[106,449],"tags":[143,88,48],"class_list":["post-144771","post","type-post","status-publish","format-standard","has-post-thumbnail","hentry","category-transfers","category-transfers-2","tag-neymar-jr","tag-paris-saint-germain","tag-xavi-hernandez"],"acf":[],"yoast_head":"<!-- This site is optimized with the Yoast SEO plugin v27.3 - https:\/\/yoast.com\/product\/yoast-seo-wordpress\/ -->\n<title>Thinking of returning? Neymar celebrated the title with the Bar\u00e7a squad<\/title>\n<meta name=\"description\" content=\"Paris Saint-Germain will be deeply renewed this summer and that includes a more than possible departure of Neymar, who has returned to Barcelona to celebrate with Barca his league title.\" \/>\n<meta name=\"robots\" content=\"index, follow, max-snippet:-1, max-image-preview:large, max-video-preview:-1\" \/>\n<link rel=\"canonical\" href=\"https:\/\/www.fcbarcelonanoticias.com\/en\/transfers\/thinking-on-returning-neymar-celebrated-the-title-with-the-barca-squad_292387_102.html\" \/>\n<meta property=\"og:locale\" content=\"en_US\" \/>\n<meta property=\"og:type\" content=\"article\" \/>\n<meta property=\"og:title\" content=\"Thinking of returning? Neymar celebrated the title with the Bar\u00e7a squad\" \/>\n<meta property=\"og:description\" content=\"Paris Saint-Germain will be deeply renewed this summer and that includes a more than possible departure of Neymar, who has returned to Barcelona to celebrate with Barca his league title.\" \/>\n<meta property=\"og:url\" content=\"https:\/\/www.fcbarcelonanoticias.com\/en\/transfers\/thinking-on-returning-neymar-celebrated-the-title-with-the-barca-squad_292387_102.html\" \/>\n<meta property=\"og:site_name\" content=\"EN - FC Barcelona Noticias\" \/>\n<meta property=\"article:published_time\" content=\"2023-05-15T17:56:00+00:00\" \/>\n<meta property=\"og:image\" content=\"https:\/\/www.fcbarcelonanoticias.com\/en\/wp-content\/uploads\/sites\/2\/2023\/05\/sl-benfica-v-paris-saint-germain-group-h-uefa-champions-league-1.jpeg\" \/>\n\t<meta property=\"og:image:width\" content=\"1200\" \/>\n\t<meta property=\"og:image:height\" content=\"736\" \/>\n\t<meta property=\"og:image:type\" content=\"image\/jpeg\" \/>\n<meta name=\"author\" content=\"Carlos Montenegro\" \/>\n<meta name=\"twitter:card\" content=\"summary_large_image\" \/>\n<meta name=\"twitter:label1\" content=\"Written by\" \/>\n\t<meta name=\"twitter:data1\" content=\"Carlos Montenegro\" \/>\n\t<meta name=\"twitter:label2\" content=\"Est. reading time\" \/>\n\t<meta name=\"twitter:data2\" content=\"2 minutes\" \/>\n<script type=\"application\/ld+json\" class=\"yoast-schema-graph\">{\"@context\":\"https:\\\/\\\/schema.org\",\"@graph\":[{\"@type\":\"Article\",\"@id\":\"https:\\\/\\\/www.fcbarcelonanoticias.com\\\/en\\\/transfers\\\/thinking-on-returning-neymar-celebrated-the-title-with-the-barca-squad_292387_102.html#article\",\"isPartOf\":{\"@id\":\"https:\\\/\\\/www.fcbarcelonanoticias.com\\\/en\\\/transfers\\\/thinking-on-returning-neymar-celebrated-the-title-with-the-barca-squad_292387_102.html\"},\"author\":{\"name\":\"Carlos Montenegro\",\"@id\":\"https:\\\/\\\/www.fcbarcelonanoticias.com\\\/en\\\/#\\\/schema\\\/person\\\/aa1d038709c262cb247e240f6b39bbf5\"},\"headline\":\"Thinking of returning? Neymar celebrated the title with the Bar\u00e7a squad\",\"datePublished\":\"2023-05-15T17:56:00+00:00\",\"mainEntityOfPage\":{\"@id\":\"https:\\\/\\\/www.fcbarcelonanoticias.com\\\/en\\\/transfers\\\/thinking-on-returning-neymar-celebrated-the-title-with-the-barca-squad_292387_102.html\"},\"wordCount\":391,\"image\":{\"@id\":\"https:\\\/\\\/www.fcbarcelonanoticias.com\\\/en\\\/transfers\\\/thinking-on-returning-neymar-celebrated-the-title-with-the-barca-squad_292387_102.html#primaryimage\"},\"thumbnailUrl\":\"https:\\\/\\\/www.fcbarcelonanoticias.com\\\/en\\\/wp-content\\\/uploads\\\/sites\\\/2\\\/2023\\\/05\\\/sl-benfica-v-paris-saint-germain-group-h-uefa-champions-league-1.jpeg\",\"keywords\":[\"Neymar Jr\",\"Paris Saint-Germain\",\"Xavi Hern\u00e1ndez\"],\"articleSection\":[\"Transfers\",\"Transfers\"],\"inLanguage\":\"en-US\"},{\"@type\":\"WebPage\",\"@id\":\"https:\\\/\\\/www.fcbarcelonanoticias.com\\\/en\\\/transfers\\\/thinking-on-returning-neymar-celebrated-the-title-with-the-barca-squad_292387_102.html\",\"url\":\"https:\\\/\\\/www.fcbarcelonanoticias.com\\\/en\\\/transfers\\\/thinking-on-returning-neymar-celebrated-the-title-with-the-barca-squad_292387_102.html\",\"name\":\"Thinking of returning? Neymar celebrated the title with the Bar\u00e7a squad\",\"isPartOf\":{\"@id\":\"https:\\\/\\\/www.fcbarcelonanoticias.com\\\/en\\\/#website\"},\"primaryImageOfPage\":{\"@id\":\"https:\\\/\\\/www.fcbarcelonanoticias.com\\\/en\\\/transfers\\\/thinking-on-returning-neymar-celebrated-the-title-with-the-barca-squad_292387_102.html#primaryimage\"},\"image\":{\"@id\":\"https:\\\/\\\/www.fcbarcelonanoticias.com\\\/en\\\/transfers\\\/thinking-on-returning-neymar-celebrated-the-title-with-the-barca-squad_292387_102.html#primaryimage\"},\"thumbnailUrl\":\"https:\\\/\\\/www.fcbarcelonanoticias.com\\\/en\\\/wp-content\\\/uploads\\\/sites\\\/2\\\/2023\\\/05\\\/sl-benfica-v-paris-saint-germain-group-h-uefa-champions-league-1.jpeg\",\"datePublished\":\"2023-05-15T17:56:00+00:00\",\"author\":{\"@id\":\"https:\\\/\\\/www.fcbarcelonanoticias.com\\\/en\\\/#\\\/schema\\\/person\\\/aa1d038709c262cb247e240f6b39bbf5\"},\"description\":\"Paris Saint-Germain will be deeply renewed this summer and that includes a more than possible departure of Neymar, who has returned to Barcelona to celebrate with Barca his league title.\",\"breadcrumb\":{\"@id\":\"https:\\\/\\\/www.fcbarcelonanoticias.com\\\/en\\\/transfers\\\/thinking-on-returning-neymar-celebrated-the-title-with-the-barca-squad_292387_102.html#breadcrumb\"},\"inLanguage\":\"en-US\",\"potentialAction\":[{\"@type\":\"ReadAction\",\"target\":[\"https:\\\/\\\/www.fcbarcelonanoticias.com\\\/en\\\/transfers\\\/thinking-on-returning-neymar-celebrated-the-title-with-the-barca-squad_292387_102.html\"]}]},{\"@type\":\"ImageObject\",\"inLanguage\":\"en-US\",\"@id\":\"https:\\\/\\\/www.fcbarcelonanoticias.com\\\/en\\\/transfers\\\/thinking-on-returning-neymar-celebrated-the-title-with-the-barca-squad_292387_102.html#primaryimage\",\"url\":\"https:\\\/\\\/www.fcbarcelonanoticias.com\\\/en\\\/wp-content\\\/uploads\\\/sites\\\/2\\\/2023\\\/05\\\/sl-benfica-v-paris-saint-germain-group-h-uefa-champions-league-1.jpeg\",\"contentUrl\":\"https:\\\/\\\/www.fcbarcelonanoticias.com\\\/en\\\/wp-content\\\/uploads\\\/sites\\\/2\\\/2023\\\/05\\\/sl-benfica-v-paris-saint-germain-group-h-uefa-champions-league-1.jpeg\",\"width\":1200,\"height\":736},{\"@type\":\"BreadcrumbList\",\"@id\":\"https:\\\/\\\/www.fcbarcelonanoticias.com\\\/en\\\/transfers\\\/thinking-on-returning-neymar-celebrated-the-title-with-the-barca-squad_292387_102.html#breadcrumb\",\"itemListElement\":[{\"@type\":\"ListItem\",\"position\":1,\"name\":\"Portada\",\"item\":\"https:\\\/\\\/www.fcbarcelonanoticias.com\\\/en\\\/\"},{\"@type\":\"ListItem\",\"position\":2,\"name\":\"Thinking of returning? Neymar celebrated the title with the Bar\u00e7a squad\"}]},{\"@type\":\"WebSite\",\"@id\":\"https:\\\/\\\/www.fcbarcelonanoticias.com\\\/en\\\/#website\",\"url\":\"https:\\\/\\\/www.fcbarcelonanoticias.com\\\/en\\\/\",\"name\":\"EN - FC Barcelona Noticias\",\"description\":\"\",\"potentialAction\":[{\"@type\":\"SearchAction\",\"target\":{\"@type\":\"EntryPoint\",\"urlTemplate\":\"https:\\\/\\\/www.fcbarcelonanoticias.com\\\/en\\\/?s={search_term_string}\"},\"query-input\":{\"@type\":\"PropertyValueSpecification\",\"valueRequired\":true,\"valueName\":\"search_term_string\"}}],\"inLanguage\":\"en-US\"},{\"@type\":\"Person\",\"@id\":\"https:\\\/\\\/www.fcbarcelonanoticias.com\\\/en\\\/#\\\/schema\\\/person\\\/aa1d038709c262cb247e240f6b39bbf5\",\"name\":\"Carlos Montenegro\",\"image\":{\"@type\":\"ImageObject\",\"inLanguage\":\"en-US\",\"@id\":\"https:\\\/\\\/secure.gravatar.com\\\/avatar\\\/?s=96&d=mm&r=g\",\"url\":\"https:\\\/\\\/secure.gravatar.com\\\/avatar\\\/?s=96&d=mm&r=g\",\"contentUrl\":\"https:\\\/\\\/secure.gravatar.com\\\/avatar\\\/?s=96&d=mm&r=g\",\"caption\":\"Carlos Montenegro\"},\"url\":\"https:\\\/\\\/www.fcbarcelonanoticias.com\\\/en\\\/carlos-montenegro_20_115.html\"}]}<\/script>\n<!-- \/ Yoast SEO plugin. -->","yoast_head_json":{"title":"Thinking of returning? Neymar celebrated the title with the Bar\u00e7a squad","description":"Paris Saint-Germain will be deeply renewed this summer and that includes a more than possible departure of Neymar, who has returned to Barcelona to celebrate with Barca his league title.","robots":{"index":"index","follow":"follow","max-snippet":"max-snippet:-1","max-image-preview":"max-image-preview:large","max-video-preview":"max-video-preview:-1"},"canonical":"https:\/\/www.fcbarcelonanoticias.com\/en\/transfers\/thinking-on-returning-neymar-celebrated-the-title-with-the-barca-squad_292387_102.html","og_locale":"en_US","og_type":"article","og_title":"Thinking of returning? Neymar celebrated the title with the Bar\u00e7a squad","og_description":"Paris Saint-Germain will be deeply renewed this summer and that includes a more than possible departure of Neymar, who has returned to Barcelona to celebrate with Barca his league title.","og_url":"https:\/\/www.fcbarcelonanoticias.com\/en\/transfers\/thinking-on-returning-neymar-celebrated-the-title-with-the-barca-squad_292387_102.html","og_site_name":"EN - FC Barcelona Noticias","article_published_time":"2023-05-15T17:56:00+00:00","og_image":[{"width":1200,"height":736,"url":"https:\/\/www.fcbarcelonanoticias.com\/en\/wp-content\/uploads\/sites\/2\/2023\/05\/sl-benfica-v-paris-saint-germain-group-h-uefa-champions-league-1.jpeg","type":"image\/jpeg"}],"author":"Carlos Montenegro","twitter_card":"summary_large_image","twitter_misc":{"Written by":"Carlos Montenegro","Est. reading time":"2 minutes"},"schema":{"@context":"https:\/\/schema.org","@graph":[{"@type":"Article","@id":"https:\/\/www.fcbarcelonanoticias.com\/en\/transfers\/thinking-on-returning-neymar-celebrated-the-title-with-the-barca-squad_292387_102.html#article","isPartOf":{"@id":"https:\/\/www.fcbarcelonanoticias.com\/en\/transfers\/thinking-on-returning-neymar-celebrated-the-title-with-the-barca-squad_292387_102.html"},"author":{"name":"Carlos Montenegro","@id":"https:\/\/www.fcbarcelonanoticias.com\/en\/#\/schema\/person\/aa1d038709c262cb247e240f6b39bbf5"},"headline":"Thinking of returning? Neymar celebrated the title with the Bar\u00e7a squad","datePublished":"2023-05-15T17:56:00+00:00","mainEntityOfPage":{"@id":"https:\/\/www.fcbarcelonanoticias.com\/en\/transfers\/thinking-on-returning-neymar-celebrated-the-title-with-the-barca-squad_292387_102.html"},"wordCount":391,"image":{"@id":"https:\/\/www.fcbarcelonanoticias.com\/en\/transfers\/thinking-on-returning-neymar-celebrated-the-title-with-the-barca-squad_292387_102.html#primaryimage"},"thumbnailUrl":"https:\/\/www.fcbarcelonanoticias.com\/en\/wp-content\/uploads\/sites\/2\/2023\/05\/sl-benfica-v-paris-saint-germain-group-h-uefa-champions-league-1.jpeg","keywords":["Neymar Jr","Paris Saint-Germain","Xavi Hern\u00e1ndez"],"articleSection":["Transfers","Transfers"],"inLanguage":"en-US"},{"@type":"WebPage","@id":"https:\/\/www.fcbarcelonanoticias.com\/en\/transfers\/thinking-on-returning-neymar-celebrated-the-title-with-the-barca-squad_292387_102.html","url":"https:\/\/www.fcbarcelonanoticias.com\/en\/transfers\/thinking-on-returning-neymar-celebrated-the-title-with-the-barca-squad_292387_102.html","name":"Thinking of returning? Neymar celebrated the title with the Bar\u00e7a squad","isPartOf":{"@id":"https:\/\/www.fcbarcelonanoticias.com\/en\/#website"},"primaryImageOfPage":{"@id":"https:\/\/www.fcbarcelonanoticias.com\/en\/transfers\/thinking-on-returning-neymar-celebrated-the-title-with-the-barca-squad_292387_102.html#primaryimage"},"image":{"@id":"https:\/\/www.fcbarcelonanoticias.com\/en\/transfers\/thinking-on-returning-neymar-celebrated-the-title-with-the-barca-squad_292387_102.html#primaryimage"},"thumbnailUrl":"https:\/\/www.fcbarcelonanoticias.com\/en\/wp-content\/uploads\/sites\/2\/2023\/05\/sl-benfica-v-paris-saint-germain-group-h-uefa-champions-league-1.jpeg","datePublished":"2023-05-15T17:56:00+00:00","author":{"@id":"https:\/\/www.fcbarcelonanoticias.com\/en\/#\/schema\/person\/aa1d038709c262cb247e240f6b39bbf5"},"description":"Paris Saint-Germain will be deeply renewed this summer and that includes a more than possible departure of Neymar, who has returned to Barcelona to celebrate with Barca his league title.","breadcrumb":{"@id":"https:\/\/www.fcbarcelonanoticias.com\/en\/transfers\/thinking-on-returning-neymar-celebrated-the-title-with-the-barca-squad_292387_102.html#breadcrumb"},"inLanguage":"en-US","potentialAction":[{"@type":"ReadAction","target":["https:\/\/www.fcbarcelonanoticias.com\/en\/transfers\/thinking-on-returning-neymar-celebrated-the-title-with-the-barca-squad_292387_102.html"]}]},{"@type":"ImageObject","inLanguage":"en-US","@id":"https:\/\/www.fcbarcelonanoticias.com\/en\/transfers\/thinking-on-returning-neymar-celebrated-the-title-with-the-barca-squad_292387_102.html#primaryimage","url":"https:\/\/www.fcbarcelonanoticias.com\/en\/wp-content\/uploads\/sites\/2\/2023\/05\/sl-benfica-v-paris-saint-germain-group-h-uefa-champions-league-1.jpeg","contentUrl":"https:\/\/www.fcbarcelonanoticias.com\/en\/wp-content\/uploads\/sites\/2\/2023\/05\/sl-benfica-v-paris-saint-germain-group-h-uefa-champions-league-1.jpeg","width":1200,"height":736},{"@type":"BreadcrumbList","@id":"https:\/\/www.fcbarcelonanoticias.com\/en\/transfers\/thinking-on-returning-neymar-celebrated-the-title-with-the-barca-squad_292387_102.html#breadcrumb","itemListElement":[{"@type":"ListItem","position":1,"name":"Portada","item":"https:\/\/www.fcbarcelonanoticias.com\/en\/"},{"@type":"ListItem","position":2,"name":"Thinking of returning? Neymar celebrated the title with the Bar\u00e7a squad"}]},{"@type":"WebSite","@id":"https:\/\/www.fcbarcelonanoticias.com\/en\/#website","url":"https:\/\/www.fcbarcelonanoticias.com\/en\/","name":"EN - FC Barcelona Noticias","description":"","potentialAction":[{"@type":"SearchAction","target":{"@type":"EntryPoint","urlTemplate":"https:\/\/www.fcbarcelonanoticias.com\/en\/?s={search_term_string}"},"query-input":{"@type":"PropertyValueSpecification","valueRequired":true,"valueName":"search_term_string"}}],"inLanguage":"en-US"},{"@type":"Person","@id":"https:\/\/www.fcbarcelonanoticias.com\/en\/#\/schema\/person\/aa1d038709c262cb247e240f6b39bbf5","name":"Carlos Montenegro","image":{"@type":"ImageObject","inLanguage":"en-US","@id":"https:\/\/secure.gravatar.com\/avatar\/?s=96&d=mm&r=g","url":"https:\/\/secure.gravatar.com\/avatar\/?s=96&d=mm&r=g","contentUrl":"https:\/\/secure.gravatar.com\/avatar\/?s=96&d=mm&r=g","caption":"Carlos Montenegro"},"url":"https:\/\/www.fcbarcelonanoticias.com\/en\/carlos-montenegro_20_115.html"}]}},"_links":{"self":[{"href":"https:\/\/www.fcbarcelonanoticias.com\/en\/wp-json\/wp\/v2\/posts\/144771","targetHints":{"allow":["GET"]}}],"collection":[{"href":"https:\/\/www.fcbarcelonanoticias.com\/en\/wp-json\/wp\/v2\/posts"}],"about":[{"href":"https:\/\/www.fcbarcelonanoticias.com\/en\/wp-json\/wp\/v2\/types\/post"}],"author":[{"embeddable":true,"href":"https:\/\/www.fcbarcelonanoticias.com\/en\/wp-json\/wp\/v2\/users\/345"}],"replies":[{"embeddable":true,"href":"https:\/\/www.fcbarcelonanoticias.com\/en\/wp-json\/wp\/v2\/comments?post=144771"}],"version-history":[{"count":1,"href":"https:\/\/www.fcbarcelonanoticias.com\/en\/wp-json\/wp\/v2\/posts\/144771\/revisions"}],"predecessor-version":[{"id":155455,"href":"https:\/\/www.fcbarcelonanoticias.com\/en\/wp-json\/wp\/v2\/posts\/144771\/revisions\/155455"}],"wp:featuredmedia":[{"embeddable":true,"href":"https:\/\/www.fcbarcelonanoticias.com\/en\/wp-json\/wp\/v2\/media\/144774"}],"wp:attachment":[{"href":"https:\/\/www.fcbarcelonanoticias.com\/en\/wp-json\/wp\/v2\/media?parent=144771"}],"wp:term":[{"taxonomy":"category","embeddable":true,"href":"https:\/\/www.fcbarcelonanoticias.com\/en\/wp-json\/wp\/v2\/categories?post=144771"},{"taxonomy":"post_tag","embeddable":true,"href":"https:\/\/www.fcbarcelonanoticias.com\/en\/wp-json\/wp\/v2\/tags?post=144771"}],"curies":[{"name":"wp","href":"https:\/\/api.w.org\/{rel}","templated":true}]}}