{"id":14478,"date":"2025-11-07T22:16:00","date_gmt":"2025-11-07T21:16:00","guid":{"rendered":"https:\/\/weisetech.dev\/fc-barcelona-noticias\/en\/barca-returns-new-camp-nou-900-days-later_315211_102\/"},"modified":"2025-11-07T22:16:00","modified_gmt":"2025-11-07T21:16:00","slug":"barca-returns-new-camp-nou-900-days-later_315211_102","status":"publish","type":"post","link":"https:\/\/www.fcbarcelonanoticias.com\/en\/fc-barcelona\/barca-returns-new-camp-nou-900-days-later_315211_102.html","title":{"rendered":"Historic day for the *cul\u00e9s*: return to the new Camp Nou 900 days later"},"content":{"rendered":"<h2 class=\"wp-block-heading\">After 900 days of work, Bar\u00e7a has reopened Spotify Camp Nou with an open training session in front of 22,280 Bar\u00e7a fans, on a day filled with emotion<\/h2>  \r\n<div class=\"article-addons\">\r\n    <a href=\"https:\/\/www.fcbarcelonanoticias.com\/en\/calendar-fc-barcelona.html\"\r\n       target=\"_self\"\r\n       title=\"Calendar of FC Barcelona\"\r\n       class=\"blue-gredient-btn\">\r\n       \r\n        Calendar of FC Barcelona    <\/a>\r\n<\/div>   <p>The <strong><a data-external=\"0\" data-intl-links-en=\"https:\/\/www.fcbarcelonanoticias.com\/en\/fc-barcelona\" data-intl-links-es=\"https:\/\/www.fcbarcelonanoticias.com\/fc-barcelona\" href=\"https:\/\/www.fcbarcelonanoticias.com\/en\/football-soccer\/fc-barcelona.html\" rel=\"follow\" target=\"_self\" title=\"FC Barcelona\">Football Club Barcelona<\/a><\/strong> experienced a memorable day this Friday. After 900 days of construction, <strong>the Blaugrana have officially returned to the Spotify Camp Nou<\/strong>, celebrating the stadium&#8217;s reopening with an open training session in front of <strong>22,280 spectators<\/strong>. A symbolic session that marked the beginning of a new era for the club and its fans.<\/p>  <p>The event has been much more than a simple sports training session. It has meant the reunion of <strong>Barcelonismo<\/strong> with its temple, a moment charged with emotion, nostalgia, and pride after two and a half years of waiting.<\/p>  <h2>The Bar\u00e7a anthem sounds again at the Camp Nou<\/h2>  <p>From early in the morning, fans began to fill the surroundings of the stadium. Under a radiant sun, <strong>cul\u00e9s<\/strong> of all ages walked for the first time through the new access that connects the street with the stands of the renovated coliseum, discovering the improvements of the <strong>Espai Bar\u00e7a<\/strong>. Opinions were mostly positive, with praise for the modernization of the venue and some specific criticisms about details to be adjusted.<\/p>  <p>The atmosphere was one of genuine celebration. When <strong>the Bar\u00e7a anthem played over the loudspeakers of the new stadium<\/strong>, emotion took hold of both the players and the crowd. The moment symbolized the return of the Blaugrana identity to their home, after having played for two seasons at the Estadi Ol\u00edmpic Llu\u00eds Companys.<\/p>  <h3>Notable presences in the Camp Nou box<\/h3>  <p>In the stands, **Deco**, the club&#8217;s sporting director, wanted to highlight the period experienced at Montju\u00efc, calling it &#8220;a display of resistance and unity of the Bar\u00e7a fanbase.&#8221; Alongside him, Joan Sentelles, head of the **Espai Bar\u00e7a** project, confirmed that the next objective is to obtain permit 1B which **would allow the match on November 22 against Athletic Club to be played at the Camp Nou**. &#8220;That day is marked in red on our calendar,&#8221; he statedOn the pitch, Hansi Flick&#8217;s men completed a dynamic session, with tactical drills, rondos, and final stretches. The German coach was satisfied with the crowd&#8217;s response and the intensity of his footballers, who face the next league match with optimism<\/p>  <h3>A Reopening with a Charitable Purpose<\/h3>  <p>Tickets for this event had a symbolic price: five euros for members and ten for the general public. All proceeds will go to the <strong>Polseres Blaugranes<\/strong> program, a solidarity initiative promoted by the <strong>FC Barcelona Foundation<\/strong> that supports social and child inclusion projects.<\/p>  <p>The club thus wanted to turn this return into a day that was not only sporting but also charitable, reaffirming its commitment to the values that define Bar\u00e7a.<\/p>  <h2>The countdown begins for the official return to Camp Nou<\/h2>  <p>The reopening of the <strong>Spotify Camp Nou<\/strong> is not just an architectural event, but also an emotional one. For the <strong>Cul\u00e9 fans<\/strong>, returning to their stadium after almost three years represents the rebirth of an identity and the beginning of an era filled with hope. The stands look renewed, the interior areas modernized, and the fan experience has taken a leap into the future.<\/p>  <p><strong>F\u00fatbol Club Barcelona<\/strong> hopes that the <strong><a data-external=\"0\" data-intl-links-en=\"https:\/\/www.fcbarcelonanoticias.com\/en\/calendar-fc-barcelona.html\" data-intl-links-es=\"https:\/\/www.fcbarcelonanoticias.com\/calendario-fcbarcelona.html\" href=\"https:\/\/www.fcbarcelonanoticias.com\/en\/calendar-fc-barcelona.html\" rel=\"follow\" target=\"_self\" title=\"Calendario FC Barcelona\">match against Athletic Club<\/a><\/strong> marks the official return of the competition to the stadium, restoring the <strong>Camp Nou<\/strong> to its role as the epicenter of world football<\/p> ","protected":false},"excerpt":{"rendered":"<p>After 900 days of work, Bar\u00e7a has reopened Spotify Camp Nou with an open training session in front of 22,280 Bar\u00e7a fans, on a day filled with emotion The Football Club Barcelona experienced a memorable day this Friday. After 900 days of construction, the Blaugrana have officially returned to the Spotify Camp Nou, celebrating the [&hellip;]<\/p>\n","protected":false},"author":353,"featured_media":14479,"comment_status":"closed","ping_status":"open","sticky":false,"template":"","format":"standard","meta":{"_acf_changed":false,"inline_featured_image":false,"_nextfly_llmd_date_locked":false,"footnotes":""},"categories":[111],"tags":[169,82],"class_list":["post-14478","post","type-post","status-publish","format-standard","has-post-thumbnail","hentry","category-fc-barcelona","tag-barca-football","tag-camp-nou"],"acf":[],"yoast_head":"<!-- This site is optimized with the Yoast SEO plugin v27.3 - https:\/\/yoast.com\/product\/yoast-seo-wordpress\/ -->\n<title>Bar\u00e7a returns to Camp Nou 900 days later<\/title>\n<meta name=\"description\" content=\"Bar\u00e7a returns to Spotify Camp Nou 900 days later, before 22,280 fans and for solidarity purposes. A historic day for the club.\" \/>\n<meta name=\"robots\" content=\"index, follow, max-snippet:-1, max-image-preview:large, max-video-preview:-1\" \/>\n<link rel=\"canonical\" href=\"https:\/\/www.fcbarcelonanoticias.com\/en\/fc-barcelona\/barca-returns-new-camp-nou-900-days-later_315211_102.html\" \/>\n<meta property=\"og:locale\" content=\"en_US\" \/>\n<meta property=\"og:type\" content=\"article\" \/>\n<meta property=\"og:title\" content=\"Bar\u00e7a returns to Camp Nou 900 days later\" \/>\n<meta property=\"og:description\" content=\"Bar\u00e7a returns to Spotify Camp Nou 900 days later, before 22,280 fans and for solidarity purposes. A historic day for the club.\" \/>\n<meta property=\"og:url\" content=\"https:\/\/www.fcbarcelonanoticias.com\/en\/fc-barcelona\/barca-returns-new-camp-nou-900-days-later_315211_102.html\" \/>\n<meta property=\"og:site_name\" content=\"EN - FC Barcelona Noticias\" \/>\n<meta property=\"article:published_time\" content=\"2025-11-07T21:16:00+00:00\" \/>\n<meta property=\"og:image\" content=\"https:\/\/www.fcbarcelonanoticias.com\/en\/wp-content\/uploads\/sites\/2\/2025\/11\/los-cule-s-regresan-al-spotify-camp-nou-900-di-as-despue-s.webp\" \/>\n\t<meta property=\"og:image:width\" content=\"1200\" \/>\n\t<meta property=\"og:image:height\" content=\"675\" \/>\n\t<meta property=\"og:image:type\" content=\"image\/webp\" \/>\n<meta name=\"author\" content=\"FC Barcelona Noticias\" \/>\n<meta name=\"twitter:card\" content=\"summary_large_image\" \/>\n<meta name=\"twitter:label1\" content=\"Written by\" \/>\n\t<meta name=\"twitter:data1\" content=\"FC Barcelona Noticias\" \/>\n\t<meta name=\"twitter:label2\" content=\"Est. reading time\" \/>\n\t<meta name=\"twitter:data2\" content=\"3 minutes\" \/>\n<script type=\"application\/ld+json\" class=\"yoast-schema-graph\">{\"@context\":\"https:\\\/\\\/schema.org\",\"@graph\":[{\"@type\":\"Article\",\"@id\":\"https:\\\/\\\/www.fcbarcelonanoticias.com\\\/en\\\/fc-barcelona\\\/barca-returns-new-camp-nou-900-days-later_315211_102.html#article\",\"isPartOf\":{\"@id\":\"https:\\\/\\\/www.fcbarcelonanoticias.com\\\/en\\\/fc-barcelona\\\/barca-returns-new-camp-nou-900-days-later_315211_102.html\"},\"author\":{\"name\":\"FC Barcelona Noticias\",\"@id\":\"https:\\\/\\\/www.fcbarcelonanoticias.com\\\/en\\\/#\\\/schema\\\/person\\\/0f2810101d27606974cdb8edb54fa54b\"},\"headline\":\"Historic day for the *cul\u00e9s*: return to the new Camp Nou 900 days later\",\"datePublished\":\"2025-11-07T21:16:00+00:00\",\"mainEntityOfPage\":{\"@id\":\"https:\\\/\\\/www.fcbarcelonanoticias.com\\\/en\\\/fc-barcelona\\\/barca-returns-new-camp-nou-900-days-later_315211_102.html\"},\"wordCount\":587,\"image\":{\"@id\":\"https:\\\/\\\/www.fcbarcelonanoticias.com\\\/en\\\/fc-barcelona\\\/barca-returns-new-camp-nou-900-days-later_315211_102.html#primaryimage\"},\"thumbnailUrl\":\"https:\\\/\\\/www.fcbarcelonanoticias.com\\\/en\\\/wp-content\\\/uploads\\\/sites\\\/2\\\/2025\\\/11\\\/los-cule-s-regresan-al-spotify-camp-nou-900-di-as-despue-s.webp\",\"keywords\":[\"Bar\u00e7a\",\"Camp Nou\"],\"articleSection\":[\"FC Barcelona\"],\"inLanguage\":\"en-US\"},{\"@type\":\"WebPage\",\"@id\":\"https:\\\/\\\/www.fcbarcelonanoticias.com\\\/en\\\/fc-barcelona\\\/barca-returns-new-camp-nou-900-days-later_315211_102.html\",\"url\":\"https:\\\/\\\/www.fcbarcelonanoticias.com\\\/en\\\/fc-barcelona\\\/barca-returns-new-camp-nou-900-days-later_315211_102.html\",\"name\":\"Bar\u00e7a returns to Camp Nou 900 days later\",\"isPartOf\":{\"@id\":\"https:\\\/\\\/www.fcbarcelonanoticias.com\\\/en\\\/#website\"},\"primaryImageOfPage\":{\"@id\":\"https:\\\/\\\/www.fcbarcelonanoticias.com\\\/en\\\/fc-barcelona\\\/barca-returns-new-camp-nou-900-days-later_315211_102.html#primaryimage\"},\"image\":{\"@id\":\"https:\\\/\\\/www.fcbarcelonanoticias.com\\\/en\\\/fc-barcelona\\\/barca-returns-new-camp-nou-900-days-later_315211_102.html#primaryimage\"},\"thumbnailUrl\":\"https:\\\/\\\/www.fcbarcelonanoticias.com\\\/en\\\/wp-content\\\/uploads\\\/sites\\\/2\\\/2025\\\/11\\\/los-cule-s-regresan-al-spotify-camp-nou-900-di-as-despue-s.webp\",\"datePublished\":\"2025-11-07T21:16:00+00:00\",\"author\":{\"@id\":\"https:\\\/\\\/www.fcbarcelonanoticias.com\\\/en\\\/#\\\/schema\\\/person\\\/0f2810101d27606974cdb8edb54fa54b\"},\"description\":\"Bar\u00e7a returns to Spotify Camp Nou 900 days later, before 22,280 fans and for solidarity purposes. A historic day for the club.\",\"breadcrumb\":{\"@id\":\"https:\\\/\\\/www.fcbarcelonanoticias.com\\\/en\\\/fc-barcelona\\\/barca-returns-new-camp-nou-900-days-later_315211_102.html#breadcrumb\"},\"inLanguage\":\"en-US\",\"potentialAction\":[{\"@type\":\"ReadAction\",\"target\":[\"https:\\\/\\\/www.fcbarcelonanoticias.com\\\/en\\\/fc-barcelona\\\/barca-returns-new-camp-nou-900-days-later_315211_102.html\"]}]},{\"@type\":\"ImageObject\",\"inLanguage\":\"en-US\",\"@id\":\"https:\\\/\\\/www.fcbarcelonanoticias.com\\\/en\\\/fc-barcelona\\\/barca-returns-new-camp-nou-900-days-later_315211_102.html#primaryimage\",\"url\":\"https:\\\/\\\/www.fcbarcelonanoticias.com\\\/en\\\/wp-content\\\/uploads\\\/sites\\\/2\\\/2025\\\/11\\\/los-cule-s-regresan-al-spotify-camp-nou-900-di-as-despue-s.webp\",\"contentUrl\":\"https:\\\/\\\/www.fcbarcelonanoticias.com\\\/en\\\/wp-content\\\/uploads\\\/sites\\\/2\\\/2025\\\/11\\\/los-cule-s-regresan-al-spotify-camp-nou-900-di-as-despue-s.webp\",\"width\":1200,\"height\":675},{\"@type\":\"BreadcrumbList\",\"@id\":\"https:\\\/\\\/www.fcbarcelonanoticias.com\\\/en\\\/fc-barcelona\\\/barca-returns-new-camp-nou-900-days-later_315211_102.html#breadcrumb\",\"itemListElement\":[{\"@type\":\"ListItem\",\"position\":1,\"name\":\"Portada\",\"item\":\"https:\\\/\\\/www.fcbarcelonanoticias.com\\\/en\\\/\"},{\"@type\":\"ListItem\",\"position\":2,\"name\":\"Historic day for the *cul\u00e9s*: return to the new Camp Nou 900 days later\"}]},{\"@type\":\"WebSite\",\"@id\":\"https:\\\/\\\/www.fcbarcelonanoticias.com\\\/en\\\/#website\",\"url\":\"https:\\\/\\\/www.fcbarcelonanoticias.com\\\/en\\\/\",\"name\":\"EN - FC Barcelona Noticias\",\"description\":\"\",\"potentialAction\":[{\"@type\":\"SearchAction\",\"target\":{\"@type\":\"EntryPoint\",\"urlTemplate\":\"https:\\\/\\\/www.fcbarcelonanoticias.com\\\/en\\\/?s={search_term_string}\"},\"query-input\":{\"@type\":\"PropertyValueSpecification\",\"valueRequired\":true,\"valueName\":\"search_term_string\"}}],\"inLanguage\":\"en-US\"},{\"@type\":\"Person\",\"@id\":\"https:\\\/\\\/www.fcbarcelonanoticias.com\\\/en\\\/#\\\/schema\\\/person\\\/0f2810101d27606974cdb8edb54fa54b\",\"name\":\"FC Barcelona Noticias\",\"image\":{\"@type\":\"ImageObject\",\"inLanguage\":\"en-US\",\"@id\":\"https:\\\/\\\/secure.gravatar.com\\\/avatar\\\/?s=96&d=mm&r=g\",\"url\":\"https:\\\/\\\/secure.gravatar.com\\\/avatar\\\/?s=96&d=mm&r=g\",\"contentUrl\":\"https:\\\/\\\/secure.gravatar.com\\\/avatar\\\/?s=96&d=mm&r=g\",\"caption\":\"FC Barcelona Noticias\"},\"url\":\"https:\\\/\\\/www.fcbarcelonanoticias.com\\\/en\\\/fc-barcelona\\\/fcbn-writing-fc-barcelona-news_6_115.html\"}]}<\/script>\n<!-- \/ Yoast SEO plugin. -->","yoast_head_json":{"title":"Bar\u00e7a returns to Camp Nou 900 days later","description":"Bar\u00e7a returns to Spotify Camp Nou 900 days later, before 22,280 fans and for solidarity purposes. A historic day for the club.","robots":{"index":"index","follow":"follow","max-snippet":"max-snippet:-1","max-image-preview":"max-image-preview:large","max-video-preview":"max-video-preview:-1"},"canonical":"https:\/\/www.fcbarcelonanoticias.com\/en\/fc-barcelona\/barca-returns-new-camp-nou-900-days-later_315211_102.html","og_locale":"en_US","og_type":"article","og_title":"Bar\u00e7a returns to Camp Nou 900 days later","og_description":"Bar\u00e7a returns to Spotify Camp Nou 900 days later, before 22,280 fans and for solidarity purposes. A historic day for the club.","og_url":"https:\/\/www.fcbarcelonanoticias.com\/en\/fc-barcelona\/barca-returns-new-camp-nou-900-days-later_315211_102.html","og_site_name":"EN - FC Barcelona Noticias","article_published_time":"2025-11-07T21:16:00+00:00","og_image":[{"width":1200,"height":675,"url":"https:\/\/www.fcbarcelonanoticias.com\/en\/wp-content\/uploads\/sites\/2\/2025\/11\/los-cule-s-regresan-al-spotify-camp-nou-900-di-as-despue-s.webp","type":"image\/webp"}],"author":"FC Barcelona Noticias","twitter_card":"summary_large_image","twitter_misc":{"Written by":"FC Barcelona Noticias","Est. reading time":"3 minutes"},"schema":{"@context":"https:\/\/schema.org","@graph":[{"@type":"Article","@id":"https:\/\/www.fcbarcelonanoticias.com\/en\/fc-barcelona\/barca-returns-new-camp-nou-900-days-later_315211_102.html#article","isPartOf":{"@id":"https:\/\/www.fcbarcelonanoticias.com\/en\/fc-barcelona\/barca-returns-new-camp-nou-900-days-later_315211_102.html"},"author":{"name":"FC Barcelona Noticias","@id":"https:\/\/www.fcbarcelonanoticias.com\/en\/#\/schema\/person\/0f2810101d27606974cdb8edb54fa54b"},"headline":"Historic day for the *cul\u00e9s*: return to the new Camp Nou 900 days later","datePublished":"2025-11-07T21:16:00+00:00","mainEntityOfPage":{"@id":"https:\/\/www.fcbarcelonanoticias.com\/en\/fc-barcelona\/barca-returns-new-camp-nou-900-days-later_315211_102.html"},"wordCount":587,"image":{"@id":"https:\/\/www.fcbarcelonanoticias.com\/en\/fc-barcelona\/barca-returns-new-camp-nou-900-days-later_315211_102.html#primaryimage"},"thumbnailUrl":"https:\/\/www.fcbarcelonanoticias.com\/en\/wp-content\/uploads\/sites\/2\/2025\/11\/los-cule-s-regresan-al-spotify-camp-nou-900-di-as-despue-s.webp","keywords":["Bar\u00e7a","Camp Nou"],"articleSection":["FC Barcelona"],"inLanguage":"en-US"},{"@type":"WebPage","@id":"https:\/\/www.fcbarcelonanoticias.com\/en\/fc-barcelona\/barca-returns-new-camp-nou-900-days-later_315211_102.html","url":"https:\/\/www.fcbarcelonanoticias.com\/en\/fc-barcelona\/barca-returns-new-camp-nou-900-days-later_315211_102.html","name":"Bar\u00e7a returns to Camp Nou 900 days later","isPartOf":{"@id":"https:\/\/www.fcbarcelonanoticias.com\/en\/#website"},"primaryImageOfPage":{"@id":"https:\/\/www.fcbarcelonanoticias.com\/en\/fc-barcelona\/barca-returns-new-camp-nou-900-days-later_315211_102.html#primaryimage"},"image":{"@id":"https:\/\/www.fcbarcelonanoticias.com\/en\/fc-barcelona\/barca-returns-new-camp-nou-900-days-later_315211_102.html#primaryimage"},"thumbnailUrl":"https:\/\/www.fcbarcelonanoticias.com\/en\/wp-content\/uploads\/sites\/2\/2025\/11\/los-cule-s-regresan-al-spotify-camp-nou-900-di-as-despue-s.webp","datePublished":"2025-11-07T21:16:00+00:00","author":{"@id":"https:\/\/www.fcbarcelonanoticias.com\/en\/#\/schema\/person\/0f2810101d27606974cdb8edb54fa54b"},"description":"Bar\u00e7a returns to Spotify Camp Nou 900 days later, before 22,280 fans and for solidarity purposes. A historic day for the club.","breadcrumb":{"@id":"https:\/\/www.fcbarcelonanoticias.com\/en\/fc-barcelona\/barca-returns-new-camp-nou-900-days-later_315211_102.html#breadcrumb"},"inLanguage":"en-US","potentialAction":[{"@type":"ReadAction","target":["https:\/\/www.fcbarcelonanoticias.com\/en\/fc-barcelona\/barca-returns-new-camp-nou-900-days-later_315211_102.html"]}]},{"@type":"ImageObject","inLanguage":"en-US","@id":"https:\/\/www.fcbarcelonanoticias.com\/en\/fc-barcelona\/barca-returns-new-camp-nou-900-days-later_315211_102.html#primaryimage","url":"https:\/\/www.fcbarcelonanoticias.com\/en\/wp-content\/uploads\/sites\/2\/2025\/11\/los-cule-s-regresan-al-spotify-camp-nou-900-di-as-despue-s.webp","contentUrl":"https:\/\/www.fcbarcelonanoticias.com\/en\/wp-content\/uploads\/sites\/2\/2025\/11\/los-cule-s-regresan-al-spotify-camp-nou-900-di-as-despue-s.webp","width":1200,"height":675},{"@type":"BreadcrumbList","@id":"https:\/\/www.fcbarcelonanoticias.com\/en\/fc-barcelona\/barca-returns-new-camp-nou-900-days-later_315211_102.html#breadcrumb","itemListElement":[{"@type":"ListItem","position":1,"name":"Portada","item":"https:\/\/www.fcbarcelonanoticias.com\/en\/"},{"@type":"ListItem","position":2,"name":"Historic day for the *cul\u00e9s*: return to the new Camp Nou 900 days later"}]},{"@type":"WebSite","@id":"https:\/\/www.fcbarcelonanoticias.com\/en\/#website","url":"https:\/\/www.fcbarcelonanoticias.com\/en\/","name":"EN - FC Barcelona Noticias","description":"","potentialAction":[{"@type":"SearchAction","target":{"@type":"EntryPoint","urlTemplate":"https:\/\/www.fcbarcelonanoticias.com\/en\/?s={search_term_string}"},"query-input":{"@type":"PropertyValueSpecification","valueRequired":true,"valueName":"search_term_string"}}],"inLanguage":"en-US"},{"@type":"Person","@id":"https:\/\/www.fcbarcelonanoticias.com\/en\/#\/schema\/person\/0f2810101d27606974cdb8edb54fa54b","name":"FC Barcelona Noticias","image":{"@type":"ImageObject","inLanguage":"en-US","@id":"https:\/\/secure.gravatar.com\/avatar\/?s=96&d=mm&r=g","url":"https:\/\/secure.gravatar.com\/avatar\/?s=96&d=mm&r=g","contentUrl":"https:\/\/secure.gravatar.com\/avatar\/?s=96&d=mm&r=g","caption":"FC Barcelona Noticias"},"url":"https:\/\/www.fcbarcelonanoticias.com\/en\/fc-barcelona\/fcbn-writing-fc-barcelona-news_6_115.html"}]}},"_links":{"self":[{"href":"https:\/\/www.fcbarcelonanoticias.com\/en\/wp-json\/wp\/v2\/posts\/14478","targetHints":{"allow":["GET"]}}],"collection":[{"href":"https:\/\/www.fcbarcelonanoticias.com\/en\/wp-json\/wp\/v2\/posts"}],"about":[{"href":"https:\/\/www.fcbarcelonanoticias.com\/en\/wp-json\/wp\/v2\/types\/post"}],"author":[{"embeddable":true,"href":"https:\/\/www.fcbarcelonanoticias.com\/en\/wp-json\/wp\/v2\/users\/353"}],"replies":[{"embeddable":true,"href":"https:\/\/www.fcbarcelonanoticias.com\/en\/wp-json\/wp\/v2\/comments?post=14478"}],"version-history":[{"count":1,"href":"https:\/\/www.fcbarcelonanoticias.com\/en\/wp-json\/wp\/v2\/posts\/14478\/revisions"}],"predecessor-version":[{"id":102614,"href":"https:\/\/www.fcbarcelonanoticias.com\/en\/wp-json\/wp\/v2\/posts\/14478\/revisions\/102614"}],"wp:featuredmedia":[{"embeddable":true,"href":"https:\/\/www.fcbarcelonanoticias.com\/en\/wp-json\/wp\/v2\/media\/14479"}],"wp:attachment":[{"href":"https:\/\/www.fcbarcelonanoticias.com\/en\/wp-json\/wp\/v2\/media?parent=14478"}],"wp:term":[{"taxonomy":"category","embeddable":true,"href":"https:\/\/www.fcbarcelonanoticias.com\/en\/wp-json\/wp\/v2\/categories?post=14478"},{"taxonomy":"post_tag","embeddable":true,"href":"https:\/\/www.fcbarcelonanoticias.com\/en\/wp-json\/wp\/v2\/tags?post=14478"}],"curies":[{"name":"wp","href":"https:\/\/api.w.org\/{rel}","templated":true}]}}