{"id":144849,"date":"2022-10-09T16:11:00","date_gmt":"2022-10-09T14:11:00","guid":{"rendered":"https:\/\/weisetech.dev\/fc-barcelona-noticias\/en\/zubimendi-impossible-signing-for-the-barca-of-xavi_285255_102\/"},"modified":"2022-10-09T16:12:00","modified_gmt":"2022-10-09T14:12:00","slug":"zubimendi-impossible-signing-for-the-barca-of-xavi_285255_102","status":"publish","type":"post","link":"https:\/\/www.fcbarcelonanoticias.com\/en\/transfers\/zubimendi-impossible-signing-for-the-barca-of-xavi_285255_102.html","title":{"rendered":"Zubimendi, impossible signing for Xavi&#8217;s Bar\u00e7a"},"content":{"rendered":"<h2 class=\"wp-block-heading\">Mart\u00edn Zubimendi would have planned to sign his renewal until 2027, which would remove the possibility of a transfer to Bar\u00e7a. The reserve option would be R\u00faben Neves, who would not be totally to Xavi&#8217;s liking<\/h2>  \r\n<div class=\"article-addons\">\r\n    <a href=\"https:\/\/www.fcbarcelonanoticias.com\/en\/calendar-fc-barcelona.html\"\r\n       target=\"_self\"\r\n       title=\"Calendar of FC Barcelona\"\r\n       class=\"blue-gredient-btn\">\r\n       \r\n        Calendar of FC Barcelona    <\/a>\r\n<\/div>   <p>In spite of the attempts of the FC Barcelona to find to a midfield player that can serve like spare generacional for Sergio Busquets, the research seems to do complicated, all time that<a data-external=\"0\" data-intl-links-en=\"https:\/\/www.fcbarcelonanoticias.com\/en\/transfers\/the-president-of-the-real-goes-back-to-move-away-to-zubimendi-of-the_285170_102.html\" data-intl-links-es=\"https:\/\/www.fcbarcelonanoticias.com\/fichajes\/presidente-real-vuelve-alejar-zubimendi-barcelona_285170_102.html\" href=\"https:\/\/www.fcbarcelonanoticias.com\/en\/transfers\/the-president-of-the-real-goes-back-to-move-away-to-zubimendi-of-the_285170_102.html\" rel=\"follow\" target=\"_self\" title=\"El presidente de la Real vuelve a alejar a Zubimendi del Bar\u00e7a\"> Mart\u00edn Zubimendi<\/a>, one of the favourites of the directive for the medullary, <strong>would be by the work to prolong his bond with the Real Sociedad until the summer of 2027<\/strong>.<\/p>  <p>In fact, the Barcelona team already came him following and arrived to sopesar this possibility during the market estival. However, according to the information of the newspaper &#8216;Sport&#8217;, has indicated that <strong>so much the player like the club have the intention to sign an agreement of renewal further of 30 June 2025<\/strong>, the date stipulated in the agreement that at present links him to the Real.<\/p>  <p>Likewise, <strong>the new document would have a clause of rescission prohibitiva<\/strong> that will not be more than an extension of the current, whose amount reaches the 60 million euros. Of this way, has fallen this option, one of the favourites for Xavi Hern\u00e1ndez, that now could finish looking to another side to the moment to look for to a player with similar profile to the of &#8216;Busi&#8217;.<\/p>  <p>From the club &#8216;txuri-urdin&#8217; have the intention to preserve to his player and there would be plans to put him on sale, whereas the player feels to taste in the club and <strong>does not have thought to change of airs in the next years<\/strong>. From the Barcelona have tried to convince him of his role in the project, but Zubimendi has finished descartando any possibility to abandon the Real.<\/p>  <h3>The &#8216;plan B&#8217; of the Bar\u00e7a<\/h3>  <p>In such sense, in front of the refusal of the footballer,<strong> the candidate for the staff cul\u00e9 could be <a data-external=\"0\" data-intl-links-en=\"https:\/\/www.fcbarcelonanoticias.com\/en\/transfers\/barcelona-could-sign-ruben-neves-bargain-price_284905_102.html\" data-intl-links-es=\"https:\/\/www.fcbarcelonanoticias.com\/fichajes\/barcelona-podria-fichar-ruben-neves-precio-ganga_284905_102.html\" href=\"https:\/\/www.fcbarcelonanoticias.com\/en\/transfers\/barcelona-could-sign-ruben-neves-bargain-price_284905_102.html\" rel=\"follow\" target=\"_self\" title=\"El Bar\u00e7a podr\u00eda fichar a R\u00faben Neves a precio de 'ganga'\">R\u00faben Neves<\/a><\/strong>. His profile is not very of the like of the m\u00edster, but luce like a more affordable option. Besides, the Barcelona team would not be planning signings very elevated of face to the next year, unless it take place some important sale of any of his effective.<\/p> ","protected":false},"excerpt":{"rendered":"<p>Mart\u00edn Zubimendi would have planned to sign his renewal until 2027, which would remove the possibility of a transfer to Bar\u00e7a. The reserve option would be R\u00faben Neves, who would not be totally to Xavi&#8217;s liking In spite of the attempts of the FC Barcelona to find to a midfield player that can serve like [&hellip;]<\/p>\n","protected":false},"author":378,"featured_media":144850,"comment_status":"closed","ping_status":"open","sticky":false,"template":"","format":"standard","meta":{"_acf_changed":false,"inline_featured_image":false,"_nextfly_llmd_date_locked":false,"footnotes":""},"categories":[106,449],"tags":[72],"class_list":["post-144849","post","type-post","status-publish","format-standard","has-post-thumbnail","hentry","category-transfers","category-transfers-2","tag-real-sociedad"],"acf":[],"yoast_head":"<!-- This site is optimized with the Yoast SEO plugin v27.3 - https:\/\/yoast.com\/product\/yoast-seo-wordpress\/ -->\n<title>Zubimendi, impossible signing for the Bar\u00e7a of Xavi<\/title>\n<meta name=\"description\" content=\"Mart\u00edn Zubimendi would have foreseen to sign his renewal until 2027, what would move away the possibility of a signing by the Bar\u00e7a. The option of reservation would be R\u00fabe...\" \/>\n<meta name=\"robots\" content=\"index, follow, max-snippet:-1, max-image-preview:large, max-video-preview:-1\" \/>\n<link rel=\"canonical\" href=\"https:\/\/www.fcbarcelonanoticias.com\/en\/transfers\/zubimendi-impossible-signing-for-the-barca-of-xavi_285255_102.html\" \/>\n<meta property=\"og:locale\" content=\"en_US\" \/>\n<meta property=\"og:type\" content=\"article\" \/>\n<meta property=\"og:title\" content=\"Zubimendi, impossible signing for the Bar\u00e7a of Xavi\" \/>\n<meta property=\"og:description\" content=\"Mart\u00edn Zubimendi would have foreseen to sign his renewal until 2027, what would move away the possibility of a signing by the Bar\u00e7a. The option of reservation would be R\u00fabe...\" \/>\n<meta property=\"og:url\" content=\"https:\/\/www.fcbarcelonanoticias.com\/en\/transfers\/zubimendi-impossible-signing-for-the-barca-of-xavi_285255_102.html\" \/>\n<meta property=\"og:site_name\" content=\"EN - FC Barcelona Noticias\" \/>\n<meta property=\"article:published_time\" content=\"2022-10-09T14:11:00+00:00\" \/>\n<meta property=\"article:modified_time\" content=\"2022-10-09T14:12:00+00:00\" \/>\n<meta property=\"og:image\" content=\"https:\/\/www.fcbarcelonanoticias.com\/en\/wp-content\/uploads\/sites\/2\/2022\/10\/girona-fc-v-real-sociedad-laliga-santander-1.jpeg\" \/>\n\t<meta property=\"og:image:width\" content=\"1200\" \/>\n\t<meta property=\"og:image:height\" content=\"714\" \/>\n\t<meta property=\"og:image:type\" content=\"image\/jpeg\" \/>\n<meta name=\"author\" content=\"user_4034\" \/>\n<meta name=\"twitter:card\" content=\"summary_large_image\" \/>\n<meta name=\"twitter:label1\" content=\"Written by\" \/>\n\t<meta name=\"twitter:data1\" content=\"user_4034\" \/>\n\t<meta name=\"twitter:label2\" content=\"Est. reading time\" \/>\n\t<meta name=\"twitter:data2\" content=\"2 minutes\" \/>\n<script type=\"application\/ld+json\" class=\"yoast-schema-graph\">{\"@context\":\"https:\\\/\\\/schema.org\",\"@graph\":[{\"@type\":\"Article\",\"@id\":\"https:\\\/\\\/www.fcbarcelonanoticias.com\\\/en\\\/transfers\\\/zubimendi-impossible-signing-for-the-barca-of-xavi_285255_102.html#article\",\"isPartOf\":{\"@id\":\"https:\\\/\\\/www.fcbarcelonanoticias.com\\\/en\\\/transfers\\\/zubimendi-impossible-signing-for-the-barca-of-xavi_285255_102.html\"},\"author\":{\"name\":\"user_4034\",\"@id\":\"https:\\\/\\\/www.fcbarcelonanoticias.com\\\/en\\\/#\\\/schema\\\/person\\\/af5ca539abaaa1bd2753d05ef7a706d0\"},\"headline\":\"Zubimendi, impossible signing for Xavi&#8217;s Bar\u00e7a\",\"datePublished\":\"2022-10-09T14:11:00+00:00\",\"dateModified\":\"2022-10-09T14:12:00+00:00\",\"mainEntityOfPage\":{\"@id\":\"https:\\\/\\\/www.fcbarcelonanoticias.com\\\/en\\\/transfers\\\/zubimendi-impossible-signing-for-the-barca-of-xavi_285255_102.html\"},\"wordCount\":387,\"image\":{\"@id\":\"https:\\\/\\\/www.fcbarcelonanoticias.com\\\/en\\\/transfers\\\/zubimendi-impossible-signing-for-the-barca-of-xavi_285255_102.html#primaryimage\"},\"thumbnailUrl\":\"https:\\\/\\\/www.fcbarcelonanoticias.com\\\/en\\\/wp-content\\\/uploads\\\/sites\\\/2\\\/2022\\\/10\\\/girona-fc-v-real-sociedad-laliga-santander-1.jpeg\",\"keywords\":[\"Real Sociedad\"],\"articleSection\":[\"Transfers\",\"Transfers\"],\"inLanguage\":\"en-US\"},{\"@type\":\"WebPage\",\"@id\":\"https:\\\/\\\/www.fcbarcelonanoticias.com\\\/en\\\/transfers\\\/zubimendi-impossible-signing-for-the-barca-of-xavi_285255_102.html\",\"url\":\"https:\\\/\\\/www.fcbarcelonanoticias.com\\\/en\\\/transfers\\\/zubimendi-impossible-signing-for-the-barca-of-xavi_285255_102.html\",\"name\":\"Zubimendi, impossible signing for the Bar\u00e7a of Xavi\",\"isPartOf\":{\"@id\":\"https:\\\/\\\/www.fcbarcelonanoticias.com\\\/en\\\/#website\"},\"primaryImageOfPage\":{\"@id\":\"https:\\\/\\\/www.fcbarcelonanoticias.com\\\/en\\\/transfers\\\/zubimendi-impossible-signing-for-the-barca-of-xavi_285255_102.html#primaryimage\"},\"image\":{\"@id\":\"https:\\\/\\\/www.fcbarcelonanoticias.com\\\/en\\\/transfers\\\/zubimendi-impossible-signing-for-the-barca-of-xavi_285255_102.html#primaryimage\"},\"thumbnailUrl\":\"https:\\\/\\\/www.fcbarcelonanoticias.com\\\/en\\\/wp-content\\\/uploads\\\/sites\\\/2\\\/2022\\\/10\\\/girona-fc-v-real-sociedad-laliga-santander-1.jpeg\",\"datePublished\":\"2022-10-09T14:11:00+00:00\",\"dateModified\":\"2022-10-09T14:12:00+00:00\",\"author\":{\"@id\":\"https:\\\/\\\/www.fcbarcelonanoticias.com\\\/en\\\/#\\\/schema\\\/person\\\/af5ca539abaaa1bd2753d05ef7a706d0\"},\"description\":\"Mart\u00edn Zubimendi would have foreseen to sign his renewal until 2027, what would move away the possibility of a signing by the Bar\u00e7a. The option of reservation would be R\u00fabe...\",\"breadcrumb\":{\"@id\":\"https:\\\/\\\/www.fcbarcelonanoticias.com\\\/en\\\/transfers\\\/zubimendi-impossible-signing-for-the-barca-of-xavi_285255_102.html#breadcrumb\"},\"inLanguage\":\"en-US\",\"potentialAction\":[{\"@type\":\"ReadAction\",\"target\":[\"https:\\\/\\\/www.fcbarcelonanoticias.com\\\/en\\\/transfers\\\/zubimendi-impossible-signing-for-the-barca-of-xavi_285255_102.html\"]}]},{\"@type\":\"ImageObject\",\"inLanguage\":\"en-US\",\"@id\":\"https:\\\/\\\/www.fcbarcelonanoticias.com\\\/en\\\/transfers\\\/zubimendi-impossible-signing-for-the-barca-of-xavi_285255_102.html#primaryimage\",\"url\":\"https:\\\/\\\/www.fcbarcelonanoticias.com\\\/en\\\/wp-content\\\/uploads\\\/sites\\\/2\\\/2022\\\/10\\\/girona-fc-v-real-sociedad-laliga-santander-1.jpeg\",\"contentUrl\":\"https:\\\/\\\/www.fcbarcelonanoticias.com\\\/en\\\/wp-content\\\/uploads\\\/sites\\\/2\\\/2022\\\/10\\\/girona-fc-v-real-sociedad-laliga-santander-1.jpeg\",\"width\":1200,\"height\":714},{\"@type\":\"BreadcrumbList\",\"@id\":\"https:\\\/\\\/www.fcbarcelonanoticias.com\\\/en\\\/transfers\\\/zubimendi-impossible-signing-for-the-barca-of-xavi_285255_102.html#breadcrumb\",\"itemListElement\":[{\"@type\":\"ListItem\",\"position\":1,\"name\":\"Portada\",\"item\":\"https:\\\/\\\/www.fcbarcelonanoticias.com\\\/en\\\/\"},{\"@type\":\"ListItem\",\"position\":2,\"name\":\"Zubimendi, impossible signing for Xavi&#8217;s Bar\u00e7a\"}]},{\"@type\":\"WebSite\",\"@id\":\"https:\\\/\\\/www.fcbarcelonanoticias.com\\\/en\\\/#website\",\"url\":\"https:\\\/\\\/www.fcbarcelonanoticias.com\\\/en\\\/\",\"name\":\"EN - FC Barcelona Noticias\",\"description\":\"\",\"potentialAction\":[{\"@type\":\"SearchAction\",\"target\":{\"@type\":\"EntryPoint\",\"urlTemplate\":\"https:\\\/\\\/www.fcbarcelonanoticias.com\\\/en\\\/?s={search_term_string}\"},\"query-input\":{\"@type\":\"PropertyValueSpecification\",\"valueRequired\":true,\"valueName\":\"search_term_string\"}}],\"inLanguage\":\"en-US\"},{\"@type\":\"Person\",\"@id\":\"https:\\\/\\\/www.fcbarcelonanoticias.com\\\/en\\\/#\\\/schema\\\/person\\\/af5ca539abaaa1bd2753d05ef7a706d0\",\"name\":\"user_4034\",\"image\":{\"@type\":\"ImageObject\",\"inLanguage\":\"en-US\",\"@id\":\"https:\\\/\\\/secure.gravatar.com\\\/avatar\\\/?s=96&d=mm&r=g\",\"url\":\"https:\\\/\\\/secure.gravatar.com\\\/avatar\\\/?s=96&d=mm&r=g\",\"contentUrl\":\"https:\\\/\\\/secure.gravatar.com\\\/avatar\\\/?s=96&d=mm&r=g\",\"caption\":\"user_4034\"},\"url\":\"https:\\\/\\\/www.fcbarcelonanoticias.com\\\/en\\\/user_4034.html\"}]}<\/script>\n<!-- \/ Yoast SEO plugin. -->","yoast_head_json":{"title":"Zubimendi, impossible signing for the Bar\u00e7a of Xavi","description":"Mart\u00edn Zubimendi would have foreseen to sign his renewal until 2027, what would move away the possibility of a signing by the Bar\u00e7a. The option of reservation would be R\u00fabe...","robots":{"index":"index","follow":"follow","max-snippet":"max-snippet:-1","max-image-preview":"max-image-preview:large","max-video-preview":"max-video-preview:-1"},"canonical":"https:\/\/www.fcbarcelonanoticias.com\/en\/transfers\/zubimendi-impossible-signing-for-the-barca-of-xavi_285255_102.html","og_locale":"en_US","og_type":"article","og_title":"Zubimendi, impossible signing for the Bar\u00e7a of Xavi","og_description":"Mart\u00edn Zubimendi would have foreseen to sign his renewal until 2027, what would move away the possibility of a signing by the Bar\u00e7a. The option of reservation would be R\u00fabe...","og_url":"https:\/\/www.fcbarcelonanoticias.com\/en\/transfers\/zubimendi-impossible-signing-for-the-barca-of-xavi_285255_102.html","og_site_name":"EN - FC Barcelona Noticias","article_published_time":"2022-10-09T14:11:00+00:00","article_modified_time":"2022-10-09T14:12:00+00:00","og_image":[{"width":1200,"height":714,"url":"https:\/\/www.fcbarcelonanoticias.com\/en\/wp-content\/uploads\/sites\/2\/2022\/10\/girona-fc-v-real-sociedad-laliga-santander-1.jpeg","type":"image\/jpeg"}],"author":"user_4034","twitter_card":"summary_large_image","twitter_misc":{"Written by":"user_4034","Est. reading time":"2 minutes"},"schema":{"@context":"https:\/\/schema.org","@graph":[{"@type":"Article","@id":"https:\/\/www.fcbarcelonanoticias.com\/en\/transfers\/zubimendi-impossible-signing-for-the-barca-of-xavi_285255_102.html#article","isPartOf":{"@id":"https:\/\/www.fcbarcelonanoticias.com\/en\/transfers\/zubimendi-impossible-signing-for-the-barca-of-xavi_285255_102.html"},"author":{"name":"user_4034","@id":"https:\/\/www.fcbarcelonanoticias.com\/en\/#\/schema\/person\/af5ca539abaaa1bd2753d05ef7a706d0"},"headline":"Zubimendi, impossible signing for Xavi&#8217;s Bar\u00e7a","datePublished":"2022-10-09T14:11:00+00:00","dateModified":"2022-10-09T14:12:00+00:00","mainEntityOfPage":{"@id":"https:\/\/www.fcbarcelonanoticias.com\/en\/transfers\/zubimendi-impossible-signing-for-the-barca-of-xavi_285255_102.html"},"wordCount":387,"image":{"@id":"https:\/\/www.fcbarcelonanoticias.com\/en\/transfers\/zubimendi-impossible-signing-for-the-barca-of-xavi_285255_102.html#primaryimage"},"thumbnailUrl":"https:\/\/www.fcbarcelonanoticias.com\/en\/wp-content\/uploads\/sites\/2\/2022\/10\/girona-fc-v-real-sociedad-laliga-santander-1.jpeg","keywords":["Real Sociedad"],"articleSection":["Transfers","Transfers"],"inLanguage":"en-US"},{"@type":"WebPage","@id":"https:\/\/www.fcbarcelonanoticias.com\/en\/transfers\/zubimendi-impossible-signing-for-the-barca-of-xavi_285255_102.html","url":"https:\/\/www.fcbarcelonanoticias.com\/en\/transfers\/zubimendi-impossible-signing-for-the-barca-of-xavi_285255_102.html","name":"Zubimendi, impossible signing for the Bar\u00e7a of Xavi","isPartOf":{"@id":"https:\/\/www.fcbarcelonanoticias.com\/en\/#website"},"primaryImageOfPage":{"@id":"https:\/\/www.fcbarcelonanoticias.com\/en\/transfers\/zubimendi-impossible-signing-for-the-barca-of-xavi_285255_102.html#primaryimage"},"image":{"@id":"https:\/\/www.fcbarcelonanoticias.com\/en\/transfers\/zubimendi-impossible-signing-for-the-barca-of-xavi_285255_102.html#primaryimage"},"thumbnailUrl":"https:\/\/www.fcbarcelonanoticias.com\/en\/wp-content\/uploads\/sites\/2\/2022\/10\/girona-fc-v-real-sociedad-laliga-santander-1.jpeg","datePublished":"2022-10-09T14:11:00+00:00","dateModified":"2022-10-09T14:12:00+00:00","author":{"@id":"https:\/\/www.fcbarcelonanoticias.com\/en\/#\/schema\/person\/af5ca539abaaa1bd2753d05ef7a706d0"},"description":"Mart\u00edn Zubimendi would have foreseen to sign his renewal until 2027, what would move away the possibility of a signing by the Bar\u00e7a. The option of reservation would be R\u00fabe...","breadcrumb":{"@id":"https:\/\/www.fcbarcelonanoticias.com\/en\/transfers\/zubimendi-impossible-signing-for-the-barca-of-xavi_285255_102.html#breadcrumb"},"inLanguage":"en-US","potentialAction":[{"@type":"ReadAction","target":["https:\/\/www.fcbarcelonanoticias.com\/en\/transfers\/zubimendi-impossible-signing-for-the-barca-of-xavi_285255_102.html"]}]},{"@type":"ImageObject","inLanguage":"en-US","@id":"https:\/\/www.fcbarcelonanoticias.com\/en\/transfers\/zubimendi-impossible-signing-for-the-barca-of-xavi_285255_102.html#primaryimage","url":"https:\/\/www.fcbarcelonanoticias.com\/en\/wp-content\/uploads\/sites\/2\/2022\/10\/girona-fc-v-real-sociedad-laliga-santander-1.jpeg","contentUrl":"https:\/\/www.fcbarcelonanoticias.com\/en\/wp-content\/uploads\/sites\/2\/2022\/10\/girona-fc-v-real-sociedad-laliga-santander-1.jpeg","width":1200,"height":714},{"@type":"BreadcrumbList","@id":"https:\/\/www.fcbarcelonanoticias.com\/en\/transfers\/zubimendi-impossible-signing-for-the-barca-of-xavi_285255_102.html#breadcrumb","itemListElement":[{"@type":"ListItem","position":1,"name":"Portada","item":"https:\/\/www.fcbarcelonanoticias.com\/en\/"},{"@type":"ListItem","position":2,"name":"Zubimendi, impossible signing for Xavi&#8217;s Bar\u00e7a"}]},{"@type":"WebSite","@id":"https:\/\/www.fcbarcelonanoticias.com\/en\/#website","url":"https:\/\/www.fcbarcelonanoticias.com\/en\/","name":"EN - FC Barcelona Noticias","description":"","potentialAction":[{"@type":"SearchAction","target":{"@type":"EntryPoint","urlTemplate":"https:\/\/www.fcbarcelonanoticias.com\/en\/?s={search_term_string}"},"query-input":{"@type":"PropertyValueSpecification","valueRequired":true,"valueName":"search_term_string"}}],"inLanguage":"en-US"},{"@type":"Person","@id":"https:\/\/www.fcbarcelonanoticias.com\/en\/#\/schema\/person\/af5ca539abaaa1bd2753d05ef7a706d0","name":"user_4034","image":{"@type":"ImageObject","inLanguage":"en-US","@id":"https:\/\/secure.gravatar.com\/avatar\/?s=96&d=mm&r=g","url":"https:\/\/secure.gravatar.com\/avatar\/?s=96&d=mm&r=g","contentUrl":"https:\/\/secure.gravatar.com\/avatar\/?s=96&d=mm&r=g","caption":"user_4034"},"url":"https:\/\/www.fcbarcelonanoticias.com\/en\/user_4034.html"}]}},"_links":{"self":[{"href":"https:\/\/www.fcbarcelonanoticias.com\/en\/wp-json\/wp\/v2\/posts\/144849","targetHints":{"allow":["GET"]}}],"collection":[{"href":"https:\/\/www.fcbarcelonanoticias.com\/en\/wp-json\/wp\/v2\/posts"}],"about":[{"href":"https:\/\/www.fcbarcelonanoticias.com\/en\/wp-json\/wp\/v2\/types\/post"}],"author":[{"embeddable":true,"href":"https:\/\/www.fcbarcelonanoticias.com\/en\/wp-json\/wp\/v2\/users\/378"}],"replies":[{"embeddable":true,"href":"https:\/\/www.fcbarcelonanoticias.com\/en\/wp-json\/wp\/v2\/comments?post=144849"}],"version-history":[{"count":1,"href":"https:\/\/www.fcbarcelonanoticias.com\/en\/wp-json\/wp\/v2\/posts\/144849\/revisions"}],"predecessor-version":[{"id":146721,"href":"https:\/\/www.fcbarcelonanoticias.com\/en\/wp-json\/wp\/v2\/posts\/144849\/revisions\/146721"}],"wp:featuredmedia":[{"embeddable":true,"href":"https:\/\/www.fcbarcelonanoticias.com\/en\/wp-json\/wp\/v2\/media\/144850"}],"wp:attachment":[{"href":"https:\/\/www.fcbarcelonanoticias.com\/en\/wp-json\/wp\/v2\/media?parent=144849"}],"wp:term":[{"taxonomy":"category","embeddable":true,"href":"https:\/\/www.fcbarcelonanoticias.com\/en\/wp-json\/wp\/v2\/categories?post=144849"},{"taxonomy":"post_tag","embeddable":true,"href":"https:\/\/www.fcbarcelonanoticias.com\/en\/wp-json\/wp\/v2\/tags?post=144849"}],"curies":[{"name":"wp","href":"https:\/\/api.w.org\/{rel}","templated":true}]}}