{"id":144855,"date":"2025-07-01T02:08:00","date_gmt":"2025-07-01T00:08:00","guid":{"rendered":"https:\/\/weisetech.dev\/fc-barcelona-noticias\/en\/thomas-partey-aims-for-laliga-what-will-be-his-new-team_313314_102\/"},"modified":"2026-04-16T09:35:52","modified_gmt":"2026-04-16T07:35:52","slug":"thomas-partey-aims-for-laliga-what-will-be-his-new-team_313314_102","status":"publish","type":"post","link":"https:\/\/www.fcbarcelonanoticias.com\/en\/transfers\/thomas-partey-aims-for-laliga-what-will-be-his-new-team_313314_102.html","title":{"rendered":"Thomas Partey wants to return to LaLiga: what will be his new team?"},"content":{"rendered":"<h2 class=\"wp-block-heading\">Thomas Partey is officially a free agent for the summer market. The Ghanaian&#8217;s contract with Arsenal has ended and he could return to LaLiga with Bar\u00e7a?<\/h2>  \r\n<div class=\"article-addons\">\r\n    <a href=\"https:\/\/www.fcbarcelonanoticias.com\/en\/calendar-fc-barcelona.html\"\r\n       target=\"_self\"\r\n       title=\"Calendar of FC Barcelona\"\r\n       class=\"blue-gredient-btn\">\r\n       \r\n        Calendar of FC Barcelona    <\/a>\r\n<\/div>   <p>The summer market officially opens this Tuesday and there are several players who can sign for &#8216;free&#8217; with any team. This is the case of <strong>Thomas Partey<\/strong>, who recently ended his contract with <a data-external=\"0\" data-intl-links-en=\"https:\/\/www.fcbarcelonanoticias.com\/en\/tags\/arsenal\" data-intl-links-es=\"https:\/\/www.fcbarcelonanoticias.com\/tags\/arsenal\" href=\"https:\/\/www.fcbarcelonanoticias.com\/en\/tags\/arsenal.html\" rel=\"follow\" target=\"_self\" title=\"Arsenal\">Arsenal<\/a> after five seasons.<\/p>  <p>The London team, understanding that the Ghanaian has decided to try his luck in another team, would already have closed the signing of the Danish <strong>Christian Norgaard<\/strong> (Brentford), who will arrive at the Emirates Stadium for a price close to 17.5 million euros.<\/p>  <p>In addition, <strong>the &#8216;gunners&#8217; will pay the 60 &#8216;kilos&#8217; of Mart\u00edn Zubimendi&#8217;s clause to Real Sociedad<\/strong>, thus turning the Spanish international into the new pivot of Mikel Arteta&#8217;s team. Including the CPI, the transfer of the Basque player reaches 66 M\u20ac.<\/p>  <div class=\"cke-element cke-element--102\"><section class=\"c-related-article\"><figure class=\"c-image__fig\"><a href=\"https:\/\/www.fcbarcelonanoticias.com\/fichajes\/arsenal-ata-viejo-objetivo-barcelona-martin-zubimendi_312832_102.html\" title=\"Arsenal 'locks up' a longtime Bar\u00e7a target, Mart\u00edn Zubimendi\" class=\"c-image__imglink\"><picture><img decoding=\"async\" src=\"https:\/\/www.fcbarcelonanoticias.com\/wp-content\/uploads\/sites\/2\/2025\/07\/fcbn-0096a7e6467ad6a2b1682354716d91be.jpeg\" alt=\"Arsenal 'locks up' a longtime Bar\u00e7a target, Mart\u00edn Zubimendi\" title=\"Arsenal 'locks up' a longtime Bar\u00e7a target, Mart\u00edn Zubimendi\" class=\"c-image__img\" width=\"1200\" height=\"675\" loading=\"lazy\"><\/picture><\/a>     <\/figure><div class=\"c-related-article__wrapper\">         <p class=\"c-related-article__avantitle\">Related<\/p>         <h4 class=\"c-related-article__title\">             <a href=\"https:\/\/www.fcbarcelonanoticias.com\/fichajes\/arsenal-ata-viejo-objetivo-barcelona-martin-zubimendi_312832_102.html\" title=\"Arsenal 'ties down' an old Bar\u00e7a target: Mart\u00edn Zubimendi\" class=\"c-related-article__link\">                 Arsenal &#8216;ties down&#8217; an old Bar\u00e7a target: Mart\u00edn Zubimendi             <\/a>         <\/h4>     <\/div> <\/section><\/div>  <h2>Thomas Partey aims to return to LaLiga in 25\/26<\/h2>  <p>In this way, <strong>Partey has a free path to sign as a free agent with any club<\/strong>. The most likely thing, according to the latest information, is that the player from Odumase Krobo is considering returning to <a data-external=\"0\" data-intl-links-en=\"https:\/\/www.fcbarcelonanoticias.com\/en\/tags\/atletico-de-madrid\" data-intl-links-es=\"https:\/\/www.fcbarcelonanoticias.com\/tags\/atletico-de-madrid\" href=\"https:\/\/www.fcbarcelonanoticias.com\/en\/tags\/atletico-de-madrid.html\" rel=\"follow\" target=\"_self\" title=\"Atl\u00e9tico de Madrid\">Atl\u00e9tico de Madrid<\/a>, where he already played five seasons between 2015 and 2020.<\/p>  <p>Thomas was a key piece in Diego Simeone&#8217;s scheme, <strong>contributing 16 goals and 12 assists in 188 matches<\/strong>. With Arsenal, his performance was similar, adding 9 goals and 7 assists in 167 matches.<\/p>  <div class=\"cke-element cke-element--102\"><section class=\"c-related-article\"><figure class=\"c-image__fig\"><a href=\"https:\/\/www.fcbarcelonanoticias.com\/fichajes\/barcelona-thomas-partey-interes-barca-arsenal-verano-2025_312910_102.html\" title=\"Thomas Partey en el duelo entre el Arsenal y el Newcastle United en la Premier League\" class=\"c-image__imglink\"><picture><img decoding=\"async\" src=\"https:\/\/www.fcbarcelonanoticias.com\/wp-content\/uploads\/sites\/2\/2025\/07\/fcbn-e1750c03644ce5b4e828b8e11797ca1a.jpeg\" alt=\"Thomas Partey en el duelo entre el Arsenal y el Newcastle United en la Premier League\" title=\"Thomas Partey en el duelo entre el Arsenal y el Newcastle United en la Premier League\" class=\"c-image__img\" width=\"1200\" height=\"675\" loading=\"lazy\"><\/picture><\/a>     <\/figure><div class=\"c-related-article__wrapper\">         <p class=\"c-related-article__avantitle\">Related<\/p>         <h4 class=\"c-related-article__title\">             <a href=\"https:\/\/www.fcbarcelonanoticias.com\/fichajes\/barcelona-thomas-partey-interes-barca-arsenal-verano-2025_312910_102.html\" title=\"From England they insist with Thomas Partey: a real option for Bar\u00e7a?\" class=\"c-related-article__link\">                 From England they insist with Thomas Partey: a real option for Bar\u00e7a?             <\/a>         <\/h4>     <\/div> <\/section><\/div>  <p>24\/25, in fact, was his best season, with <strong>a total of 52 matches (45 as a starter) in which he scored 4 goals and 2 assists<\/strong>. Not in vain, the London team wanted to renew him, but the African midfielder preferred to leave for &#8216;free&#8217;. The English had paid 50 &#8216;kilos&#8217; for his transfer in 2020.<\/p>  <h2>Bar\u00e7a is not an option for Thomas Partey<\/h2>  <p>As he is a free agent, the midfielder also sounded like a &#8216;low cost&#8217; alternative for FC Barcelona. However, <strong>the Blaugrana team will not sign another defensive pivot this year<\/strong>, as it is a position well covered with the available players in the squad.<\/p>  <div class=\"cke-element cke-element--102\"><section class=\"c-related-article\"><figure class=\"c-image__fig\"><a href=\"https:\/\/www.fcbarcelonanoticias.com\/futbol\/fichajes\/barcelona-renovacion-frenkie-de-jong-laporta_313272_102.html\" title=\"Frenkie de Jong apunta a renovar con el Bar\u00e7a Laporta da pistas claras\" class=\"c-image__imglink\"><picture><img decoding=\"async\" src=\"https:\/\/www.fcbarcelonanoticias.com\/wp-content\/uploads\/sites\/2\/2025\/07\/fcbn-c3250ab2cc2cbe3f835ba0ccdcfacccc.jpeg\" alt=\"Frenkie de Jong apunta a renovar con el Bar\u00e7a Laporta da pistas claras\" title=\"Frenkie de Jong apunta a renovar con el Bar\u00e7a Laporta da pistas claras\" class=\"c-image__img\" width=\"1200\" height=\"675\" loading=\"lazy\"><\/picture><\/a>     <\/figure><div class=\"c-related-article__wrapper\">         <p class=\"c-related-article__avantitle\">Related<\/p>         <h4 class=\"c-related-article__title\">             <a href=\"https:\/\/www.fcbarcelonanoticias.com\/futbol\/fichajes\/barcelona-renovacion-frenkie-de-jong-laporta_313272_102.html\" title=\"Frenkie de Jong aims to renew with Bar\u00e7a: Laporta gives clear clues\" class=\"c-related-article__link\">                 Frenkie de Jong aims to renew with Bar\u00e7a: Laporta gives clear clues             <\/a>         <\/h4>     <\/div> <\/section><\/div>  <p>While waiting to close the renewal of <a data-external=\"0\" data-intl-links-en=\"https:\/\/www.fcbarcelonanoticias.com\/en\/tags\/de-jong\" data-intl-links-es=\"https:\/\/www.fcbarcelonanoticias.com\/tags\/de-jong\" href=\"https:\/\/www.fcbarcelonanoticias.com\/en\/tags\/de-jong.html\" rel=\"follow\" target=\"_self\" title=\"Frenkie de Jong - all the news about the Dutch midfielder\">Frenkie de Jong<\/a>, Bar\u00e7a has <a data-external=\"0\" data-intl-links-en=\"https:\/\/www.fcbarcelonanoticias.com\/en\/tags\/marc-casado\" data-intl-links-es=\"https:\/\/www.fcbarcelonanoticias.com\/tags\/marc-casado\" href=\"https:\/\/www.fcbarcelonanoticias.com\/en\/player\/marc-casado.html\" rel=\"follow\" target=\"_self\" title=\"Marc Casad\u00f3 - latest news about the Catalan midfielder\">Marc Casad\u00f3<\/a> and <strong>Marc Bernal<\/strong> as alternatives to the Dutchman. In addition, <a data-external=\"0\" data-intl-links-en=\"https:\/\/www.fcbarcelonanoticias.com\/en\/tags\/eric-garcia\" data-intl-links-es=\"https:\/\/www.fcbarcelonanoticias.com\/tags\/eric-garcia\" href=\"https:\/\/www.fcbarcelonanoticias.com\/en\/player\/eric-garcia.html\" rel=\"follow\" target=\"_self\" title=\"Eric Garc\u00eda - all the news about the Catalan defender\">Eric Garc\u00eda<\/a>, who must also renew in July, can lend a hand as a &#8216;5&#8217; if the team needs him.<\/p>  <p>As things stand, if Thomas Partey finally rules out returning to LaLiga, <strong>his destination may also be in Italy. Juventus and AC Milan<\/strong> are, for the moment, the clubs most interested in signing him.<\/p>  <p>In that case, the Ghanaian would lean towards the &#8216;bianconeri&#8217; offer, since Milan will not play in European competitions in 25\/26. <strong>At Arsenal, the 32-year-old player earned 12 million gross per season<\/strong>, a somewhat high salary for a defensive-minded footballer.<\/p>  <p><strong><u>FOLLOW US ON OUR SOCIAL NETWORKS:<\/u><\/strong><\/p>  <ol> <li> <strong>INSTAGRAM:&nbsp;<\/strong><a data-external=\"1\" href=\"https:\/\/www.instagram.com\/en\/fcbarcelonanoticias_com?utm_source=ig_web_button_share_sheet&amp;igsh=M2ZxMGZmeGhsbGd3\" rel=\"nofollow\" target=\"_blank\" title=\"@fcbarcelonanoticias_com\">@fcbarcelonanoticias_com<\/a> <\/li> \t<li><strong>FACEBOOK:&nbsp;<a data-external=\"1\" href=\"https:\/\/www.facebook.com\/en\/wwwfcbarcelonanoticiascom\/\" rel=\"nofollow\" target=\"_blank\" title=\"FCBN\">FCBN<\/a><\/strong><\/li> \t<li> <strong>X (TWITTER):&nbsp;<\/strong><a data-external=\"1\" href=\"https:\/\/x.com\/en\/FCBNOTICIAS\" rel=\"nofollow\" target=\"_blank\" title=\"@FCBNOTICIAS\">@FCBNOTICIAS<\/a> <\/li> \t<li> <strong>THREADS:&nbsp;<\/strong><a data-external=\"1\" href=\"https:\/\/www.threads.com\/en\/@fcbarcelonanoticias_com\" rel=\"nofollow\" target=\"_blank\" title=\"@fcbarcelonanoticias_com\">@fcbarcelonanoticias_com<\/a> <\/li> <\/ol> ","protected":false},"excerpt":{"rendered":"<p>Thomas Partey is officially a free agent for the summer market. The Ghanaian&#8217;s contract with Arsenal has ended and he could return to LaLiga with Bar\u00e7a? The summer market officially opens this Tuesday and there are several players who can sign for &#8216;free&#8217; with any team. This is the case of Thomas Partey, who recently [&hellip;]<\/p>\n","protected":false},"author":347,"featured_media":144858,"comment_status":"closed","ping_status":"open","sticky":false,"template":"","format":"standard","meta":{"_acf_changed":false,"inline_featured_image":false,"_nextfly_llmd_date_locked":false,"footnotes":""},"categories":[449,106],"tags":[102,59,169,261],"class_list":["post-144855","post","type-post","status-publish","format-standard","has-post-thumbnail","hentry","category-transfers-2","category-transfers","tag-arsenal","tag-atletico-de-madrid","tag-barca-football","tag-football-transfer-rumors"],"acf":[],"yoast_head":"<!-- This site is optimized with the Yoast SEO plugin v27.3 - https:\/\/yoast.com\/product\/yoast-seo-wordpress\/ -->\n<title>Thomas Partey aims for LaLiga: what will be his new team?<\/title>\n<meta name=\"description\" content=\"Thomas Partey is officially a free agent in the market. The Ghanaian midfielder could return to LaLiga for &#039;free&#039; with Bar\u00e7a?\" \/>\n<meta name=\"robots\" content=\"index, follow, max-snippet:-1, max-image-preview:large, max-video-preview:-1\" \/>\n<link rel=\"canonical\" href=\"https:\/\/www.fcbarcelonanoticias.com\/en\/transfers\/thomas-partey-aims-for-laliga-what-will-be-his-new-team_313314_102.html\" \/>\n<meta property=\"og:locale\" content=\"en_US\" \/>\n<meta property=\"og:type\" content=\"article\" \/>\n<meta property=\"og:title\" content=\"Thomas Partey aims for LaLiga: what will be his new team?\" \/>\n<meta property=\"og:description\" content=\"Thomas Partey is officially a free agent in the market. The Ghanaian midfielder could return to LaLiga for &#039;free&#039; with Bar\u00e7a?\" \/>\n<meta property=\"og:url\" content=\"https:\/\/www.fcbarcelonanoticias.com\/en\/transfers\/thomas-partey-aims-for-laliga-what-will-be-his-new-team_313314_102.html\" \/>\n<meta property=\"og:site_name\" content=\"EN - FC Barcelona Noticias\" \/>\n<meta property=\"article:published_time\" content=\"2025-07-01T00:08:00+00:00\" \/>\n<meta property=\"article:modified_time\" content=\"2026-04-16T07:35:52+00:00\" \/>\n<meta property=\"og:image\" content=\"https:\/\/www.fcbarcelonanoticias.com\/en\/wp-content\/uploads\/sites\/2\/2025\/07\/thomas-partey-v-real-madrid.jpeg\" \/>\n\t<meta property=\"og:image:width\" content=\"1200\" \/>\n\t<meta property=\"og:image:height\" content=\"675\" \/>\n\t<meta property=\"og:image:type\" content=\"image\/jpeg\" \/>\n<meta name=\"author\" content=\"Andr\u00e9s Quiroz\" \/>\n<meta name=\"twitter:card\" content=\"summary_large_image\" \/>\n<meta name=\"twitter:label1\" content=\"Written by\" \/>\n\t<meta name=\"twitter:data1\" content=\"Andr\u00e9s Quiroz\" \/>\n\t<meta name=\"twitter:label2\" content=\"Est. reading time\" \/>\n\t<meta name=\"twitter:data2\" content=\"3 minutes\" \/>\n<script type=\"application\/ld+json\" class=\"yoast-schema-graph\">{\"@context\":\"https:\\\/\\\/schema.org\",\"@graph\":[{\"@type\":\"Article\",\"@id\":\"https:\\\/\\\/www.fcbarcelonanoticias.com\\\/en\\\/transfers\\\/thomas-partey-aims-for-laliga-what-will-be-his-new-team_313314_102.html#article\",\"isPartOf\":{\"@id\":\"https:\\\/\\\/www.fcbarcelonanoticias.com\\\/en\\\/transfers\\\/thomas-partey-aims-for-laliga-what-will-be-his-new-team_313314_102.html\"},\"author\":{\"name\":\"Andr\u00e9s Quiroz\",\"@id\":\"https:\\\/\\\/www.fcbarcelonanoticias.com\\\/en\\\/#\\\/schema\\\/person\\\/c2cd9f6fa1af5c0d0eccd0fefa575c88\"},\"headline\":\"Thomas Partey wants to return to LaLiga: what will be his new team?\",\"datePublished\":\"2025-07-01T00:08:00+00:00\",\"dateModified\":\"2026-04-16T07:35:52+00:00\",\"mainEntityOfPage\":{\"@id\":\"https:\\\/\\\/www.fcbarcelonanoticias.com\\\/en\\\/transfers\\\/thomas-partey-aims-for-laliga-what-will-be-his-new-team_313314_102.html\"},\"wordCount\":527,\"image\":{\"@id\":\"https:\\\/\\\/www.fcbarcelonanoticias.com\\\/en\\\/transfers\\\/thomas-partey-aims-for-laliga-what-will-be-his-new-team_313314_102.html#primaryimage\"},\"thumbnailUrl\":\"https:\\\/\\\/www.fcbarcelonanoticias.com\\\/en\\\/wp-content\\\/uploads\\\/sites\\\/2\\\/2025\\\/07\\\/thomas-partey-v-real-madrid.jpeg\",\"keywords\":[\"Arsenal\",\"Atl\u00e9tico de Madrid\",\"Bar\u00e7a\",\"Transfer Rumors\"],\"articleSection\":[\"Transfers\",\"Transfers\"],\"inLanguage\":\"en-US\"},{\"@type\":\"WebPage\",\"@id\":\"https:\\\/\\\/www.fcbarcelonanoticias.com\\\/en\\\/transfers\\\/thomas-partey-aims-for-laliga-what-will-be-his-new-team_313314_102.html\",\"url\":\"https:\\\/\\\/www.fcbarcelonanoticias.com\\\/en\\\/transfers\\\/thomas-partey-aims-for-laliga-what-will-be-his-new-team_313314_102.html\",\"name\":\"Thomas Partey aims for LaLiga: what will be his new team?\",\"isPartOf\":{\"@id\":\"https:\\\/\\\/www.fcbarcelonanoticias.com\\\/en\\\/#website\"},\"primaryImageOfPage\":{\"@id\":\"https:\\\/\\\/www.fcbarcelonanoticias.com\\\/en\\\/transfers\\\/thomas-partey-aims-for-laliga-what-will-be-his-new-team_313314_102.html#primaryimage\"},\"image\":{\"@id\":\"https:\\\/\\\/www.fcbarcelonanoticias.com\\\/en\\\/transfers\\\/thomas-partey-aims-for-laliga-what-will-be-his-new-team_313314_102.html#primaryimage\"},\"thumbnailUrl\":\"https:\\\/\\\/www.fcbarcelonanoticias.com\\\/en\\\/wp-content\\\/uploads\\\/sites\\\/2\\\/2025\\\/07\\\/thomas-partey-v-real-madrid.jpeg\",\"datePublished\":\"2025-07-01T00:08:00+00:00\",\"dateModified\":\"2026-04-16T07:35:52+00:00\",\"author\":{\"@id\":\"https:\\\/\\\/www.fcbarcelonanoticias.com\\\/en\\\/#\\\/schema\\\/person\\\/c2cd9f6fa1af5c0d0eccd0fefa575c88\"},\"description\":\"Thomas Partey is officially a free agent in the market. The Ghanaian midfielder could return to LaLiga for 'free' with Bar\u00e7a?\",\"breadcrumb\":{\"@id\":\"https:\\\/\\\/www.fcbarcelonanoticias.com\\\/en\\\/transfers\\\/thomas-partey-aims-for-laliga-what-will-be-his-new-team_313314_102.html#breadcrumb\"},\"inLanguage\":\"en-US\",\"potentialAction\":[{\"@type\":\"ReadAction\",\"target\":[\"https:\\\/\\\/www.fcbarcelonanoticias.com\\\/en\\\/transfers\\\/thomas-partey-aims-for-laliga-what-will-be-his-new-team_313314_102.html\"]}]},{\"@type\":\"ImageObject\",\"inLanguage\":\"en-US\",\"@id\":\"https:\\\/\\\/www.fcbarcelonanoticias.com\\\/en\\\/transfers\\\/thomas-partey-aims-for-laliga-what-will-be-his-new-team_313314_102.html#primaryimage\",\"url\":\"https:\\\/\\\/www.fcbarcelonanoticias.com\\\/en\\\/wp-content\\\/uploads\\\/sites\\\/2\\\/2025\\\/07\\\/thomas-partey-v-real-madrid.jpeg\",\"contentUrl\":\"https:\\\/\\\/www.fcbarcelonanoticias.com\\\/en\\\/wp-content\\\/uploads\\\/sites\\\/2\\\/2025\\\/07\\\/thomas-partey-v-real-madrid.jpeg\",\"width\":1200,\"height\":675},{\"@type\":\"BreadcrumbList\",\"@id\":\"https:\\\/\\\/www.fcbarcelonanoticias.com\\\/en\\\/transfers\\\/thomas-partey-aims-for-laliga-what-will-be-his-new-team_313314_102.html#breadcrumb\",\"itemListElement\":[{\"@type\":\"ListItem\",\"position\":1,\"name\":\"Portada\",\"item\":\"https:\\\/\\\/www.fcbarcelonanoticias.com\\\/en\\\/\"},{\"@type\":\"ListItem\",\"position\":2,\"name\":\"Thomas Partey wants to return to LaLiga: what will be his new team?\"}]},{\"@type\":\"WebSite\",\"@id\":\"https:\\\/\\\/www.fcbarcelonanoticias.com\\\/en\\\/#website\",\"url\":\"https:\\\/\\\/www.fcbarcelonanoticias.com\\\/en\\\/\",\"name\":\"EN - FC Barcelona Noticias\",\"description\":\"\",\"potentialAction\":[{\"@type\":\"SearchAction\",\"target\":{\"@type\":\"EntryPoint\",\"urlTemplate\":\"https:\\\/\\\/www.fcbarcelonanoticias.com\\\/en\\\/?s={search_term_string}\"},\"query-input\":{\"@type\":\"PropertyValueSpecification\",\"valueRequired\":true,\"valueName\":\"search_term_string\"}}],\"inLanguage\":\"en-US\"},{\"@type\":\"Person\",\"@id\":\"https:\\\/\\\/www.fcbarcelonanoticias.com\\\/en\\\/#\\\/schema\\\/person\\\/c2cd9f6fa1af5c0d0eccd0fefa575c88\",\"name\":\"Andr\u00e9s Quiroz\",\"image\":{\"@type\":\"ImageObject\",\"inLanguage\":\"en-US\",\"@id\":\"https:\\\/\\\/secure.gravatar.com\\\/avatar\\\/?s=96&d=mm&r=g\",\"url\":\"https:\\\/\\\/secure.gravatar.com\\\/avatar\\\/?s=96&d=mm&r=g\",\"contentUrl\":\"https:\\\/\\\/secure.gravatar.com\\\/avatar\\\/?s=96&d=mm&r=g\",\"caption\":\"Andr\u00e9s Quiroz\"},\"description\":\"Licenciado en Periodismo por la Universidad de los Andes. Me encargo de analizar y compartir los contenidos m\u00e1s destacados de la\u00a0actualidad del F\u00fatbol Club Barcelona, Mercado de Fichajes y F\u00fatbol Internacional en FCBN. La informaci\u00f3n es poder, pero tambi\u00e9n conocimiento.\",\"url\":\"https:\\\/\\\/www.fcbarcelonanoticias.com\\\/en\\\/fc-barcelona\\\/andres-quiroz_17_115.html\"}]}<\/script>\n<!-- \/ Yoast SEO plugin. -->","yoast_head_json":{"title":"Thomas Partey aims for LaLiga: what will be his new team?","description":"Thomas Partey is officially a free agent in the market. The Ghanaian midfielder could return to LaLiga for 'free' with Bar\u00e7a?","robots":{"index":"index","follow":"follow","max-snippet":"max-snippet:-1","max-image-preview":"max-image-preview:large","max-video-preview":"max-video-preview:-1"},"canonical":"https:\/\/www.fcbarcelonanoticias.com\/en\/transfers\/thomas-partey-aims-for-laliga-what-will-be-his-new-team_313314_102.html","og_locale":"en_US","og_type":"article","og_title":"Thomas Partey aims for LaLiga: what will be his new team?","og_description":"Thomas Partey is officially a free agent in the market. The Ghanaian midfielder could return to LaLiga for 'free' with Bar\u00e7a?","og_url":"https:\/\/www.fcbarcelonanoticias.com\/en\/transfers\/thomas-partey-aims-for-laliga-what-will-be-his-new-team_313314_102.html","og_site_name":"EN - FC Barcelona Noticias","article_published_time":"2025-07-01T00:08:00+00:00","article_modified_time":"2026-04-16T07:35:52+00:00","og_image":[{"width":1200,"height":675,"url":"https:\/\/www.fcbarcelonanoticias.com\/en\/wp-content\/uploads\/sites\/2\/2025\/07\/thomas-partey-v-real-madrid.jpeg","type":"image\/jpeg"}],"author":"Andr\u00e9s Quiroz","twitter_card":"summary_large_image","twitter_misc":{"Written by":"Andr\u00e9s Quiroz","Est. reading time":"3 minutes"},"schema":{"@context":"https:\/\/schema.org","@graph":[{"@type":"Article","@id":"https:\/\/www.fcbarcelonanoticias.com\/en\/transfers\/thomas-partey-aims-for-laliga-what-will-be-his-new-team_313314_102.html#article","isPartOf":{"@id":"https:\/\/www.fcbarcelonanoticias.com\/en\/transfers\/thomas-partey-aims-for-laliga-what-will-be-his-new-team_313314_102.html"},"author":{"name":"Andr\u00e9s Quiroz","@id":"https:\/\/www.fcbarcelonanoticias.com\/en\/#\/schema\/person\/c2cd9f6fa1af5c0d0eccd0fefa575c88"},"headline":"Thomas Partey wants to return to LaLiga: what will be his new team?","datePublished":"2025-07-01T00:08:00+00:00","dateModified":"2026-04-16T07:35:52+00:00","mainEntityOfPage":{"@id":"https:\/\/www.fcbarcelonanoticias.com\/en\/transfers\/thomas-partey-aims-for-laliga-what-will-be-his-new-team_313314_102.html"},"wordCount":527,"image":{"@id":"https:\/\/www.fcbarcelonanoticias.com\/en\/transfers\/thomas-partey-aims-for-laliga-what-will-be-his-new-team_313314_102.html#primaryimage"},"thumbnailUrl":"https:\/\/www.fcbarcelonanoticias.com\/en\/wp-content\/uploads\/sites\/2\/2025\/07\/thomas-partey-v-real-madrid.jpeg","keywords":["Arsenal","Atl\u00e9tico de Madrid","Bar\u00e7a","Transfer Rumors"],"articleSection":["Transfers","Transfers"],"inLanguage":"en-US"},{"@type":"WebPage","@id":"https:\/\/www.fcbarcelonanoticias.com\/en\/transfers\/thomas-partey-aims-for-laliga-what-will-be-his-new-team_313314_102.html","url":"https:\/\/www.fcbarcelonanoticias.com\/en\/transfers\/thomas-partey-aims-for-laliga-what-will-be-his-new-team_313314_102.html","name":"Thomas Partey aims for LaLiga: what will be his new team?","isPartOf":{"@id":"https:\/\/www.fcbarcelonanoticias.com\/en\/#website"},"primaryImageOfPage":{"@id":"https:\/\/www.fcbarcelonanoticias.com\/en\/transfers\/thomas-partey-aims-for-laliga-what-will-be-his-new-team_313314_102.html#primaryimage"},"image":{"@id":"https:\/\/www.fcbarcelonanoticias.com\/en\/transfers\/thomas-partey-aims-for-laliga-what-will-be-his-new-team_313314_102.html#primaryimage"},"thumbnailUrl":"https:\/\/www.fcbarcelonanoticias.com\/en\/wp-content\/uploads\/sites\/2\/2025\/07\/thomas-partey-v-real-madrid.jpeg","datePublished":"2025-07-01T00:08:00+00:00","dateModified":"2026-04-16T07:35:52+00:00","author":{"@id":"https:\/\/www.fcbarcelonanoticias.com\/en\/#\/schema\/person\/c2cd9f6fa1af5c0d0eccd0fefa575c88"},"description":"Thomas Partey is officially a free agent in the market. The Ghanaian midfielder could return to LaLiga for 'free' with Bar\u00e7a?","breadcrumb":{"@id":"https:\/\/www.fcbarcelonanoticias.com\/en\/transfers\/thomas-partey-aims-for-laliga-what-will-be-his-new-team_313314_102.html#breadcrumb"},"inLanguage":"en-US","potentialAction":[{"@type":"ReadAction","target":["https:\/\/www.fcbarcelonanoticias.com\/en\/transfers\/thomas-partey-aims-for-laliga-what-will-be-his-new-team_313314_102.html"]}]},{"@type":"ImageObject","inLanguage":"en-US","@id":"https:\/\/www.fcbarcelonanoticias.com\/en\/transfers\/thomas-partey-aims-for-laliga-what-will-be-his-new-team_313314_102.html#primaryimage","url":"https:\/\/www.fcbarcelonanoticias.com\/en\/wp-content\/uploads\/sites\/2\/2025\/07\/thomas-partey-v-real-madrid.jpeg","contentUrl":"https:\/\/www.fcbarcelonanoticias.com\/en\/wp-content\/uploads\/sites\/2\/2025\/07\/thomas-partey-v-real-madrid.jpeg","width":1200,"height":675},{"@type":"BreadcrumbList","@id":"https:\/\/www.fcbarcelonanoticias.com\/en\/transfers\/thomas-partey-aims-for-laliga-what-will-be-his-new-team_313314_102.html#breadcrumb","itemListElement":[{"@type":"ListItem","position":1,"name":"Portada","item":"https:\/\/www.fcbarcelonanoticias.com\/en\/"},{"@type":"ListItem","position":2,"name":"Thomas Partey wants to return to LaLiga: what will be his new team?"}]},{"@type":"WebSite","@id":"https:\/\/www.fcbarcelonanoticias.com\/en\/#website","url":"https:\/\/www.fcbarcelonanoticias.com\/en\/","name":"EN - FC Barcelona Noticias","description":"","potentialAction":[{"@type":"SearchAction","target":{"@type":"EntryPoint","urlTemplate":"https:\/\/www.fcbarcelonanoticias.com\/en\/?s={search_term_string}"},"query-input":{"@type":"PropertyValueSpecification","valueRequired":true,"valueName":"search_term_string"}}],"inLanguage":"en-US"},{"@type":"Person","@id":"https:\/\/www.fcbarcelonanoticias.com\/en\/#\/schema\/person\/c2cd9f6fa1af5c0d0eccd0fefa575c88","name":"Andr\u00e9s Quiroz","image":{"@type":"ImageObject","inLanguage":"en-US","@id":"https:\/\/secure.gravatar.com\/avatar\/?s=96&d=mm&r=g","url":"https:\/\/secure.gravatar.com\/avatar\/?s=96&d=mm&r=g","contentUrl":"https:\/\/secure.gravatar.com\/avatar\/?s=96&d=mm&r=g","caption":"Andr\u00e9s Quiroz"},"description":"Licenciado en Periodismo por la Universidad de los Andes. Me encargo de analizar y compartir los contenidos m\u00e1s destacados de la\u00a0actualidad del F\u00fatbol Club Barcelona, Mercado de Fichajes y F\u00fatbol Internacional en FCBN. La informaci\u00f3n es poder, pero tambi\u00e9n conocimiento.","url":"https:\/\/www.fcbarcelonanoticias.com\/en\/fc-barcelona\/andres-quiroz_17_115.html"}]}},"_links":{"self":[{"href":"https:\/\/www.fcbarcelonanoticias.com\/en\/wp-json\/wp\/v2\/posts\/144855","targetHints":{"allow":["GET"]}}],"collection":[{"href":"https:\/\/www.fcbarcelonanoticias.com\/en\/wp-json\/wp\/v2\/posts"}],"about":[{"href":"https:\/\/www.fcbarcelonanoticias.com\/en\/wp-json\/wp\/v2\/types\/post"}],"author":[{"embeddable":true,"href":"https:\/\/www.fcbarcelonanoticias.com\/en\/wp-json\/wp\/v2\/users\/347"}],"replies":[{"embeddable":true,"href":"https:\/\/www.fcbarcelonanoticias.com\/en\/wp-json\/wp\/v2\/comments?post=144855"}],"version-history":[{"count":5,"href":"https:\/\/www.fcbarcelonanoticias.com\/en\/wp-json\/wp\/v2\/posts\/144855\/revisions"}],"predecessor-version":[{"id":177128,"href":"https:\/\/www.fcbarcelonanoticias.com\/en\/wp-json\/wp\/v2\/posts\/144855\/revisions\/177128"}],"wp:featuredmedia":[{"embeddable":true,"href":"https:\/\/www.fcbarcelonanoticias.com\/en\/wp-json\/wp\/v2\/media\/144858"}],"wp:attachment":[{"href":"https:\/\/www.fcbarcelonanoticias.com\/en\/wp-json\/wp\/v2\/media?parent=144855"}],"wp:term":[{"taxonomy":"category","embeddable":true,"href":"https:\/\/www.fcbarcelonanoticias.com\/en\/wp-json\/wp\/v2\/categories?post=144855"},{"taxonomy":"post_tag","embeddable":true,"href":"https:\/\/www.fcbarcelonanoticias.com\/en\/wp-json\/wp\/v2\/tags?post=144855"}],"curies":[{"name":"wp","href":"https:\/\/api.w.org\/{rel}","templated":true}]}}