{"id":14488,"date":"2024-09-21T21:58:00","date_gmt":"2024-09-21T19:58:00","guid":{"rendered":"https:\/\/weisetech.dev\/fc-barcelona-noticias\/en\/barca-roadmap-with-hansi-flick-two-most-anticipated-reinforcements_307413_102\/"},"modified":"2026-03-27T11:43:19","modified_gmt":"2026-03-27T10:43:19","slug":"barca-roadmap-with-hansi-flick-two-most-anticipated-reinforcements_307413_102","status":"publish","type":"post","link":"https:\/\/www.fcbarcelonanoticias.com\/en\/fc-barcelona\/barca-roadmap-with-hansi-flick-two-most-anticipated-reinforcements_307413_102.html","title":{"rendered":"Bar\u00e7a&#8217;s roadmap with Hansi Flick&#8217;s two most anticipated &#8216;reinforcements&#8217;"},"content":{"rendered":"<h2 class=\"wp-block-heading\">Bar\u00e7a is rushing the returns of Frenkie de Jong and Gavi to the first team. Both players have specific work to do these days with Flick and hope to return to the pitch soon<\/h2>  \r\n<div class=\"article-addons\">\r\n    <a href=\"https:\/\/www.fcbarcelonanoticias.com\/en\/calendar-fc-barcelona.html\"\r\n       target=\"_self\"\r\n       title=\"Calendar of FC Barcelona\"\r\n       class=\"blue-gredient-btn\">\r\n       \r\n        Calendar of FC Barcelona    <\/a>\r\n<\/div>   <p><strong>FC Barcelona<\/strong> are clear that they will not run the slightest risk with the returns of <strong>Gavi and Frenkie de Jong<\/strong>. The Blaugrana squad urgently needs their presence in a midfield &#8216;depleted&#8217; by injuries, but it is precisely this need that has led <strong>Hansi Flick <\/strong>and his staff to not rush their return. Both players will have a relevant role this season, so prudence is the flag of their processes to avoid future relapses.<\/p>  <p>A premise applied especially in the case of the <strong>Los Palacios <\/strong>player. The footballer is close to completing a year off the pitch after his very serious knee injury, which is why <strong>Can Bar\u00e7a<\/strong> has monitored his day to day in detail so that his recovery is optimal.<\/p>  <p>The sensations with the &#8216;6&#8217; are increasingly better, even overcoming stages of the process better than expected until returning to training with the rest of the group about 10 days ago. The footballer has combined part of the sessions with the group with his specific work, with his vibrations and his evolution being monitored at all times.<\/p>  <h2>Frenkie, very close to returning to the first team<\/h2>  <p>For his part, <strong>Frenkie&#8217;s <\/strong>return would be getting closer. According to &#8216;SPORT&#8217;, the planning with the Dutchman has been similar to that of <strong>Gavi<\/strong>, participating normally in all the exercises without physical contact, such as rondos, activation, among others. They also participate in the conservations, but they do so as &#8216;wild cards&#8217;. With a bib of another colour and either outside or inside, serving as support for both teams.<\/p>  <p>Thus, everything points to <strong>De Jong<\/strong> being the first to enter the next phase and will complete the training normally with the rest of the first team. If everything goes according to plan, in the matches against <strong>Osasuna <\/strong>next weekend or <strong>Young Boys<\/strong> on the second day he could wear the Bar\u00e7a shirt again.<\/p>  <p>Meanwhile, <strong>Gavi&#8217;s <\/strong>return, with luck and optimism, could happen before the international break. However, the Blaugrana team will handle his return with more patience and without any rush. <strong>Flick<\/strong>, despite the team&#8217;s needs, will not rush his return, although his returns are eagerly awaited by the German coach.<\/p>  <div class=\"cke-element cke-element--102\"><section class=\"c-related-article\"><figure class=\"c-image__fig\"><a href=\"https:\/\/www.fcbarcelonanoticias.com\/en\/fc-barcelona\/debut-gavi-con-barca-hansi-flick-ya-tiene-fecha_307346_102.html\" title=\"Pablo Gavi en el duelo entre el FC Barcelona y el AS M\u00f3naco en el Trofeo Joan Gamper 2024 25\" class=\"c-image__imglink\"><picture><img decoding=\"async\" src=\"https:\/\/www.fcbarcelonanoticias.com\/wp-content\/uploads\/sites\/2\/2024\/09\/fcbn-bc8a4cb47f0c4067919beb19e6012770.jpeg\" alt=\"Pablo Gavi en el duelo entre el FC Barcelona y el AS M\u00f3naco en el Trofeo Joan Gamper 2024 25\" title=\"Pablo Gavi en el duelo entre el FC Barcelona y el AS M\u00f3naco en el Trofeo Joan Gamper 2024 25\" class=\"c-image__img\" width=\"1300\" height=\"732\" loading=\"lazy\"><\/picture><\/a>     <\/figure><div class=\"c-related-article__wrapper\">         <p class=\"c-related-article__avantitle\">Related<\/p>         <h4 class=\"c-related-article__title\">             <a href=\"https:\/\/www.fcbarcelonanoticias.com\/en\/fc-barcelona\/debut-gavi-con-barca-hansi-flick-ya-tiene-fecha_307346_102.html\" title=\"Gavi's 'debut' with Hansi Flick's Bar\u00e7a already has a date\" class=\"c-related-article__link\">                 Gavi&#8217;s &#8216;debut&#8217; with Hansi Flick&#8217;s Bar\u00e7a already has a date             <\/a>         <\/h4>     <\/div> <\/section><\/div> ","protected":false},"excerpt":{"rendered":"<p>Bar\u00e7a is rushing the returns of Frenkie de Jong and Gavi to the first team. Both players have specific work to do these days with Flick and hope to return to the pitch soon FC Barcelona are clear that they will not run the slightest risk with the returns of Gavi and Frenkie de Jong. [&hellip;]<\/p>\n","protected":false},"author":358,"featured_media":14489,"comment_status":"closed","ping_status":"open","sticky":false,"template":"","format":"standard","meta":{"_acf_changed":false,"inline_featured_image":false,"_nextfly_llmd_date_locked":false,"footnotes":""},"categories":[111],"tags":[87,136],"class_list":["post-14488","post","type-post","status-publish","format-standard","has-post-thumbnail","hentry","category-fc-barcelona","tag-hansi-flick","tag-injured"],"acf":[],"yoast_head":"<!-- This site is optimized with the Yoast SEO plugin v27.3 - https:\/\/yoast.com\/product\/yoast-seo-wordpress\/ -->\n<title>Bar\u00e7a&#039;s roadmap with Hansi Flick&#039;s two most anticipated &#039;reinforcements&#039;<\/title>\n<meta name=\"description\" content=\"Bar\u00e7a is rushing the returns of Frenkie de Jong and Gavi to the first team. Both players have specific work to do these days with Flick and hope to return to the pitch soon\" \/>\n<meta name=\"robots\" content=\"index, follow, max-snippet:-1, max-image-preview:large, max-video-preview:-1\" \/>\n<link rel=\"canonical\" href=\"https:\/\/www.fcbarcelonanoticias.com\/en\/fc-barcelona\/barca-roadmap-with-hansi-flick-two-most-anticipated-reinforcements_307413_102.html\" \/>\n<meta property=\"og:locale\" content=\"en_US\" \/>\n<meta property=\"og:type\" content=\"article\" \/>\n<meta property=\"og:title\" content=\"Bar\u00e7a&#039;s roadmap with Hansi Flick&#039;s two most anticipated &#039;reinforcements&#039;\" \/>\n<meta property=\"og:description\" content=\"Bar\u00e7a is rushing the returns of Frenkie de Jong and Gavi to the first team. Both players have specific work to do these days with Flick and hope to return to the pitch soon\" \/>\n<meta property=\"og:url\" content=\"https:\/\/www.fcbarcelonanoticias.com\/en\/fc-barcelona\/barca-roadmap-with-hansi-flick-two-most-anticipated-reinforcements_307413_102.html\" \/>\n<meta property=\"og:site_name\" content=\"EN - FC Barcelona Noticias\" \/>\n<meta property=\"article:published_time\" content=\"2024-09-21T19:58:00+00:00\" \/>\n<meta property=\"article:modified_time\" content=\"2026-03-27T10:43:19+00:00\" \/>\n<meta property=\"og:image\" content=\"https:\/\/www.fcbarcelonanoticias.com\/en\/wp-content\/uploads\/sites\/2\/2024\/09\/gavi-frenkie-barcelona.jpeg\" \/>\n\t<meta property=\"og:image:width\" content=\"1250\" \/>\n\t<meta property=\"og:image:height\" content=\"730\" \/>\n\t<meta property=\"og:image:type\" content=\"image\/jpeg\" \/>\n<meta name=\"author\" content=\"Juan Pablo Berdugo\" \/>\n<meta name=\"twitter:card\" content=\"summary_large_image\" \/>\n<meta name=\"twitter:label1\" content=\"Written by\" \/>\n\t<meta name=\"twitter:data1\" content=\"Juan Pablo Berdugo\" \/>\n\t<meta name=\"twitter:label2\" content=\"Est. reading time\" \/>\n\t<meta name=\"twitter:data2\" content=\"2 minutes\" \/>\n<script type=\"application\/ld+json\" class=\"yoast-schema-graph\">{\"@context\":\"https:\\\/\\\/schema.org\",\"@graph\":[{\"@type\":\"Article\",\"@id\":\"https:\\\/\\\/www.fcbarcelonanoticias.com\\\/en\\\/fc-barcelona\\\/barca-roadmap-with-hansi-flick-two-most-anticipated-reinforcements_307413_102.html#article\",\"isPartOf\":{\"@id\":\"https:\\\/\\\/www.fcbarcelonanoticias.com\\\/en\\\/fc-barcelona\\\/barca-roadmap-with-hansi-flick-two-most-anticipated-reinforcements_307413_102.html\"},\"author\":{\"name\":\"Juan Pablo Berdugo\",\"@id\":\"https:\\\/\\\/www.fcbarcelonanoticias.com\\\/en\\\/#\\\/schema\\\/person\\\/88d756918a0a1ae9fa593b5edddd1815\"},\"headline\":\"Bar\u00e7a&#8217;s roadmap with Hansi Flick&#8217;s two most anticipated &#8216;reinforcements&#8217;\",\"datePublished\":\"2024-09-21T19:58:00+00:00\",\"dateModified\":\"2026-03-27T10:43:19+00:00\",\"mainEntityOfPage\":{\"@id\":\"https:\\\/\\\/www.fcbarcelonanoticias.com\\\/en\\\/fc-barcelona\\\/barca-roadmap-with-hansi-flick-two-most-anticipated-reinforcements_307413_102.html\"},\"wordCount\":423,\"image\":{\"@id\":\"https:\\\/\\\/www.fcbarcelonanoticias.com\\\/en\\\/fc-barcelona\\\/barca-roadmap-with-hansi-flick-two-most-anticipated-reinforcements_307413_102.html#primaryimage\"},\"thumbnailUrl\":\"https:\\\/\\\/www.fcbarcelonanoticias.com\\\/en\\\/wp-content\\\/uploads\\\/sites\\\/2\\\/2024\\\/09\\\/gavi-frenkie-barcelona.jpeg\",\"keywords\":[\"Hansi Flick\",\"injured\"],\"articleSection\":[\"FC Barcelona\"],\"inLanguage\":\"en-US\"},{\"@type\":\"WebPage\",\"@id\":\"https:\\\/\\\/www.fcbarcelonanoticias.com\\\/en\\\/fc-barcelona\\\/barca-roadmap-with-hansi-flick-two-most-anticipated-reinforcements_307413_102.html\",\"url\":\"https:\\\/\\\/www.fcbarcelonanoticias.com\\\/en\\\/fc-barcelona\\\/barca-roadmap-with-hansi-flick-two-most-anticipated-reinforcements_307413_102.html\",\"name\":\"Bar\u00e7a's roadmap with Hansi Flick's two most anticipated 'reinforcements'\",\"isPartOf\":{\"@id\":\"https:\\\/\\\/www.fcbarcelonanoticias.com\\\/en\\\/#website\"},\"primaryImageOfPage\":{\"@id\":\"https:\\\/\\\/www.fcbarcelonanoticias.com\\\/en\\\/fc-barcelona\\\/barca-roadmap-with-hansi-flick-two-most-anticipated-reinforcements_307413_102.html#primaryimage\"},\"image\":{\"@id\":\"https:\\\/\\\/www.fcbarcelonanoticias.com\\\/en\\\/fc-barcelona\\\/barca-roadmap-with-hansi-flick-two-most-anticipated-reinforcements_307413_102.html#primaryimage\"},\"thumbnailUrl\":\"https:\\\/\\\/www.fcbarcelonanoticias.com\\\/en\\\/wp-content\\\/uploads\\\/sites\\\/2\\\/2024\\\/09\\\/gavi-frenkie-barcelona.jpeg\",\"datePublished\":\"2024-09-21T19:58:00+00:00\",\"dateModified\":\"2026-03-27T10:43:19+00:00\",\"author\":{\"@id\":\"https:\\\/\\\/www.fcbarcelonanoticias.com\\\/en\\\/#\\\/schema\\\/person\\\/88d756918a0a1ae9fa593b5edddd1815\"},\"description\":\"Bar\u00e7a is rushing the returns of Frenkie de Jong and Gavi to the first team. Both players have specific work to do these days with Flick and hope to return to the pitch soon\",\"breadcrumb\":{\"@id\":\"https:\\\/\\\/www.fcbarcelonanoticias.com\\\/en\\\/fc-barcelona\\\/barca-roadmap-with-hansi-flick-two-most-anticipated-reinforcements_307413_102.html#breadcrumb\"},\"inLanguage\":\"en-US\",\"potentialAction\":[{\"@type\":\"ReadAction\",\"target\":[\"https:\\\/\\\/www.fcbarcelonanoticias.com\\\/en\\\/fc-barcelona\\\/barca-roadmap-with-hansi-flick-two-most-anticipated-reinforcements_307413_102.html\"]}]},{\"@type\":\"ImageObject\",\"inLanguage\":\"en-US\",\"@id\":\"https:\\\/\\\/www.fcbarcelonanoticias.com\\\/en\\\/fc-barcelona\\\/barca-roadmap-with-hansi-flick-two-most-anticipated-reinforcements_307413_102.html#primaryimage\",\"url\":\"https:\\\/\\\/www.fcbarcelonanoticias.com\\\/en\\\/wp-content\\\/uploads\\\/sites\\\/2\\\/2024\\\/09\\\/gavi-frenkie-barcelona.jpeg\",\"contentUrl\":\"https:\\\/\\\/www.fcbarcelonanoticias.com\\\/en\\\/wp-content\\\/uploads\\\/sites\\\/2\\\/2024\\\/09\\\/gavi-frenkie-barcelona.jpeg\",\"width\":1250,\"height\":730},{\"@type\":\"BreadcrumbList\",\"@id\":\"https:\\\/\\\/www.fcbarcelonanoticias.com\\\/en\\\/fc-barcelona\\\/barca-roadmap-with-hansi-flick-two-most-anticipated-reinforcements_307413_102.html#breadcrumb\",\"itemListElement\":[{\"@type\":\"ListItem\",\"position\":1,\"name\":\"Portada\",\"item\":\"https:\\\/\\\/www.fcbarcelonanoticias.com\\\/en\\\/\"},{\"@type\":\"ListItem\",\"position\":2,\"name\":\"Bar\u00e7a&#8217;s roadmap with Hansi Flick&#8217;s two most anticipated &#8216;reinforcements&#8217;\"}]},{\"@type\":\"WebSite\",\"@id\":\"https:\\\/\\\/www.fcbarcelonanoticias.com\\\/en\\\/#website\",\"url\":\"https:\\\/\\\/www.fcbarcelonanoticias.com\\\/en\\\/\",\"name\":\"EN - FC Barcelona Noticias\",\"description\":\"\",\"potentialAction\":[{\"@type\":\"SearchAction\",\"target\":{\"@type\":\"EntryPoint\",\"urlTemplate\":\"https:\\\/\\\/www.fcbarcelonanoticias.com\\\/en\\\/?s={search_term_string}\"},\"query-input\":{\"@type\":\"PropertyValueSpecification\",\"valueRequired\":true,\"valueName\":\"search_term_string\"}}],\"inLanguage\":\"en-US\"},{\"@type\":\"Person\",\"@id\":\"https:\\\/\\\/www.fcbarcelonanoticias.com\\\/en\\\/#\\\/schema\\\/person\\\/88d756918a0a1ae9fa593b5edddd1815\",\"name\":\"Juan Pablo Berdugo\",\"image\":{\"@type\":\"ImageObject\",\"inLanguage\":\"en-US\",\"@id\":\"https:\\\/\\\/secure.gravatar.com\\\/avatar\\\/?s=96&d=mm&r=g\",\"url\":\"https:\\\/\\\/secure.gravatar.com\\\/avatar\\\/?s=96&d=mm&r=g\",\"contentUrl\":\"https:\\\/\\\/secure.gravatar.com\\\/avatar\\\/?s=96&d=mm&r=g\",\"caption\":\"Juan Pablo Berdugo\"},\"description\":\"Juan Pablo Berdugo es graduado en Periodismo. Colabora con FCBN como especialista en informaci\u00f3n del primer equipo del FC Barcelona, f\u00fatbol internacional y mercado de fichajes. Destaca por su enfoque anal\u00edtico, su rigor informativo y su capacidad para detectar tendencias emergentes en el f\u00fatbol global.\",\"url\":\"https:\\\/\\\/www.fcbarcelonanoticias.com\\\/en\\\/fc-barcelona\\\/juan-pablo-berdugo_18_115.html\"}]}<\/script>\n<!-- \/ Yoast SEO plugin. -->","yoast_head_json":{"title":"Bar\u00e7a's roadmap with Hansi Flick's two most anticipated 'reinforcements'","description":"Bar\u00e7a is rushing the returns of Frenkie de Jong and Gavi to the first team. Both players have specific work to do these days with Flick and hope to return to the pitch soon","robots":{"index":"index","follow":"follow","max-snippet":"max-snippet:-1","max-image-preview":"max-image-preview:large","max-video-preview":"max-video-preview:-1"},"canonical":"https:\/\/www.fcbarcelonanoticias.com\/en\/fc-barcelona\/barca-roadmap-with-hansi-flick-two-most-anticipated-reinforcements_307413_102.html","og_locale":"en_US","og_type":"article","og_title":"Bar\u00e7a's roadmap with Hansi Flick's two most anticipated 'reinforcements'","og_description":"Bar\u00e7a is rushing the returns of Frenkie de Jong and Gavi to the first team. Both players have specific work to do these days with Flick and hope to return to the pitch soon","og_url":"https:\/\/www.fcbarcelonanoticias.com\/en\/fc-barcelona\/barca-roadmap-with-hansi-flick-two-most-anticipated-reinforcements_307413_102.html","og_site_name":"EN - FC Barcelona Noticias","article_published_time":"2024-09-21T19:58:00+00:00","article_modified_time":"2026-03-27T10:43:19+00:00","og_image":[{"width":1250,"height":730,"url":"https:\/\/www.fcbarcelonanoticias.com\/en\/wp-content\/uploads\/sites\/2\/2024\/09\/gavi-frenkie-barcelona.jpeg","type":"image\/jpeg"}],"author":"Juan Pablo Berdugo","twitter_card":"summary_large_image","twitter_misc":{"Written by":"Juan Pablo Berdugo","Est. reading time":"2 minutes"},"schema":{"@context":"https:\/\/schema.org","@graph":[{"@type":"Article","@id":"https:\/\/www.fcbarcelonanoticias.com\/en\/fc-barcelona\/barca-roadmap-with-hansi-flick-two-most-anticipated-reinforcements_307413_102.html#article","isPartOf":{"@id":"https:\/\/www.fcbarcelonanoticias.com\/en\/fc-barcelona\/barca-roadmap-with-hansi-flick-two-most-anticipated-reinforcements_307413_102.html"},"author":{"name":"Juan Pablo Berdugo","@id":"https:\/\/www.fcbarcelonanoticias.com\/en\/#\/schema\/person\/88d756918a0a1ae9fa593b5edddd1815"},"headline":"Bar\u00e7a&#8217;s roadmap with Hansi Flick&#8217;s two most anticipated &#8216;reinforcements&#8217;","datePublished":"2024-09-21T19:58:00+00:00","dateModified":"2026-03-27T10:43:19+00:00","mainEntityOfPage":{"@id":"https:\/\/www.fcbarcelonanoticias.com\/en\/fc-barcelona\/barca-roadmap-with-hansi-flick-two-most-anticipated-reinforcements_307413_102.html"},"wordCount":423,"image":{"@id":"https:\/\/www.fcbarcelonanoticias.com\/en\/fc-barcelona\/barca-roadmap-with-hansi-flick-two-most-anticipated-reinforcements_307413_102.html#primaryimage"},"thumbnailUrl":"https:\/\/www.fcbarcelonanoticias.com\/en\/wp-content\/uploads\/sites\/2\/2024\/09\/gavi-frenkie-barcelona.jpeg","keywords":["Hansi Flick","injured"],"articleSection":["FC Barcelona"],"inLanguage":"en-US"},{"@type":"WebPage","@id":"https:\/\/www.fcbarcelonanoticias.com\/en\/fc-barcelona\/barca-roadmap-with-hansi-flick-two-most-anticipated-reinforcements_307413_102.html","url":"https:\/\/www.fcbarcelonanoticias.com\/en\/fc-barcelona\/barca-roadmap-with-hansi-flick-two-most-anticipated-reinforcements_307413_102.html","name":"Bar\u00e7a's roadmap with Hansi Flick's two most anticipated 'reinforcements'","isPartOf":{"@id":"https:\/\/www.fcbarcelonanoticias.com\/en\/#website"},"primaryImageOfPage":{"@id":"https:\/\/www.fcbarcelonanoticias.com\/en\/fc-barcelona\/barca-roadmap-with-hansi-flick-two-most-anticipated-reinforcements_307413_102.html#primaryimage"},"image":{"@id":"https:\/\/www.fcbarcelonanoticias.com\/en\/fc-barcelona\/barca-roadmap-with-hansi-flick-two-most-anticipated-reinforcements_307413_102.html#primaryimage"},"thumbnailUrl":"https:\/\/www.fcbarcelonanoticias.com\/en\/wp-content\/uploads\/sites\/2\/2024\/09\/gavi-frenkie-barcelona.jpeg","datePublished":"2024-09-21T19:58:00+00:00","dateModified":"2026-03-27T10:43:19+00:00","author":{"@id":"https:\/\/www.fcbarcelonanoticias.com\/en\/#\/schema\/person\/88d756918a0a1ae9fa593b5edddd1815"},"description":"Bar\u00e7a is rushing the returns of Frenkie de Jong and Gavi to the first team. Both players have specific work to do these days with Flick and hope to return to the pitch soon","breadcrumb":{"@id":"https:\/\/www.fcbarcelonanoticias.com\/en\/fc-barcelona\/barca-roadmap-with-hansi-flick-two-most-anticipated-reinforcements_307413_102.html#breadcrumb"},"inLanguage":"en-US","potentialAction":[{"@type":"ReadAction","target":["https:\/\/www.fcbarcelonanoticias.com\/en\/fc-barcelona\/barca-roadmap-with-hansi-flick-two-most-anticipated-reinforcements_307413_102.html"]}]},{"@type":"ImageObject","inLanguage":"en-US","@id":"https:\/\/www.fcbarcelonanoticias.com\/en\/fc-barcelona\/barca-roadmap-with-hansi-flick-two-most-anticipated-reinforcements_307413_102.html#primaryimage","url":"https:\/\/www.fcbarcelonanoticias.com\/en\/wp-content\/uploads\/sites\/2\/2024\/09\/gavi-frenkie-barcelona.jpeg","contentUrl":"https:\/\/www.fcbarcelonanoticias.com\/en\/wp-content\/uploads\/sites\/2\/2024\/09\/gavi-frenkie-barcelona.jpeg","width":1250,"height":730},{"@type":"BreadcrumbList","@id":"https:\/\/www.fcbarcelonanoticias.com\/en\/fc-barcelona\/barca-roadmap-with-hansi-flick-two-most-anticipated-reinforcements_307413_102.html#breadcrumb","itemListElement":[{"@type":"ListItem","position":1,"name":"Portada","item":"https:\/\/www.fcbarcelonanoticias.com\/en\/"},{"@type":"ListItem","position":2,"name":"Bar\u00e7a&#8217;s roadmap with Hansi Flick&#8217;s two most anticipated &#8216;reinforcements&#8217;"}]},{"@type":"WebSite","@id":"https:\/\/www.fcbarcelonanoticias.com\/en\/#website","url":"https:\/\/www.fcbarcelonanoticias.com\/en\/","name":"EN - FC Barcelona Noticias","description":"","potentialAction":[{"@type":"SearchAction","target":{"@type":"EntryPoint","urlTemplate":"https:\/\/www.fcbarcelonanoticias.com\/en\/?s={search_term_string}"},"query-input":{"@type":"PropertyValueSpecification","valueRequired":true,"valueName":"search_term_string"}}],"inLanguage":"en-US"},{"@type":"Person","@id":"https:\/\/www.fcbarcelonanoticias.com\/en\/#\/schema\/person\/88d756918a0a1ae9fa593b5edddd1815","name":"Juan Pablo Berdugo","image":{"@type":"ImageObject","inLanguage":"en-US","@id":"https:\/\/secure.gravatar.com\/avatar\/?s=96&d=mm&r=g","url":"https:\/\/secure.gravatar.com\/avatar\/?s=96&d=mm&r=g","contentUrl":"https:\/\/secure.gravatar.com\/avatar\/?s=96&d=mm&r=g","caption":"Juan Pablo Berdugo"},"description":"Juan Pablo Berdugo es graduado en Periodismo. Colabora con FCBN como especialista en informaci\u00f3n del primer equipo del FC Barcelona, f\u00fatbol internacional y mercado de fichajes. Destaca por su enfoque anal\u00edtico, su rigor informativo y su capacidad para detectar tendencias emergentes en el f\u00fatbol global.","url":"https:\/\/www.fcbarcelonanoticias.com\/en\/fc-barcelona\/juan-pablo-berdugo_18_115.html"}]}},"_links":{"self":[{"href":"https:\/\/www.fcbarcelonanoticias.com\/en\/wp-json\/wp\/v2\/posts\/14488","targetHints":{"allow":["GET"]}}],"collection":[{"href":"https:\/\/www.fcbarcelonanoticias.com\/en\/wp-json\/wp\/v2\/posts"}],"about":[{"href":"https:\/\/www.fcbarcelonanoticias.com\/en\/wp-json\/wp\/v2\/types\/post"}],"author":[{"embeddable":true,"href":"https:\/\/www.fcbarcelonanoticias.com\/en\/wp-json\/wp\/v2\/users\/358"}],"replies":[{"embeddable":true,"href":"https:\/\/www.fcbarcelonanoticias.com\/en\/wp-json\/wp\/v2\/comments?post=14488"}],"version-history":[{"count":2,"href":"https:\/\/www.fcbarcelonanoticias.com\/en\/wp-json\/wp\/v2\/posts\/14488\/revisions"}],"predecessor-version":[{"id":161917,"href":"https:\/\/www.fcbarcelonanoticias.com\/en\/wp-json\/wp\/v2\/posts\/14488\/revisions\/161917"}],"wp:featuredmedia":[{"embeddable":true,"href":"https:\/\/www.fcbarcelonanoticias.com\/en\/wp-json\/wp\/v2\/media\/14489"}],"wp:attachment":[{"href":"https:\/\/www.fcbarcelonanoticias.com\/en\/wp-json\/wp\/v2\/media?parent=14488"}],"wp:term":[{"taxonomy":"category","embeddable":true,"href":"https:\/\/www.fcbarcelonanoticias.com\/en\/wp-json\/wp\/v2\/categories?post=14488"},{"taxonomy":"post_tag","embeddable":true,"href":"https:\/\/www.fcbarcelonanoticias.com\/en\/wp-json\/wp\/v2\/tags?post=14488"}],"curies":[{"name":"wp","href":"https:\/\/api.w.org\/{rel}","templated":true}]}}