{"id":144961,"date":"2024-08-21T20:00:00","date_gmt":"2024-08-21T18:00:00","guid":{"rendered":"https:\/\/weisetech.dev\/fc-barcelona-noticias\/en\/three-exits-are-very-close-fc-barcelona-plan-to-have-dani-olmo-against-athletic-club_306664_102\/"},"modified":"2024-08-22T00:47:00","modified_gmt":"2024-08-21T22:47:00","slug":"three-exits-are-very-close-fc-barcelona-plan-to-have-dani-olmo-against-athletic-club_306664_102","status":"publish","type":"post","link":"https:\/\/www.fcbarcelonanoticias.com\/en\/transfers\/three-exits-are-very-close-fc-barcelona-plan-to-have-dani-olmo-against-athletic-club_306664_102.html","title":{"rendered":"Three exits are very close: FC Barcelona&#8217;s plan to have Dani Olmo against Athletic Club"},"content":{"rendered":"<h2 class=\"wp-block-heading\">Bar\u00e7a is working &#8216;against the clock&#8217; to complete the registration of Dani Olmo. After securing the departures of G\u00fcndogan and Vitor Roque, the Catalans seek to close the sale of Mika Faye in order to register the Egarense<\/h2>  \r\n<div class=\"article-addons\">\r\n    <a href=\"https:\/\/www.fcbarcelonanoticias.com\/en\/calendar-fc-barcelona.html\"\r\n       target=\"_self\"\r\n       title=\"Calendar of FC Barcelona\"\r\n       class=\"blue-gredient-btn\">\r\n       \r\n        Calendar of FC Barcelona    <\/a>\r\n<\/div>   <p><strong>The registration of Dani Olmo is a matter of absolute priority for FC Barcelona in these coming days<\/strong>. From the Spotify Camp Nou offices they are working &#8216;against the clock&#8217; <a data-external=\"0\" data-intl-links-en=\"https:\/\/www.fcbarcelonanoticias.com\/en\/fc-barcelona\/will-dani-olmo-be-ready-for-the-match-against-athletic_306594_102.html\" data-intl-links-es=\"https:\/\/www.fcbarcelonanoticias.com\/fc-barcelona\/llegara-dani-olmo-partido-contra-athletic_306594_102.html\" href=\"https:\/\/www.fcbarcelonanoticias.com\/en\/fc-barcelona\/will-dani-olmo-be-ready-for-the-match-against-athletic_306594_102.html\" rel=\"follow\" target=\"_self\" title=\"Will Dani Olmo be ready for the match against Athletic?\">so that the Egarense can make his debut as a starter against Athletic Club<\/a> in Montju\u00efc this Saturday after trying, without success, to register him for the first day. However,<strong> the cul\u00e9s are convinced that everything will be resolved in the next few hours<\/strong> once the departures of G\u00fcndogan and Vitor Roque have been finalized, which make things much easier, <strong>although some more sales such as that of Mika Faye would be pending<\/strong>.<\/p>  <p>The star signing of the summer at Can Bar\u00e7a was not available against Valencia, and Hansi Flick justified his absence by commenting that he had had very few training sessions and did not want to take any risks. The midfielder really wanted to play that game but he had to put up with it, and the Catalans reassured him by assuring him that the problem of his registration would be resolved for the second day. <strong>Since then, the sports management went &#8216;direct&#8217; with the departures of &#8216;G\u00fcndo&#8217; and &#8216;Tigrinho&#8217; and some 13 million euros of savings in chips could be used, but it would not be enough<\/strong>.<\/p>  <p><strong>For this reason, the Blaugrana entity&#8217;s plan is to try to close the transfer of Mika Faye before the end of the week<\/strong>. <a data-external=\"0\" data-intl-links-en=\"https:\/\/www.fcbarcelonanoticias.com\/en\/transfers\/the-sacrifice-that-barca-will-have-to-make-to-speed-up-the-departure-of-one-of-their-great-discards_306650_102.html\" data-intl-links-es=\"https:\/\/www.fcbarcelonanoticias.com\/fichajes\/sacrificio-debera-hacer-barca-apurar-salida-sus-grandes-descartes_306650_102.html\" href=\"https:\/\/www.fcbarcelonanoticias.com\/en\/transfers\/the-sacrifice-that-barca-will-have-to-make-to-speed-up-the-departure-of-one-of-their-great-discards_306650_102.html\" rel=\"follow\" target=\"_self\" title=\"The sacrifice that Bar\u00e7a will have to make to speed up the departure of one of their great discards\">Ligue 1 is pressing for the footballer<\/a> and both the club and the Senegalese player must decide. The cul\u00e9s intended to receive a minimum of 15 million euros for the central defender&#8217;s signing, but it is very likely that that figure will not be reached because he is in a hurry to close this folder. The sale of the defender would allow the registration of Olmo immediately, pending what may happen with the transfer of Lenglet, which is more complex and whose outcome could be postponed to next week.<\/p>  <h2>The possible &#8216;levers&#8217; of Bar\u00e7a<\/h2>  <p>At Can Bar\u00e7a they are aware that they are very tight on the salary limit and several alternatives are already being studied for the arrival of more signings. <strong>One of them would be to pay the 60 million euros that are missing for Bar\u00e7a Visi\u00f3n, a very complicated option at the end of August, or sign the contract with Nike<\/strong>, a situation that has been delayed more than expected and that aims to become official once it has started. the season.<\/p>  <p>Finally, the club&#8217;s &#8217;emergency&#8217; formula will be to release more players who do not fit into Flick&#8217;s plans. <strong>Ansu Fati and some of the full-backs such as H\u00e9ctor Fort or \u00c1lex Valle would be the &#8216;sacrificed&#8217;, since it seems quite unlikely that a million-dollar sale of an important footballer will occur in the final stretch of the market<\/strong>. The cul\u00e9s want to incorporate a winger (Leao or Chiesa) and a right back (Cancelo) in these last days of the summer window and they trust that the numbers end up adding up.<\/p> ","protected":false},"excerpt":{"rendered":"<p>Bar\u00e7a is working &#8216;against the clock&#8217; to complete the registration of Dani Olmo. After securing the departures of G\u00fcndogan and Vitor Roque, the Catalans seek to close the sale of Mika Faye in order to register the Egarense The registration of Dani Olmo is a matter of absolute priority for FC Barcelona in these coming [&hellip;]<\/p>\n","protected":false},"author":358,"featured_media":144965,"comment_status":"closed","ping_status":"open","sticky":false,"template":"","format":"standard","meta":{"_acf_changed":false,"inline_featured_image":false,"_nextfly_llmd_date_locked":false,"footnotes":""},"categories":[106,449],"tags":[81,170,327],"class_list":["post-144961","post","type-post","status-publish","format-standard","has-post-thumbnail","hentry","category-transfers","category-transfers-2","tag-athletic-de-bilbao","tag-ilkay-gundogan","tag-vitor-roque"],"acf":[],"yoast_head":"<!-- This site is optimized with the Yoast SEO plugin v27.3 - https:\/\/yoast.com\/product\/yoast-seo-wordpress\/ -->\n<title>Three exits are very close: FC Barcelona&#039;s plan to have Dani Olmo against Athletic Club<\/title>\n<meta name=\"description\" content=\"Bar\u00e7a is working &#039;against the clock&#039; to complete the registration of Dani Olmo. After securing the departures of G\u00fcndogan and Vitor Roque, the Catalans seek to close the sale of Mika Faye in order to register the Egarense\" \/>\n<meta name=\"robots\" content=\"index, follow, max-snippet:-1, max-image-preview:large, max-video-preview:-1\" \/>\n<link rel=\"canonical\" href=\"https:\/\/www.fcbarcelonanoticias.com\/en\/transfers\/three-exits-are-very-close-fc-barcelona-plan-to-have-dani-olmo-against-athletic-club_306664_102.html\" \/>\n<meta property=\"og:locale\" content=\"en_US\" \/>\n<meta property=\"og:type\" content=\"article\" \/>\n<meta property=\"og:title\" content=\"Three exits are very close: FC Barcelona&#039;s plan to have Dani Olmo against Athletic Club\" \/>\n<meta property=\"og:description\" content=\"Bar\u00e7a is working &#039;against the clock&#039; to complete the registration of Dani Olmo. After securing the departures of G\u00fcndogan and Vitor Roque, the Catalans seek to close the sale of Mika Faye in order to register the Egarense\" \/>\n<meta property=\"og:url\" content=\"https:\/\/www.fcbarcelonanoticias.com\/en\/transfers\/three-exits-are-very-close-fc-barcelona-plan-to-have-dani-olmo-against-athletic-club_306664_102.html\" \/>\n<meta property=\"og:site_name\" content=\"EN - FC Barcelona Noticias\" \/>\n<meta property=\"article:published_time\" content=\"2024-08-21T18:00:00+00:00\" \/>\n<meta property=\"article:modified_time\" content=\"2024-08-21T22:47:00+00:00\" \/>\n<meta property=\"og:image\" content=\"https:\/\/www.fcbarcelonanoticias.com\/en\/wp-content\/uploads\/sites\/2\/2024\/08\/dani-olmo-en-su-presentacion-con-el-fc-barcelona-scaled.jpeg\" \/>\n\t<meta property=\"og:image:width\" content=\"2560\" \/>\n\t<meta property=\"og:image:height\" content=\"1442\" \/>\n\t<meta property=\"og:image:type\" content=\"image\/jpeg\" \/>\n<meta name=\"author\" content=\"Juan Pablo Berdugo\" \/>\n<meta name=\"twitter:card\" content=\"summary_large_image\" \/>\n<meta name=\"twitter:label1\" content=\"Written by\" \/>\n\t<meta name=\"twitter:data1\" content=\"Juan Pablo Berdugo\" \/>\n\t<meta name=\"twitter:label2\" content=\"Est. reading time\" \/>\n\t<meta name=\"twitter:data2\" content=\"3 minutes\" \/>\n<script type=\"application\/ld+json\" class=\"yoast-schema-graph\">{\"@context\":\"https:\\\/\\\/schema.org\",\"@graph\":[{\"@type\":\"Article\",\"@id\":\"https:\\\/\\\/www.fcbarcelonanoticias.com\\\/en\\\/transfers\\\/three-exits-are-very-close-fc-barcelona-plan-to-have-dani-olmo-against-athletic-club_306664_102.html#article\",\"isPartOf\":{\"@id\":\"https:\\\/\\\/www.fcbarcelonanoticias.com\\\/en\\\/transfers\\\/three-exits-are-very-close-fc-barcelona-plan-to-have-dani-olmo-against-athletic-club_306664_102.html\"},\"author\":{\"name\":\"Juan Pablo Berdugo\",\"@id\":\"https:\\\/\\\/www.fcbarcelonanoticias.com\\\/en\\\/#\\\/schema\\\/person\\\/88d756918a0a1ae9fa593b5edddd1815\"},\"headline\":\"Three exits are very close: FC Barcelona&#8217;s plan to have Dani Olmo against Athletic Club\",\"datePublished\":\"2024-08-21T18:00:00+00:00\",\"dateModified\":\"2024-08-21T22:47:00+00:00\",\"mainEntityOfPage\":{\"@id\":\"https:\\\/\\\/www.fcbarcelonanoticias.com\\\/en\\\/transfers\\\/three-exits-are-very-close-fc-barcelona-plan-to-have-dani-olmo-against-athletic-club_306664_102.html\"},\"wordCount\":567,\"image\":{\"@id\":\"https:\\\/\\\/www.fcbarcelonanoticias.com\\\/en\\\/transfers\\\/three-exits-are-very-close-fc-barcelona-plan-to-have-dani-olmo-against-athletic-club_306664_102.html#primaryimage\"},\"thumbnailUrl\":\"https:\\\/\\\/www.fcbarcelonanoticias.com\\\/en\\\/wp-content\\\/uploads\\\/sites\\\/2\\\/2024\\\/08\\\/dani-olmo-en-su-presentacion-con-el-fc-barcelona-scaled.jpeg\",\"keywords\":[\"Athletic de Bilbao\",\"Ilkay G\u00fcndogan\",\"Vitor Roque\"],\"articleSection\":[\"Transfers\",\"Transfers\"],\"inLanguage\":\"en-US\"},{\"@type\":\"WebPage\",\"@id\":\"https:\\\/\\\/www.fcbarcelonanoticias.com\\\/en\\\/transfers\\\/three-exits-are-very-close-fc-barcelona-plan-to-have-dani-olmo-against-athletic-club_306664_102.html\",\"url\":\"https:\\\/\\\/www.fcbarcelonanoticias.com\\\/en\\\/transfers\\\/three-exits-are-very-close-fc-barcelona-plan-to-have-dani-olmo-against-athletic-club_306664_102.html\",\"name\":\"Three exits are very close: FC Barcelona's plan to have Dani Olmo against Athletic Club\",\"isPartOf\":{\"@id\":\"https:\\\/\\\/www.fcbarcelonanoticias.com\\\/en\\\/#website\"},\"primaryImageOfPage\":{\"@id\":\"https:\\\/\\\/www.fcbarcelonanoticias.com\\\/en\\\/transfers\\\/three-exits-are-very-close-fc-barcelona-plan-to-have-dani-olmo-against-athletic-club_306664_102.html#primaryimage\"},\"image\":{\"@id\":\"https:\\\/\\\/www.fcbarcelonanoticias.com\\\/en\\\/transfers\\\/three-exits-are-very-close-fc-barcelona-plan-to-have-dani-olmo-against-athletic-club_306664_102.html#primaryimage\"},\"thumbnailUrl\":\"https:\\\/\\\/www.fcbarcelonanoticias.com\\\/en\\\/wp-content\\\/uploads\\\/sites\\\/2\\\/2024\\\/08\\\/dani-olmo-en-su-presentacion-con-el-fc-barcelona-scaled.jpeg\",\"datePublished\":\"2024-08-21T18:00:00+00:00\",\"dateModified\":\"2024-08-21T22:47:00+00:00\",\"author\":{\"@id\":\"https:\\\/\\\/www.fcbarcelonanoticias.com\\\/en\\\/#\\\/schema\\\/person\\\/88d756918a0a1ae9fa593b5edddd1815\"},\"description\":\"Bar\u00e7a is working 'against the clock' to complete the registration of Dani Olmo. After securing the departures of G\u00fcndogan and Vitor Roque, the Catalans seek to close the sale of Mika Faye in order to register the Egarense\",\"breadcrumb\":{\"@id\":\"https:\\\/\\\/www.fcbarcelonanoticias.com\\\/en\\\/transfers\\\/three-exits-are-very-close-fc-barcelona-plan-to-have-dani-olmo-against-athletic-club_306664_102.html#breadcrumb\"},\"inLanguage\":\"en-US\",\"potentialAction\":[{\"@type\":\"ReadAction\",\"target\":[\"https:\\\/\\\/www.fcbarcelonanoticias.com\\\/en\\\/transfers\\\/three-exits-are-very-close-fc-barcelona-plan-to-have-dani-olmo-against-athletic-club_306664_102.html\"]}]},{\"@type\":\"ImageObject\",\"inLanguage\":\"en-US\",\"@id\":\"https:\\\/\\\/www.fcbarcelonanoticias.com\\\/en\\\/transfers\\\/three-exits-are-very-close-fc-barcelona-plan-to-have-dani-olmo-against-athletic-club_306664_102.html#primaryimage\",\"url\":\"https:\\\/\\\/www.fcbarcelonanoticias.com\\\/en\\\/wp-content\\\/uploads\\\/sites\\\/2\\\/2024\\\/08\\\/dani-olmo-en-su-presentacion-con-el-fc-barcelona-scaled.jpeg\",\"contentUrl\":\"https:\\\/\\\/www.fcbarcelonanoticias.com\\\/en\\\/wp-content\\\/uploads\\\/sites\\\/2\\\/2024\\\/08\\\/dani-olmo-en-su-presentacion-con-el-fc-barcelona-scaled.jpeg\",\"width\":2560,\"height\":1442},{\"@type\":\"BreadcrumbList\",\"@id\":\"https:\\\/\\\/www.fcbarcelonanoticias.com\\\/en\\\/transfers\\\/three-exits-are-very-close-fc-barcelona-plan-to-have-dani-olmo-against-athletic-club_306664_102.html#breadcrumb\",\"itemListElement\":[{\"@type\":\"ListItem\",\"position\":1,\"name\":\"Portada\",\"item\":\"https:\\\/\\\/www.fcbarcelonanoticias.com\\\/en\\\/\"},{\"@type\":\"ListItem\",\"position\":2,\"name\":\"Three exits are very close: FC Barcelona&#8217;s plan to have Dani Olmo against Athletic Club\"}]},{\"@type\":\"WebSite\",\"@id\":\"https:\\\/\\\/www.fcbarcelonanoticias.com\\\/en\\\/#website\",\"url\":\"https:\\\/\\\/www.fcbarcelonanoticias.com\\\/en\\\/\",\"name\":\"EN - FC Barcelona Noticias\",\"description\":\"\",\"potentialAction\":[{\"@type\":\"SearchAction\",\"target\":{\"@type\":\"EntryPoint\",\"urlTemplate\":\"https:\\\/\\\/www.fcbarcelonanoticias.com\\\/en\\\/?s={search_term_string}\"},\"query-input\":{\"@type\":\"PropertyValueSpecification\",\"valueRequired\":true,\"valueName\":\"search_term_string\"}}],\"inLanguage\":\"en-US\"},{\"@type\":\"Person\",\"@id\":\"https:\\\/\\\/www.fcbarcelonanoticias.com\\\/en\\\/#\\\/schema\\\/person\\\/88d756918a0a1ae9fa593b5edddd1815\",\"name\":\"Juan Pablo Berdugo\",\"image\":{\"@type\":\"ImageObject\",\"inLanguage\":\"en-US\",\"@id\":\"https:\\\/\\\/secure.gravatar.com\\\/avatar\\\/?s=96&d=mm&r=g\",\"url\":\"https:\\\/\\\/secure.gravatar.com\\\/avatar\\\/?s=96&d=mm&r=g\",\"contentUrl\":\"https:\\\/\\\/secure.gravatar.com\\\/avatar\\\/?s=96&d=mm&r=g\",\"caption\":\"Juan Pablo Berdugo\"},\"description\":\"Juan Pablo Berdugo es graduado en Periodismo. Colabora con FCBN como especialista en informaci\u00f3n del primer equipo del FC Barcelona, f\u00fatbol internacional y mercado de fichajes. Destaca por su enfoque anal\u00edtico, su rigor informativo y su capacidad para detectar tendencias emergentes en el f\u00fatbol global.\",\"url\":\"https:\\\/\\\/www.fcbarcelonanoticias.com\\\/en\\\/fc-barcelona\\\/juan-pablo-berdugo_18_115.html\"}]}<\/script>\n<!-- \/ Yoast SEO plugin. -->","yoast_head_json":{"title":"Three exits are very close: FC Barcelona's plan to have Dani Olmo against Athletic Club","description":"Bar\u00e7a is working 'against the clock' to complete the registration of Dani Olmo. After securing the departures of G\u00fcndogan and Vitor Roque, the Catalans seek to close the sale of Mika Faye in order to register the Egarense","robots":{"index":"index","follow":"follow","max-snippet":"max-snippet:-1","max-image-preview":"max-image-preview:large","max-video-preview":"max-video-preview:-1"},"canonical":"https:\/\/www.fcbarcelonanoticias.com\/en\/transfers\/three-exits-are-very-close-fc-barcelona-plan-to-have-dani-olmo-against-athletic-club_306664_102.html","og_locale":"en_US","og_type":"article","og_title":"Three exits are very close: FC Barcelona's plan to have Dani Olmo against Athletic Club","og_description":"Bar\u00e7a is working 'against the clock' to complete the registration of Dani Olmo. After securing the departures of G\u00fcndogan and Vitor Roque, the Catalans seek to close the sale of Mika Faye in order to register the Egarense","og_url":"https:\/\/www.fcbarcelonanoticias.com\/en\/transfers\/three-exits-are-very-close-fc-barcelona-plan-to-have-dani-olmo-against-athletic-club_306664_102.html","og_site_name":"EN - FC Barcelona Noticias","article_published_time":"2024-08-21T18:00:00+00:00","article_modified_time":"2024-08-21T22:47:00+00:00","og_image":[{"width":2560,"height":1442,"url":"https:\/\/www.fcbarcelonanoticias.com\/en\/wp-content\/uploads\/sites\/2\/2024\/08\/dani-olmo-en-su-presentacion-con-el-fc-barcelona-scaled.jpeg","type":"image\/jpeg"}],"author":"Juan Pablo Berdugo","twitter_card":"summary_large_image","twitter_misc":{"Written by":"Juan Pablo Berdugo","Est. reading time":"3 minutes"},"schema":{"@context":"https:\/\/schema.org","@graph":[{"@type":"Article","@id":"https:\/\/www.fcbarcelonanoticias.com\/en\/transfers\/three-exits-are-very-close-fc-barcelona-plan-to-have-dani-olmo-against-athletic-club_306664_102.html#article","isPartOf":{"@id":"https:\/\/www.fcbarcelonanoticias.com\/en\/transfers\/three-exits-are-very-close-fc-barcelona-plan-to-have-dani-olmo-against-athletic-club_306664_102.html"},"author":{"name":"Juan Pablo Berdugo","@id":"https:\/\/www.fcbarcelonanoticias.com\/en\/#\/schema\/person\/88d756918a0a1ae9fa593b5edddd1815"},"headline":"Three exits are very close: FC Barcelona&#8217;s plan to have Dani Olmo against Athletic Club","datePublished":"2024-08-21T18:00:00+00:00","dateModified":"2024-08-21T22:47:00+00:00","mainEntityOfPage":{"@id":"https:\/\/www.fcbarcelonanoticias.com\/en\/transfers\/three-exits-are-very-close-fc-barcelona-plan-to-have-dani-olmo-against-athletic-club_306664_102.html"},"wordCount":567,"image":{"@id":"https:\/\/www.fcbarcelonanoticias.com\/en\/transfers\/three-exits-are-very-close-fc-barcelona-plan-to-have-dani-olmo-against-athletic-club_306664_102.html#primaryimage"},"thumbnailUrl":"https:\/\/www.fcbarcelonanoticias.com\/en\/wp-content\/uploads\/sites\/2\/2024\/08\/dani-olmo-en-su-presentacion-con-el-fc-barcelona-scaled.jpeg","keywords":["Athletic de Bilbao","Ilkay G\u00fcndogan","Vitor Roque"],"articleSection":["Transfers","Transfers"],"inLanguage":"en-US"},{"@type":"WebPage","@id":"https:\/\/www.fcbarcelonanoticias.com\/en\/transfers\/three-exits-are-very-close-fc-barcelona-plan-to-have-dani-olmo-against-athletic-club_306664_102.html","url":"https:\/\/www.fcbarcelonanoticias.com\/en\/transfers\/three-exits-are-very-close-fc-barcelona-plan-to-have-dani-olmo-against-athletic-club_306664_102.html","name":"Three exits are very close: FC Barcelona's plan to have Dani Olmo against Athletic Club","isPartOf":{"@id":"https:\/\/www.fcbarcelonanoticias.com\/en\/#website"},"primaryImageOfPage":{"@id":"https:\/\/www.fcbarcelonanoticias.com\/en\/transfers\/three-exits-are-very-close-fc-barcelona-plan-to-have-dani-olmo-against-athletic-club_306664_102.html#primaryimage"},"image":{"@id":"https:\/\/www.fcbarcelonanoticias.com\/en\/transfers\/three-exits-are-very-close-fc-barcelona-plan-to-have-dani-olmo-against-athletic-club_306664_102.html#primaryimage"},"thumbnailUrl":"https:\/\/www.fcbarcelonanoticias.com\/en\/wp-content\/uploads\/sites\/2\/2024\/08\/dani-olmo-en-su-presentacion-con-el-fc-barcelona-scaled.jpeg","datePublished":"2024-08-21T18:00:00+00:00","dateModified":"2024-08-21T22:47:00+00:00","author":{"@id":"https:\/\/www.fcbarcelonanoticias.com\/en\/#\/schema\/person\/88d756918a0a1ae9fa593b5edddd1815"},"description":"Bar\u00e7a is working 'against the clock' to complete the registration of Dani Olmo. After securing the departures of G\u00fcndogan and Vitor Roque, the Catalans seek to close the sale of Mika Faye in order to register the Egarense","breadcrumb":{"@id":"https:\/\/www.fcbarcelonanoticias.com\/en\/transfers\/three-exits-are-very-close-fc-barcelona-plan-to-have-dani-olmo-against-athletic-club_306664_102.html#breadcrumb"},"inLanguage":"en-US","potentialAction":[{"@type":"ReadAction","target":["https:\/\/www.fcbarcelonanoticias.com\/en\/transfers\/three-exits-are-very-close-fc-barcelona-plan-to-have-dani-olmo-against-athletic-club_306664_102.html"]}]},{"@type":"ImageObject","inLanguage":"en-US","@id":"https:\/\/www.fcbarcelonanoticias.com\/en\/transfers\/three-exits-are-very-close-fc-barcelona-plan-to-have-dani-olmo-against-athletic-club_306664_102.html#primaryimage","url":"https:\/\/www.fcbarcelonanoticias.com\/en\/wp-content\/uploads\/sites\/2\/2024\/08\/dani-olmo-en-su-presentacion-con-el-fc-barcelona-scaled.jpeg","contentUrl":"https:\/\/www.fcbarcelonanoticias.com\/en\/wp-content\/uploads\/sites\/2\/2024\/08\/dani-olmo-en-su-presentacion-con-el-fc-barcelona-scaled.jpeg","width":2560,"height":1442},{"@type":"BreadcrumbList","@id":"https:\/\/www.fcbarcelonanoticias.com\/en\/transfers\/three-exits-are-very-close-fc-barcelona-plan-to-have-dani-olmo-against-athletic-club_306664_102.html#breadcrumb","itemListElement":[{"@type":"ListItem","position":1,"name":"Portada","item":"https:\/\/www.fcbarcelonanoticias.com\/en\/"},{"@type":"ListItem","position":2,"name":"Three exits are very close: FC Barcelona&#8217;s plan to have Dani Olmo against Athletic Club"}]},{"@type":"WebSite","@id":"https:\/\/www.fcbarcelonanoticias.com\/en\/#website","url":"https:\/\/www.fcbarcelonanoticias.com\/en\/","name":"EN - FC Barcelona Noticias","description":"","potentialAction":[{"@type":"SearchAction","target":{"@type":"EntryPoint","urlTemplate":"https:\/\/www.fcbarcelonanoticias.com\/en\/?s={search_term_string}"},"query-input":{"@type":"PropertyValueSpecification","valueRequired":true,"valueName":"search_term_string"}}],"inLanguage":"en-US"},{"@type":"Person","@id":"https:\/\/www.fcbarcelonanoticias.com\/en\/#\/schema\/person\/88d756918a0a1ae9fa593b5edddd1815","name":"Juan Pablo Berdugo","image":{"@type":"ImageObject","inLanguage":"en-US","@id":"https:\/\/secure.gravatar.com\/avatar\/?s=96&d=mm&r=g","url":"https:\/\/secure.gravatar.com\/avatar\/?s=96&d=mm&r=g","contentUrl":"https:\/\/secure.gravatar.com\/avatar\/?s=96&d=mm&r=g","caption":"Juan Pablo Berdugo"},"description":"Juan Pablo Berdugo es graduado en Periodismo. Colabora con FCBN como especialista en informaci\u00f3n del primer equipo del FC Barcelona, f\u00fatbol internacional y mercado de fichajes. Destaca por su enfoque anal\u00edtico, su rigor informativo y su capacidad para detectar tendencias emergentes en el f\u00fatbol global.","url":"https:\/\/www.fcbarcelonanoticias.com\/en\/fc-barcelona\/juan-pablo-berdugo_18_115.html"}]}},"_links":{"self":[{"href":"https:\/\/www.fcbarcelonanoticias.com\/en\/wp-json\/wp\/v2\/posts\/144961","targetHints":{"allow":["GET"]}}],"collection":[{"href":"https:\/\/www.fcbarcelonanoticias.com\/en\/wp-json\/wp\/v2\/posts"}],"about":[{"href":"https:\/\/www.fcbarcelonanoticias.com\/en\/wp-json\/wp\/v2\/types\/post"}],"author":[{"embeddable":true,"href":"https:\/\/www.fcbarcelonanoticias.com\/en\/wp-json\/wp\/v2\/users\/358"}],"replies":[{"embeddable":true,"href":"https:\/\/www.fcbarcelonanoticias.com\/en\/wp-json\/wp\/v2\/comments?post=144961"}],"version-history":[{"count":1,"href":"https:\/\/www.fcbarcelonanoticias.com\/en\/wp-json\/wp\/v2\/posts\/144961\/revisions"}],"predecessor-version":[{"id":155539,"href":"https:\/\/www.fcbarcelonanoticias.com\/en\/wp-json\/wp\/v2\/posts\/144961\/revisions\/155539"}],"wp:featuredmedia":[{"embeddable":true,"href":"https:\/\/www.fcbarcelonanoticias.com\/en\/wp-json\/wp\/v2\/media\/144965"}],"wp:attachment":[{"href":"https:\/\/www.fcbarcelonanoticias.com\/en\/wp-json\/wp\/v2\/media?parent=144961"}],"wp:term":[{"taxonomy":"category","embeddable":true,"href":"https:\/\/www.fcbarcelonanoticias.com\/en\/wp-json\/wp\/v2\/categories?post=144961"},{"taxonomy":"post_tag","embeddable":true,"href":"https:\/\/www.fcbarcelonanoticias.com\/en\/wp-json\/wp\/v2\/tags?post=144961"}],"curies":[{"name":"wp","href":"https:\/\/api.w.org\/{rel}","templated":true}]}}