{"id":145038,"date":"2026-01-24T22:30:00","date_gmt":"2026-01-24T21:30:00","guid":{"rendered":"https:\/\/weisetech.dev\/fc-barcelona-noticias\/en\/barca-femeni-wins-clasico-and-the-supercopa-2-0_315828_102\/"},"modified":"2026-01-25T00:16:00","modified_gmt":"2026-01-24T23:16:00","slug":"barca-femeni-wins-clasico-and-the-supercopa-2-0_315828_102","status":"publish","type":"post","link":"https:\/\/www.fcbarcelonanoticias.com\/en\/womens-football\/barca-femeni-wins-clasico-and-the-supercopa-2-0_315828_102.html","title":{"rendered":"Bar\u00e7a Femen\u00ed Wins the Cl\u00e1sico and the Spanish Super Cup (2-0)"},"content":{"rendered":"<h2 class=\"wp-block-heading\">Bar\u00e7a Femen\u00ed lifted their fifth consecutive Spanish Super Cup after defeating Real Madrid in Castalia (2-0). Esmee Brugts and Alexia Putellas scored the goals for the Blaugrana victory<\/h2>  \r\n<div class=\"article-addons\">\r\n    <a href=\"https:\/\/www.fcbarcelonanoticias.com\/en\/calendar-fc-barcelona.html\"\r\n       target=\"_self\"\r\n       title=\"Calendar of FC Barcelona\"\r\n       class=\"blue-gredient-btn\">\r\n       \r\n        Calendar of FC Barcelona    <\/a>\r\n<\/div>   <p>The <strong>Spanish Women&#8217;s Super Cup<\/strong> remained in the trophy cabinet of <strong><a data-external=\"0\" data-intl-links-en=\"https:\/\/www.fcbarcelonanoticias.com\/en\/tags\/fc-barcelona-women\" data-intl-links-es=\"https:\/\/www.fcbarcelonanoticias.com\/tags\/fc-barcelona-femenino\" href=\"https:\/\/www.fcbarcelonanoticias.com\/en\/tags\/fc-barcelona-women.html\" rel=\"follow\" target=\"_self\" title=\"FC Barcelona Femenino\">FC Barcelona<\/a><\/strong>. This Saturday, the team led by <strong>Pere Romeu<\/strong> maintained their dominance over <strong>Real Madrid<\/strong> (2-0) in a final played at Castalia, where the Catalan side only managed to seal the victory in stoppage time.<\/p>  <p><strong>Esmee Brugts<\/strong>, in the 28th minute, scored with a header to make it 1-0. after a corner taken by <strong>Mapi Le\u00f3n<\/strong>. Bar\u00e7a Femen\u00ed controlled possession and came very close to extending their lead in the early minutes of the second half, but Misa&#8217;s saves kept the white team alive.<\/p>  <p>Finally, in the 90th minute, a mistimed tackle by Shei on **Alexia Putellas** allowed the Bar\u00e7a star, from the penalty spot, to seal the match with a perfect strike, fooling Misa. For Bar\u00e7a, it was their sixth title in seven editions of the tournament, their fifth consecutive. Madrid, for their part, suffered their second defeat in finals<\/p>  <div class=\"article-video-wrapper\" data-ck-asset-wrapper=\"\"> <div class=\"article-video\"> <div><\/div> <\/div> <\/div> ","protected":false},"excerpt":{"rendered":"<p>Bar\u00e7a Femen\u00ed lifted their fifth consecutive Spanish Super Cup after defeating Real Madrid in Castalia (2-0). Esmee Brugts and Alexia Putellas scored the goals for the Blaugrana victory The Spanish Women&#8217;s Super Cup remained in the trophy cabinet of FC Barcelona. This Saturday, the team led by Pere Romeu maintained their dominance over Real Madrid [&hellip;]<\/p>\n","protected":false},"author":347,"featured_media":145039,"comment_status":"closed","ping_status":"open","sticky":false,"template":"","format":"standard","meta":{"_acf_changed":false,"inline_featured_image":false,"_nextfly_llmd_date_locked":false,"footnotes":""},"categories":[120,458],"tags":[156],"class_list":["post-145038","post","type-post","status-publish","format-standard","has-post-thumbnail","hentry","category-womens-football","category-womens-football-2","tag-fc-barcelona-women"],"acf":[],"yoast_head":"<!-- This site is optimized with the Yoast SEO plugin v27.3 - https:\/\/yoast.com\/product\/yoast-seo-wordpress\/ -->\n<title>Bar\u00e7a Femen\u00ed Wins El Cl\u00e1sico and the Supercopa (2-0)<\/title>\n<meta name=\"description\" content=\"Bar\u00e7a Femen\u00ed lifted their fifth consecutive Spanish Super Cup after defeating Real Madrid. Esmee Brugts and Alexia Putellas scored for the Catalans\" \/>\n<meta name=\"robots\" content=\"index, follow, max-snippet:-1, max-image-preview:large, max-video-preview:-1\" \/>\n<link rel=\"canonical\" href=\"https:\/\/www.fcbarcelonanoticias.com\/en\/womens-football\/barca-femeni-wins-clasico-and-the-supercopa-2-0_315828_102.html\" \/>\n<meta property=\"og:locale\" content=\"en_US\" \/>\n<meta property=\"og:type\" content=\"article\" \/>\n<meta property=\"og:title\" content=\"Bar\u00e7a Femen\u00ed Wins El Cl\u00e1sico and the Supercopa (2-0)\" \/>\n<meta property=\"og:description\" content=\"Bar\u00e7a Femen\u00ed lifted their fifth consecutive Spanish Super Cup after defeating Real Madrid. Esmee Brugts and Alexia Putellas scored for the Catalans\" \/>\n<meta property=\"og:url\" content=\"https:\/\/www.fcbarcelonanoticias.com\/en\/womens-football\/barca-femeni-wins-clasico-and-the-supercopa-2-0_315828_102.html\" \/>\n<meta property=\"og:site_name\" content=\"EN - FC Barcelona Noticias\" \/>\n<meta property=\"article:published_time\" content=\"2026-01-24T21:30:00+00:00\" \/>\n<meta property=\"article:modified_time\" content=\"2026-01-24T23:16:00+00:00\" \/>\n<meta property=\"og:image\" content=\"https:\/\/www.fcbarcelonanoticias.com\/en\/wp-content\/uploads\/sites\/2\/2026\/01\/barca-femeni-supercopa-espana-2026.jpeg\" \/>\n\t<meta property=\"og:image:width\" content=\"1300\" \/>\n\t<meta property=\"og:image:height\" content=\"732\" \/>\n\t<meta property=\"og:image:type\" content=\"image\/jpeg\" \/>\n<meta name=\"author\" content=\"Andr\u00e9s Quiroz\" \/>\n<meta name=\"twitter:card\" content=\"summary_large_image\" \/>\n<meta name=\"twitter:label1\" content=\"Written by\" \/>\n\t<meta name=\"twitter:data1\" content=\"Andr\u00e9s Quiroz\" \/>\n\t<meta name=\"twitter:label2\" content=\"Est. reading time\" \/>\n\t<meta name=\"twitter:data2\" content=\"1 minute\" \/>\n<script type=\"application\/ld+json\" class=\"yoast-schema-graph\">{\"@context\":\"https:\\\/\\\/schema.org\",\"@graph\":[{\"@type\":\"Article\",\"@id\":\"https:\\\/\\\/www.fcbarcelonanoticias.com\\\/en\\\/womens-football\\\/barca-femeni-wins-clasico-and-the-supercopa-2-0_315828_102.html#article\",\"isPartOf\":{\"@id\":\"https:\\\/\\\/www.fcbarcelonanoticias.com\\\/en\\\/womens-football\\\/barca-femeni-wins-clasico-and-the-supercopa-2-0_315828_102.html\"},\"author\":{\"name\":\"Andr\u00e9s Quiroz\",\"@id\":\"https:\\\/\\\/www.fcbarcelonanoticias.com\\\/en\\\/#\\\/schema\\\/person\\\/c2cd9f6fa1af5c0d0eccd0fefa575c88\"},\"headline\":\"Bar\u00e7a Femen\u00ed Wins the Cl\u00e1sico and the Spanish Super Cup (2-0)\",\"datePublished\":\"2026-01-24T21:30:00+00:00\",\"dateModified\":\"2026-01-24T23:16:00+00:00\",\"mainEntityOfPage\":{\"@id\":\"https:\\\/\\\/www.fcbarcelonanoticias.com\\\/en\\\/womens-football\\\/barca-femeni-wins-clasico-and-the-supercopa-2-0_315828_102.html\"},\"wordCount\":201,\"image\":{\"@id\":\"https:\\\/\\\/www.fcbarcelonanoticias.com\\\/en\\\/womens-football\\\/barca-femeni-wins-clasico-and-the-supercopa-2-0_315828_102.html#primaryimage\"},\"thumbnailUrl\":\"https:\\\/\\\/www.fcbarcelonanoticias.com\\\/en\\\/wp-content\\\/uploads\\\/sites\\\/2\\\/2026\\\/01\\\/barca-femeni-supercopa-espana-2026.jpeg\",\"keywords\":[\"FC Barcelona Women\"],\"articleSection\":[\"Women's Football\",\"Women's Football\"],\"inLanguage\":\"en-US\"},{\"@type\":\"WebPage\",\"@id\":\"https:\\\/\\\/www.fcbarcelonanoticias.com\\\/en\\\/womens-football\\\/barca-femeni-wins-clasico-and-the-supercopa-2-0_315828_102.html\",\"url\":\"https:\\\/\\\/www.fcbarcelonanoticias.com\\\/en\\\/womens-football\\\/barca-femeni-wins-clasico-and-the-supercopa-2-0_315828_102.html\",\"name\":\"Bar\u00e7a Femen\u00ed Wins El Cl\u00e1sico and the Supercopa (2-0)\",\"isPartOf\":{\"@id\":\"https:\\\/\\\/www.fcbarcelonanoticias.com\\\/en\\\/#website\"},\"primaryImageOfPage\":{\"@id\":\"https:\\\/\\\/www.fcbarcelonanoticias.com\\\/en\\\/womens-football\\\/barca-femeni-wins-clasico-and-the-supercopa-2-0_315828_102.html#primaryimage\"},\"image\":{\"@id\":\"https:\\\/\\\/www.fcbarcelonanoticias.com\\\/en\\\/womens-football\\\/barca-femeni-wins-clasico-and-the-supercopa-2-0_315828_102.html#primaryimage\"},\"thumbnailUrl\":\"https:\\\/\\\/www.fcbarcelonanoticias.com\\\/en\\\/wp-content\\\/uploads\\\/sites\\\/2\\\/2026\\\/01\\\/barca-femeni-supercopa-espana-2026.jpeg\",\"datePublished\":\"2026-01-24T21:30:00+00:00\",\"dateModified\":\"2026-01-24T23:16:00+00:00\",\"author\":{\"@id\":\"https:\\\/\\\/www.fcbarcelonanoticias.com\\\/en\\\/#\\\/schema\\\/person\\\/c2cd9f6fa1af5c0d0eccd0fefa575c88\"},\"description\":\"Bar\u00e7a Femen\u00ed lifted their fifth consecutive Spanish Super Cup after defeating Real Madrid. Esmee Brugts and Alexia Putellas scored for the Catalans\",\"breadcrumb\":{\"@id\":\"https:\\\/\\\/www.fcbarcelonanoticias.com\\\/en\\\/womens-football\\\/barca-femeni-wins-clasico-and-the-supercopa-2-0_315828_102.html#breadcrumb\"},\"inLanguage\":\"en-US\",\"potentialAction\":[{\"@type\":\"ReadAction\",\"target\":[\"https:\\\/\\\/www.fcbarcelonanoticias.com\\\/en\\\/womens-football\\\/barca-femeni-wins-clasico-and-the-supercopa-2-0_315828_102.html\"]}]},{\"@type\":\"ImageObject\",\"inLanguage\":\"en-US\",\"@id\":\"https:\\\/\\\/www.fcbarcelonanoticias.com\\\/en\\\/womens-football\\\/barca-femeni-wins-clasico-and-the-supercopa-2-0_315828_102.html#primaryimage\",\"url\":\"https:\\\/\\\/www.fcbarcelonanoticias.com\\\/en\\\/wp-content\\\/uploads\\\/sites\\\/2\\\/2026\\\/01\\\/barca-femeni-supercopa-espana-2026.jpeg\",\"contentUrl\":\"https:\\\/\\\/www.fcbarcelonanoticias.com\\\/en\\\/wp-content\\\/uploads\\\/sites\\\/2\\\/2026\\\/01\\\/barca-femeni-supercopa-espana-2026.jpeg\",\"width\":1300,\"height\":732},{\"@type\":\"BreadcrumbList\",\"@id\":\"https:\\\/\\\/www.fcbarcelonanoticias.com\\\/en\\\/womens-football\\\/barca-femeni-wins-clasico-and-the-supercopa-2-0_315828_102.html#breadcrumb\",\"itemListElement\":[{\"@type\":\"ListItem\",\"position\":1,\"name\":\"Portada\",\"item\":\"https:\\\/\\\/www.fcbarcelonanoticias.com\\\/en\\\/\"},{\"@type\":\"ListItem\",\"position\":2,\"name\":\"Bar\u00e7a Femen\u00ed Wins the Cl\u00e1sico and the Spanish Super Cup (2-0)\"}]},{\"@type\":\"WebSite\",\"@id\":\"https:\\\/\\\/www.fcbarcelonanoticias.com\\\/en\\\/#website\",\"url\":\"https:\\\/\\\/www.fcbarcelonanoticias.com\\\/en\\\/\",\"name\":\"EN - FC Barcelona Noticias\",\"description\":\"\",\"potentialAction\":[{\"@type\":\"SearchAction\",\"target\":{\"@type\":\"EntryPoint\",\"urlTemplate\":\"https:\\\/\\\/www.fcbarcelonanoticias.com\\\/en\\\/?s={search_term_string}\"},\"query-input\":{\"@type\":\"PropertyValueSpecification\",\"valueRequired\":true,\"valueName\":\"search_term_string\"}}],\"inLanguage\":\"en-US\"},{\"@type\":\"Person\",\"@id\":\"https:\\\/\\\/www.fcbarcelonanoticias.com\\\/en\\\/#\\\/schema\\\/person\\\/c2cd9f6fa1af5c0d0eccd0fefa575c88\",\"name\":\"Andr\u00e9s Quiroz\",\"image\":{\"@type\":\"ImageObject\",\"inLanguage\":\"en-US\",\"@id\":\"https:\\\/\\\/secure.gravatar.com\\\/avatar\\\/?s=96&d=mm&r=g\",\"url\":\"https:\\\/\\\/secure.gravatar.com\\\/avatar\\\/?s=96&d=mm&r=g\",\"contentUrl\":\"https:\\\/\\\/secure.gravatar.com\\\/avatar\\\/?s=96&d=mm&r=g\",\"caption\":\"Andr\u00e9s Quiroz\"},\"description\":\"Licenciado en Periodismo por la Universidad de los Andes. Me encargo de analizar y compartir los contenidos m\u00e1s destacados de la\u00a0actualidad del F\u00fatbol Club Barcelona, Mercado de Fichajes y F\u00fatbol Internacional en FCBN. La informaci\u00f3n es poder, pero tambi\u00e9n conocimiento.\",\"url\":\"https:\\\/\\\/www.fcbarcelonanoticias.com\\\/en\\\/fc-barcelona\\\/andres-quiroz_17_115.html\"}]}<\/script>\n<!-- \/ Yoast SEO plugin. -->","yoast_head_json":{"title":"Bar\u00e7a Femen\u00ed Wins El Cl\u00e1sico and the Supercopa (2-0)","description":"Bar\u00e7a Femen\u00ed lifted their fifth consecutive Spanish Super Cup after defeating Real Madrid. Esmee Brugts and Alexia Putellas scored for the Catalans","robots":{"index":"index","follow":"follow","max-snippet":"max-snippet:-1","max-image-preview":"max-image-preview:large","max-video-preview":"max-video-preview:-1"},"canonical":"https:\/\/www.fcbarcelonanoticias.com\/en\/womens-football\/barca-femeni-wins-clasico-and-the-supercopa-2-0_315828_102.html","og_locale":"en_US","og_type":"article","og_title":"Bar\u00e7a Femen\u00ed Wins El Cl\u00e1sico and the Supercopa (2-0)","og_description":"Bar\u00e7a Femen\u00ed lifted their fifth consecutive Spanish Super Cup after defeating Real Madrid. Esmee Brugts and Alexia Putellas scored for the Catalans","og_url":"https:\/\/www.fcbarcelonanoticias.com\/en\/womens-football\/barca-femeni-wins-clasico-and-the-supercopa-2-0_315828_102.html","og_site_name":"EN - FC Barcelona Noticias","article_published_time":"2026-01-24T21:30:00+00:00","article_modified_time":"2026-01-24T23:16:00+00:00","og_image":[{"width":1300,"height":732,"url":"https:\/\/www.fcbarcelonanoticias.com\/en\/wp-content\/uploads\/sites\/2\/2026\/01\/barca-femeni-supercopa-espana-2026.jpeg","type":"image\/jpeg"}],"author":"Andr\u00e9s Quiroz","twitter_card":"summary_large_image","twitter_misc":{"Written by":"Andr\u00e9s Quiroz","Est. reading time":"1 minute"},"schema":{"@context":"https:\/\/schema.org","@graph":[{"@type":"Article","@id":"https:\/\/www.fcbarcelonanoticias.com\/en\/womens-football\/barca-femeni-wins-clasico-and-the-supercopa-2-0_315828_102.html#article","isPartOf":{"@id":"https:\/\/www.fcbarcelonanoticias.com\/en\/womens-football\/barca-femeni-wins-clasico-and-the-supercopa-2-0_315828_102.html"},"author":{"name":"Andr\u00e9s Quiroz","@id":"https:\/\/www.fcbarcelonanoticias.com\/en\/#\/schema\/person\/c2cd9f6fa1af5c0d0eccd0fefa575c88"},"headline":"Bar\u00e7a Femen\u00ed Wins the Cl\u00e1sico and the Spanish Super Cup (2-0)","datePublished":"2026-01-24T21:30:00+00:00","dateModified":"2026-01-24T23:16:00+00:00","mainEntityOfPage":{"@id":"https:\/\/www.fcbarcelonanoticias.com\/en\/womens-football\/barca-femeni-wins-clasico-and-the-supercopa-2-0_315828_102.html"},"wordCount":201,"image":{"@id":"https:\/\/www.fcbarcelonanoticias.com\/en\/womens-football\/barca-femeni-wins-clasico-and-the-supercopa-2-0_315828_102.html#primaryimage"},"thumbnailUrl":"https:\/\/www.fcbarcelonanoticias.com\/en\/wp-content\/uploads\/sites\/2\/2026\/01\/barca-femeni-supercopa-espana-2026.jpeg","keywords":["FC Barcelona Women"],"articleSection":["Women's Football","Women's Football"],"inLanguage":"en-US"},{"@type":"WebPage","@id":"https:\/\/www.fcbarcelonanoticias.com\/en\/womens-football\/barca-femeni-wins-clasico-and-the-supercopa-2-0_315828_102.html","url":"https:\/\/www.fcbarcelonanoticias.com\/en\/womens-football\/barca-femeni-wins-clasico-and-the-supercopa-2-0_315828_102.html","name":"Bar\u00e7a Femen\u00ed Wins El Cl\u00e1sico and the Supercopa (2-0)","isPartOf":{"@id":"https:\/\/www.fcbarcelonanoticias.com\/en\/#website"},"primaryImageOfPage":{"@id":"https:\/\/www.fcbarcelonanoticias.com\/en\/womens-football\/barca-femeni-wins-clasico-and-the-supercopa-2-0_315828_102.html#primaryimage"},"image":{"@id":"https:\/\/www.fcbarcelonanoticias.com\/en\/womens-football\/barca-femeni-wins-clasico-and-the-supercopa-2-0_315828_102.html#primaryimage"},"thumbnailUrl":"https:\/\/www.fcbarcelonanoticias.com\/en\/wp-content\/uploads\/sites\/2\/2026\/01\/barca-femeni-supercopa-espana-2026.jpeg","datePublished":"2026-01-24T21:30:00+00:00","dateModified":"2026-01-24T23:16:00+00:00","author":{"@id":"https:\/\/www.fcbarcelonanoticias.com\/en\/#\/schema\/person\/c2cd9f6fa1af5c0d0eccd0fefa575c88"},"description":"Bar\u00e7a Femen\u00ed lifted their fifth consecutive Spanish Super Cup after defeating Real Madrid. Esmee Brugts and Alexia Putellas scored for the Catalans","breadcrumb":{"@id":"https:\/\/www.fcbarcelonanoticias.com\/en\/womens-football\/barca-femeni-wins-clasico-and-the-supercopa-2-0_315828_102.html#breadcrumb"},"inLanguage":"en-US","potentialAction":[{"@type":"ReadAction","target":["https:\/\/www.fcbarcelonanoticias.com\/en\/womens-football\/barca-femeni-wins-clasico-and-the-supercopa-2-0_315828_102.html"]}]},{"@type":"ImageObject","inLanguage":"en-US","@id":"https:\/\/www.fcbarcelonanoticias.com\/en\/womens-football\/barca-femeni-wins-clasico-and-the-supercopa-2-0_315828_102.html#primaryimage","url":"https:\/\/www.fcbarcelonanoticias.com\/en\/wp-content\/uploads\/sites\/2\/2026\/01\/barca-femeni-supercopa-espana-2026.jpeg","contentUrl":"https:\/\/www.fcbarcelonanoticias.com\/en\/wp-content\/uploads\/sites\/2\/2026\/01\/barca-femeni-supercopa-espana-2026.jpeg","width":1300,"height":732},{"@type":"BreadcrumbList","@id":"https:\/\/www.fcbarcelonanoticias.com\/en\/womens-football\/barca-femeni-wins-clasico-and-the-supercopa-2-0_315828_102.html#breadcrumb","itemListElement":[{"@type":"ListItem","position":1,"name":"Portada","item":"https:\/\/www.fcbarcelonanoticias.com\/en\/"},{"@type":"ListItem","position":2,"name":"Bar\u00e7a Femen\u00ed Wins the Cl\u00e1sico and the Spanish Super Cup (2-0)"}]},{"@type":"WebSite","@id":"https:\/\/www.fcbarcelonanoticias.com\/en\/#website","url":"https:\/\/www.fcbarcelonanoticias.com\/en\/","name":"EN - FC Barcelona Noticias","description":"","potentialAction":[{"@type":"SearchAction","target":{"@type":"EntryPoint","urlTemplate":"https:\/\/www.fcbarcelonanoticias.com\/en\/?s={search_term_string}"},"query-input":{"@type":"PropertyValueSpecification","valueRequired":true,"valueName":"search_term_string"}}],"inLanguage":"en-US"},{"@type":"Person","@id":"https:\/\/www.fcbarcelonanoticias.com\/en\/#\/schema\/person\/c2cd9f6fa1af5c0d0eccd0fefa575c88","name":"Andr\u00e9s Quiroz","image":{"@type":"ImageObject","inLanguage":"en-US","@id":"https:\/\/secure.gravatar.com\/avatar\/?s=96&d=mm&r=g","url":"https:\/\/secure.gravatar.com\/avatar\/?s=96&d=mm&r=g","contentUrl":"https:\/\/secure.gravatar.com\/avatar\/?s=96&d=mm&r=g","caption":"Andr\u00e9s Quiroz"},"description":"Licenciado en Periodismo por la Universidad de los Andes. Me encargo de analizar y compartir los contenidos m\u00e1s destacados de la\u00a0actualidad del F\u00fatbol Club Barcelona, Mercado de Fichajes y F\u00fatbol Internacional en FCBN. La informaci\u00f3n es poder, pero tambi\u00e9n conocimiento.","url":"https:\/\/www.fcbarcelonanoticias.com\/en\/fc-barcelona\/andres-quiroz_17_115.html"}]}},"_links":{"self":[{"href":"https:\/\/www.fcbarcelonanoticias.com\/en\/wp-json\/wp\/v2\/posts\/145038","targetHints":{"allow":["GET"]}}],"collection":[{"href":"https:\/\/www.fcbarcelonanoticias.com\/en\/wp-json\/wp\/v2\/posts"}],"about":[{"href":"https:\/\/www.fcbarcelonanoticias.com\/en\/wp-json\/wp\/v2\/types\/post"}],"author":[{"embeddable":true,"href":"https:\/\/www.fcbarcelonanoticias.com\/en\/wp-json\/wp\/v2\/users\/347"}],"replies":[{"embeddable":true,"href":"https:\/\/www.fcbarcelonanoticias.com\/en\/wp-json\/wp\/v2\/comments?post=145038"}],"version-history":[{"count":1,"href":"https:\/\/www.fcbarcelonanoticias.com\/en\/wp-json\/wp\/v2\/posts\/145038\/revisions"}],"predecessor-version":[{"id":146776,"href":"https:\/\/www.fcbarcelonanoticias.com\/en\/wp-json\/wp\/v2\/posts\/145038\/revisions\/146776"}],"wp:featuredmedia":[{"embeddable":true,"href":"https:\/\/www.fcbarcelonanoticias.com\/en\/wp-json\/wp\/v2\/media\/145039"}],"wp:attachment":[{"href":"https:\/\/www.fcbarcelonanoticias.com\/en\/wp-json\/wp\/v2\/media?parent=145038"}],"wp:term":[{"taxonomy":"category","embeddable":true,"href":"https:\/\/www.fcbarcelonanoticias.com\/en\/wp-json\/wp\/v2\/categories?post=145038"},{"taxonomy":"post_tag","embeddable":true,"href":"https:\/\/www.fcbarcelonanoticias.com\/en\/wp-json\/wp\/v2\/tags?post=145038"}],"curies":[{"name":"wp","href":"https:\/\/api.w.org\/{rel}","templated":true}]}}