{"id":14510,"date":"2023-10-29T14:50:00","date_gmt":"2023-10-29T13:50:00","guid":{"rendered":"https:\/\/weisetech.dev\/fc-barcelona-noticias\/en\/barca-sets-specific-date-for-the-return-of-frenkie-jong-and-pedri_297563_102\/"},"modified":"2023-10-29T14:50:00","modified_gmt":"2023-10-29T13:50:00","slug":"barca-sets-specific-date-for-the-return-of-frenkie-jong-and-pedri_297563_102","status":"publish","type":"post","link":"https:\/\/www.fcbarcelonanoticias.com\/en\/fc-barcelona\/barca-sets-specific-date-for-the-return-of-frenkie-jong-and-pedri_297563_102.html","title":{"rendered":"Bar\u00e7a sets a specific date for the return of Frenkie de Jong and Pedri"},"content":{"rendered":"<h2 class=\"wp-block-heading\">Frenkie de Jong and Pedri are two names that are missed in Bar\u00e7a&#8217;s core area.  Both midfielders are recovering from their respective injuries and are expected to return to the Bar\u00e7a dynamic soon, possibly for the next LaLiga match against Real Sociedad<\/h2>  \r\n<div class=\"article-addons\">\r\n    <a href=\"https:\/\/www.fcbarcelonanoticias.com\/en\/calendar-fc-barcelona.html\"\r\n       target=\"_self\"\r\n       title=\"Calendar of FC Barcelona\"\r\n       class=\"blue-gredient-btn\">\r\n       \r\n        Calendar of FC Barcelona    <\/a>\r\n<\/div>   <p>The FC Barcelona will have to make a fresh start quickly after the defeat in front of the Real Madrid (1-2), <strong>since avecina a complicated clash against the Real Sociedad in the Reale Sand<\/strong>. The cast donostiarra finds in good form, what does that the crossing present as complicated for the Barcelona. <strong>However, Xavi Hern\u00e1ndez could explain two high important<\/strong>.<\/p>  <p>For the Classical, so much <a data-external=\"0\" data-intl-links-en=\"https:\/\/www.fcbarcelonanoticias.com\/en\/fc-barcelona\/barca-smiles-with-the-miraculous-recoveries-of-lewandowski-raphinha-and-kounde_297526_102.html\" data-intl-links-es=\"https:\/\/www.fcbarcelonanoticias.com\/fc-barcelona\/barca-sonrie-con-milagrosas-recuperaciones-lewandowski-raphinha-kounde_297526_102.html\" href=\"https:\/\/www.fcbarcelonanoticias.com\/en\/fc-barcelona\/barca-smiles-with-the-miraculous-recoveries-of-lewandowski-raphinha-and-kounde_297526_102.html\" rel=\"follow\" target=\"_self\" title=\"El profesionalismo de Lewandowski, Kound\u00e9 y Raphinha enorgullece al Bar\u00e7a\">Robert Lewandowski like Raphinha and Jules Kound\u00e9 apuraron his physical recovery<\/a> to be available in the announcement of the technician of Terrassa. Nevertheless, there were two names that remained was and <strong>missed in the party against the Real Madrid: Frenkie of Jong and Pedri Gonz\u00e1lez<\/strong>. Both are stellar reinforcements in the centre of the field and expects that they can form part of the combined Catalan in the clash against the group of Imanol Bailiff.<\/p>  <p>From the City Condal, <strong>do not want to run risks regarding possible relapses in the injuries of both players<\/strong>. they are evaluating His feelings and is them giving the opportunity to decide when return. <a data-external=\"0\" data-intl-links-en=\"https:\/\/www.fcbarcelonanoticias.com\/en\/players\/pedri-frenkie-jong-sergi-roberto-se-ran-without-barca-madrid_297520_102.html\" data-intl-links-es=\"https:\/\/www.fcbarcelonanoticias.com\/jugadores\/pedri-frenkie-jong-sergi-roberto-se-quedan-sin-barca-madrid_297520_102.html\" href=\"https:\/\/www.fcbarcelonanoticias.com\/en\/players\/pedri-frenkie-jong-sergi-roberto-se-ran-without-barca-madrid_297520_102.html\" rel=\"follow\" target=\"_self\" title=\"Pedri, Frenkie de Jong y Sergi Roberto se quedaron sin Bar\u00e7a-Madrid\">Although they trained previous to the party against the white group<\/a>, finally were not in conditions to be summoned. However, they showed signals that his definite recovery could be near.<\/p>  <h2>Pedri And Of Jong, keys for &#8216;oxigenar&#8217; the half field of the Bar\u00e7a<\/h2>  <p><strong>Although the Barcelona medullary zone has been very covered in offensive terms by Gavi, Ilkay G\u00fcndogan and the surprising Ferm\u00edn L\u00f3pez<\/strong>, is evident that the Barcelona picture needs to have spare in this position because of the physical wear. In fact, in the second half of the party against the Real Madrid, noticed the fault of energy, what allowed to the whites take advantage of his best physical state and mark the difference.<\/p>  <p>Therefore, <strong>it is vital to have a wider staff to give rest so much to the German midfield player (1.181&#8242;) as to the Andalusian (1.001&#8242;), <\/strong>those who accumulate a lot of minutes this season beside Ter Stegen. It is necessary that so much Pedri like Frenkie of Jong return, since in addition to offering depth to the team, contribute the necessary quality in any staff, especially in important parties like the next against the Real Sociedad. Although it has not confirmed his presence, there is big hopes that they can be available.<\/p> ","protected":false},"excerpt":{"rendered":"<p>Frenkie de Jong and Pedri are two names that are missed in Bar\u00e7a&#8217;s core area. Both midfielders are recovering from their respective injuries and are expected to return to the Bar\u00e7a dynamic soon, possibly for the next LaLiga match against Real Sociedad The FC Barcelona will have to make a fresh start quickly after the [&hellip;]<\/p>\n","protected":false},"author":355,"featured_media":14511,"comment_status":"closed","ping_status":"open","sticky":false,"template":"","format":"standard","meta":{"_acf_changed":false,"inline_featured_image":false,"_nextfly_llmd_date_locked":false,"footnotes":""},"categories":[111],"tags":[72],"class_list":["post-14510","post","type-post","status-publish","format-standard","has-post-thumbnail","hentry","category-fc-barcelona","tag-real-sociedad"],"acf":[],"yoast_head":"<!-- This site is optimized with the Yoast SEO plugin v27.3 - https:\/\/yoast.com\/product\/yoast-seo-wordpress\/ -->\n<title>Bar\u00e7a sets a specific date for the return of Frenkie de Jong and Pedri<\/title>\n<meta name=\"description\" content=\"Frenkie de Jong and Pedri are two names that are missed in Bar\u00e7a&#039;s core area. Both midfielders are recovering from their respective injuries and are expected to return to the Bar\u00e7a dynamic soon, possibly for the next LaLiga match against Real Sociedad\" \/>\n<meta name=\"robots\" content=\"index, follow, max-snippet:-1, max-image-preview:large, max-video-preview:-1\" \/>\n<link rel=\"canonical\" href=\"https:\/\/www.fcbarcelonanoticias.com\/en\/fc-barcelona\/barca-sets-specific-date-for-the-return-of-frenkie-jong-and-pedri_297563_102.html\" \/>\n<meta property=\"og:locale\" content=\"en_US\" \/>\n<meta property=\"og:type\" content=\"article\" \/>\n<meta property=\"og:title\" content=\"Bar\u00e7a sets a specific date for the return of Frenkie de Jong and Pedri\" \/>\n<meta property=\"og:description\" content=\"Frenkie de Jong and Pedri are two names that are missed in Bar\u00e7a&#039;s core area. Both midfielders are recovering from their respective injuries and are expected to return to the Bar\u00e7a dynamic soon, possibly for the next LaLiga match against Real Sociedad\" \/>\n<meta property=\"og:url\" content=\"https:\/\/www.fcbarcelonanoticias.com\/en\/fc-barcelona\/barca-sets-specific-date-for-the-return-of-frenkie-jong-and-pedri_297563_102.html\" \/>\n<meta property=\"og:site_name\" content=\"EN - FC Barcelona Noticias\" \/>\n<meta property=\"article:published_time\" content=\"2023-10-29T13:50:00+00:00\" \/>\n<meta property=\"og:image\" content=\"https:\/\/www.fcbarcelonanoticias.com\/en\/wp-content\/uploads\/sites\/2\/2023\/10\/pedri-de-jong-sergi.jpeg\" \/>\n\t<meta property=\"og:image:width\" content=\"1300\" \/>\n\t<meta property=\"og:image:height\" content=\"733\" \/>\n\t<meta property=\"og:image:type\" content=\"image\/jpeg\" \/>\n<meta name=\"author\" content=\"Kevin G\u00f3mez\" \/>\n<meta name=\"twitter:card\" content=\"summary_large_image\" \/>\n<meta name=\"twitter:label1\" content=\"Written by\" \/>\n\t<meta name=\"twitter:data1\" content=\"Kevin G\u00f3mez\" \/>\n\t<meta name=\"twitter:label2\" content=\"Est. reading time\" \/>\n\t<meta name=\"twitter:data2\" content=\"2 minutes\" \/>\n<script type=\"application\/ld+json\" class=\"yoast-schema-graph\">{\"@context\":\"https:\\\/\\\/schema.org\",\"@graph\":[{\"@type\":\"Article\",\"@id\":\"https:\\\/\\\/www.fcbarcelonanoticias.com\\\/en\\\/fc-barcelona\\\/barca-sets-specific-date-for-the-return-of-frenkie-jong-and-pedri_297563_102.html#article\",\"isPartOf\":{\"@id\":\"https:\\\/\\\/www.fcbarcelonanoticias.com\\\/en\\\/fc-barcelona\\\/barca-sets-specific-date-for-the-return-of-frenkie-jong-and-pedri_297563_102.html\"},\"author\":{\"name\":\"Kevin G\u00f3mez\",\"@id\":\"https:\\\/\\\/www.fcbarcelonanoticias.com\\\/en\\\/#\\\/schema\\\/person\\\/991443f134df9a64c6874f96ff984c9d\"},\"headline\":\"Bar\u00e7a sets a specific date for the return of Frenkie de Jong and Pedri\",\"datePublished\":\"2023-10-29T13:50:00+00:00\",\"mainEntityOfPage\":{\"@id\":\"https:\\\/\\\/www.fcbarcelonanoticias.com\\\/en\\\/fc-barcelona\\\/barca-sets-specific-date-for-the-return-of-frenkie-jong-and-pedri_297563_102.html\"},\"wordCount\":446,\"image\":{\"@id\":\"https:\\\/\\\/www.fcbarcelonanoticias.com\\\/en\\\/fc-barcelona\\\/barca-sets-specific-date-for-the-return-of-frenkie-jong-and-pedri_297563_102.html#primaryimage\"},\"thumbnailUrl\":\"https:\\\/\\\/www.fcbarcelonanoticias.com\\\/en\\\/wp-content\\\/uploads\\\/sites\\\/2\\\/2023\\\/10\\\/pedri-de-jong-sergi.jpeg\",\"keywords\":[\"Real Sociedad\"],\"articleSection\":[\"FC Barcelona\"],\"inLanguage\":\"en-US\"},{\"@type\":\"WebPage\",\"@id\":\"https:\\\/\\\/www.fcbarcelonanoticias.com\\\/en\\\/fc-barcelona\\\/barca-sets-specific-date-for-the-return-of-frenkie-jong-and-pedri_297563_102.html\",\"url\":\"https:\\\/\\\/www.fcbarcelonanoticias.com\\\/en\\\/fc-barcelona\\\/barca-sets-specific-date-for-the-return-of-frenkie-jong-and-pedri_297563_102.html\",\"name\":\"Bar\u00e7a sets a specific date for the return of Frenkie de Jong and Pedri\",\"isPartOf\":{\"@id\":\"https:\\\/\\\/www.fcbarcelonanoticias.com\\\/en\\\/#website\"},\"primaryImageOfPage\":{\"@id\":\"https:\\\/\\\/www.fcbarcelonanoticias.com\\\/en\\\/fc-barcelona\\\/barca-sets-specific-date-for-the-return-of-frenkie-jong-and-pedri_297563_102.html#primaryimage\"},\"image\":{\"@id\":\"https:\\\/\\\/www.fcbarcelonanoticias.com\\\/en\\\/fc-barcelona\\\/barca-sets-specific-date-for-the-return-of-frenkie-jong-and-pedri_297563_102.html#primaryimage\"},\"thumbnailUrl\":\"https:\\\/\\\/www.fcbarcelonanoticias.com\\\/en\\\/wp-content\\\/uploads\\\/sites\\\/2\\\/2023\\\/10\\\/pedri-de-jong-sergi.jpeg\",\"datePublished\":\"2023-10-29T13:50:00+00:00\",\"author\":{\"@id\":\"https:\\\/\\\/www.fcbarcelonanoticias.com\\\/en\\\/#\\\/schema\\\/person\\\/991443f134df9a64c6874f96ff984c9d\"},\"description\":\"Frenkie de Jong and Pedri are two names that are missed in Bar\u00e7a's core area. Both midfielders are recovering from their respective injuries and are expected to return to the Bar\u00e7a dynamic soon, possibly for the next LaLiga match against Real Sociedad\",\"breadcrumb\":{\"@id\":\"https:\\\/\\\/www.fcbarcelonanoticias.com\\\/en\\\/fc-barcelona\\\/barca-sets-specific-date-for-the-return-of-frenkie-jong-and-pedri_297563_102.html#breadcrumb\"},\"inLanguage\":\"en-US\",\"potentialAction\":[{\"@type\":\"ReadAction\",\"target\":[\"https:\\\/\\\/www.fcbarcelonanoticias.com\\\/en\\\/fc-barcelona\\\/barca-sets-specific-date-for-the-return-of-frenkie-jong-and-pedri_297563_102.html\"]}]},{\"@type\":\"ImageObject\",\"inLanguage\":\"en-US\",\"@id\":\"https:\\\/\\\/www.fcbarcelonanoticias.com\\\/en\\\/fc-barcelona\\\/barca-sets-specific-date-for-the-return-of-frenkie-jong-and-pedri_297563_102.html#primaryimage\",\"url\":\"https:\\\/\\\/www.fcbarcelonanoticias.com\\\/en\\\/wp-content\\\/uploads\\\/sites\\\/2\\\/2023\\\/10\\\/pedri-de-jong-sergi.jpeg\",\"contentUrl\":\"https:\\\/\\\/www.fcbarcelonanoticias.com\\\/en\\\/wp-content\\\/uploads\\\/sites\\\/2\\\/2023\\\/10\\\/pedri-de-jong-sergi.jpeg\",\"width\":1300,\"height\":733},{\"@type\":\"BreadcrumbList\",\"@id\":\"https:\\\/\\\/www.fcbarcelonanoticias.com\\\/en\\\/fc-barcelona\\\/barca-sets-specific-date-for-the-return-of-frenkie-jong-and-pedri_297563_102.html#breadcrumb\",\"itemListElement\":[{\"@type\":\"ListItem\",\"position\":1,\"name\":\"Portada\",\"item\":\"https:\\\/\\\/www.fcbarcelonanoticias.com\\\/en\\\/\"},{\"@type\":\"ListItem\",\"position\":2,\"name\":\"Bar\u00e7a sets a specific date for the return of Frenkie de Jong and Pedri\"}]},{\"@type\":\"WebSite\",\"@id\":\"https:\\\/\\\/www.fcbarcelonanoticias.com\\\/en\\\/#website\",\"url\":\"https:\\\/\\\/www.fcbarcelonanoticias.com\\\/en\\\/\",\"name\":\"EN - FC Barcelona Noticias\",\"description\":\"\",\"potentialAction\":[{\"@type\":\"SearchAction\",\"target\":{\"@type\":\"EntryPoint\",\"urlTemplate\":\"https:\\\/\\\/www.fcbarcelonanoticias.com\\\/en\\\/?s={search_term_string}\"},\"query-input\":{\"@type\":\"PropertyValueSpecification\",\"valueRequired\":true,\"valueName\":\"search_term_string\"}}],\"inLanguage\":\"en-US\"},{\"@type\":\"Person\",\"@id\":\"https:\\\/\\\/www.fcbarcelonanoticias.com\\\/en\\\/#\\\/schema\\\/person\\\/991443f134df9a64c6874f96ff984c9d\",\"name\":\"Kevin G\u00f3mez\",\"image\":{\"@type\":\"ImageObject\",\"inLanguage\":\"en-US\",\"@id\":\"https:\\\/\\\/secure.gravatar.com\\\/avatar\\\/?s=96&d=mm&r=g\",\"url\":\"https:\\\/\\\/secure.gravatar.com\\\/avatar\\\/?s=96&d=mm&r=g\",\"contentUrl\":\"https:\\\/\\\/secure.gravatar.com\\\/avatar\\\/?s=96&d=mm&r=g\",\"caption\":\"Kevin G\u00f3mez\"},\"description\":\"Licenciado\u00a0en Periodismo y Comunicaci\u00f3n Audiovisual. Redactor en FCBN responsable de cubrir toda\u00a0la informaci\u00f3n del FC Barcelona y las principales competiciones de\u00a0f\u00fatbol.\",\"url\":\"https:\\\/\\\/www.fcbarcelonanoticias.com\\\/en\\\/jugadores\\\/kevin-gomez_23_115.html\"}]}<\/script>\n<!-- \/ Yoast SEO plugin. -->","yoast_head_json":{"title":"Bar\u00e7a sets a specific date for the return of Frenkie de Jong and Pedri","description":"Frenkie de Jong and Pedri are two names that are missed in Bar\u00e7a's core area. Both midfielders are recovering from their respective injuries and are expected to return to the Bar\u00e7a dynamic soon, possibly for the next LaLiga match against Real Sociedad","robots":{"index":"index","follow":"follow","max-snippet":"max-snippet:-1","max-image-preview":"max-image-preview:large","max-video-preview":"max-video-preview:-1"},"canonical":"https:\/\/www.fcbarcelonanoticias.com\/en\/fc-barcelona\/barca-sets-specific-date-for-the-return-of-frenkie-jong-and-pedri_297563_102.html","og_locale":"en_US","og_type":"article","og_title":"Bar\u00e7a sets a specific date for the return of Frenkie de Jong and Pedri","og_description":"Frenkie de Jong and Pedri are two names that are missed in Bar\u00e7a's core area. Both midfielders are recovering from their respective injuries and are expected to return to the Bar\u00e7a dynamic soon, possibly for the next LaLiga match against Real Sociedad","og_url":"https:\/\/www.fcbarcelonanoticias.com\/en\/fc-barcelona\/barca-sets-specific-date-for-the-return-of-frenkie-jong-and-pedri_297563_102.html","og_site_name":"EN - FC Barcelona Noticias","article_published_time":"2023-10-29T13:50:00+00:00","og_image":[{"width":1300,"height":733,"url":"https:\/\/www.fcbarcelonanoticias.com\/en\/wp-content\/uploads\/sites\/2\/2023\/10\/pedri-de-jong-sergi.jpeg","type":"image\/jpeg"}],"author":"Kevin G\u00f3mez","twitter_card":"summary_large_image","twitter_misc":{"Written by":"Kevin G\u00f3mez","Est. reading time":"2 minutes"},"schema":{"@context":"https:\/\/schema.org","@graph":[{"@type":"Article","@id":"https:\/\/www.fcbarcelonanoticias.com\/en\/fc-barcelona\/barca-sets-specific-date-for-the-return-of-frenkie-jong-and-pedri_297563_102.html#article","isPartOf":{"@id":"https:\/\/www.fcbarcelonanoticias.com\/en\/fc-barcelona\/barca-sets-specific-date-for-the-return-of-frenkie-jong-and-pedri_297563_102.html"},"author":{"name":"Kevin G\u00f3mez","@id":"https:\/\/www.fcbarcelonanoticias.com\/en\/#\/schema\/person\/991443f134df9a64c6874f96ff984c9d"},"headline":"Bar\u00e7a sets a specific date for the return of Frenkie de Jong and Pedri","datePublished":"2023-10-29T13:50:00+00:00","mainEntityOfPage":{"@id":"https:\/\/www.fcbarcelonanoticias.com\/en\/fc-barcelona\/barca-sets-specific-date-for-the-return-of-frenkie-jong-and-pedri_297563_102.html"},"wordCount":446,"image":{"@id":"https:\/\/www.fcbarcelonanoticias.com\/en\/fc-barcelona\/barca-sets-specific-date-for-the-return-of-frenkie-jong-and-pedri_297563_102.html#primaryimage"},"thumbnailUrl":"https:\/\/www.fcbarcelonanoticias.com\/en\/wp-content\/uploads\/sites\/2\/2023\/10\/pedri-de-jong-sergi.jpeg","keywords":["Real Sociedad"],"articleSection":["FC Barcelona"],"inLanguage":"en-US"},{"@type":"WebPage","@id":"https:\/\/www.fcbarcelonanoticias.com\/en\/fc-barcelona\/barca-sets-specific-date-for-the-return-of-frenkie-jong-and-pedri_297563_102.html","url":"https:\/\/www.fcbarcelonanoticias.com\/en\/fc-barcelona\/barca-sets-specific-date-for-the-return-of-frenkie-jong-and-pedri_297563_102.html","name":"Bar\u00e7a sets a specific date for the return of Frenkie de Jong and Pedri","isPartOf":{"@id":"https:\/\/www.fcbarcelonanoticias.com\/en\/#website"},"primaryImageOfPage":{"@id":"https:\/\/www.fcbarcelonanoticias.com\/en\/fc-barcelona\/barca-sets-specific-date-for-the-return-of-frenkie-jong-and-pedri_297563_102.html#primaryimage"},"image":{"@id":"https:\/\/www.fcbarcelonanoticias.com\/en\/fc-barcelona\/barca-sets-specific-date-for-the-return-of-frenkie-jong-and-pedri_297563_102.html#primaryimage"},"thumbnailUrl":"https:\/\/www.fcbarcelonanoticias.com\/en\/wp-content\/uploads\/sites\/2\/2023\/10\/pedri-de-jong-sergi.jpeg","datePublished":"2023-10-29T13:50:00+00:00","author":{"@id":"https:\/\/www.fcbarcelonanoticias.com\/en\/#\/schema\/person\/991443f134df9a64c6874f96ff984c9d"},"description":"Frenkie de Jong and Pedri are two names that are missed in Bar\u00e7a's core area. Both midfielders are recovering from their respective injuries and are expected to return to the Bar\u00e7a dynamic soon, possibly for the next LaLiga match against Real Sociedad","breadcrumb":{"@id":"https:\/\/www.fcbarcelonanoticias.com\/en\/fc-barcelona\/barca-sets-specific-date-for-the-return-of-frenkie-jong-and-pedri_297563_102.html#breadcrumb"},"inLanguage":"en-US","potentialAction":[{"@type":"ReadAction","target":["https:\/\/www.fcbarcelonanoticias.com\/en\/fc-barcelona\/barca-sets-specific-date-for-the-return-of-frenkie-jong-and-pedri_297563_102.html"]}]},{"@type":"ImageObject","inLanguage":"en-US","@id":"https:\/\/www.fcbarcelonanoticias.com\/en\/fc-barcelona\/barca-sets-specific-date-for-the-return-of-frenkie-jong-and-pedri_297563_102.html#primaryimage","url":"https:\/\/www.fcbarcelonanoticias.com\/en\/wp-content\/uploads\/sites\/2\/2023\/10\/pedri-de-jong-sergi.jpeg","contentUrl":"https:\/\/www.fcbarcelonanoticias.com\/en\/wp-content\/uploads\/sites\/2\/2023\/10\/pedri-de-jong-sergi.jpeg","width":1300,"height":733},{"@type":"BreadcrumbList","@id":"https:\/\/www.fcbarcelonanoticias.com\/en\/fc-barcelona\/barca-sets-specific-date-for-the-return-of-frenkie-jong-and-pedri_297563_102.html#breadcrumb","itemListElement":[{"@type":"ListItem","position":1,"name":"Portada","item":"https:\/\/www.fcbarcelonanoticias.com\/en\/"},{"@type":"ListItem","position":2,"name":"Bar\u00e7a sets a specific date for the return of Frenkie de Jong and Pedri"}]},{"@type":"WebSite","@id":"https:\/\/www.fcbarcelonanoticias.com\/en\/#website","url":"https:\/\/www.fcbarcelonanoticias.com\/en\/","name":"EN - FC Barcelona Noticias","description":"","potentialAction":[{"@type":"SearchAction","target":{"@type":"EntryPoint","urlTemplate":"https:\/\/www.fcbarcelonanoticias.com\/en\/?s={search_term_string}"},"query-input":{"@type":"PropertyValueSpecification","valueRequired":true,"valueName":"search_term_string"}}],"inLanguage":"en-US"},{"@type":"Person","@id":"https:\/\/www.fcbarcelonanoticias.com\/en\/#\/schema\/person\/991443f134df9a64c6874f96ff984c9d","name":"Kevin G\u00f3mez","image":{"@type":"ImageObject","inLanguage":"en-US","@id":"https:\/\/secure.gravatar.com\/avatar\/?s=96&d=mm&r=g","url":"https:\/\/secure.gravatar.com\/avatar\/?s=96&d=mm&r=g","contentUrl":"https:\/\/secure.gravatar.com\/avatar\/?s=96&d=mm&r=g","caption":"Kevin G\u00f3mez"},"description":"Licenciado\u00a0en Periodismo y Comunicaci\u00f3n Audiovisual. Redactor en FCBN responsable de cubrir toda\u00a0la informaci\u00f3n del FC Barcelona y las principales competiciones de\u00a0f\u00fatbol.","url":"https:\/\/www.fcbarcelonanoticias.com\/en\/jugadores\/kevin-gomez_23_115.html"}]}},"_links":{"self":[{"href":"https:\/\/www.fcbarcelonanoticias.com\/en\/wp-json\/wp\/v2\/posts\/14510","targetHints":{"allow":["GET"]}}],"collection":[{"href":"https:\/\/www.fcbarcelonanoticias.com\/en\/wp-json\/wp\/v2\/posts"}],"about":[{"href":"https:\/\/www.fcbarcelonanoticias.com\/en\/wp-json\/wp\/v2\/types\/post"}],"author":[{"embeddable":true,"href":"https:\/\/www.fcbarcelonanoticias.com\/en\/wp-json\/wp\/v2\/users\/355"}],"replies":[{"embeddable":true,"href":"https:\/\/www.fcbarcelonanoticias.com\/en\/wp-json\/wp\/v2\/comments?post=14510"}],"version-history":[{"count":1,"href":"https:\/\/www.fcbarcelonanoticias.com\/en\/wp-json\/wp\/v2\/posts\/14510\/revisions"}],"predecessor-version":[{"id":102608,"href":"https:\/\/www.fcbarcelonanoticias.com\/en\/wp-json\/wp\/v2\/posts\/14510\/revisions\/102608"}],"wp:featuredmedia":[{"embeddable":true,"href":"https:\/\/www.fcbarcelonanoticias.com\/en\/wp-json\/wp\/v2\/media\/14511"}],"wp:attachment":[{"href":"https:\/\/www.fcbarcelonanoticias.com\/en\/wp-json\/wp\/v2\/media?parent=14510"}],"wp:term":[{"taxonomy":"category","embeddable":true,"href":"https:\/\/www.fcbarcelonanoticias.com\/en\/wp-json\/wp\/v2\/categories?post=14510"},{"taxonomy":"post_tag","embeddable":true,"href":"https:\/\/www.fcbarcelonanoticias.com\/en\/wp-json\/wp\/v2\/tags?post=14510"}],"curies":[{"name":"wp","href":"https:\/\/api.w.org\/{rel}","templated":true}]}}