{"id":145125,"date":"2023-11-16T20:48:00","date_gmt":"2023-11-16T19:48:00","guid":{"rendered":"https:\/\/weisetech.dev\/fc-barcelona-noticias\/en\/patri-guijarro-asks-var-in-the-champions-to-avoid-thefts-as-of-madrid_298152_102\/"},"modified":"2023-11-16T20:48:00","modified_gmt":"2023-11-16T19:48:00","slug":"patri-guijarro-asks-var-in-the-champions-to-avoid-thefts-as-of-madrid_298152_102","status":"publish","type":"post","link":"https:\/\/www.fcbarcelonanoticias.com\/en\/womens-football\/patri-guijarro-asks-var-in-the-champions-to-avoid-thefts-as-of-madrid_298152_102.html","title":{"rendered":"Patri Guijarro calls for VAR in the Champions League to prevent &#8216;thefts&#8217; like the one against Madrid"},"content":{"rendered":"<h2 class=\"wp-block-heading\">The footballers of the Bar\u00e7a Femen\u00ed know very well that they are a voice more than authorised and like this has showed it this Thursday one of his headlines, the midfield player Patri Pebble, when aiming the fault of VAR in the Champions<\/h2>  \r\n<div class=\"article-addons\">\r\n    <a href=\"https:\/\/www.fcbarcelonanoticias.com\/en\/calendar-fc-barcelona.html\"\r\n       target=\"_self\"\r\n       title=\"Calendar of FC Barcelona\"\r\n       class=\"blue-gredient-btn\">\r\n       \r\n        Calendar of FC Barcelona    <\/a>\r\n<\/div>   <p>Patri Pebble attended to the media in the previous of the Classical that the Bar\u00e7a Femen\u00ed will contest next Sunday (12:00 hours) in front of the Real Madrid, a duel that will contest in Montju\u00efc,<strong> something already accustomed by the Barcelona entity in important parties of the feminine team.<\/strong> Treating of the merengues like rivals, the mediocampista took advantage of to refer on<a data-external=\"0\" data-intl-links-en=\"https:\/\/www.fcbarcelonanoticias.com\/en\/real-madrid\/the-real-madrid-also-steal-in-the-champions-feminine_298135_102.html\" data-intl-links-es=\"https:\/\/www.fcbarcelonanoticias.com\/real-madrid\/real-madrid-tambien-roba-en-champions-femenina_298135_102.html\" href=\"https:\/\/www.fcbarcelonanoticias.com\/en\/real-madrid\/the-real-madrid-also-steal-in-the-champions-feminine_298135_102.html\" rel=\"follow\" target=\"_self\" title=\"El Real Madrid tambi\u00e9n 'roba' en la Champions femenina\"> the controversy caused by a penalti bad distinguished<\/a> to the white club in the Champions League.<\/p>  <p>And it is that in the competenci\u00f3n continental the UEFA opts by not to support in the VAR during the phase of groups in his feminine edition, <strong>something that allowed that the Madrid achieved the tie to fault of 10 minutes to finish the meeting.<\/strong> In front of this, Pebble did not doubt in mentioning that &#8220;Chelsea went with the feeling that if there was VAR, to see what had happened&#8221;, signalled.<\/p>  <h2>The Classical always represents a special party for the cul\u00e9s<\/h2>  <p>Equally the Barcelona footballer added that &#8220;these parties show that it is necessary because they can condition you points, the season and classify or no. It misses from already&#8221;, puntualiz\u00f3, leaving see to the UEFA that it will have to correct what before this decision. Already centring in the party in front of the merengues, <strong>his current perseguidoras in LaLiga after eight days, Patri stood out that &#8220;a Classical does that you are with more win&#8221;, valued.<\/strong><\/p>  <p>&#8220;We arrive with confidence. It is a pride and motivation to follow working that the players that come of other leagues and fichamos speak so well of me. Very appreciated by his words. Also we are it with the club for opening the stadium&#8221;, stood out the player. <strong>On this last point signalled equally that &#8220;ojal\u00e1 can fill Montju\u00efc and think that the people will encourage to come. It is important for us that encourage to come more people to the stadium&#8221;, sustained.<\/strong><\/p>  <h2>Patri Pebble and his return to the Spanish selection<\/h2>  <p>Finally the footballer of the Bar\u00e7a revealed how advances his possible return to the Spanish selection after what went his renunciation does a pair of months, even in the middle of a concentration. <strong>&#8220;I spoke with Montse Tom\u00e9 and there was good roll. Already I did them know that when it go to go back to the selection, will give the step to say it. For now, the changes are not sufficient&#8221;, resolved Pebble. <\/strong><\/p> ","protected":false},"excerpt":{"rendered":"<p>The footballers of the Bar\u00e7a Femen\u00ed know very well that they are a voice more than authorised and like this has showed it this Thursday one of his headlines, the midfield player Patri Pebble, when aiming the fault of VAR in the Champions Patri Pebble attended to the media in the previous of the Classical [&hellip;]<\/p>\n","protected":false},"author":345,"featured_media":145126,"comment_status":"closed","ping_status":"open","sticky":false,"template":"","format":"standard","meta":{"_acf_changed":false,"inline_featured_image":false,"_nextfly_llmd_date_locked":false,"footnotes":""},"categories":[120,458],"tags":[161,54],"class_list":["post-145125","post","type-post","status-publish","format-standard","has-post-thumbnail","hentry","category-womens-football","category-womens-football-2","tag-chelsea","tag-uefa"],"acf":[],"yoast_head":"<!-- This site is optimized with the Yoast SEO plugin v27.3 - https:\/\/yoast.com\/product\/yoast-seo-wordpress\/ -->\n<title>Patri Guijarro calls for VAR in the Champions League to prevent &#039;thefts&#039; like the one against Madrid<\/title>\n<meta name=\"description\" content=\"The footballers of the Bar\u00e7a Femen\u00ed know very well that they are a voice more than authorised and like this has showed it this Thursday one of his headlines, the midfield player Patri Pebble, when aiming the fault of VAR in the Champions\" \/>\n<meta name=\"robots\" content=\"index, follow, max-snippet:-1, max-image-preview:large, max-video-preview:-1\" \/>\n<link rel=\"canonical\" href=\"https:\/\/www.fcbarcelonanoticias.com\/en\/womens-football\/patri-guijarro-asks-var-in-the-champions-to-avoid-thefts-as-of-madrid_298152_102.html\" \/>\n<meta property=\"og:locale\" content=\"en_US\" \/>\n<meta property=\"og:type\" content=\"article\" \/>\n<meta property=\"og:title\" content=\"Patri Guijarro calls for VAR in the Champions League to prevent &#039;thefts&#039; like the one against Madrid\" \/>\n<meta property=\"og:description\" content=\"The footballers of the Bar\u00e7a Femen\u00ed know very well that they are a voice more than authorised and like this has showed it this Thursday one of his headlines, the midfield player Patri Pebble, when aiming the fault of VAR in the Champions\" \/>\n<meta property=\"og:url\" content=\"https:\/\/www.fcbarcelonanoticias.com\/en\/womens-football\/patri-guijarro-asks-var-in-the-champions-to-avoid-thefts-as-of-madrid_298152_102.html\" \/>\n<meta property=\"og:site_name\" content=\"EN - FC Barcelona Noticias\" \/>\n<meta property=\"article:published_time\" content=\"2023-11-16T19:48:00+00:00\" \/>\n<meta property=\"og:image\" content=\"https:\/\/www.fcbarcelonanoticias.com\/en\/wp-content\/uploads\/sites\/2\/2023\/11\/patri-guijarro-acto.jpeg\" \/>\n\t<meta property=\"og:image:width\" content=\"1300\" \/>\n\t<meta property=\"og:image:height\" content=\"732\" \/>\n\t<meta property=\"og:image:type\" content=\"image\/jpeg\" \/>\n<meta name=\"author\" content=\"Carlos Montenegro\" \/>\n<meta name=\"twitter:card\" content=\"summary_large_image\" \/>\n<meta name=\"twitter:label1\" content=\"Written by\" \/>\n\t<meta name=\"twitter:data1\" content=\"Carlos Montenegro\" \/>\n\t<meta name=\"twitter:label2\" content=\"Est. reading time\" \/>\n\t<meta name=\"twitter:data2\" content=\"2 minutes\" \/>\n<script type=\"application\/ld+json\" class=\"yoast-schema-graph\">{\"@context\":\"https:\\\/\\\/schema.org\",\"@graph\":[{\"@type\":\"Article\",\"@id\":\"https:\\\/\\\/www.fcbarcelonanoticias.com\\\/en\\\/womens-football\\\/patri-guijarro-asks-var-in-the-champions-to-avoid-thefts-as-of-madrid_298152_102.html#article\",\"isPartOf\":{\"@id\":\"https:\\\/\\\/www.fcbarcelonanoticias.com\\\/en\\\/womens-football\\\/patri-guijarro-asks-var-in-the-champions-to-avoid-thefts-as-of-madrid_298152_102.html\"},\"author\":{\"name\":\"Carlos Montenegro\",\"@id\":\"https:\\\/\\\/www.fcbarcelonanoticias.com\\\/en\\\/#\\\/schema\\\/person\\\/aa1d038709c262cb247e240f6b39bbf5\"},\"headline\":\"Patri Guijarro calls for VAR in the Champions League to prevent &#8216;thefts&#8217; like the one against Madrid\",\"datePublished\":\"2023-11-16T19:48:00+00:00\",\"mainEntityOfPage\":{\"@id\":\"https:\\\/\\\/www.fcbarcelonanoticias.com\\\/en\\\/womens-football\\\/patri-guijarro-asks-var-in-the-champions-to-avoid-thefts-as-of-madrid_298152_102.html\"},\"wordCount\":469,\"image\":{\"@id\":\"https:\\\/\\\/www.fcbarcelonanoticias.com\\\/en\\\/womens-football\\\/patri-guijarro-asks-var-in-the-champions-to-avoid-thefts-as-of-madrid_298152_102.html#primaryimage\"},\"thumbnailUrl\":\"https:\\\/\\\/www.fcbarcelonanoticias.com\\\/en\\\/wp-content\\\/uploads\\\/sites\\\/2\\\/2023\\\/11\\\/patri-guijarro-acto.jpeg\",\"keywords\":[\"Chelsea\",\"UEFA\"],\"articleSection\":[\"Women's Football\",\"Women's Football\"],\"inLanguage\":\"en-US\"},{\"@type\":\"WebPage\",\"@id\":\"https:\\\/\\\/www.fcbarcelonanoticias.com\\\/en\\\/womens-football\\\/patri-guijarro-asks-var-in-the-champions-to-avoid-thefts-as-of-madrid_298152_102.html\",\"url\":\"https:\\\/\\\/www.fcbarcelonanoticias.com\\\/en\\\/womens-football\\\/patri-guijarro-asks-var-in-the-champions-to-avoid-thefts-as-of-madrid_298152_102.html\",\"name\":\"Patri Guijarro calls for VAR in the Champions League to prevent 'thefts' like the one against Madrid\",\"isPartOf\":{\"@id\":\"https:\\\/\\\/www.fcbarcelonanoticias.com\\\/en\\\/#website\"},\"primaryImageOfPage\":{\"@id\":\"https:\\\/\\\/www.fcbarcelonanoticias.com\\\/en\\\/womens-football\\\/patri-guijarro-asks-var-in-the-champions-to-avoid-thefts-as-of-madrid_298152_102.html#primaryimage\"},\"image\":{\"@id\":\"https:\\\/\\\/www.fcbarcelonanoticias.com\\\/en\\\/womens-football\\\/patri-guijarro-asks-var-in-the-champions-to-avoid-thefts-as-of-madrid_298152_102.html#primaryimage\"},\"thumbnailUrl\":\"https:\\\/\\\/www.fcbarcelonanoticias.com\\\/en\\\/wp-content\\\/uploads\\\/sites\\\/2\\\/2023\\\/11\\\/patri-guijarro-acto.jpeg\",\"datePublished\":\"2023-11-16T19:48:00+00:00\",\"author\":{\"@id\":\"https:\\\/\\\/www.fcbarcelonanoticias.com\\\/en\\\/#\\\/schema\\\/person\\\/aa1d038709c262cb247e240f6b39bbf5\"},\"description\":\"The footballers of the Bar\u00e7a Femen\u00ed know very well that they are a voice more than authorised and like this has showed it this Thursday one of his headlines, the midfield player Patri Pebble, when aiming the fault of VAR in the Champions\",\"breadcrumb\":{\"@id\":\"https:\\\/\\\/www.fcbarcelonanoticias.com\\\/en\\\/womens-football\\\/patri-guijarro-asks-var-in-the-champions-to-avoid-thefts-as-of-madrid_298152_102.html#breadcrumb\"},\"inLanguage\":\"en-US\",\"potentialAction\":[{\"@type\":\"ReadAction\",\"target\":[\"https:\\\/\\\/www.fcbarcelonanoticias.com\\\/en\\\/womens-football\\\/patri-guijarro-asks-var-in-the-champions-to-avoid-thefts-as-of-madrid_298152_102.html\"]}]},{\"@type\":\"ImageObject\",\"inLanguage\":\"en-US\",\"@id\":\"https:\\\/\\\/www.fcbarcelonanoticias.com\\\/en\\\/womens-football\\\/patri-guijarro-asks-var-in-the-champions-to-avoid-thefts-as-of-madrid_298152_102.html#primaryimage\",\"url\":\"https:\\\/\\\/www.fcbarcelonanoticias.com\\\/en\\\/wp-content\\\/uploads\\\/sites\\\/2\\\/2023\\\/11\\\/patri-guijarro-acto.jpeg\",\"contentUrl\":\"https:\\\/\\\/www.fcbarcelonanoticias.com\\\/en\\\/wp-content\\\/uploads\\\/sites\\\/2\\\/2023\\\/11\\\/patri-guijarro-acto.jpeg\",\"width\":1300,\"height\":732},{\"@type\":\"BreadcrumbList\",\"@id\":\"https:\\\/\\\/www.fcbarcelonanoticias.com\\\/en\\\/womens-football\\\/patri-guijarro-asks-var-in-the-champions-to-avoid-thefts-as-of-madrid_298152_102.html#breadcrumb\",\"itemListElement\":[{\"@type\":\"ListItem\",\"position\":1,\"name\":\"Portada\",\"item\":\"https:\\\/\\\/www.fcbarcelonanoticias.com\\\/en\\\/\"},{\"@type\":\"ListItem\",\"position\":2,\"name\":\"Patri Guijarro calls for VAR in the Champions League to prevent &#8216;thefts&#8217; like the one against Madrid\"}]},{\"@type\":\"WebSite\",\"@id\":\"https:\\\/\\\/www.fcbarcelonanoticias.com\\\/en\\\/#website\",\"url\":\"https:\\\/\\\/www.fcbarcelonanoticias.com\\\/en\\\/\",\"name\":\"EN - FC Barcelona Noticias\",\"description\":\"\",\"potentialAction\":[{\"@type\":\"SearchAction\",\"target\":{\"@type\":\"EntryPoint\",\"urlTemplate\":\"https:\\\/\\\/www.fcbarcelonanoticias.com\\\/en\\\/?s={search_term_string}\"},\"query-input\":{\"@type\":\"PropertyValueSpecification\",\"valueRequired\":true,\"valueName\":\"search_term_string\"}}],\"inLanguage\":\"en-US\"},{\"@type\":\"Person\",\"@id\":\"https:\\\/\\\/www.fcbarcelonanoticias.com\\\/en\\\/#\\\/schema\\\/person\\\/aa1d038709c262cb247e240f6b39bbf5\",\"name\":\"Carlos Montenegro\",\"image\":{\"@type\":\"ImageObject\",\"inLanguage\":\"en-US\",\"@id\":\"https:\\\/\\\/secure.gravatar.com\\\/avatar\\\/?s=96&d=mm&r=g\",\"url\":\"https:\\\/\\\/secure.gravatar.com\\\/avatar\\\/?s=96&d=mm&r=g\",\"contentUrl\":\"https:\\\/\\\/secure.gravatar.com\\\/avatar\\\/?s=96&d=mm&r=g\",\"caption\":\"Carlos Montenegro\"},\"url\":\"https:\\\/\\\/www.fcbarcelonanoticias.com\\\/en\\\/carlos-montenegro_20_115.html\"}]}<\/script>\n<!-- \/ Yoast SEO plugin. -->","yoast_head_json":{"title":"Patri Guijarro calls for VAR in the Champions League to prevent 'thefts' like the one against Madrid","description":"The footballers of the Bar\u00e7a Femen\u00ed know very well that they are a voice more than authorised and like this has showed it this Thursday one of his headlines, the midfield player Patri Pebble, when aiming the fault of VAR in the Champions","robots":{"index":"index","follow":"follow","max-snippet":"max-snippet:-1","max-image-preview":"max-image-preview:large","max-video-preview":"max-video-preview:-1"},"canonical":"https:\/\/www.fcbarcelonanoticias.com\/en\/womens-football\/patri-guijarro-asks-var-in-the-champions-to-avoid-thefts-as-of-madrid_298152_102.html","og_locale":"en_US","og_type":"article","og_title":"Patri Guijarro calls for VAR in the Champions League to prevent 'thefts' like the one against Madrid","og_description":"The footballers of the Bar\u00e7a Femen\u00ed know very well that they are a voice more than authorised and like this has showed it this Thursday one of his headlines, the midfield player Patri Pebble, when aiming the fault of VAR in the Champions","og_url":"https:\/\/www.fcbarcelonanoticias.com\/en\/womens-football\/patri-guijarro-asks-var-in-the-champions-to-avoid-thefts-as-of-madrid_298152_102.html","og_site_name":"EN - FC Barcelona Noticias","article_published_time":"2023-11-16T19:48:00+00:00","og_image":[{"width":1300,"height":732,"url":"https:\/\/www.fcbarcelonanoticias.com\/en\/wp-content\/uploads\/sites\/2\/2023\/11\/patri-guijarro-acto.jpeg","type":"image\/jpeg"}],"author":"Carlos Montenegro","twitter_card":"summary_large_image","twitter_misc":{"Written by":"Carlos Montenegro","Est. reading time":"2 minutes"},"schema":{"@context":"https:\/\/schema.org","@graph":[{"@type":"Article","@id":"https:\/\/www.fcbarcelonanoticias.com\/en\/womens-football\/patri-guijarro-asks-var-in-the-champions-to-avoid-thefts-as-of-madrid_298152_102.html#article","isPartOf":{"@id":"https:\/\/www.fcbarcelonanoticias.com\/en\/womens-football\/patri-guijarro-asks-var-in-the-champions-to-avoid-thefts-as-of-madrid_298152_102.html"},"author":{"name":"Carlos Montenegro","@id":"https:\/\/www.fcbarcelonanoticias.com\/en\/#\/schema\/person\/aa1d038709c262cb247e240f6b39bbf5"},"headline":"Patri Guijarro calls for VAR in the Champions League to prevent &#8216;thefts&#8217; like the one against Madrid","datePublished":"2023-11-16T19:48:00+00:00","mainEntityOfPage":{"@id":"https:\/\/www.fcbarcelonanoticias.com\/en\/womens-football\/patri-guijarro-asks-var-in-the-champions-to-avoid-thefts-as-of-madrid_298152_102.html"},"wordCount":469,"image":{"@id":"https:\/\/www.fcbarcelonanoticias.com\/en\/womens-football\/patri-guijarro-asks-var-in-the-champions-to-avoid-thefts-as-of-madrid_298152_102.html#primaryimage"},"thumbnailUrl":"https:\/\/www.fcbarcelonanoticias.com\/en\/wp-content\/uploads\/sites\/2\/2023\/11\/patri-guijarro-acto.jpeg","keywords":["Chelsea","UEFA"],"articleSection":["Women's Football","Women's Football"],"inLanguage":"en-US"},{"@type":"WebPage","@id":"https:\/\/www.fcbarcelonanoticias.com\/en\/womens-football\/patri-guijarro-asks-var-in-the-champions-to-avoid-thefts-as-of-madrid_298152_102.html","url":"https:\/\/www.fcbarcelonanoticias.com\/en\/womens-football\/patri-guijarro-asks-var-in-the-champions-to-avoid-thefts-as-of-madrid_298152_102.html","name":"Patri Guijarro calls for VAR in the Champions League to prevent 'thefts' like the one against Madrid","isPartOf":{"@id":"https:\/\/www.fcbarcelonanoticias.com\/en\/#website"},"primaryImageOfPage":{"@id":"https:\/\/www.fcbarcelonanoticias.com\/en\/womens-football\/patri-guijarro-asks-var-in-the-champions-to-avoid-thefts-as-of-madrid_298152_102.html#primaryimage"},"image":{"@id":"https:\/\/www.fcbarcelonanoticias.com\/en\/womens-football\/patri-guijarro-asks-var-in-the-champions-to-avoid-thefts-as-of-madrid_298152_102.html#primaryimage"},"thumbnailUrl":"https:\/\/www.fcbarcelonanoticias.com\/en\/wp-content\/uploads\/sites\/2\/2023\/11\/patri-guijarro-acto.jpeg","datePublished":"2023-11-16T19:48:00+00:00","author":{"@id":"https:\/\/www.fcbarcelonanoticias.com\/en\/#\/schema\/person\/aa1d038709c262cb247e240f6b39bbf5"},"description":"The footballers of the Bar\u00e7a Femen\u00ed know very well that they are a voice more than authorised and like this has showed it this Thursday one of his headlines, the midfield player Patri Pebble, when aiming the fault of VAR in the Champions","breadcrumb":{"@id":"https:\/\/www.fcbarcelonanoticias.com\/en\/womens-football\/patri-guijarro-asks-var-in-the-champions-to-avoid-thefts-as-of-madrid_298152_102.html#breadcrumb"},"inLanguage":"en-US","potentialAction":[{"@type":"ReadAction","target":["https:\/\/www.fcbarcelonanoticias.com\/en\/womens-football\/patri-guijarro-asks-var-in-the-champions-to-avoid-thefts-as-of-madrid_298152_102.html"]}]},{"@type":"ImageObject","inLanguage":"en-US","@id":"https:\/\/www.fcbarcelonanoticias.com\/en\/womens-football\/patri-guijarro-asks-var-in-the-champions-to-avoid-thefts-as-of-madrid_298152_102.html#primaryimage","url":"https:\/\/www.fcbarcelonanoticias.com\/en\/wp-content\/uploads\/sites\/2\/2023\/11\/patri-guijarro-acto.jpeg","contentUrl":"https:\/\/www.fcbarcelonanoticias.com\/en\/wp-content\/uploads\/sites\/2\/2023\/11\/patri-guijarro-acto.jpeg","width":1300,"height":732},{"@type":"BreadcrumbList","@id":"https:\/\/www.fcbarcelonanoticias.com\/en\/womens-football\/patri-guijarro-asks-var-in-the-champions-to-avoid-thefts-as-of-madrid_298152_102.html#breadcrumb","itemListElement":[{"@type":"ListItem","position":1,"name":"Portada","item":"https:\/\/www.fcbarcelonanoticias.com\/en\/"},{"@type":"ListItem","position":2,"name":"Patri Guijarro calls for VAR in the Champions League to prevent &#8216;thefts&#8217; like the one against Madrid"}]},{"@type":"WebSite","@id":"https:\/\/www.fcbarcelonanoticias.com\/en\/#website","url":"https:\/\/www.fcbarcelonanoticias.com\/en\/","name":"EN - FC Barcelona Noticias","description":"","potentialAction":[{"@type":"SearchAction","target":{"@type":"EntryPoint","urlTemplate":"https:\/\/www.fcbarcelonanoticias.com\/en\/?s={search_term_string}"},"query-input":{"@type":"PropertyValueSpecification","valueRequired":true,"valueName":"search_term_string"}}],"inLanguage":"en-US"},{"@type":"Person","@id":"https:\/\/www.fcbarcelonanoticias.com\/en\/#\/schema\/person\/aa1d038709c262cb247e240f6b39bbf5","name":"Carlos Montenegro","image":{"@type":"ImageObject","inLanguage":"en-US","@id":"https:\/\/secure.gravatar.com\/avatar\/?s=96&d=mm&r=g","url":"https:\/\/secure.gravatar.com\/avatar\/?s=96&d=mm&r=g","contentUrl":"https:\/\/secure.gravatar.com\/avatar\/?s=96&d=mm&r=g","caption":"Carlos Montenegro"},"url":"https:\/\/www.fcbarcelonanoticias.com\/en\/carlos-montenegro_20_115.html"}]}},"_links":{"self":[{"href":"https:\/\/www.fcbarcelonanoticias.com\/en\/wp-json\/wp\/v2\/posts\/145125","targetHints":{"allow":["GET"]}}],"collection":[{"href":"https:\/\/www.fcbarcelonanoticias.com\/en\/wp-json\/wp\/v2\/posts"}],"about":[{"href":"https:\/\/www.fcbarcelonanoticias.com\/en\/wp-json\/wp\/v2\/types\/post"}],"author":[{"embeddable":true,"href":"https:\/\/www.fcbarcelonanoticias.com\/en\/wp-json\/wp\/v2\/users\/345"}],"replies":[{"embeddable":true,"href":"https:\/\/www.fcbarcelonanoticias.com\/en\/wp-json\/wp\/v2\/comments?post=145125"}],"version-history":[{"count":1,"href":"https:\/\/www.fcbarcelonanoticias.com\/en\/wp-json\/wp\/v2\/posts\/145125\/revisions"}],"predecessor-version":[{"id":146845,"href":"https:\/\/www.fcbarcelonanoticias.com\/en\/wp-json\/wp\/v2\/posts\/145125\/revisions\/146845"}],"wp:featuredmedia":[{"embeddable":true,"href":"https:\/\/www.fcbarcelonanoticias.com\/en\/wp-json\/wp\/v2\/media\/145126"}],"wp:attachment":[{"href":"https:\/\/www.fcbarcelonanoticias.com\/en\/wp-json\/wp\/v2\/media?parent=145125"}],"wp:term":[{"taxonomy":"category","embeddable":true,"href":"https:\/\/www.fcbarcelonanoticias.com\/en\/wp-json\/wp\/v2\/categories?post=145125"},{"taxonomy":"post_tag","embeddable":true,"href":"https:\/\/www.fcbarcelonanoticias.com\/en\/wp-json\/wp\/v2\/tags?post=145125"}],"curies":[{"name":"wp","href":"https:\/\/api.w.org\/{rel}","templated":true}]}}