{"id":145434,"date":"2025-05-13T21:51:00","date_gmt":"2025-05-13T19:51:00","guid":{"rendered":"https:\/\/weisetech.dev\/fc-barcelona-noticias\/en\/transfers-bayern-munich-overtakes-barcelona-in-the-race-for-jonathan-tah_312607_102\/"},"modified":"2025-05-13T21:52:00","modified_gmt":"2025-05-13T19:52:00","slug":"transfers-bayern-munich-overtakes-barcelona-in-the-race-for-jonathan-tah_312607_102","status":"publish","type":"post","link":"https:\/\/www.fcbarcelonanoticias.com\/en\/transfers\/transfers-bayern-munich-overtakes-barcelona-in-the-race-for-jonathan-tah_312607_102.html","title":{"rendered":"TRANSFERS: Bayern Munich overtakes Barcelona in the race for Jonathan Tah"},"content":{"rendered":"<h2 class=\"wp-block-heading\">Bayern Munich takes the lead over Barcelona and is close to signing Jonathan Tah, who has already decided not to renew with Bayer Leverkusen<\/h2>  \r\n<div class=\"article-addons\">\r\n    <a href=\"https:\/\/www.fcbarcelonanoticias.com\/en\/calendar-fc-barcelona.html\"\r\n       target=\"_self\"\r\n       title=\"Calendar of FC Barcelona\"\r\n       class=\"blue-gredient-btn\">\r\n       \r\n        Calendar of FC Barcelona    <\/a>\r\n<\/div>   <p><strong>Jonathan Tah&#8217;s<\/strong> future seems increasingly distant from the city of Barcelona. According to reports from Germany, the <strong>Bayer Leverkusen<\/strong> defender is very close to <strong>becoming a new Bayern Munich player<\/strong>, a team that has taken the lead over <strong>FC Barcelona<\/strong> in the battle for his signing.<\/p>  <p>According to journalist Florian Plettenberg of &#8216;Sky Sports Germany&#8217;, the Bavarian club is already working with the player&#8217;s agent, <a data-external=\"0\" data-intl-links-en=\"https:\/\/www.fcbarcelonanoticias.com\/en\/transfers\/is-the-rashford-route-activated-for-barca-the-english-move-that-could-bring-him-closer-to-the-club_312534_102.html\" data-intl-links-es=\"https:\/\/www.fcbarcelonanoticias.com\/fichajes\/barcelona-fichajes-via-rashford-agente-premier-league_312534_102.html\" href=\"https:\/\/www.fcbarcelonanoticias.com\/en\/transfers\/is-the-rashford-route-activated-for-barca-the-english-move-that-could-bring-him-closer-to-the-club_312534_102.html\" rel=\"follow\" target=\"_self\" title=\"\u00bfSe activa la v\u00eda Rashford para el Bar\u00e7a? El movimiento del delantero ingl\u00e9s que agita el mercado de fichajes\">Pini Zahavi<\/a>, to close the last details of the agreement. There is internal consensus in Bavaria to bet on the incorporation of the center-back, according to the German newspaper &#8216;SPORT BILD&#8217;, which assures that the club&#8217;s Supervisory Board <strong>has given the green light to Max Eberl (sporting director) to finalize the operation<\/strong>. The feelings in <strong>Bayern<\/strong> are positive regarding the feasibility of closing the deal soon.<\/p>  <ul> <li>\ud83d\udcdd&nbsp;<strong>THE DATA<\/strong>: According to &#8216;The Athletic&#8217;, <strong>Jonathan Tah<\/strong> would sign with <strong>Bayern Munich<\/strong> for three seasons, with an option for a fourth.<\/li> <\/ul> <h2>Tah, determined to leave and with a guaranteed spot at Bayern<\/h2>  <p><strong>Jonathan Tah<\/strong> himself had already made clear <a data-external=\"0\" data-intl-links-en=\"https:\/\/www.fcbarcelonanoticias.com\/en\/transfers\/jonathan-tah-makes-his-farewell-to-leverkusen-official-is-the-defender-destination-at-barca_312246_102.html\" data-intl-links-es=\"https:\/\/www.fcbarcelonanoticias.com\/fichajes\/jonathan-tah-oficializa-su-adios-leverkusen-el-destino-defensa-esta-en-barca_312246_102.html\" href=\"https:\/\/www.fcbarcelonanoticias.com\/en\/transfers\/jonathan-tah-makes-his-farewell-to-leverkusen-official-is-the-defender-destination-at-barca_312246_102.html\" rel=\"follow\" target=\"_self\" title=\"Jonathan Tah oficializa su adi\u00f3s al Leverkusen: \u00bfel destino del defensa est\u00e1 en el Bar\u00e7a?\">his intention not to renew his contract with Bayer Leverkusen<\/a>, which expires on June 30. His departure opens the door to a new challenge in a team that also needs to strengthen its defense after <strong>the confirmed departure of Englishman Eric Dier<\/strong>. Given this loss, the Munich team has intensified its search for a new defender.<\/p>  <div class=\"article-video-wrapper\" data-ck-asset-wrapper=\"\"> <div class=\"article-video\"> <div style=\"text-align: center;\"><\/div> <\/div> <\/div>  <p>It should be remembered that, in addition to <strong>Tah<\/strong>, <strong>Bayern<\/strong> had also <a data-external=\"0\" data-intl-links-en=\"https:\/\/www.fcbarcelonanoticias.com\/en\/transfers\/the-market-heats-up-bayern-makes-strong-move-for-dean-huijsen-and-complicates-things-for-real-madrid_311959_102.html\" data-intl-links-es=\"https:\/\/www.fcbarcelonanoticias.com\/fichajes\/se-enciende-mercado-bayern-entra-con-fuerza-por-dean-huijsen-complica-real-madrid_311959_102.html\" href=\"https:\/\/www.fcbarcelonanoticias.com\/en\/transfers\/the-market-heats-up-bayern-makes-strong-move-for-dean-huijsen-and-complicates-things-for-real-madrid_311959_102.html\" rel=\"follow\" target=\"_self\" title=\"Se enciende el mercado: el Bayern entra con fuerza por Dean Huijsen y complica al Real Madrid\">shown interest in Dean Huijsen<\/a>, current player of <strong>AFC Bournemouth<\/strong>. The young defender is considered one of the most promising talents on the international scene, which made him an attractive alternative for the Munich team.<\/p>  <h2>Barcelona would lose an option that Hansi Flick liked<\/h2>  <p>If <strong>Jonathan Tah&#8217;s arrival at Bayern Munich<\/strong> is confirmed, <strong>FC Barcelona<\/strong> would lose an option that had the approval of <strong>Hansi Flick<\/strong>, who would have positively valued his incorporation to reinforce the center of defense. However, the Catalan team had to lighten its defensive squad first, as it currently has five center-backs: <strong>Pau Cubars\u00ed<\/strong>, <strong>I\u00f1igo Mart\u00ednez<\/strong>, <strong>Ronald Araujo<\/strong>, <strong>Andreas Christensen<\/strong> and <strong>Eric Garc\u00eda<\/strong>.<\/p>  <p>Adding a sixth defender would have meant an &#8216;overbooking&#8217; in that area of the field, something difficult to manage <strong>in a context of economic uncertainty<\/strong> and where every market movement must be carefully calculated.<\/p>  <p>In turn, the Blaugrana team would miss out on an option that seemed quite feasible to add to their ranks, especially considering the fact that <strong>Jonathan Tah<\/strong> seemed open to facing an adventure outside of Germany, as he recently commented in an interview in &#8216;BILD&#8217;, where he asserted: &#8220;When you go to a place where you may not speak the language, it is a particularly challenging experience. This also applies to my position, which I naturally want to play within a team. <strong>It would require a lot of involvement somewhere. That&#8217;s why going abroad is so attractive to me<\/strong>,&#8221; he commented.<\/p> ","protected":false},"excerpt":{"rendered":"<p>Bayern Munich takes the lead over Barcelona and is close to signing Jonathan Tah, who has already decided not to renew with Bayer Leverkusen Jonathan Tah&#8217;s future seems increasingly distant from the city of Barcelona. According to reports from Germany, the Bayer Leverkusen defender is very close to becoming a new Bayern Munich player, a [&hellip;]<\/p>\n","protected":false},"author":355,"featured_media":145435,"comment_status":"closed","ping_status":"open","sticky":false,"template":"","format":"standard","meta":{"_acf_changed":false,"inline_featured_image":false,"_nextfly_llmd_date_locked":false,"footnotes":""},"categories":[449,106],"tags":[103,413,261],"class_list":["post-145434","post","type-post","status-publish","format-standard","has-post-thumbnail","hentry","category-transfers-2","category-transfers","tag-bayer-leverkusen","tag-jonathan-tah","tag-football-transfer-rumors"],"acf":[],"yoast_head":"<!-- This site is optimized with the Yoast SEO plugin v27.3 - https:\/\/yoast.com\/product\/yoast-seo-wordpress\/ -->\n<title>TRANSFERS: Bayern Munich overtakes Barcelona in the race for Jonathan Tah<\/title>\n<meta name=\"description\" content=\"Bayern Munich overtakes Barcelona for Jonathan Tah. Discover all the details of this key signing in the market.\" \/>\n<meta name=\"robots\" content=\"index, follow, max-snippet:-1, max-image-preview:large, max-video-preview:-1\" \/>\n<link rel=\"canonical\" href=\"https:\/\/www.fcbarcelonanoticias.com\/en\/transfers\/transfers-bayern-munich-overtakes-barcelona-in-the-race-for-jonathan-tah_312607_102.html\" \/>\n<meta property=\"og:locale\" content=\"en_US\" \/>\n<meta property=\"og:type\" content=\"article\" \/>\n<meta property=\"og:title\" content=\"TRANSFERS: Bayern Munich overtakes Barcelona in the race for Jonathan Tah\" \/>\n<meta property=\"og:description\" content=\"Bayern Munich overtakes Barcelona for Jonathan Tah. Discover all the details of this key signing in the market.\" \/>\n<meta property=\"og:url\" content=\"https:\/\/www.fcbarcelonanoticias.com\/en\/transfers\/transfers-bayern-munich-overtakes-barcelona-in-the-race-for-jonathan-tah_312607_102.html\" \/>\n<meta property=\"og:site_name\" content=\"EN - FC Barcelona Noticias\" \/>\n<meta property=\"article:published_time\" content=\"2025-05-13T19:51:00+00:00\" \/>\n<meta property=\"article:modified_time\" content=\"2025-05-13T19:52:00+00:00\" \/>\n<meta property=\"og:image\" content=\"https:\/\/www.fcbarcelonanoticias.com\/en\/wp-content\/uploads\/sites\/2\/2025\/05\/jonathan-tah-en-el-duelo-entre-el-bayer-leverkusen-y-el-borussia-dortmund-en-la-bundesliga.jpeg\" \/>\n\t<meta property=\"og:image:width\" content=\"1200\" \/>\n\t<meta property=\"og:image:height\" content=\"675\" \/>\n\t<meta property=\"og:image:type\" content=\"image\/jpeg\" \/>\n<meta name=\"author\" content=\"Kevin G\u00f3mez\" \/>\n<meta name=\"twitter:card\" content=\"summary_large_image\" \/>\n<meta name=\"twitter:label1\" content=\"Written by\" \/>\n\t<meta name=\"twitter:data1\" content=\"Kevin G\u00f3mez\" \/>\n\t<meta name=\"twitter:label2\" content=\"Est. reading time\" \/>\n\t<meta name=\"twitter:data2\" content=\"3 minutes\" \/>\n<script type=\"application\/ld+json\" class=\"yoast-schema-graph\">{\"@context\":\"https:\\\/\\\/schema.org\",\"@graph\":[{\"@type\":\"Article\",\"@id\":\"https:\\\/\\\/www.fcbarcelonanoticias.com\\\/en\\\/transfers\\\/transfers-bayern-munich-overtakes-barcelona-in-the-race-for-jonathan-tah_312607_102.html#article\",\"isPartOf\":{\"@id\":\"https:\\\/\\\/www.fcbarcelonanoticias.com\\\/en\\\/transfers\\\/transfers-bayern-munich-overtakes-barcelona-in-the-race-for-jonathan-tah_312607_102.html\"},\"author\":{\"name\":\"Kevin G\u00f3mez\",\"@id\":\"https:\\\/\\\/www.fcbarcelonanoticias.com\\\/en\\\/#\\\/schema\\\/person\\\/991443f134df9a64c6874f96ff984c9d\"},\"headline\":\"TRANSFERS: Bayern Munich overtakes Barcelona in the race for Jonathan Tah\",\"datePublished\":\"2025-05-13T19:51:00+00:00\",\"dateModified\":\"2025-05-13T19:52:00+00:00\",\"mainEntityOfPage\":{\"@id\":\"https:\\\/\\\/www.fcbarcelonanoticias.com\\\/en\\\/transfers\\\/transfers-bayern-munich-overtakes-barcelona-in-the-race-for-jonathan-tah_312607_102.html\"},\"wordCount\":524,\"image\":{\"@id\":\"https:\\\/\\\/www.fcbarcelonanoticias.com\\\/en\\\/transfers\\\/transfers-bayern-munich-overtakes-barcelona-in-the-race-for-jonathan-tah_312607_102.html#primaryimage\"},\"thumbnailUrl\":\"https:\\\/\\\/www.fcbarcelonanoticias.com\\\/en\\\/wp-content\\\/uploads\\\/sites\\\/2\\\/2025\\\/05\\\/jonathan-tah-en-el-duelo-entre-el-bayer-leverkusen-y-el-borussia-dortmund-en-la-bundesliga.jpeg\",\"keywords\":[\"Bayer Leverkusen\",\"Jonathan Tah\",\"Transfer Rumors\"],\"articleSection\":[\"Transfers\",\"Transfers\"],\"inLanguage\":\"en-US\"},{\"@type\":\"WebPage\",\"@id\":\"https:\\\/\\\/www.fcbarcelonanoticias.com\\\/en\\\/transfers\\\/transfers-bayern-munich-overtakes-barcelona-in-the-race-for-jonathan-tah_312607_102.html\",\"url\":\"https:\\\/\\\/www.fcbarcelonanoticias.com\\\/en\\\/transfers\\\/transfers-bayern-munich-overtakes-barcelona-in-the-race-for-jonathan-tah_312607_102.html\",\"name\":\"TRANSFERS: Bayern Munich overtakes Barcelona in the race for Jonathan Tah\",\"isPartOf\":{\"@id\":\"https:\\\/\\\/www.fcbarcelonanoticias.com\\\/en\\\/#website\"},\"primaryImageOfPage\":{\"@id\":\"https:\\\/\\\/www.fcbarcelonanoticias.com\\\/en\\\/transfers\\\/transfers-bayern-munich-overtakes-barcelona-in-the-race-for-jonathan-tah_312607_102.html#primaryimage\"},\"image\":{\"@id\":\"https:\\\/\\\/www.fcbarcelonanoticias.com\\\/en\\\/transfers\\\/transfers-bayern-munich-overtakes-barcelona-in-the-race-for-jonathan-tah_312607_102.html#primaryimage\"},\"thumbnailUrl\":\"https:\\\/\\\/www.fcbarcelonanoticias.com\\\/en\\\/wp-content\\\/uploads\\\/sites\\\/2\\\/2025\\\/05\\\/jonathan-tah-en-el-duelo-entre-el-bayer-leverkusen-y-el-borussia-dortmund-en-la-bundesliga.jpeg\",\"datePublished\":\"2025-05-13T19:51:00+00:00\",\"dateModified\":\"2025-05-13T19:52:00+00:00\",\"author\":{\"@id\":\"https:\\\/\\\/www.fcbarcelonanoticias.com\\\/en\\\/#\\\/schema\\\/person\\\/991443f134df9a64c6874f96ff984c9d\"},\"description\":\"Bayern Munich overtakes Barcelona for Jonathan Tah. Discover all the details of this key signing in the market.\",\"breadcrumb\":{\"@id\":\"https:\\\/\\\/www.fcbarcelonanoticias.com\\\/en\\\/transfers\\\/transfers-bayern-munich-overtakes-barcelona-in-the-race-for-jonathan-tah_312607_102.html#breadcrumb\"},\"inLanguage\":\"en-US\",\"potentialAction\":[{\"@type\":\"ReadAction\",\"target\":[\"https:\\\/\\\/www.fcbarcelonanoticias.com\\\/en\\\/transfers\\\/transfers-bayern-munich-overtakes-barcelona-in-the-race-for-jonathan-tah_312607_102.html\"]}]},{\"@type\":\"ImageObject\",\"inLanguage\":\"en-US\",\"@id\":\"https:\\\/\\\/www.fcbarcelonanoticias.com\\\/en\\\/transfers\\\/transfers-bayern-munich-overtakes-barcelona-in-the-race-for-jonathan-tah_312607_102.html#primaryimage\",\"url\":\"https:\\\/\\\/www.fcbarcelonanoticias.com\\\/en\\\/wp-content\\\/uploads\\\/sites\\\/2\\\/2025\\\/05\\\/jonathan-tah-en-el-duelo-entre-el-bayer-leverkusen-y-el-borussia-dortmund-en-la-bundesliga.jpeg\",\"contentUrl\":\"https:\\\/\\\/www.fcbarcelonanoticias.com\\\/en\\\/wp-content\\\/uploads\\\/sites\\\/2\\\/2025\\\/05\\\/jonathan-tah-en-el-duelo-entre-el-bayer-leverkusen-y-el-borussia-dortmund-en-la-bundesliga.jpeg\",\"width\":1200,\"height\":675},{\"@type\":\"BreadcrumbList\",\"@id\":\"https:\\\/\\\/www.fcbarcelonanoticias.com\\\/en\\\/transfers\\\/transfers-bayern-munich-overtakes-barcelona-in-the-race-for-jonathan-tah_312607_102.html#breadcrumb\",\"itemListElement\":[{\"@type\":\"ListItem\",\"position\":1,\"name\":\"Portada\",\"item\":\"https:\\\/\\\/www.fcbarcelonanoticias.com\\\/en\\\/\"},{\"@type\":\"ListItem\",\"position\":2,\"name\":\"TRANSFERS: Bayern Munich overtakes Barcelona in the race for Jonathan Tah\"}]},{\"@type\":\"WebSite\",\"@id\":\"https:\\\/\\\/www.fcbarcelonanoticias.com\\\/en\\\/#website\",\"url\":\"https:\\\/\\\/www.fcbarcelonanoticias.com\\\/en\\\/\",\"name\":\"EN - FC Barcelona Noticias\",\"description\":\"\",\"potentialAction\":[{\"@type\":\"SearchAction\",\"target\":{\"@type\":\"EntryPoint\",\"urlTemplate\":\"https:\\\/\\\/www.fcbarcelonanoticias.com\\\/en\\\/?s={search_term_string}\"},\"query-input\":{\"@type\":\"PropertyValueSpecification\",\"valueRequired\":true,\"valueName\":\"search_term_string\"}}],\"inLanguage\":\"en-US\"},{\"@type\":\"Person\",\"@id\":\"https:\\\/\\\/www.fcbarcelonanoticias.com\\\/en\\\/#\\\/schema\\\/person\\\/991443f134df9a64c6874f96ff984c9d\",\"name\":\"Kevin G\u00f3mez\",\"image\":{\"@type\":\"ImageObject\",\"inLanguage\":\"en-US\",\"@id\":\"https:\\\/\\\/secure.gravatar.com\\\/avatar\\\/?s=96&d=mm&r=g\",\"url\":\"https:\\\/\\\/secure.gravatar.com\\\/avatar\\\/?s=96&d=mm&r=g\",\"contentUrl\":\"https:\\\/\\\/secure.gravatar.com\\\/avatar\\\/?s=96&d=mm&r=g\",\"caption\":\"Kevin G\u00f3mez\"},\"description\":\"Licenciado\u00a0en Periodismo y Comunicaci\u00f3n Audiovisual. Redactor en FCBN responsable de cubrir toda\u00a0la informaci\u00f3n del FC Barcelona y las principales competiciones de\u00a0f\u00fatbol.\",\"url\":\"https:\\\/\\\/www.fcbarcelonanoticias.com\\\/en\\\/jugadores\\\/kevin-gomez_23_115.html\"}]}<\/script>\n<!-- \/ Yoast SEO plugin. -->","yoast_head_json":{"title":"TRANSFERS: Bayern Munich overtakes Barcelona in the race for Jonathan Tah","description":"Bayern Munich overtakes Barcelona for Jonathan Tah. Discover all the details of this key signing in the market.","robots":{"index":"index","follow":"follow","max-snippet":"max-snippet:-1","max-image-preview":"max-image-preview:large","max-video-preview":"max-video-preview:-1"},"canonical":"https:\/\/www.fcbarcelonanoticias.com\/en\/transfers\/transfers-bayern-munich-overtakes-barcelona-in-the-race-for-jonathan-tah_312607_102.html","og_locale":"en_US","og_type":"article","og_title":"TRANSFERS: Bayern Munich overtakes Barcelona in the race for Jonathan Tah","og_description":"Bayern Munich overtakes Barcelona for Jonathan Tah. Discover all the details of this key signing in the market.","og_url":"https:\/\/www.fcbarcelonanoticias.com\/en\/transfers\/transfers-bayern-munich-overtakes-barcelona-in-the-race-for-jonathan-tah_312607_102.html","og_site_name":"EN - FC Barcelona Noticias","article_published_time":"2025-05-13T19:51:00+00:00","article_modified_time":"2025-05-13T19:52:00+00:00","og_image":[{"width":1200,"height":675,"url":"https:\/\/www.fcbarcelonanoticias.com\/en\/wp-content\/uploads\/sites\/2\/2025\/05\/jonathan-tah-en-el-duelo-entre-el-bayer-leverkusen-y-el-borussia-dortmund-en-la-bundesliga.jpeg","type":"image\/jpeg"}],"author":"Kevin G\u00f3mez","twitter_card":"summary_large_image","twitter_misc":{"Written by":"Kevin G\u00f3mez","Est. reading time":"3 minutes"},"schema":{"@context":"https:\/\/schema.org","@graph":[{"@type":"Article","@id":"https:\/\/www.fcbarcelonanoticias.com\/en\/transfers\/transfers-bayern-munich-overtakes-barcelona-in-the-race-for-jonathan-tah_312607_102.html#article","isPartOf":{"@id":"https:\/\/www.fcbarcelonanoticias.com\/en\/transfers\/transfers-bayern-munich-overtakes-barcelona-in-the-race-for-jonathan-tah_312607_102.html"},"author":{"name":"Kevin G\u00f3mez","@id":"https:\/\/www.fcbarcelonanoticias.com\/en\/#\/schema\/person\/991443f134df9a64c6874f96ff984c9d"},"headline":"TRANSFERS: Bayern Munich overtakes Barcelona in the race for Jonathan Tah","datePublished":"2025-05-13T19:51:00+00:00","dateModified":"2025-05-13T19:52:00+00:00","mainEntityOfPage":{"@id":"https:\/\/www.fcbarcelonanoticias.com\/en\/transfers\/transfers-bayern-munich-overtakes-barcelona-in-the-race-for-jonathan-tah_312607_102.html"},"wordCount":524,"image":{"@id":"https:\/\/www.fcbarcelonanoticias.com\/en\/transfers\/transfers-bayern-munich-overtakes-barcelona-in-the-race-for-jonathan-tah_312607_102.html#primaryimage"},"thumbnailUrl":"https:\/\/www.fcbarcelonanoticias.com\/en\/wp-content\/uploads\/sites\/2\/2025\/05\/jonathan-tah-en-el-duelo-entre-el-bayer-leverkusen-y-el-borussia-dortmund-en-la-bundesliga.jpeg","keywords":["Bayer Leverkusen","Jonathan Tah","Transfer Rumors"],"articleSection":["Transfers","Transfers"],"inLanguage":"en-US"},{"@type":"WebPage","@id":"https:\/\/www.fcbarcelonanoticias.com\/en\/transfers\/transfers-bayern-munich-overtakes-barcelona-in-the-race-for-jonathan-tah_312607_102.html","url":"https:\/\/www.fcbarcelonanoticias.com\/en\/transfers\/transfers-bayern-munich-overtakes-barcelona-in-the-race-for-jonathan-tah_312607_102.html","name":"TRANSFERS: Bayern Munich overtakes Barcelona in the race for Jonathan Tah","isPartOf":{"@id":"https:\/\/www.fcbarcelonanoticias.com\/en\/#website"},"primaryImageOfPage":{"@id":"https:\/\/www.fcbarcelonanoticias.com\/en\/transfers\/transfers-bayern-munich-overtakes-barcelona-in-the-race-for-jonathan-tah_312607_102.html#primaryimage"},"image":{"@id":"https:\/\/www.fcbarcelonanoticias.com\/en\/transfers\/transfers-bayern-munich-overtakes-barcelona-in-the-race-for-jonathan-tah_312607_102.html#primaryimage"},"thumbnailUrl":"https:\/\/www.fcbarcelonanoticias.com\/en\/wp-content\/uploads\/sites\/2\/2025\/05\/jonathan-tah-en-el-duelo-entre-el-bayer-leverkusen-y-el-borussia-dortmund-en-la-bundesliga.jpeg","datePublished":"2025-05-13T19:51:00+00:00","dateModified":"2025-05-13T19:52:00+00:00","author":{"@id":"https:\/\/www.fcbarcelonanoticias.com\/en\/#\/schema\/person\/991443f134df9a64c6874f96ff984c9d"},"description":"Bayern Munich overtakes Barcelona for Jonathan Tah. Discover all the details of this key signing in the market.","breadcrumb":{"@id":"https:\/\/www.fcbarcelonanoticias.com\/en\/transfers\/transfers-bayern-munich-overtakes-barcelona-in-the-race-for-jonathan-tah_312607_102.html#breadcrumb"},"inLanguage":"en-US","potentialAction":[{"@type":"ReadAction","target":["https:\/\/www.fcbarcelonanoticias.com\/en\/transfers\/transfers-bayern-munich-overtakes-barcelona-in-the-race-for-jonathan-tah_312607_102.html"]}]},{"@type":"ImageObject","inLanguage":"en-US","@id":"https:\/\/www.fcbarcelonanoticias.com\/en\/transfers\/transfers-bayern-munich-overtakes-barcelona-in-the-race-for-jonathan-tah_312607_102.html#primaryimage","url":"https:\/\/www.fcbarcelonanoticias.com\/en\/wp-content\/uploads\/sites\/2\/2025\/05\/jonathan-tah-en-el-duelo-entre-el-bayer-leverkusen-y-el-borussia-dortmund-en-la-bundesliga.jpeg","contentUrl":"https:\/\/www.fcbarcelonanoticias.com\/en\/wp-content\/uploads\/sites\/2\/2025\/05\/jonathan-tah-en-el-duelo-entre-el-bayer-leverkusen-y-el-borussia-dortmund-en-la-bundesliga.jpeg","width":1200,"height":675},{"@type":"BreadcrumbList","@id":"https:\/\/www.fcbarcelonanoticias.com\/en\/transfers\/transfers-bayern-munich-overtakes-barcelona-in-the-race-for-jonathan-tah_312607_102.html#breadcrumb","itemListElement":[{"@type":"ListItem","position":1,"name":"Portada","item":"https:\/\/www.fcbarcelonanoticias.com\/en\/"},{"@type":"ListItem","position":2,"name":"TRANSFERS: Bayern Munich overtakes Barcelona in the race for Jonathan Tah"}]},{"@type":"WebSite","@id":"https:\/\/www.fcbarcelonanoticias.com\/en\/#website","url":"https:\/\/www.fcbarcelonanoticias.com\/en\/","name":"EN - FC Barcelona Noticias","description":"","potentialAction":[{"@type":"SearchAction","target":{"@type":"EntryPoint","urlTemplate":"https:\/\/www.fcbarcelonanoticias.com\/en\/?s={search_term_string}"},"query-input":{"@type":"PropertyValueSpecification","valueRequired":true,"valueName":"search_term_string"}}],"inLanguage":"en-US"},{"@type":"Person","@id":"https:\/\/www.fcbarcelonanoticias.com\/en\/#\/schema\/person\/991443f134df9a64c6874f96ff984c9d","name":"Kevin G\u00f3mez","image":{"@type":"ImageObject","inLanguage":"en-US","@id":"https:\/\/secure.gravatar.com\/avatar\/?s=96&d=mm&r=g","url":"https:\/\/secure.gravatar.com\/avatar\/?s=96&d=mm&r=g","contentUrl":"https:\/\/secure.gravatar.com\/avatar\/?s=96&d=mm&r=g","caption":"Kevin G\u00f3mez"},"description":"Licenciado\u00a0en Periodismo y Comunicaci\u00f3n Audiovisual. Redactor en FCBN responsable de cubrir toda\u00a0la informaci\u00f3n del FC Barcelona y las principales competiciones de\u00a0f\u00fatbol.","url":"https:\/\/www.fcbarcelonanoticias.com\/en\/jugadores\/kevin-gomez_23_115.html"}]}},"_links":{"self":[{"href":"https:\/\/www.fcbarcelonanoticias.com\/en\/wp-json\/wp\/v2\/posts\/145434","targetHints":{"allow":["GET"]}}],"collection":[{"href":"https:\/\/www.fcbarcelonanoticias.com\/en\/wp-json\/wp\/v2\/posts"}],"about":[{"href":"https:\/\/www.fcbarcelonanoticias.com\/en\/wp-json\/wp\/v2\/types\/post"}],"author":[{"embeddable":true,"href":"https:\/\/www.fcbarcelonanoticias.com\/en\/wp-json\/wp\/v2\/users\/355"}],"replies":[{"embeddable":true,"href":"https:\/\/www.fcbarcelonanoticias.com\/en\/wp-json\/wp\/v2\/comments?post=145434"}],"version-history":[{"count":1,"href":"https:\/\/www.fcbarcelonanoticias.com\/en\/wp-json\/wp\/v2\/posts\/145434\/revisions"}],"predecessor-version":[{"id":155692,"href":"https:\/\/www.fcbarcelonanoticias.com\/en\/wp-json\/wp\/v2\/posts\/145434\/revisions\/155692"}],"wp:featuredmedia":[{"embeddable":true,"href":"https:\/\/www.fcbarcelonanoticias.com\/en\/wp-json\/wp\/v2\/media\/145435"}],"wp:attachment":[{"href":"https:\/\/www.fcbarcelonanoticias.com\/en\/wp-json\/wp\/v2\/media?parent=145434"}],"wp:term":[{"taxonomy":"category","embeddable":true,"href":"https:\/\/www.fcbarcelonanoticias.com\/en\/wp-json\/wp\/v2\/categories?post=145434"},{"taxonomy":"post_tag","embeddable":true,"href":"https:\/\/www.fcbarcelonanoticias.com\/en\/wp-json\/wp\/v2\/tags?post=145434"}],"curies":[{"name":"wp","href":"https:\/\/api.w.org\/{rel}","templated":true}]}}