{"id":145436,"date":"2023-02-26T09:11:00","date_gmt":"2023-02-26T08:11:00","guid":{"rendered":"https:\/\/weisetech.dev\/fc-barcelona-noticias\/en\/transfers-exits-mentality-the-keys-of-barcelona-to-trascend-in-europe_289989_102\/"},"modified":"2023-02-26T13:17:00","modified_gmt":"2023-02-26T12:17:00","slug":"transfers-exits-mentality-the-keys-of-barcelona-to-trascend-in-europe_289989_102","status":"publish","type":"post","link":"https:\/\/www.fcbarcelonanoticias.com\/en\/transfers\/transfers-exits-mentality-the-keys-of-barcelona-to-trascend-in-europe_289989_102.html","title":{"rendered":"Transfers, departures, mentality&#8230; The keys for Bar\u00e7a to transcend in Europe"},"content":{"rendered":"<h2 class=\"wp-block-heading\">FC Barcelona could complete a fantastic triplet at the domestic level (League, Cup and Super Cup), but 2022\/23 will be marked by the lazy European pace. What do the cul\u00e9s need to recover European prestige? Here we review it<\/h2>  \r\n<div class=\"article-addons\">\r\n    <a href=\"https:\/\/www.fcbarcelonanoticias.com\/en\/calendar-fc-barcelona.html\"\r\n       target=\"_self\"\r\n       title=\"Calendar of FC Barcelona\"\r\n       class=\"blue-gredient-btn\">\r\n       \r\n        Calendar of FC Barcelona    <\/a>\r\n<\/div>   <p>For Xavi Hern\u00e1ndez, the season 2022\/23 can leave fantastic registers to domestic level, but in Europe his team, again, remained in debt in spite of the big effort made in summer to reinforce the staff. Once consummated the second consecutive failure in the Europe League, <strong>so much the technical body like the managerial have to conclude which appearances have to improve with urgency so that the <a data-external=\"0\" data-intl-links-en=\"https:\/\/www.fcbarcelonanoticias.com\/en\/transfers\/barcelona-attentive-inter-ensena-gate-exit-brozovic_289984_102.html\" data-intl-links-es=\"https:\/\/www.fcbarcelonanoticias.com\/fichajes\/barcelona-atento-inter-ensena-puerta-salida-brozovic_289984_102.html\" href=\"https:\/\/www.fcbarcelonanoticias.com\/en\/transfers\/barcelona-attentive-inter-ensena-gate-exit-brozovic_289984_102.html\" rel=\"follow\" target=\"_self\" title=\"El Bar\u00e7a, atento: El Inter le ense\u00f1a la puerta de salida a Brozovic\">FC Barcelona<\/a> recover the European prestige<\/strong> that has banished in the last years, as it no longer suffices with competing.<\/p>  <p>In this sense, in spite of the eight players fichados for this season (Pablo Tower, Christensen, Kessi\u00e9, Raphinha, Lewandowski, Kound\u00e9, Marcos Alonso and Beller\u00edn), remains clear that the staff needs to reinforce in all his lines to have greater depth in the 2023\/24. The defence has been the base of the solid walk in LaLiga (only 7 goals against in 22 parties), but <strong>the 4 so many received in the key against the United and the 12 fit in the phase of groups of the Champions give a brutal contrast<\/strong>.<\/p>  <p>Thus, it remains clear that the club has to fichar, at least, <strong>a right side and another central <\/strong>to finish to arm the saga. <strong>The managerial fich\u00f3 to the Mexican youngster Juli\u00e1n Araujo and renewed to <a data-external=\"0\" data-intl-links-en=\"https:\/\/www.fcbarcelonanoticias.com\/en\/transfers\/conditions-barcelona-with-season-optional-sergi-roberto_289959_102.html\" data-intl-links-es=\"https:\/\/www.fcbarcelonanoticias.com\/fichajes\/condiciones-barcelona-con-temporada-opcional-sergi-roberto_289959_102.html\" href=\"https:\/\/www.fcbarcelonanoticias.com\/en\/transfers\/conditions-barcelona-with-season-optional-sergi-roberto_289959_102.html\" rel=\"follow\" target=\"_self\" title=\"Las condiciones del Bar\u00e7a con la temporada opcional de Sergi Roberto\">Sergi Roberto<\/a><\/strong>, but still there is not confidence in the right lane of face to the summer. Of the same way, the retreat of Gerard Hammered and the irregularity of Eric Garc\u00eda evidencian generate doubts of face to the summer, with the ex head office of the Manchester City as one of the distinguished to go out to look for another reinforcement.<\/p>  <p>With the case Sergi, also opens another key debate. The renewal. <strong>The 2022\/23 has evidenciado the enormous potential of the young base of the staff (Pedri, Gavi, Balde), but also the wear of the &#8216;holy cows&#8217;<\/strong>. To the exit of Hammered could add the one of Sergio Busquets, leaving to Jordi Alba and to Roberto signalled. Go out of footballers that already have fulfilled his cycle is fundamental to change him the face to the Bar\u00e7a in the international plane, but Xavi still does not have clear this step.<\/p>  <h3>Signings and exits, the formula for the summer<\/h3>  <p>The urgencies of the club regarding the margin salarial complicate the panorama for the next market, by which is key to sell to be able to fichar. <strong>Players like Eric Garc\u00eda, Jordi Alba, Pablo Tower, Ansu Fati and Ferran Torres could leave good money in box<\/strong> to go to by two or three <a data-external=\"0\" data-intl-links-en=\"https:\/\/www.fcbarcelonanoticias.com\/en\/transfers\/messi-gundogan-thuram-list-free-agents-in-barcelona-radar_289977_102.html\" data-intl-links-es=\"https:\/\/www.fcbarcelonanoticias.com\/fichajes\/messi-gundogan-thuram-lista-agentes-libres-en-radar-barcelona_289977_102.html\" href=\"https:\/\/www.fcbarcelonanoticias.com\/en\/transfers\/messi-gundogan-thuram-list-free-agents-in-barcelona-radar_289977_102.html\" rel=\"follow\" target=\"_self\" title=\"FICHAJES: Messi, G\u00fcndogan, Thuram... La lista de agentes libres en el radar del Bar\u00e7a\">reinforcements of quality in summer<\/a>, considering that they will have to be players whose index card adapt to the &#8216;fair play&#8217; of LaLiga.<\/p>  <p><strong>Names like I\u00f1igo Mart\u00ednez, N&#8217;Golo Kant\u00e9, Ilkay G\u00fcndogan, and Marcus Thuram<\/strong> follow on the table with the inducement to arrive to &#8216;cost zero&#8217;, a formula that the Bar\u00e7a already applied the year happened for fichar to four of his reinforcements (Christensen, Kessi\u00e9, Marcos Alonso and Beller\u00edn). Xavi needs &#8216;pulir&#8217; his staff and reinforce the confidence in those who have won a place in his XI suspender belt, although it also would be transcendental fichar to somebody of hierarchy (like <strong>Bernardo Silva<\/strong>) to give a jump of quality.<\/p>  <p>To his time, <strong>the technician egarense has to work in the mentality of the staff <\/strong>to move the winning mentality in the local plane to Europe. The m\u00edster already has very worked his idea. <strong>It is question to recover the memory and leave backwards the doubts and the bad memories of the recent past<\/strong> so that the cul\u00e9s can recover the status of European greatness, transcendental besides to go out of the financial crisis that affects to the institution.<\/p> ","protected":false},"excerpt":{"rendered":"<p>FC Barcelona could complete a fantastic triplet at the domestic level (League, Cup and Super Cup), but 2022\/23 will be marked by the lazy European pace. What do the cul\u00e9s need to recover European prestige? Here we review it For Xavi Hern\u00e1ndez, the season 2022\/23 can leave fantastic registers to domestic level, but in Europe [&hellip;]<\/p>\n","protected":false},"author":347,"featured_media":145437,"comment_status":"closed","ping_status":"open","sticky":false,"template":"","format":"standard","meta":{"_acf_changed":false,"inline_featured_image":false,"_nextfly_llmd_date_locked":false,"footnotes":""},"categories":[449,106],"tags":[158,329,48],"class_list":["post-145436","post","type-post","status-publish","format-standard","has-post-thumbnail","hentry","category-transfers-2","category-transfers","tag-joan-laporta","tag-mateu-alemany","tag-xavi-hernandez"],"acf":[],"yoast_head":"<!-- This site is optimized with the Yoast SEO plugin v27.3 - https:\/\/yoast.com\/product\/yoast-seo-wordpress\/ -->\n<title>Transfers, departures, mentality... The keys for Bar\u00e7a to transcend in Europe<\/title>\n<meta name=\"description\" content=\"FC Barcelona could complete a fantastic triplet at the domestic level (League, Cup and Super Cup), but 2022\/23 will be marked by the lazy European pace. What do the cul\u00e9s need to recover European prestige? Here we review it\" \/>\n<meta name=\"robots\" content=\"index, follow, max-snippet:-1, max-image-preview:large, max-video-preview:-1\" \/>\n<link rel=\"canonical\" href=\"https:\/\/www.fcbarcelonanoticias.com\/en\/transfers\/transfers-exits-mentality-the-keys-of-barcelona-to-trascend-in-europe_289989_102.html\" \/>\n<meta property=\"og:locale\" content=\"en_US\" \/>\n<meta property=\"og:type\" content=\"article\" \/>\n<meta property=\"og:title\" content=\"Transfers, departures, mentality... The keys for Bar\u00e7a to transcend in Europe\" \/>\n<meta property=\"og:description\" content=\"FC Barcelona could complete a fantastic triplet at the domestic level (League, Cup and Super Cup), but 2022\/23 will be marked by the lazy European pace. What do the cul\u00e9s need to recover European prestige? Here we review it\" \/>\n<meta property=\"og:url\" content=\"https:\/\/www.fcbarcelonanoticias.com\/en\/transfers\/transfers-exits-mentality-the-keys-of-barcelona-to-trascend-in-europe_289989_102.html\" \/>\n<meta property=\"og:site_name\" content=\"EN - FC Barcelona Noticias\" \/>\n<meta property=\"article:published_time\" content=\"2023-02-26T08:11:00+00:00\" \/>\n<meta property=\"article:modified_time\" content=\"2023-02-26T12:17:00+00:00\" \/>\n<meta property=\"og:image\" content=\"https:\/\/www.fcbarcelonanoticias.com\/en\/wp-content\/uploads\/sites\/2\/2023\/02\/fc-barcelona-v-manchester-united-knockout-round-play-off-leg-one-uefa-europa-league-4-1-1.jpeg\" \/>\n\t<meta property=\"og:image:width\" content=\"1200\" \/>\n\t<meta property=\"og:image:height\" content=\"705\" \/>\n\t<meta property=\"og:image:type\" content=\"image\/jpeg\" \/>\n<meta name=\"author\" content=\"Andr\u00e9s Quiroz\" \/>\n<meta name=\"twitter:card\" content=\"summary_large_image\" \/>\n<meta name=\"twitter:label1\" content=\"Written by\" \/>\n\t<meta name=\"twitter:data1\" content=\"Andr\u00e9s Quiroz\" \/>\n\t<meta name=\"twitter:label2\" content=\"Est. reading time\" \/>\n\t<meta name=\"twitter:data2\" content=\"3 minutes\" \/>\n<script type=\"application\/ld+json\" class=\"yoast-schema-graph\">{\"@context\":\"https:\\\/\\\/schema.org\",\"@graph\":[{\"@type\":\"Article\",\"@id\":\"https:\\\/\\\/www.fcbarcelonanoticias.com\\\/en\\\/transfers\\\/transfers-exits-mentality-the-keys-of-barcelona-to-trascend-in-europe_289989_102.html#article\",\"isPartOf\":{\"@id\":\"https:\\\/\\\/www.fcbarcelonanoticias.com\\\/en\\\/transfers\\\/transfers-exits-mentality-the-keys-of-barcelona-to-trascend-in-europe_289989_102.html\"},\"author\":{\"name\":\"Andr\u00e9s Quiroz\",\"@id\":\"https:\\\/\\\/www.fcbarcelonanoticias.com\\\/en\\\/#\\\/schema\\\/person\\\/c2cd9f6fa1af5c0d0eccd0fefa575c88\"},\"headline\":\"Transfers, departures, mentality&#8230; The keys for Bar\u00e7a to transcend in Europe\",\"datePublished\":\"2023-02-26T08:11:00+00:00\",\"dateModified\":\"2023-02-26T12:17:00+00:00\",\"mainEntityOfPage\":{\"@id\":\"https:\\\/\\\/www.fcbarcelonanoticias.com\\\/en\\\/transfers\\\/transfers-exits-mentality-the-keys-of-barcelona-to-trascend-in-europe_289989_102.html\"},\"wordCount\":671,\"image\":{\"@id\":\"https:\\\/\\\/www.fcbarcelonanoticias.com\\\/en\\\/transfers\\\/transfers-exits-mentality-the-keys-of-barcelona-to-trascend-in-europe_289989_102.html#primaryimage\"},\"thumbnailUrl\":\"https:\\\/\\\/www.fcbarcelonanoticias.com\\\/en\\\/wp-content\\\/uploads\\\/sites\\\/2\\\/2023\\\/02\\\/fc-barcelona-v-manchester-united-knockout-round-play-off-leg-one-uefa-europa-league-4-1-1.jpeg\",\"keywords\":[\"Joan Laporta\",\"Mateu Alemany\",\"Xavi Hern\u00e1ndez\"],\"articleSection\":[\"Transfers\",\"Transfers\"],\"inLanguage\":\"en-US\"},{\"@type\":\"WebPage\",\"@id\":\"https:\\\/\\\/www.fcbarcelonanoticias.com\\\/en\\\/transfers\\\/transfers-exits-mentality-the-keys-of-barcelona-to-trascend-in-europe_289989_102.html\",\"url\":\"https:\\\/\\\/www.fcbarcelonanoticias.com\\\/en\\\/transfers\\\/transfers-exits-mentality-the-keys-of-barcelona-to-trascend-in-europe_289989_102.html\",\"name\":\"Transfers, departures, mentality... The keys for Bar\u00e7a to transcend in Europe\",\"isPartOf\":{\"@id\":\"https:\\\/\\\/www.fcbarcelonanoticias.com\\\/en\\\/#website\"},\"primaryImageOfPage\":{\"@id\":\"https:\\\/\\\/www.fcbarcelonanoticias.com\\\/en\\\/transfers\\\/transfers-exits-mentality-the-keys-of-barcelona-to-trascend-in-europe_289989_102.html#primaryimage\"},\"image\":{\"@id\":\"https:\\\/\\\/www.fcbarcelonanoticias.com\\\/en\\\/transfers\\\/transfers-exits-mentality-the-keys-of-barcelona-to-trascend-in-europe_289989_102.html#primaryimage\"},\"thumbnailUrl\":\"https:\\\/\\\/www.fcbarcelonanoticias.com\\\/en\\\/wp-content\\\/uploads\\\/sites\\\/2\\\/2023\\\/02\\\/fc-barcelona-v-manchester-united-knockout-round-play-off-leg-one-uefa-europa-league-4-1-1.jpeg\",\"datePublished\":\"2023-02-26T08:11:00+00:00\",\"dateModified\":\"2023-02-26T12:17:00+00:00\",\"author\":{\"@id\":\"https:\\\/\\\/www.fcbarcelonanoticias.com\\\/en\\\/#\\\/schema\\\/person\\\/c2cd9f6fa1af5c0d0eccd0fefa575c88\"},\"description\":\"FC Barcelona could complete a fantastic triplet at the domestic level (League, Cup and Super Cup), but 2022\\\/23 will be marked by the lazy European pace. What do the cul\u00e9s need to recover European prestige? Here we review it\",\"breadcrumb\":{\"@id\":\"https:\\\/\\\/www.fcbarcelonanoticias.com\\\/en\\\/transfers\\\/transfers-exits-mentality-the-keys-of-barcelona-to-trascend-in-europe_289989_102.html#breadcrumb\"},\"inLanguage\":\"en-US\",\"potentialAction\":[{\"@type\":\"ReadAction\",\"target\":[\"https:\\\/\\\/www.fcbarcelonanoticias.com\\\/en\\\/transfers\\\/transfers-exits-mentality-the-keys-of-barcelona-to-trascend-in-europe_289989_102.html\"]}]},{\"@type\":\"ImageObject\",\"inLanguage\":\"en-US\",\"@id\":\"https:\\\/\\\/www.fcbarcelonanoticias.com\\\/en\\\/transfers\\\/transfers-exits-mentality-the-keys-of-barcelona-to-trascend-in-europe_289989_102.html#primaryimage\",\"url\":\"https:\\\/\\\/www.fcbarcelonanoticias.com\\\/en\\\/wp-content\\\/uploads\\\/sites\\\/2\\\/2023\\\/02\\\/fc-barcelona-v-manchester-united-knockout-round-play-off-leg-one-uefa-europa-league-4-1-1.jpeg\",\"contentUrl\":\"https:\\\/\\\/www.fcbarcelonanoticias.com\\\/en\\\/wp-content\\\/uploads\\\/sites\\\/2\\\/2023\\\/02\\\/fc-barcelona-v-manchester-united-knockout-round-play-off-leg-one-uefa-europa-league-4-1-1.jpeg\",\"width\":1200,\"height\":705},{\"@type\":\"BreadcrumbList\",\"@id\":\"https:\\\/\\\/www.fcbarcelonanoticias.com\\\/en\\\/transfers\\\/transfers-exits-mentality-the-keys-of-barcelona-to-trascend-in-europe_289989_102.html#breadcrumb\",\"itemListElement\":[{\"@type\":\"ListItem\",\"position\":1,\"name\":\"Portada\",\"item\":\"https:\\\/\\\/www.fcbarcelonanoticias.com\\\/en\\\/\"},{\"@type\":\"ListItem\",\"position\":2,\"name\":\"Transfers, departures, mentality&#8230; The keys for Bar\u00e7a to transcend in Europe\"}]},{\"@type\":\"WebSite\",\"@id\":\"https:\\\/\\\/www.fcbarcelonanoticias.com\\\/en\\\/#website\",\"url\":\"https:\\\/\\\/www.fcbarcelonanoticias.com\\\/en\\\/\",\"name\":\"EN - FC Barcelona Noticias\",\"description\":\"\",\"potentialAction\":[{\"@type\":\"SearchAction\",\"target\":{\"@type\":\"EntryPoint\",\"urlTemplate\":\"https:\\\/\\\/www.fcbarcelonanoticias.com\\\/en\\\/?s={search_term_string}\"},\"query-input\":{\"@type\":\"PropertyValueSpecification\",\"valueRequired\":true,\"valueName\":\"search_term_string\"}}],\"inLanguage\":\"en-US\"},{\"@type\":\"Person\",\"@id\":\"https:\\\/\\\/www.fcbarcelonanoticias.com\\\/en\\\/#\\\/schema\\\/person\\\/c2cd9f6fa1af5c0d0eccd0fefa575c88\",\"name\":\"Andr\u00e9s Quiroz\",\"image\":{\"@type\":\"ImageObject\",\"inLanguage\":\"en-US\",\"@id\":\"https:\\\/\\\/secure.gravatar.com\\\/avatar\\\/?s=96&d=mm&r=g\",\"url\":\"https:\\\/\\\/secure.gravatar.com\\\/avatar\\\/?s=96&d=mm&r=g\",\"contentUrl\":\"https:\\\/\\\/secure.gravatar.com\\\/avatar\\\/?s=96&d=mm&r=g\",\"caption\":\"Andr\u00e9s Quiroz\"},\"description\":\"Licenciado en Periodismo por la Universidad de los Andes. Me encargo de analizar y compartir los contenidos m\u00e1s destacados de la\u00a0actualidad del F\u00fatbol Club Barcelona, Mercado de Fichajes y F\u00fatbol Internacional en FCBN. La informaci\u00f3n es poder, pero tambi\u00e9n conocimiento.\",\"url\":\"https:\\\/\\\/www.fcbarcelonanoticias.com\\\/en\\\/fc-barcelona\\\/andres-quiroz_17_115.html\"}]}<\/script>\n<!-- \/ Yoast SEO plugin. -->","yoast_head_json":{"title":"Transfers, departures, mentality... The keys for Bar\u00e7a to transcend in Europe","description":"FC Barcelona could complete a fantastic triplet at the domestic level (League, Cup and Super Cup), but 2022\/23 will be marked by the lazy European pace. What do the cul\u00e9s need to recover European prestige? Here we review it","robots":{"index":"index","follow":"follow","max-snippet":"max-snippet:-1","max-image-preview":"max-image-preview:large","max-video-preview":"max-video-preview:-1"},"canonical":"https:\/\/www.fcbarcelonanoticias.com\/en\/transfers\/transfers-exits-mentality-the-keys-of-barcelona-to-trascend-in-europe_289989_102.html","og_locale":"en_US","og_type":"article","og_title":"Transfers, departures, mentality... The keys for Bar\u00e7a to transcend in Europe","og_description":"FC Barcelona could complete a fantastic triplet at the domestic level (League, Cup and Super Cup), but 2022\/23 will be marked by the lazy European pace. What do the cul\u00e9s need to recover European prestige? Here we review it","og_url":"https:\/\/www.fcbarcelonanoticias.com\/en\/transfers\/transfers-exits-mentality-the-keys-of-barcelona-to-trascend-in-europe_289989_102.html","og_site_name":"EN - FC Barcelona Noticias","article_published_time":"2023-02-26T08:11:00+00:00","article_modified_time":"2023-02-26T12:17:00+00:00","og_image":[{"width":1200,"height":705,"url":"https:\/\/www.fcbarcelonanoticias.com\/en\/wp-content\/uploads\/sites\/2\/2023\/02\/fc-barcelona-v-manchester-united-knockout-round-play-off-leg-one-uefa-europa-league-4-1-1.jpeg","type":"image\/jpeg"}],"author":"Andr\u00e9s Quiroz","twitter_card":"summary_large_image","twitter_misc":{"Written by":"Andr\u00e9s Quiroz","Est. reading time":"3 minutes"},"schema":{"@context":"https:\/\/schema.org","@graph":[{"@type":"Article","@id":"https:\/\/www.fcbarcelonanoticias.com\/en\/transfers\/transfers-exits-mentality-the-keys-of-barcelona-to-trascend-in-europe_289989_102.html#article","isPartOf":{"@id":"https:\/\/www.fcbarcelonanoticias.com\/en\/transfers\/transfers-exits-mentality-the-keys-of-barcelona-to-trascend-in-europe_289989_102.html"},"author":{"name":"Andr\u00e9s Quiroz","@id":"https:\/\/www.fcbarcelonanoticias.com\/en\/#\/schema\/person\/c2cd9f6fa1af5c0d0eccd0fefa575c88"},"headline":"Transfers, departures, mentality&#8230; The keys for Bar\u00e7a to transcend in Europe","datePublished":"2023-02-26T08:11:00+00:00","dateModified":"2023-02-26T12:17:00+00:00","mainEntityOfPage":{"@id":"https:\/\/www.fcbarcelonanoticias.com\/en\/transfers\/transfers-exits-mentality-the-keys-of-barcelona-to-trascend-in-europe_289989_102.html"},"wordCount":671,"image":{"@id":"https:\/\/www.fcbarcelonanoticias.com\/en\/transfers\/transfers-exits-mentality-the-keys-of-barcelona-to-trascend-in-europe_289989_102.html#primaryimage"},"thumbnailUrl":"https:\/\/www.fcbarcelonanoticias.com\/en\/wp-content\/uploads\/sites\/2\/2023\/02\/fc-barcelona-v-manchester-united-knockout-round-play-off-leg-one-uefa-europa-league-4-1-1.jpeg","keywords":["Joan Laporta","Mateu Alemany","Xavi Hern\u00e1ndez"],"articleSection":["Transfers","Transfers"],"inLanguage":"en-US"},{"@type":"WebPage","@id":"https:\/\/www.fcbarcelonanoticias.com\/en\/transfers\/transfers-exits-mentality-the-keys-of-barcelona-to-trascend-in-europe_289989_102.html","url":"https:\/\/www.fcbarcelonanoticias.com\/en\/transfers\/transfers-exits-mentality-the-keys-of-barcelona-to-trascend-in-europe_289989_102.html","name":"Transfers, departures, mentality... The keys for Bar\u00e7a to transcend in Europe","isPartOf":{"@id":"https:\/\/www.fcbarcelonanoticias.com\/en\/#website"},"primaryImageOfPage":{"@id":"https:\/\/www.fcbarcelonanoticias.com\/en\/transfers\/transfers-exits-mentality-the-keys-of-barcelona-to-trascend-in-europe_289989_102.html#primaryimage"},"image":{"@id":"https:\/\/www.fcbarcelonanoticias.com\/en\/transfers\/transfers-exits-mentality-the-keys-of-barcelona-to-trascend-in-europe_289989_102.html#primaryimage"},"thumbnailUrl":"https:\/\/www.fcbarcelonanoticias.com\/en\/wp-content\/uploads\/sites\/2\/2023\/02\/fc-barcelona-v-manchester-united-knockout-round-play-off-leg-one-uefa-europa-league-4-1-1.jpeg","datePublished":"2023-02-26T08:11:00+00:00","dateModified":"2023-02-26T12:17:00+00:00","author":{"@id":"https:\/\/www.fcbarcelonanoticias.com\/en\/#\/schema\/person\/c2cd9f6fa1af5c0d0eccd0fefa575c88"},"description":"FC Barcelona could complete a fantastic triplet at the domestic level (League, Cup and Super Cup), but 2022\/23 will be marked by the lazy European pace. What do the cul\u00e9s need to recover European prestige? Here we review it","breadcrumb":{"@id":"https:\/\/www.fcbarcelonanoticias.com\/en\/transfers\/transfers-exits-mentality-the-keys-of-barcelona-to-trascend-in-europe_289989_102.html#breadcrumb"},"inLanguage":"en-US","potentialAction":[{"@type":"ReadAction","target":["https:\/\/www.fcbarcelonanoticias.com\/en\/transfers\/transfers-exits-mentality-the-keys-of-barcelona-to-trascend-in-europe_289989_102.html"]}]},{"@type":"ImageObject","inLanguage":"en-US","@id":"https:\/\/www.fcbarcelonanoticias.com\/en\/transfers\/transfers-exits-mentality-the-keys-of-barcelona-to-trascend-in-europe_289989_102.html#primaryimage","url":"https:\/\/www.fcbarcelonanoticias.com\/en\/wp-content\/uploads\/sites\/2\/2023\/02\/fc-barcelona-v-manchester-united-knockout-round-play-off-leg-one-uefa-europa-league-4-1-1.jpeg","contentUrl":"https:\/\/www.fcbarcelonanoticias.com\/en\/wp-content\/uploads\/sites\/2\/2023\/02\/fc-barcelona-v-manchester-united-knockout-round-play-off-leg-one-uefa-europa-league-4-1-1.jpeg","width":1200,"height":705},{"@type":"BreadcrumbList","@id":"https:\/\/www.fcbarcelonanoticias.com\/en\/transfers\/transfers-exits-mentality-the-keys-of-barcelona-to-trascend-in-europe_289989_102.html#breadcrumb","itemListElement":[{"@type":"ListItem","position":1,"name":"Portada","item":"https:\/\/www.fcbarcelonanoticias.com\/en\/"},{"@type":"ListItem","position":2,"name":"Transfers, departures, mentality&#8230; The keys for Bar\u00e7a to transcend in Europe"}]},{"@type":"WebSite","@id":"https:\/\/www.fcbarcelonanoticias.com\/en\/#website","url":"https:\/\/www.fcbarcelonanoticias.com\/en\/","name":"EN - FC Barcelona Noticias","description":"","potentialAction":[{"@type":"SearchAction","target":{"@type":"EntryPoint","urlTemplate":"https:\/\/www.fcbarcelonanoticias.com\/en\/?s={search_term_string}"},"query-input":{"@type":"PropertyValueSpecification","valueRequired":true,"valueName":"search_term_string"}}],"inLanguage":"en-US"},{"@type":"Person","@id":"https:\/\/www.fcbarcelonanoticias.com\/en\/#\/schema\/person\/c2cd9f6fa1af5c0d0eccd0fefa575c88","name":"Andr\u00e9s Quiroz","image":{"@type":"ImageObject","inLanguage":"en-US","@id":"https:\/\/secure.gravatar.com\/avatar\/?s=96&d=mm&r=g","url":"https:\/\/secure.gravatar.com\/avatar\/?s=96&d=mm&r=g","contentUrl":"https:\/\/secure.gravatar.com\/avatar\/?s=96&d=mm&r=g","caption":"Andr\u00e9s Quiroz"},"description":"Licenciado en Periodismo por la Universidad de los Andes. Me encargo de analizar y compartir los contenidos m\u00e1s destacados de la\u00a0actualidad del F\u00fatbol Club Barcelona, Mercado de Fichajes y F\u00fatbol Internacional en FCBN. La informaci\u00f3n es poder, pero tambi\u00e9n conocimiento.","url":"https:\/\/www.fcbarcelonanoticias.com\/en\/fc-barcelona\/andres-quiroz_17_115.html"}]}},"_links":{"self":[{"href":"https:\/\/www.fcbarcelonanoticias.com\/en\/wp-json\/wp\/v2\/posts\/145436","targetHints":{"allow":["GET"]}}],"collection":[{"href":"https:\/\/www.fcbarcelonanoticias.com\/en\/wp-json\/wp\/v2\/posts"}],"about":[{"href":"https:\/\/www.fcbarcelonanoticias.com\/en\/wp-json\/wp\/v2\/types\/post"}],"author":[{"embeddable":true,"href":"https:\/\/www.fcbarcelonanoticias.com\/en\/wp-json\/wp\/v2\/users\/347"}],"replies":[{"embeddable":true,"href":"https:\/\/www.fcbarcelonanoticias.com\/en\/wp-json\/wp\/v2\/comments?post=145436"}],"version-history":[{"count":1,"href":"https:\/\/www.fcbarcelonanoticias.com\/en\/wp-json\/wp\/v2\/posts\/145436\/revisions"}],"predecessor-version":[{"id":155709,"href":"https:\/\/www.fcbarcelonanoticias.com\/en\/wp-json\/wp\/v2\/posts\/145436\/revisions\/155709"}],"wp:featuredmedia":[{"embeddable":true,"href":"https:\/\/www.fcbarcelonanoticias.com\/en\/wp-json\/wp\/v2\/media\/145437"}],"wp:attachment":[{"href":"https:\/\/www.fcbarcelonanoticias.com\/en\/wp-json\/wp\/v2\/media?parent=145436"}],"wp:term":[{"taxonomy":"category","embeddable":true,"href":"https:\/\/www.fcbarcelonanoticias.com\/en\/wp-json\/wp\/v2\/categories?post=145436"},{"taxonomy":"post_tag","embeddable":true,"href":"https:\/\/www.fcbarcelonanoticias.com\/en\/wp-json\/wp\/v2\/tags?post=145436"}],"curies":[{"name":"wp","href":"https:\/\/api.w.org\/{rel}","templated":true}]}}