{"id":145599,"date":"2022-08-31T22:11:00","date_gmt":"2022-08-31T20:11:00","guid":{"rendered":"https:\/\/weisetech.dev\/fc-barcelona-noticias\/en\/twist-of-script-enclosed-agreement-barca-milan-by-sergino-dest_283860_102\/"},"modified":"2022-09-01T00:39:00","modified_gmt":"2022-08-31T22:39:00","slug":"twist-of-script-enclosed-agreement-barca-milan-by-sergino-dest_283860_102","status":"publish","type":"post","link":"https:\/\/www.fcbarcelonanoticias.com\/en\/transfers\/twist-of-script-enclosed-agreement-barca-milan-by-sergino-dest_283860_102.html","title":{"rendered":"Script twist! Agreement closed Bar\u00e7a\/Milan by Sergi\u00f1o Dest"},"content":{"rendered":"<h2 class=\"wp-block-heading\">The last hours of the transfer market have turned the future of Sergi\u00f1o Dest upside down. After ruling out the Manchester United option, the winger is very close to finalizing his transfer to AC MIl\u00e1n<\/h2>  \r\n<div class=\"article-addons\">\r\n    <a href=\"https:\/\/www.fcbarcelonanoticias.com\/en\/calendar-fc-barcelona.html\"\r\n       target=\"_self\"\r\n       title=\"Calendar of FC Barcelona\"\r\n       class=\"blue-gredient-btn\">\r\n       \r\n        Calendar of FC Barcelona    <\/a>\r\n<\/div>   <p>Everything aims to that Sergi\u00f1o Dest will leave the Thursday of the <a data-external=\"0\" data-intl-links-en=\"https:\/\/www.fcbarcelonanoticias.com\/en\/fcbn-tv\/novelties-in-can-barcelona-aubameyang-bellerin-operation-exit_283858_102.html\" data-intl-links-es=\"https:\/\/www.fcbarcelonanoticias.com\/fcbn-tv\/novedades-en-can-barcelona-aubameyang-bellerin-operacion-salida_283858_102.html\" href=\"https:\/\/www.fcbarcelonanoticias.com\/en\/fcbn-tv\/novelties-in-can-barcelona-aubameyang-bellerin-operation-exit_283858_102.html\" rel=\"follow\" target=\"_self\" title=\"\u00a1Novedades en Can Bar\u00e7a! Aubameyang, Beller\u00edn, 'operaci\u00f3n salida'...\">FC Barcelona<\/a>. In the last hours, the AC Milan has launched to by the American and, according to the journalist Fabrizio Romano, <strong>the clubs reached an agreement for the cession of the defender by a season with option of purchase no compulsory by 20 million euros<\/strong>. The player of 21 years has agreement with the Bar\u00e7a until June of 2025 and, if all goes well this season, the group &#8216;rossoneri&#8217; would sign him until June of 2027.<\/p>  <blockquote class=\"twitter-tweet\"> <p dir=\"ltr\" lang=\"en\">Sergi\u00f1o Dest to AC Milan, here we go and confirmed! Full agreement, praise with buy option around \u20ac20m not mandatory. Dest will sign until June 2027, one year praise plus potential four year deal. \ud83d\udea8\ud83d\udd34\u26ab\ufe0f <a href=\"https:\/\/twitter.com\/en\/hashtag\/ACMilan?src=hash&amp;ref_src=twsrc%5Etfw\">#ACMilan<\/a><br><br> Dest will fly to Milano on Wednesday morning to sign contracts. <a href=\"https:\/\/t.co\/en\/WA8woDWEg2\">pic.twitter.com\/wa8wodweg2<\/a><\/p> \u2014 Fabrizio Romano (@FabrizioRomano) <a href=\"https:\/\/twitter.com\/en\/FabrizioRomano\/status\/1565068020447416320?ref_src=twsrc%5Etfw\">August 31, 2022<\/a> <\/blockquote> <p>In this sense, the formality closes on the end of the window of transfers. <strong>Dest Will travel the Thursday in the morning to Milan to happen the medical recognition<\/strong> and would be available to debut with the ones of Stefano Pioli the Saturday in the &#8216;Derbi della Madonnina&#8217; in front of the Inter, next rival of the Bar\u00e7a in the phase of groups of the Champions League. The ones of Saint Siro will debut next Tuesday in the League of Champions visiting to the Network Bull Salzburgo.<\/p>  <p><strong>For Dest, this will be his third European adventure after his go through Ajax and Barcelona<\/strong>. The American with Dutch ancestry gorm\u00f3 in the ones of \u00c1msterdam and was purchased by the Bar\u00e7a in 2020 to request of Ronald Koeman. By his past in the Ajax especul\u00f3 on the interest of Erik have Hag to carry him to the Manchester United, but <strong>the same trainer tulip <a data-external=\"0\" data-intl-links-en=\"https:\/\/www.fcbarcelonanoticias.com\/en\/transfers\/have-hag-confirms-that-sergino-dest-will-not-play-in-the-united_283850_102.html\" data-intl-links-es=\"https:\/\/www.fcbarcelonanoticias.com\/fichajes\/ten-hag-confirma-sergino-dest-no-jugara-en-united_283850_102.html\" href=\"https:\/\/www.fcbarcelonanoticias.com\/en\/transfers\/have-hag-confirms-that-sergino-dest-will-not-play-in-the-united_283850_102.html\" rel=\"follow\" target=\"_self\" title=\"Ten Hag confirma que Sergi\u00f1o Dest no jugar\u00e1 en el United\">descart\u00f3 his signing<\/a> and ensured that the staff of the &#8216;network devils&#8217; was closed<\/strong>.<\/p>  <p>Sergi\u00f1o Will abandon Catalonia after two seasons in where it never attained to consolidate like right side title.<strong> With Koeman played enough in the 2020-21 and the ex technical blaugrana encouraged to plant him in several parties like extreme<\/strong> by right beside Leo Messi and Antoine Griezmann (first) and with the pair Messi-Kun Ag\u00fcero to the beginning of the past season, with results by satisfactory.<\/p>  <h3>The preseason sentenced Dest<\/h3>  <p><a data-external=\"0\" data-intl-links-en=\"https:\/\/www.fcbarcelonanoticias.com\/en\/fc-barcelona\/xavi-rewards-in-the-field-the-generous-attitude-of-gavi-with-s_283801_102.html\" data-intl-links-es=\"https:\/\/www.fcbarcelonanoticias.com\/fc-barcelona\/xavi-premia-en-campo-generosa-actitud-gavi-con-su-renovacion_283801_102.html\" href=\"https:\/\/www.fcbarcelonanoticias.com\/en\/fc-barcelona\/xavi-rewards-in-the-field-the-generous-attitude-of-gavi-with-s_283801_102.html\" rel=\"follow\" target=\"_self\" title=\"Xavi rewards Gavi's generous attitude on the field with his renewal\">Xavi<\/a> gave the American the confidence to take over at right back in the Europa League last semester. The club ended up eliminated in the quarterfinals against Eintracht Frankfurt (3-4 on aggregate) and, <strong>from there, the Almere&#8217;s minutes dropped dramatically.<\/strong> Dani Alves took over the right back in LaLiga and, after the Brazilian&#8217;s departure, the coach from Egar decided to place Ronald Ara\u00fajo in that position on the pre-season tour in the United States.<\/p>  <p><strong>Only in the preseason debut against Olot did Dest become a starter<\/strong>, playing only the first half in the friendly that ended 1-1 with a majority of youth players present. <strong>Finally, the side will leave after playing a total of 72 games in two seasons (4,792 minutes) in which he added 3 goals and 5 assists<\/strong>. In his record is the Copa del Rey 2021 obtained in Seville against Athletic Bilbao, a match in which he started and played 73 minutes.<\/p> ","protected":false},"excerpt":{"rendered":"<p>The last hours of the transfer market have turned the future of Sergi\u00f1o Dest upside down. After ruling out the Manchester United option, the winger is very close to finalizing his transfer to AC MIl\u00e1n Everything aims to that Sergi\u00f1o Dest will leave the Thursday of the FC Barcelona. In the last hours, the AC [&hellip;]<\/p>\n","protected":false},"author":347,"featured_media":145600,"comment_status":"closed","ping_status":"open","sticky":false,"template":"","format":"standard","meta":{"_acf_changed":false,"inline_featured_image":false,"_nextfly_llmd_date_locked":false,"footnotes":""},"categories":[449,106],"tags":[311],"class_list":["post-145599","post","type-post","status-publish","format-standard","has-post-thumbnail","hentry","category-transfers-2","category-transfers","tag-sergino-dest"],"acf":[],"yoast_head":"<!-- This site is optimized with the Yoast SEO plugin v27.3 - https:\/\/yoast.com\/product\/yoast-seo-wordpress\/ -->\n<title>Twist of script! Enclosed agreement Bar\u00e7a\/Milan by Sergi\u00f1o Dest<\/title>\n<meta name=\"description\" content=\"The last hours of the market of signings have given a dump in the future of Sergi\u00f1o Dest. After descartarse the option of the Manchester United, the side is...\" \/>\n<meta name=\"robots\" content=\"index, follow, max-snippet:-1, max-image-preview:large, max-video-preview:-1\" \/>\n<link rel=\"canonical\" href=\"https:\/\/www.fcbarcelonanoticias.com\/en\/transfers\/twist-of-script-enclosed-agreement-barca-milan-by-sergino-dest_283860_102.html\" \/>\n<meta property=\"og:locale\" content=\"en_US\" \/>\n<meta property=\"og:type\" content=\"article\" \/>\n<meta property=\"og:title\" content=\"Twist of script! Enclosed agreement Bar\u00e7a\/Milan by Sergi\u00f1o Dest\" \/>\n<meta property=\"og:description\" content=\"The last hours of the market of signings have given a dump in the future of Sergi\u00f1o Dest. After descartarse the option of the Manchester United, the side is...\" \/>\n<meta property=\"og:url\" content=\"https:\/\/www.fcbarcelonanoticias.com\/en\/transfers\/twist-of-script-enclosed-agreement-barca-milan-by-sergino-dest_283860_102.html\" \/>\n<meta property=\"og:site_name\" content=\"EN - FC Barcelona Noticias\" \/>\n<meta property=\"article:published_time\" content=\"2022-08-31T20:11:00+00:00\" \/>\n<meta property=\"article:modified_time\" content=\"2022-08-31T22:39:00+00:00\" \/>\n<meta property=\"og:image\" content=\"https:\/\/www.fcbarcelonanoticias.com\/en\/wp-content\/uploads\/sites\/2\/2022\/08\/dest-barca-milan.jpeg\" \/>\n\t<meta property=\"og:image:width\" content=\"1300\" \/>\n\t<meta property=\"og:image:height\" content=\"727\" \/>\n\t<meta property=\"og:image:type\" content=\"image\/jpeg\" \/>\n<meta name=\"author\" content=\"Andr\u00e9s Quiroz\" \/>\n<meta name=\"twitter:card\" content=\"summary_large_image\" \/>\n<meta name=\"twitter:label1\" content=\"Written by\" \/>\n\t<meta name=\"twitter:data1\" content=\"Andr\u00e9s Quiroz\" \/>\n\t<meta name=\"twitter:label2\" content=\"Est. reading time\" \/>\n\t<meta name=\"twitter:data2\" content=\"3 minutes\" \/>\n<script type=\"application\/ld+json\" class=\"yoast-schema-graph\">{\"@context\":\"https:\\\/\\\/schema.org\",\"@graph\":[{\"@type\":\"Article\",\"@id\":\"https:\\\/\\\/www.fcbarcelonanoticias.com\\\/en\\\/transfers\\\/twist-of-script-enclosed-agreement-barca-milan-by-sergino-dest_283860_102.html#article\",\"isPartOf\":{\"@id\":\"https:\\\/\\\/www.fcbarcelonanoticias.com\\\/en\\\/transfers\\\/twist-of-script-enclosed-agreement-barca-milan-by-sergino-dest_283860_102.html\"},\"author\":{\"name\":\"Andr\u00e9s Quiroz\",\"@id\":\"https:\\\/\\\/www.fcbarcelonanoticias.com\\\/en\\\/#\\\/schema\\\/person\\\/c2cd9f6fa1af5c0d0eccd0fefa575c88\"},\"headline\":\"Script twist! Agreement closed Bar\u00e7a\\\/Milan by Sergi\u00f1o Dest\",\"datePublished\":\"2022-08-31T20:11:00+00:00\",\"dateModified\":\"2022-08-31T22:39:00+00:00\",\"mainEntityOfPage\":{\"@id\":\"https:\\\/\\\/www.fcbarcelonanoticias.com\\\/en\\\/transfers\\\/twist-of-script-enclosed-agreement-barca-milan-by-sergino-dest_283860_102.html\"},\"wordCount\":581,\"image\":{\"@id\":\"https:\\\/\\\/www.fcbarcelonanoticias.com\\\/en\\\/transfers\\\/twist-of-script-enclosed-agreement-barca-milan-by-sergino-dest_283860_102.html#primaryimage\"},\"thumbnailUrl\":\"https:\\\/\\\/www.fcbarcelonanoticias.com\\\/en\\\/wp-content\\\/uploads\\\/sites\\\/2\\\/2022\\\/08\\\/dest-barca-milan.jpeg\",\"keywords\":[\"Sergi\u00f1o Dest\"],\"articleSection\":[\"Transfers\",\"Transfers\"],\"inLanguage\":\"en-US\"},{\"@type\":\"WebPage\",\"@id\":\"https:\\\/\\\/www.fcbarcelonanoticias.com\\\/en\\\/transfers\\\/twist-of-script-enclosed-agreement-barca-milan-by-sergino-dest_283860_102.html\",\"url\":\"https:\\\/\\\/www.fcbarcelonanoticias.com\\\/en\\\/transfers\\\/twist-of-script-enclosed-agreement-barca-milan-by-sergino-dest_283860_102.html\",\"name\":\"Twist of script! Enclosed agreement Bar\u00e7a\\\/Milan by Sergi\u00f1o Dest\",\"isPartOf\":{\"@id\":\"https:\\\/\\\/www.fcbarcelonanoticias.com\\\/en\\\/#website\"},\"primaryImageOfPage\":{\"@id\":\"https:\\\/\\\/www.fcbarcelonanoticias.com\\\/en\\\/transfers\\\/twist-of-script-enclosed-agreement-barca-milan-by-sergino-dest_283860_102.html#primaryimage\"},\"image\":{\"@id\":\"https:\\\/\\\/www.fcbarcelonanoticias.com\\\/en\\\/transfers\\\/twist-of-script-enclosed-agreement-barca-milan-by-sergino-dest_283860_102.html#primaryimage\"},\"thumbnailUrl\":\"https:\\\/\\\/www.fcbarcelonanoticias.com\\\/en\\\/wp-content\\\/uploads\\\/sites\\\/2\\\/2022\\\/08\\\/dest-barca-milan.jpeg\",\"datePublished\":\"2022-08-31T20:11:00+00:00\",\"dateModified\":\"2022-08-31T22:39:00+00:00\",\"author\":{\"@id\":\"https:\\\/\\\/www.fcbarcelonanoticias.com\\\/en\\\/#\\\/schema\\\/person\\\/c2cd9f6fa1af5c0d0eccd0fefa575c88\"},\"description\":\"The last hours of the market of signings have given a dump in the future of Sergi\u00f1o Dest. After descartarse the option of the Manchester United, the side is...\",\"breadcrumb\":{\"@id\":\"https:\\\/\\\/www.fcbarcelonanoticias.com\\\/en\\\/transfers\\\/twist-of-script-enclosed-agreement-barca-milan-by-sergino-dest_283860_102.html#breadcrumb\"},\"inLanguage\":\"en-US\",\"potentialAction\":[{\"@type\":\"ReadAction\",\"target\":[\"https:\\\/\\\/www.fcbarcelonanoticias.com\\\/en\\\/transfers\\\/twist-of-script-enclosed-agreement-barca-milan-by-sergino-dest_283860_102.html\"]}]},{\"@type\":\"ImageObject\",\"inLanguage\":\"en-US\",\"@id\":\"https:\\\/\\\/www.fcbarcelonanoticias.com\\\/en\\\/transfers\\\/twist-of-script-enclosed-agreement-barca-milan-by-sergino-dest_283860_102.html#primaryimage\",\"url\":\"https:\\\/\\\/www.fcbarcelonanoticias.com\\\/en\\\/wp-content\\\/uploads\\\/sites\\\/2\\\/2022\\\/08\\\/dest-barca-milan.jpeg\",\"contentUrl\":\"https:\\\/\\\/www.fcbarcelonanoticias.com\\\/en\\\/wp-content\\\/uploads\\\/sites\\\/2\\\/2022\\\/08\\\/dest-barca-milan.jpeg\",\"width\":1300,\"height\":727},{\"@type\":\"BreadcrumbList\",\"@id\":\"https:\\\/\\\/www.fcbarcelonanoticias.com\\\/en\\\/transfers\\\/twist-of-script-enclosed-agreement-barca-milan-by-sergino-dest_283860_102.html#breadcrumb\",\"itemListElement\":[{\"@type\":\"ListItem\",\"position\":1,\"name\":\"Portada\",\"item\":\"https:\\\/\\\/www.fcbarcelonanoticias.com\\\/en\\\/\"},{\"@type\":\"ListItem\",\"position\":2,\"name\":\"Script twist! Agreement closed Bar\u00e7a\\\/Milan by Sergi\u00f1o Dest\"}]},{\"@type\":\"WebSite\",\"@id\":\"https:\\\/\\\/www.fcbarcelonanoticias.com\\\/en\\\/#website\",\"url\":\"https:\\\/\\\/www.fcbarcelonanoticias.com\\\/en\\\/\",\"name\":\"EN - FC Barcelona Noticias\",\"description\":\"\",\"potentialAction\":[{\"@type\":\"SearchAction\",\"target\":{\"@type\":\"EntryPoint\",\"urlTemplate\":\"https:\\\/\\\/www.fcbarcelonanoticias.com\\\/en\\\/?s={search_term_string}\"},\"query-input\":{\"@type\":\"PropertyValueSpecification\",\"valueRequired\":true,\"valueName\":\"search_term_string\"}}],\"inLanguage\":\"en-US\"},{\"@type\":\"Person\",\"@id\":\"https:\\\/\\\/www.fcbarcelonanoticias.com\\\/en\\\/#\\\/schema\\\/person\\\/c2cd9f6fa1af5c0d0eccd0fefa575c88\",\"name\":\"Andr\u00e9s Quiroz\",\"image\":{\"@type\":\"ImageObject\",\"inLanguage\":\"en-US\",\"@id\":\"https:\\\/\\\/secure.gravatar.com\\\/avatar\\\/?s=96&d=mm&r=g\",\"url\":\"https:\\\/\\\/secure.gravatar.com\\\/avatar\\\/?s=96&d=mm&r=g\",\"contentUrl\":\"https:\\\/\\\/secure.gravatar.com\\\/avatar\\\/?s=96&d=mm&r=g\",\"caption\":\"Andr\u00e9s Quiroz\"},\"description\":\"Licenciado en Periodismo por la Universidad de los Andes. Me encargo de analizar y compartir los contenidos m\u00e1s destacados de la\u00a0actualidad del F\u00fatbol Club Barcelona, Mercado de Fichajes y F\u00fatbol Internacional en FCBN. La informaci\u00f3n es poder, pero tambi\u00e9n conocimiento.\",\"url\":\"https:\\\/\\\/www.fcbarcelonanoticias.com\\\/en\\\/fc-barcelona\\\/andres-quiroz_17_115.html\"}]}<\/script>\n<!-- \/ Yoast SEO plugin. -->","yoast_head_json":{"title":"Twist of script! Enclosed agreement Bar\u00e7a\/Milan by Sergi\u00f1o Dest","description":"The last hours of the market of signings have given a dump in the future of Sergi\u00f1o Dest. After descartarse the option of the Manchester United, the side is...","robots":{"index":"index","follow":"follow","max-snippet":"max-snippet:-1","max-image-preview":"max-image-preview:large","max-video-preview":"max-video-preview:-1"},"canonical":"https:\/\/www.fcbarcelonanoticias.com\/en\/transfers\/twist-of-script-enclosed-agreement-barca-milan-by-sergino-dest_283860_102.html","og_locale":"en_US","og_type":"article","og_title":"Twist of script! Enclosed agreement Bar\u00e7a\/Milan by Sergi\u00f1o Dest","og_description":"The last hours of the market of signings have given a dump in the future of Sergi\u00f1o Dest. After descartarse the option of the Manchester United, the side is...","og_url":"https:\/\/www.fcbarcelonanoticias.com\/en\/transfers\/twist-of-script-enclosed-agreement-barca-milan-by-sergino-dest_283860_102.html","og_site_name":"EN - FC Barcelona Noticias","article_published_time":"2022-08-31T20:11:00+00:00","article_modified_time":"2022-08-31T22:39:00+00:00","og_image":[{"width":1300,"height":727,"url":"https:\/\/www.fcbarcelonanoticias.com\/en\/wp-content\/uploads\/sites\/2\/2022\/08\/dest-barca-milan.jpeg","type":"image\/jpeg"}],"author":"Andr\u00e9s Quiroz","twitter_card":"summary_large_image","twitter_misc":{"Written by":"Andr\u00e9s Quiroz","Est. reading time":"3 minutes"},"schema":{"@context":"https:\/\/schema.org","@graph":[{"@type":"Article","@id":"https:\/\/www.fcbarcelonanoticias.com\/en\/transfers\/twist-of-script-enclosed-agreement-barca-milan-by-sergino-dest_283860_102.html#article","isPartOf":{"@id":"https:\/\/www.fcbarcelonanoticias.com\/en\/transfers\/twist-of-script-enclosed-agreement-barca-milan-by-sergino-dest_283860_102.html"},"author":{"name":"Andr\u00e9s Quiroz","@id":"https:\/\/www.fcbarcelonanoticias.com\/en\/#\/schema\/person\/c2cd9f6fa1af5c0d0eccd0fefa575c88"},"headline":"Script twist! Agreement closed Bar\u00e7a\/Milan by Sergi\u00f1o Dest","datePublished":"2022-08-31T20:11:00+00:00","dateModified":"2022-08-31T22:39:00+00:00","mainEntityOfPage":{"@id":"https:\/\/www.fcbarcelonanoticias.com\/en\/transfers\/twist-of-script-enclosed-agreement-barca-milan-by-sergino-dest_283860_102.html"},"wordCount":581,"image":{"@id":"https:\/\/www.fcbarcelonanoticias.com\/en\/transfers\/twist-of-script-enclosed-agreement-barca-milan-by-sergino-dest_283860_102.html#primaryimage"},"thumbnailUrl":"https:\/\/www.fcbarcelonanoticias.com\/en\/wp-content\/uploads\/sites\/2\/2022\/08\/dest-barca-milan.jpeg","keywords":["Sergi\u00f1o Dest"],"articleSection":["Transfers","Transfers"],"inLanguage":"en-US"},{"@type":"WebPage","@id":"https:\/\/www.fcbarcelonanoticias.com\/en\/transfers\/twist-of-script-enclosed-agreement-barca-milan-by-sergino-dest_283860_102.html","url":"https:\/\/www.fcbarcelonanoticias.com\/en\/transfers\/twist-of-script-enclosed-agreement-barca-milan-by-sergino-dest_283860_102.html","name":"Twist of script! Enclosed agreement Bar\u00e7a\/Milan by Sergi\u00f1o Dest","isPartOf":{"@id":"https:\/\/www.fcbarcelonanoticias.com\/en\/#website"},"primaryImageOfPage":{"@id":"https:\/\/www.fcbarcelonanoticias.com\/en\/transfers\/twist-of-script-enclosed-agreement-barca-milan-by-sergino-dest_283860_102.html#primaryimage"},"image":{"@id":"https:\/\/www.fcbarcelonanoticias.com\/en\/transfers\/twist-of-script-enclosed-agreement-barca-milan-by-sergino-dest_283860_102.html#primaryimage"},"thumbnailUrl":"https:\/\/www.fcbarcelonanoticias.com\/en\/wp-content\/uploads\/sites\/2\/2022\/08\/dest-barca-milan.jpeg","datePublished":"2022-08-31T20:11:00+00:00","dateModified":"2022-08-31T22:39:00+00:00","author":{"@id":"https:\/\/www.fcbarcelonanoticias.com\/en\/#\/schema\/person\/c2cd9f6fa1af5c0d0eccd0fefa575c88"},"description":"The last hours of the market of signings have given a dump in the future of Sergi\u00f1o Dest. After descartarse the option of the Manchester United, the side is...","breadcrumb":{"@id":"https:\/\/www.fcbarcelonanoticias.com\/en\/transfers\/twist-of-script-enclosed-agreement-barca-milan-by-sergino-dest_283860_102.html#breadcrumb"},"inLanguage":"en-US","potentialAction":[{"@type":"ReadAction","target":["https:\/\/www.fcbarcelonanoticias.com\/en\/transfers\/twist-of-script-enclosed-agreement-barca-milan-by-sergino-dest_283860_102.html"]}]},{"@type":"ImageObject","inLanguage":"en-US","@id":"https:\/\/www.fcbarcelonanoticias.com\/en\/transfers\/twist-of-script-enclosed-agreement-barca-milan-by-sergino-dest_283860_102.html#primaryimage","url":"https:\/\/www.fcbarcelonanoticias.com\/en\/wp-content\/uploads\/sites\/2\/2022\/08\/dest-barca-milan.jpeg","contentUrl":"https:\/\/www.fcbarcelonanoticias.com\/en\/wp-content\/uploads\/sites\/2\/2022\/08\/dest-barca-milan.jpeg","width":1300,"height":727},{"@type":"BreadcrumbList","@id":"https:\/\/www.fcbarcelonanoticias.com\/en\/transfers\/twist-of-script-enclosed-agreement-barca-milan-by-sergino-dest_283860_102.html#breadcrumb","itemListElement":[{"@type":"ListItem","position":1,"name":"Portada","item":"https:\/\/www.fcbarcelonanoticias.com\/en\/"},{"@type":"ListItem","position":2,"name":"Script twist! Agreement closed Bar\u00e7a\/Milan by Sergi\u00f1o Dest"}]},{"@type":"WebSite","@id":"https:\/\/www.fcbarcelonanoticias.com\/en\/#website","url":"https:\/\/www.fcbarcelonanoticias.com\/en\/","name":"EN - FC Barcelona Noticias","description":"","potentialAction":[{"@type":"SearchAction","target":{"@type":"EntryPoint","urlTemplate":"https:\/\/www.fcbarcelonanoticias.com\/en\/?s={search_term_string}"},"query-input":{"@type":"PropertyValueSpecification","valueRequired":true,"valueName":"search_term_string"}}],"inLanguage":"en-US"},{"@type":"Person","@id":"https:\/\/www.fcbarcelonanoticias.com\/en\/#\/schema\/person\/c2cd9f6fa1af5c0d0eccd0fefa575c88","name":"Andr\u00e9s Quiroz","image":{"@type":"ImageObject","inLanguage":"en-US","@id":"https:\/\/secure.gravatar.com\/avatar\/?s=96&d=mm&r=g","url":"https:\/\/secure.gravatar.com\/avatar\/?s=96&d=mm&r=g","contentUrl":"https:\/\/secure.gravatar.com\/avatar\/?s=96&d=mm&r=g","caption":"Andr\u00e9s Quiroz"},"description":"Licenciado en Periodismo por la Universidad de los Andes. Me encargo de analizar y compartir los contenidos m\u00e1s destacados de la\u00a0actualidad del F\u00fatbol Club Barcelona, Mercado de Fichajes y F\u00fatbol Internacional en FCBN. La informaci\u00f3n es poder, pero tambi\u00e9n conocimiento.","url":"https:\/\/www.fcbarcelonanoticias.com\/en\/fc-barcelona\/andres-quiroz_17_115.html"}]}},"_links":{"self":[{"href":"https:\/\/www.fcbarcelonanoticias.com\/en\/wp-json\/wp\/v2\/posts\/145599","targetHints":{"allow":["GET"]}}],"collection":[{"href":"https:\/\/www.fcbarcelonanoticias.com\/en\/wp-json\/wp\/v2\/posts"}],"about":[{"href":"https:\/\/www.fcbarcelonanoticias.com\/en\/wp-json\/wp\/v2\/types\/post"}],"author":[{"embeddable":true,"href":"https:\/\/www.fcbarcelonanoticias.com\/en\/wp-json\/wp\/v2\/users\/347"}],"replies":[{"embeddable":true,"href":"https:\/\/www.fcbarcelonanoticias.com\/en\/wp-json\/wp\/v2\/comments?post=145599"}],"version-history":[{"count":1,"href":"https:\/\/www.fcbarcelonanoticias.com\/en\/wp-json\/wp\/v2\/posts\/145599\/revisions"}],"predecessor-version":[{"id":155777,"href":"https:\/\/www.fcbarcelonanoticias.com\/en\/wp-json\/wp\/v2\/posts\/145599\/revisions\/155777"}],"wp:featuredmedia":[{"embeddable":true,"href":"https:\/\/www.fcbarcelonanoticias.com\/en\/wp-json\/wp\/v2\/media\/145600"}],"wp:attachment":[{"href":"https:\/\/www.fcbarcelonanoticias.com\/en\/wp-json\/wp\/v2\/media?parent=145599"}],"wp:term":[{"taxonomy":"category","embeddable":true,"href":"https:\/\/www.fcbarcelonanoticias.com\/en\/wp-json\/wp\/v2\/categories?post=145599"},{"taxonomy":"post_tag","embeddable":true,"href":"https:\/\/www.fcbarcelonanoticias.com\/en\/wp-json\/wp\/v2\/tags?post=145599"}],"curies":[{"name":"wp","href":"https:\/\/api.w.org\/{rel}","templated":true}]}}