{"id":145611,"date":"2024-11-13T22:23:00","date_gmt":"2024-11-13T21:23:00","guid":{"rendered":"https:\/\/weisetech.dev\/fc-barcelona-noticias\/en\/two-bayern-stars-are-considering-their-futures-and-barcelona-could-benefit_308597_102\/"},"modified":"2024-11-13T23:17:00","modified_gmt":"2024-11-13T22:17:00","slug":"two-bayern-stars-are-considering-their-futures-and-barcelona-could-benefit_308597_102","status":"publish","type":"post","link":"https:\/\/www.fcbarcelonanoticias.com\/en\/transfers\/two-bayern-stars-are-considering-their-futures-and-barcelona-could-benefit_308597_102.html","title":{"rendered":"Two Bayern stars are considering their futures and Barcelona could benefit"},"content":{"rendered":"<h2 class=\"wp-block-heading\">Joshua Kimmich and Jamal Musiala&#8217;s contracts with Bayern are close to expiring and their continuity at the Allianz Arena is a real question mark<\/h2>  \r\n<div class=\"article-addons\">\r\n    <a href=\"https:\/\/www.fcbarcelonanoticias.com\/en\/calendar-fc-barcelona.html\"\r\n       target=\"_self\"\r\n       title=\"Calendar of FC Barcelona\"\r\n       class=\"blue-gredient-btn\">\r\n       \r\n        Calendar of FC Barcelona    <\/a>\r\n<\/div>   <p><strong>Bayern Munich<\/strong> are in a delicate situation with two of their most important figures, <strong>Joshua Kimmich and Jamal Musiala<\/strong>. The contracts of the two &#8216;cracks&#8217; expire in 2025 and 2026, respectively, and they have not yet reached an agreement with the Bavarians to close their renewals, which is why speculation about their possible departures from the club has skyrocketed.<\/p>  <p><strong>FC Barcelona <\/strong>is one of the teams that closely follows both figures and could benefit from the &#8216;soap opera&#8217;. &#8220;<strong>I am in contact with the club<\/strong>,&#8221; were the words of the German midfielder this Wednesday during a press conference at the concentration of the German national team in Frankfurt, where his future at the Allianz Arena was one of the main topics.<\/p>  <p>&#8220;We all know what my situation was like eight or ten weeks ago. I got the feeling that people were wondering when Kimmich would finally leave. Now things are different again. <strong>It&#8217;s a very important decision in my career. It has to be well thought out<\/strong>. Of course the past plays a role. And the future too,&#8221; he added, <a data-external=\"0\" data-intl-links-en=\"https:\/\/www.fcbarcelonanoticias.com\/en\/transfers\/is-signing-him-still-an-option-joshua-kimmich-wink-to-fc-barcelona_308087_102.html\" data-intl-links-es=\"https:\/\/www.fcbarcelonanoticias.com\/fichajes\/fichaje-kimmich-barcelona-previa-champions-league-contra-bayern_308087_102.html\" href=\"https:\/\/www.fcbarcelonanoticias.com\/en\/transfers\/is-signing-him-still-an-option-joshua-kimmich-wink-to-fc-barcelona_308087_102.html\" rel=\"follow\" target=\"_self\" title=\"Is signing him still an option? Joshua Kimmich's 'wink' to FC Barcelona\">leaving his future more up in the air than ever<\/a>.<\/p>  <h3>Musiala&#8217;s contract, a &#8216;headache&#8217; for Bayern<\/h3>  <p>For his part, and although his contract has two years left, <strong>Musiala <\/strong>keeps the Munich team in suspense, who see the 21-year-old attacking midfielder as their next star player. From the Allianz Arena they have set in motion the machinery to renew his contract as soon as possible, <a data-external=\"0\" data-intl-links-en=\"https:\/\/www.fcbarcelonanoticias.com\/en\/transfers\/jamal-musiala-plays-tricks-on-his-future_308573_102.html\" data-intl-links-es=\"https:\/\/www.fcbarcelonanoticias.com\/fichajes\/jamal-musiala-juega-despiste-con-su-futuro_308573_102.html\" href=\"https:\/\/www.fcbarcelonanoticias.com\/en\/transfers\/jamal-musiala-plays-tricks-on-his-future_308573_102.html\" rel=\"follow\" target=\"_self\" title=\"Jamal Musiala plays tricks on his future\">but the player continues to play a trick on his future<\/a>.<\/p>  <p>&#8220;<strong>I can&#8217;t say much about the contract issue<\/strong>. My focus is on the national team, but I&#8217;m happy in Munich,&#8221; said Jamal from the &#8216;Die Mannschaft&#8217; training camp. These words have alerted <strong>Bar\u00e7a<\/strong>, who are keeping a close eye on the soap operas of both stars, waiting to strike a blow with the signing of one of them if they finally decide to change teams.<\/p> ","protected":false},"excerpt":{"rendered":"<p>Joshua Kimmich and Jamal Musiala&#8217;s contracts with Bayern are close to expiring and their continuity at the Allianz Arena is a real question mark Bayern Munich are in a delicate situation with two of their most important figures, Joshua Kimmich and Jamal Musiala. The contracts of the two &#8216;cracks&#8217; expire in 2025 and 2026, respectively, [&hellip;]<\/p>\n","protected":false},"author":358,"featured_media":145612,"comment_status":"closed","ping_status":"open","sticky":false,"template":"","format":"standard","meta":{"_acf_changed":false,"inline_featured_image":false,"_nextfly_llmd_date_locked":false,"footnotes":""},"categories":[106,449],"tags":[104,212,259],"class_list":["post-145611","post","type-post","status-publish","format-standard","has-post-thumbnail","hentry","category-transfers","category-transfers-2","tag-bayern-munich","tag-jamal-musiala","tag-joshua-kimmich"],"acf":[],"yoast_head":"<!-- This site is optimized with the Yoast SEO plugin v27.3 - https:\/\/yoast.com\/product\/yoast-seo-wordpress\/ -->\n<title>Two Bayern stars are considering their futures and Barcelona could benefit<\/title>\n<meta name=\"description\" content=\"Joshua Kimmich and Jamal Musiala&#039;s contracts with Bayern are close to expiring and their continuity at the Allianz Arena is a real question mark\" \/>\n<meta name=\"robots\" content=\"index, follow, max-snippet:-1, max-image-preview:large, max-video-preview:-1\" \/>\n<link rel=\"canonical\" href=\"https:\/\/www.fcbarcelonanoticias.com\/en\/transfers\/two-bayern-stars-are-considering-their-futures-and-barcelona-could-benefit_308597_102.html\" \/>\n<meta property=\"og:locale\" content=\"en_US\" \/>\n<meta property=\"og:type\" content=\"article\" \/>\n<meta property=\"og:title\" content=\"Two Bayern stars are considering their futures and Barcelona could benefit\" \/>\n<meta property=\"og:description\" content=\"Joshua Kimmich and Jamal Musiala&#039;s contracts with Bayern are close to expiring and their continuity at the Allianz Arena is a real question mark\" \/>\n<meta property=\"og:url\" content=\"https:\/\/www.fcbarcelonanoticias.com\/en\/transfers\/two-bayern-stars-are-considering-their-futures-and-barcelona-could-benefit_308597_102.html\" \/>\n<meta property=\"og:site_name\" content=\"EN - FC Barcelona Noticias\" \/>\n<meta property=\"article:published_time\" content=\"2024-11-13T21:23:00+00:00\" \/>\n<meta property=\"article:modified_time\" content=\"2024-11-13T22:17:00+00:00\" \/>\n<meta property=\"og:image\" content=\"https:\/\/www.fcbarcelonanoticias.com\/en\/wp-content\/uploads\/sites\/2\/2024\/11\/davies-kimmich-musiala.jpeg\" \/>\n\t<meta property=\"og:image:width\" content=\"1250\" \/>\n\t<meta property=\"og:image:height\" content=\"730\" \/>\n\t<meta property=\"og:image:type\" content=\"image\/jpeg\" \/>\n<meta name=\"author\" content=\"Juan Pablo Berdugo\" \/>\n<meta name=\"twitter:card\" content=\"summary_large_image\" \/>\n<meta name=\"twitter:label1\" content=\"Written by\" \/>\n\t<meta name=\"twitter:data1\" content=\"Juan Pablo Berdugo\" \/>\n\t<meta name=\"twitter:label2\" content=\"Est. reading time\" \/>\n\t<meta name=\"twitter:data2\" content=\"2 minutes\" \/>\n<script type=\"application\/ld+json\" class=\"yoast-schema-graph\">{\"@context\":\"https:\\\/\\\/schema.org\",\"@graph\":[{\"@type\":\"Article\",\"@id\":\"https:\\\/\\\/www.fcbarcelonanoticias.com\\\/en\\\/transfers\\\/two-bayern-stars-are-considering-their-futures-and-barcelona-could-benefit_308597_102.html#article\",\"isPartOf\":{\"@id\":\"https:\\\/\\\/www.fcbarcelonanoticias.com\\\/en\\\/transfers\\\/two-bayern-stars-are-considering-their-futures-and-barcelona-could-benefit_308597_102.html\"},\"author\":{\"name\":\"Juan Pablo Berdugo\",\"@id\":\"https:\\\/\\\/www.fcbarcelonanoticias.com\\\/en\\\/#\\\/schema\\\/person\\\/88d756918a0a1ae9fa593b5edddd1815\"},\"headline\":\"Two Bayern stars are considering their futures and Barcelona could benefit\",\"datePublished\":\"2024-11-13T21:23:00+00:00\",\"dateModified\":\"2024-11-13T22:17:00+00:00\",\"mainEntityOfPage\":{\"@id\":\"https:\\\/\\\/www.fcbarcelonanoticias.com\\\/en\\\/transfers\\\/two-bayern-stars-are-considering-their-futures-and-barcelona-could-benefit_308597_102.html\"},\"wordCount\":359,\"image\":{\"@id\":\"https:\\\/\\\/www.fcbarcelonanoticias.com\\\/en\\\/transfers\\\/two-bayern-stars-are-considering-their-futures-and-barcelona-could-benefit_308597_102.html#primaryimage\"},\"thumbnailUrl\":\"https:\\\/\\\/www.fcbarcelonanoticias.com\\\/en\\\/wp-content\\\/uploads\\\/sites\\\/2\\\/2024\\\/11\\\/davies-kimmich-musiala.jpeg\",\"keywords\":[\"Bayern Munich\",\"Jamal Musiala\",\"Joshua Kimmich\"],\"articleSection\":[\"Transfers\",\"Transfers\"],\"inLanguage\":\"en-US\"},{\"@type\":\"WebPage\",\"@id\":\"https:\\\/\\\/www.fcbarcelonanoticias.com\\\/en\\\/transfers\\\/two-bayern-stars-are-considering-their-futures-and-barcelona-could-benefit_308597_102.html\",\"url\":\"https:\\\/\\\/www.fcbarcelonanoticias.com\\\/en\\\/transfers\\\/two-bayern-stars-are-considering-their-futures-and-barcelona-could-benefit_308597_102.html\",\"name\":\"Two Bayern stars are considering their futures and Barcelona could benefit\",\"isPartOf\":{\"@id\":\"https:\\\/\\\/www.fcbarcelonanoticias.com\\\/en\\\/#website\"},\"primaryImageOfPage\":{\"@id\":\"https:\\\/\\\/www.fcbarcelonanoticias.com\\\/en\\\/transfers\\\/two-bayern-stars-are-considering-their-futures-and-barcelona-could-benefit_308597_102.html#primaryimage\"},\"image\":{\"@id\":\"https:\\\/\\\/www.fcbarcelonanoticias.com\\\/en\\\/transfers\\\/two-bayern-stars-are-considering-their-futures-and-barcelona-could-benefit_308597_102.html#primaryimage\"},\"thumbnailUrl\":\"https:\\\/\\\/www.fcbarcelonanoticias.com\\\/en\\\/wp-content\\\/uploads\\\/sites\\\/2\\\/2024\\\/11\\\/davies-kimmich-musiala.jpeg\",\"datePublished\":\"2024-11-13T21:23:00+00:00\",\"dateModified\":\"2024-11-13T22:17:00+00:00\",\"author\":{\"@id\":\"https:\\\/\\\/www.fcbarcelonanoticias.com\\\/en\\\/#\\\/schema\\\/person\\\/88d756918a0a1ae9fa593b5edddd1815\"},\"description\":\"Joshua Kimmich and Jamal Musiala's contracts with Bayern are close to expiring and their continuity at the Allianz Arena is a real question mark\",\"breadcrumb\":{\"@id\":\"https:\\\/\\\/www.fcbarcelonanoticias.com\\\/en\\\/transfers\\\/two-bayern-stars-are-considering-their-futures-and-barcelona-could-benefit_308597_102.html#breadcrumb\"},\"inLanguage\":\"en-US\",\"potentialAction\":[{\"@type\":\"ReadAction\",\"target\":[\"https:\\\/\\\/www.fcbarcelonanoticias.com\\\/en\\\/transfers\\\/two-bayern-stars-are-considering-their-futures-and-barcelona-could-benefit_308597_102.html\"]}]},{\"@type\":\"ImageObject\",\"inLanguage\":\"en-US\",\"@id\":\"https:\\\/\\\/www.fcbarcelonanoticias.com\\\/en\\\/transfers\\\/two-bayern-stars-are-considering-their-futures-and-barcelona-could-benefit_308597_102.html#primaryimage\",\"url\":\"https:\\\/\\\/www.fcbarcelonanoticias.com\\\/en\\\/wp-content\\\/uploads\\\/sites\\\/2\\\/2024\\\/11\\\/davies-kimmich-musiala.jpeg\",\"contentUrl\":\"https:\\\/\\\/www.fcbarcelonanoticias.com\\\/en\\\/wp-content\\\/uploads\\\/sites\\\/2\\\/2024\\\/11\\\/davies-kimmich-musiala.jpeg\",\"width\":1250,\"height\":730},{\"@type\":\"BreadcrumbList\",\"@id\":\"https:\\\/\\\/www.fcbarcelonanoticias.com\\\/en\\\/transfers\\\/two-bayern-stars-are-considering-their-futures-and-barcelona-could-benefit_308597_102.html#breadcrumb\",\"itemListElement\":[{\"@type\":\"ListItem\",\"position\":1,\"name\":\"Portada\",\"item\":\"https:\\\/\\\/www.fcbarcelonanoticias.com\\\/en\\\/\"},{\"@type\":\"ListItem\",\"position\":2,\"name\":\"Two Bayern stars are considering their futures and Barcelona could benefit\"}]},{\"@type\":\"WebSite\",\"@id\":\"https:\\\/\\\/www.fcbarcelonanoticias.com\\\/en\\\/#website\",\"url\":\"https:\\\/\\\/www.fcbarcelonanoticias.com\\\/en\\\/\",\"name\":\"EN - FC Barcelona Noticias\",\"description\":\"\",\"potentialAction\":[{\"@type\":\"SearchAction\",\"target\":{\"@type\":\"EntryPoint\",\"urlTemplate\":\"https:\\\/\\\/www.fcbarcelonanoticias.com\\\/en\\\/?s={search_term_string}\"},\"query-input\":{\"@type\":\"PropertyValueSpecification\",\"valueRequired\":true,\"valueName\":\"search_term_string\"}}],\"inLanguage\":\"en-US\"},{\"@type\":\"Person\",\"@id\":\"https:\\\/\\\/www.fcbarcelonanoticias.com\\\/en\\\/#\\\/schema\\\/person\\\/88d756918a0a1ae9fa593b5edddd1815\",\"name\":\"Juan Pablo Berdugo\",\"image\":{\"@type\":\"ImageObject\",\"inLanguage\":\"en-US\",\"@id\":\"https:\\\/\\\/secure.gravatar.com\\\/avatar\\\/?s=96&d=mm&r=g\",\"url\":\"https:\\\/\\\/secure.gravatar.com\\\/avatar\\\/?s=96&d=mm&r=g\",\"contentUrl\":\"https:\\\/\\\/secure.gravatar.com\\\/avatar\\\/?s=96&d=mm&r=g\",\"caption\":\"Juan Pablo Berdugo\"},\"description\":\"Juan Pablo Berdugo es graduado en Periodismo. Colabora con FCBN como especialista en informaci\u00f3n del primer equipo del FC Barcelona, f\u00fatbol internacional y mercado de fichajes. Destaca por su enfoque anal\u00edtico, su rigor informativo y su capacidad para detectar tendencias emergentes en el f\u00fatbol global.\",\"url\":\"https:\\\/\\\/www.fcbarcelonanoticias.com\\\/en\\\/fc-barcelona\\\/juan-pablo-berdugo_18_115.html\"}]}<\/script>\n<!-- \/ Yoast SEO plugin. -->","yoast_head_json":{"title":"Two Bayern stars are considering their futures and Barcelona could benefit","description":"Joshua Kimmich and Jamal Musiala's contracts with Bayern are close to expiring and their continuity at the Allianz Arena is a real question mark","robots":{"index":"index","follow":"follow","max-snippet":"max-snippet:-1","max-image-preview":"max-image-preview:large","max-video-preview":"max-video-preview:-1"},"canonical":"https:\/\/www.fcbarcelonanoticias.com\/en\/transfers\/two-bayern-stars-are-considering-their-futures-and-barcelona-could-benefit_308597_102.html","og_locale":"en_US","og_type":"article","og_title":"Two Bayern stars are considering their futures and Barcelona could benefit","og_description":"Joshua Kimmich and Jamal Musiala's contracts with Bayern are close to expiring and their continuity at the Allianz Arena is a real question mark","og_url":"https:\/\/www.fcbarcelonanoticias.com\/en\/transfers\/two-bayern-stars-are-considering-their-futures-and-barcelona-could-benefit_308597_102.html","og_site_name":"EN - FC Barcelona Noticias","article_published_time":"2024-11-13T21:23:00+00:00","article_modified_time":"2024-11-13T22:17:00+00:00","og_image":[{"width":1250,"height":730,"url":"https:\/\/www.fcbarcelonanoticias.com\/en\/wp-content\/uploads\/sites\/2\/2024\/11\/davies-kimmich-musiala.jpeg","type":"image\/jpeg"}],"author":"Juan Pablo Berdugo","twitter_card":"summary_large_image","twitter_misc":{"Written by":"Juan Pablo Berdugo","Est. reading time":"2 minutes"},"schema":{"@context":"https:\/\/schema.org","@graph":[{"@type":"Article","@id":"https:\/\/www.fcbarcelonanoticias.com\/en\/transfers\/two-bayern-stars-are-considering-their-futures-and-barcelona-could-benefit_308597_102.html#article","isPartOf":{"@id":"https:\/\/www.fcbarcelonanoticias.com\/en\/transfers\/two-bayern-stars-are-considering-their-futures-and-barcelona-could-benefit_308597_102.html"},"author":{"name":"Juan Pablo Berdugo","@id":"https:\/\/www.fcbarcelonanoticias.com\/en\/#\/schema\/person\/88d756918a0a1ae9fa593b5edddd1815"},"headline":"Two Bayern stars are considering their futures and Barcelona could benefit","datePublished":"2024-11-13T21:23:00+00:00","dateModified":"2024-11-13T22:17:00+00:00","mainEntityOfPage":{"@id":"https:\/\/www.fcbarcelonanoticias.com\/en\/transfers\/two-bayern-stars-are-considering-their-futures-and-barcelona-could-benefit_308597_102.html"},"wordCount":359,"image":{"@id":"https:\/\/www.fcbarcelonanoticias.com\/en\/transfers\/two-bayern-stars-are-considering-their-futures-and-barcelona-could-benefit_308597_102.html#primaryimage"},"thumbnailUrl":"https:\/\/www.fcbarcelonanoticias.com\/en\/wp-content\/uploads\/sites\/2\/2024\/11\/davies-kimmich-musiala.jpeg","keywords":["Bayern Munich","Jamal Musiala","Joshua Kimmich"],"articleSection":["Transfers","Transfers"],"inLanguage":"en-US"},{"@type":"WebPage","@id":"https:\/\/www.fcbarcelonanoticias.com\/en\/transfers\/two-bayern-stars-are-considering-their-futures-and-barcelona-could-benefit_308597_102.html","url":"https:\/\/www.fcbarcelonanoticias.com\/en\/transfers\/two-bayern-stars-are-considering-their-futures-and-barcelona-could-benefit_308597_102.html","name":"Two Bayern stars are considering their futures and Barcelona could benefit","isPartOf":{"@id":"https:\/\/www.fcbarcelonanoticias.com\/en\/#website"},"primaryImageOfPage":{"@id":"https:\/\/www.fcbarcelonanoticias.com\/en\/transfers\/two-bayern-stars-are-considering-their-futures-and-barcelona-could-benefit_308597_102.html#primaryimage"},"image":{"@id":"https:\/\/www.fcbarcelonanoticias.com\/en\/transfers\/two-bayern-stars-are-considering-their-futures-and-barcelona-could-benefit_308597_102.html#primaryimage"},"thumbnailUrl":"https:\/\/www.fcbarcelonanoticias.com\/en\/wp-content\/uploads\/sites\/2\/2024\/11\/davies-kimmich-musiala.jpeg","datePublished":"2024-11-13T21:23:00+00:00","dateModified":"2024-11-13T22:17:00+00:00","author":{"@id":"https:\/\/www.fcbarcelonanoticias.com\/en\/#\/schema\/person\/88d756918a0a1ae9fa593b5edddd1815"},"description":"Joshua Kimmich and Jamal Musiala's contracts with Bayern are close to expiring and their continuity at the Allianz Arena is a real question mark","breadcrumb":{"@id":"https:\/\/www.fcbarcelonanoticias.com\/en\/transfers\/two-bayern-stars-are-considering-their-futures-and-barcelona-could-benefit_308597_102.html#breadcrumb"},"inLanguage":"en-US","potentialAction":[{"@type":"ReadAction","target":["https:\/\/www.fcbarcelonanoticias.com\/en\/transfers\/two-bayern-stars-are-considering-their-futures-and-barcelona-could-benefit_308597_102.html"]}]},{"@type":"ImageObject","inLanguage":"en-US","@id":"https:\/\/www.fcbarcelonanoticias.com\/en\/transfers\/two-bayern-stars-are-considering-their-futures-and-barcelona-could-benefit_308597_102.html#primaryimage","url":"https:\/\/www.fcbarcelonanoticias.com\/en\/wp-content\/uploads\/sites\/2\/2024\/11\/davies-kimmich-musiala.jpeg","contentUrl":"https:\/\/www.fcbarcelonanoticias.com\/en\/wp-content\/uploads\/sites\/2\/2024\/11\/davies-kimmich-musiala.jpeg","width":1250,"height":730},{"@type":"BreadcrumbList","@id":"https:\/\/www.fcbarcelonanoticias.com\/en\/transfers\/two-bayern-stars-are-considering-their-futures-and-barcelona-could-benefit_308597_102.html#breadcrumb","itemListElement":[{"@type":"ListItem","position":1,"name":"Portada","item":"https:\/\/www.fcbarcelonanoticias.com\/en\/"},{"@type":"ListItem","position":2,"name":"Two Bayern stars are considering their futures and Barcelona could benefit"}]},{"@type":"WebSite","@id":"https:\/\/www.fcbarcelonanoticias.com\/en\/#website","url":"https:\/\/www.fcbarcelonanoticias.com\/en\/","name":"EN - FC Barcelona Noticias","description":"","potentialAction":[{"@type":"SearchAction","target":{"@type":"EntryPoint","urlTemplate":"https:\/\/www.fcbarcelonanoticias.com\/en\/?s={search_term_string}"},"query-input":{"@type":"PropertyValueSpecification","valueRequired":true,"valueName":"search_term_string"}}],"inLanguage":"en-US"},{"@type":"Person","@id":"https:\/\/www.fcbarcelonanoticias.com\/en\/#\/schema\/person\/88d756918a0a1ae9fa593b5edddd1815","name":"Juan Pablo Berdugo","image":{"@type":"ImageObject","inLanguage":"en-US","@id":"https:\/\/secure.gravatar.com\/avatar\/?s=96&d=mm&r=g","url":"https:\/\/secure.gravatar.com\/avatar\/?s=96&d=mm&r=g","contentUrl":"https:\/\/secure.gravatar.com\/avatar\/?s=96&d=mm&r=g","caption":"Juan Pablo Berdugo"},"description":"Juan Pablo Berdugo es graduado en Periodismo. Colabora con FCBN como especialista en informaci\u00f3n del primer equipo del FC Barcelona, f\u00fatbol internacional y mercado de fichajes. Destaca por su enfoque anal\u00edtico, su rigor informativo y su capacidad para detectar tendencias emergentes en el f\u00fatbol global.","url":"https:\/\/www.fcbarcelonanoticias.com\/en\/fc-barcelona\/juan-pablo-berdugo_18_115.html"}]}},"_links":{"self":[{"href":"https:\/\/www.fcbarcelonanoticias.com\/en\/wp-json\/wp\/v2\/posts\/145611","targetHints":{"allow":["GET"]}}],"collection":[{"href":"https:\/\/www.fcbarcelonanoticias.com\/en\/wp-json\/wp\/v2\/posts"}],"about":[{"href":"https:\/\/www.fcbarcelonanoticias.com\/en\/wp-json\/wp\/v2\/types\/post"}],"author":[{"embeddable":true,"href":"https:\/\/www.fcbarcelonanoticias.com\/en\/wp-json\/wp\/v2\/users\/358"}],"replies":[{"embeddable":true,"href":"https:\/\/www.fcbarcelonanoticias.com\/en\/wp-json\/wp\/v2\/comments?post=145611"}],"version-history":[{"count":1,"href":"https:\/\/www.fcbarcelonanoticias.com\/en\/wp-json\/wp\/v2\/posts\/145611\/revisions"}],"predecessor-version":[{"id":155778,"href":"https:\/\/www.fcbarcelonanoticias.com\/en\/wp-json\/wp\/v2\/posts\/145611\/revisions\/155778"}],"wp:featuredmedia":[{"embeddable":true,"href":"https:\/\/www.fcbarcelonanoticias.com\/en\/wp-json\/wp\/v2\/media\/145612"}],"wp:attachment":[{"href":"https:\/\/www.fcbarcelonanoticias.com\/en\/wp-json\/wp\/v2\/media?parent=145611"}],"wp:term":[{"taxonomy":"category","embeddable":true,"href":"https:\/\/www.fcbarcelonanoticias.com\/en\/wp-json\/wp\/v2\/categories?post=145611"},{"taxonomy":"post_tag","embeddable":true,"href":"https:\/\/www.fcbarcelonanoticias.com\/en\/wp-json\/wp\/v2\/tags?post=145611"}],"curies":[{"name":"wp","href":"https:\/\/api.w.org\/{rel}","templated":true}]}}