{"id":145669,"date":"2015-12-25T10:30:00","date_gmt":"2015-12-25T09:30:00","guid":{"rendered":"https:\/\/weisetech.dev\/fc-barcelona-noticias\/en\/ultimatum-for-rafa-benitez-it-needs-to-win-to-the-real-sociedad_36737_102\/"},"modified":"2015-12-25T10:30:00","modified_gmt":"2015-12-25T09:30:00","slug":"ultimatum-for-rafa-benitez-it-needs-to-win-to-the-real-sociedad_36737_102","status":"publish","type":"post","link":"https:\/\/www.fcbarcelonanoticias.com\/en\/transfers\/ultimatum-for-rafa-benitez-it-needs-to-win-to-the-real-sociedad_36737_102.html","title":{"rendered":"Ultimatum for Rafa Ben\u00edtez: it Needs to win to the Real Sociedad"},"content":{"rendered":"\r\n<div class=\"article-addons\">\r\n    <a href=\"https:\/\/www.fcbarcelonanoticias.com\/en\/calendar-fc-barcelona.html\"\r\n       target=\"_self\"\r\n       title=\"Calendar of FC Barcelona\"\r\n       class=\"blue-gredient-btn\">\r\n       \r\n        Calendar of FC Barcelona    <\/a>\r\n<\/div>   <div class=\"separator\" style=\"clear: both; text-align: center;\"><a href=\"https:\/\/3.bp.blogspot.com\/en\/-plnqEY43ubA\/Vnz949MVCNI\/AAAAAAADA8k\/-0ZhsMBVjvc\/s1600\/rafa-benitez.jpg\" imageanchor=\"1\" style=\"margin-left: 1em; margin-right: 1em;\"><\/a><\/div> <br><b>The current trainer of the Real Madrid, Rafa Ben\u00edtez, will seat  in the bench merengue in the following party of League BBVA against the Real Sociedad, but a tie or a defeat in front of the &#8220;txuri urdin &#8220;&#8221; could be definite to cause his dismissal of the white group<\/b><br><br><span style=\"font-size: large;\"><b><span style=\"color: #990000;\">Ticket<\/span><\/b> &#8211; <b><u><a href=\"http:\/\/www.viagogo.es\/en\/Entradas-Deportes\/Futbol\/La-Liga-Primera-Division\/FC-Barcelona-Entradas\/E-1073690?AffiliateID=1558&amp;PCID=AFFESIAFF1558A548FCBFC6-05\" rel=\"nofollow\" target=\"_blank\">Gone in FC Barcelona vs Betis &#8211; League J17<\/a><\/u><\/b><\/span><br><span style=\"font-size: large;\"><b><span style=\"color: #990000;\">The Classical<\/span><\/b> &#8211; <b><u><a href=\"http:\/\/www.viagogo.es\/en\/Entradas-Deportes\/Futbol\/La-Liga-Primera-Division\/FC-Barcelona-Entradas\/E-1073691?AffiliateID=1558&amp;PCID=AFFESIAFF1558A548FCBFC6-05\" rel=\"nofollow\" target=\"_blank\">Gone in \/ Ticket FC Barcelona vs Real Madrid<\/a><\/u><\/b><\/span><br><span style=\"font-size: large;\"><b><span style=\"color: #990000;\">Ticket<\/span><\/b> &#8211; <b><u><a href=\"http:\/\/www.viagogo.es\/en\/Entradas-Deportes\/Futbol\/La-Liga-Primera-Division\/FC-Barcelona-Entradas?AffiliateID=1558&amp;PCID=AFFESIAFF1558A548FCBFC6-05\" rel=\"nofollow\" target=\"_blank\">Gone in for all the parties of the FC Barcelona<\/a><\/u><\/b><\/span><br><br><b>Jos\u00e9 Mourinho, Zinedine Zidane, Fabio Capello, V\u00edctor Fern\u00e1ndez&#8230;<\/b> They are many the names that are sounding along the last weeks like candidates to occupy the place of Rafa Ben\u00edtez in the Real Madrid of here to little time, in the case that <b>Florentino decide destituir definitively to the Spanish technician<\/b> if the Real Madrid suffers a new varapalo in League BBVA or UEFA Champions League. As it has published the newspaper &#8220;Sport&#8221;, in this sense, the president of the entity madridista could announce the dismissal of Ben\u00edtez in the case that the Real Sociedad give the surprise and achieve to mark against the whites, what could be another new hit in the classification of League BBVA if FC Barcelona and Athletic of Madrid go winning his respective meetings.<br><br>The newspaper ensures that <b>Ben\u00edtez would have several open confrontations<\/b> with players of the Real Madrid in the changing room, as James and Isco, and the fault of confidence of the footballers in his person could be one of the keys of the failure of the trainer like timonel of a ship semi-sunk.<br><br><b>The preparador will seat  in the bench next Wednesday against the Real Sociedad<\/b>, but in the meantime from the c\u00fapula madridista already would be him looking for to all haste to try save a season that does not paint at all well for the whites, deleted of the Glass of the King of the way more bochornosa possible and, in spite of being in eighth of the UEFA Champions League, being placed in the third position of the League BBVA from does already several weeks.<br><br><b>Jos\u00e9 Mourinho would be the first option to go back to train to the Real Madrid<\/b> if finally it sacks  to Ben\u00edtez, although the true is that to the family of the Portuguese technician would not do him any grace return to the Spanish capital and besides the luso would have several offers on the table of his representative, Jorge Mendes, to value with time happened the Christmass.<br><br>Florentino P\u00e9rez, besides, knows perfectly that <b>the arrival of Mourinho would cause some tensions in the changing room of the Real Madrid<\/b>, between the press and also between the fans merengue, taking into account that the Portuguese did not leave  very amicably of the white club. The another option with more thrown would be the one of Zinedine Zidane, but in the c\u00fapula managerial of the Real Madrid would consider that it still is too green &#8220;&#8221; like trainer of elite. It will be necessary to expect, then , to see who occupies in the second stretch of the season the bench madridista.<br><br> ","protected":false},"excerpt":{"rendered":"<p>The current trainer of the Real Madrid, Rafa Ben\u00edtez, will seat in the bench merengue in the following party of League BBVA against the Real Sociedad, but a tie or a defeat in front of the &#8220;txuri urdin &#8220;&#8221; could be definite to cause his dismissal of the white group Ticket &#8211; Gone in FC [&hellip;]<\/p>\n","protected":false},"author":468,"featured_media":145670,"comment_status":"closed","ping_status":"open","sticky":false,"template":"","format":"standard","meta":{"_acf_changed":false,"inline_featured_image":false,"_nextfly_llmd_date_locked":false,"footnotes":""},"categories":[106,449],"tags":[258,72],"class_list":["post-145669","post","type-post","status-publish","format-standard","has-post-thumbnail","hentry","category-transfers","category-transfers-2","tag-rafa-benitez","tag-real-sociedad"],"acf":[],"yoast_head":"<!-- This site is optimized with the Yoast SEO plugin v27.3 - https:\/\/yoast.com\/product\/yoast-seo-wordpress\/ -->\n<title>Ultimatum for Rafa Ben\u00edtez: it Needs to win to the Real Sociedad<\/title>\n<meta name=\"description\" content=\"FCBarcelonaNoticias.com\" \/>\n<meta name=\"robots\" content=\"index, follow, max-snippet:-1, max-image-preview:large, max-video-preview:-1\" \/>\n<link rel=\"canonical\" href=\"https:\/\/www.fcbarcelonanoticias.com\/en\/transfers\/ultimatum-for-rafa-benitez-it-needs-to-win-to-the-real-sociedad_36737_102.html\" \/>\n<meta property=\"og:locale\" content=\"en_US\" \/>\n<meta property=\"og:type\" content=\"article\" \/>\n<meta property=\"og:title\" content=\"Ultimatum for Rafa Ben\u00edtez: it Needs to win to the Real Sociedad\" \/>\n<meta property=\"og:description\" content=\"FCBarcelonaNoticias.com\" \/>\n<meta property=\"og:url\" content=\"https:\/\/www.fcbarcelonanoticias.com\/en\/transfers\/ultimatum-for-rafa-benitez-it-needs-to-win-to-the-real-sociedad_36737_102.html\" \/>\n<meta property=\"og:site_name\" content=\"EN - FC Barcelona Noticias\" \/>\n<meta property=\"article:published_time\" content=\"2015-12-25T09:30:00+00:00\" \/>\n<meta property=\"og:image\" content=\"https:\/\/www.fcbarcelonanoticias.com\/en\/wp-content\/uploads\/sites\/2\/2015\/12\/rafa-benitez-36749.jpeg\" \/>\n\t<meta property=\"og:image:width\" content=\"610\" \/>\n\t<meta property=\"og:image:height\" content=\"343\" \/>\n\t<meta property=\"og:image:type\" content=\"image\/jpeg\" \/>\n<meta name=\"author\" content=\"user_4124\" \/>\n<meta name=\"twitter:card\" content=\"summary_large_image\" \/>\n<meta name=\"twitter:label1\" content=\"Written by\" \/>\n\t<meta name=\"twitter:data1\" content=\"user_4124\" \/>\n\t<meta name=\"twitter:label2\" content=\"Est. reading time\" \/>\n\t<meta name=\"twitter:data2\" content=\"3 minutes\" \/>\n<script type=\"application\/ld+json\" class=\"yoast-schema-graph\">{\"@context\":\"https:\\\/\\\/schema.org\",\"@graph\":[{\"@type\":\"Article\",\"@id\":\"https:\\\/\\\/www.fcbarcelonanoticias.com\\\/en\\\/transfers\\\/ultimatum-for-rafa-benitez-it-needs-to-win-to-the-real-sociedad_36737_102.html#article\",\"isPartOf\":{\"@id\":\"https:\\\/\\\/www.fcbarcelonanoticias.com\\\/en\\\/transfers\\\/ultimatum-for-rafa-benitez-it-needs-to-win-to-the-real-sociedad_36737_102.html\"},\"author\":{\"name\":\"user_4124\",\"@id\":\"https:\\\/\\\/www.fcbarcelonanoticias.com\\\/en\\\/#\\\/schema\\\/person\\\/15ee2f54c96c350bfe0645e2cd9256a8\"},\"headline\":\"Ultimatum for Rafa Ben\u00edtez: it Needs to win to the Real Sociedad\",\"datePublished\":\"2015-12-25T09:30:00+00:00\",\"mainEntityOfPage\":{\"@id\":\"https:\\\/\\\/www.fcbarcelonanoticias.com\\\/en\\\/transfers\\\/ultimatum-for-rafa-benitez-it-needs-to-win-to-the-real-sociedad_36737_102.html\"},\"wordCount\":541,\"image\":{\"@id\":\"https:\\\/\\\/www.fcbarcelonanoticias.com\\\/en\\\/transfers\\\/ultimatum-for-rafa-benitez-it-needs-to-win-to-the-real-sociedad_36737_102.html#primaryimage\"},\"thumbnailUrl\":\"https:\\\/\\\/www.fcbarcelonanoticias.com\\\/en\\\/wp-content\\\/uploads\\\/sites\\\/2\\\/2015\\\/12\\\/rafa-benitez-36749.jpeg\",\"keywords\":[\"Rafa Ben\u00edtez\",\"Real Sociedad\"],\"articleSection\":[\"Transfers\",\"Transfers\"],\"inLanguage\":\"en-US\"},{\"@type\":\"WebPage\",\"@id\":\"https:\\\/\\\/www.fcbarcelonanoticias.com\\\/en\\\/transfers\\\/ultimatum-for-rafa-benitez-it-needs-to-win-to-the-real-sociedad_36737_102.html\",\"url\":\"https:\\\/\\\/www.fcbarcelonanoticias.com\\\/en\\\/transfers\\\/ultimatum-for-rafa-benitez-it-needs-to-win-to-the-real-sociedad_36737_102.html\",\"name\":\"Ultimatum for Rafa Ben\u00edtez: it Needs to win to the Real Sociedad\",\"isPartOf\":{\"@id\":\"https:\\\/\\\/www.fcbarcelonanoticias.com\\\/en\\\/#website\"},\"primaryImageOfPage\":{\"@id\":\"https:\\\/\\\/www.fcbarcelonanoticias.com\\\/en\\\/transfers\\\/ultimatum-for-rafa-benitez-it-needs-to-win-to-the-real-sociedad_36737_102.html#primaryimage\"},\"image\":{\"@id\":\"https:\\\/\\\/www.fcbarcelonanoticias.com\\\/en\\\/transfers\\\/ultimatum-for-rafa-benitez-it-needs-to-win-to-the-real-sociedad_36737_102.html#primaryimage\"},\"thumbnailUrl\":\"https:\\\/\\\/www.fcbarcelonanoticias.com\\\/en\\\/wp-content\\\/uploads\\\/sites\\\/2\\\/2015\\\/12\\\/rafa-benitez-36749.jpeg\",\"datePublished\":\"2015-12-25T09:30:00+00:00\",\"author\":{\"@id\":\"https:\\\/\\\/www.fcbarcelonanoticias.com\\\/en\\\/#\\\/schema\\\/person\\\/15ee2f54c96c350bfe0645e2cd9256a8\"},\"description\":\"FCBarcelonaNoticias.com\",\"breadcrumb\":{\"@id\":\"https:\\\/\\\/www.fcbarcelonanoticias.com\\\/en\\\/transfers\\\/ultimatum-for-rafa-benitez-it-needs-to-win-to-the-real-sociedad_36737_102.html#breadcrumb\"},\"inLanguage\":\"en-US\",\"potentialAction\":[{\"@type\":\"ReadAction\",\"target\":[\"https:\\\/\\\/www.fcbarcelonanoticias.com\\\/en\\\/transfers\\\/ultimatum-for-rafa-benitez-it-needs-to-win-to-the-real-sociedad_36737_102.html\"]}]},{\"@type\":\"ImageObject\",\"inLanguage\":\"en-US\",\"@id\":\"https:\\\/\\\/www.fcbarcelonanoticias.com\\\/en\\\/transfers\\\/ultimatum-for-rafa-benitez-it-needs-to-win-to-the-real-sociedad_36737_102.html#primaryimage\",\"url\":\"https:\\\/\\\/www.fcbarcelonanoticias.com\\\/en\\\/wp-content\\\/uploads\\\/sites\\\/2\\\/2015\\\/12\\\/rafa-benitez-36749.jpeg\",\"contentUrl\":\"https:\\\/\\\/www.fcbarcelonanoticias.com\\\/en\\\/wp-content\\\/uploads\\\/sites\\\/2\\\/2015\\\/12\\\/rafa-benitez-36749.jpeg\",\"width\":610,\"height\":343},{\"@type\":\"BreadcrumbList\",\"@id\":\"https:\\\/\\\/www.fcbarcelonanoticias.com\\\/en\\\/transfers\\\/ultimatum-for-rafa-benitez-it-needs-to-win-to-the-real-sociedad_36737_102.html#breadcrumb\",\"itemListElement\":[{\"@type\":\"ListItem\",\"position\":1,\"name\":\"Portada\",\"item\":\"https:\\\/\\\/www.fcbarcelonanoticias.com\\\/en\\\/\"},{\"@type\":\"ListItem\",\"position\":2,\"name\":\"Ultimatum for Rafa Ben\u00edtez: it Needs to win to the Real Sociedad\"}]},{\"@type\":\"WebSite\",\"@id\":\"https:\\\/\\\/www.fcbarcelonanoticias.com\\\/en\\\/#website\",\"url\":\"https:\\\/\\\/www.fcbarcelonanoticias.com\\\/en\\\/\",\"name\":\"EN - FC Barcelona Noticias\",\"description\":\"\",\"potentialAction\":[{\"@type\":\"SearchAction\",\"target\":{\"@type\":\"EntryPoint\",\"urlTemplate\":\"https:\\\/\\\/www.fcbarcelonanoticias.com\\\/en\\\/?s={search_term_string}\"},\"query-input\":{\"@type\":\"PropertyValueSpecification\",\"valueRequired\":true,\"valueName\":\"search_term_string\"}}],\"inLanguage\":\"en-US\"},{\"@type\":\"Person\",\"@id\":\"https:\\\/\\\/www.fcbarcelonanoticias.com\\\/en\\\/#\\\/schema\\\/person\\\/15ee2f54c96c350bfe0645e2cd9256a8\",\"name\":\"user_4124\",\"image\":{\"@type\":\"ImageObject\",\"inLanguage\":\"en-US\",\"@id\":\"https:\\\/\\\/secure.gravatar.com\\\/avatar\\\/?s=96&d=mm&r=g\",\"url\":\"https:\\\/\\\/secure.gravatar.com\\\/avatar\\\/?s=96&d=mm&r=g\",\"contentUrl\":\"https:\\\/\\\/secure.gravatar.com\\\/avatar\\\/?s=96&d=mm&r=g\",\"caption\":\"user_4124\"},\"url\":\"https:\\\/\\\/www.fcbarcelonanoticias.com\\\/en\\\/user_4124.html\"}]}<\/script>\n<!-- \/ Yoast SEO plugin. -->","yoast_head_json":{"title":"Ultimatum for Rafa Ben\u00edtez: it Needs to win to the Real Sociedad","description":"FCBarcelonaNoticias.com","robots":{"index":"index","follow":"follow","max-snippet":"max-snippet:-1","max-image-preview":"max-image-preview:large","max-video-preview":"max-video-preview:-1"},"canonical":"https:\/\/www.fcbarcelonanoticias.com\/en\/transfers\/ultimatum-for-rafa-benitez-it-needs-to-win-to-the-real-sociedad_36737_102.html","og_locale":"en_US","og_type":"article","og_title":"Ultimatum for Rafa Ben\u00edtez: it Needs to win to the Real Sociedad","og_description":"FCBarcelonaNoticias.com","og_url":"https:\/\/www.fcbarcelonanoticias.com\/en\/transfers\/ultimatum-for-rafa-benitez-it-needs-to-win-to-the-real-sociedad_36737_102.html","og_site_name":"EN - FC Barcelona Noticias","article_published_time":"2015-12-25T09:30:00+00:00","og_image":[{"width":610,"height":343,"url":"https:\/\/www.fcbarcelonanoticias.com\/en\/wp-content\/uploads\/sites\/2\/2015\/12\/rafa-benitez-36749.jpeg","type":"image\/jpeg"}],"author":"user_4124","twitter_card":"summary_large_image","twitter_misc":{"Written by":"user_4124","Est. reading time":"3 minutes"},"schema":{"@context":"https:\/\/schema.org","@graph":[{"@type":"Article","@id":"https:\/\/www.fcbarcelonanoticias.com\/en\/transfers\/ultimatum-for-rafa-benitez-it-needs-to-win-to-the-real-sociedad_36737_102.html#article","isPartOf":{"@id":"https:\/\/www.fcbarcelonanoticias.com\/en\/transfers\/ultimatum-for-rafa-benitez-it-needs-to-win-to-the-real-sociedad_36737_102.html"},"author":{"name":"user_4124","@id":"https:\/\/www.fcbarcelonanoticias.com\/en\/#\/schema\/person\/15ee2f54c96c350bfe0645e2cd9256a8"},"headline":"Ultimatum for Rafa Ben\u00edtez: it Needs to win to the Real Sociedad","datePublished":"2015-12-25T09:30:00+00:00","mainEntityOfPage":{"@id":"https:\/\/www.fcbarcelonanoticias.com\/en\/transfers\/ultimatum-for-rafa-benitez-it-needs-to-win-to-the-real-sociedad_36737_102.html"},"wordCount":541,"image":{"@id":"https:\/\/www.fcbarcelonanoticias.com\/en\/transfers\/ultimatum-for-rafa-benitez-it-needs-to-win-to-the-real-sociedad_36737_102.html#primaryimage"},"thumbnailUrl":"https:\/\/www.fcbarcelonanoticias.com\/en\/wp-content\/uploads\/sites\/2\/2015\/12\/rafa-benitez-36749.jpeg","keywords":["Rafa Ben\u00edtez","Real Sociedad"],"articleSection":["Transfers","Transfers"],"inLanguage":"en-US"},{"@type":"WebPage","@id":"https:\/\/www.fcbarcelonanoticias.com\/en\/transfers\/ultimatum-for-rafa-benitez-it-needs-to-win-to-the-real-sociedad_36737_102.html","url":"https:\/\/www.fcbarcelonanoticias.com\/en\/transfers\/ultimatum-for-rafa-benitez-it-needs-to-win-to-the-real-sociedad_36737_102.html","name":"Ultimatum for Rafa Ben\u00edtez: it Needs to win to the Real Sociedad","isPartOf":{"@id":"https:\/\/www.fcbarcelonanoticias.com\/en\/#website"},"primaryImageOfPage":{"@id":"https:\/\/www.fcbarcelonanoticias.com\/en\/transfers\/ultimatum-for-rafa-benitez-it-needs-to-win-to-the-real-sociedad_36737_102.html#primaryimage"},"image":{"@id":"https:\/\/www.fcbarcelonanoticias.com\/en\/transfers\/ultimatum-for-rafa-benitez-it-needs-to-win-to-the-real-sociedad_36737_102.html#primaryimage"},"thumbnailUrl":"https:\/\/www.fcbarcelonanoticias.com\/en\/wp-content\/uploads\/sites\/2\/2015\/12\/rafa-benitez-36749.jpeg","datePublished":"2015-12-25T09:30:00+00:00","author":{"@id":"https:\/\/www.fcbarcelonanoticias.com\/en\/#\/schema\/person\/15ee2f54c96c350bfe0645e2cd9256a8"},"description":"FCBarcelonaNoticias.com","breadcrumb":{"@id":"https:\/\/www.fcbarcelonanoticias.com\/en\/transfers\/ultimatum-for-rafa-benitez-it-needs-to-win-to-the-real-sociedad_36737_102.html#breadcrumb"},"inLanguage":"en-US","potentialAction":[{"@type":"ReadAction","target":["https:\/\/www.fcbarcelonanoticias.com\/en\/transfers\/ultimatum-for-rafa-benitez-it-needs-to-win-to-the-real-sociedad_36737_102.html"]}]},{"@type":"ImageObject","inLanguage":"en-US","@id":"https:\/\/www.fcbarcelonanoticias.com\/en\/transfers\/ultimatum-for-rafa-benitez-it-needs-to-win-to-the-real-sociedad_36737_102.html#primaryimage","url":"https:\/\/www.fcbarcelonanoticias.com\/en\/wp-content\/uploads\/sites\/2\/2015\/12\/rafa-benitez-36749.jpeg","contentUrl":"https:\/\/www.fcbarcelonanoticias.com\/en\/wp-content\/uploads\/sites\/2\/2015\/12\/rafa-benitez-36749.jpeg","width":610,"height":343},{"@type":"BreadcrumbList","@id":"https:\/\/www.fcbarcelonanoticias.com\/en\/transfers\/ultimatum-for-rafa-benitez-it-needs-to-win-to-the-real-sociedad_36737_102.html#breadcrumb","itemListElement":[{"@type":"ListItem","position":1,"name":"Portada","item":"https:\/\/www.fcbarcelonanoticias.com\/en\/"},{"@type":"ListItem","position":2,"name":"Ultimatum for Rafa Ben\u00edtez: it Needs to win to the Real Sociedad"}]},{"@type":"WebSite","@id":"https:\/\/www.fcbarcelonanoticias.com\/en\/#website","url":"https:\/\/www.fcbarcelonanoticias.com\/en\/","name":"EN - FC Barcelona Noticias","description":"","potentialAction":[{"@type":"SearchAction","target":{"@type":"EntryPoint","urlTemplate":"https:\/\/www.fcbarcelonanoticias.com\/en\/?s={search_term_string}"},"query-input":{"@type":"PropertyValueSpecification","valueRequired":true,"valueName":"search_term_string"}}],"inLanguage":"en-US"},{"@type":"Person","@id":"https:\/\/www.fcbarcelonanoticias.com\/en\/#\/schema\/person\/15ee2f54c96c350bfe0645e2cd9256a8","name":"user_4124","image":{"@type":"ImageObject","inLanguage":"en-US","@id":"https:\/\/secure.gravatar.com\/avatar\/?s=96&d=mm&r=g","url":"https:\/\/secure.gravatar.com\/avatar\/?s=96&d=mm&r=g","contentUrl":"https:\/\/secure.gravatar.com\/avatar\/?s=96&d=mm&r=g","caption":"user_4124"},"url":"https:\/\/www.fcbarcelonanoticias.com\/en\/user_4124.html"}]}},"_links":{"self":[{"href":"https:\/\/www.fcbarcelonanoticias.com\/en\/wp-json\/wp\/v2\/posts\/145669","targetHints":{"allow":["GET"]}}],"collection":[{"href":"https:\/\/www.fcbarcelonanoticias.com\/en\/wp-json\/wp\/v2\/posts"}],"about":[{"href":"https:\/\/www.fcbarcelonanoticias.com\/en\/wp-json\/wp\/v2\/types\/post"}],"author":[{"embeddable":true,"href":"https:\/\/www.fcbarcelonanoticias.com\/en\/wp-json\/wp\/v2\/users\/468"}],"replies":[{"embeddable":true,"href":"https:\/\/www.fcbarcelonanoticias.com\/en\/wp-json\/wp\/v2\/comments?post=145669"}],"version-history":[{"count":1,"href":"https:\/\/www.fcbarcelonanoticias.com\/en\/wp-json\/wp\/v2\/posts\/145669\/revisions"}],"predecessor-version":[{"id":155874,"href":"https:\/\/www.fcbarcelonanoticias.com\/en\/wp-json\/wp\/v2\/posts\/145669\/revisions\/155874"}],"wp:featuredmedia":[{"embeddable":true,"href":"https:\/\/www.fcbarcelonanoticias.com\/en\/wp-json\/wp\/v2\/media\/145670"}],"wp:attachment":[{"href":"https:\/\/www.fcbarcelonanoticias.com\/en\/wp-json\/wp\/v2\/media?parent=145669"}],"wp:term":[{"taxonomy":"category","embeddable":true,"href":"https:\/\/www.fcbarcelonanoticias.com\/en\/wp-json\/wp\/v2\/categories?post=145669"},{"taxonomy":"post_tag","embeddable":true,"href":"https:\/\/www.fcbarcelonanoticias.com\/en\/wp-json\/wp\/v2\/tags?post=145669"}],"curies":[{"name":"wp","href":"https:\/\/api.w.org\/{rel}","templated":true}]}}