{"id":145737,"date":"2023-07-18T23:35:00","date_gmt":"2023-07-18T21:35:00","guid":{"rendered":"https:\/\/weisetech.dev\/fc-barcelona-noticias\/en\/unai-emery-insists-helping-fc-barcelona-with-ferran-torres_294240_102\/"},"modified":"2023-07-18T23:35:00","modified_gmt":"2023-07-18T21:35:00","slug":"unai-emery-insists-helping-fc-barcelona-with-ferran-torres_294240_102","status":"publish","type":"post","link":"https:\/\/www.fcbarcelonanoticias.com\/en\/transfers\/unai-emery-insists-helping-fc-barcelona-with-ferran-torres_294240_102.html","title":{"rendered":"Unai Emery insists on &#8216;helping&#8217; Bar\u00e7a with Ferran Torres"},"content":{"rendered":"<h2 class=\"wp-block-heading\">Unai Emery and &#8216;Monchi&#8217; continue evaluating options in the summer market to reinforce the squad of an Aston Villa that will return to Europe in 2022\/23. After spending 33 &#8216;kilos&#8217; on Pau Torres, the next reinforcement could be Ferran Torres<\/h2>  \r\n<div class=\"article-addons\">\r\n    <a href=\"https:\/\/www.fcbarcelonanoticias.com\/en\/calendar-fc-barcelona.html\"\r\n       target=\"_self\"\r\n       title=\"Calendar of FC Barcelona\"\r\n       class=\"blue-gredient-btn\">\r\n       \r\n        Calendar of FC Barcelona    <\/a>\r\n<\/div>   <p>The arrivals of Unai Emery and Ram\u00f3n Rodr\u00edguez Verdejo &#8216;Monchi&#8217; have supposed the beginning of a new was for the Aston Villa.<strong> The Basque technician attained to put to the team in the Conference League (was 16\u00b0 when it arrived in October of 2022)<\/strong> and, beside ex sportive director of the Seville, expects to reinforce a staff that already has names like Emiliano &#8216;Dibu&#8217; Mart\u00ednez and Diego Carlos, ex head office of the Andalusian group.<\/p>  <p>In this sense, the English press ensures that, after spending 33 million euros in Pau Tower (Villarreal),<strong> the following objective &#8216;peasant&#8217; for the market estival can be Ferran Torres<\/strong>. The one of Foios already knows the Premier League after his go through the Manchester City and, considering the few minutes that, in principle, will have in the FC Barcelona, <strong>Emery and Monchi expect to convince him to return to England for the 2023\/24<\/strong>.<\/p>  <h2>The Bar\u00e7a prioritises the traspaso of Ferran<\/h2>  <p>For the Bar\u00e7a, <a data-external=\"0\" data-intl-links-en=\"https:\/\/www.fcbarcelonanoticias.com\/en\/transfers\/fcbarcelona-continues-to-lag-behind-with-the-sales-it-had-in-mind_293797_102.html\" data-intl-links-es=\"https:\/\/www.fcbarcelonanoticias.com\/fichajes\/fc-barcelona-continua-rezagado-con-ventas-tenia-en-mente_293797_102.html\" href=\"https:\/\/www.fcbarcelonanoticias.com\/en\/transfers\/fcbarcelona-continues-to-lag-behind-with-the-sales-it-had-in-mind_293797_102.html\" rel=\"follow\" target=\"_self\" title=\"El FC Barcelona contin\u00faa rezagado con las ventas que ten\u00eda en mente\">the need to do box<\/a> is the main inducement to speed up the exit of the &#8217;11&#8217;. Although the directive has reiterated that it will not force to any footballer to leave , <strong>with Ferran the priority goes through to resolve his traspaso by a mount near to the 40 million euros.<\/strong> To close his sale by this sum, the club could finish of saldar the rest of the 55 &#8216;kilos&#8217; that cost his traspaso in January of 2022, since up to now the City alone has received the first part of the payment (\u20ac15m).<\/p>  <p>In England, the another club that sounded like possible destination of the extreme was the Newcastle, but the Bar\u00e7a has not received, for now, any formal offer by the player of 23 years. <strong>Torres comes to contest 45 parties (1.884 minutes) the past season in which it added 7 goals and 3 assistances<\/strong>. Xavi Hern\u00e1ndez has had he from his arrival to the club, but <a bar=\"\" data-external=\"0\" data-intl-links-en=\"https:\/\/www.fcbarcelonanoticias.com\/en\/transfers\/ultimatum-ansu-fati-ferran-torres-barcelona-is-not-ong_293843_102.html\" data-intl-links-es=\"https:\/\/www.fcbarcelonanoticias.com\/fichajes\/ultimatum-ansu-fati-ferran-torres-barcelona-no-es-ong_293843_102.html\" el=\"\" href=\"https:\/\/www.fcbarcelonanoticias.com\/en\/transfers\/ultimatum-ansu-fati-ferran-torres-barcelona-is-not-ong_293843_102.html\" rel=\"follow\" target=\"_self\" title=\"\u00bfUltim\u00e1tum a Ansu Fati y Ferran Torres? \">seems to have lost already the patience<\/a> by a footballer to the one who has cost him a lot assimilate the pressure to play in a so big club.<\/p>  <h2>The Aston Villa will follow reinforcing<\/h2>  <p>In addition to Pau Tower, the Aston Villa fich\u00f3 to <strong>Youri Tielemans, the one who arrived like free agent<\/strong>. <strong>Another name that has sounded in Birmingham is the one of Joao F\u00e9lix<\/strong>, the one who already was the last semester in Chelsea. For the &#8216;peasant&#8217;, negotiate the cession of the luso would not have to be complicated in the economic, but if in the sportive, since the player prioritises to leave to a team of Champions and, recently, <a data-external=\"0\" data-intl-links-en=\"https:\/\/www.fcbarcelonanoticias.com\/en\/transfers\/declaration-love-joao-felix-barca-has-always-been-my-1st-option_294238_102.html\" data-intl-links-es=\"https:\/\/www.fcbarcelonanoticias.com\/fichajes\/declaracion-amor-joao-felix-barca-siempre-ha-sido-mi-1a-opcion_294238_102.html\" ha=\"\" href=\"https:\/\/www.fcbarcelonanoticias.com\/en\/transfers\/declaration-love-joao-felix-barca-has-always-been-my-1st-option_294238_102.html\" mi=\"\" rel=\"follow\" sido=\"\" siempre=\"\" target=\"_self\" title=\"Declaraci\u00f3n de amor de Joao F\u00e9lix al Bar\u00e7a: \">left very clear his wish to play in the Bar\u00e7a<\/a>.<\/p> ","protected":false},"excerpt":{"rendered":"<p>Unai Emery and &#8216;Monchi&#8217; continue evaluating options in the summer market to reinforce the squad of an Aston Villa that will return to Europe in 2022\/23. After spending 33 &#8216;kilos&#8217; on Pau Torres, the next reinforcement could be Ferran Torres The arrivals of Unai Emery and Ram\u00f3n Rodr\u00edguez Verdejo &#8216;Monchi&#8217; have supposed the beginning of [&hellip;]<\/p>\n","protected":false},"author":347,"featured_media":145738,"comment_status":"closed","ping_status":"open","sticky":false,"template":"","format":"standard","meta":{"_acf_changed":false,"inline_featured_image":false,"_nextfly_llmd_date_locked":false,"footnotes":""},"categories":[106,449],"tags":[],"class_list":["post-145737","post","type-post","status-publish","format-standard","has-post-thumbnail","hentry","category-transfers","category-transfers-2"],"acf":[],"yoast_head":"<!-- This site is optimized with the Yoast SEO plugin v27.3 - https:\/\/yoast.com\/product\/yoast-seo-wordpress\/ -->\n<title>Unai Emery insists on &#039;helping&#039; Bar\u00e7a with Ferran Torres<\/title>\n<meta name=\"description\" content=\"Unai Emery and &#039;Monchi&#039; continue evaluating options in the summer market to reinforce the squad of an Aston Villa that will return to Europe in 2022\/23. After spending 33 &#039;kilos&#039; on Pau Torres, the next reinforcement could be Ferran Torres\" \/>\n<meta name=\"robots\" content=\"index, follow, max-snippet:-1, max-image-preview:large, max-video-preview:-1\" \/>\n<link rel=\"canonical\" href=\"https:\/\/www.fcbarcelonanoticias.com\/en\/transfers\/unai-emery-insists-helping-fc-barcelona-with-ferran-torres_294240_102.html\" \/>\n<meta property=\"og:locale\" content=\"en_US\" \/>\n<meta property=\"og:type\" content=\"article\" \/>\n<meta property=\"og:title\" content=\"Unai Emery insists on &#039;helping&#039; Bar\u00e7a with Ferran Torres\" \/>\n<meta property=\"og:description\" content=\"Unai Emery and &#039;Monchi&#039; continue evaluating options in the summer market to reinforce the squad of an Aston Villa that will return to Europe in 2022\/23. After spending 33 &#039;kilos&#039; on Pau Torres, the next reinforcement could be Ferran Torres\" \/>\n<meta property=\"og:url\" content=\"https:\/\/www.fcbarcelonanoticias.com\/en\/transfers\/unai-emery-insists-helping-fc-barcelona-with-ferran-torres_294240_102.html\" \/>\n<meta property=\"og:site_name\" content=\"EN - FC Barcelona Noticias\" \/>\n<meta property=\"article:published_time\" content=\"2023-07-18T21:35:00+00:00\" \/>\n<meta property=\"og:image\" content=\"https:\/\/www.fcbarcelonanoticias.com\/en\/wp-content\/uploads\/sites\/2\/2023\/07\/ferran-torres-35-millones-de-euros.jpeg\" \/>\n\t<meta property=\"og:image:width\" content=\"1200\" \/>\n\t<meta property=\"og:image:height\" content=\"675\" \/>\n\t<meta property=\"og:image:type\" content=\"image\/jpeg\" \/>\n<meta name=\"author\" content=\"Andr\u00e9s Quiroz\" \/>\n<meta name=\"twitter:card\" content=\"summary_large_image\" \/>\n<meta name=\"twitter:label1\" content=\"Written by\" \/>\n\t<meta name=\"twitter:data1\" content=\"Andr\u00e9s Quiroz\" \/>\n\t<meta name=\"twitter:label2\" content=\"Est. reading time\" \/>\n\t<meta name=\"twitter:data2\" content=\"2 minutes\" \/>\n<script type=\"application\/ld+json\" class=\"yoast-schema-graph\">{\"@context\":\"https:\\\/\\\/schema.org\",\"@graph\":[{\"@type\":\"Article\",\"@id\":\"https:\\\/\\\/www.fcbarcelonanoticias.com\\\/en\\\/transfers\\\/unai-emery-insists-helping-fc-barcelona-with-ferran-torres_294240_102.html#article\",\"isPartOf\":{\"@id\":\"https:\\\/\\\/www.fcbarcelonanoticias.com\\\/en\\\/transfers\\\/unai-emery-insists-helping-fc-barcelona-with-ferran-torres_294240_102.html\"},\"author\":{\"name\":\"Andr\u00e9s Quiroz\",\"@id\":\"https:\\\/\\\/www.fcbarcelonanoticias.com\\\/en\\\/#\\\/schema\\\/person\\\/c2cd9f6fa1af5c0d0eccd0fefa575c88\"},\"headline\":\"Unai Emery insists on &#8216;helping&#8217; Bar\u00e7a with Ferran Torres\",\"datePublished\":\"2023-07-18T21:35:00+00:00\",\"mainEntityOfPage\":{\"@id\":\"https:\\\/\\\/www.fcbarcelonanoticias.com\\\/en\\\/transfers\\\/unai-emery-insists-helping-fc-barcelona-with-ferran-torres_294240_102.html\"},\"wordCount\":484,\"image\":{\"@id\":\"https:\\\/\\\/www.fcbarcelonanoticias.com\\\/en\\\/transfers\\\/unai-emery-insists-helping-fc-barcelona-with-ferran-torres_294240_102.html#primaryimage\"},\"thumbnailUrl\":\"https:\\\/\\\/www.fcbarcelonanoticias.com\\\/en\\\/wp-content\\\/uploads\\\/sites\\\/2\\\/2023\\\/07\\\/ferran-torres-35-millones-de-euros.jpeg\",\"articleSection\":[\"Transfers\",\"Transfers\"],\"inLanguage\":\"en-US\"},{\"@type\":\"WebPage\",\"@id\":\"https:\\\/\\\/www.fcbarcelonanoticias.com\\\/en\\\/transfers\\\/unai-emery-insists-helping-fc-barcelona-with-ferran-torres_294240_102.html\",\"url\":\"https:\\\/\\\/www.fcbarcelonanoticias.com\\\/en\\\/transfers\\\/unai-emery-insists-helping-fc-barcelona-with-ferran-torres_294240_102.html\",\"name\":\"Unai Emery insists on 'helping' Bar\u00e7a with Ferran Torres\",\"isPartOf\":{\"@id\":\"https:\\\/\\\/www.fcbarcelonanoticias.com\\\/en\\\/#website\"},\"primaryImageOfPage\":{\"@id\":\"https:\\\/\\\/www.fcbarcelonanoticias.com\\\/en\\\/transfers\\\/unai-emery-insists-helping-fc-barcelona-with-ferran-torres_294240_102.html#primaryimage\"},\"image\":{\"@id\":\"https:\\\/\\\/www.fcbarcelonanoticias.com\\\/en\\\/transfers\\\/unai-emery-insists-helping-fc-barcelona-with-ferran-torres_294240_102.html#primaryimage\"},\"thumbnailUrl\":\"https:\\\/\\\/www.fcbarcelonanoticias.com\\\/en\\\/wp-content\\\/uploads\\\/sites\\\/2\\\/2023\\\/07\\\/ferran-torres-35-millones-de-euros.jpeg\",\"datePublished\":\"2023-07-18T21:35:00+00:00\",\"author\":{\"@id\":\"https:\\\/\\\/www.fcbarcelonanoticias.com\\\/en\\\/#\\\/schema\\\/person\\\/c2cd9f6fa1af5c0d0eccd0fefa575c88\"},\"description\":\"Unai Emery and 'Monchi' continue evaluating options in the summer market to reinforce the squad of an Aston Villa that will return to Europe in 2022\\\/23. After spending 33 'kilos' on Pau Torres, the next reinforcement could be Ferran Torres\",\"breadcrumb\":{\"@id\":\"https:\\\/\\\/www.fcbarcelonanoticias.com\\\/en\\\/transfers\\\/unai-emery-insists-helping-fc-barcelona-with-ferran-torres_294240_102.html#breadcrumb\"},\"inLanguage\":\"en-US\",\"potentialAction\":[{\"@type\":\"ReadAction\",\"target\":[\"https:\\\/\\\/www.fcbarcelonanoticias.com\\\/en\\\/transfers\\\/unai-emery-insists-helping-fc-barcelona-with-ferran-torres_294240_102.html\"]}]},{\"@type\":\"ImageObject\",\"inLanguage\":\"en-US\",\"@id\":\"https:\\\/\\\/www.fcbarcelonanoticias.com\\\/en\\\/transfers\\\/unai-emery-insists-helping-fc-barcelona-with-ferran-torres_294240_102.html#primaryimage\",\"url\":\"https:\\\/\\\/www.fcbarcelonanoticias.com\\\/en\\\/wp-content\\\/uploads\\\/sites\\\/2\\\/2023\\\/07\\\/ferran-torres-35-millones-de-euros.jpeg\",\"contentUrl\":\"https:\\\/\\\/www.fcbarcelonanoticias.com\\\/en\\\/wp-content\\\/uploads\\\/sites\\\/2\\\/2023\\\/07\\\/ferran-torres-35-millones-de-euros.jpeg\",\"width\":1200,\"height\":675},{\"@type\":\"BreadcrumbList\",\"@id\":\"https:\\\/\\\/www.fcbarcelonanoticias.com\\\/en\\\/transfers\\\/unai-emery-insists-helping-fc-barcelona-with-ferran-torres_294240_102.html#breadcrumb\",\"itemListElement\":[{\"@type\":\"ListItem\",\"position\":1,\"name\":\"Portada\",\"item\":\"https:\\\/\\\/www.fcbarcelonanoticias.com\\\/en\\\/\"},{\"@type\":\"ListItem\",\"position\":2,\"name\":\"Unai Emery insists on &#8216;helping&#8217; Bar\u00e7a with Ferran Torres\"}]},{\"@type\":\"WebSite\",\"@id\":\"https:\\\/\\\/www.fcbarcelonanoticias.com\\\/en\\\/#website\",\"url\":\"https:\\\/\\\/www.fcbarcelonanoticias.com\\\/en\\\/\",\"name\":\"EN - FC Barcelona Noticias\",\"description\":\"\",\"potentialAction\":[{\"@type\":\"SearchAction\",\"target\":{\"@type\":\"EntryPoint\",\"urlTemplate\":\"https:\\\/\\\/www.fcbarcelonanoticias.com\\\/en\\\/?s={search_term_string}\"},\"query-input\":{\"@type\":\"PropertyValueSpecification\",\"valueRequired\":true,\"valueName\":\"search_term_string\"}}],\"inLanguage\":\"en-US\"},{\"@type\":\"Person\",\"@id\":\"https:\\\/\\\/www.fcbarcelonanoticias.com\\\/en\\\/#\\\/schema\\\/person\\\/c2cd9f6fa1af5c0d0eccd0fefa575c88\",\"name\":\"Andr\u00e9s Quiroz\",\"image\":{\"@type\":\"ImageObject\",\"inLanguage\":\"en-US\",\"@id\":\"https:\\\/\\\/secure.gravatar.com\\\/avatar\\\/?s=96&d=mm&r=g\",\"url\":\"https:\\\/\\\/secure.gravatar.com\\\/avatar\\\/?s=96&d=mm&r=g\",\"contentUrl\":\"https:\\\/\\\/secure.gravatar.com\\\/avatar\\\/?s=96&d=mm&r=g\",\"caption\":\"Andr\u00e9s Quiroz\"},\"description\":\"Licenciado en Periodismo por la Universidad de los Andes. Me encargo de analizar y compartir los contenidos m\u00e1s destacados de la\u00a0actualidad del F\u00fatbol Club Barcelona, Mercado de Fichajes y F\u00fatbol Internacional en FCBN. La informaci\u00f3n es poder, pero tambi\u00e9n conocimiento.\",\"url\":\"https:\\\/\\\/www.fcbarcelonanoticias.com\\\/en\\\/fc-barcelona\\\/andres-quiroz_17_115.html\"}]}<\/script>\n<!-- \/ Yoast SEO plugin. -->","yoast_head_json":{"title":"Unai Emery insists on 'helping' Bar\u00e7a with Ferran Torres","description":"Unai Emery and 'Monchi' continue evaluating options in the summer market to reinforce the squad of an Aston Villa that will return to Europe in 2022\/23. After spending 33 'kilos' on Pau Torres, the next reinforcement could be Ferran Torres","robots":{"index":"index","follow":"follow","max-snippet":"max-snippet:-1","max-image-preview":"max-image-preview:large","max-video-preview":"max-video-preview:-1"},"canonical":"https:\/\/www.fcbarcelonanoticias.com\/en\/transfers\/unai-emery-insists-helping-fc-barcelona-with-ferran-torres_294240_102.html","og_locale":"en_US","og_type":"article","og_title":"Unai Emery insists on 'helping' Bar\u00e7a with Ferran Torres","og_description":"Unai Emery and 'Monchi' continue evaluating options in the summer market to reinforce the squad of an Aston Villa that will return to Europe in 2022\/23. After spending 33 'kilos' on Pau Torres, the next reinforcement could be Ferran Torres","og_url":"https:\/\/www.fcbarcelonanoticias.com\/en\/transfers\/unai-emery-insists-helping-fc-barcelona-with-ferran-torres_294240_102.html","og_site_name":"EN - FC Barcelona Noticias","article_published_time":"2023-07-18T21:35:00+00:00","og_image":[{"width":1200,"height":675,"url":"https:\/\/www.fcbarcelonanoticias.com\/en\/wp-content\/uploads\/sites\/2\/2023\/07\/ferran-torres-35-millones-de-euros.jpeg","type":"image\/jpeg"}],"author":"Andr\u00e9s Quiroz","twitter_card":"summary_large_image","twitter_misc":{"Written by":"Andr\u00e9s Quiroz","Est. reading time":"2 minutes"},"schema":{"@context":"https:\/\/schema.org","@graph":[{"@type":"Article","@id":"https:\/\/www.fcbarcelonanoticias.com\/en\/transfers\/unai-emery-insists-helping-fc-barcelona-with-ferran-torres_294240_102.html#article","isPartOf":{"@id":"https:\/\/www.fcbarcelonanoticias.com\/en\/transfers\/unai-emery-insists-helping-fc-barcelona-with-ferran-torres_294240_102.html"},"author":{"name":"Andr\u00e9s Quiroz","@id":"https:\/\/www.fcbarcelonanoticias.com\/en\/#\/schema\/person\/c2cd9f6fa1af5c0d0eccd0fefa575c88"},"headline":"Unai Emery insists on &#8216;helping&#8217; Bar\u00e7a with Ferran Torres","datePublished":"2023-07-18T21:35:00+00:00","mainEntityOfPage":{"@id":"https:\/\/www.fcbarcelonanoticias.com\/en\/transfers\/unai-emery-insists-helping-fc-barcelona-with-ferran-torres_294240_102.html"},"wordCount":484,"image":{"@id":"https:\/\/www.fcbarcelonanoticias.com\/en\/transfers\/unai-emery-insists-helping-fc-barcelona-with-ferran-torres_294240_102.html#primaryimage"},"thumbnailUrl":"https:\/\/www.fcbarcelonanoticias.com\/en\/wp-content\/uploads\/sites\/2\/2023\/07\/ferran-torres-35-millones-de-euros.jpeg","articleSection":["Transfers","Transfers"],"inLanguage":"en-US"},{"@type":"WebPage","@id":"https:\/\/www.fcbarcelonanoticias.com\/en\/transfers\/unai-emery-insists-helping-fc-barcelona-with-ferran-torres_294240_102.html","url":"https:\/\/www.fcbarcelonanoticias.com\/en\/transfers\/unai-emery-insists-helping-fc-barcelona-with-ferran-torres_294240_102.html","name":"Unai Emery insists on 'helping' Bar\u00e7a with Ferran Torres","isPartOf":{"@id":"https:\/\/www.fcbarcelonanoticias.com\/en\/#website"},"primaryImageOfPage":{"@id":"https:\/\/www.fcbarcelonanoticias.com\/en\/transfers\/unai-emery-insists-helping-fc-barcelona-with-ferran-torres_294240_102.html#primaryimage"},"image":{"@id":"https:\/\/www.fcbarcelonanoticias.com\/en\/transfers\/unai-emery-insists-helping-fc-barcelona-with-ferran-torres_294240_102.html#primaryimage"},"thumbnailUrl":"https:\/\/www.fcbarcelonanoticias.com\/en\/wp-content\/uploads\/sites\/2\/2023\/07\/ferran-torres-35-millones-de-euros.jpeg","datePublished":"2023-07-18T21:35:00+00:00","author":{"@id":"https:\/\/www.fcbarcelonanoticias.com\/en\/#\/schema\/person\/c2cd9f6fa1af5c0d0eccd0fefa575c88"},"description":"Unai Emery and 'Monchi' continue evaluating options in the summer market to reinforce the squad of an Aston Villa that will return to Europe in 2022\/23. After spending 33 'kilos' on Pau Torres, the next reinforcement could be Ferran Torres","breadcrumb":{"@id":"https:\/\/www.fcbarcelonanoticias.com\/en\/transfers\/unai-emery-insists-helping-fc-barcelona-with-ferran-torres_294240_102.html#breadcrumb"},"inLanguage":"en-US","potentialAction":[{"@type":"ReadAction","target":["https:\/\/www.fcbarcelonanoticias.com\/en\/transfers\/unai-emery-insists-helping-fc-barcelona-with-ferran-torres_294240_102.html"]}]},{"@type":"ImageObject","inLanguage":"en-US","@id":"https:\/\/www.fcbarcelonanoticias.com\/en\/transfers\/unai-emery-insists-helping-fc-barcelona-with-ferran-torres_294240_102.html#primaryimage","url":"https:\/\/www.fcbarcelonanoticias.com\/en\/wp-content\/uploads\/sites\/2\/2023\/07\/ferran-torres-35-millones-de-euros.jpeg","contentUrl":"https:\/\/www.fcbarcelonanoticias.com\/en\/wp-content\/uploads\/sites\/2\/2023\/07\/ferran-torres-35-millones-de-euros.jpeg","width":1200,"height":675},{"@type":"BreadcrumbList","@id":"https:\/\/www.fcbarcelonanoticias.com\/en\/transfers\/unai-emery-insists-helping-fc-barcelona-with-ferran-torres_294240_102.html#breadcrumb","itemListElement":[{"@type":"ListItem","position":1,"name":"Portada","item":"https:\/\/www.fcbarcelonanoticias.com\/en\/"},{"@type":"ListItem","position":2,"name":"Unai Emery insists on &#8216;helping&#8217; Bar\u00e7a with Ferran Torres"}]},{"@type":"WebSite","@id":"https:\/\/www.fcbarcelonanoticias.com\/en\/#website","url":"https:\/\/www.fcbarcelonanoticias.com\/en\/","name":"EN - FC Barcelona Noticias","description":"","potentialAction":[{"@type":"SearchAction","target":{"@type":"EntryPoint","urlTemplate":"https:\/\/www.fcbarcelonanoticias.com\/en\/?s={search_term_string}"},"query-input":{"@type":"PropertyValueSpecification","valueRequired":true,"valueName":"search_term_string"}}],"inLanguage":"en-US"},{"@type":"Person","@id":"https:\/\/www.fcbarcelonanoticias.com\/en\/#\/schema\/person\/c2cd9f6fa1af5c0d0eccd0fefa575c88","name":"Andr\u00e9s Quiroz","image":{"@type":"ImageObject","inLanguage":"en-US","@id":"https:\/\/secure.gravatar.com\/avatar\/?s=96&d=mm&r=g","url":"https:\/\/secure.gravatar.com\/avatar\/?s=96&d=mm&r=g","contentUrl":"https:\/\/secure.gravatar.com\/avatar\/?s=96&d=mm&r=g","caption":"Andr\u00e9s Quiroz"},"description":"Licenciado en Periodismo por la Universidad de los Andes. Me encargo de analizar y compartir los contenidos m\u00e1s destacados de la\u00a0actualidad del F\u00fatbol Club Barcelona, Mercado de Fichajes y F\u00fatbol Internacional en FCBN. La informaci\u00f3n es poder, pero tambi\u00e9n conocimiento.","url":"https:\/\/www.fcbarcelonanoticias.com\/en\/fc-barcelona\/andres-quiroz_17_115.html"}]}},"_links":{"self":[{"href":"https:\/\/www.fcbarcelonanoticias.com\/en\/wp-json\/wp\/v2\/posts\/145737","targetHints":{"allow":["GET"]}}],"collection":[{"href":"https:\/\/www.fcbarcelonanoticias.com\/en\/wp-json\/wp\/v2\/posts"}],"about":[{"href":"https:\/\/www.fcbarcelonanoticias.com\/en\/wp-json\/wp\/v2\/types\/post"}],"author":[{"embeddable":true,"href":"https:\/\/www.fcbarcelonanoticias.com\/en\/wp-json\/wp\/v2\/users\/347"}],"replies":[{"embeddable":true,"href":"https:\/\/www.fcbarcelonanoticias.com\/en\/wp-json\/wp\/v2\/comments?post=145737"}],"version-history":[{"count":1,"href":"https:\/\/www.fcbarcelonanoticias.com\/en\/wp-json\/wp\/v2\/posts\/145737\/revisions"}],"predecessor-version":[{"id":155903,"href":"https:\/\/www.fcbarcelonanoticias.com\/en\/wp-json\/wp\/v2\/posts\/145737\/revisions\/155903"}],"wp:featuredmedia":[{"embeddable":true,"href":"https:\/\/www.fcbarcelonanoticias.com\/en\/wp-json\/wp\/v2\/media\/145738"}],"wp:attachment":[{"href":"https:\/\/www.fcbarcelonanoticias.com\/en\/wp-json\/wp\/v2\/media?parent=145737"}],"wp:term":[{"taxonomy":"category","embeddable":true,"href":"https:\/\/www.fcbarcelonanoticias.com\/en\/wp-json\/wp\/v2\/categories?post=145737"},{"taxonomy":"post_tag","embeddable":true,"href":"https:\/\/www.fcbarcelonanoticias.com\/en\/wp-json\/wp\/v2\/tags?post=145737"}],"curies":[{"name":"wp","href":"https:\/\/api.w.org\/{rel}","templated":true}]}}