{"id":145761,"date":"2024-12-07T22:30:00","date_gmt":"2024-12-07T21:30:00","guid":{"rendered":"https:\/\/weisetech.dev\/fc-barcelona-noticias\/en\/unexpected-option-for-fc-barcelona-forward-line_309130_102\/"},"modified":"2024-12-07T22:30:00","modified_gmt":"2024-12-07T21:30:00","slug":"unexpected-option-for-fc-barcelona-forward-line_309130_102","status":"publish","type":"post","link":"https:\/\/www.fcbarcelonanoticias.com\/en\/transfers\/unexpected-option-for-fc-barcelona-forward-line_309130_102.html","title":{"rendered":"Unexpected option for FC Barcelona&#8217;s forward line"},"content":{"rendered":"<h2 class=\"wp-block-heading\">Bar\u00e7a are reportedly in the running for Dusan Vlahovic. Flick likes the striker and Juventus could sell him in the summer<\/h2>  \r\n<div class=\"article-addons\">\r\n    <a href=\"https:\/\/www.fcbarcelonanoticias.com\/en\/calendar-fc-barcelona.html\"\r\n       target=\"_self\"\r\n       title=\"Calendar of FC Barcelona\"\r\n       class=\"blue-gredient-btn\">\r\n       \r\n        Calendar of FC Barcelona    <\/a>\r\n<\/div>   <p><a data-external=\"0\" data-intl-links-en=\"https:\/\/www.fcbarcelonanoticias.com\/en\/fc-barcelona\" data-intl-links-es=\"https:\/\/www.fcbarcelonanoticias.com\/fc-barcelona\" href=\"https:\/\/www.fcbarcelonanoticias.com\/en\/football-soccer\/fc-barcelona.html\" rel=\"follow\" target=\"_self\" title=\"FC Barcelona\">FC Barcelona continue to &#8216;comb&#8217; the forward market in search of the ideal replacement for Robert Lewandowski<\/a>. The Pole will enter the last year of his contract next season and will do so as the starting &#8216;9&#8217; for the team managed by <strong>Hansi Flick<\/strong>, but the Catalans want to &#8216;tie down&#8217; his possible replacement in the next summer window to start a &#8216;sweet transition&#8217;.<\/p>  <p>Several names are on the Bar\u00e7a agenda, with <strong>Erling Haaland<\/strong> and <strong>Viktor Gy\u00f6ekeres<\/strong> being the preferred ones of the sporting management, although their signings would be distant options due to price and sporting fit. For that reason, the club is studying various alternatives, and among figures such as <strong>Jonathan David<\/strong> and <strong>Alexander Isak<\/strong>, a new candidate could emerge in Barcelona.<\/p>  <h3>Bar\u00e7a would have the signing of Dusan Vlahovic in their sights<\/h3>  <p>This is <strong>Dusan Vlahovic<\/strong>, a <strong>Juventus <\/strong>striker whose future in Turin is more up in the air than ever. The 24-year-old Serbian&#8217;s contract expires in June 2026 and negotiations for his renewal are deeply &#8216;stalled&#8217;, so the &#8216;bianconeri&#8217; team <strong>is seriously considering transferring him next summer<\/strong> before losing him at zero cost, according to &#8216;Mundo Deportivo&#8217;.<\/p>  <p>Valued at 65 million euros, the goalscorer could become a serious candidate for the attack since <strong>Flick <\/strong>would have him in high regard when valuing his qualities, although at the moment it would be a remote option. The player&#8217;s agent will meet with the club before Christmas to start to get his situation on track, and if there is no agreement, <strong>Bar\u00e7a <\/strong>could come into play to take the &#8216;cat to the water&#8217;.<\/p> ","protected":false},"excerpt":{"rendered":"<p>Bar\u00e7a are reportedly in the running for Dusan Vlahovic. Flick likes the striker and Juventus could sell him in the summer FC Barcelona continue to &#8216;comb&#8217; the forward market in search of the ideal replacement for Robert Lewandowski. The Pole will enter the last year of his contract next season and will do so as [&hellip;]<\/p>\n","protected":false},"author":358,"featured_media":145762,"comment_status":"closed","ping_status":"open","sticky":false,"template":"","format":"standard","meta":{"_acf_changed":false,"inline_featured_image":false,"_nextfly_llmd_date_locked":false,"footnotes":""},"categories":[106,449],"tags":[105],"class_list":["post-145761","post","type-post","status-publish","format-standard","has-post-thumbnail","hentry","category-transfers","category-transfers-2","tag-juventus"],"acf":[],"yoast_head":"<!-- This site is optimized with the Yoast SEO plugin v27.3 - https:\/\/yoast.com\/product\/yoast-seo-wordpress\/ -->\n<title>Unexpected option for FC Barcelona&#039;s forward line<\/title>\n<meta name=\"description\" content=\"Bar\u00e7a are reportedly in the running for Dusan Vlahovic. Flick likes the striker and Juventus could sell him in the summer\" \/>\n<meta name=\"robots\" content=\"index, follow, max-snippet:-1, max-image-preview:large, max-video-preview:-1\" \/>\n<link rel=\"canonical\" href=\"https:\/\/www.fcbarcelonanoticias.com\/en\/transfers\/unexpected-option-for-fc-barcelona-forward-line_309130_102.html\" \/>\n<meta property=\"og:locale\" content=\"en_US\" \/>\n<meta property=\"og:type\" content=\"article\" \/>\n<meta property=\"og:title\" content=\"Unexpected option for FC Barcelona&#039;s forward line\" \/>\n<meta property=\"og:description\" content=\"Bar\u00e7a are reportedly in the running for Dusan Vlahovic. Flick likes the striker and Juventus could sell him in the summer\" \/>\n<meta property=\"og:url\" content=\"https:\/\/www.fcbarcelonanoticias.com\/en\/transfers\/unexpected-option-for-fc-barcelona-forward-line_309130_102.html\" \/>\n<meta property=\"og:site_name\" content=\"EN - FC Barcelona Noticias\" \/>\n<meta property=\"article:published_time\" content=\"2024-12-07T21:30:00+00:00\" \/>\n<meta property=\"og:image\" content=\"https:\/\/www.fcbarcelonanoticias.com\/en\/wp-content\/uploads\/sites\/2\/2024\/12\/dusan-vlahovic-juventus-2-scaled.jpeg\" \/>\n\t<meta property=\"og:image:width\" content=\"2560\" \/>\n\t<meta property=\"og:image:height\" content=\"1675\" \/>\n\t<meta property=\"og:image:type\" content=\"image\/jpeg\" \/>\n<meta name=\"author\" content=\"Juan Pablo Berdugo\" \/>\n<meta name=\"twitter:card\" content=\"summary_large_image\" \/>\n<meta name=\"twitter:label1\" content=\"Written by\" \/>\n\t<meta name=\"twitter:data1\" content=\"Juan Pablo Berdugo\" \/>\n\t<meta name=\"twitter:label2\" content=\"Est. reading time\" \/>\n\t<meta name=\"twitter:data2\" content=\"1 minute\" \/>\n<script type=\"application\/ld+json\" class=\"yoast-schema-graph\">{\"@context\":\"https:\\\/\\\/schema.org\",\"@graph\":[{\"@type\":\"Article\",\"@id\":\"https:\\\/\\\/www.fcbarcelonanoticias.com\\\/en\\\/transfers\\\/unexpected-option-for-fc-barcelona-forward-line_309130_102.html#article\",\"isPartOf\":{\"@id\":\"https:\\\/\\\/www.fcbarcelonanoticias.com\\\/en\\\/transfers\\\/unexpected-option-for-fc-barcelona-forward-line_309130_102.html\"},\"author\":{\"name\":\"Juan Pablo Berdugo\",\"@id\":\"https:\\\/\\\/www.fcbarcelonanoticias.com\\\/en\\\/#\\\/schema\\\/person\\\/88d756918a0a1ae9fa593b5edddd1815\"},\"headline\":\"Unexpected option for FC Barcelona&#8217;s forward line\",\"datePublished\":\"2024-12-07T21:30:00+00:00\",\"mainEntityOfPage\":{\"@id\":\"https:\\\/\\\/www.fcbarcelonanoticias.com\\\/en\\\/transfers\\\/unexpected-option-for-fc-barcelona-forward-line_309130_102.html\"},\"wordCount\":297,\"image\":{\"@id\":\"https:\\\/\\\/www.fcbarcelonanoticias.com\\\/en\\\/transfers\\\/unexpected-option-for-fc-barcelona-forward-line_309130_102.html#primaryimage\"},\"thumbnailUrl\":\"https:\\\/\\\/www.fcbarcelonanoticias.com\\\/en\\\/wp-content\\\/uploads\\\/sites\\\/2\\\/2024\\\/12\\\/dusan-vlahovic-juventus-2-scaled.jpeg\",\"keywords\":[\"Juventus\"],\"articleSection\":[\"Transfers\",\"Transfers\"],\"inLanguage\":\"en-US\"},{\"@type\":\"WebPage\",\"@id\":\"https:\\\/\\\/www.fcbarcelonanoticias.com\\\/en\\\/transfers\\\/unexpected-option-for-fc-barcelona-forward-line_309130_102.html\",\"url\":\"https:\\\/\\\/www.fcbarcelonanoticias.com\\\/en\\\/transfers\\\/unexpected-option-for-fc-barcelona-forward-line_309130_102.html\",\"name\":\"Unexpected option for FC Barcelona's forward line\",\"isPartOf\":{\"@id\":\"https:\\\/\\\/www.fcbarcelonanoticias.com\\\/en\\\/#website\"},\"primaryImageOfPage\":{\"@id\":\"https:\\\/\\\/www.fcbarcelonanoticias.com\\\/en\\\/transfers\\\/unexpected-option-for-fc-barcelona-forward-line_309130_102.html#primaryimage\"},\"image\":{\"@id\":\"https:\\\/\\\/www.fcbarcelonanoticias.com\\\/en\\\/transfers\\\/unexpected-option-for-fc-barcelona-forward-line_309130_102.html#primaryimage\"},\"thumbnailUrl\":\"https:\\\/\\\/www.fcbarcelonanoticias.com\\\/en\\\/wp-content\\\/uploads\\\/sites\\\/2\\\/2024\\\/12\\\/dusan-vlahovic-juventus-2-scaled.jpeg\",\"datePublished\":\"2024-12-07T21:30:00+00:00\",\"author\":{\"@id\":\"https:\\\/\\\/www.fcbarcelonanoticias.com\\\/en\\\/#\\\/schema\\\/person\\\/88d756918a0a1ae9fa593b5edddd1815\"},\"description\":\"Bar\u00e7a are reportedly in the running for Dusan Vlahovic. Flick likes the striker and Juventus could sell him in the summer\",\"breadcrumb\":{\"@id\":\"https:\\\/\\\/www.fcbarcelonanoticias.com\\\/en\\\/transfers\\\/unexpected-option-for-fc-barcelona-forward-line_309130_102.html#breadcrumb\"},\"inLanguage\":\"en-US\",\"potentialAction\":[{\"@type\":\"ReadAction\",\"target\":[\"https:\\\/\\\/www.fcbarcelonanoticias.com\\\/en\\\/transfers\\\/unexpected-option-for-fc-barcelona-forward-line_309130_102.html\"]}]},{\"@type\":\"ImageObject\",\"inLanguage\":\"en-US\",\"@id\":\"https:\\\/\\\/www.fcbarcelonanoticias.com\\\/en\\\/transfers\\\/unexpected-option-for-fc-barcelona-forward-line_309130_102.html#primaryimage\",\"url\":\"https:\\\/\\\/www.fcbarcelonanoticias.com\\\/en\\\/wp-content\\\/uploads\\\/sites\\\/2\\\/2024\\\/12\\\/dusan-vlahovic-juventus-2-scaled.jpeg\",\"contentUrl\":\"https:\\\/\\\/www.fcbarcelonanoticias.com\\\/en\\\/wp-content\\\/uploads\\\/sites\\\/2\\\/2024\\\/12\\\/dusan-vlahovic-juventus-2-scaled.jpeg\",\"width\":2560,\"height\":1675},{\"@type\":\"BreadcrumbList\",\"@id\":\"https:\\\/\\\/www.fcbarcelonanoticias.com\\\/en\\\/transfers\\\/unexpected-option-for-fc-barcelona-forward-line_309130_102.html#breadcrumb\",\"itemListElement\":[{\"@type\":\"ListItem\",\"position\":1,\"name\":\"Portada\",\"item\":\"https:\\\/\\\/www.fcbarcelonanoticias.com\\\/en\\\/\"},{\"@type\":\"ListItem\",\"position\":2,\"name\":\"Unexpected option for FC Barcelona&#8217;s forward line\"}]},{\"@type\":\"WebSite\",\"@id\":\"https:\\\/\\\/www.fcbarcelonanoticias.com\\\/en\\\/#website\",\"url\":\"https:\\\/\\\/www.fcbarcelonanoticias.com\\\/en\\\/\",\"name\":\"EN - FC Barcelona Noticias\",\"description\":\"\",\"potentialAction\":[{\"@type\":\"SearchAction\",\"target\":{\"@type\":\"EntryPoint\",\"urlTemplate\":\"https:\\\/\\\/www.fcbarcelonanoticias.com\\\/en\\\/?s={search_term_string}\"},\"query-input\":{\"@type\":\"PropertyValueSpecification\",\"valueRequired\":true,\"valueName\":\"search_term_string\"}}],\"inLanguage\":\"en-US\"},{\"@type\":\"Person\",\"@id\":\"https:\\\/\\\/www.fcbarcelonanoticias.com\\\/en\\\/#\\\/schema\\\/person\\\/88d756918a0a1ae9fa593b5edddd1815\",\"name\":\"Juan Pablo Berdugo\",\"image\":{\"@type\":\"ImageObject\",\"inLanguage\":\"en-US\",\"@id\":\"https:\\\/\\\/secure.gravatar.com\\\/avatar\\\/?s=96&d=mm&r=g\",\"url\":\"https:\\\/\\\/secure.gravatar.com\\\/avatar\\\/?s=96&d=mm&r=g\",\"contentUrl\":\"https:\\\/\\\/secure.gravatar.com\\\/avatar\\\/?s=96&d=mm&r=g\",\"caption\":\"Juan Pablo Berdugo\"},\"description\":\"Juan Pablo Berdugo es graduado en Periodismo. Colabora con FCBN como especialista en informaci\u00f3n del primer equipo del FC Barcelona, f\u00fatbol internacional y mercado de fichajes. Destaca por su enfoque anal\u00edtico, su rigor informativo y su capacidad para detectar tendencias emergentes en el f\u00fatbol global.\",\"url\":\"https:\\\/\\\/www.fcbarcelonanoticias.com\\\/en\\\/fc-barcelona\\\/juan-pablo-berdugo_18_115.html\"}]}<\/script>\n<!-- \/ Yoast SEO plugin. -->","yoast_head_json":{"title":"Unexpected option for FC Barcelona's forward line","description":"Bar\u00e7a are reportedly in the running for Dusan Vlahovic. Flick likes the striker and Juventus could sell him in the summer","robots":{"index":"index","follow":"follow","max-snippet":"max-snippet:-1","max-image-preview":"max-image-preview:large","max-video-preview":"max-video-preview:-1"},"canonical":"https:\/\/www.fcbarcelonanoticias.com\/en\/transfers\/unexpected-option-for-fc-barcelona-forward-line_309130_102.html","og_locale":"en_US","og_type":"article","og_title":"Unexpected option for FC Barcelona's forward line","og_description":"Bar\u00e7a are reportedly in the running for Dusan Vlahovic. Flick likes the striker and Juventus could sell him in the summer","og_url":"https:\/\/www.fcbarcelonanoticias.com\/en\/transfers\/unexpected-option-for-fc-barcelona-forward-line_309130_102.html","og_site_name":"EN - FC Barcelona Noticias","article_published_time":"2024-12-07T21:30:00+00:00","og_image":[{"width":2560,"height":1675,"url":"https:\/\/www.fcbarcelonanoticias.com\/en\/wp-content\/uploads\/sites\/2\/2024\/12\/dusan-vlahovic-juventus-2-scaled.jpeg","type":"image\/jpeg"}],"author":"Juan Pablo Berdugo","twitter_card":"summary_large_image","twitter_misc":{"Written by":"Juan Pablo Berdugo","Est. reading time":"1 minute"},"schema":{"@context":"https:\/\/schema.org","@graph":[{"@type":"Article","@id":"https:\/\/www.fcbarcelonanoticias.com\/en\/transfers\/unexpected-option-for-fc-barcelona-forward-line_309130_102.html#article","isPartOf":{"@id":"https:\/\/www.fcbarcelonanoticias.com\/en\/transfers\/unexpected-option-for-fc-barcelona-forward-line_309130_102.html"},"author":{"name":"Juan Pablo Berdugo","@id":"https:\/\/www.fcbarcelonanoticias.com\/en\/#\/schema\/person\/88d756918a0a1ae9fa593b5edddd1815"},"headline":"Unexpected option for FC Barcelona&#8217;s forward line","datePublished":"2024-12-07T21:30:00+00:00","mainEntityOfPage":{"@id":"https:\/\/www.fcbarcelonanoticias.com\/en\/transfers\/unexpected-option-for-fc-barcelona-forward-line_309130_102.html"},"wordCount":297,"image":{"@id":"https:\/\/www.fcbarcelonanoticias.com\/en\/transfers\/unexpected-option-for-fc-barcelona-forward-line_309130_102.html#primaryimage"},"thumbnailUrl":"https:\/\/www.fcbarcelonanoticias.com\/en\/wp-content\/uploads\/sites\/2\/2024\/12\/dusan-vlahovic-juventus-2-scaled.jpeg","keywords":["Juventus"],"articleSection":["Transfers","Transfers"],"inLanguage":"en-US"},{"@type":"WebPage","@id":"https:\/\/www.fcbarcelonanoticias.com\/en\/transfers\/unexpected-option-for-fc-barcelona-forward-line_309130_102.html","url":"https:\/\/www.fcbarcelonanoticias.com\/en\/transfers\/unexpected-option-for-fc-barcelona-forward-line_309130_102.html","name":"Unexpected option for FC Barcelona's forward line","isPartOf":{"@id":"https:\/\/www.fcbarcelonanoticias.com\/en\/#website"},"primaryImageOfPage":{"@id":"https:\/\/www.fcbarcelonanoticias.com\/en\/transfers\/unexpected-option-for-fc-barcelona-forward-line_309130_102.html#primaryimage"},"image":{"@id":"https:\/\/www.fcbarcelonanoticias.com\/en\/transfers\/unexpected-option-for-fc-barcelona-forward-line_309130_102.html#primaryimage"},"thumbnailUrl":"https:\/\/www.fcbarcelonanoticias.com\/en\/wp-content\/uploads\/sites\/2\/2024\/12\/dusan-vlahovic-juventus-2-scaled.jpeg","datePublished":"2024-12-07T21:30:00+00:00","author":{"@id":"https:\/\/www.fcbarcelonanoticias.com\/en\/#\/schema\/person\/88d756918a0a1ae9fa593b5edddd1815"},"description":"Bar\u00e7a are reportedly in the running for Dusan Vlahovic. Flick likes the striker and Juventus could sell him in the summer","breadcrumb":{"@id":"https:\/\/www.fcbarcelonanoticias.com\/en\/transfers\/unexpected-option-for-fc-barcelona-forward-line_309130_102.html#breadcrumb"},"inLanguage":"en-US","potentialAction":[{"@type":"ReadAction","target":["https:\/\/www.fcbarcelonanoticias.com\/en\/transfers\/unexpected-option-for-fc-barcelona-forward-line_309130_102.html"]}]},{"@type":"ImageObject","inLanguage":"en-US","@id":"https:\/\/www.fcbarcelonanoticias.com\/en\/transfers\/unexpected-option-for-fc-barcelona-forward-line_309130_102.html#primaryimage","url":"https:\/\/www.fcbarcelonanoticias.com\/en\/wp-content\/uploads\/sites\/2\/2024\/12\/dusan-vlahovic-juventus-2-scaled.jpeg","contentUrl":"https:\/\/www.fcbarcelonanoticias.com\/en\/wp-content\/uploads\/sites\/2\/2024\/12\/dusan-vlahovic-juventus-2-scaled.jpeg","width":2560,"height":1675},{"@type":"BreadcrumbList","@id":"https:\/\/www.fcbarcelonanoticias.com\/en\/transfers\/unexpected-option-for-fc-barcelona-forward-line_309130_102.html#breadcrumb","itemListElement":[{"@type":"ListItem","position":1,"name":"Portada","item":"https:\/\/www.fcbarcelonanoticias.com\/en\/"},{"@type":"ListItem","position":2,"name":"Unexpected option for FC Barcelona&#8217;s forward line"}]},{"@type":"WebSite","@id":"https:\/\/www.fcbarcelonanoticias.com\/en\/#website","url":"https:\/\/www.fcbarcelonanoticias.com\/en\/","name":"EN - FC Barcelona Noticias","description":"","potentialAction":[{"@type":"SearchAction","target":{"@type":"EntryPoint","urlTemplate":"https:\/\/www.fcbarcelonanoticias.com\/en\/?s={search_term_string}"},"query-input":{"@type":"PropertyValueSpecification","valueRequired":true,"valueName":"search_term_string"}}],"inLanguage":"en-US"},{"@type":"Person","@id":"https:\/\/www.fcbarcelonanoticias.com\/en\/#\/schema\/person\/88d756918a0a1ae9fa593b5edddd1815","name":"Juan Pablo Berdugo","image":{"@type":"ImageObject","inLanguage":"en-US","@id":"https:\/\/secure.gravatar.com\/avatar\/?s=96&d=mm&r=g","url":"https:\/\/secure.gravatar.com\/avatar\/?s=96&d=mm&r=g","contentUrl":"https:\/\/secure.gravatar.com\/avatar\/?s=96&d=mm&r=g","caption":"Juan Pablo Berdugo"},"description":"Juan Pablo Berdugo es graduado en Periodismo. Colabora con FCBN como especialista en informaci\u00f3n del primer equipo del FC Barcelona, f\u00fatbol internacional y mercado de fichajes. Destaca por su enfoque anal\u00edtico, su rigor informativo y su capacidad para detectar tendencias emergentes en el f\u00fatbol global.","url":"https:\/\/www.fcbarcelonanoticias.com\/en\/fc-barcelona\/juan-pablo-berdugo_18_115.html"}]}},"_links":{"self":[{"href":"https:\/\/www.fcbarcelonanoticias.com\/en\/wp-json\/wp\/v2\/posts\/145761","targetHints":{"allow":["GET"]}}],"collection":[{"href":"https:\/\/www.fcbarcelonanoticias.com\/en\/wp-json\/wp\/v2\/posts"}],"about":[{"href":"https:\/\/www.fcbarcelonanoticias.com\/en\/wp-json\/wp\/v2\/types\/post"}],"author":[{"embeddable":true,"href":"https:\/\/www.fcbarcelonanoticias.com\/en\/wp-json\/wp\/v2\/users\/358"}],"replies":[{"embeddable":true,"href":"https:\/\/www.fcbarcelonanoticias.com\/en\/wp-json\/wp\/v2\/comments?post=145761"}],"version-history":[{"count":1,"href":"https:\/\/www.fcbarcelonanoticias.com\/en\/wp-json\/wp\/v2\/posts\/145761\/revisions"}],"predecessor-version":[{"id":155938,"href":"https:\/\/www.fcbarcelonanoticias.com\/en\/wp-json\/wp\/v2\/posts\/145761\/revisions\/155938"}],"wp:featuredmedia":[{"embeddable":true,"href":"https:\/\/www.fcbarcelonanoticias.com\/en\/wp-json\/wp\/v2\/media\/145762"}],"wp:attachment":[{"href":"https:\/\/www.fcbarcelonanoticias.com\/en\/wp-json\/wp\/v2\/media?parent=145761"}],"wp:term":[{"taxonomy":"category","embeddable":true,"href":"https:\/\/www.fcbarcelonanoticias.com\/en\/wp-json\/wp\/v2\/categories?post=145761"},{"taxonomy":"post_tag","embeddable":true,"href":"https:\/\/www.fcbarcelonanoticias.com\/en\/wp-json\/wp\/v2\/tags?post=145761"}],"curies":[{"name":"wp","href":"https:\/\/api.w.org\/{rel}","templated":true}]}}