{"id":145837,"date":"2023-03-01T01:08:00","date_gmt":"2023-03-01T00:08:00","guid":{"rendered":"https:\/\/weisetech.dev\/fc-barcelona-noticias\/en\/united-will-return-to-charge-for-frenkie-of-jong-in-summer_290089_102\/"},"modified":"2023-03-01T13:38:00","modified_gmt":"2023-03-01T12:38:00","slug":"united-will-return-to-charge-for-frenkie-of-jong-in-summer_290089_102","status":"publish","type":"post","link":"https:\/\/www.fcbarcelonanoticias.com\/en\/transfers\/united-will-return-to-charge-for-frenkie-of-jong-in-summer_290089_102.html","title":{"rendered":"United will return to the charge for Frenkie de Jong in summer"},"content":{"rendered":"<h2 class=\"wp-block-heading\">Manchester United is preparing to live an intense summer in terms of transfers. After the Chelsea &#8216;show&#8217; in winter, the &#8216;red devils&#8217; will seek to sign at least a couple of reinforcements and Frenkie de Jong will once again be a priority<\/h2>  \r\n<div class=\"article-addons\">\r\n    <a href=\"https:\/\/www.fcbarcelonanoticias.com\/en\/calendar-fc-barcelona.html\"\r\n       target=\"_self\"\r\n       title=\"Calendar of FC Barcelona\"\r\n       class=\"blue-gredient-btn\">\r\n       \r\n        Calendar of FC Barcelona    <\/a>\r\n<\/div>   <p>Frenkie Of Jong will be, by second consecutive summer, one of the priorities of the Manchester United. <strong>The technical Erik have Hag insists in adding to his compatriot to a staff that already fich\u00f3 to Casemiro the past summer<\/strong>, more still knowing the need of the <a data-external=\"0\" data-intl-links-en=\"https:\/\/www.fcbarcelonanoticias.com\/en\/players\/motives-for-frenkie-jong-must-be-new-midfielder-of-barca_290082_102.html\" data-intl-links-es=\"https:\/\/www.fcbarcelonanoticias.com\/jugadores\/motivos-por-frenkie-jong-debe-ser-nuevo-mediocentro-del-barca_290082_102.html\" href=\"https:\/\/www.fcbarcelonanoticias.com\/en\/players\/motives-for-frenkie-jong-must-be-new-midfielder-of-barca_290082_102.html\" rel=\"follow\" target=\"_self\" title=\"Los motivos por los que Frenkie de Jong debe ser el mediocentro&nbsp;titular del&nbsp;Bar\u00e7a\">FC Barcelona<\/a> for going down his mass salarial. According to the newspaper &#8216;SPORT&#8217;, the one of Arkel is one of the signings &#8216;bomb&#8217; that prepare in Old Trafford, added to a &#8216;9&#8217;.<\/p>  <p>The &#8216;network devils&#8217; keep good relation with the managerial cul\u00e9, but the player will have, again, the last word to define his future. The player of 25 years has agreement until June of 2026 and was near to go out in August in return of a near figure to the 80 million euros, but preferred to remain and struggle by a place in the XI of Xavi Hern\u00e1ndez. <strong>After the World-wide, the &#8217;21&#8217; has consolidated like indisputable beside <a data-external=\"0\" data-intl-links-en=\"https:\/\/www.fcbarcelonanoticias.com\/en\/players\/xavi-take-care-to-busquets-sergi-roberto-kessie-and-ronald-araujo-of-face-clasico_290086_102.html\" data-intl-links-es=\"https:\/\/www.fcbarcelonanoticias.com\/jugadores\/xavi-cuida-busquets-sergi-roberto-kessie-ronald-araujo-cara-al-clasico_290086_102.html\" href=\"https:\/\/www.fcbarcelonanoticias.com\/en\/players\/xavi-take-care-to-busquets-sergi-roberto-kessie-and-ronald-araujo-of-face-clasico_290086_102.html\" rel=\"follow\" target=\"_self\" title=\"Xavi 'cuida' a Busquets, Sergi Roberto, Kessi\u00e9 y Ronald Ara\u00fajo de cara&nbsp;al&nbsp;Cl\u00e1sico\">Busquets<\/a>, Pedri and Gavi<\/strong>, with a diagram of four midfield players that gave very good results to beginnings of year.<\/p>  <p>However, further of the insistence of the player in remaining and of the satisfaction of the technical body with his performance, the financial problems of the Bar\u00e7a keep opened the door to his exit. <strong>The club needs to go down 200 &#8216;kilos&#8217; in mass salarial and the traspasos are the fastest road to attain it<\/strong>. Thus, the directive foresees at least a pair of sales to resolve his problems with the &#8216;fair play&#8217; and, to his time, manage the arrival of reinforcements.<\/p>  <p>Frenkie Great 2212 minutes of game in 30 official parties this season, with a pair of goals and an assistance in LaLiga. <strong>The injuries of Ousmane Demb\u00e9l\u00e9 and Pedri have left to Xavi without alternatives in the creation of game and attack<\/strong>, by which the work of Of Jong earns even more importance in the decisive stretch of the season. In the meantime, the United follows winning confidence with Have Hag and already celebrated a title the weekend (the Glass of the League).<\/p>  <h3>The Europe League, a message for Frenkie?<\/h3>  <p>In summer, the British press signalled the presence of the Manchester United in the UEL like one of the reasons of Frenkie for &#8216;happen&#8217; of the interest of the &#8216;network devils&#8217;. <strong>After the elimination of the Bar\u00e7a in Old Trafford, previous failure in the Champions League, the rumours of &#8216;revenge&#8217; by part of the English group did not do expect<\/strong>, further that the posture of the club and of the technical body aim to another direction.<\/p>  <p>And it is that, further of the slam of Frenkie of Jong to the United the past year, Have Hag knows him perfectly and expects to have he to reinforce a staff that, in the 2023\/24, will have like main objective win the Premier League and arrive as far as possible in Champions. <strong>The trainer tulip arrived to semis in the tournament in 2019 after deleting to the <a data-external=\"0\" data-intl-links-en=\"https:\/\/www.fcbarcelonanoticias.com\/en\/copa-del-rey\/like-this-history-duels-barcelona-real-madrid-in-copa-rey_290087_102.html\" data-intl-links-es=\"https:\/\/www.fcbarcelonanoticias.com\/copa-del-rey\/es-historial-duelos-barcelona-real-madrid-en-copa-rey_290087_102.html\" href=\"https:\/\/www.fcbarcelonanoticias.com\/en\/copa-del-rey\/like-this-history-duels-barcelona-real-madrid-in-copa-rey_290087_102.html\" rel=\"follow\" target=\"_self\" title=\"As\u00ed es el historial de los duelos Bar\u00e7a-Real Madrid en la Copa del Rey\">Real Madrid<\/a> and to the Juventus, with the one of Arkel like key piece<\/strong> for a team that remained to the doors of the final.<\/p>  <h3>The another &#8216;bombazo&#8217; that looks for the United<\/h3>  <p>In addition to Of Jong, the Dutch trainer has asked a leading centre for the summer. <strong>Victor Osimhen (Napoli) and Harry Kane (Tottenham) <\/strong>are priority, but there is another name that sounds with strength in the surroundings of the &#8216;red devils&#8217;: <strong>Jude Bellingham. <\/strong>The mediocentro will go out of the Borussia Dortmund in summer and the United wants to give the hit and leave to the Real Madrid with the empty hands. For the moment, the English player follows expecting by the best offer to change of airs in August.<\/p> ","protected":false},"excerpt":{"rendered":"<p>Manchester United is preparing to live an intense summer in terms of transfers. After the Chelsea &#8216;show&#8217; in winter, the &#8216;red devils&#8217; will seek to sign at least a couple of reinforcements and Frenkie de Jong will once again be a priority Frenkie Of Jong will be, by second consecutive summer, one of the priorities [&hellip;]<\/p>\n","protected":false},"author":347,"featured_media":145838,"comment_status":"closed","ping_status":"open","sticky":false,"template":"","format":"standard","meta":{"_acf_changed":false,"inline_featured_image":false,"_nextfly_llmd_date_locked":false,"footnotes":""},"categories":[449,106],"tags":[197],"class_list":["post-145837","post","type-post","status-publish","format-standard","has-post-thumbnail","hentry","category-transfers-2","category-transfers","tag-manchester-united"],"acf":[],"yoast_head":"<!-- This site is optimized with the Yoast SEO plugin v27.3 - https:\/\/yoast.com\/product\/yoast-seo-wordpress\/ -->\n<title>United will return to the charge for Frenkie de Jong in summer<\/title>\n<meta name=\"description\" content=\"Manchester United is preparing to live an intense summer in terms of transfers. After the Chelsea &#039;show&#039; in winter, the &#039;red devils&#039; will seek to sign at least a couple of reinforcements and Frenkie de Jong will once again be a priority\" \/>\n<meta name=\"robots\" content=\"index, follow, max-snippet:-1, max-image-preview:large, max-video-preview:-1\" \/>\n<link rel=\"canonical\" href=\"https:\/\/www.fcbarcelonanoticias.com\/en\/transfers\/united-will-return-to-charge-for-frenkie-of-jong-in-summer_290089_102.html\" \/>\n<meta property=\"og:locale\" content=\"en_US\" \/>\n<meta property=\"og:type\" content=\"article\" \/>\n<meta property=\"og:title\" content=\"United will return to the charge for Frenkie de Jong in summer\" \/>\n<meta property=\"og:description\" content=\"Manchester United is preparing to live an intense summer in terms of transfers. After the Chelsea &#039;show&#039; in winter, the &#039;red devils&#039; will seek to sign at least a couple of reinforcements and Frenkie de Jong will once again be a priority\" \/>\n<meta property=\"og:url\" content=\"https:\/\/www.fcbarcelonanoticias.com\/en\/transfers\/united-will-return-to-charge-for-frenkie-of-jong-in-summer_290089_102.html\" \/>\n<meta property=\"og:site_name\" content=\"EN - FC Barcelona Noticias\" \/>\n<meta property=\"article:published_time\" content=\"2023-03-01T00:08:00+00:00\" \/>\n<meta property=\"article:modified_time\" content=\"2023-03-01T12:38:00+00:00\" \/>\n<meta property=\"og:image\" content=\"https:\/\/www.fcbarcelonanoticias.com\/en\/wp-content\/uploads\/sites\/2\/2023\/03\/frenkie-de-jong-en-un-partido-del-barc-a-3.jpeg\" \/>\n\t<meta property=\"og:image:width\" content=\"1200\" \/>\n\t<meta property=\"og:image:height\" content=\"675\" \/>\n\t<meta property=\"og:image:type\" content=\"image\/jpeg\" \/>\n<meta name=\"author\" content=\"Andr\u00e9s Quiroz\" \/>\n<meta name=\"twitter:card\" content=\"summary_large_image\" \/>\n<meta name=\"twitter:label1\" content=\"Written by\" \/>\n\t<meta name=\"twitter:data1\" content=\"Andr\u00e9s Quiroz\" \/>\n\t<meta name=\"twitter:label2\" content=\"Est. reading time\" \/>\n\t<meta name=\"twitter:data2\" content=\"3 minutes\" \/>\n<script type=\"application\/ld+json\" class=\"yoast-schema-graph\">{\"@context\":\"https:\\\/\\\/schema.org\",\"@graph\":[{\"@type\":\"Article\",\"@id\":\"https:\\\/\\\/www.fcbarcelonanoticias.com\\\/en\\\/transfers\\\/united-will-return-to-charge-for-frenkie-of-jong-in-summer_290089_102.html#article\",\"isPartOf\":{\"@id\":\"https:\\\/\\\/www.fcbarcelonanoticias.com\\\/en\\\/transfers\\\/united-will-return-to-charge-for-frenkie-of-jong-in-summer_290089_102.html\"},\"author\":{\"name\":\"Andr\u00e9s Quiroz\",\"@id\":\"https:\\\/\\\/www.fcbarcelonanoticias.com\\\/en\\\/#\\\/schema\\\/person\\\/c2cd9f6fa1af5c0d0eccd0fefa575c88\"},\"headline\":\"United will return to the charge for Frenkie de Jong in summer\",\"datePublished\":\"2023-03-01T00:08:00+00:00\",\"dateModified\":\"2023-03-01T12:38:00+00:00\",\"mainEntityOfPage\":{\"@id\":\"https:\\\/\\\/www.fcbarcelonanoticias.com\\\/en\\\/transfers\\\/united-will-return-to-charge-for-frenkie-of-jong-in-summer_290089_102.html\"},\"wordCount\":663,\"image\":{\"@id\":\"https:\\\/\\\/www.fcbarcelonanoticias.com\\\/en\\\/transfers\\\/united-will-return-to-charge-for-frenkie-of-jong-in-summer_290089_102.html#primaryimage\"},\"thumbnailUrl\":\"https:\\\/\\\/www.fcbarcelonanoticias.com\\\/en\\\/wp-content\\\/uploads\\\/sites\\\/2\\\/2023\\\/03\\\/frenkie-de-jong-en-un-partido-del-barc-a-3.jpeg\",\"keywords\":[\"Manchester United\"],\"articleSection\":[\"Transfers\",\"Transfers\"],\"inLanguage\":\"en-US\"},{\"@type\":\"WebPage\",\"@id\":\"https:\\\/\\\/www.fcbarcelonanoticias.com\\\/en\\\/transfers\\\/united-will-return-to-charge-for-frenkie-of-jong-in-summer_290089_102.html\",\"url\":\"https:\\\/\\\/www.fcbarcelonanoticias.com\\\/en\\\/transfers\\\/united-will-return-to-charge-for-frenkie-of-jong-in-summer_290089_102.html\",\"name\":\"United will return to the charge for Frenkie de Jong in summer\",\"isPartOf\":{\"@id\":\"https:\\\/\\\/www.fcbarcelonanoticias.com\\\/en\\\/#website\"},\"primaryImageOfPage\":{\"@id\":\"https:\\\/\\\/www.fcbarcelonanoticias.com\\\/en\\\/transfers\\\/united-will-return-to-charge-for-frenkie-of-jong-in-summer_290089_102.html#primaryimage\"},\"image\":{\"@id\":\"https:\\\/\\\/www.fcbarcelonanoticias.com\\\/en\\\/transfers\\\/united-will-return-to-charge-for-frenkie-of-jong-in-summer_290089_102.html#primaryimage\"},\"thumbnailUrl\":\"https:\\\/\\\/www.fcbarcelonanoticias.com\\\/en\\\/wp-content\\\/uploads\\\/sites\\\/2\\\/2023\\\/03\\\/frenkie-de-jong-en-un-partido-del-barc-a-3.jpeg\",\"datePublished\":\"2023-03-01T00:08:00+00:00\",\"dateModified\":\"2023-03-01T12:38:00+00:00\",\"author\":{\"@id\":\"https:\\\/\\\/www.fcbarcelonanoticias.com\\\/en\\\/#\\\/schema\\\/person\\\/c2cd9f6fa1af5c0d0eccd0fefa575c88\"},\"description\":\"Manchester United is preparing to live an intense summer in terms of transfers. After the Chelsea 'show' in winter, the 'red devils' will seek to sign at least a couple of reinforcements and Frenkie de Jong will once again be a priority\",\"breadcrumb\":{\"@id\":\"https:\\\/\\\/www.fcbarcelonanoticias.com\\\/en\\\/transfers\\\/united-will-return-to-charge-for-frenkie-of-jong-in-summer_290089_102.html#breadcrumb\"},\"inLanguage\":\"en-US\",\"potentialAction\":[{\"@type\":\"ReadAction\",\"target\":[\"https:\\\/\\\/www.fcbarcelonanoticias.com\\\/en\\\/transfers\\\/united-will-return-to-charge-for-frenkie-of-jong-in-summer_290089_102.html\"]}]},{\"@type\":\"ImageObject\",\"inLanguage\":\"en-US\",\"@id\":\"https:\\\/\\\/www.fcbarcelonanoticias.com\\\/en\\\/transfers\\\/united-will-return-to-charge-for-frenkie-of-jong-in-summer_290089_102.html#primaryimage\",\"url\":\"https:\\\/\\\/www.fcbarcelonanoticias.com\\\/en\\\/wp-content\\\/uploads\\\/sites\\\/2\\\/2023\\\/03\\\/frenkie-de-jong-en-un-partido-del-barc-a-3.jpeg\",\"contentUrl\":\"https:\\\/\\\/www.fcbarcelonanoticias.com\\\/en\\\/wp-content\\\/uploads\\\/sites\\\/2\\\/2023\\\/03\\\/frenkie-de-jong-en-un-partido-del-barc-a-3.jpeg\",\"width\":1200,\"height\":675},{\"@type\":\"BreadcrumbList\",\"@id\":\"https:\\\/\\\/www.fcbarcelonanoticias.com\\\/en\\\/transfers\\\/united-will-return-to-charge-for-frenkie-of-jong-in-summer_290089_102.html#breadcrumb\",\"itemListElement\":[{\"@type\":\"ListItem\",\"position\":1,\"name\":\"Portada\",\"item\":\"https:\\\/\\\/www.fcbarcelonanoticias.com\\\/en\\\/\"},{\"@type\":\"ListItem\",\"position\":2,\"name\":\"United will return to the charge for Frenkie de Jong in summer\"}]},{\"@type\":\"WebSite\",\"@id\":\"https:\\\/\\\/www.fcbarcelonanoticias.com\\\/en\\\/#website\",\"url\":\"https:\\\/\\\/www.fcbarcelonanoticias.com\\\/en\\\/\",\"name\":\"EN - FC Barcelona Noticias\",\"description\":\"\",\"potentialAction\":[{\"@type\":\"SearchAction\",\"target\":{\"@type\":\"EntryPoint\",\"urlTemplate\":\"https:\\\/\\\/www.fcbarcelonanoticias.com\\\/en\\\/?s={search_term_string}\"},\"query-input\":{\"@type\":\"PropertyValueSpecification\",\"valueRequired\":true,\"valueName\":\"search_term_string\"}}],\"inLanguage\":\"en-US\"},{\"@type\":\"Person\",\"@id\":\"https:\\\/\\\/www.fcbarcelonanoticias.com\\\/en\\\/#\\\/schema\\\/person\\\/c2cd9f6fa1af5c0d0eccd0fefa575c88\",\"name\":\"Andr\u00e9s Quiroz\",\"image\":{\"@type\":\"ImageObject\",\"inLanguage\":\"en-US\",\"@id\":\"https:\\\/\\\/secure.gravatar.com\\\/avatar\\\/?s=96&d=mm&r=g\",\"url\":\"https:\\\/\\\/secure.gravatar.com\\\/avatar\\\/?s=96&d=mm&r=g\",\"contentUrl\":\"https:\\\/\\\/secure.gravatar.com\\\/avatar\\\/?s=96&d=mm&r=g\",\"caption\":\"Andr\u00e9s Quiroz\"},\"description\":\"Licenciado en Periodismo por la Universidad de los Andes. Me encargo de analizar y compartir los contenidos m\u00e1s destacados de la\u00a0actualidad del F\u00fatbol Club Barcelona, Mercado de Fichajes y F\u00fatbol Internacional en FCBN. La informaci\u00f3n es poder, pero tambi\u00e9n conocimiento.\",\"url\":\"https:\\\/\\\/www.fcbarcelonanoticias.com\\\/en\\\/fc-barcelona\\\/andres-quiroz_17_115.html\"}]}<\/script>\n<!-- \/ Yoast SEO plugin. -->","yoast_head_json":{"title":"United will return to the charge for Frenkie de Jong in summer","description":"Manchester United is preparing to live an intense summer in terms of transfers. After the Chelsea 'show' in winter, the 'red devils' will seek to sign at least a couple of reinforcements and Frenkie de Jong will once again be a priority","robots":{"index":"index","follow":"follow","max-snippet":"max-snippet:-1","max-image-preview":"max-image-preview:large","max-video-preview":"max-video-preview:-1"},"canonical":"https:\/\/www.fcbarcelonanoticias.com\/en\/transfers\/united-will-return-to-charge-for-frenkie-of-jong-in-summer_290089_102.html","og_locale":"en_US","og_type":"article","og_title":"United will return to the charge for Frenkie de Jong in summer","og_description":"Manchester United is preparing to live an intense summer in terms of transfers. After the Chelsea 'show' in winter, the 'red devils' will seek to sign at least a couple of reinforcements and Frenkie de Jong will once again be a priority","og_url":"https:\/\/www.fcbarcelonanoticias.com\/en\/transfers\/united-will-return-to-charge-for-frenkie-of-jong-in-summer_290089_102.html","og_site_name":"EN - FC Barcelona Noticias","article_published_time":"2023-03-01T00:08:00+00:00","article_modified_time":"2023-03-01T12:38:00+00:00","og_image":[{"width":1200,"height":675,"url":"https:\/\/www.fcbarcelonanoticias.com\/en\/wp-content\/uploads\/sites\/2\/2023\/03\/frenkie-de-jong-en-un-partido-del-barc-a-3.jpeg","type":"image\/jpeg"}],"author":"Andr\u00e9s Quiroz","twitter_card":"summary_large_image","twitter_misc":{"Written by":"Andr\u00e9s Quiroz","Est. reading time":"3 minutes"},"schema":{"@context":"https:\/\/schema.org","@graph":[{"@type":"Article","@id":"https:\/\/www.fcbarcelonanoticias.com\/en\/transfers\/united-will-return-to-charge-for-frenkie-of-jong-in-summer_290089_102.html#article","isPartOf":{"@id":"https:\/\/www.fcbarcelonanoticias.com\/en\/transfers\/united-will-return-to-charge-for-frenkie-of-jong-in-summer_290089_102.html"},"author":{"name":"Andr\u00e9s Quiroz","@id":"https:\/\/www.fcbarcelonanoticias.com\/en\/#\/schema\/person\/c2cd9f6fa1af5c0d0eccd0fefa575c88"},"headline":"United will return to the charge for Frenkie de Jong in summer","datePublished":"2023-03-01T00:08:00+00:00","dateModified":"2023-03-01T12:38:00+00:00","mainEntityOfPage":{"@id":"https:\/\/www.fcbarcelonanoticias.com\/en\/transfers\/united-will-return-to-charge-for-frenkie-of-jong-in-summer_290089_102.html"},"wordCount":663,"image":{"@id":"https:\/\/www.fcbarcelonanoticias.com\/en\/transfers\/united-will-return-to-charge-for-frenkie-of-jong-in-summer_290089_102.html#primaryimage"},"thumbnailUrl":"https:\/\/www.fcbarcelonanoticias.com\/en\/wp-content\/uploads\/sites\/2\/2023\/03\/frenkie-de-jong-en-un-partido-del-barc-a-3.jpeg","keywords":["Manchester United"],"articleSection":["Transfers","Transfers"],"inLanguage":"en-US"},{"@type":"WebPage","@id":"https:\/\/www.fcbarcelonanoticias.com\/en\/transfers\/united-will-return-to-charge-for-frenkie-of-jong-in-summer_290089_102.html","url":"https:\/\/www.fcbarcelonanoticias.com\/en\/transfers\/united-will-return-to-charge-for-frenkie-of-jong-in-summer_290089_102.html","name":"United will return to the charge for Frenkie de Jong in summer","isPartOf":{"@id":"https:\/\/www.fcbarcelonanoticias.com\/en\/#website"},"primaryImageOfPage":{"@id":"https:\/\/www.fcbarcelonanoticias.com\/en\/transfers\/united-will-return-to-charge-for-frenkie-of-jong-in-summer_290089_102.html#primaryimage"},"image":{"@id":"https:\/\/www.fcbarcelonanoticias.com\/en\/transfers\/united-will-return-to-charge-for-frenkie-of-jong-in-summer_290089_102.html#primaryimage"},"thumbnailUrl":"https:\/\/www.fcbarcelonanoticias.com\/en\/wp-content\/uploads\/sites\/2\/2023\/03\/frenkie-de-jong-en-un-partido-del-barc-a-3.jpeg","datePublished":"2023-03-01T00:08:00+00:00","dateModified":"2023-03-01T12:38:00+00:00","author":{"@id":"https:\/\/www.fcbarcelonanoticias.com\/en\/#\/schema\/person\/c2cd9f6fa1af5c0d0eccd0fefa575c88"},"description":"Manchester United is preparing to live an intense summer in terms of transfers. After the Chelsea 'show' in winter, the 'red devils' will seek to sign at least a couple of reinforcements and Frenkie de Jong will once again be a priority","breadcrumb":{"@id":"https:\/\/www.fcbarcelonanoticias.com\/en\/transfers\/united-will-return-to-charge-for-frenkie-of-jong-in-summer_290089_102.html#breadcrumb"},"inLanguage":"en-US","potentialAction":[{"@type":"ReadAction","target":["https:\/\/www.fcbarcelonanoticias.com\/en\/transfers\/united-will-return-to-charge-for-frenkie-of-jong-in-summer_290089_102.html"]}]},{"@type":"ImageObject","inLanguage":"en-US","@id":"https:\/\/www.fcbarcelonanoticias.com\/en\/transfers\/united-will-return-to-charge-for-frenkie-of-jong-in-summer_290089_102.html#primaryimage","url":"https:\/\/www.fcbarcelonanoticias.com\/en\/wp-content\/uploads\/sites\/2\/2023\/03\/frenkie-de-jong-en-un-partido-del-barc-a-3.jpeg","contentUrl":"https:\/\/www.fcbarcelonanoticias.com\/en\/wp-content\/uploads\/sites\/2\/2023\/03\/frenkie-de-jong-en-un-partido-del-barc-a-3.jpeg","width":1200,"height":675},{"@type":"BreadcrumbList","@id":"https:\/\/www.fcbarcelonanoticias.com\/en\/transfers\/united-will-return-to-charge-for-frenkie-of-jong-in-summer_290089_102.html#breadcrumb","itemListElement":[{"@type":"ListItem","position":1,"name":"Portada","item":"https:\/\/www.fcbarcelonanoticias.com\/en\/"},{"@type":"ListItem","position":2,"name":"United will return to the charge for Frenkie de Jong in summer"}]},{"@type":"WebSite","@id":"https:\/\/www.fcbarcelonanoticias.com\/en\/#website","url":"https:\/\/www.fcbarcelonanoticias.com\/en\/","name":"EN - FC Barcelona Noticias","description":"","potentialAction":[{"@type":"SearchAction","target":{"@type":"EntryPoint","urlTemplate":"https:\/\/www.fcbarcelonanoticias.com\/en\/?s={search_term_string}"},"query-input":{"@type":"PropertyValueSpecification","valueRequired":true,"valueName":"search_term_string"}}],"inLanguage":"en-US"},{"@type":"Person","@id":"https:\/\/www.fcbarcelonanoticias.com\/en\/#\/schema\/person\/c2cd9f6fa1af5c0d0eccd0fefa575c88","name":"Andr\u00e9s Quiroz","image":{"@type":"ImageObject","inLanguage":"en-US","@id":"https:\/\/secure.gravatar.com\/avatar\/?s=96&d=mm&r=g","url":"https:\/\/secure.gravatar.com\/avatar\/?s=96&d=mm&r=g","contentUrl":"https:\/\/secure.gravatar.com\/avatar\/?s=96&d=mm&r=g","caption":"Andr\u00e9s Quiroz"},"description":"Licenciado en Periodismo por la Universidad de los Andes. Me encargo de analizar y compartir los contenidos m\u00e1s destacados de la\u00a0actualidad del F\u00fatbol Club Barcelona, Mercado de Fichajes y F\u00fatbol Internacional en FCBN. La informaci\u00f3n es poder, pero tambi\u00e9n conocimiento.","url":"https:\/\/www.fcbarcelonanoticias.com\/en\/fc-barcelona\/andres-quiroz_17_115.html"}]}},"_links":{"self":[{"href":"https:\/\/www.fcbarcelonanoticias.com\/en\/wp-json\/wp\/v2\/posts\/145837","targetHints":{"allow":["GET"]}}],"collection":[{"href":"https:\/\/www.fcbarcelonanoticias.com\/en\/wp-json\/wp\/v2\/posts"}],"about":[{"href":"https:\/\/www.fcbarcelonanoticias.com\/en\/wp-json\/wp\/v2\/types\/post"}],"author":[{"embeddable":true,"href":"https:\/\/www.fcbarcelonanoticias.com\/en\/wp-json\/wp\/v2\/users\/347"}],"replies":[{"embeddable":true,"href":"https:\/\/www.fcbarcelonanoticias.com\/en\/wp-json\/wp\/v2\/comments?post=145837"}],"version-history":[{"count":1,"href":"https:\/\/www.fcbarcelonanoticias.com\/en\/wp-json\/wp\/v2\/posts\/145837\/revisions"}],"predecessor-version":[{"id":155942,"href":"https:\/\/www.fcbarcelonanoticias.com\/en\/wp-json\/wp\/v2\/posts\/145837\/revisions\/155942"}],"wp:featuredmedia":[{"embeddable":true,"href":"https:\/\/www.fcbarcelonanoticias.com\/en\/wp-json\/wp\/v2\/media\/145838"}],"wp:attachment":[{"href":"https:\/\/www.fcbarcelonanoticias.com\/en\/wp-json\/wp\/v2\/media?parent=145837"}],"wp:term":[{"taxonomy":"category","embeddable":true,"href":"https:\/\/www.fcbarcelonanoticias.com\/en\/wp-json\/wp\/v2\/categories?post=145837"},{"taxonomy":"post_tag","embeddable":true,"href":"https:\/\/www.fcbarcelonanoticias.com\/en\/wp-json\/wp\/v2\/tags?post=145837"}],"curies":[{"name":"wp","href":"https:\/\/api.w.org\/{rel}","templated":true}]}}