{"id":145947,"date":"2022-08-21T20:55:00","date_gmt":"2022-08-21T18:55:00","guid":{"rendered":"https:\/\/weisetech.dev\/fc-barcelona-noticias\/en\/vice-president-villarreal-makes-clear-juan-foyth-is-not-for-sale_283493_102\/"},"modified":"2022-08-21T20:55:00","modified_gmt":"2022-08-21T18:55:00","slug":"vice-president-villarreal-makes-clear-juan-foyth-is-not-for-sale_283493_102","status":"publish","type":"post","link":"https:\/\/www.fcbarcelonanoticias.com\/en\/transfers\/vice-president-villarreal-makes-clear-juan-foyth-is-not-for-sale_283493_102.html","title":{"rendered":"Villarreal&#8217;s vice president makes it clear that Juan Foyth is not for sale"},"content":{"rendered":"<h2 class=\"wp-block-heading\">Before the match against Atl\u00e9tico de Madrid, Jos\u00e9 Manuel Llaneza, vice president of Villarreal, attended &#8216;DAZN&#8217;. In the statements, the leader assured that they do not intend to let any player out, least of all Juan Foyth<\/h2>  \r\n<div class=\"article-addons\">\r\n    <a href=\"https:\/\/www.fcbarcelonanoticias.com\/en\/calendar-fc-barcelona.html\"\r\n       target=\"_self\"\r\n       title=\"Calendar of FC Barcelona\"\r\n       class=\"blue-gredient-btn\">\r\n       \r\n        Calendar of FC Barcelona    <\/a>\r\n<\/div>   <p>After the &#8216;varapalo&#8217; received by C\u00e9sar Azpilicueta, the <a data-external=\"0\" data-intl-links-en=\"https:\/\/www.fcbarcelonanoticias.com\/en\/fc-barcelona\" data-intl-links-es=\"https:\/\/www.fcbarcelonanoticias.com\/fc-barcelona\" href=\"https:\/\/www.fcbarcelonanoticias.com\/en\/football-soccer\/fc-barcelona.html\" rel=\"follow\" target=\"_self\" title=\"FC Barcelona\">FC Barcelona<\/a> has put hands to the work to achieve an alternative to reinforce the right-handed band of the square of <a data-external=\"0\" data-intl-links-en=\"https:\/\/www.fcbarcelonanoticias.com\/en\/tags\/xavi-hernandez\" data-intl-links-es=\"https:\/\/www.fcbarcelonanoticias.com\/tags\/xavi-hernandez\" href=\"https:\/\/www.fcbarcelonanoticias.com\/en\/tags\/xavi-hernandez.html\" rel=\"follow\" target=\"_self\" title=\"Xavi Hern\u00e1ndez\">Xavi<\/a>. And it is that the egarense follows without trusting Sergi\u00f1o Dest, the one who does not offer guarantees and follows generating doubts in the club. In fact, <strong>although the arrival of &#8216;Azpi&#8217; to the City Condal did not finish giving, the ex of the Ajax is still in the door of exit<\/strong>. The plans of the club with the one of Almere are clear and this has remained in evidence in the two first days of LaLiga, where the defender has remained went both announcements by technical decision.<\/p>  <p>In this sense, Hern\u00e1ndez follows insisting in having a side of guarantees that can surrender to the maximum level. Like this then , Thomas Meunier presented like the first option when being a footballer experienced and of a similar profile to the of the captain of Chelsea. However, the name of Juan Foyth burst into with strength in the last days inside the breast of the entity blaugrana, <strong>where saw him like a big alternative because of his characteristics, youth and polivalencia<\/strong>.<\/p>  <p>However, the Villarreal is the big obstacle of said operation, <strong>since they do not pretend to give off of one of his &#8216;bastions&#8217; defensive<\/strong>. Like this it manifested it the vice-president of the institution, Jos\u00e9 Manuel Llaneza, the one who attended to the microphones of &#8216;DAZN&#8217; in the previous of the meeting in front of the Athletic of Madrid by the second day of the championship suspender belt, in which the Argentinian was to title.<\/p>  <p>When being asked on if it is prepared for the exit of the player, Llaneza ensured that &#8220;<strong>we do not have to prepare us, anyway will be the ready League to receive the payment of the clause&#8230; We are not by the work to sell to any player and less to Foyth<\/strong>&#8220;.<\/p>  <h3>Foyth &#8220;Wants to play in the Villarreal&#8221;<\/h3>  <p>Likewise, questioned on if they will do the possible for keeping to the player in his team, sustained that &#8220;there has not been need to do at all. It is a case resembled Celso, he wants to play in the Villarreal, wants to be here&#8221;. Finally, it affirmed that it spoke with his representatives and there is not signal that the footballer want to go out. &#8220;<strong>Of course if it arrived an offer of a big club would have to study it, but finish to speak now with the representatives and there is not any subject that indicate that it can happen this<\/strong>&#8220;.<\/p>  <p>Of this way, the position of the &#8216;yellow submarine&#8217; remains in evidence. The Bar\u00e7a has a hard decision that take, since although the footballer has showed biased to put under the orders of Xavi, from the dispatches of the Stadium of the Ceramics<strong> remit to the clause of rescission which has a value of 42 million euros<\/strong>. The ball is in the &#8216;roof&#8217; of the cul\u00e9s, but the landing of Foyth in the City Condal begins to see far.<\/p> ","protected":false},"excerpt":{"rendered":"<p>Before the match against Atl\u00e9tico de Madrid, Jos\u00e9 Manuel Llaneza, vice president of Villarreal, attended &#8216;DAZN&#8217;. In the statements, the leader assured that they do not intend to let any player out, least of all Juan Foyth After the &#8216;varapalo&#8217; received by C\u00e9sar Azpilicueta, the FC Barcelona has put hands to the work to achieve [&hellip;]<\/p>\n","protected":false},"author":358,"featured_media":145948,"comment_status":"closed","ping_status":"open","sticky":false,"template":"","format":"standard","meta":{"_acf_changed":false,"inline_featured_image":false,"_nextfly_llmd_date_locked":false,"footnotes":""},"categories":[106,449],"tags":[93],"class_list":["post-145947","post","type-post","status-publish","format-standard","has-post-thumbnail","hentry","category-transfers","category-transfers-2","tag-villarreal-cf"],"acf":[],"yoast_head":"<!-- This site is optimized with the Yoast SEO plugin v27.3 - https:\/\/yoast.com\/product\/yoast-seo-wordpress\/ -->\n<title>Villarreal&#039;s vice president makes it clear that Juan Foyth is not for sale<\/title>\n<meta name=\"description\" content=\"In the previous of the meeting in front of the Athletic of Madrid, Jos\u00e9 Manuel Llaneza, videpresidente of the Villarreal, attended to &#039;DAZN&#039;. In the statements, the direct...\" \/>\n<meta name=\"robots\" content=\"index, follow, max-snippet:-1, max-image-preview:large, max-video-preview:-1\" \/>\n<link rel=\"canonical\" href=\"https:\/\/www.fcbarcelonanoticias.com\/en\/transfers\/vice-president-villarreal-makes-clear-juan-foyth-is-not-for-sale_283493_102.html\" \/>\n<meta property=\"og:locale\" content=\"en_US\" \/>\n<meta property=\"og:type\" content=\"article\" \/>\n<meta property=\"og:title\" content=\"Villarreal&#039;s vice president makes it clear that Juan Foyth is not for sale\" \/>\n<meta property=\"og:description\" content=\"In the previous of the meeting in front of the Athletic of Madrid, Jos\u00e9 Manuel Llaneza, videpresidente of the Villarreal, attended to &#039;DAZN&#039;. In the statements, the direct...\" \/>\n<meta property=\"og:url\" content=\"https:\/\/www.fcbarcelonanoticias.com\/en\/transfers\/vice-president-villarreal-makes-clear-juan-foyth-is-not-for-sale_283493_102.html\" \/>\n<meta property=\"og:site_name\" content=\"EN - FC Barcelona Noticias\" \/>\n<meta property=\"article:published_time\" content=\"2022-08-21T18:55:00+00:00\" \/>\n<meta property=\"og:image\" content=\"https:\/\/www.fcbarcelonanoticias.com\/en\/wp-content\/uploads\/sites\/2\/2022\/08\/foyth-disputando-un-balon-con-joao-felix.jpeg\" \/>\n\t<meta property=\"og:image:width\" content=\"1300\" \/>\n\t<meta property=\"og:image:height\" content=\"732\" \/>\n\t<meta property=\"og:image:type\" content=\"image\/jpeg\" \/>\n<meta name=\"author\" content=\"Juan Pablo Berdugo\" \/>\n<meta name=\"twitter:card\" content=\"summary_large_image\" \/>\n<meta name=\"twitter:label1\" content=\"Written by\" \/>\n\t<meta name=\"twitter:data1\" content=\"Juan Pablo Berdugo\" \/>\n\t<meta name=\"twitter:label2\" content=\"Est. reading time\" \/>\n\t<meta name=\"twitter:data2\" content=\"3 minutes\" \/>\n<script type=\"application\/ld+json\" class=\"yoast-schema-graph\">{\"@context\":\"https:\\\/\\\/schema.org\",\"@graph\":[{\"@type\":\"Article\",\"@id\":\"https:\\\/\\\/www.fcbarcelonanoticias.com\\\/en\\\/transfers\\\/vice-president-villarreal-makes-clear-juan-foyth-is-not-for-sale_283493_102.html#article\",\"isPartOf\":{\"@id\":\"https:\\\/\\\/www.fcbarcelonanoticias.com\\\/en\\\/transfers\\\/vice-president-villarreal-makes-clear-juan-foyth-is-not-for-sale_283493_102.html\"},\"author\":{\"name\":\"Juan Pablo Berdugo\",\"@id\":\"https:\\\/\\\/www.fcbarcelonanoticias.com\\\/en\\\/#\\\/schema\\\/person\\\/88d756918a0a1ae9fa593b5edddd1815\"},\"headline\":\"Villarreal&#8217;s vice president makes it clear that Juan Foyth is not for sale\",\"datePublished\":\"2022-08-21T18:55:00+00:00\",\"mainEntityOfPage\":{\"@id\":\"https:\\\/\\\/www.fcbarcelonanoticias.com\\\/en\\\/transfers\\\/vice-president-villarreal-makes-clear-juan-foyth-is-not-for-sale_283493_102.html\"},\"wordCount\":571,\"image\":{\"@id\":\"https:\\\/\\\/www.fcbarcelonanoticias.com\\\/en\\\/transfers\\\/vice-president-villarreal-makes-clear-juan-foyth-is-not-for-sale_283493_102.html#primaryimage\"},\"thumbnailUrl\":\"https:\\\/\\\/www.fcbarcelonanoticias.com\\\/en\\\/wp-content\\\/uploads\\\/sites\\\/2\\\/2022\\\/08\\\/foyth-disputando-un-balon-con-joao-felix.jpeg\",\"keywords\":[\"Villarreal CF\"],\"articleSection\":[\"Transfers\",\"Transfers\"],\"inLanguage\":\"en-US\"},{\"@type\":\"WebPage\",\"@id\":\"https:\\\/\\\/www.fcbarcelonanoticias.com\\\/en\\\/transfers\\\/vice-president-villarreal-makes-clear-juan-foyth-is-not-for-sale_283493_102.html\",\"url\":\"https:\\\/\\\/www.fcbarcelonanoticias.com\\\/en\\\/transfers\\\/vice-president-villarreal-makes-clear-juan-foyth-is-not-for-sale_283493_102.html\",\"name\":\"Villarreal's vice president makes it clear that Juan Foyth is not for sale\",\"isPartOf\":{\"@id\":\"https:\\\/\\\/www.fcbarcelonanoticias.com\\\/en\\\/#website\"},\"primaryImageOfPage\":{\"@id\":\"https:\\\/\\\/www.fcbarcelonanoticias.com\\\/en\\\/transfers\\\/vice-president-villarreal-makes-clear-juan-foyth-is-not-for-sale_283493_102.html#primaryimage\"},\"image\":{\"@id\":\"https:\\\/\\\/www.fcbarcelonanoticias.com\\\/en\\\/transfers\\\/vice-president-villarreal-makes-clear-juan-foyth-is-not-for-sale_283493_102.html#primaryimage\"},\"thumbnailUrl\":\"https:\\\/\\\/www.fcbarcelonanoticias.com\\\/en\\\/wp-content\\\/uploads\\\/sites\\\/2\\\/2022\\\/08\\\/foyth-disputando-un-balon-con-joao-felix.jpeg\",\"datePublished\":\"2022-08-21T18:55:00+00:00\",\"author\":{\"@id\":\"https:\\\/\\\/www.fcbarcelonanoticias.com\\\/en\\\/#\\\/schema\\\/person\\\/88d756918a0a1ae9fa593b5edddd1815\"},\"description\":\"In the previous of the meeting in front of the Athletic of Madrid, Jos\u00e9 Manuel Llaneza, videpresidente of the Villarreal, attended to 'DAZN'. In the statements, the direct...\",\"breadcrumb\":{\"@id\":\"https:\\\/\\\/www.fcbarcelonanoticias.com\\\/en\\\/transfers\\\/vice-president-villarreal-makes-clear-juan-foyth-is-not-for-sale_283493_102.html#breadcrumb\"},\"inLanguage\":\"en-US\",\"potentialAction\":[{\"@type\":\"ReadAction\",\"target\":[\"https:\\\/\\\/www.fcbarcelonanoticias.com\\\/en\\\/transfers\\\/vice-president-villarreal-makes-clear-juan-foyth-is-not-for-sale_283493_102.html\"]}]},{\"@type\":\"ImageObject\",\"inLanguage\":\"en-US\",\"@id\":\"https:\\\/\\\/www.fcbarcelonanoticias.com\\\/en\\\/transfers\\\/vice-president-villarreal-makes-clear-juan-foyth-is-not-for-sale_283493_102.html#primaryimage\",\"url\":\"https:\\\/\\\/www.fcbarcelonanoticias.com\\\/en\\\/wp-content\\\/uploads\\\/sites\\\/2\\\/2022\\\/08\\\/foyth-disputando-un-balon-con-joao-felix.jpeg\",\"contentUrl\":\"https:\\\/\\\/www.fcbarcelonanoticias.com\\\/en\\\/wp-content\\\/uploads\\\/sites\\\/2\\\/2022\\\/08\\\/foyth-disputando-un-balon-con-joao-felix.jpeg\",\"width\":1300,\"height\":732},{\"@type\":\"BreadcrumbList\",\"@id\":\"https:\\\/\\\/www.fcbarcelonanoticias.com\\\/en\\\/transfers\\\/vice-president-villarreal-makes-clear-juan-foyth-is-not-for-sale_283493_102.html#breadcrumb\",\"itemListElement\":[{\"@type\":\"ListItem\",\"position\":1,\"name\":\"Portada\",\"item\":\"https:\\\/\\\/www.fcbarcelonanoticias.com\\\/en\\\/\"},{\"@type\":\"ListItem\",\"position\":2,\"name\":\"Villarreal&#8217;s vice president makes it clear that Juan Foyth is not for sale\"}]},{\"@type\":\"WebSite\",\"@id\":\"https:\\\/\\\/www.fcbarcelonanoticias.com\\\/en\\\/#website\",\"url\":\"https:\\\/\\\/www.fcbarcelonanoticias.com\\\/en\\\/\",\"name\":\"EN - FC Barcelona Noticias\",\"description\":\"\",\"potentialAction\":[{\"@type\":\"SearchAction\",\"target\":{\"@type\":\"EntryPoint\",\"urlTemplate\":\"https:\\\/\\\/www.fcbarcelonanoticias.com\\\/en\\\/?s={search_term_string}\"},\"query-input\":{\"@type\":\"PropertyValueSpecification\",\"valueRequired\":true,\"valueName\":\"search_term_string\"}}],\"inLanguage\":\"en-US\"},{\"@type\":\"Person\",\"@id\":\"https:\\\/\\\/www.fcbarcelonanoticias.com\\\/en\\\/#\\\/schema\\\/person\\\/88d756918a0a1ae9fa593b5edddd1815\",\"name\":\"Juan Pablo Berdugo\",\"image\":{\"@type\":\"ImageObject\",\"inLanguage\":\"en-US\",\"@id\":\"https:\\\/\\\/secure.gravatar.com\\\/avatar\\\/?s=96&d=mm&r=g\",\"url\":\"https:\\\/\\\/secure.gravatar.com\\\/avatar\\\/?s=96&d=mm&r=g\",\"contentUrl\":\"https:\\\/\\\/secure.gravatar.com\\\/avatar\\\/?s=96&d=mm&r=g\",\"caption\":\"Juan Pablo Berdugo\"},\"description\":\"Juan Pablo Berdugo es graduado en Periodismo. Colabora con FCBN como especialista en informaci\u00f3n del primer equipo del FC Barcelona, f\u00fatbol internacional y mercado de fichajes. Destaca por su enfoque anal\u00edtico, su rigor informativo y su capacidad para detectar tendencias emergentes en el f\u00fatbol global.\",\"url\":\"https:\\\/\\\/www.fcbarcelonanoticias.com\\\/en\\\/fc-barcelona\\\/juan-pablo-berdugo_18_115.html\"}]}<\/script>\n<!-- \/ Yoast SEO plugin. -->","yoast_head_json":{"title":"Villarreal's vice president makes it clear that Juan Foyth is not for sale","description":"In the previous of the meeting in front of the Athletic of Madrid, Jos\u00e9 Manuel Llaneza, videpresidente of the Villarreal, attended to 'DAZN'. In the statements, the direct...","robots":{"index":"index","follow":"follow","max-snippet":"max-snippet:-1","max-image-preview":"max-image-preview:large","max-video-preview":"max-video-preview:-1"},"canonical":"https:\/\/www.fcbarcelonanoticias.com\/en\/transfers\/vice-president-villarreal-makes-clear-juan-foyth-is-not-for-sale_283493_102.html","og_locale":"en_US","og_type":"article","og_title":"Villarreal's vice president makes it clear that Juan Foyth is not for sale","og_description":"In the previous of the meeting in front of the Athletic of Madrid, Jos\u00e9 Manuel Llaneza, videpresidente of the Villarreal, attended to 'DAZN'. In the statements, the direct...","og_url":"https:\/\/www.fcbarcelonanoticias.com\/en\/transfers\/vice-president-villarreal-makes-clear-juan-foyth-is-not-for-sale_283493_102.html","og_site_name":"EN - FC Barcelona Noticias","article_published_time":"2022-08-21T18:55:00+00:00","og_image":[{"width":1300,"height":732,"url":"https:\/\/www.fcbarcelonanoticias.com\/en\/wp-content\/uploads\/sites\/2\/2022\/08\/foyth-disputando-un-balon-con-joao-felix.jpeg","type":"image\/jpeg"}],"author":"Juan Pablo Berdugo","twitter_card":"summary_large_image","twitter_misc":{"Written by":"Juan Pablo Berdugo","Est. reading time":"3 minutes"},"schema":{"@context":"https:\/\/schema.org","@graph":[{"@type":"Article","@id":"https:\/\/www.fcbarcelonanoticias.com\/en\/transfers\/vice-president-villarreal-makes-clear-juan-foyth-is-not-for-sale_283493_102.html#article","isPartOf":{"@id":"https:\/\/www.fcbarcelonanoticias.com\/en\/transfers\/vice-president-villarreal-makes-clear-juan-foyth-is-not-for-sale_283493_102.html"},"author":{"name":"Juan Pablo Berdugo","@id":"https:\/\/www.fcbarcelonanoticias.com\/en\/#\/schema\/person\/88d756918a0a1ae9fa593b5edddd1815"},"headline":"Villarreal&#8217;s vice president makes it clear that Juan Foyth is not for sale","datePublished":"2022-08-21T18:55:00+00:00","mainEntityOfPage":{"@id":"https:\/\/www.fcbarcelonanoticias.com\/en\/transfers\/vice-president-villarreal-makes-clear-juan-foyth-is-not-for-sale_283493_102.html"},"wordCount":571,"image":{"@id":"https:\/\/www.fcbarcelonanoticias.com\/en\/transfers\/vice-president-villarreal-makes-clear-juan-foyth-is-not-for-sale_283493_102.html#primaryimage"},"thumbnailUrl":"https:\/\/www.fcbarcelonanoticias.com\/en\/wp-content\/uploads\/sites\/2\/2022\/08\/foyth-disputando-un-balon-con-joao-felix.jpeg","keywords":["Villarreal CF"],"articleSection":["Transfers","Transfers"],"inLanguage":"en-US"},{"@type":"WebPage","@id":"https:\/\/www.fcbarcelonanoticias.com\/en\/transfers\/vice-president-villarreal-makes-clear-juan-foyth-is-not-for-sale_283493_102.html","url":"https:\/\/www.fcbarcelonanoticias.com\/en\/transfers\/vice-president-villarreal-makes-clear-juan-foyth-is-not-for-sale_283493_102.html","name":"Villarreal's vice president makes it clear that Juan Foyth is not for sale","isPartOf":{"@id":"https:\/\/www.fcbarcelonanoticias.com\/en\/#website"},"primaryImageOfPage":{"@id":"https:\/\/www.fcbarcelonanoticias.com\/en\/transfers\/vice-president-villarreal-makes-clear-juan-foyth-is-not-for-sale_283493_102.html#primaryimage"},"image":{"@id":"https:\/\/www.fcbarcelonanoticias.com\/en\/transfers\/vice-president-villarreal-makes-clear-juan-foyth-is-not-for-sale_283493_102.html#primaryimage"},"thumbnailUrl":"https:\/\/www.fcbarcelonanoticias.com\/en\/wp-content\/uploads\/sites\/2\/2022\/08\/foyth-disputando-un-balon-con-joao-felix.jpeg","datePublished":"2022-08-21T18:55:00+00:00","author":{"@id":"https:\/\/www.fcbarcelonanoticias.com\/en\/#\/schema\/person\/88d756918a0a1ae9fa593b5edddd1815"},"description":"In the previous of the meeting in front of the Athletic of Madrid, Jos\u00e9 Manuel Llaneza, videpresidente of the Villarreal, attended to 'DAZN'. In the statements, the direct...","breadcrumb":{"@id":"https:\/\/www.fcbarcelonanoticias.com\/en\/transfers\/vice-president-villarreal-makes-clear-juan-foyth-is-not-for-sale_283493_102.html#breadcrumb"},"inLanguage":"en-US","potentialAction":[{"@type":"ReadAction","target":["https:\/\/www.fcbarcelonanoticias.com\/en\/transfers\/vice-president-villarreal-makes-clear-juan-foyth-is-not-for-sale_283493_102.html"]}]},{"@type":"ImageObject","inLanguage":"en-US","@id":"https:\/\/www.fcbarcelonanoticias.com\/en\/transfers\/vice-president-villarreal-makes-clear-juan-foyth-is-not-for-sale_283493_102.html#primaryimage","url":"https:\/\/www.fcbarcelonanoticias.com\/en\/wp-content\/uploads\/sites\/2\/2022\/08\/foyth-disputando-un-balon-con-joao-felix.jpeg","contentUrl":"https:\/\/www.fcbarcelonanoticias.com\/en\/wp-content\/uploads\/sites\/2\/2022\/08\/foyth-disputando-un-balon-con-joao-felix.jpeg","width":1300,"height":732},{"@type":"BreadcrumbList","@id":"https:\/\/www.fcbarcelonanoticias.com\/en\/transfers\/vice-president-villarreal-makes-clear-juan-foyth-is-not-for-sale_283493_102.html#breadcrumb","itemListElement":[{"@type":"ListItem","position":1,"name":"Portada","item":"https:\/\/www.fcbarcelonanoticias.com\/en\/"},{"@type":"ListItem","position":2,"name":"Villarreal&#8217;s vice president makes it clear that Juan Foyth is not for sale"}]},{"@type":"WebSite","@id":"https:\/\/www.fcbarcelonanoticias.com\/en\/#website","url":"https:\/\/www.fcbarcelonanoticias.com\/en\/","name":"EN - FC Barcelona Noticias","description":"","potentialAction":[{"@type":"SearchAction","target":{"@type":"EntryPoint","urlTemplate":"https:\/\/www.fcbarcelonanoticias.com\/en\/?s={search_term_string}"},"query-input":{"@type":"PropertyValueSpecification","valueRequired":true,"valueName":"search_term_string"}}],"inLanguage":"en-US"},{"@type":"Person","@id":"https:\/\/www.fcbarcelonanoticias.com\/en\/#\/schema\/person\/88d756918a0a1ae9fa593b5edddd1815","name":"Juan Pablo Berdugo","image":{"@type":"ImageObject","inLanguage":"en-US","@id":"https:\/\/secure.gravatar.com\/avatar\/?s=96&d=mm&r=g","url":"https:\/\/secure.gravatar.com\/avatar\/?s=96&d=mm&r=g","contentUrl":"https:\/\/secure.gravatar.com\/avatar\/?s=96&d=mm&r=g","caption":"Juan Pablo Berdugo"},"description":"Juan Pablo Berdugo es graduado en Periodismo. Colabora con FCBN como especialista en informaci\u00f3n del primer equipo del FC Barcelona, f\u00fatbol internacional y mercado de fichajes. Destaca por su enfoque anal\u00edtico, su rigor informativo y su capacidad para detectar tendencias emergentes en el f\u00fatbol global.","url":"https:\/\/www.fcbarcelonanoticias.com\/en\/fc-barcelona\/juan-pablo-berdugo_18_115.html"}]}},"_links":{"self":[{"href":"https:\/\/www.fcbarcelonanoticias.com\/en\/wp-json\/wp\/v2\/posts\/145947","targetHints":{"allow":["GET"]}}],"collection":[{"href":"https:\/\/www.fcbarcelonanoticias.com\/en\/wp-json\/wp\/v2\/posts"}],"about":[{"href":"https:\/\/www.fcbarcelonanoticias.com\/en\/wp-json\/wp\/v2\/types\/post"}],"author":[{"embeddable":true,"href":"https:\/\/www.fcbarcelonanoticias.com\/en\/wp-json\/wp\/v2\/users\/358"}],"replies":[{"embeddable":true,"href":"https:\/\/www.fcbarcelonanoticias.com\/en\/wp-json\/wp\/v2\/comments?post=145947"}],"version-history":[{"count":1,"href":"https:\/\/www.fcbarcelonanoticias.com\/en\/wp-json\/wp\/v2\/posts\/145947\/revisions"}],"predecessor-version":[{"id":156010,"href":"https:\/\/www.fcbarcelonanoticias.com\/en\/wp-json\/wp\/v2\/posts\/145947\/revisions\/156010"}],"wp:featuredmedia":[{"embeddable":true,"href":"https:\/\/www.fcbarcelonanoticias.com\/en\/wp-json\/wp\/v2\/media\/145948"}],"wp:attachment":[{"href":"https:\/\/www.fcbarcelonanoticias.com\/en\/wp-json\/wp\/v2\/media?parent=145947"}],"wp:term":[{"taxonomy":"category","embeddable":true,"href":"https:\/\/www.fcbarcelonanoticias.com\/en\/wp-json\/wp\/v2\/categories?post=145947"},{"taxonomy":"post_tag","embeddable":true,"href":"https:\/\/www.fcbarcelonanoticias.com\/en\/wp-json\/wp\/v2\/tags?post=145947"}],"curies":[{"name":"wp","href":"https:\/\/api.w.org\/{rel}","templated":true}]}}