{"id":146001,"date":"2026-01-19T21:45:00","date_gmt":"2026-01-19T20:45:00","guid":{"rendered":"https:\/\/weisetech.dev\/fc-barcelona-noticias\/en\/verbal-agreement-between-girona-and-barca-for-ter-stegen-loan_315795_102\/"},"modified":"2026-01-19T21:45:00","modified_gmt":"2026-01-19T20:45:00","slug":"verbal-agreement-between-girona-and-barca-for-ter-stegen-loan_315795_102","status":"publish","type":"post","link":"https:\/\/www.fcbarcelonanoticias.com\/en\/transfers\/verbal-agreement-between-girona-and-barca-for-ter-stegen-loan_315795_102.html","title":{"rendered":"Verbal agreement between Girona and Bar\u00e7a for Ter Stegen&#8217;s loan"},"content":{"rendered":"<h2 class=\"wp-block-heading\">Bar\u00e7a and Girona will soon announce the loan of Marc-Andr\u00e9 ter Stegen. The German will play the remainder of 25\/26 at Montilivi, with the Catalans covering most of his salary<\/h2>  \r\n<div class=\"article-addons\">\r\n    <a href=\"https:\/\/www.fcbarcelonanoticias.com\/en\/calendar-fc-barcelona.html\"\r\n       target=\"_self\"\r\n       title=\"Calendar of FC Barcelona\"\r\n       class=\"blue-gredient-btn\">\r\n       \r\n        Calendar of FC Barcelona    <\/a>\r\n<\/div>   <p><strong>Marc-Andr\u00e9 ter Stegen<\/strong> will play the second half of the 2025\/26 season on loan at <strong>Girona<\/strong>. Journalist <a data-external=\"1\" href=\"https:\/\/x.com\/en\/FabrizioRomano\/status\/2013288838769029474\" rel=\"nofollow\" target=\"_blank\" title=\"Acuerdo Bar\u00e7a-Girona por la cesi\u00f3n de Ter Stegen\">Fabrizio Romano<\/a> confirmed that the Girona team reached a verbal agreement with <strong>FC Barcelona<\/strong> for the loan of the 33-year-old goalkeeper, who will play under <strong>M\u00edchel<\/strong> until next June 30.<\/p>  <p><a data-external=\"0\" data-intl-links-en=\"https:\/\/www.fcbarcelonanoticias.com\/en\/transfers\/ter-stegen-finalizes-details-of-his-loan-to-girona_315776_102.html\" data-intl-links-es=\"https:\/\/www.fcbarcelonanoticias.com\/fichajes\/ter-stegen-ultima-detalles-cesion-girona_315776_102.html\" href=\"https:\/\/www.fcbarcelonanoticias.com\/en\/transfers\/ter-stegen-finalizes-details-of-his-loan-to-girona_315776_102.html\" rel=\"follow\" target=\"_self\" title=\"Ter Stegen ultima los detalles de su cesi\u00f3n al Girona\">&#8216;Mats&#8217; gave the &#8216;Ok&#8217;<\/a> to Girona last week, once his future with the team led by <strong><a data-external=\"0\" data-intl-links-en=\"https:\/\/www.fcbarcelonanoticias.com\/en\/fc-barcelona\/flick-laments-dro-departure-and-opens-the-door-to-ter-stegen_315770_102.html\" data-intl-links-es=\"https:\/\/www.fcbarcelonanoticias.com\/fc-barcelona\/flick-se-sincera-sobre-mercado-barca-inminentes-salidas-dro-ter-stegen_315770_102.html\" href=\"https:\/\/www.fcbarcelonanoticias.com\/en\/fc-barcelona\/flick-laments-dro-departure-and-opens-the-door-to-ter-stegen_315770_102.html\" rel=\"follow\" target=\"_self\" title=\"Flick se sincera sobre el mercado del Bar\u00e7a ante las inminentes salidas de Dro y Ter Stegen\">Hansi Flick<\/a><\/strong> was &#8216;sealed&#8217;. The German coach&#8217;s bet on <strong>Joan Garc\u00eda<\/strong> as the starting goalkeeper for all competitions (League, Cup, and Champions League) forced the Bar\u00e7a &#8216;1&#8217; to leave, as he needs to play regularly in the coming months.<\/p>  <p>Ter Stegen&#8217;s objective is clear: to arrive in the summer in the best condition to be a starter and captain for Germany in the World Cup. In principle, the M\u00f6nchengladbach native could debut with the &#8216;albirrojos&#8217; **next Monday the 26th, against Getafe** in Montilivi (9:00 PM), provided the club resolves his registration in time.<\/p>  <h2>Ter Stegen would not travel with Bar\u00e7a to Prague this Tuesday<\/h2>  <p>In that sense, it is unlikely that Flick will call up Marc-Andr\u00e9 for this Wednesday&#8217;s match, for matchday 7 of the Champions League against **Slavia Prague** (9:00 PM). Just as happened with Pedro &#8216;Dro&#8217; Fern\u00e1ndez, the manager would opt to remove the German goalkeeper from the squad, knowing of his imminent departure.<\/p>  <p>In the case of the Catalan midfielder, once his intention to sign for **Paris Saint-Germain** was confirmed, Flick removed him from the group last week. Ter Stegen, on the other hand, did train normally in recent days with the squad and was on the bench at Anoeta on Sunday against **Real Sociedad (2-1)**<\/p>  <p>Flick perfectly understood &#8216;Mats&#8217; situation, <strong>whose departure is forced by the need to play<\/strong>. For this reason, he kept him with the group until the agreement between Bar\u00e7a and Girona for his loan was total.<\/p>  <p>&#8220;He is our captain, he is one of the club&#8217;s idols and one of the most important players in recent years. We will accept whatever he decides. He is very experienced and knows what he wants,&#8221; Flick pointed out before the visit to Real Sociedad, referring to the &#8216;1&#8217;s future<\/p>  <h2>Bar\u00e7a Partially Resolves &#8216;Ter Stegen Case&#8217;<\/h2>  <p>For now, Bar\u00e7a will <strong>assume the majority of Ter Stegen&#8217;s salary (14 million gross per year)<\/strong> and will not include a purchase option in the loan to Girona. The 33-year-old goalkeeper has a contract until 2028, and it will be in the summer when the club attempts to negotiate his transfer to another club.<\/p>  <p>Giving him a release is unlikely, as Marc-Andr\u00e9 does not plan to negotiate a contract termination, forgiving Barcelona part of his salary. The goalkeeper renewed in 2023, agreeing to defer most of his contract to the final years of it, and now it is the club that must resolve his departure.<\/p> ","protected":false},"excerpt":{"rendered":"<p>Bar\u00e7a and Girona will soon announce the loan of Marc-Andr\u00e9 ter Stegen. The German will play the remainder of 25\/26 at Montilivi, with the Catalans covering most of his salary Marc-Andr\u00e9 ter Stegen will play the second half of the 2025\/26 season on loan at Girona. Journalist Fabrizio Romano confirmed that the Girona team reached [&hellip;]<\/p>\n","protected":false},"author":347,"featured_media":146002,"comment_status":"closed","ping_status":"open","sticky":false,"template":"","format":"standard","meta":{"_acf_changed":false,"inline_featured_image":false,"_nextfly_llmd_date_locked":false,"footnotes":""},"categories":[449,106],"tags":[50,188],"class_list":["post-146001","post","type-post","status-publish","format-standard","has-post-thumbnail","hentry","category-transfers-2","category-transfers","tag-girona","tag-ter-stegen"],"acf":[],"yoast_head":"<!-- This site is optimized with the Yoast SEO plugin v27.3 - https:\/\/yoast.com\/product\/yoast-seo-wordpress\/ -->\n<title>Verbal agreement between Girona and Bar\u00e7a for Ter Stegen&#039;s loan<\/title>\n<meta name=\"description\" content=\"Bar\u00e7a and Girona will soon announce the loan of Marc-Andr\u00e9 ter Stegen. The German will play the remainder of 25\/26 at Montilivi\" \/>\n<meta name=\"robots\" content=\"index, follow, max-snippet:-1, max-image-preview:large, max-video-preview:-1\" \/>\n<link rel=\"canonical\" href=\"https:\/\/www.fcbarcelonanoticias.com\/en\/transfers\/verbal-agreement-between-girona-and-barca-for-ter-stegen-loan_315795_102.html\" \/>\n<meta property=\"og:locale\" content=\"en_US\" \/>\n<meta property=\"og:type\" content=\"article\" \/>\n<meta property=\"og:title\" content=\"Verbal agreement between Girona and Bar\u00e7a for Ter Stegen&#039;s loan\" \/>\n<meta property=\"og:description\" content=\"Bar\u00e7a and Girona will soon announce the loan of Marc-Andr\u00e9 ter Stegen. The German will play the remainder of 25\/26 at Montilivi\" \/>\n<meta property=\"og:url\" content=\"https:\/\/www.fcbarcelonanoticias.com\/en\/transfers\/verbal-agreement-between-girona-and-barca-for-ter-stegen-loan_315795_102.html\" \/>\n<meta property=\"og:site_name\" content=\"EN - FC Barcelona Noticias\" \/>\n<meta property=\"article:published_time\" content=\"2026-01-19T20:45:00+00:00\" \/>\n<meta property=\"og:image\" content=\"https:\/\/www.fcbarcelonanoticias.com\/en\/wp-content\/uploads\/sites\/2\/2026\/01\/ter-stegen-entrenamiento-ciutat-esportiva-2026.jpeg\" \/>\n\t<meta property=\"og:image:width\" content=\"1300\" \/>\n\t<meta property=\"og:image:height\" content=\"732\" \/>\n\t<meta property=\"og:image:type\" content=\"image\/jpeg\" \/>\n<meta name=\"author\" content=\"Andr\u00e9s Quiroz\" \/>\n<meta name=\"twitter:card\" content=\"summary_large_image\" \/>\n<meta name=\"twitter:label1\" content=\"Written by\" \/>\n\t<meta name=\"twitter:data1\" content=\"Andr\u00e9s Quiroz\" \/>\n\t<meta name=\"twitter:label2\" content=\"Est. reading time\" \/>\n\t<meta name=\"twitter:data2\" content=\"3 minutes\" \/>\n<script type=\"application\/ld+json\" class=\"yoast-schema-graph\">{\"@context\":\"https:\\\/\\\/schema.org\",\"@graph\":[{\"@type\":\"Article\",\"@id\":\"https:\\\/\\\/www.fcbarcelonanoticias.com\\\/en\\\/transfers\\\/verbal-agreement-between-girona-and-barca-for-ter-stegen-loan_315795_102.html#article\",\"isPartOf\":{\"@id\":\"https:\\\/\\\/www.fcbarcelonanoticias.com\\\/en\\\/transfers\\\/verbal-agreement-between-girona-and-barca-for-ter-stegen-loan_315795_102.html\"},\"author\":{\"name\":\"Andr\u00e9s Quiroz\",\"@id\":\"https:\\\/\\\/www.fcbarcelonanoticias.com\\\/en\\\/#\\\/schema\\\/person\\\/c2cd9f6fa1af5c0d0eccd0fefa575c88\"},\"headline\":\"Verbal agreement between Girona and Bar\u00e7a for Ter Stegen&#8217;s loan\",\"datePublished\":\"2026-01-19T20:45:00+00:00\",\"mainEntityOfPage\":{\"@id\":\"https:\\\/\\\/www.fcbarcelonanoticias.com\\\/en\\\/transfers\\\/verbal-agreement-between-girona-and-barca-for-ter-stegen-loan_315795_102.html\"},\"wordCount\":515,\"image\":{\"@id\":\"https:\\\/\\\/www.fcbarcelonanoticias.com\\\/en\\\/transfers\\\/verbal-agreement-between-girona-and-barca-for-ter-stegen-loan_315795_102.html#primaryimage\"},\"thumbnailUrl\":\"https:\\\/\\\/www.fcbarcelonanoticias.com\\\/en\\\/wp-content\\\/uploads\\\/sites\\\/2\\\/2026\\\/01\\\/ter-stegen-entrenamiento-ciutat-esportiva-2026.jpeg\",\"keywords\":[\"Girona\",\"Ter Stegen\"],\"articleSection\":[\"Transfers\",\"Transfers\"],\"inLanguage\":\"en-US\"},{\"@type\":\"WebPage\",\"@id\":\"https:\\\/\\\/www.fcbarcelonanoticias.com\\\/en\\\/transfers\\\/verbal-agreement-between-girona-and-barca-for-ter-stegen-loan_315795_102.html\",\"url\":\"https:\\\/\\\/www.fcbarcelonanoticias.com\\\/en\\\/transfers\\\/verbal-agreement-between-girona-and-barca-for-ter-stegen-loan_315795_102.html\",\"name\":\"Verbal agreement between Girona and Bar\u00e7a for Ter Stegen's loan\",\"isPartOf\":{\"@id\":\"https:\\\/\\\/www.fcbarcelonanoticias.com\\\/en\\\/#website\"},\"primaryImageOfPage\":{\"@id\":\"https:\\\/\\\/www.fcbarcelonanoticias.com\\\/en\\\/transfers\\\/verbal-agreement-between-girona-and-barca-for-ter-stegen-loan_315795_102.html#primaryimage\"},\"image\":{\"@id\":\"https:\\\/\\\/www.fcbarcelonanoticias.com\\\/en\\\/transfers\\\/verbal-agreement-between-girona-and-barca-for-ter-stegen-loan_315795_102.html#primaryimage\"},\"thumbnailUrl\":\"https:\\\/\\\/www.fcbarcelonanoticias.com\\\/en\\\/wp-content\\\/uploads\\\/sites\\\/2\\\/2026\\\/01\\\/ter-stegen-entrenamiento-ciutat-esportiva-2026.jpeg\",\"datePublished\":\"2026-01-19T20:45:00+00:00\",\"author\":{\"@id\":\"https:\\\/\\\/www.fcbarcelonanoticias.com\\\/en\\\/#\\\/schema\\\/person\\\/c2cd9f6fa1af5c0d0eccd0fefa575c88\"},\"description\":\"Bar\u00e7a and Girona will soon announce the loan of Marc-Andr\u00e9 ter Stegen. The German will play the remainder of 25\\\/26 at Montilivi\",\"breadcrumb\":{\"@id\":\"https:\\\/\\\/www.fcbarcelonanoticias.com\\\/en\\\/transfers\\\/verbal-agreement-between-girona-and-barca-for-ter-stegen-loan_315795_102.html#breadcrumb\"},\"inLanguage\":\"en-US\",\"potentialAction\":[{\"@type\":\"ReadAction\",\"target\":[\"https:\\\/\\\/www.fcbarcelonanoticias.com\\\/en\\\/transfers\\\/verbal-agreement-between-girona-and-barca-for-ter-stegen-loan_315795_102.html\"]}]},{\"@type\":\"ImageObject\",\"inLanguage\":\"en-US\",\"@id\":\"https:\\\/\\\/www.fcbarcelonanoticias.com\\\/en\\\/transfers\\\/verbal-agreement-between-girona-and-barca-for-ter-stegen-loan_315795_102.html#primaryimage\",\"url\":\"https:\\\/\\\/www.fcbarcelonanoticias.com\\\/en\\\/wp-content\\\/uploads\\\/sites\\\/2\\\/2026\\\/01\\\/ter-stegen-entrenamiento-ciutat-esportiva-2026.jpeg\",\"contentUrl\":\"https:\\\/\\\/www.fcbarcelonanoticias.com\\\/en\\\/wp-content\\\/uploads\\\/sites\\\/2\\\/2026\\\/01\\\/ter-stegen-entrenamiento-ciutat-esportiva-2026.jpeg\",\"width\":1300,\"height\":732},{\"@type\":\"BreadcrumbList\",\"@id\":\"https:\\\/\\\/www.fcbarcelonanoticias.com\\\/en\\\/transfers\\\/verbal-agreement-between-girona-and-barca-for-ter-stegen-loan_315795_102.html#breadcrumb\",\"itemListElement\":[{\"@type\":\"ListItem\",\"position\":1,\"name\":\"Portada\",\"item\":\"https:\\\/\\\/www.fcbarcelonanoticias.com\\\/en\\\/\"},{\"@type\":\"ListItem\",\"position\":2,\"name\":\"Verbal agreement between Girona and Bar\u00e7a for Ter Stegen&#8217;s loan\"}]},{\"@type\":\"WebSite\",\"@id\":\"https:\\\/\\\/www.fcbarcelonanoticias.com\\\/en\\\/#website\",\"url\":\"https:\\\/\\\/www.fcbarcelonanoticias.com\\\/en\\\/\",\"name\":\"EN - FC Barcelona Noticias\",\"description\":\"\",\"potentialAction\":[{\"@type\":\"SearchAction\",\"target\":{\"@type\":\"EntryPoint\",\"urlTemplate\":\"https:\\\/\\\/www.fcbarcelonanoticias.com\\\/en\\\/?s={search_term_string}\"},\"query-input\":{\"@type\":\"PropertyValueSpecification\",\"valueRequired\":true,\"valueName\":\"search_term_string\"}}],\"inLanguage\":\"en-US\"},{\"@type\":\"Person\",\"@id\":\"https:\\\/\\\/www.fcbarcelonanoticias.com\\\/en\\\/#\\\/schema\\\/person\\\/c2cd9f6fa1af5c0d0eccd0fefa575c88\",\"name\":\"Andr\u00e9s Quiroz\",\"image\":{\"@type\":\"ImageObject\",\"inLanguage\":\"en-US\",\"@id\":\"https:\\\/\\\/secure.gravatar.com\\\/avatar\\\/?s=96&d=mm&r=g\",\"url\":\"https:\\\/\\\/secure.gravatar.com\\\/avatar\\\/?s=96&d=mm&r=g\",\"contentUrl\":\"https:\\\/\\\/secure.gravatar.com\\\/avatar\\\/?s=96&d=mm&r=g\",\"caption\":\"Andr\u00e9s Quiroz\"},\"description\":\"Licenciado en Periodismo por la Universidad de los Andes. Me encargo de analizar y compartir los contenidos m\u00e1s destacados de la\u00a0actualidad del F\u00fatbol Club Barcelona, Mercado de Fichajes y F\u00fatbol Internacional en FCBN. La informaci\u00f3n es poder, pero tambi\u00e9n conocimiento.\",\"url\":\"https:\\\/\\\/www.fcbarcelonanoticias.com\\\/en\\\/fc-barcelona\\\/andres-quiroz_17_115.html\"}]}<\/script>\n<!-- \/ Yoast SEO plugin. -->","yoast_head_json":{"title":"Verbal agreement between Girona and Bar\u00e7a for Ter Stegen's loan","description":"Bar\u00e7a and Girona will soon announce the loan of Marc-Andr\u00e9 ter Stegen. The German will play the remainder of 25\/26 at Montilivi","robots":{"index":"index","follow":"follow","max-snippet":"max-snippet:-1","max-image-preview":"max-image-preview:large","max-video-preview":"max-video-preview:-1"},"canonical":"https:\/\/www.fcbarcelonanoticias.com\/en\/transfers\/verbal-agreement-between-girona-and-barca-for-ter-stegen-loan_315795_102.html","og_locale":"en_US","og_type":"article","og_title":"Verbal agreement between Girona and Bar\u00e7a for Ter Stegen's loan","og_description":"Bar\u00e7a and Girona will soon announce the loan of Marc-Andr\u00e9 ter Stegen. The German will play the remainder of 25\/26 at Montilivi","og_url":"https:\/\/www.fcbarcelonanoticias.com\/en\/transfers\/verbal-agreement-between-girona-and-barca-for-ter-stegen-loan_315795_102.html","og_site_name":"EN - FC Barcelona Noticias","article_published_time":"2026-01-19T20:45:00+00:00","og_image":[{"width":1300,"height":732,"url":"https:\/\/www.fcbarcelonanoticias.com\/en\/wp-content\/uploads\/sites\/2\/2026\/01\/ter-stegen-entrenamiento-ciutat-esportiva-2026.jpeg","type":"image\/jpeg"}],"author":"Andr\u00e9s Quiroz","twitter_card":"summary_large_image","twitter_misc":{"Written by":"Andr\u00e9s Quiroz","Est. reading time":"3 minutes"},"schema":{"@context":"https:\/\/schema.org","@graph":[{"@type":"Article","@id":"https:\/\/www.fcbarcelonanoticias.com\/en\/transfers\/verbal-agreement-between-girona-and-barca-for-ter-stegen-loan_315795_102.html#article","isPartOf":{"@id":"https:\/\/www.fcbarcelonanoticias.com\/en\/transfers\/verbal-agreement-between-girona-and-barca-for-ter-stegen-loan_315795_102.html"},"author":{"name":"Andr\u00e9s Quiroz","@id":"https:\/\/www.fcbarcelonanoticias.com\/en\/#\/schema\/person\/c2cd9f6fa1af5c0d0eccd0fefa575c88"},"headline":"Verbal agreement between Girona and Bar\u00e7a for Ter Stegen&#8217;s loan","datePublished":"2026-01-19T20:45:00+00:00","mainEntityOfPage":{"@id":"https:\/\/www.fcbarcelonanoticias.com\/en\/transfers\/verbal-agreement-between-girona-and-barca-for-ter-stegen-loan_315795_102.html"},"wordCount":515,"image":{"@id":"https:\/\/www.fcbarcelonanoticias.com\/en\/transfers\/verbal-agreement-between-girona-and-barca-for-ter-stegen-loan_315795_102.html#primaryimage"},"thumbnailUrl":"https:\/\/www.fcbarcelonanoticias.com\/en\/wp-content\/uploads\/sites\/2\/2026\/01\/ter-stegen-entrenamiento-ciutat-esportiva-2026.jpeg","keywords":["Girona","Ter Stegen"],"articleSection":["Transfers","Transfers"],"inLanguage":"en-US"},{"@type":"WebPage","@id":"https:\/\/www.fcbarcelonanoticias.com\/en\/transfers\/verbal-agreement-between-girona-and-barca-for-ter-stegen-loan_315795_102.html","url":"https:\/\/www.fcbarcelonanoticias.com\/en\/transfers\/verbal-agreement-between-girona-and-barca-for-ter-stegen-loan_315795_102.html","name":"Verbal agreement between Girona and Bar\u00e7a for Ter Stegen's loan","isPartOf":{"@id":"https:\/\/www.fcbarcelonanoticias.com\/en\/#website"},"primaryImageOfPage":{"@id":"https:\/\/www.fcbarcelonanoticias.com\/en\/transfers\/verbal-agreement-between-girona-and-barca-for-ter-stegen-loan_315795_102.html#primaryimage"},"image":{"@id":"https:\/\/www.fcbarcelonanoticias.com\/en\/transfers\/verbal-agreement-between-girona-and-barca-for-ter-stegen-loan_315795_102.html#primaryimage"},"thumbnailUrl":"https:\/\/www.fcbarcelonanoticias.com\/en\/wp-content\/uploads\/sites\/2\/2026\/01\/ter-stegen-entrenamiento-ciutat-esportiva-2026.jpeg","datePublished":"2026-01-19T20:45:00+00:00","author":{"@id":"https:\/\/www.fcbarcelonanoticias.com\/en\/#\/schema\/person\/c2cd9f6fa1af5c0d0eccd0fefa575c88"},"description":"Bar\u00e7a and Girona will soon announce the loan of Marc-Andr\u00e9 ter Stegen. The German will play the remainder of 25\/26 at Montilivi","breadcrumb":{"@id":"https:\/\/www.fcbarcelonanoticias.com\/en\/transfers\/verbal-agreement-between-girona-and-barca-for-ter-stegen-loan_315795_102.html#breadcrumb"},"inLanguage":"en-US","potentialAction":[{"@type":"ReadAction","target":["https:\/\/www.fcbarcelonanoticias.com\/en\/transfers\/verbal-agreement-between-girona-and-barca-for-ter-stegen-loan_315795_102.html"]}]},{"@type":"ImageObject","inLanguage":"en-US","@id":"https:\/\/www.fcbarcelonanoticias.com\/en\/transfers\/verbal-agreement-between-girona-and-barca-for-ter-stegen-loan_315795_102.html#primaryimage","url":"https:\/\/www.fcbarcelonanoticias.com\/en\/wp-content\/uploads\/sites\/2\/2026\/01\/ter-stegen-entrenamiento-ciutat-esportiva-2026.jpeg","contentUrl":"https:\/\/www.fcbarcelonanoticias.com\/en\/wp-content\/uploads\/sites\/2\/2026\/01\/ter-stegen-entrenamiento-ciutat-esportiva-2026.jpeg","width":1300,"height":732},{"@type":"BreadcrumbList","@id":"https:\/\/www.fcbarcelonanoticias.com\/en\/transfers\/verbal-agreement-between-girona-and-barca-for-ter-stegen-loan_315795_102.html#breadcrumb","itemListElement":[{"@type":"ListItem","position":1,"name":"Portada","item":"https:\/\/www.fcbarcelonanoticias.com\/en\/"},{"@type":"ListItem","position":2,"name":"Verbal agreement between Girona and Bar\u00e7a for Ter Stegen&#8217;s loan"}]},{"@type":"WebSite","@id":"https:\/\/www.fcbarcelonanoticias.com\/en\/#website","url":"https:\/\/www.fcbarcelonanoticias.com\/en\/","name":"EN - FC Barcelona Noticias","description":"","potentialAction":[{"@type":"SearchAction","target":{"@type":"EntryPoint","urlTemplate":"https:\/\/www.fcbarcelonanoticias.com\/en\/?s={search_term_string}"},"query-input":{"@type":"PropertyValueSpecification","valueRequired":true,"valueName":"search_term_string"}}],"inLanguage":"en-US"},{"@type":"Person","@id":"https:\/\/www.fcbarcelonanoticias.com\/en\/#\/schema\/person\/c2cd9f6fa1af5c0d0eccd0fefa575c88","name":"Andr\u00e9s Quiroz","image":{"@type":"ImageObject","inLanguage":"en-US","@id":"https:\/\/secure.gravatar.com\/avatar\/?s=96&d=mm&r=g","url":"https:\/\/secure.gravatar.com\/avatar\/?s=96&d=mm&r=g","contentUrl":"https:\/\/secure.gravatar.com\/avatar\/?s=96&d=mm&r=g","caption":"Andr\u00e9s Quiroz"},"description":"Licenciado en Periodismo por la Universidad de los Andes. Me encargo de analizar y compartir los contenidos m\u00e1s destacados de la\u00a0actualidad del F\u00fatbol Club Barcelona, Mercado de Fichajes y F\u00fatbol Internacional en FCBN. La informaci\u00f3n es poder, pero tambi\u00e9n conocimiento.","url":"https:\/\/www.fcbarcelonanoticias.com\/en\/fc-barcelona\/andres-quiroz_17_115.html"}]}},"_links":{"self":[{"href":"https:\/\/www.fcbarcelonanoticias.com\/en\/wp-json\/wp\/v2\/posts\/146001","targetHints":{"allow":["GET"]}}],"collection":[{"href":"https:\/\/www.fcbarcelonanoticias.com\/en\/wp-json\/wp\/v2\/posts"}],"about":[{"href":"https:\/\/www.fcbarcelonanoticias.com\/en\/wp-json\/wp\/v2\/types\/post"}],"author":[{"embeddable":true,"href":"https:\/\/www.fcbarcelonanoticias.com\/en\/wp-json\/wp\/v2\/users\/347"}],"replies":[{"embeddable":true,"href":"https:\/\/www.fcbarcelonanoticias.com\/en\/wp-json\/wp\/v2\/comments?post=146001"}],"version-history":[{"count":1,"href":"https:\/\/www.fcbarcelonanoticias.com\/en\/wp-json\/wp\/v2\/posts\/146001\/revisions"}],"predecessor-version":[{"id":156007,"href":"https:\/\/www.fcbarcelonanoticias.com\/en\/wp-json\/wp\/v2\/posts\/146001\/revisions\/156007"}],"wp:featuredmedia":[{"embeddable":true,"href":"https:\/\/www.fcbarcelonanoticias.com\/en\/wp-json\/wp\/v2\/media\/146002"}],"wp:attachment":[{"href":"https:\/\/www.fcbarcelonanoticias.com\/en\/wp-json\/wp\/v2\/media?parent=146001"}],"wp:term":[{"taxonomy":"category","embeddable":true,"href":"https:\/\/www.fcbarcelonanoticias.com\/en\/wp-json\/wp\/v2\/categories?post=146001"},{"taxonomy":"post_tag","embeddable":true,"href":"https:\/\/www.fcbarcelonanoticias.com\/en\/wp-json\/wp\/v2\/tags?post=146001"}],"curies":[{"name":"wp","href":"https:\/\/api.w.org\/{rel}","templated":true}]}}