{"id":146057,"date":"2023-06-02T12:46:00","date_gmt":"2023-06-02T10:46:00","guid":{"rendered":"https:\/\/weisetech.dev\/fc-barcelona-noticias\/en\/vitor-roque-has-ceased-to-be-priority-barca_292872_102\/"},"modified":"2023-06-02T12:46:00","modified_gmt":"2023-06-02T10:46:00","slug":"vitor-roque-has-ceased-to-be-priority-barca_292872_102","status":"publish","type":"post","link":"https:\/\/www.fcbarcelonanoticias.com\/en\/transfers\/vitor-roque-has-ceased-to-be-priority-barca_292872_102.html","title":{"rendered":"Vitor Roque has ceased to be a priority for Bar\u00e7a"},"content":{"rendered":"<h2 class=\"wp-block-heading\">The Bar\u00e7a coach, Xavi Hern\u00e1ndez, has made some statements about the team&#8217;s offensive plot and the weapons they have available before resorting to the transfer market<\/h2>  \r\n<div class=\"article-addons\">\r\n    <a href=\"https:\/\/www.fcbarcelonanoticias.com\/en\/calendar-fc-barcelona.html\"\r\n       target=\"_self\"\r\n       title=\"Calendar of FC Barcelona\"\r\n       class=\"blue-gredient-btn\">\r\n       \r\n        Calendar of FC Barcelona    <\/a>\r\n<\/div>   <p>The FC Barcelona will reinforce during the summer to finish to make the staff of face to the next season. <strong>There are several positions that need to be bent and one of them is the leading centre,<\/strong> that only has Robert Lewandowski like titling indisputable. <strong>Between the candidates to relieve to the Pole is Vitor Roque,<\/strong> one of the most promising footballers of the balompi\u00e9 Brazilian.<\/p>  <p>However, his contracting still keeps to the expectation<strong> because of the high price that has put him the Athletico Paranaense,<\/strong> in addition to all the movements that have the Barcelona on the table. The registrations of the new agreements of Ronald Ara\u00fajo and Gavi are priorities for the sportive direction, to the equal that the incorporation of Leo Messi, <a data-external=\"0\" data-intl-links-en=\"https:\/\/www.fcbarcelonanoticias.com\/en\/transfers\/figures-details-three-offers-will-have-leo-messi-on-his-table_292840_102.html\" data-intl-links-es=\"https:\/\/www.fcbarcelonanoticias.com\/fichajes\/cifras-detalles-tres-ofertas-va-tener-leo-messi-sobre-su-mesa_292840_102.html\" href=\"https:\/\/www.fcbarcelonanoticias.com\/en\/transfers\/figures-details-three-offers-will-have-leo-messi-on-his-table_292840_102.html\" rel=\"follow\" target=\"_self\" title=\"Cifras y detalles de las tres ofertas que va a tener Leo Messi sobre su mesa\">the one who will take a decision on his future the next week<\/a>.<\/p>  <h2>The signing of Vitor Roque &#8216;cool&#8217;<\/h2>  <p>It is thus that Xavi Hern\u00e1ndez has subtracted importance to the signing of another forward to help to &#8216;Lewy&#8217;. &#8220;<strong>Already we have.<\/strong> Have to Ansu, have to Ferran, that can play of nine. Lewandowski Was sanctioned three parties followed and it suplimos well. <strong>It is more prioritario the defensive pivote, goes Busquets and do not have a natural relief<\/strong>&#8220;, sentenced the m\u00edster.<\/p>  <p>On the same line, it left to fall that the option to consider could be Yannick Carrasco, to <a data-external=\"0\" data-intl-links-en=\"https:\/\/www.fcbarcelonanoticias.com\/en\/transfers\/simeone-drops-exit-carrasco-fc-barcelona-tries-to-put-in-pack-joao-felix_292870_102.html\" data-intl-links-es=\"https:\/\/www.fcbarcelonanoticias.com\/fichajes\/simeone-deja-caer-marcha-carrasco-fc-barcelona-intenta-meter-en-pack-joao-felix_292870_102.html\" href=\"https:\/\/www.fcbarcelonanoticias.com\/en\/transfers\/simeone-drops-exit-carrasco-fc-barcelona-tries-to-put-in-pack-joao-felix_292870_102.html\" rel=\"follow\" target=\"_self\" title=\"Simeone deja caer la marcha de Carrasco al Bar\u00e7a e intenta meter en el 'pack' a Joao F\u00e9lix\">the one who the &#8216;Cholo&#8217; Simeone already has him &#8216;opened&#8217; the doors of exit <\/a>of the Athletic of Madrid. &#8220;<strong>It is a footballer that likes us, yes.<\/strong> It is more than band that of nine. <strong>Have an option that negotiated Mateu and go to see.<\/strong> Everything depends on next week&#8221;, affirmed the one of Terrassa.<\/p>  <p>Like this the things, <strong>the option of Vitor Roque &#8216;cool&#8217; while the club expects an answer of LaLiga to his plan of feasibility.<\/strong> Xavi has like priority reinforce the medullary before that the offensive plot, since it is optimistic with that Messi will finish waiting for the Bar\u00e7a and will go back to dress the elastic Barcelona in the 2023\/24.<\/p> ","protected":false},"excerpt":{"rendered":"<p>The Bar\u00e7a coach, Xavi Hern\u00e1ndez, has made some statements about the team&#8217;s offensive plot and the weapons they have available before resorting to the transfer market The FC Barcelona will reinforce during the summer to finish to make the staff of face to the next season. There are several positions that need to be bent [&hellip;]<\/p>\n","protected":false},"author":0,"featured_media":146058,"comment_status":"closed","ping_status":"open","sticky":false,"template":"","format":"standard","meta":{"_acf_changed":false,"inline_featured_image":false,"_nextfly_llmd_date_locked":false,"footnotes":""},"categories":[449,106],"tags":[327],"class_list":["post-146057","post","type-post","status-publish","format-standard","has-post-thumbnail","hentry","category-transfers-2","category-transfers","tag-vitor-roque"],"acf":[],"yoast_head":"<!-- This site is optimized with the Yoast SEO plugin v27.3 - https:\/\/yoast.com\/product\/yoast-seo-wordpress\/ -->\n<title>Vitor Roque has ceased to be a priority for Bar\u00e7a<\/title>\n<meta name=\"description\" content=\"The Bar\u00e7a coach, Xavi Hern\u00e1ndez, has made some statements about the team&#039;s offensive plot and the weapons they have available before resorting to the transfer market\" \/>\n<meta name=\"robots\" content=\"index, follow, max-snippet:-1, max-image-preview:large, max-video-preview:-1\" \/>\n<link rel=\"canonical\" href=\"https:\/\/www.fcbarcelonanoticias.com\/en\/transfers\/vitor-roque-has-ceased-to-be-priority-barca_292872_102.html\" \/>\n<meta property=\"og:locale\" content=\"en_US\" \/>\n<meta property=\"og:type\" content=\"article\" \/>\n<meta property=\"og:title\" content=\"Vitor Roque has ceased to be a priority for Bar\u00e7a\" \/>\n<meta property=\"og:description\" content=\"The Bar\u00e7a coach, Xavi Hern\u00e1ndez, has made some statements about the team&#039;s offensive plot and the weapons they have available before resorting to the transfer market\" \/>\n<meta property=\"og:url\" content=\"https:\/\/www.fcbarcelonanoticias.com\/en\/transfers\/vitor-roque-has-ceased-to-be-priority-barca_292872_102.html\" \/>\n<meta property=\"og:site_name\" content=\"EN - FC Barcelona Noticias\" \/>\n<meta property=\"article:published_time\" content=\"2023-06-02T10:46:00+00:00\" \/>\n<meta property=\"og:image\" content=\"https:\/\/www.fcbarcelonanoticias.com\/en\/wp-content\/uploads\/sites\/2\/2023\/06\/vitor-roque-partido2-2.jpeg\" \/>\n\t<meta property=\"og:image:width\" content=\"1300\" \/>\n\t<meta property=\"og:image:height\" content=\"735\" \/>\n\t<meta property=\"og:image:type\" content=\"image\/jpeg\" \/>\n<meta name=\"twitter:card\" content=\"summary_large_image\" \/>\n<meta name=\"twitter:label1\" content=\"Est. reading time\" \/>\n\t<meta name=\"twitter:data1\" content=\"2 minutes\" \/>\n<script type=\"application\/ld+json\" class=\"yoast-schema-graph\">{\"@context\":\"https:\\\/\\\/schema.org\",\"@graph\":[{\"@type\":\"Article\",\"@id\":\"https:\\\/\\\/www.fcbarcelonanoticias.com\\\/en\\\/transfers\\\/vitor-roque-has-ceased-to-be-priority-barca_292872_102.html#article\",\"isPartOf\":{\"@id\":\"https:\\\/\\\/www.fcbarcelonanoticias.com\\\/en\\\/transfers\\\/vitor-roque-has-ceased-to-be-priority-barca_292872_102.html\"},\"author\":{\"name\":\"\",\"@id\":\"\"},\"headline\":\"Vitor Roque has ceased to be a priority for Bar\u00e7a\",\"datePublished\":\"2023-06-02T10:46:00+00:00\",\"mainEntityOfPage\":{\"@id\":\"https:\\\/\\\/www.fcbarcelonanoticias.com\\\/en\\\/transfers\\\/vitor-roque-has-ceased-to-be-priority-barca_292872_102.html\"},\"wordCount\":382,\"image\":{\"@id\":\"https:\\\/\\\/www.fcbarcelonanoticias.com\\\/en\\\/transfers\\\/vitor-roque-has-ceased-to-be-priority-barca_292872_102.html#primaryimage\"},\"thumbnailUrl\":\"https:\\\/\\\/www.fcbarcelonanoticias.com\\\/en\\\/wp-content\\\/uploads\\\/sites\\\/2\\\/2023\\\/06\\\/vitor-roque-partido2-2.jpeg\",\"keywords\":[\"Vitor Roque\"],\"articleSection\":[\"Transfers\",\"Transfers\"],\"inLanguage\":\"en-US\"},{\"@type\":\"WebPage\",\"@id\":\"https:\\\/\\\/www.fcbarcelonanoticias.com\\\/en\\\/transfers\\\/vitor-roque-has-ceased-to-be-priority-barca_292872_102.html\",\"url\":\"https:\\\/\\\/www.fcbarcelonanoticias.com\\\/en\\\/transfers\\\/vitor-roque-has-ceased-to-be-priority-barca_292872_102.html\",\"name\":\"Vitor Roque has ceased to be a priority for Bar\u00e7a\",\"isPartOf\":{\"@id\":\"https:\\\/\\\/www.fcbarcelonanoticias.com\\\/en\\\/#website\"},\"primaryImageOfPage\":{\"@id\":\"https:\\\/\\\/www.fcbarcelonanoticias.com\\\/en\\\/transfers\\\/vitor-roque-has-ceased-to-be-priority-barca_292872_102.html#primaryimage\"},\"image\":{\"@id\":\"https:\\\/\\\/www.fcbarcelonanoticias.com\\\/en\\\/transfers\\\/vitor-roque-has-ceased-to-be-priority-barca_292872_102.html#primaryimage\"},\"thumbnailUrl\":\"https:\\\/\\\/www.fcbarcelonanoticias.com\\\/en\\\/wp-content\\\/uploads\\\/sites\\\/2\\\/2023\\\/06\\\/vitor-roque-partido2-2.jpeg\",\"datePublished\":\"2023-06-02T10:46:00+00:00\",\"author\":{\"@id\":\"\"},\"description\":\"The Bar\u00e7a coach, Xavi Hern\u00e1ndez, has made some statements about the team's offensive plot and the weapons they have available before resorting to the transfer market\",\"breadcrumb\":{\"@id\":\"https:\\\/\\\/www.fcbarcelonanoticias.com\\\/en\\\/transfers\\\/vitor-roque-has-ceased-to-be-priority-barca_292872_102.html#breadcrumb\"},\"inLanguage\":\"en-US\",\"potentialAction\":[{\"@type\":\"ReadAction\",\"target\":[\"https:\\\/\\\/www.fcbarcelonanoticias.com\\\/en\\\/transfers\\\/vitor-roque-has-ceased-to-be-priority-barca_292872_102.html\"]}]},{\"@type\":\"ImageObject\",\"inLanguage\":\"en-US\",\"@id\":\"https:\\\/\\\/www.fcbarcelonanoticias.com\\\/en\\\/transfers\\\/vitor-roque-has-ceased-to-be-priority-barca_292872_102.html#primaryimage\",\"url\":\"https:\\\/\\\/www.fcbarcelonanoticias.com\\\/en\\\/wp-content\\\/uploads\\\/sites\\\/2\\\/2023\\\/06\\\/vitor-roque-partido2-2.jpeg\",\"contentUrl\":\"https:\\\/\\\/www.fcbarcelonanoticias.com\\\/en\\\/wp-content\\\/uploads\\\/sites\\\/2\\\/2023\\\/06\\\/vitor-roque-partido2-2.jpeg\",\"width\":1300,\"height\":735},{\"@type\":\"BreadcrumbList\",\"@id\":\"https:\\\/\\\/www.fcbarcelonanoticias.com\\\/en\\\/transfers\\\/vitor-roque-has-ceased-to-be-priority-barca_292872_102.html#breadcrumb\",\"itemListElement\":[{\"@type\":\"ListItem\",\"position\":1,\"name\":\"Portada\",\"item\":\"https:\\\/\\\/www.fcbarcelonanoticias.com\\\/en\\\/\"},{\"@type\":\"ListItem\",\"position\":2,\"name\":\"Vitor Roque has ceased to be a priority for Bar\u00e7a\"}]},{\"@type\":\"WebSite\",\"@id\":\"https:\\\/\\\/www.fcbarcelonanoticias.com\\\/en\\\/#website\",\"url\":\"https:\\\/\\\/www.fcbarcelonanoticias.com\\\/en\\\/\",\"name\":\"EN - FC Barcelona Noticias\",\"description\":\"\",\"potentialAction\":[{\"@type\":\"SearchAction\",\"target\":{\"@type\":\"EntryPoint\",\"urlTemplate\":\"https:\\\/\\\/www.fcbarcelonanoticias.com\\\/en\\\/?s={search_term_string}\"},\"query-input\":{\"@type\":\"PropertyValueSpecification\",\"valueRequired\":true,\"valueName\":\"search_term_string\"}}],\"inLanguage\":\"en-US\"}]}<\/script>\n<!-- \/ Yoast SEO plugin. -->","yoast_head_json":{"title":"Vitor Roque has ceased to be a priority for Bar\u00e7a","description":"The Bar\u00e7a coach, Xavi Hern\u00e1ndez, has made some statements about the team's offensive plot and the weapons they have available before resorting to the transfer market","robots":{"index":"index","follow":"follow","max-snippet":"max-snippet:-1","max-image-preview":"max-image-preview:large","max-video-preview":"max-video-preview:-1"},"canonical":"https:\/\/www.fcbarcelonanoticias.com\/en\/transfers\/vitor-roque-has-ceased-to-be-priority-barca_292872_102.html","og_locale":"en_US","og_type":"article","og_title":"Vitor Roque has ceased to be a priority for Bar\u00e7a","og_description":"The Bar\u00e7a coach, Xavi Hern\u00e1ndez, has made some statements about the team's offensive plot and the weapons they have available before resorting to the transfer market","og_url":"https:\/\/www.fcbarcelonanoticias.com\/en\/transfers\/vitor-roque-has-ceased-to-be-priority-barca_292872_102.html","og_site_name":"EN - FC Barcelona Noticias","article_published_time":"2023-06-02T10:46:00+00:00","og_image":[{"width":1300,"height":735,"url":"https:\/\/www.fcbarcelonanoticias.com\/en\/wp-content\/uploads\/sites\/2\/2023\/06\/vitor-roque-partido2-2.jpeg","type":"image\/jpeg"}],"twitter_card":"summary_large_image","twitter_misc":{"Est. reading time":"2 minutes"},"schema":{"@context":"https:\/\/schema.org","@graph":[{"@type":"Article","@id":"https:\/\/www.fcbarcelonanoticias.com\/en\/transfers\/vitor-roque-has-ceased-to-be-priority-barca_292872_102.html#article","isPartOf":{"@id":"https:\/\/www.fcbarcelonanoticias.com\/en\/transfers\/vitor-roque-has-ceased-to-be-priority-barca_292872_102.html"},"author":{"name":"","@id":""},"headline":"Vitor Roque has ceased to be a priority for Bar\u00e7a","datePublished":"2023-06-02T10:46:00+00:00","mainEntityOfPage":{"@id":"https:\/\/www.fcbarcelonanoticias.com\/en\/transfers\/vitor-roque-has-ceased-to-be-priority-barca_292872_102.html"},"wordCount":382,"image":{"@id":"https:\/\/www.fcbarcelonanoticias.com\/en\/transfers\/vitor-roque-has-ceased-to-be-priority-barca_292872_102.html#primaryimage"},"thumbnailUrl":"https:\/\/www.fcbarcelonanoticias.com\/en\/wp-content\/uploads\/sites\/2\/2023\/06\/vitor-roque-partido2-2.jpeg","keywords":["Vitor Roque"],"articleSection":["Transfers","Transfers"],"inLanguage":"en-US"},{"@type":"WebPage","@id":"https:\/\/www.fcbarcelonanoticias.com\/en\/transfers\/vitor-roque-has-ceased-to-be-priority-barca_292872_102.html","url":"https:\/\/www.fcbarcelonanoticias.com\/en\/transfers\/vitor-roque-has-ceased-to-be-priority-barca_292872_102.html","name":"Vitor Roque has ceased to be a priority for Bar\u00e7a","isPartOf":{"@id":"https:\/\/www.fcbarcelonanoticias.com\/en\/#website"},"primaryImageOfPage":{"@id":"https:\/\/www.fcbarcelonanoticias.com\/en\/transfers\/vitor-roque-has-ceased-to-be-priority-barca_292872_102.html#primaryimage"},"image":{"@id":"https:\/\/www.fcbarcelonanoticias.com\/en\/transfers\/vitor-roque-has-ceased-to-be-priority-barca_292872_102.html#primaryimage"},"thumbnailUrl":"https:\/\/www.fcbarcelonanoticias.com\/en\/wp-content\/uploads\/sites\/2\/2023\/06\/vitor-roque-partido2-2.jpeg","datePublished":"2023-06-02T10:46:00+00:00","author":{"@id":""},"description":"The Bar\u00e7a coach, Xavi Hern\u00e1ndez, has made some statements about the team's offensive plot and the weapons they have available before resorting to the transfer market","breadcrumb":{"@id":"https:\/\/www.fcbarcelonanoticias.com\/en\/transfers\/vitor-roque-has-ceased-to-be-priority-barca_292872_102.html#breadcrumb"},"inLanguage":"en-US","potentialAction":[{"@type":"ReadAction","target":["https:\/\/www.fcbarcelonanoticias.com\/en\/transfers\/vitor-roque-has-ceased-to-be-priority-barca_292872_102.html"]}]},{"@type":"ImageObject","inLanguage":"en-US","@id":"https:\/\/www.fcbarcelonanoticias.com\/en\/transfers\/vitor-roque-has-ceased-to-be-priority-barca_292872_102.html#primaryimage","url":"https:\/\/www.fcbarcelonanoticias.com\/en\/wp-content\/uploads\/sites\/2\/2023\/06\/vitor-roque-partido2-2.jpeg","contentUrl":"https:\/\/www.fcbarcelonanoticias.com\/en\/wp-content\/uploads\/sites\/2\/2023\/06\/vitor-roque-partido2-2.jpeg","width":1300,"height":735},{"@type":"BreadcrumbList","@id":"https:\/\/www.fcbarcelonanoticias.com\/en\/transfers\/vitor-roque-has-ceased-to-be-priority-barca_292872_102.html#breadcrumb","itemListElement":[{"@type":"ListItem","position":1,"name":"Portada","item":"https:\/\/www.fcbarcelonanoticias.com\/en\/"},{"@type":"ListItem","position":2,"name":"Vitor Roque has ceased to be a priority for Bar\u00e7a"}]},{"@type":"WebSite","@id":"https:\/\/www.fcbarcelonanoticias.com\/en\/#website","url":"https:\/\/www.fcbarcelonanoticias.com\/en\/","name":"EN - FC Barcelona Noticias","description":"","potentialAction":[{"@type":"SearchAction","target":{"@type":"EntryPoint","urlTemplate":"https:\/\/www.fcbarcelonanoticias.com\/en\/?s={search_term_string}"},"query-input":{"@type":"PropertyValueSpecification","valueRequired":true,"valueName":"search_term_string"}}],"inLanguage":"en-US"}]}},"_links":{"self":[{"href":"https:\/\/www.fcbarcelonanoticias.com\/en\/wp-json\/wp\/v2\/posts\/146057","targetHints":{"allow":["GET"]}}],"collection":[{"href":"https:\/\/www.fcbarcelonanoticias.com\/en\/wp-json\/wp\/v2\/posts"}],"about":[{"href":"https:\/\/www.fcbarcelonanoticias.com\/en\/wp-json\/wp\/v2\/types\/post"}],"replies":[{"embeddable":true,"href":"https:\/\/www.fcbarcelonanoticias.com\/en\/wp-json\/wp\/v2\/comments?post=146057"}],"version-history":[{"count":1,"href":"https:\/\/www.fcbarcelonanoticias.com\/en\/wp-json\/wp\/v2\/posts\/146057\/revisions"}],"predecessor-version":[{"id":156090,"href":"https:\/\/www.fcbarcelonanoticias.com\/en\/wp-json\/wp\/v2\/posts\/146057\/revisions\/156090"}],"wp:featuredmedia":[{"embeddable":true,"href":"https:\/\/www.fcbarcelonanoticias.com\/en\/wp-json\/wp\/v2\/media\/146058"}],"wp:attachment":[{"href":"https:\/\/www.fcbarcelonanoticias.com\/en\/wp-json\/wp\/v2\/media?parent=146057"}],"wp:term":[{"taxonomy":"category","embeddable":true,"href":"https:\/\/www.fcbarcelonanoticias.com\/en\/wp-json\/wp\/v2\/categories?post=146057"},{"taxonomy":"post_tag","embeddable":true,"href":"https:\/\/www.fcbarcelonanoticias.com\/en\/wp-json\/wp\/v2\/tags?post=146057"}],"curies":[{"name":"wp","href":"https:\/\/api.w.org\/{rel}","templated":true}]}}