{"id":146063,"date":"2023-12-04T02:09:00","date_gmt":"2023-12-04T01:09:00","guid":{"rendered":"https:\/\/weisetech.dev\/fc-barcelona-noticias\/en\/vitor-roque-officially-announces-his-arrival-at-barca_298696_102\/"},"modified":"2023-12-04T13:20:00","modified_gmt":"2023-12-04T12:20:00","slug":"vitor-roque-officially-announces-his-arrival-at-barca_298696_102","status":"publish","type":"post","link":"https:\/\/www.fcbarcelonanoticias.com\/en\/transfers\/vitor-roque-officially-announces-his-arrival-at-barca_298696_102.html","title":{"rendered":"Vitor Roque officially announces his arrival at Bar\u00e7a"},"content":{"rendered":"<h2 class=\"wp-block-heading\">A few days ago, Athletico Paranense made the arrival of Vitor Roque to Barcelona official in January and announced what would be his farewell. In the match against Santos, the red and black fans said goodbye to the player, and the Brazilian could not help but talk about his imminent arrival in Barcelona<\/h2>  \r\n<div class=\"article-addons\">\r\n    <a href=\"https:\/\/www.fcbarcelonanoticias.com\/en\/calendar-fc-barcelona.html\"\r\n       target=\"_self\"\r\n       title=\"Calendar of FC Barcelona\"\r\n       class=\"blue-gredient-btn\">\r\n       \r\n        Calendar of FC Barcelona    <\/a>\r\n<\/div>   <p><strong>Vitor Roque Starred a moving farewell in the Stadium Joaquim Am\u00e9rico Guimar\u00e3is of Curitiba, home of the Athletico Paranaense, where played his last party before joining to the FC Barcelona<\/strong>. In the victory of his team in front of the Saint (3-0), Roque received a homage so much of the club as of the fans from the previous in a full day of emotion for the &#8216;carioca&#8217;.<\/p>  <p>When finalising the party, in a loaded day of emotions, <a data-external=\"0\" data-intl-links-en=\"https:\/\/www.fcbarcelonanoticias.com\/en\/fc-barcelona\/the-number-that-vitor-roque-could-wear-at-barca_298685_102.html\" data-intl-links-es=\"https:\/\/www.fcbarcelonanoticias.com\/fc-barcelona\/numero-podria-llevar-vitor-roque-en-barca_298685_102.html\" href=\"https:\/\/www.fcbarcelonanoticias.com\/en\/fc-barcelona\/the-number-that-vitor-roque-could-wear-at-barca_298685_102.html\" rel=\"follow\" target=\"_self\" title=\"El n\u00famero que podr\u00eda llevar Vitor Roque en el Bar\u00e7a\">the youngster crashes could not contain his enthusiasm when speaking of his next arrival to Can<\/a>Bar\u00e7a , leaving a message that full of illusion to the cul\u00e9s: <strong>&#8220;I Am happy to do reality my dream and go to Europe. I have been following to the Bar\u00e7a from small and expect to arrive ready&#8221;<\/strong>. Besides, it admitted that it is very attentive to the situation of the club and already is working arduously to arrive in optimum conditions.<strong> &#8220;I am focusing me mentally in arriving with the greater humility. Always I want to more and I expect to arrive to 100%&#8221;<\/strong>, expressed.<\/p>  <p>The meeting was promoted like the farewell of the &#8216;Tigrinho&#8217;, and the Athletico Paranaense luci\u00f3 a special T-shirt with a patch with the name and the dorsal of Vitor Roque, the number nine, in the centre. <strong>Before the party, the new signing of the Bar\u00e7a received a memorial T-shirt and, at the end of the meeting, was ovacionado and received multiple samples of affection.<\/strong><\/p>  <p><strong>Regarding the party, the forward went back to show why the club blaugrana interested in him.<\/strong> Although it did not annotate any so much, went a crucial figure in the victory of the rojinegros and received constant samples of affection from the terracings. The day culminated with his exit in the minute 83, moment in which it was ovacionado of resonant way, melting in an embrace with his trainer, Wesley Carvalho.<\/p>  <h2>According to Deco, Roque goes behind Lewandowski<\/h2>  <p><a data-external=\"0\" data-intl-links-en=\"https:\/\/www.fcbarcelonanoticias.com\/en\/transfers\/deco-complete-first-big-signing-with-arrival-vitor-roque_298669_102.html\" data-intl-links-es=\"https:\/\/www.fcbarcelonanoticias.com\/fichajes\/deco-completa-primer-gran-fichaje-con-llegada-vitor-roque_298669_102.html\" href=\"https:\/\/www.fcbarcelonanoticias.com\/en\/transfers\/deco-complete-first-big-signing-with-arrival-vitor-roque_298669_102.html\" rel=\"follow\" target=\"_self\" title=\"Deco completa su primer gran fichaje con la llegada de Vitor Roque\">Deco, sportive director cul\u00e9 and legend of the bar\u00e7a, was fundamental in the contracting of the &#8216;Tigrinho&#8217;<\/a>, and anticipates eagerly the arrival of the attacker to Barcelona. Nevertheless, it left clear that when the Brazilian land in the City Condal, will be by behind the &#8216;9&#8217; cul\u00e9:<strong> &#8220;Consensuado with the m\u00edster, have decided to advance the arrival of Vitor Roque. It is a player that moves between lines and has goal. It will be a resource more to add minutes and help to the team. But in his position is Lewandowski and it is necessary to have respect. The best that can happen him is to have to Lewandowski in front to learn&#8221;,<\/strong> affirmed in an interview with Movistar Plus.<\/p>  <p>The adaptation of Roque to the European football is an inc\u00f3gnita, but his incorporation is vital for the Barcelona, especially after the unexpected drop of Gavi. With the short team of effective and depending more than the filial of the wished, <strong>the arrival of Roque is an excellent news for the cul\u00e9s, those who need cool reinforcements to face the second half of the season.<\/strong><\/p> ","protected":false},"excerpt":{"rendered":"<p>A few days ago, Athletico Paranense made the arrival of Vitor Roque to Barcelona official in January and announced what would be his farewell. In the match against Santos, the red and black fans said goodbye to the player, and the Brazilian could not help but talk about his imminent arrival in Barcelona Vitor Roque [&hellip;]<\/p>\n","protected":false},"author":344,"featured_media":146064,"comment_status":"closed","ping_status":"open","sticky":false,"template":"","format":"standard","meta":{"_acf_changed":false,"inline_featured_image":false,"_nextfly_llmd_date_locked":false,"footnotes":""},"categories":[449,106],"tags":[327],"class_list":["post-146063","post","type-post","status-publish","format-standard","has-post-thumbnail","hentry","category-transfers-2","category-transfers","tag-vitor-roque"],"acf":[],"yoast_head":"<!-- This site is optimized with the Yoast SEO plugin v27.3 - https:\/\/yoast.com\/product\/yoast-seo-wordpress\/ -->\n<title>Vitor Roque officially announces his arrival at Bar\u00e7a<\/title>\n<meta name=\"description\" content=\"A few days ago, Athletico Paranense made the arrival of Vitor Roque to Barcelona official in January and announced what would be his farewell. In the match against Santos, the red and black fans said goodbye to the player, and the Brazilian could not help but talk about his imminent arrival in Barcelona\" \/>\n<meta name=\"robots\" content=\"index, follow, max-snippet:-1, max-image-preview:large, max-video-preview:-1\" \/>\n<link rel=\"canonical\" href=\"https:\/\/www.fcbarcelonanoticias.com\/en\/transfers\/vitor-roque-officially-announces-his-arrival-at-barca_298696_102.html\" \/>\n<meta property=\"og:locale\" content=\"en_US\" \/>\n<meta property=\"og:type\" content=\"article\" \/>\n<meta property=\"og:title\" content=\"Vitor Roque officially announces his arrival at Bar\u00e7a\" \/>\n<meta property=\"og:description\" content=\"A few days ago, Athletico Paranense made the arrival of Vitor Roque to Barcelona official in January and announced what would be his farewell. In the match against Santos, the red and black fans said goodbye to the player, and the Brazilian could not help but talk about his imminent arrival in Barcelona\" \/>\n<meta property=\"og:url\" content=\"https:\/\/www.fcbarcelonanoticias.com\/en\/transfers\/vitor-roque-officially-announces-his-arrival-at-barca_298696_102.html\" \/>\n<meta property=\"og:site_name\" content=\"EN - FC Barcelona Noticias\" \/>\n<meta property=\"article:published_time\" content=\"2023-12-04T01:09:00+00:00\" \/>\n<meta property=\"article:modified_time\" content=\"2023-12-04T12:20:00+00:00\" \/>\n<meta property=\"og:image\" content=\"https:\/\/www.fcbarcelonanoticias.com\/en\/wp-content\/uploads\/sites\/2\/2023\/12\/athletico-paranaense-v-flamengo-copa-do-brasil-2023-1-1.jpeg\" \/>\n\t<meta property=\"og:image:width\" content=\"1300\" \/>\n\t<meta property=\"og:image:height\" content=\"732\" \/>\n\t<meta property=\"og:image:type\" content=\"image\/jpeg\" \/>\n<meta name=\"author\" content=\"Ariel Molina\" \/>\n<meta name=\"twitter:card\" content=\"summary_large_image\" \/>\n<meta name=\"twitter:label1\" content=\"Written by\" \/>\n\t<meta name=\"twitter:data1\" content=\"Ariel Molina\" \/>\n\t<meta name=\"twitter:label2\" content=\"Est. reading time\" \/>\n\t<meta name=\"twitter:data2\" content=\"3 minutes\" \/>\n<script type=\"application\/ld+json\" class=\"yoast-schema-graph\">{\"@context\":\"https:\\\/\\\/schema.org\",\"@graph\":[{\"@type\":\"Article\",\"@id\":\"https:\\\/\\\/www.fcbarcelonanoticias.com\\\/en\\\/transfers\\\/vitor-roque-officially-announces-his-arrival-at-barca_298696_102.html#article\",\"isPartOf\":{\"@id\":\"https:\\\/\\\/www.fcbarcelonanoticias.com\\\/en\\\/transfers\\\/vitor-roque-officially-announces-his-arrival-at-barca_298696_102.html\"},\"author\":{\"name\":\"Ariel Molina\",\"@id\":\"https:\\\/\\\/www.fcbarcelonanoticias.com\\\/en\\\/#\\\/schema\\\/person\\\/e9820ca62b3ab5d344366c282da4bce7\"},\"headline\":\"Vitor Roque officially announces his arrival at Bar\u00e7a\",\"datePublished\":\"2023-12-04T01:09:00+00:00\",\"dateModified\":\"2023-12-04T12:20:00+00:00\",\"mainEntityOfPage\":{\"@id\":\"https:\\\/\\\/www.fcbarcelonanoticias.com\\\/en\\\/transfers\\\/vitor-roque-officially-announces-his-arrival-at-barca_298696_102.html\"},\"wordCount\":573,\"image\":{\"@id\":\"https:\\\/\\\/www.fcbarcelonanoticias.com\\\/en\\\/transfers\\\/vitor-roque-officially-announces-his-arrival-at-barca_298696_102.html#primaryimage\"},\"thumbnailUrl\":\"https:\\\/\\\/www.fcbarcelonanoticias.com\\\/en\\\/wp-content\\\/uploads\\\/sites\\\/2\\\/2023\\\/12\\\/athletico-paranaense-v-flamengo-copa-do-brasil-2023-1-1.jpeg\",\"keywords\":[\"Vitor Roque\"],\"articleSection\":[\"Transfers\",\"Transfers\"],\"inLanguage\":\"en-US\"},{\"@type\":\"WebPage\",\"@id\":\"https:\\\/\\\/www.fcbarcelonanoticias.com\\\/en\\\/transfers\\\/vitor-roque-officially-announces-his-arrival-at-barca_298696_102.html\",\"url\":\"https:\\\/\\\/www.fcbarcelonanoticias.com\\\/en\\\/transfers\\\/vitor-roque-officially-announces-his-arrival-at-barca_298696_102.html\",\"name\":\"Vitor Roque officially announces his arrival at Bar\u00e7a\",\"isPartOf\":{\"@id\":\"https:\\\/\\\/www.fcbarcelonanoticias.com\\\/en\\\/#website\"},\"primaryImageOfPage\":{\"@id\":\"https:\\\/\\\/www.fcbarcelonanoticias.com\\\/en\\\/transfers\\\/vitor-roque-officially-announces-his-arrival-at-barca_298696_102.html#primaryimage\"},\"image\":{\"@id\":\"https:\\\/\\\/www.fcbarcelonanoticias.com\\\/en\\\/transfers\\\/vitor-roque-officially-announces-his-arrival-at-barca_298696_102.html#primaryimage\"},\"thumbnailUrl\":\"https:\\\/\\\/www.fcbarcelonanoticias.com\\\/en\\\/wp-content\\\/uploads\\\/sites\\\/2\\\/2023\\\/12\\\/athletico-paranaense-v-flamengo-copa-do-brasil-2023-1-1.jpeg\",\"datePublished\":\"2023-12-04T01:09:00+00:00\",\"dateModified\":\"2023-12-04T12:20:00+00:00\",\"author\":{\"@id\":\"https:\\\/\\\/www.fcbarcelonanoticias.com\\\/en\\\/#\\\/schema\\\/person\\\/e9820ca62b3ab5d344366c282da4bce7\"},\"description\":\"A few days ago, Athletico Paranense made the arrival of Vitor Roque to Barcelona official in January and announced what would be his farewell. In the match against Santos, the red and black fans said goodbye to the player, and the Brazilian could not help but talk about his imminent arrival in Barcelona\",\"breadcrumb\":{\"@id\":\"https:\\\/\\\/www.fcbarcelonanoticias.com\\\/en\\\/transfers\\\/vitor-roque-officially-announces-his-arrival-at-barca_298696_102.html#breadcrumb\"},\"inLanguage\":\"en-US\",\"potentialAction\":[{\"@type\":\"ReadAction\",\"target\":[\"https:\\\/\\\/www.fcbarcelonanoticias.com\\\/en\\\/transfers\\\/vitor-roque-officially-announces-his-arrival-at-barca_298696_102.html\"]}]},{\"@type\":\"ImageObject\",\"inLanguage\":\"en-US\",\"@id\":\"https:\\\/\\\/www.fcbarcelonanoticias.com\\\/en\\\/transfers\\\/vitor-roque-officially-announces-his-arrival-at-barca_298696_102.html#primaryimage\",\"url\":\"https:\\\/\\\/www.fcbarcelonanoticias.com\\\/en\\\/wp-content\\\/uploads\\\/sites\\\/2\\\/2023\\\/12\\\/athletico-paranaense-v-flamengo-copa-do-brasil-2023-1-1.jpeg\",\"contentUrl\":\"https:\\\/\\\/www.fcbarcelonanoticias.com\\\/en\\\/wp-content\\\/uploads\\\/sites\\\/2\\\/2023\\\/12\\\/athletico-paranaense-v-flamengo-copa-do-brasil-2023-1-1.jpeg\",\"width\":1300,\"height\":732},{\"@type\":\"BreadcrumbList\",\"@id\":\"https:\\\/\\\/www.fcbarcelonanoticias.com\\\/en\\\/transfers\\\/vitor-roque-officially-announces-his-arrival-at-barca_298696_102.html#breadcrumb\",\"itemListElement\":[{\"@type\":\"ListItem\",\"position\":1,\"name\":\"Portada\",\"item\":\"https:\\\/\\\/www.fcbarcelonanoticias.com\\\/en\\\/\"},{\"@type\":\"ListItem\",\"position\":2,\"name\":\"Vitor Roque officially announces his arrival at Bar\u00e7a\"}]},{\"@type\":\"WebSite\",\"@id\":\"https:\\\/\\\/www.fcbarcelonanoticias.com\\\/en\\\/#website\",\"url\":\"https:\\\/\\\/www.fcbarcelonanoticias.com\\\/en\\\/\",\"name\":\"EN - FC Barcelona Noticias\",\"description\":\"\",\"potentialAction\":[{\"@type\":\"SearchAction\",\"target\":{\"@type\":\"EntryPoint\",\"urlTemplate\":\"https:\\\/\\\/www.fcbarcelonanoticias.com\\\/en\\\/?s={search_term_string}\"},\"query-input\":{\"@type\":\"PropertyValueSpecification\",\"valueRequired\":true,\"valueName\":\"search_term_string\"}}],\"inLanguage\":\"en-US\"},{\"@type\":\"Person\",\"@id\":\"https:\\\/\\\/www.fcbarcelonanoticias.com\\\/en\\\/#\\\/schema\\\/person\\\/e9820ca62b3ab5d344366c282da4bce7\",\"name\":\"Ariel Molina\",\"image\":{\"@type\":\"ImageObject\",\"inLanguage\":\"en-US\",\"@id\":\"https:\\\/\\\/secure.gravatar.com\\\/avatar\\\/?s=96&d=mm&r=g\",\"url\":\"https:\\\/\\\/secure.gravatar.com\\\/avatar\\\/?s=96&d=mm&r=g\",\"contentUrl\":\"https:\\\/\\\/secure.gravatar.com\\\/avatar\\\/?s=96&d=mm&r=g\",\"caption\":\"Ariel Molina\"},\"url\":\"https:\\\/\\\/www.fcbarcelonanoticias.com\\\/en\\\/fc-barcelona\\\/ariel-molina_24_115.html\"}]}<\/script>\n<!-- \/ Yoast SEO plugin. -->","yoast_head_json":{"title":"Vitor Roque officially announces his arrival at Bar\u00e7a","description":"A few days ago, Athletico Paranense made the arrival of Vitor Roque to Barcelona official in January and announced what would be his farewell. In the match against Santos, the red and black fans said goodbye to the player, and the Brazilian could not help but talk about his imminent arrival in Barcelona","robots":{"index":"index","follow":"follow","max-snippet":"max-snippet:-1","max-image-preview":"max-image-preview:large","max-video-preview":"max-video-preview:-1"},"canonical":"https:\/\/www.fcbarcelonanoticias.com\/en\/transfers\/vitor-roque-officially-announces-his-arrival-at-barca_298696_102.html","og_locale":"en_US","og_type":"article","og_title":"Vitor Roque officially announces his arrival at Bar\u00e7a","og_description":"A few days ago, Athletico Paranense made the arrival of Vitor Roque to Barcelona official in January and announced what would be his farewell. In the match against Santos, the red and black fans said goodbye to the player, and the Brazilian could not help but talk about his imminent arrival in Barcelona","og_url":"https:\/\/www.fcbarcelonanoticias.com\/en\/transfers\/vitor-roque-officially-announces-his-arrival-at-barca_298696_102.html","og_site_name":"EN - FC Barcelona Noticias","article_published_time":"2023-12-04T01:09:00+00:00","article_modified_time":"2023-12-04T12:20:00+00:00","og_image":[{"width":1300,"height":732,"url":"https:\/\/www.fcbarcelonanoticias.com\/en\/wp-content\/uploads\/sites\/2\/2023\/12\/athletico-paranaense-v-flamengo-copa-do-brasil-2023-1-1.jpeg","type":"image\/jpeg"}],"author":"Ariel Molina","twitter_card":"summary_large_image","twitter_misc":{"Written by":"Ariel Molina","Est. reading time":"3 minutes"},"schema":{"@context":"https:\/\/schema.org","@graph":[{"@type":"Article","@id":"https:\/\/www.fcbarcelonanoticias.com\/en\/transfers\/vitor-roque-officially-announces-his-arrival-at-barca_298696_102.html#article","isPartOf":{"@id":"https:\/\/www.fcbarcelonanoticias.com\/en\/transfers\/vitor-roque-officially-announces-his-arrival-at-barca_298696_102.html"},"author":{"name":"Ariel Molina","@id":"https:\/\/www.fcbarcelonanoticias.com\/en\/#\/schema\/person\/e9820ca62b3ab5d344366c282da4bce7"},"headline":"Vitor Roque officially announces his arrival at Bar\u00e7a","datePublished":"2023-12-04T01:09:00+00:00","dateModified":"2023-12-04T12:20:00+00:00","mainEntityOfPage":{"@id":"https:\/\/www.fcbarcelonanoticias.com\/en\/transfers\/vitor-roque-officially-announces-his-arrival-at-barca_298696_102.html"},"wordCount":573,"image":{"@id":"https:\/\/www.fcbarcelonanoticias.com\/en\/transfers\/vitor-roque-officially-announces-his-arrival-at-barca_298696_102.html#primaryimage"},"thumbnailUrl":"https:\/\/www.fcbarcelonanoticias.com\/en\/wp-content\/uploads\/sites\/2\/2023\/12\/athletico-paranaense-v-flamengo-copa-do-brasil-2023-1-1.jpeg","keywords":["Vitor Roque"],"articleSection":["Transfers","Transfers"],"inLanguage":"en-US"},{"@type":"WebPage","@id":"https:\/\/www.fcbarcelonanoticias.com\/en\/transfers\/vitor-roque-officially-announces-his-arrival-at-barca_298696_102.html","url":"https:\/\/www.fcbarcelonanoticias.com\/en\/transfers\/vitor-roque-officially-announces-his-arrival-at-barca_298696_102.html","name":"Vitor Roque officially announces his arrival at Bar\u00e7a","isPartOf":{"@id":"https:\/\/www.fcbarcelonanoticias.com\/en\/#website"},"primaryImageOfPage":{"@id":"https:\/\/www.fcbarcelonanoticias.com\/en\/transfers\/vitor-roque-officially-announces-his-arrival-at-barca_298696_102.html#primaryimage"},"image":{"@id":"https:\/\/www.fcbarcelonanoticias.com\/en\/transfers\/vitor-roque-officially-announces-his-arrival-at-barca_298696_102.html#primaryimage"},"thumbnailUrl":"https:\/\/www.fcbarcelonanoticias.com\/en\/wp-content\/uploads\/sites\/2\/2023\/12\/athletico-paranaense-v-flamengo-copa-do-brasil-2023-1-1.jpeg","datePublished":"2023-12-04T01:09:00+00:00","dateModified":"2023-12-04T12:20:00+00:00","author":{"@id":"https:\/\/www.fcbarcelonanoticias.com\/en\/#\/schema\/person\/e9820ca62b3ab5d344366c282da4bce7"},"description":"A few days ago, Athletico Paranense made the arrival of Vitor Roque to Barcelona official in January and announced what would be his farewell. In the match against Santos, the red and black fans said goodbye to the player, and the Brazilian could not help but talk about his imminent arrival in Barcelona","breadcrumb":{"@id":"https:\/\/www.fcbarcelonanoticias.com\/en\/transfers\/vitor-roque-officially-announces-his-arrival-at-barca_298696_102.html#breadcrumb"},"inLanguage":"en-US","potentialAction":[{"@type":"ReadAction","target":["https:\/\/www.fcbarcelonanoticias.com\/en\/transfers\/vitor-roque-officially-announces-his-arrival-at-barca_298696_102.html"]}]},{"@type":"ImageObject","inLanguage":"en-US","@id":"https:\/\/www.fcbarcelonanoticias.com\/en\/transfers\/vitor-roque-officially-announces-his-arrival-at-barca_298696_102.html#primaryimage","url":"https:\/\/www.fcbarcelonanoticias.com\/en\/wp-content\/uploads\/sites\/2\/2023\/12\/athletico-paranaense-v-flamengo-copa-do-brasil-2023-1-1.jpeg","contentUrl":"https:\/\/www.fcbarcelonanoticias.com\/en\/wp-content\/uploads\/sites\/2\/2023\/12\/athletico-paranaense-v-flamengo-copa-do-brasil-2023-1-1.jpeg","width":1300,"height":732},{"@type":"BreadcrumbList","@id":"https:\/\/www.fcbarcelonanoticias.com\/en\/transfers\/vitor-roque-officially-announces-his-arrival-at-barca_298696_102.html#breadcrumb","itemListElement":[{"@type":"ListItem","position":1,"name":"Portada","item":"https:\/\/www.fcbarcelonanoticias.com\/en\/"},{"@type":"ListItem","position":2,"name":"Vitor Roque officially announces his arrival at Bar\u00e7a"}]},{"@type":"WebSite","@id":"https:\/\/www.fcbarcelonanoticias.com\/en\/#website","url":"https:\/\/www.fcbarcelonanoticias.com\/en\/","name":"EN - FC Barcelona Noticias","description":"","potentialAction":[{"@type":"SearchAction","target":{"@type":"EntryPoint","urlTemplate":"https:\/\/www.fcbarcelonanoticias.com\/en\/?s={search_term_string}"},"query-input":{"@type":"PropertyValueSpecification","valueRequired":true,"valueName":"search_term_string"}}],"inLanguage":"en-US"},{"@type":"Person","@id":"https:\/\/www.fcbarcelonanoticias.com\/en\/#\/schema\/person\/e9820ca62b3ab5d344366c282da4bce7","name":"Ariel Molina","image":{"@type":"ImageObject","inLanguage":"en-US","@id":"https:\/\/secure.gravatar.com\/avatar\/?s=96&d=mm&r=g","url":"https:\/\/secure.gravatar.com\/avatar\/?s=96&d=mm&r=g","contentUrl":"https:\/\/secure.gravatar.com\/avatar\/?s=96&d=mm&r=g","caption":"Ariel Molina"},"url":"https:\/\/www.fcbarcelonanoticias.com\/en\/fc-barcelona\/ariel-molina_24_115.html"}]}},"_links":{"self":[{"href":"https:\/\/www.fcbarcelonanoticias.com\/en\/wp-json\/wp\/v2\/posts\/146063","targetHints":{"allow":["GET"]}}],"collection":[{"href":"https:\/\/www.fcbarcelonanoticias.com\/en\/wp-json\/wp\/v2\/posts"}],"about":[{"href":"https:\/\/www.fcbarcelonanoticias.com\/en\/wp-json\/wp\/v2\/types\/post"}],"author":[{"embeddable":true,"href":"https:\/\/www.fcbarcelonanoticias.com\/en\/wp-json\/wp\/v2\/users\/344"}],"replies":[{"embeddable":true,"href":"https:\/\/www.fcbarcelonanoticias.com\/en\/wp-json\/wp\/v2\/comments?post=146063"}],"version-history":[{"count":1,"href":"https:\/\/www.fcbarcelonanoticias.com\/en\/wp-json\/wp\/v2\/posts\/146063\/revisions"}],"predecessor-version":[{"id":156103,"href":"https:\/\/www.fcbarcelonanoticias.com\/en\/wp-json\/wp\/v2\/posts\/146063\/revisions\/156103"}],"wp:featuredmedia":[{"embeddable":true,"href":"https:\/\/www.fcbarcelonanoticias.com\/en\/wp-json\/wp\/v2\/media\/146064"}],"wp:attachment":[{"href":"https:\/\/www.fcbarcelonanoticias.com\/en\/wp-json\/wp\/v2\/media?parent=146063"}],"wp:term":[{"taxonomy":"category","embeddable":true,"href":"https:\/\/www.fcbarcelonanoticias.com\/en\/wp-json\/wp\/v2\/categories?post=146063"},{"taxonomy":"post_tag","embeddable":true,"href":"https:\/\/www.fcbarcelonanoticias.com\/en\/wp-json\/wp\/v2\/tags?post=146063"}],"curies":[{"name":"wp","href":"https:\/\/api.w.org\/{rel}","templated":true}]}}