{"id":146143,"date":"2024-01-12T14:20:00","date_gmt":"2024-01-12T13:20:00","guid":{"rendered":"https:\/\/weisetech.dev\/fc-barcelona-noticias\/en\/vitor-roque-possible-allied-of-deco-and-barca-in-the-signing-of-brazilian-pearl_299835_102\/"},"modified":"2024-01-12T14:43:00","modified_gmt":"2024-01-12T13:43:00","slug":"vitor-roque-possible-allied-of-deco-and-barca-in-the-signing-of-brazilian-pearl_299835_102","status":"publish","type":"post","link":"https:\/\/www.fcbarcelonanoticias.com\/en\/transfers\/vitor-roque-possible-allied-of-deco-and-barca-in-the-signing-of-brazilian-pearl_299835_102.html","title":{"rendered":"Vitor Roque, possible &#8216;ally&#8217; of Deco and Bar\u00e7a in the signing of a Brazilian &#8216;pearl&#8217;"},"content":{"rendered":"<h2 class=\"wp-block-heading\">FC Barcelona does not lose sight of great talents worldwide and especially in the Brazilian market there are great promises, so a player like Vitor Roque represents a great &#8216;ally&#8217; for the club<\/h2>  \r\n<div class=\"article-addons\">\r\n    <a href=\"https:\/\/www.fcbarcelonanoticias.com\/en\/calendar-fc-barcelona.html\"\r\n       target=\"_self\"\r\n       title=\"Calendar of FC Barcelona\"\r\n       class=\"blue-gredient-btn\">\r\n       \r\n        Calendar of FC Barcelona    <\/a>\r\n<\/div>   <p>Vitor Roque Already has turned into one of the proper names <a data-external=\"0\" data-intl-links-en=\"https:\/\/www.fcbarcelonanoticias.com\/en\/transfers\/palinha-keeps-his-illusion-to-be-the-next-pivote-of-fcbarcelona_299802_102.html\" data-intl-links-es=\"https:\/\/www.fcbarcelonanoticias.com\/fichajes\/palinha-mantiene-su-ilusion-ser-proximo-pivote-del-fc-barcelona_299802_102.html\" href=\"https:\/\/www.fcbarcelonanoticias.com\/en\/transfers\/palinha-keeps-his-illusion-to-be-the-next-pivote-of-fcbarcelona_299802_102.html\" rel=\"follow\" target=\"_self\" title=\"Palinha mantiene su ilusi\u00f3n de ser el pr\u00f3ximo pivote del&nbsp;FC&nbsp;Barcelona\">of the FC Barcelona<\/a>, little more than two weeks after his arrival to the City Condal and to the Barcelona team.<strong> Roque Is, for now, the only signing cul\u00e9 in this window of January, but could be key in another of a lot of future.<\/strong> And it is that the ariete cule, that is expecting <a data-external=\"0\" data-intl-links-en=\"https:\/\/www.fcbarcelonanoticias.com\/en\/supercopa-of-spain\/vitor-roque-was-left-without-debuting-in-his-first-spanish-super-cup_299825_102.html\" data-intl-links-es=\"https:\/\/www.fcbarcelonanoticias.com\/supercopa-de-espana\/vitor-roque-se-quedo-sin-debutar-en-su-primera-supercopa-espana_299825_102.html\" href=\"https:\/\/www.fcbarcelonanoticias.com\/en\/supercopa-of-spain\/vitor-roque-was-left-without-debuting-in-his-first-spanish-super-cup_299825_102.html\" rel=\"follow\" target=\"_self\" title=\"Vitor Roque se qued\u00f3 sin debutar con el Bar\u00e7a en su primera Supercopa de Espa\u00f1a\">to be able to go adding increasingly leadership in the first team<\/a>, has had a crucial gesture with a &#8216;perla&#8217; of the Brazilian football, and Spanish.<\/p>  <p>And it is that leading had a detail when commanding him a T-shirt to Guilherme Ruck, midfield player of 14 years of the Valladolid and that right now contests half Europe of face to the next season. &#8216;Gui&#8217;, as it knows him commonly, <strong>received the T-shirt of Roque with the &#8217;19&#8217; and signed by the forward of the Bar\u00e7a, a clear sample of his vicinity and possible friendship of face to the future. <\/strong><\/p>  <h2>Vitor Roque Does not doubt in showing his commitment with the Bar\u00e7a<\/h2>  <p>The gift, shared by the own Ruck in his social networks, generated of course words of gratitude of the jovenc\u00edsimo player, right now in category cadet of the violet team. <strong>&#8220;Thank you Tigrinho, are together&#8221;, answered him the young promise through his official profile of Instagram,<\/strong> showing that Roque can be a big ally for Deco, the one who from does months follows to the youngster to try add him to the Masia this next summer.<\/p>  <p>Like this it has to understand this movement of the new goleador of the Bar\u00e7a, especially taking into account that the most recent informations have signalled that in this moment the Real Madrid seems to have taken the forward for incorporating him in June of 2024. <strong>Florentino P\u00e9rez is an expert already in the Brazilian market and does not pretend to leave happen to a player that already is in Europe for having arrived to Portugal with his family does some years and that will not have to expect to that it fulfil the 18 years to see him dressed of white, like sucede now with Endrick. <\/strong><\/p>  <h2>The Bar\u00e7a knows that has a very strong competition<\/h2>  <p>It is thus that the Bar\u00e7a is very attentive to the situation and is had to &#8216;collaborate&#8217; with Roque and his agents to attain that &#8216;Gui&#8217; one to the basic football cul\u00e9 sooner that late. <strong>Vitor Roque Could have the key, of indirect form, to attain the signing of the mediocampista of 14 years, highlighting of course that the millionaire projects of PSG and Manchester City also have bid by the &#8216;perla&#8217;. <\/strong><\/p> ","protected":false},"excerpt":{"rendered":"<p>FC Barcelona does not lose sight of great talents worldwide and especially in the Brazilian market there are great promises, so a player like Vitor Roque represents a great &#8216;ally&#8217; for the club Vitor Roque Already has turned into one of the proper names of the FC Barcelona, little more than two weeks after his [&hellip;]<\/p>\n","protected":false},"author":345,"featured_media":146144,"comment_status":"closed","ping_status":"open","sticky":false,"template":"","format":"standard","meta":{"_acf_changed":false,"inline_featured_image":false,"_nextfly_llmd_date_locked":false,"footnotes":""},"categories":[106,449],"tags":[335,158,181,86,327],"class_list":["post-146143","post","type-post","status-publish","format-standard","has-post-thumbnail","hentry","category-transfers","category-transfers-2","tag-deco","tag-joan-laporta","tag-the-masia","tag-valladolid","tag-vitor-roque"],"acf":[],"yoast_head":"<!-- This site is optimized with the Yoast SEO plugin v27.3 - https:\/\/yoast.com\/product\/yoast-seo-wordpress\/ -->\n<title>Vitor Roque, possible &#039;ally&#039; of Deco and Bar\u00e7a in the signing of a Brazilian &#039;pearl&#039;<\/title>\n<meta name=\"description\" content=\"FC Barcelona does not lose sight of great talents worldwide and especially in the Brazilian market there are great promises, so a player like Vitor Roque represents a great &#039;ally&#039; for the club\" \/>\n<meta name=\"robots\" content=\"index, follow, max-snippet:-1, max-image-preview:large, max-video-preview:-1\" \/>\n<link rel=\"canonical\" href=\"https:\/\/www.fcbarcelonanoticias.com\/en\/transfers\/vitor-roque-possible-allied-of-deco-and-barca-in-the-signing-of-brazilian-pearl_299835_102.html\" \/>\n<meta property=\"og:locale\" content=\"en_US\" \/>\n<meta property=\"og:type\" content=\"article\" \/>\n<meta property=\"og:title\" content=\"Vitor Roque, possible &#039;ally&#039; of Deco and Bar\u00e7a in the signing of a Brazilian &#039;pearl&#039;\" \/>\n<meta property=\"og:description\" content=\"FC Barcelona does not lose sight of great talents worldwide and especially in the Brazilian market there are great promises, so a player like Vitor Roque represents a great &#039;ally&#039; for the club\" \/>\n<meta property=\"og:url\" content=\"https:\/\/www.fcbarcelonanoticias.com\/en\/transfers\/vitor-roque-possible-allied-of-deco-and-barca-in-the-signing-of-brazilian-pearl_299835_102.html\" \/>\n<meta property=\"og:site_name\" content=\"EN - FC Barcelona Noticias\" \/>\n<meta property=\"article:published_time\" content=\"2024-01-12T13:20:00+00:00\" \/>\n<meta property=\"article:modified_time\" content=\"2024-01-12T13:43:00+00:00\" \/>\n<meta property=\"og:image\" content=\"https:\/\/www.fcbarcelonanoticias.com\/en\/wp-content\/uploads\/sites\/2\/2024\/01\/vitor-roque-deco.jpeg\" \/>\n\t<meta property=\"og:image:width\" content=\"1300\" \/>\n\t<meta property=\"og:image:height\" content=\"736\" \/>\n\t<meta property=\"og:image:type\" content=\"image\/jpeg\" \/>\n<meta name=\"author\" content=\"Carlos Montenegro\" \/>\n<meta name=\"twitter:card\" content=\"summary_large_image\" \/>\n<meta name=\"twitter:label1\" content=\"Written by\" \/>\n\t<meta name=\"twitter:data1\" content=\"Carlos Montenegro\" \/>\n\t<meta name=\"twitter:label2\" content=\"Est. reading time\" \/>\n\t<meta name=\"twitter:data2\" content=\"2 minutes\" \/>\n<script type=\"application\/ld+json\" class=\"yoast-schema-graph\">{\"@context\":\"https:\\\/\\\/schema.org\",\"@graph\":[{\"@type\":\"Article\",\"@id\":\"https:\\\/\\\/www.fcbarcelonanoticias.com\\\/en\\\/transfers\\\/vitor-roque-possible-allied-of-deco-and-barca-in-the-signing-of-brazilian-pearl_299835_102.html#article\",\"isPartOf\":{\"@id\":\"https:\\\/\\\/www.fcbarcelonanoticias.com\\\/en\\\/transfers\\\/vitor-roque-possible-allied-of-deco-and-barca-in-the-signing-of-brazilian-pearl_299835_102.html\"},\"author\":{\"name\":\"Carlos Montenegro\",\"@id\":\"https:\\\/\\\/www.fcbarcelonanoticias.com\\\/en\\\/#\\\/schema\\\/person\\\/aa1d038709c262cb247e240f6b39bbf5\"},\"headline\":\"Vitor Roque, possible &#8216;ally&#8217; of Deco and Bar\u00e7a in the signing of a Brazilian &#8216;pearl&#8217;\",\"datePublished\":\"2024-01-12T13:20:00+00:00\",\"dateModified\":\"2024-01-12T13:43:00+00:00\",\"mainEntityOfPage\":{\"@id\":\"https:\\\/\\\/www.fcbarcelonanoticias.com\\\/en\\\/transfers\\\/vitor-roque-possible-allied-of-deco-and-barca-in-the-signing-of-brazilian-pearl_299835_102.html\"},\"wordCount\":492,\"image\":{\"@id\":\"https:\\\/\\\/www.fcbarcelonanoticias.com\\\/en\\\/transfers\\\/vitor-roque-possible-allied-of-deco-and-barca-in-the-signing-of-brazilian-pearl_299835_102.html#primaryimage\"},\"thumbnailUrl\":\"https:\\\/\\\/www.fcbarcelonanoticias.com\\\/en\\\/wp-content\\\/uploads\\\/sites\\\/2\\\/2024\\\/01\\\/vitor-roque-deco.jpeg\",\"keywords\":[\"Deco\",\"Joan Laporta\",\"The Masia\",\"Valladolid\",\"Vitor Roque\"],\"articleSection\":[\"Transfers\",\"Transfers\"],\"inLanguage\":\"en-US\"},{\"@type\":\"WebPage\",\"@id\":\"https:\\\/\\\/www.fcbarcelonanoticias.com\\\/en\\\/transfers\\\/vitor-roque-possible-allied-of-deco-and-barca-in-the-signing-of-brazilian-pearl_299835_102.html\",\"url\":\"https:\\\/\\\/www.fcbarcelonanoticias.com\\\/en\\\/transfers\\\/vitor-roque-possible-allied-of-deco-and-barca-in-the-signing-of-brazilian-pearl_299835_102.html\",\"name\":\"Vitor Roque, possible 'ally' of Deco and Bar\u00e7a in the signing of a Brazilian 'pearl'\",\"isPartOf\":{\"@id\":\"https:\\\/\\\/www.fcbarcelonanoticias.com\\\/en\\\/#website\"},\"primaryImageOfPage\":{\"@id\":\"https:\\\/\\\/www.fcbarcelonanoticias.com\\\/en\\\/transfers\\\/vitor-roque-possible-allied-of-deco-and-barca-in-the-signing-of-brazilian-pearl_299835_102.html#primaryimage\"},\"image\":{\"@id\":\"https:\\\/\\\/www.fcbarcelonanoticias.com\\\/en\\\/transfers\\\/vitor-roque-possible-allied-of-deco-and-barca-in-the-signing-of-brazilian-pearl_299835_102.html#primaryimage\"},\"thumbnailUrl\":\"https:\\\/\\\/www.fcbarcelonanoticias.com\\\/en\\\/wp-content\\\/uploads\\\/sites\\\/2\\\/2024\\\/01\\\/vitor-roque-deco.jpeg\",\"datePublished\":\"2024-01-12T13:20:00+00:00\",\"dateModified\":\"2024-01-12T13:43:00+00:00\",\"author\":{\"@id\":\"https:\\\/\\\/www.fcbarcelonanoticias.com\\\/en\\\/#\\\/schema\\\/person\\\/aa1d038709c262cb247e240f6b39bbf5\"},\"description\":\"FC Barcelona does not lose sight of great talents worldwide and especially in the Brazilian market there are great promises, so a player like Vitor Roque represents a great 'ally' for the club\",\"breadcrumb\":{\"@id\":\"https:\\\/\\\/www.fcbarcelonanoticias.com\\\/en\\\/transfers\\\/vitor-roque-possible-allied-of-deco-and-barca-in-the-signing-of-brazilian-pearl_299835_102.html#breadcrumb\"},\"inLanguage\":\"en-US\",\"potentialAction\":[{\"@type\":\"ReadAction\",\"target\":[\"https:\\\/\\\/www.fcbarcelonanoticias.com\\\/en\\\/transfers\\\/vitor-roque-possible-allied-of-deco-and-barca-in-the-signing-of-brazilian-pearl_299835_102.html\"]}]},{\"@type\":\"ImageObject\",\"inLanguage\":\"en-US\",\"@id\":\"https:\\\/\\\/www.fcbarcelonanoticias.com\\\/en\\\/transfers\\\/vitor-roque-possible-allied-of-deco-and-barca-in-the-signing-of-brazilian-pearl_299835_102.html#primaryimage\",\"url\":\"https:\\\/\\\/www.fcbarcelonanoticias.com\\\/en\\\/wp-content\\\/uploads\\\/sites\\\/2\\\/2024\\\/01\\\/vitor-roque-deco.jpeg\",\"contentUrl\":\"https:\\\/\\\/www.fcbarcelonanoticias.com\\\/en\\\/wp-content\\\/uploads\\\/sites\\\/2\\\/2024\\\/01\\\/vitor-roque-deco.jpeg\",\"width\":1300,\"height\":736},{\"@type\":\"BreadcrumbList\",\"@id\":\"https:\\\/\\\/www.fcbarcelonanoticias.com\\\/en\\\/transfers\\\/vitor-roque-possible-allied-of-deco-and-barca-in-the-signing-of-brazilian-pearl_299835_102.html#breadcrumb\",\"itemListElement\":[{\"@type\":\"ListItem\",\"position\":1,\"name\":\"Portada\",\"item\":\"https:\\\/\\\/www.fcbarcelonanoticias.com\\\/en\\\/\"},{\"@type\":\"ListItem\",\"position\":2,\"name\":\"Vitor Roque, possible &#8216;ally&#8217; of Deco and Bar\u00e7a in the signing of a Brazilian &#8216;pearl&#8217;\"}]},{\"@type\":\"WebSite\",\"@id\":\"https:\\\/\\\/www.fcbarcelonanoticias.com\\\/en\\\/#website\",\"url\":\"https:\\\/\\\/www.fcbarcelonanoticias.com\\\/en\\\/\",\"name\":\"EN - FC Barcelona Noticias\",\"description\":\"\",\"potentialAction\":[{\"@type\":\"SearchAction\",\"target\":{\"@type\":\"EntryPoint\",\"urlTemplate\":\"https:\\\/\\\/www.fcbarcelonanoticias.com\\\/en\\\/?s={search_term_string}\"},\"query-input\":{\"@type\":\"PropertyValueSpecification\",\"valueRequired\":true,\"valueName\":\"search_term_string\"}}],\"inLanguage\":\"en-US\"},{\"@type\":\"Person\",\"@id\":\"https:\\\/\\\/www.fcbarcelonanoticias.com\\\/en\\\/#\\\/schema\\\/person\\\/aa1d038709c262cb247e240f6b39bbf5\",\"name\":\"Carlos Montenegro\",\"image\":{\"@type\":\"ImageObject\",\"inLanguage\":\"en-US\",\"@id\":\"https:\\\/\\\/secure.gravatar.com\\\/avatar\\\/?s=96&d=mm&r=g\",\"url\":\"https:\\\/\\\/secure.gravatar.com\\\/avatar\\\/?s=96&d=mm&r=g\",\"contentUrl\":\"https:\\\/\\\/secure.gravatar.com\\\/avatar\\\/?s=96&d=mm&r=g\",\"caption\":\"Carlos Montenegro\"},\"url\":\"https:\\\/\\\/www.fcbarcelonanoticias.com\\\/en\\\/carlos-montenegro_20_115.html\"}]}<\/script>\n<!-- \/ Yoast SEO plugin. -->","yoast_head_json":{"title":"Vitor Roque, possible 'ally' of Deco and Bar\u00e7a in the signing of a Brazilian 'pearl'","description":"FC Barcelona does not lose sight of great talents worldwide and especially in the Brazilian market there are great promises, so a player like Vitor Roque represents a great 'ally' for the club","robots":{"index":"index","follow":"follow","max-snippet":"max-snippet:-1","max-image-preview":"max-image-preview:large","max-video-preview":"max-video-preview:-1"},"canonical":"https:\/\/www.fcbarcelonanoticias.com\/en\/transfers\/vitor-roque-possible-allied-of-deco-and-barca-in-the-signing-of-brazilian-pearl_299835_102.html","og_locale":"en_US","og_type":"article","og_title":"Vitor Roque, possible 'ally' of Deco and Bar\u00e7a in the signing of a Brazilian 'pearl'","og_description":"FC Barcelona does not lose sight of great talents worldwide and especially in the Brazilian market there are great promises, so a player like Vitor Roque represents a great 'ally' for the club","og_url":"https:\/\/www.fcbarcelonanoticias.com\/en\/transfers\/vitor-roque-possible-allied-of-deco-and-barca-in-the-signing-of-brazilian-pearl_299835_102.html","og_site_name":"EN - FC Barcelona Noticias","article_published_time":"2024-01-12T13:20:00+00:00","article_modified_time":"2024-01-12T13:43:00+00:00","og_image":[{"width":1300,"height":736,"url":"https:\/\/www.fcbarcelonanoticias.com\/en\/wp-content\/uploads\/sites\/2\/2024\/01\/vitor-roque-deco.jpeg","type":"image\/jpeg"}],"author":"Carlos Montenegro","twitter_card":"summary_large_image","twitter_misc":{"Written by":"Carlos Montenegro","Est. reading time":"2 minutes"},"schema":{"@context":"https:\/\/schema.org","@graph":[{"@type":"Article","@id":"https:\/\/www.fcbarcelonanoticias.com\/en\/transfers\/vitor-roque-possible-allied-of-deco-and-barca-in-the-signing-of-brazilian-pearl_299835_102.html#article","isPartOf":{"@id":"https:\/\/www.fcbarcelonanoticias.com\/en\/transfers\/vitor-roque-possible-allied-of-deco-and-barca-in-the-signing-of-brazilian-pearl_299835_102.html"},"author":{"name":"Carlos Montenegro","@id":"https:\/\/www.fcbarcelonanoticias.com\/en\/#\/schema\/person\/aa1d038709c262cb247e240f6b39bbf5"},"headline":"Vitor Roque, possible &#8216;ally&#8217; of Deco and Bar\u00e7a in the signing of a Brazilian &#8216;pearl&#8217;","datePublished":"2024-01-12T13:20:00+00:00","dateModified":"2024-01-12T13:43:00+00:00","mainEntityOfPage":{"@id":"https:\/\/www.fcbarcelonanoticias.com\/en\/transfers\/vitor-roque-possible-allied-of-deco-and-barca-in-the-signing-of-brazilian-pearl_299835_102.html"},"wordCount":492,"image":{"@id":"https:\/\/www.fcbarcelonanoticias.com\/en\/transfers\/vitor-roque-possible-allied-of-deco-and-barca-in-the-signing-of-brazilian-pearl_299835_102.html#primaryimage"},"thumbnailUrl":"https:\/\/www.fcbarcelonanoticias.com\/en\/wp-content\/uploads\/sites\/2\/2024\/01\/vitor-roque-deco.jpeg","keywords":["Deco","Joan Laporta","The Masia","Valladolid","Vitor Roque"],"articleSection":["Transfers","Transfers"],"inLanguage":"en-US"},{"@type":"WebPage","@id":"https:\/\/www.fcbarcelonanoticias.com\/en\/transfers\/vitor-roque-possible-allied-of-deco-and-barca-in-the-signing-of-brazilian-pearl_299835_102.html","url":"https:\/\/www.fcbarcelonanoticias.com\/en\/transfers\/vitor-roque-possible-allied-of-deco-and-barca-in-the-signing-of-brazilian-pearl_299835_102.html","name":"Vitor Roque, possible 'ally' of Deco and Bar\u00e7a in the signing of a Brazilian 'pearl'","isPartOf":{"@id":"https:\/\/www.fcbarcelonanoticias.com\/en\/#website"},"primaryImageOfPage":{"@id":"https:\/\/www.fcbarcelonanoticias.com\/en\/transfers\/vitor-roque-possible-allied-of-deco-and-barca-in-the-signing-of-brazilian-pearl_299835_102.html#primaryimage"},"image":{"@id":"https:\/\/www.fcbarcelonanoticias.com\/en\/transfers\/vitor-roque-possible-allied-of-deco-and-barca-in-the-signing-of-brazilian-pearl_299835_102.html#primaryimage"},"thumbnailUrl":"https:\/\/www.fcbarcelonanoticias.com\/en\/wp-content\/uploads\/sites\/2\/2024\/01\/vitor-roque-deco.jpeg","datePublished":"2024-01-12T13:20:00+00:00","dateModified":"2024-01-12T13:43:00+00:00","author":{"@id":"https:\/\/www.fcbarcelonanoticias.com\/en\/#\/schema\/person\/aa1d038709c262cb247e240f6b39bbf5"},"description":"FC Barcelona does not lose sight of great talents worldwide and especially in the Brazilian market there are great promises, so a player like Vitor Roque represents a great 'ally' for the club","breadcrumb":{"@id":"https:\/\/www.fcbarcelonanoticias.com\/en\/transfers\/vitor-roque-possible-allied-of-deco-and-barca-in-the-signing-of-brazilian-pearl_299835_102.html#breadcrumb"},"inLanguage":"en-US","potentialAction":[{"@type":"ReadAction","target":["https:\/\/www.fcbarcelonanoticias.com\/en\/transfers\/vitor-roque-possible-allied-of-deco-and-barca-in-the-signing-of-brazilian-pearl_299835_102.html"]}]},{"@type":"ImageObject","inLanguage":"en-US","@id":"https:\/\/www.fcbarcelonanoticias.com\/en\/transfers\/vitor-roque-possible-allied-of-deco-and-barca-in-the-signing-of-brazilian-pearl_299835_102.html#primaryimage","url":"https:\/\/www.fcbarcelonanoticias.com\/en\/wp-content\/uploads\/sites\/2\/2024\/01\/vitor-roque-deco.jpeg","contentUrl":"https:\/\/www.fcbarcelonanoticias.com\/en\/wp-content\/uploads\/sites\/2\/2024\/01\/vitor-roque-deco.jpeg","width":1300,"height":736},{"@type":"BreadcrumbList","@id":"https:\/\/www.fcbarcelonanoticias.com\/en\/transfers\/vitor-roque-possible-allied-of-deco-and-barca-in-the-signing-of-brazilian-pearl_299835_102.html#breadcrumb","itemListElement":[{"@type":"ListItem","position":1,"name":"Portada","item":"https:\/\/www.fcbarcelonanoticias.com\/en\/"},{"@type":"ListItem","position":2,"name":"Vitor Roque, possible &#8216;ally&#8217; of Deco and Bar\u00e7a in the signing of a Brazilian &#8216;pearl&#8217;"}]},{"@type":"WebSite","@id":"https:\/\/www.fcbarcelonanoticias.com\/en\/#website","url":"https:\/\/www.fcbarcelonanoticias.com\/en\/","name":"EN - FC Barcelona Noticias","description":"","potentialAction":[{"@type":"SearchAction","target":{"@type":"EntryPoint","urlTemplate":"https:\/\/www.fcbarcelonanoticias.com\/en\/?s={search_term_string}"},"query-input":{"@type":"PropertyValueSpecification","valueRequired":true,"valueName":"search_term_string"}}],"inLanguage":"en-US"},{"@type":"Person","@id":"https:\/\/www.fcbarcelonanoticias.com\/en\/#\/schema\/person\/aa1d038709c262cb247e240f6b39bbf5","name":"Carlos Montenegro","image":{"@type":"ImageObject","inLanguage":"en-US","@id":"https:\/\/secure.gravatar.com\/avatar\/?s=96&d=mm&r=g","url":"https:\/\/secure.gravatar.com\/avatar\/?s=96&d=mm&r=g","contentUrl":"https:\/\/secure.gravatar.com\/avatar\/?s=96&d=mm&r=g","caption":"Carlos Montenegro"},"url":"https:\/\/www.fcbarcelonanoticias.com\/en\/carlos-montenegro_20_115.html"}]}},"_links":{"self":[{"href":"https:\/\/www.fcbarcelonanoticias.com\/en\/wp-json\/wp\/v2\/posts\/146143","targetHints":{"allow":["GET"]}}],"collection":[{"href":"https:\/\/www.fcbarcelonanoticias.com\/en\/wp-json\/wp\/v2\/posts"}],"about":[{"href":"https:\/\/www.fcbarcelonanoticias.com\/en\/wp-json\/wp\/v2\/types\/post"}],"author":[{"embeddable":true,"href":"https:\/\/www.fcbarcelonanoticias.com\/en\/wp-json\/wp\/v2\/users\/345"}],"replies":[{"embeddable":true,"href":"https:\/\/www.fcbarcelonanoticias.com\/en\/wp-json\/wp\/v2\/comments?post=146143"}],"version-history":[{"count":1,"href":"https:\/\/www.fcbarcelonanoticias.com\/en\/wp-json\/wp\/v2\/posts\/146143\/revisions"}],"predecessor-version":[{"id":156116,"href":"https:\/\/www.fcbarcelonanoticias.com\/en\/wp-json\/wp\/v2\/posts\/146143\/revisions\/156116"}],"wp:featuredmedia":[{"embeddable":true,"href":"https:\/\/www.fcbarcelonanoticias.com\/en\/wp-json\/wp\/v2\/media\/146144"}],"wp:attachment":[{"href":"https:\/\/www.fcbarcelonanoticias.com\/en\/wp-json\/wp\/v2\/media?parent=146143"}],"wp:term":[{"taxonomy":"category","embeddable":true,"href":"https:\/\/www.fcbarcelonanoticias.com\/en\/wp-json\/wp\/v2\/categories?post=146143"},{"taxonomy":"post_tag","embeddable":true,"href":"https:\/\/www.fcbarcelonanoticias.com\/en\/wp-json\/wp\/v2\/tags?post=146143"}],"curies":[{"name":"wp","href":"https:\/\/api.w.org\/{rel}","templated":true}]}}