{"id":146159,"date":"2024-09-09T15:34:00","date_gmt":"2024-09-09T13:34:00","guid":{"rendered":"https:\/\/weisetech.dev\/fc-barcelona-noticias\/en\/was-it-mistake-for-barca-to-let-him-go-the-brutal-and-vindictive-performance-of-vitor-roque-with-brazil_307158_102\/"},"modified":"2026-04-16T09:52:40","modified_gmt":"2026-04-16T07:52:40","slug":"was-it-mistake-for-barca-to-let-him-go-the-brutal-and-vindictive-performance-of-vitor-roque-with-brazil_307158_102","status":"publish","type":"post","link":"https:\/\/www.fcbarcelonanoticias.com\/en\/transfers\/was-it-mistake-for-barca-to-let-him-go-the-brutal-and-vindictive-performance-of-vitor-roque-with-brazil_307158_102.html","title":{"rendered":"The brutal and vindictive performance of Vitor Roque with Brazil"},"content":{"rendered":"<h2 class=\"wp-block-heading\">Vitor Roque continues to show that he can still recover that version of the voracious scorer that seduced FC Barcelona to sign him last winter market. Now, &#8216;Tigrinho&#8217; crowns an outstanding performance with the Brazilian U-20 team, in which he finally managed to find himself again with the goal<\/h2>  \r\n<div class=\"article-addons\">\r\n    <a href=\"https:\/\/www.fcbarcelonanoticias.com\/en\/calendar-fc-barcelona.html\"\r\n       target=\"_self\"\r\n       title=\"Calendar of FC Barcelona\"\r\n       class=\"blue-gredient-btn\">\r\n       \r\n        Calendar of FC Barcelona    <\/a>\r\n<\/div>   <p><strong>\u00a1Sublime! As\u00ed ha sido el reencuentro de <a data-external=\"0\" data-intl-links-en=\"https:\/\/www.fcbarcelonanoticias.com\/en\/tags\/vitor-roque\" data-intl-links-es=\"https:\/\/www.fcbarcelonanoticias.com\/tags\/vitor-roque\" href=\"https:\/\/www.fcbarcelonanoticias.com\/en\/tags\/vitor-roque.html\" rel=\"follow\" target=\"_self\" title=\"Vitor Roque\">Vitor Roque<\/a> con su mejor amigo, el gol<\/strong>. El delantero, convocado a la selecci\u00f3n Sub-20 de Brasil, ha protagonizado una actuaci\u00f3n estelar para llevar a la &#8216;Canarinha&#8217; a la victoria en un amistoso contra la Sub-20 de M\u00e9xico (3-2).<\/p>  <p>El de Tim\u00f3teo, capit\u00e1n del combinado dirigido por Ram\u00f3n Menezes, a pesar de haber tenido un fallo clamoroso en el duelo contra &#8216;El Tri&#8217;, al no poder anotar cuando se encontraba solo frente al guardameta, <strong>tambi\u00e9n tuvo la oportunidad de silenciar a sus cr\u00edticos. \u00bfC\u00f3mo lo logr\u00f3? Marcando dos goles y asistiendo en otro<\/strong>, contribuyendo directamente en las tres anotaciones que aseguraron la victoria del conjunto brasile\u00f1o y dieron un gran est\u00edmulo emocional al exdelantero del cuadro azulgrana.<\/p>  <p><a data-external=\"0\" data-intl-links-en=\"https:\/\/www.fcbarcelonanoticias.com\/en\/transfers\/betis-does-the-accounts-to-buy-vitor-roque-next-summer_307001_102.html\" data-intl-links-es=\"https:\/\/www.fcbarcelonanoticias.com\/fichajes\/betis-hace-cuentas-comprar-vitor-roque-proximo-verano_307001_102.html\" href=\"https:\/\/www.fcbarcelonanoticias.com\/fichajes\/betis-hace-cuentas-comprar-vitor-roque-proximo-verano_307001_102.html\" rel=\"follow\" target=\"_self\" title=\"El Betis hace cuentas para comprar a Vitor Roque el pr\u00f3ximo verano\">El actual &#8216;8&#8217; del Real Betis<\/a>, club al que fue cedido en el mercado de verano reci\u00e9n concluido, fue el encargado de asistir en el primer gol, cortes\u00eda de Rayan Vitor. Pero eso no fue todo, <strong>&#8216;Tigrinho&#8217; marc\u00f3 la segunda anotaci\u00f3n en el minuto 50 y la tercera en el minuto 90+7, dos dianas muy similares en estilo<\/strong>, ya que en ambas el joven ariete de 19 a\u00f1os lleg\u00f3 al coraz\u00f3n del \u00e1rea como un &#8216;9&#8217; cl\u00e1sico, recibiendo un centro desde el costado y resolviendo el remate con gran solvencia, de primera intenci\u00f3n, demostrando una vez m\u00e1s su habilidad de goleador voraz y con mucho olfato en esa zona del terreno de juego.<\/p>  <p>A su vez, en este encuentro, en el que por cierto tambi\u00e9n provoc\u00f3 una expulsi\u00f3n, represent\u00f3 un hito positivo para Vitor Roque. \u00bfEn qu\u00e9 sentido?<strong> &#8216;Vitinho&#8217; volvi\u00f3 a disputar un partido completo, algo que no ocurr\u00eda desde el 2 de noviembre de 2023<\/strong>, en el empate entre el Athletico Paranaense y el Atl\u00e9tico Mineiro. <strong>Hay que recordar que en el Barcelona nunca lleg\u00f3 a disputar un partido completo<\/strong>, siendo su mayor duraci\u00f3n en la victoria por 0-1 ante el C\u00e1diz CF en la jornada 31 de LaLiga EA Sports 23\/24, donde jug\u00f3 unos 62 minutos.<\/p>  <h2>El FC Barcelona, atento al crecimiento de Vitor Roque<\/h2>  <p>Ahora habr\u00e1 que ver si en esta nueva aventura con el Real Betis, logra sumar m\u00e1s minutos y recuperar su mejor nivel futbol\u00edstico. Esto ser\u00eda beneficioso para el Bar\u00e7a, ya que si V\u00edtor Roque explota futbol\u00edsticamente, podr\u00edan darse dos escenarios: <strong>o bien se revaloriza y el club puede realizar un buen negocio al traspasarlo por un monto que les permita recuperar los 30 millones de euros invertidos en \u00e9l, o quiz\u00e1s se le d\u00e9 una nueva oportunidad en el equipo azulgrana<\/strong>, donde siempre so\u00f1\u00f3 triunfar a pesar de su dif\u00edcil inicio.<\/p> ","protected":false},"excerpt":{"rendered":"<p>Vitor Roque continues to show that he can still recover that version of the voracious scorer that seduced FC Barcelona to sign him last winter market. Now, &#8216;Tigrinho&#8217; crowns an outstanding performance with the Brazilian U-20 team, in which he finally managed to find himself again with the goal \u00a1Sublime! As\u00ed ha sido el reencuentro [&hellip;]<\/p>\n","protected":false},"author":355,"featured_media":146160,"comment_status":"closed","ping_status":"open","sticky":false,"template":"","format":"standard","meta":{"_acf_changed":false,"inline_featured_image":false,"_nextfly_llmd_date_locked":false,"footnotes":""},"categories":[106,449],"tags":[91,63,327],"class_list":["post-146159","post","type-post","status-publish","format-standard","has-post-thumbnail","hentry","category-transfers","category-transfers-2","tag-national-teams","tag-real-betis","tag-vitor-roque"],"acf":[],"yoast_head":"<!-- This site is optimized with the Yoast SEO plugin v27.3 - https:\/\/yoast.com\/product\/yoast-seo-wordpress\/ -->\n<title>Was it a mistake for Bar\u00e7a to let him go? The brutal and vindictive performance of Vitor Roque with Brazil<\/title>\n<meta name=\"description\" content=\"Vitor Roque continues to show that he can still recover that version of the voracious scorer that seduced FC Barcelona to sign him last winter market. Now, &#039;Tigrinho&#039; crowns an outstanding performance with the Brazilian U-20 team, in which he finally managed to find himself again with the goal\" \/>\n<meta name=\"robots\" content=\"index, follow, max-snippet:-1, max-image-preview:large, max-video-preview:-1\" \/>\n<link rel=\"canonical\" href=\"https:\/\/www.fcbarcelonanoticias.com\/en\/transfers\/was-it-mistake-for-barca-to-let-him-go-the-brutal-and-vindictive-performance-of-vitor-roque-with-brazil_307158_102.html\" \/>\n<meta property=\"og:locale\" content=\"en_US\" \/>\n<meta property=\"og:type\" content=\"article\" \/>\n<meta property=\"og:title\" content=\"Was it a mistake for Bar\u00e7a to let him go? The brutal and vindictive performance of Vitor Roque with Brazil\" \/>\n<meta property=\"og:description\" content=\"Vitor Roque continues to show that he can still recover that version of the voracious scorer that seduced FC Barcelona to sign him last winter market. Now, &#039;Tigrinho&#039; crowns an outstanding performance with the Brazilian U-20 team, in which he finally managed to find himself again with the goal\" \/>\n<meta property=\"og:url\" content=\"https:\/\/www.fcbarcelonanoticias.com\/en\/transfers\/was-it-mistake-for-barca-to-let-him-go-the-brutal-and-vindictive-performance-of-vitor-roque-with-brazil_307158_102.html\" \/>\n<meta property=\"og:site_name\" content=\"EN - FC Barcelona Noticias\" \/>\n<meta property=\"article:published_time\" content=\"2024-09-09T13:34:00+00:00\" \/>\n<meta property=\"article:modified_time\" content=\"2026-04-16T07:52:40+00:00\" \/>\n<meta property=\"og:image\" content=\"https:\/\/www.fcbarcelonanoticias.com\/en\/wp-content\/uploads\/sites\/2\/2024\/09\/vitor-roque-con-la-seleccion-de-brasil.png\" \/>\n\t<meta property=\"og:image:width\" content=\"1300\" \/>\n\t<meta property=\"og:image:height\" content=\"732\" \/>\n\t<meta property=\"og:image:type\" content=\"image\/png\" \/>\n<meta name=\"author\" content=\"Kevin G\u00f3mez\" \/>\n<meta name=\"twitter:card\" content=\"summary_large_image\" \/>\n<meta name=\"twitter:label1\" content=\"Written by\" \/>\n\t<meta name=\"twitter:data1\" content=\"Kevin G\u00f3mez\" \/>\n\t<meta name=\"twitter:label2\" content=\"Est. reading time\" \/>\n\t<meta name=\"twitter:data2\" content=\"3 minutes\" \/>\n<script type=\"application\/ld+json\" class=\"yoast-schema-graph\">{\"@context\":\"https:\\\/\\\/schema.org\",\"@graph\":[{\"@type\":\"Article\",\"@id\":\"https:\\\/\\\/www.fcbarcelonanoticias.com\\\/en\\\/transfers\\\/was-it-mistake-for-barca-to-let-him-go-the-brutal-and-vindictive-performance-of-vitor-roque-with-brazil_307158_102.html#article\",\"isPartOf\":{\"@id\":\"https:\\\/\\\/www.fcbarcelonanoticias.com\\\/en\\\/transfers\\\/was-it-mistake-for-barca-to-let-him-go-the-brutal-and-vindictive-performance-of-vitor-roque-with-brazil_307158_102.html\"},\"author\":{\"name\":\"Kevin G\u00f3mez\",\"@id\":\"https:\\\/\\\/www.fcbarcelonanoticias.com\\\/en\\\/#\\\/schema\\\/person\\\/991443f134df9a64c6874f96ff984c9d\"},\"headline\":\"The brutal and vindictive performance of Vitor Roque with Brazil\",\"datePublished\":\"2024-09-09T13:34:00+00:00\",\"dateModified\":\"2026-04-16T07:52:40+00:00\",\"mainEntityOfPage\":{\"@id\":\"https:\\\/\\\/www.fcbarcelonanoticias.com\\\/en\\\/transfers\\\/was-it-mistake-for-barca-to-let-him-go-the-brutal-and-vindictive-performance-of-vitor-roque-with-brazil_307158_102.html\"},\"wordCount\":514,\"image\":{\"@id\":\"https:\\\/\\\/www.fcbarcelonanoticias.com\\\/en\\\/transfers\\\/was-it-mistake-for-barca-to-let-him-go-the-brutal-and-vindictive-performance-of-vitor-roque-with-brazil_307158_102.html#primaryimage\"},\"thumbnailUrl\":\"https:\\\/\\\/www.fcbarcelonanoticias.com\\\/en\\\/wp-content\\\/uploads\\\/sites\\\/2\\\/2024\\\/09\\\/vitor-roque-con-la-seleccion-de-brasil.png\",\"keywords\":[\"National Teams\",\"Real Betis\",\"Vitor Roque\"],\"articleSection\":[\"Transfers\",\"Transfers\"],\"inLanguage\":\"en-US\"},{\"@type\":\"WebPage\",\"@id\":\"https:\\\/\\\/www.fcbarcelonanoticias.com\\\/en\\\/transfers\\\/was-it-mistake-for-barca-to-let-him-go-the-brutal-and-vindictive-performance-of-vitor-roque-with-brazil_307158_102.html\",\"url\":\"https:\\\/\\\/www.fcbarcelonanoticias.com\\\/en\\\/transfers\\\/was-it-mistake-for-barca-to-let-him-go-the-brutal-and-vindictive-performance-of-vitor-roque-with-brazil_307158_102.html\",\"name\":\"Was it a mistake for Bar\u00e7a to let him go? The brutal and vindictive performance of Vitor Roque with Brazil\",\"isPartOf\":{\"@id\":\"https:\\\/\\\/www.fcbarcelonanoticias.com\\\/en\\\/#website\"},\"primaryImageOfPage\":{\"@id\":\"https:\\\/\\\/www.fcbarcelonanoticias.com\\\/en\\\/transfers\\\/was-it-mistake-for-barca-to-let-him-go-the-brutal-and-vindictive-performance-of-vitor-roque-with-brazil_307158_102.html#primaryimage\"},\"image\":{\"@id\":\"https:\\\/\\\/www.fcbarcelonanoticias.com\\\/en\\\/transfers\\\/was-it-mistake-for-barca-to-let-him-go-the-brutal-and-vindictive-performance-of-vitor-roque-with-brazil_307158_102.html#primaryimage\"},\"thumbnailUrl\":\"https:\\\/\\\/www.fcbarcelonanoticias.com\\\/en\\\/wp-content\\\/uploads\\\/sites\\\/2\\\/2024\\\/09\\\/vitor-roque-con-la-seleccion-de-brasil.png\",\"datePublished\":\"2024-09-09T13:34:00+00:00\",\"dateModified\":\"2026-04-16T07:52:40+00:00\",\"author\":{\"@id\":\"https:\\\/\\\/www.fcbarcelonanoticias.com\\\/en\\\/#\\\/schema\\\/person\\\/991443f134df9a64c6874f96ff984c9d\"},\"description\":\"Vitor Roque continues to show that he can still recover that version of the voracious scorer that seduced FC Barcelona to sign him last winter market. Now, 'Tigrinho' crowns an outstanding performance with the Brazilian U-20 team, in which he finally managed to find himself again with the goal\",\"breadcrumb\":{\"@id\":\"https:\\\/\\\/www.fcbarcelonanoticias.com\\\/en\\\/transfers\\\/was-it-mistake-for-barca-to-let-him-go-the-brutal-and-vindictive-performance-of-vitor-roque-with-brazil_307158_102.html#breadcrumb\"},\"inLanguage\":\"en-US\",\"potentialAction\":[{\"@type\":\"ReadAction\",\"target\":[\"https:\\\/\\\/www.fcbarcelonanoticias.com\\\/en\\\/transfers\\\/was-it-mistake-for-barca-to-let-him-go-the-brutal-and-vindictive-performance-of-vitor-roque-with-brazil_307158_102.html\"]}]},{\"@type\":\"ImageObject\",\"inLanguage\":\"en-US\",\"@id\":\"https:\\\/\\\/www.fcbarcelonanoticias.com\\\/en\\\/transfers\\\/was-it-mistake-for-barca-to-let-him-go-the-brutal-and-vindictive-performance-of-vitor-roque-with-brazil_307158_102.html#primaryimage\",\"url\":\"https:\\\/\\\/www.fcbarcelonanoticias.com\\\/en\\\/wp-content\\\/uploads\\\/sites\\\/2\\\/2024\\\/09\\\/vitor-roque-con-la-seleccion-de-brasil.png\",\"contentUrl\":\"https:\\\/\\\/www.fcbarcelonanoticias.com\\\/en\\\/wp-content\\\/uploads\\\/sites\\\/2\\\/2024\\\/09\\\/vitor-roque-con-la-seleccion-de-brasil.png\",\"width\":1300,\"height\":732},{\"@type\":\"BreadcrumbList\",\"@id\":\"https:\\\/\\\/www.fcbarcelonanoticias.com\\\/en\\\/transfers\\\/was-it-mistake-for-barca-to-let-him-go-the-brutal-and-vindictive-performance-of-vitor-roque-with-brazil_307158_102.html#breadcrumb\",\"itemListElement\":[{\"@type\":\"ListItem\",\"position\":1,\"name\":\"Portada\",\"item\":\"https:\\\/\\\/www.fcbarcelonanoticias.com\\\/en\\\/\"},{\"@type\":\"ListItem\",\"position\":2,\"name\":\"The brutal and vindictive performance of Vitor Roque with Brazil\"}]},{\"@type\":\"WebSite\",\"@id\":\"https:\\\/\\\/www.fcbarcelonanoticias.com\\\/en\\\/#website\",\"url\":\"https:\\\/\\\/www.fcbarcelonanoticias.com\\\/en\\\/\",\"name\":\"EN - FC Barcelona Noticias\",\"description\":\"\",\"potentialAction\":[{\"@type\":\"SearchAction\",\"target\":{\"@type\":\"EntryPoint\",\"urlTemplate\":\"https:\\\/\\\/www.fcbarcelonanoticias.com\\\/en\\\/?s={search_term_string}\"},\"query-input\":{\"@type\":\"PropertyValueSpecification\",\"valueRequired\":true,\"valueName\":\"search_term_string\"}}],\"inLanguage\":\"en-US\"},{\"@type\":\"Person\",\"@id\":\"https:\\\/\\\/www.fcbarcelonanoticias.com\\\/en\\\/#\\\/schema\\\/person\\\/991443f134df9a64c6874f96ff984c9d\",\"name\":\"Kevin G\u00f3mez\",\"image\":{\"@type\":\"ImageObject\",\"inLanguage\":\"en-US\",\"@id\":\"https:\\\/\\\/secure.gravatar.com\\\/avatar\\\/?s=96&d=mm&r=g\",\"url\":\"https:\\\/\\\/secure.gravatar.com\\\/avatar\\\/?s=96&d=mm&r=g\",\"contentUrl\":\"https:\\\/\\\/secure.gravatar.com\\\/avatar\\\/?s=96&d=mm&r=g\",\"caption\":\"Kevin G\u00f3mez\"},\"description\":\"Licenciado\u00a0en Periodismo y Comunicaci\u00f3n Audiovisual. Redactor en FCBN responsable de cubrir toda\u00a0la informaci\u00f3n del FC Barcelona y las principales competiciones de\u00a0f\u00fatbol.\",\"url\":\"https:\\\/\\\/www.fcbarcelonanoticias.com\\\/en\\\/jugadores\\\/kevin-gomez_23_115.html\"}]}<\/script>\n<!-- \/ Yoast SEO plugin. -->","yoast_head_json":{"title":"Was it a mistake for Bar\u00e7a to let him go? The brutal and vindictive performance of Vitor Roque with Brazil","description":"Vitor Roque continues to show that he can still recover that version of the voracious scorer that seduced FC Barcelona to sign him last winter market. Now, 'Tigrinho' crowns an outstanding performance with the Brazilian U-20 team, in which he finally managed to find himself again with the goal","robots":{"index":"index","follow":"follow","max-snippet":"max-snippet:-1","max-image-preview":"max-image-preview:large","max-video-preview":"max-video-preview:-1"},"canonical":"https:\/\/www.fcbarcelonanoticias.com\/en\/transfers\/was-it-mistake-for-barca-to-let-him-go-the-brutal-and-vindictive-performance-of-vitor-roque-with-brazil_307158_102.html","og_locale":"en_US","og_type":"article","og_title":"Was it a mistake for Bar\u00e7a to let him go? The brutal and vindictive performance of Vitor Roque with Brazil","og_description":"Vitor Roque continues to show that he can still recover that version of the voracious scorer that seduced FC Barcelona to sign him last winter market. Now, 'Tigrinho' crowns an outstanding performance with the Brazilian U-20 team, in which he finally managed to find himself again with the goal","og_url":"https:\/\/www.fcbarcelonanoticias.com\/en\/transfers\/was-it-mistake-for-barca-to-let-him-go-the-brutal-and-vindictive-performance-of-vitor-roque-with-brazil_307158_102.html","og_site_name":"EN - FC Barcelona Noticias","article_published_time":"2024-09-09T13:34:00+00:00","article_modified_time":"2026-04-16T07:52:40+00:00","og_image":[{"width":1300,"height":732,"url":"https:\/\/www.fcbarcelonanoticias.com\/en\/wp-content\/uploads\/sites\/2\/2024\/09\/vitor-roque-con-la-seleccion-de-brasil.png","type":"image\/png"}],"author":"Kevin G\u00f3mez","twitter_card":"summary_large_image","twitter_misc":{"Written by":"Kevin G\u00f3mez","Est. reading time":"3 minutes"},"schema":{"@context":"https:\/\/schema.org","@graph":[{"@type":"Article","@id":"https:\/\/www.fcbarcelonanoticias.com\/en\/transfers\/was-it-mistake-for-barca-to-let-him-go-the-brutal-and-vindictive-performance-of-vitor-roque-with-brazil_307158_102.html#article","isPartOf":{"@id":"https:\/\/www.fcbarcelonanoticias.com\/en\/transfers\/was-it-mistake-for-barca-to-let-him-go-the-brutal-and-vindictive-performance-of-vitor-roque-with-brazil_307158_102.html"},"author":{"name":"Kevin G\u00f3mez","@id":"https:\/\/www.fcbarcelonanoticias.com\/en\/#\/schema\/person\/991443f134df9a64c6874f96ff984c9d"},"headline":"The brutal and vindictive performance of Vitor Roque with Brazil","datePublished":"2024-09-09T13:34:00+00:00","dateModified":"2026-04-16T07:52:40+00:00","mainEntityOfPage":{"@id":"https:\/\/www.fcbarcelonanoticias.com\/en\/transfers\/was-it-mistake-for-barca-to-let-him-go-the-brutal-and-vindictive-performance-of-vitor-roque-with-brazil_307158_102.html"},"wordCount":514,"image":{"@id":"https:\/\/www.fcbarcelonanoticias.com\/en\/transfers\/was-it-mistake-for-barca-to-let-him-go-the-brutal-and-vindictive-performance-of-vitor-roque-with-brazil_307158_102.html#primaryimage"},"thumbnailUrl":"https:\/\/www.fcbarcelonanoticias.com\/en\/wp-content\/uploads\/sites\/2\/2024\/09\/vitor-roque-con-la-seleccion-de-brasil.png","keywords":["National Teams","Real Betis","Vitor Roque"],"articleSection":["Transfers","Transfers"],"inLanguage":"en-US"},{"@type":"WebPage","@id":"https:\/\/www.fcbarcelonanoticias.com\/en\/transfers\/was-it-mistake-for-barca-to-let-him-go-the-brutal-and-vindictive-performance-of-vitor-roque-with-brazil_307158_102.html","url":"https:\/\/www.fcbarcelonanoticias.com\/en\/transfers\/was-it-mistake-for-barca-to-let-him-go-the-brutal-and-vindictive-performance-of-vitor-roque-with-brazil_307158_102.html","name":"Was it a mistake for Bar\u00e7a to let him go? The brutal and vindictive performance of Vitor Roque with Brazil","isPartOf":{"@id":"https:\/\/www.fcbarcelonanoticias.com\/en\/#website"},"primaryImageOfPage":{"@id":"https:\/\/www.fcbarcelonanoticias.com\/en\/transfers\/was-it-mistake-for-barca-to-let-him-go-the-brutal-and-vindictive-performance-of-vitor-roque-with-brazil_307158_102.html#primaryimage"},"image":{"@id":"https:\/\/www.fcbarcelonanoticias.com\/en\/transfers\/was-it-mistake-for-barca-to-let-him-go-the-brutal-and-vindictive-performance-of-vitor-roque-with-brazil_307158_102.html#primaryimage"},"thumbnailUrl":"https:\/\/www.fcbarcelonanoticias.com\/en\/wp-content\/uploads\/sites\/2\/2024\/09\/vitor-roque-con-la-seleccion-de-brasil.png","datePublished":"2024-09-09T13:34:00+00:00","dateModified":"2026-04-16T07:52:40+00:00","author":{"@id":"https:\/\/www.fcbarcelonanoticias.com\/en\/#\/schema\/person\/991443f134df9a64c6874f96ff984c9d"},"description":"Vitor Roque continues to show that he can still recover that version of the voracious scorer that seduced FC Barcelona to sign him last winter market. Now, 'Tigrinho' crowns an outstanding performance with the Brazilian U-20 team, in which he finally managed to find himself again with the goal","breadcrumb":{"@id":"https:\/\/www.fcbarcelonanoticias.com\/en\/transfers\/was-it-mistake-for-barca-to-let-him-go-the-brutal-and-vindictive-performance-of-vitor-roque-with-brazil_307158_102.html#breadcrumb"},"inLanguage":"en-US","potentialAction":[{"@type":"ReadAction","target":["https:\/\/www.fcbarcelonanoticias.com\/en\/transfers\/was-it-mistake-for-barca-to-let-him-go-the-brutal-and-vindictive-performance-of-vitor-roque-with-brazil_307158_102.html"]}]},{"@type":"ImageObject","inLanguage":"en-US","@id":"https:\/\/www.fcbarcelonanoticias.com\/en\/transfers\/was-it-mistake-for-barca-to-let-him-go-the-brutal-and-vindictive-performance-of-vitor-roque-with-brazil_307158_102.html#primaryimage","url":"https:\/\/www.fcbarcelonanoticias.com\/en\/wp-content\/uploads\/sites\/2\/2024\/09\/vitor-roque-con-la-seleccion-de-brasil.png","contentUrl":"https:\/\/www.fcbarcelonanoticias.com\/en\/wp-content\/uploads\/sites\/2\/2024\/09\/vitor-roque-con-la-seleccion-de-brasil.png","width":1300,"height":732},{"@type":"BreadcrumbList","@id":"https:\/\/www.fcbarcelonanoticias.com\/en\/transfers\/was-it-mistake-for-barca-to-let-him-go-the-brutal-and-vindictive-performance-of-vitor-roque-with-brazil_307158_102.html#breadcrumb","itemListElement":[{"@type":"ListItem","position":1,"name":"Portada","item":"https:\/\/www.fcbarcelonanoticias.com\/en\/"},{"@type":"ListItem","position":2,"name":"The brutal and vindictive performance of Vitor Roque with Brazil"}]},{"@type":"WebSite","@id":"https:\/\/www.fcbarcelonanoticias.com\/en\/#website","url":"https:\/\/www.fcbarcelonanoticias.com\/en\/","name":"EN - FC Barcelona Noticias","description":"","potentialAction":[{"@type":"SearchAction","target":{"@type":"EntryPoint","urlTemplate":"https:\/\/www.fcbarcelonanoticias.com\/en\/?s={search_term_string}"},"query-input":{"@type":"PropertyValueSpecification","valueRequired":true,"valueName":"search_term_string"}}],"inLanguage":"en-US"},{"@type":"Person","@id":"https:\/\/www.fcbarcelonanoticias.com\/en\/#\/schema\/person\/991443f134df9a64c6874f96ff984c9d","name":"Kevin G\u00f3mez","image":{"@type":"ImageObject","inLanguage":"en-US","@id":"https:\/\/secure.gravatar.com\/avatar\/?s=96&d=mm&r=g","url":"https:\/\/secure.gravatar.com\/avatar\/?s=96&d=mm&r=g","contentUrl":"https:\/\/secure.gravatar.com\/avatar\/?s=96&d=mm&r=g","caption":"Kevin G\u00f3mez"},"description":"Licenciado\u00a0en Periodismo y Comunicaci\u00f3n Audiovisual. Redactor en FCBN responsable de cubrir toda\u00a0la informaci\u00f3n del FC Barcelona y las principales competiciones de\u00a0f\u00fatbol.","url":"https:\/\/www.fcbarcelonanoticias.com\/en\/jugadores\/kevin-gomez_23_115.html"}]}},"_links":{"self":[{"href":"https:\/\/www.fcbarcelonanoticias.com\/en\/wp-json\/wp\/v2\/posts\/146159","targetHints":{"allow":["GET"]}}],"collection":[{"href":"https:\/\/www.fcbarcelonanoticias.com\/en\/wp-json\/wp\/v2\/posts"}],"about":[{"href":"https:\/\/www.fcbarcelonanoticias.com\/en\/wp-json\/wp\/v2\/types\/post"}],"author":[{"embeddable":true,"href":"https:\/\/www.fcbarcelonanoticias.com\/en\/wp-json\/wp\/v2\/users\/355"}],"replies":[{"embeddable":true,"href":"https:\/\/www.fcbarcelonanoticias.com\/en\/wp-json\/wp\/v2\/comments?post=146159"}],"version-history":[{"count":2,"href":"https:\/\/www.fcbarcelonanoticias.com\/en\/wp-json\/wp\/v2\/posts\/146159\/revisions"}],"predecessor-version":[{"id":181614,"href":"https:\/\/www.fcbarcelonanoticias.com\/en\/wp-json\/wp\/v2\/posts\/146159\/revisions\/181614"}],"wp:featuredmedia":[{"embeddable":true,"href":"https:\/\/www.fcbarcelonanoticias.com\/en\/wp-json\/wp\/v2\/media\/146160"}],"wp:attachment":[{"href":"https:\/\/www.fcbarcelonanoticias.com\/en\/wp-json\/wp\/v2\/media?parent=146159"}],"wp:term":[{"taxonomy":"category","embeddable":true,"href":"https:\/\/www.fcbarcelonanoticias.com\/en\/wp-json\/wp\/v2\/categories?post=146159"},{"taxonomy":"post_tag","embeddable":true,"href":"https:\/\/www.fcbarcelonanoticias.com\/en\/wp-json\/wp\/v2\/tags?post=146159"}],"curies":[{"name":"wp","href":"https:\/\/api.w.org\/{rel}","templated":true}]}}