{"id":146199,"date":"2020-07-22T19:03:00","date_gmt":"2020-07-22T17:03:00","guid":{"rendered":"https:\/\/weisetech.dev\/fc-barcelona-noticias\/en\/warning-france-lequipe-also-places-laurent-blanc-at-barcelona_259397_102\/"},"modified":"2020-07-22T22:44:00","modified_gmt":"2020-07-22T20:44:00","slug":"warning-france-lequipe-also-places-laurent-blanc-at-barcelona_259397_102","status":"publish","type":"post","link":"https:\/\/www.fcbarcelonanoticias.com\/en\/transfers\/warning-france-lequipe-also-places-laurent-blanc-at-barcelona_259397_102.html","title":{"rendered":"The warning of France: &#8216;L&#8217;\u00c9quipe&#8217; also places Laurent Blanc at Bar\u00e7a"},"content":{"rendered":"<h2 class=\"wp-block-heading\">Bar\u00e7a&#8217;s bench keeps heating up, and after the goodbye of Ernesto Valverde and the arrival of Quique Seti\u00e9n, the move could be repeated. In France more warnings have emerged and &#8216;L&#8217;\u00c9quipe&#8217; also places Laurent Blanc at the Camp Nou<\/h2>  \r\n<div class=\"article-addons\">\r\n    <a href=\"https:\/\/www.fcbarcelonanoticias.com\/en\/calendar-fc-barcelona.html\"\r\n       target=\"_self\"\r\n       title=\"Calendar of FC Barcelona\"\r\n       class=\"blue-gredient-btn\">\r\n       \r\n        Calendar of FC Barcelona    <\/a>\r\n<\/div>   <p><strong>The FC Barcelona wants to save a season in white with the Champions League, and <a data-external=\"0\" data-intl-links-en=\"https:\/\/www.fcbarcelonanoticias.com\/en\/tags\/quique-setien\" data-intl-links-es=\"https:\/\/www.fcbarcelonanoticias.com\/tags\/quique-setien\" href=\"https:\/\/www.fcbarcelonanoticias.com\/en\/tags\/quique-setien.html\" rel=\"follow\" target=\"_self\" title=\"Quique Seti\u00e9n\">Quique Seti\u00e9n<\/a> will face it with his future at stake<\/strong>. The Cantabrian landed in the City Condal to substitute to Ernesto Valverde but has not achieved revitalizar to the team, and in spite of have not enjoyed of a pre-season and a planning to the height, his dismissal could be on the table. In the next months it will be necessary to take a decision.<\/p>  <p><strong>According to the newspaper &#8216;Sport&#8217;, <a data-external=\"0\" data-intl-links-en=\"https:\/\/www.fcbarcelonanoticias.com\/en\/transfers\/sport-signing-laurent-blanc-for-barcelona-2020-21-is-heating-up_259380_102.html\" data-intl-links-es=\"https:\/\/www.fcbarcelonanoticias.com\/fichajes\/sport-se-calienta-fichaje-laurent-blanc-barcelona-2020-21_259380_102.html\" href=\"https:\/\/www.fcbarcelonanoticias.com\/en\/transfers\/sport-signing-laurent-blanc-for-barcelona-2020-21-is-heating-up_259380_102.html\" rel=\"follow\" target=\"_self\" title=\"'SPORT': Se calienta el fichaje de Laurent Blanc para el Bar\u00e7a 2020-21\">the nearest alternative in these moments is Laurent Blanc<\/a>, that would interest to the managerial cul\u00e9<\/strong>. The favourite candidates, Xavi Hern\u00e1ndez and Ronald Koeman, seem to be out of scope until after the elections of 2021, by what Josep Maria Bartomeu could accept the suggestion of Jorge Mendes, that has signalled to a technician of first level that already went through the Camp nou like player.<\/p>  <p><strong>In France have gone back to launch a warning on the Barcelona, since &#8216;L&#8217;\u00c9quipe&#8217; also relates them with the one of Al\u00e8s<\/strong>. The publication in question insists in the possibility that it incorporate after the European competition and keeps that it would not be a problem for the new president, since it would accept to sign an agreement of a year to show with football and results that deserves to remain a time more in the charge.<\/p>  <p><strong>The debate, this yes, aims to the criterion of <a data-external=\"0\" data-intl-links-en=\"https:\/\/www.fcbarcelonanoticias.com\/en\/tags\/abidal\" data-intl-links-es=\"https:\/\/www.fcbarcelonanoticias.com\/tags\/abidal\" href=\"https:\/\/www.fcbarcelonanoticias.com\/en\/tags\/abidal.html\" rel=\"follow\" target=\"_self\" title=\"Abidal\">\u00c9ric Abidal<\/a>, since the means offer contrary versions<\/strong>. The Frenchmen ensure that the technical secretary approves the arrival of his compatriot, to the one who knows of his stage in the selection and of the one who applauds his interest by the game of possession and attack. &#8216;Sportive world&#8217;, however, keeps that the one of Saint-Genis-Laval is not adherent of more changes and would remain with Seti\u00e9n.<\/p>  <p><strong>The news of &#8216;L&#8217;\u00c9quipe&#8217; details that Blanc is looking for club and glides that it already would have defined to his technical body<\/strong>. This information reveals that Frank Passi, that left the Niort does some weeks, would be his second, and that already confessed that it would accompany him in &#8220;a sportive project very ambitious&#8221;. After refusing to several groups, also has been linked to Valencia, and it will be necessary to see if pr\u00f3ximamente there are official novelties.<\/p>  <h3>The opportunity of Seti\u00e9n in the Bar\u00e7a 2020-21<\/h3>  <p><strong>Although Seti\u00e9n seems to have date of caducity, are not few those that would bet by an opportunity in the Bar\u00e7a 2020-21<\/strong>. It is true that there has been some brush with the changing room that have heated more an environment enrarecido in the City Condal, but also is it that the circumstances in which it arrived were not the suitable. Fans and experts consider that to judge his work with more justice it would be necessary to allow him participate in the project and have of a suitable preparation after the current campaign. It is for seeing if it will achieve it.<\/p> ","protected":false},"excerpt":{"rendered":"<p>Bar\u00e7a&#8217;s bench keeps heating up, and after the goodbye of Ernesto Valverde and the arrival of Quique Seti\u00e9n, the move could be repeated. In France more warnings have emerged and &#8216;L&#8217;\u00c9quipe&#8217; also places Laurent Blanc at the Camp Nou The FC Barcelona wants to save a season in white with the Champions League, and Quique [&hellip;]<\/p>\n","protected":false},"author":392,"featured_media":146200,"comment_status":"closed","ping_status":"open","sticky":false,"template":"","format":"standard","meta":{"_acf_changed":false,"inline_featured_image":false,"_nextfly_llmd_date_locked":false,"footnotes":""},"categories":[449,106],"tags":[208,271],"class_list":["post-146199","post","type-post","status-publish","format-standard","has-post-thumbnail","hentry","category-transfers-2","category-transfers","tag-quique-setien","tag-trainers"],"acf":[],"yoast_head":"<!-- This site is optimized with the Yoast SEO plugin v27.3 - https:\/\/yoast.com\/product\/yoast-seo-wordpress\/ -->\n<title>The warning of France: &#039;L&#039;\u00c9quipe&#039; also places Laurent Blanc at Bar\u00e7a<\/title>\n<meta name=\"description\" content=\"The bench of the Bar\u00e7a follows heating, and after the goodbye of Ernesto Valverde and the arrival of Quique Seti\u00e9n, the played could go back to repeat . In France...\" \/>\n<meta name=\"robots\" content=\"index, follow, max-snippet:-1, max-image-preview:large, max-video-preview:-1\" \/>\n<link rel=\"canonical\" href=\"https:\/\/www.fcbarcelonanoticias.com\/en\/transfers\/warning-france-lequipe-also-places-laurent-blanc-at-barcelona_259397_102.html\" \/>\n<meta property=\"og:locale\" content=\"en_US\" \/>\n<meta property=\"og:type\" content=\"article\" \/>\n<meta property=\"og:title\" content=\"The warning of France: &#039;L&#039;\u00c9quipe&#039; also places Laurent Blanc at Bar\u00e7a\" \/>\n<meta property=\"og:description\" content=\"The bench of the Bar\u00e7a follows heating, and after the goodbye of Ernesto Valverde and the arrival of Quique Seti\u00e9n, the played could go back to repeat . In France...\" \/>\n<meta property=\"og:url\" content=\"https:\/\/www.fcbarcelonanoticias.com\/en\/transfers\/warning-france-lequipe-also-places-laurent-blanc-at-barcelona_259397_102.html\" \/>\n<meta property=\"og:site_name\" content=\"EN - FC Barcelona Noticias\" \/>\n<meta property=\"article:published_time\" content=\"2020-07-22T17:03:00+00:00\" \/>\n<meta property=\"article:modified_time\" content=\"2020-07-22T20:44:00+00:00\" \/>\n<meta property=\"og:image\" content=\"https:\/\/www.fcbarcelonanoticias.com\/en\/wp-content\/uploads\/sites\/2\/2020\/07\/laurentblanc-lequipe.jpeg\" \/>\n\t<meta property=\"og:image:width\" content=\"1200\" \/>\n\t<meta property=\"og:image:height\" content=\"675\" \/>\n\t<meta property=\"og:image:type\" content=\"image\/jpeg\" \/>\n<meta name=\"author\" content=\"user_4048\" \/>\n<meta name=\"twitter:card\" content=\"summary_large_image\" \/>\n<meta name=\"twitter:label1\" content=\"Written by\" \/>\n\t<meta name=\"twitter:data1\" content=\"user_4048\" \/>\n\t<meta name=\"twitter:label2\" content=\"Est. reading time\" \/>\n\t<meta name=\"twitter:data2\" content=\"3 minutes\" \/>\n<script type=\"application\/ld+json\" class=\"yoast-schema-graph\">{\"@context\":\"https:\\\/\\\/schema.org\",\"@graph\":[{\"@type\":\"Article\",\"@id\":\"https:\\\/\\\/www.fcbarcelonanoticias.com\\\/en\\\/transfers\\\/warning-france-lequipe-also-places-laurent-blanc-at-barcelona_259397_102.html#article\",\"isPartOf\":{\"@id\":\"https:\\\/\\\/www.fcbarcelonanoticias.com\\\/en\\\/transfers\\\/warning-france-lequipe-also-places-laurent-blanc-at-barcelona_259397_102.html\"},\"author\":{\"name\":\"user_4048\",\"@id\":\"https:\\\/\\\/www.fcbarcelonanoticias.com\\\/en\\\/#\\\/schema\\\/person\\\/fcdad55cab72b8d0e106d75506783b6d\"},\"headline\":\"The warning of France: &#8216;L&#8217;\u00c9quipe&#8217; also places Laurent Blanc at Bar\u00e7a\",\"datePublished\":\"2020-07-22T17:03:00+00:00\",\"dateModified\":\"2020-07-22T20:44:00+00:00\",\"mainEntityOfPage\":{\"@id\":\"https:\\\/\\\/www.fcbarcelonanoticias.com\\\/en\\\/transfers\\\/warning-france-lequipe-also-places-laurent-blanc-at-barcelona_259397_102.html\"},\"wordCount\":560,\"image\":{\"@id\":\"https:\\\/\\\/www.fcbarcelonanoticias.com\\\/en\\\/transfers\\\/warning-france-lequipe-also-places-laurent-blanc-at-barcelona_259397_102.html#primaryimage\"},\"thumbnailUrl\":\"https:\\\/\\\/www.fcbarcelonanoticias.com\\\/en\\\/wp-content\\\/uploads\\\/sites\\\/2\\\/2020\\\/07\\\/laurentblanc-lequipe.jpeg\",\"keywords\":[\"Quique Seti\u00e9n\",\"Trainers\"],\"articleSection\":[\"Transfers\",\"Transfers\"],\"inLanguage\":\"en-US\"},{\"@type\":\"WebPage\",\"@id\":\"https:\\\/\\\/www.fcbarcelonanoticias.com\\\/en\\\/transfers\\\/warning-france-lequipe-also-places-laurent-blanc-at-barcelona_259397_102.html\",\"url\":\"https:\\\/\\\/www.fcbarcelonanoticias.com\\\/en\\\/transfers\\\/warning-france-lequipe-also-places-laurent-blanc-at-barcelona_259397_102.html\",\"name\":\"The warning of France: 'L'\u00c9quipe' also places Laurent Blanc at Bar\u00e7a\",\"isPartOf\":{\"@id\":\"https:\\\/\\\/www.fcbarcelonanoticias.com\\\/en\\\/#website\"},\"primaryImageOfPage\":{\"@id\":\"https:\\\/\\\/www.fcbarcelonanoticias.com\\\/en\\\/transfers\\\/warning-france-lequipe-also-places-laurent-blanc-at-barcelona_259397_102.html#primaryimage\"},\"image\":{\"@id\":\"https:\\\/\\\/www.fcbarcelonanoticias.com\\\/en\\\/transfers\\\/warning-france-lequipe-also-places-laurent-blanc-at-barcelona_259397_102.html#primaryimage\"},\"thumbnailUrl\":\"https:\\\/\\\/www.fcbarcelonanoticias.com\\\/en\\\/wp-content\\\/uploads\\\/sites\\\/2\\\/2020\\\/07\\\/laurentblanc-lequipe.jpeg\",\"datePublished\":\"2020-07-22T17:03:00+00:00\",\"dateModified\":\"2020-07-22T20:44:00+00:00\",\"author\":{\"@id\":\"https:\\\/\\\/www.fcbarcelonanoticias.com\\\/en\\\/#\\\/schema\\\/person\\\/fcdad55cab72b8d0e106d75506783b6d\"},\"description\":\"The bench of the Bar\u00e7a follows heating, and after the goodbye of Ernesto Valverde and the arrival of Quique Seti\u00e9n, the played could go back to repeat . In France...\",\"breadcrumb\":{\"@id\":\"https:\\\/\\\/www.fcbarcelonanoticias.com\\\/en\\\/transfers\\\/warning-france-lequipe-also-places-laurent-blanc-at-barcelona_259397_102.html#breadcrumb\"},\"inLanguage\":\"en-US\",\"potentialAction\":[{\"@type\":\"ReadAction\",\"target\":[\"https:\\\/\\\/www.fcbarcelonanoticias.com\\\/en\\\/transfers\\\/warning-france-lequipe-also-places-laurent-blanc-at-barcelona_259397_102.html\"]}]},{\"@type\":\"ImageObject\",\"inLanguage\":\"en-US\",\"@id\":\"https:\\\/\\\/www.fcbarcelonanoticias.com\\\/en\\\/transfers\\\/warning-france-lequipe-also-places-laurent-blanc-at-barcelona_259397_102.html#primaryimage\",\"url\":\"https:\\\/\\\/www.fcbarcelonanoticias.com\\\/en\\\/wp-content\\\/uploads\\\/sites\\\/2\\\/2020\\\/07\\\/laurentblanc-lequipe.jpeg\",\"contentUrl\":\"https:\\\/\\\/www.fcbarcelonanoticias.com\\\/en\\\/wp-content\\\/uploads\\\/sites\\\/2\\\/2020\\\/07\\\/laurentblanc-lequipe.jpeg\",\"width\":1200,\"height\":675},{\"@type\":\"BreadcrumbList\",\"@id\":\"https:\\\/\\\/www.fcbarcelonanoticias.com\\\/en\\\/transfers\\\/warning-france-lequipe-also-places-laurent-blanc-at-barcelona_259397_102.html#breadcrumb\",\"itemListElement\":[{\"@type\":\"ListItem\",\"position\":1,\"name\":\"Portada\",\"item\":\"https:\\\/\\\/www.fcbarcelonanoticias.com\\\/en\\\/\"},{\"@type\":\"ListItem\",\"position\":2,\"name\":\"The warning of France: &#8216;L&#8217;\u00c9quipe&#8217; also places Laurent Blanc at Bar\u00e7a\"}]},{\"@type\":\"WebSite\",\"@id\":\"https:\\\/\\\/www.fcbarcelonanoticias.com\\\/en\\\/#website\",\"url\":\"https:\\\/\\\/www.fcbarcelonanoticias.com\\\/en\\\/\",\"name\":\"EN - FC Barcelona Noticias\",\"description\":\"\",\"potentialAction\":[{\"@type\":\"SearchAction\",\"target\":{\"@type\":\"EntryPoint\",\"urlTemplate\":\"https:\\\/\\\/www.fcbarcelonanoticias.com\\\/en\\\/?s={search_term_string}\"},\"query-input\":{\"@type\":\"PropertyValueSpecification\",\"valueRequired\":true,\"valueName\":\"search_term_string\"}}],\"inLanguage\":\"en-US\"},{\"@type\":\"Person\",\"@id\":\"https:\\\/\\\/www.fcbarcelonanoticias.com\\\/en\\\/#\\\/schema\\\/person\\\/fcdad55cab72b8d0e106d75506783b6d\",\"name\":\"user_4048\",\"image\":{\"@type\":\"ImageObject\",\"inLanguage\":\"en-US\",\"@id\":\"https:\\\/\\\/secure.gravatar.com\\\/avatar\\\/?s=96&d=mm&r=g\",\"url\":\"https:\\\/\\\/secure.gravatar.com\\\/avatar\\\/?s=96&d=mm&r=g\",\"contentUrl\":\"https:\\\/\\\/secure.gravatar.com\\\/avatar\\\/?s=96&d=mm&r=g\",\"caption\":\"user_4048\"},\"url\":\"https:\\\/\\\/www.fcbarcelonanoticias.com\\\/en\\\/user_4048.html\"}]}<\/script>\n<!-- \/ Yoast SEO plugin. -->","yoast_head_json":{"title":"The warning of France: 'L'\u00c9quipe' also places Laurent Blanc at Bar\u00e7a","description":"The bench of the Bar\u00e7a follows heating, and after the goodbye of Ernesto Valverde and the arrival of Quique Seti\u00e9n, the played could go back to repeat . In France...","robots":{"index":"index","follow":"follow","max-snippet":"max-snippet:-1","max-image-preview":"max-image-preview:large","max-video-preview":"max-video-preview:-1"},"canonical":"https:\/\/www.fcbarcelonanoticias.com\/en\/transfers\/warning-france-lequipe-also-places-laurent-blanc-at-barcelona_259397_102.html","og_locale":"en_US","og_type":"article","og_title":"The warning of France: 'L'\u00c9quipe' also places Laurent Blanc at Bar\u00e7a","og_description":"The bench of the Bar\u00e7a follows heating, and after the goodbye of Ernesto Valverde and the arrival of Quique Seti\u00e9n, the played could go back to repeat . In France...","og_url":"https:\/\/www.fcbarcelonanoticias.com\/en\/transfers\/warning-france-lequipe-also-places-laurent-blanc-at-barcelona_259397_102.html","og_site_name":"EN - FC Barcelona Noticias","article_published_time":"2020-07-22T17:03:00+00:00","article_modified_time":"2020-07-22T20:44:00+00:00","og_image":[{"width":1200,"height":675,"url":"https:\/\/www.fcbarcelonanoticias.com\/en\/wp-content\/uploads\/sites\/2\/2020\/07\/laurentblanc-lequipe.jpeg","type":"image\/jpeg"}],"author":"user_4048","twitter_card":"summary_large_image","twitter_misc":{"Written by":"user_4048","Est. reading time":"3 minutes"},"schema":{"@context":"https:\/\/schema.org","@graph":[{"@type":"Article","@id":"https:\/\/www.fcbarcelonanoticias.com\/en\/transfers\/warning-france-lequipe-also-places-laurent-blanc-at-barcelona_259397_102.html#article","isPartOf":{"@id":"https:\/\/www.fcbarcelonanoticias.com\/en\/transfers\/warning-france-lequipe-also-places-laurent-blanc-at-barcelona_259397_102.html"},"author":{"name":"user_4048","@id":"https:\/\/www.fcbarcelonanoticias.com\/en\/#\/schema\/person\/fcdad55cab72b8d0e106d75506783b6d"},"headline":"The warning of France: &#8216;L&#8217;\u00c9quipe&#8217; also places Laurent Blanc at Bar\u00e7a","datePublished":"2020-07-22T17:03:00+00:00","dateModified":"2020-07-22T20:44:00+00:00","mainEntityOfPage":{"@id":"https:\/\/www.fcbarcelonanoticias.com\/en\/transfers\/warning-france-lequipe-also-places-laurent-blanc-at-barcelona_259397_102.html"},"wordCount":560,"image":{"@id":"https:\/\/www.fcbarcelonanoticias.com\/en\/transfers\/warning-france-lequipe-also-places-laurent-blanc-at-barcelona_259397_102.html#primaryimage"},"thumbnailUrl":"https:\/\/www.fcbarcelonanoticias.com\/en\/wp-content\/uploads\/sites\/2\/2020\/07\/laurentblanc-lequipe.jpeg","keywords":["Quique Seti\u00e9n","Trainers"],"articleSection":["Transfers","Transfers"],"inLanguage":"en-US"},{"@type":"WebPage","@id":"https:\/\/www.fcbarcelonanoticias.com\/en\/transfers\/warning-france-lequipe-also-places-laurent-blanc-at-barcelona_259397_102.html","url":"https:\/\/www.fcbarcelonanoticias.com\/en\/transfers\/warning-france-lequipe-also-places-laurent-blanc-at-barcelona_259397_102.html","name":"The warning of France: 'L'\u00c9quipe' also places Laurent Blanc at Bar\u00e7a","isPartOf":{"@id":"https:\/\/www.fcbarcelonanoticias.com\/en\/#website"},"primaryImageOfPage":{"@id":"https:\/\/www.fcbarcelonanoticias.com\/en\/transfers\/warning-france-lequipe-also-places-laurent-blanc-at-barcelona_259397_102.html#primaryimage"},"image":{"@id":"https:\/\/www.fcbarcelonanoticias.com\/en\/transfers\/warning-france-lequipe-also-places-laurent-blanc-at-barcelona_259397_102.html#primaryimage"},"thumbnailUrl":"https:\/\/www.fcbarcelonanoticias.com\/en\/wp-content\/uploads\/sites\/2\/2020\/07\/laurentblanc-lequipe.jpeg","datePublished":"2020-07-22T17:03:00+00:00","dateModified":"2020-07-22T20:44:00+00:00","author":{"@id":"https:\/\/www.fcbarcelonanoticias.com\/en\/#\/schema\/person\/fcdad55cab72b8d0e106d75506783b6d"},"description":"The bench of the Bar\u00e7a follows heating, and after the goodbye of Ernesto Valverde and the arrival of Quique Seti\u00e9n, the played could go back to repeat . In France...","breadcrumb":{"@id":"https:\/\/www.fcbarcelonanoticias.com\/en\/transfers\/warning-france-lequipe-also-places-laurent-blanc-at-barcelona_259397_102.html#breadcrumb"},"inLanguage":"en-US","potentialAction":[{"@type":"ReadAction","target":["https:\/\/www.fcbarcelonanoticias.com\/en\/transfers\/warning-france-lequipe-also-places-laurent-blanc-at-barcelona_259397_102.html"]}]},{"@type":"ImageObject","inLanguage":"en-US","@id":"https:\/\/www.fcbarcelonanoticias.com\/en\/transfers\/warning-france-lequipe-also-places-laurent-blanc-at-barcelona_259397_102.html#primaryimage","url":"https:\/\/www.fcbarcelonanoticias.com\/en\/wp-content\/uploads\/sites\/2\/2020\/07\/laurentblanc-lequipe.jpeg","contentUrl":"https:\/\/www.fcbarcelonanoticias.com\/en\/wp-content\/uploads\/sites\/2\/2020\/07\/laurentblanc-lequipe.jpeg","width":1200,"height":675},{"@type":"BreadcrumbList","@id":"https:\/\/www.fcbarcelonanoticias.com\/en\/transfers\/warning-france-lequipe-also-places-laurent-blanc-at-barcelona_259397_102.html#breadcrumb","itemListElement":[{"@type":"ListItem","position":1,"name":"Portada","item":"https:\/\/www.fcbarcelonanoticias.com\/en\/"},{"@type":"ListItem","position":2,"name":"The warning of France: &#8216;L&#8217;\u00c9quipe&#8217; also places Laurent Blanc at Bar\u00e7a"}]},{"@type":"WebSite","@id":"https:\/\/www.fcbarcelonanoticias.com\/en\/#website","url":"https:\/\/www.fcbarcelonanoticias.com\/en\/","name":"EN - FC Barcelona Noticias","description":"","potentialAction":[{"@type":"SearchAction","target":{"@type":"EntryPoint","urlTemplate":"https:\/\/www.fcbarcelonanoticias.com\/en\/?s={search_term_string}"},"query-input":{"@type":"PropertyValueSpecification","valueRequired":true,"valueName":"search_term_string"}}],"inLanguage":"en-US"},{"@type":"Person","@id":"https:\/\/www.fcbarcelonanoticias.com\/en\/#\/schema\/person\/fcdad55cab72b8d0e106d75506783b6d","name":"user_4048","image":{"@type":"ImageObject","inLanguage":"en-US","@id":"https:\/\/secure.gravatar.com\/avatar\/?s=96&d=mm&r=g","url":"https:\/\/secure.gravatar.com\/avatar\/?s=96&d=mm&r=g","contentUrl":"https:\/\/secure.gravatar.com\/avatar\/?s=96&d=mm&r=g","caption":"user_4048"},"url":"https:\/\/www.fcbarcelonanoticias.com\/en\/user_4048.html"}]}},"_links":{"self":[{"href":"https:\/\/www.fcbarcelonanoticias.com\/en\/wp-json\/wp\/v2\/posts\/146199","targetHints":{"allow":["GET"]}}],"collection":[{"href":"https:\/\/www.fcbarcelonanoticias.com\/en\/wp-json\/wp\/v2\/posts"}],"about":[{"href":"https:\/\/www.fcbarcelonanoticias.com\/en\/wp-json\/wp\/v2\/types\/post"}],"author":[{"embeddable":true,"href":"https:\/\/www.fcbarcelonanoticias.com\/en\/wp-json\/wp\/v2\/users\/392"}],"replies":[{"embeddable":true,"href":"https:\/\/www.fcbarcelonanoticias.com\/en\/wp-json\/wp\/v2\/comments?post=146199"}],"version-history":[{"count":1,"href":"https:\/\/www.fcbarcelonanoticias.com\/en\/wp-json\/wp\/v2\/posts\/146199\/revisions"}],"predecessor-version":[{"id":156148,"href":"https:\/\/www.fcbarcelonanoticias.com\/en\/wp-json\/wp\/v2\/posts\/146199\/revisions\/156148"}],"wp:featuredmedia":[{"embeddable":true,"href":"https:\/\/www.fcbarcelonanoticias.com\/en\/wp-json\/wp\/v2\/media\/146200"}],"wp:attachment":[{"href":"https:\/\/www.fcbarcelonanoticias.com\/en\/wp-json\/wp\/v2\/media?parent=146199"}],"wp:term":[{"taxonomy":"category","embeddable":true,"href":"https:\/\/www.fcbarcelonanoticias.com\/en\/wp-json\/wp\/v2\/categories?post=146199"},{"taxonomy":"post_tag","embeddable":true,"href":"https:\/\/www.fcbarcelonanoticias.com\/en\/wp-json\/wp\/v2\/tags?post=146199"}],"curies":[{"name":"wp","href":"https:\/\/api.w.org\/{rel}","templated":true}]}}