{"id":146254,"date":"2023-02-22T16:09:00","date_gmt":"2023-02-22T15:09:00","guid":{"rendered":"https:\/\/weisetech.dev\/fc-barcelona-noticias\/en\/what-needs-sign-barcelona-positions-options-this-summer_289878_102\/"},"modified":"2023-02-23T01:30:00","modified_gmt":"2023-02-23T00:30:00","slug":"what-needs-sign-barcelona-positions-options-this-summer_289878_102","status":"publish","type":"post","link":"https:\/\/www.fcbarcelonanoticias.com\/en\/transfers\/what-needs-sign-barcelona-positions-options-this-summer_289878_102.html","title":{"rendered":"What does Bar\u00e7a need to sign? The positions and options for this summer"},"content":{"rendered":"<h2 class=\"wp-block-heading\">With La Liga increasingly complicating Bar\u00e7a&#8217;s plans for the summer, the Bar\u00e7a team needs to organize its priorities and review in depth what the real conditions of each option are.<\/h2>  \r\n<div class=\"article-addons\">\r\n    <a href=\"https:\/\/www.fcbarcelonanoticias.com\/en\/calendar-fc-barcelona.html\"\r\n       target=\"_self\"\r\n       title=\"Calendar of FC Barcelona\"\r\n       class=\"blue-gredient-btn\">\r\n       \r\n        Calendar of FC Barcelona    <\/a>\r\n<\/div>   <p>The <a data-external=\"0\" data-intl-links-en=\"https:\/\/www.fcbarcelonanoticias.com\/en\/fc-barcelona\" data-intl-links-es=\"https:\/\/www.fcbarcelonanoticias.com\/fc-barcelona\" href=\"https:\/\/www.fcbarcelonanoticias.com\/en\/football-soccer\/fc-barcelona.html\" rel=\"follow\" target=\"_self\" title=\"FC Barcelona\">FC Barcelona<\/a> has several positions that needs to reinforce, with three of them like priority. The right side, the mediocentro and the leading centre are positions where there are not too many natural alternatives to the headlines of this season (Kound\u00e9, Busquets and Lewandowski). <strong>Incidentally the left extreme, and the central left like last option, are zones that the club wanted to improve in summer. For all these cases, review which are the main alternative in the market.<\/strong><\/p>  <h4>Right side<\/h4>  <p><strong>Juan Foyth: <\/strong><\/p>  <p>The footballer of the Villarreal was a serious aim of the Bar\u00e7a in the 2022, but take it that they began the negotiations in the window veraniega prevented that the Barcelona club could negotiate calmly. <strong>Now, and without Emery in the bench, the Argentinian goes back to add chevrons and could be this solid player in defence that wants to Xavi for this zone of the field.<\/strong><\/p>  <p><strong>Benjamin Pavard:<\/strong><\/p>  <p>Like raisin with Foyth, the French is a much more defensive side and that also can act of head office. <strong>With Balde already being the future by the left,<\/strong> the technical body wanted to opt by a player checked to the highest level and that it can solve the rival attacks without too much problem, something that never achieved H\u00e9ctor Beller\u00edn, for example.<\/p>  <p><strong>Jeremie Frimpong: <\/strong><\/p>  <p>The Dutch of 22 years yes is a much more offensive alternative, and with another type of projection. Like this they confirm it his 5 goals and 3 assistances in 21 parties in the Bundesliga, and also his value of near market to the 30 &#8216;kilos&#8217;. <strong>The Premier also has it in folder and this would mean that the defender would be in the middle of a very important bidding, something to what the Bar\u00e7a escapes him at all times for this summer.<\/strong><\/p>  <h4>Mediocentro<\/h4>  <p><strong>Mart\u00edn Zubimendi:<\/strong><\/p>  <p>As well as Foyth is an aim of time backwards, the same raisin with the mediocampista of the Real Sociedad. The pivote is the preferred of Xavi to relieve to Busquets, <strong>although the Basque team only will leave it go out by the 60 million his clause,<\/strong> a figure that the Arsenal of Arteta already offered to pay. Operation very complicated, but still on the table.<\/p>  <p><strong>Sofyan Amrabat: <\/strong><\/p>  <p>All the contrary that sucede with Zubimendi, is in the case of the Moroccan. The player already presion\u00f3 to arrive to the Camp Nou in winter and the offer cul\u00e9 is his priority for the next month of July, <strong>but the Fiorentina will await and will try to take out the greater possible money by a player that six months ago was not in looks it of the European elite. <\/strong><\/p>  <p><strong>Ilkay G\u00fcndogan:<\/strong><\/p>  <p>The German is not a mediocentro traditional, neither neither natural, although yes it exerts very well this function. The still player of the Manchester City could arrive free and <strong>with an accessible index card to allow that the Bar\u00e7a have 1 or 2 years to close a signing of much more future, but without risking that the position lose the quality that need a diagram like the one of Xavi. <\/strong><\/p>  <h4>Leading centre<\/h4>  <p><strong>Marcus Thuram:<\/strong><\/p>  <p>The French is a bargain as it is it G\u00fcndogan. It remains free and already his club confirmed that the attacker will not renew for having offers from England, Italy and Spain. <strong>The Frenchman could be the ideal option by price, but besides because in his career also has played a lot of left extreme,<\/strong> solving like this two positions by an alone index card and without payment of value of traspaso.<\/p>  <p><strong>Vitor Roque: <\/strong><\/p>  <p>The Brazilian was the big feeling of the past Sudamericano Sub-20. 6 goals in the juvenile tournament and his price shot on the 20 millions. The Paranaense does not have haste, <strong>but the help of Deco could do that the club feels to negotiate with the Bar\u00e7a and find a formula that allow to the goleador land in this same 2023 in LaLiga.<\/strong><\/p>  <p><strong>Aubameyang:<\/strong><\/p>  <p>In this case the order in this note yes has to the gabon\u00e9s as they are the things in the reality, last. His return to the Camp Nou is a possibility, but is not a priority when being already in the end of his career. However, <strong>the forward surely desvincular\u00e1 of Chelsea and could be an acting forward of guarantees and with one of the lowest index cards of all the staff. <\/strong><\/p>  <h4>Left extreme<\/h4>  <p><strong>Abde:<\/strong><\/p>  <p>To the not being really a priority, <strong>at least that Ansu Fati decide to change of airs or the club sell to <a data-external=\"0\" data-intl-links-en=\"https:\/\/www.fcbarcelonanoticias.com\/en\/europa-league\/ferran-torres-raphinha-could-play-place-front-the-united_289875_102.html\" data-intl-links-es=\"https:\/\/www.fcbarcelonanoticias.com\/europa-league\/ferran-torres-raphinha-podrian-jugarse-plaza-en-xi-ante-el-united_289875_102.html\" href=\"https:\/\/www.fcbarcelonanoticias.com\/en\/europa-league\/ferran-torres-raphinha-could-play-place-front-the-united_289875_102.html\" rel=\"follow\" target=\"_self\" title=\"Ferran Torres y Raphinha podr\u00edan jugarse una plaza en el XI ante&nbsp;el&nbsp;United\">Ferran and Raphinha<\/a>,<\/strong> the cul\u00e9s does not have thought to spend too much. The return of the footballer that has been yielded in the Osasuna this season would suppose a gain for both parts, and a saving for the dispatches of the Barcelona club.<\/p>  <p><strong>Carrasco:<\/strong><\/p>  <p>The exit of Memphis the Athletic of Madrid left a preferential option so that the Bar\u00e7a can fichar to the Belgian attacker. Xavi wants to to the player, <strong>but understands that first there are other zones of the field to reinforce. <\/strong><\/p>  <p>Like raisin with Abde, Nico Gonz\u00e1lez could be a solution for the mediocentro, although in this case yes seems the same conditioned to that it arrive another player to that Busquets decide to continue until 2024.<strong> For the central left-handed I\u00f1igo Mart\u00ednez keeps on being the favourite, although Marcos Alonso will follow and if index card to a side, Kound\u00e9 could go back the couple of Ara\u00fajo in the centre of the defence.<\/strong><\/p> ","protected":false},"excerpt":{"rendered":"<p>With La Liga increasingly complicating Bar\u00e7a&#8217;s plans for the summer, the Bar\u00e7a team needs to organize its priorities and review in depth what the real conditions of each option are. The FC Barcelona has several positions that needs to reinforce, with three of them like priority. The right side, the mediocentro and the leading centre [&hellip;]<\/p>\n","protected":false},"author":345,"featured_media":146255,"comment_status":"closed","ping_status":"open","sticky":false,"template":"","format":"standard","meta":{"_acf_changed":false,"inline_featured_image":false,"_nextfly_llmd_date_locked":false,"footnotes":""},"categories":[106,449],"tags":[97,72,166,48],"class_list":["post-146254","post","type-post","status-publish","format-standard","has-post-thumbnail","hentry","category-transfers","category-transfers-2","tag-manchester-city","tag-real-sociedad","tag-sergio-busquets","tag-xavi-hernandez"],"acf":[],"yoast_head":"<!-- This site is optimized with the Yoast SEO plugin v27.3 - https:\/\/yoast.com\/product\/yoast-seo-wordpress\/ -->\n<title>What does Bar\u00e7a need to sign? The positions and options for this summer<\/title>\n<meta name=\"description\" content=\"With La Liga increasingly complicating Bar\u00e7a&#039;s plans for the summer, the Bar\u00e7a team needs to organize its priorities and review in depth what the real conditions of each option are.\" \/>\n<meta name=\"robots\" content=\"index, follow, max-snippet:-1, max-image-preview:large, max-video-preview:-1\" \/>\n<link rel=\"canonical\" href=\"https:\/\/www.fcbarcelonanoticias.com\/en\/transfers\/what-needs-sign-barcelona-positions-options-this-summer_289878_102.html\" \/>\n<meta property=\"og:locale\" content=\"en_US\" \/>\n<meta property=\"og:type\" content=\"article\" \/>\n<meta property=\"og:title\" content=\"What does Bar\u00e7a need to sign? The positions and options for this summer\" \/>\n<meta property=\"og:description\" content=\"With La Liga increasingly complicating Bar\u00e7a&#039;s plans for the summer, the Bar\u00e7a team needs to organize its priorities and review in depth what the real conditions of each option are.\" \/>\n<meta property=\"og:url\" content=\"https:\/\/www.fcbarcelonanoticias.com\/en\/transfers\/what-needs-sign-barcelona-positions-options-this-summer_289878_102.html\" \/>\n<meta property=\"og:site_name\" content=\"EN - FC Barcelona Noticias\" \/>\n<meta property=\"article:published_time\" content=\"2023-02-22T15:09:00+00:00\" \/>\n<meta property=\"article:modified_time\" content=\"2023-02-23T00:30:00+00:00\" \/>\n<meta property=\"og:image\" content=\"https:\/\/www.fcbarcelonanoticias.com\/en\/wp-content\/uploads\/sites\/2\/2023\/02\/collage-opciones-mercado.jpeg\" \/>\n\t<meta property=\"og:image:width\" content=\"1300\" \/>\n\t<meta property=\"og:image:height\" content=\"732\" \/>\n\t<meta property=\"og:image:type\" content=\"image\/jpeg\" \/>\n<meta name=\"author\" content=\"Carlos Montenegro\" \/>\n<meta name=\"twitter:card\" content=\"summary_large_image\" \/>\n<meta name=\"twitter:label1\" content=\"Written by\" \/>\n\t<meta name=\"twitter:data1\" content=\"Carlos Montenegro\" \/>\n\t<meta name=\"twitter:label2\" content=\"Est. reading time\" \/>\n\t<meta name=\"twitter:data2\" content=\"5 minutes\" \/>\n<script type=\"application\/ld+json\" class=\"yoast-schema-graph\">{\"@context\":\"https:\\\/\\\/schema.org\",\"@graph\":[{\"@type\":\"Article\",\"@id\":\"https:\\\/\\\/www.fcbarcelonanoticias.com\\\/en\\\/transfers\\\/what-needs-sign-barcelona-positions-options-this-summer_289878_102.html#article\",\"isPartOf\":{\"@id\":\"https:\\\/\\\/www.fcbarcelonanoticias.com\\\/en\\\/transfers\\\/what-needs-sign-barcelona-positions-options-this-summer_289878_102.html\"},\"author\":{\"name\":\"Carlos Montenegro\",\"@id\":\"https:\\\/\\\/www.fcbarcelonanoticias.com\\\/en\\\/#\\\/schema\\\/person\\\/aa1d038709c262cb247e240f6b39bbf5\"},\"headline\":\"What does Bar\u00e7a need to sign? The positions and options for this summer\",\"datePublished\":\"2023-02-22T15:09:00+00:00\",\"dateModified\":\"2023-02-23T00:30:00+00:00\",\"mainEntityOfPage\":{\"@id\":\"https:\\\/\\\/www.fcbarcelonanoticias.com\\\/en\\\/transfers\\\/what-needs-sign-barcelona-positions-options-this-summer_289878_102.html\"},\"wordCount\":961,\"image\":{\"@id\":\"https:\\\/\\\/www.fcbarcelonanoticias.com\\\/en\\\/transfers\\\/what-needs-sign-barcelona-positions-options-this-summer_289878_102.html#primaryimage\"},\"thumbnailUrl\":\"https:\\\/\\\/www.fcbarcelonanoticias.com\\\/en\\\/wp-content\\\/uploads\\\/sites\\\/2\\\/2023\\\/02\\\/collage-opciones-mercado.jpeg\",\"keywords\":[\"Manchester City\",\"Real Sociedad\",\"Sergio Busquets\",\"Xavi Hern\u00e1ndez\"],\"articleSection\":[\"Transfers\",\"Transfers\"],\"inLanguage\":\"en-US\"},{\"@type\":\"WebPage\",\"@id\":\"https:\\\/\\\/www.fcbarcelonanoticias.com\\\/en\\\/transfers\\\/what-needs-sign-barcelona-positions-options-this-summer_289878_102.html\",\"url\":\"https:\\\/\\\/www.fcbarcelonanoticias.com\\\/en\\\/transfers\\\/what-needs-sign-barcelona-positions-options-this-summer_289878_102.html\",\"name\":\"What does Bar\u00e7a need to sign? The positions and options for this summer\",\"isPartOf\":{\"@id\":\"https:\\\/\\\/www.fcbarcelonanoticias.com\\\/en\\\/#website\"},\"primaryImageOfPage\":{\"@id\":\"https:\\\/\\\/www.fcbarcelonanoticias.com\\\/en\\\/transfers\\\/what-needs-sign-barcelona-positions-options-this-summer_289878_102.html#primaryimage\"},\"image\":{\"@id\":\"https:\\\/\\\/www.fcbarcelonanoticias.com\\\/en\\\/transfers\\\/what-needs-sign-barcelona-positions-options-this-summer_289878_102.html#primaryimage\"},\"thumbnailUrl\":\"https:\\\/\\\/www.fcbarcelonanoticias.com\\\/en\\\/wp-content\\\/uploads\\\/sites\\\/2\\\/2023\\\/02\\\/collage-opciones-mercado.jpeg\",\"datePublished\":\"2023-02-22T15:09:00+00:00\",\"dateModified\":\"2023-02-23T00:30:00+00:00\",\"author\":{\"@id\":\"https:\\\/\\\/www.fcbarcelonanoticias.com\\\/en\\\/#\\\/schema\\\/person\\\/aa1d038709c262cb247e240f6b39bbf5\"},\"description\":\"With La Liga increasingly complicating Bar\u00e7a's plans for the summer, the Bar\u00e7a team needs to organize its priorities and review in depth what the real conditions of each option are.\",\"breadcrumb\":{\"@id\":\"https:\\\/\\\/www.fcbarcelonanoticias.com\\\/en\\\/transfers\\\/what-needs-sign-barcelona-positions-options-this-summer_289878_102.html#breadcrumb\"},\"inLanguage\":\"en-US\",\"potentialAction\":[{\"@type\":\"ReadAction\",\"target\":[\"https:\\\/\\\/www.fcbarcelonanoticias.com\\\/en\\\/transfers\\\/what-needs-sign-barcelona-positions-options-this-summer_289878_102.html\"]}]},{\"@type\":\"ImageObject\",\"inLanguage\":\"en-US\",\"@id\":\"https:\\\/\\\/www.fcbarcelonanoticias.com\\\/en\\\/transfers\\\/what-needs-sign-barcelona-positions-options-this-summer_289878_102.html#primaryimage\",\"url\":\"https:\\\/\\\/www.fcbarcelonanoticias.com\\\/en\\\/wp-content\\\/uploads\\\/sites\\\/2\\\/2023\\\/02\\\/collage-opciones-mercado.jpeg\",\"contentUrl\":\"https:\\\/\\\/www.fcbarcelonanoticias.com\\\/en\\\/wp-content\\\/uploads\\\/sites\\\/2\\\/2023\\\/02\\\/collage-opciones-mercado.jpeg\",\"width\":1300,\"height\":732},{\"@type\":\"BreadcrumbList\",\"@id\":\"https:\\\/\\\/www.fcbarcelonanoticias.com\\\/en\\\/transfers\\\/what-needs-sign-barcelona-positions-options-this-summer_289878_102.html#breadcrumb\",\"itemListElement\":[{\"@type\":\"ListItem\",\"position\":1,\"name\":\"Portada\",\"item\":\"https:\\\/\\\/www.fcbarcelonanoticias.com\\\/en\\\/\"},{\"@type\":\"ListItem\",\"position\":2,\"name\":\"What does Bar\u00e7a need to sign? The positions and options for this summer\"}]},{\"@type\":\"WebSite\",\"@id\":\"https:\\\/\\\/www.fcbarcelonanoticias.com\\\/en\\\/#website\",\"url\":\"https:\\\/\\\/www.fcbarcelonanoticias.com\\\/en\\\/\",\"name\":\"EN - FC Barcelona Noticias\",\"description\":\"\",\"potentialAction\":[{\"@type\":\"SearchAction\",\"target\":{\"@type\":\"EntryPoint\",\"urlTemplate\":\"https:\\\/\\\/www.fcbarcelonanoticias.com\\\/en\\\/?s={search_term_string}\"},\"query-input\":{\"@type\":\"PropertyValueSpecification\",\"valueRequired\":true,\"valueName\":\"search_term_string\"}}],\"inLanguage\":\"en-US\"},{\"@type\":\"Person\",\"@id\":\"https:\\\/\\\/www.fcbarcelonanoticias.com\\\/en\\\/#\\\/schema\\\/person\\\/aa1d038709c262cb247e240f6b39bbf5\",\"name\":\"Carlos Montenegro\",\"image\":{\"@type\":\"ImageObject\",\"inLanguage\":\"en-US\",\"@id\":\"https:\\\/\\\/secure.gravatar.com\\\/avatar\\\/?s=96&d=mm&r=g\",\"url\":\"https:\\\/\\\/secure.gravatar.com\\\/avatar\\\/?s=96&d=mm&r=g\",\"contentUrl\":\"https:\\\/\\\/secure.gravatar.com\\\/avatar\\\/?s=96&d=mm&r=g\",\"caption\":\"Carlos Montenegro\"},\"url\":\"https:\\\/\\\/www.fcbarcelonanoticias.com\\\/en\\\/carlos-montenegro_20_115.html\"}]}<\/script>\n<!-- \/ Yoast SEO plugin. -->","yoast_head_json":{"title":"What does Bar\u00e7a need to sign? The positions and options for this summer","description":"With La Liga increasingly complicating Bar\u00e7a's plans for the summer, the Bar\u00e7a team needs to organize its priorities and review in depth what the real conditions of each option are.","robots":{"index":"index","follow":"follow","max-snippet":"max-snippet:-1","max-image-preview":"max-image-preview:large","max-video-preview":"max-video-preview:-1"},"canonical":"https:\/\/www.fcbarcelonanoticias.com\/en\/transfers\/what-needs-sign-barcelona-positions-options-this-summer_289878_102.html","og_locale":"en_US","og_type":"article","og_title":"What does Bar\u00e7a need to sign? The positions and options for this summer","og_description":"With La Liga increasingly complicating Bar\u00e7a's plans for the summer, the Bar\u00e7a team needs to organize its priorities and review in depth what the real conditions of each option are.","og_url":"https:\/\/www.fcbarcelonanoticias.com\/en\/transfers\/what-needs-sign-barcelona-positions-options-this-summer_289878_102.html","og_site_name":"EN - FC Barcelona Noticias","article_published_time":"2023-02-22T15:09:00+00:00","article_modified_time":"2023-02-23T00:30:00+00:00","og_image":[{"width":1300,"height":732,"url":"https:\/\/www.fcbarcelonanoticias.com\/en\/wp-content\/uploads\/sites\/2\/2023\/02\/collage-opciones-mercado.jpeg","type":"image\/jpeg"}],"author":"Carlos Montenegro","twitter_card":"summary_large_image","twitter_misc":{"Written by":"Carlos Montenegro","Est. reading time":"5 minutes"},"schema":{"@context":"https:\/\/schema.org","@graph":[{"@type":"Article","@id":"https:\/\/www.fcbarcelonanoticias.com\/en\/transfers\/what-needs-sign-barcelona-positions-options-this-summer_289878_102.html#article","isPartOf":{"@id":"https:\/\/www.fcbarcelonanoticias.com\/en\/transfers\/what-needs-sign-barcelona-positions-options-this-summer_289878_102.html"},"author":{"name":"Carlos Montenegro","@id":"https:\/\/www.fcbarcelonanoticias.com\/en\/#\/schema\/person\/aa1d038709c262cb247e240f6b39bbf5"},"headline":"What does Bar\u00e7a need to sign? The positions and options for this summer","datePublished":"2023-02-22T15:09:00+00:00","dateModified":"2023-02-23T00:30:00+00:00","mainEntityOfPage":{"@id":"https:\/\/www.fcbarcelonanoticias.com\/en\/transfers\/what-needs-sign-barcelona-positions-options-this-summer_289878_102.html"},"wordCount":961,"image":{"@id":"https:\/\/www.fcbarcelonanoticias.com\/en\/transfers\/what-needs-sign-barcelona-positions-options-this-summer_289878_102.html#primaryimage"},"thumbnailUrl":"https:\/\/www.fcbarcelonanoticias.com\/en\/wp-content\/uploads\/sites\/2\/2023\/02\/collage-opciones-mercado.jpeg","keywords":["Manchester City","Real Sociedad","Sergio Busquets","Xavi Hern\u00e1ndez"],"articleSection":["Transfers","Transfers"],"inLanguage":"en-US"},{"@type":"WebPage","@id":"https:\/\/www.fcbarcelonanoticias.com\/en\/transfers\/what-needs-sign-barcelona-positions-options-this-summer_289878_102.html","url":"https:\/\/www.fcbarcelonanoticias.com\/en\/transfers\/what-needs-sign-barcelona-positions-options-this-summer_289878_102.html","name":"What does Bar\u00e7a need to sign? The positions and options for this summer","isPartOf":{"@id":"https:\/\/www.fcbarcelonanoticias.com\/en\/#website"},"primaryImageOfPage":{"@id":"https:\/\/www.fcbarcelonanoticias.com\/en\/transfers\/what-needs-sign-barcelona-positions-options-this-summer_289878_102.html#primaryimage"},"image":{"@id":"https:\/\/www.fcbarcelonanoticias.com\/en\/transfers\/what-needs-sign-barcelona-positions-options-this-summer_289878_102.html#primaryimage"},"thumbnailUrl":"https:\/\/www.fcbarcelonanoticias.com\/en\/wp-content\/uploads\/sites\/2\/2023\/02\/collage-opciones-mercado.jpeg","datePublished":"2023-02-22T15:09:00+00:00","dateModified":"2023-02-23T00:30:00+00:00","author":{"@id":"https:\/\/www.fcbarcelonanoticias.com\/en\/#\/schema\/person\/aa1d038709c262cb247e240f6b39bbf5"},"description":"With La Liga increasingly complicating Bar\u00e7a's plans for the summer, the Bar\u00e7a team needs to organize its priorities and review in depth what the real conditions of each option are.","breadcrumb":{"@id":"https:\/\/www.fcbarcelonanoticias.com\/en\/transfers\/what-needs-sign-barcelona-positions-options-this-summer_289878_102.html#breadcrumb"},"inLanguage":"en-US","potentialAction":[{"@type":"ReadAction","target":["https:\/\/www.fcbarcelonanoticias.com\/en\/transfers\/what-needs-sign-barcelona-positions-options-this-summer_289878_102.html"]}]},{"@type":"ImageObject","inLanguage":"en-US","@id":"https:\/\/www.fcbarcelonanoticias.com\/en\/transfers\/what-needs-sign-barcelona-positions-options-this-summer_289878_102.html#primaryimage","url":"https:\/\/www.fcbarcelonanoticias.com\/en\/wp-content\/uploads\/sites\/2\/2023\/02\/collage-opciones-mercado.jpeg","contentUrl":"https:\/\/www.fcbarcelonanoticias.com\/en\/wp-content\/uploads\/sites\/2\/2023\/02\/collage-opciones-mercado.jpeg","width":1300,"height":732},{"@type":"BreadcrumbList","@id":"https:\/\/www.fcbarcelonanoticias.com\/en\/transfers\/what-needs-sign-barcelona-positions-options-this-summer_289878_102.html#breadcrumb","itemListElement":[{"@type":"ListItem","position":1,"name":"Portada","item":"https:\/\/www.fcbarcelonanoticias.com\/en\/"},{"@type":"ListItem","position":2,"name":"What does Bar\u00e7a need to sign? The positions and options for this summer"}]},{"@type":"WebSite","@id":"https:\/\/www.fcbarcelonanoticias.com\/en\/#website","url":"https:\/\/www.fcbarcelonanoticias.com\/en\/","name":"EN - FC Barcelona Noticias","description":"","potentialAction":[{"@type":"SearchAction","target":{"@type":"EntryPoint","urlTemplate":"https:\/\/www.fcbarcelonanoticias.com\/en\/?s={search_term_string}"},"query-input":{"@type":"PropertyValueSpecification","valueRequired":true,"valueName":"search_term_string"}}],"inLanguage":"en-US"},{"@type":"Person","@id":"https:\/\/www.fcbarcelonanoticias.com\/en\/#\/schema\/person\/aa1d038709c262cb247e240f6b39bbf5","name":"Carlos Montenegro","image":{"@type":"ImageObject","inLanguage":"en-US","@id":"https:\/\/secure.gravatar.com\/avatar\/?s=96&d=mm&r=g","url":"https:\/\/secure.gravatar.com\/avatar\/?s=96&d=mm&r=g","contentUrl":"https:\/\/secure.gravatar.com\/avatar\/?s=96&d=mm&r=g","caption":"Carlos Montenegro"},"url":"https:\/\/www.fcbarcelonanoticias.com\/en\/carlos-montenegro_20_115.html"}]}},"_links":{"self":[{"href":"https:\/\/www.fcbarcelonanoticias.com\/en\/wp-json\/wp\/v2\/posts\/146254","targetHints":{"allow":["GET"]}}],"collection":[{"href":"https:\/\/www.fcbarcelonanoticias.com\/en\/wp-json\/wp\/v2\/posts"}],"about":[{"href":"https:\/\/www.fcbarcelonanoticias.com\/en\/wp-json\/wp\/v2\/types\/post"}],"author":[{"embeddable":true,"href":"https:\/\/www.fcbarcelonanoticias.com\/en\/wp-json\/wp\/v2\/users\/345"}],"replies":[{"embeddable":true,"href":"https:\/\/www.fcbarcelonanoticias.com\/en\/wp-json\/wp\/v2\/comments?post=146254"}],"version-history":[{"count":1,"href":"https:\/\/www.fcbarcelonanoticias.com\/en\/wp-json\/wp\/v2\/posts\/146254\/revisions"}],"predecessor-version":[{"id":156200,"href":"https:\/\/www.fcbarcelonanoticias.com\/en\/wp-json\/wp\/v2\/posts\/146254\/revisions\/156200"}],"wp:featuredmedia":[{"embeddable":true,"href":"https:\/\/www.fcbarcelonanoticias.com\/en\/wp-json\/wp\/v2\/media\/146255"}],"wp:attachment":[{"href":"https:\/\/www.fcbarcelonanoticias.com\/en\/wp-json\/wp\/v2\/media?parent=146254"}],"wp:term":[{"taxonomy":"category","embeddable":true,"href":"https:\/\/www.fcbarcelonanoticias.com\/en\/wp-json\/wp\/v2\/categories?post=146254"},{"taxonomy":"post_tag","embeddable":true,"href":"https:\/\/www.fcbarcelonanoticias.com\/en\/wp-json\/wp\/v2\/tags?post=146254"}],"curies":[{"name":"wp","href":"https:\/\/api.w.org\/{rel}","templated":true}]}}