{"id":146318,"date":"2025-03-21T18:41:00","date_gmt":"2025-03-21T17:41:00","guid":{"rendered":"https:\/\/weisetech.dev\/fc-barcelona-noticias\/en\/what-will-happen-with-christensen-barcelona-plans-to-raise-funds_311643_102\/"},"modified":"2025-03-21T18:41:00","modified_gmt":"2025-03-21T17:41:00","slug":"what-will-happen-with-christensen-barcelona-plans-to-raise-funds_311643_102","status":"publish","type":"post","link":"https:\/\/www.fcbarcelonanoticias.com\/en\/transfers\/what-will-happen-with-christensen-barcelona-plans-to-raise-funds_311643_102.html","title":{"rendered":"The Future of Christensen: What Plans Does Barcelona Have to Raise Funds?"},"content":{"rendered":"<h2 class=\"wp-block-heading\">The Future of Christensen at Bar\u00e7a: What Options Does the Management Have?<\/h2>  \r\n<div class=\"article-addons\">\r\n    <a href=\"https:\/\/www.fcbarcelonanoticias.com\/en\/calendar-fc-barcelona.html\"\r\n       target=\"_self\"\r\n       title=\"Calendar of FC Barcelona\"\r\n       class=\"blue-gredient-btn\">\r\n       \r\n        Calendar of FC Barcelona    <\/a>\r\n<\/div>   <p>FC Barcelona has decided to sell Andreas Christensen in the upcoming transfer window due to his limited playing time and the competition in the squad, without ruling out <a data-external=\"0\" data-intl-links-en=\"https:\/\/www.fcbarcelonanoticias.com\/en\/transfers\/barca-does-not-neglect-the-jonathan-tah-folder-what-is-the-latest-on-the-possible-signing-of-the-german-defender_311559_102.html\" data-intl-links-es=\"https:\/\/www.fcbarcelonanoticias.com\/fichajes\/barca-no-descuida-carpeta-jonathan-tah-que-es-ultimo-se-sabe-posible-fichaje-defensor-aleman_311559_102.html\" href=\"https:\/\/www.fcbarcelonanoticias.com\/en\/transfers\/barca-does-not-neglect-the-jonathan-tah-folder-what-is-the-latest-on-the-possible-signing-of-the-german-defender_311559_102.html\" rel=\"follow\" target=\"_self\" title=\"Barcelona and Jonathan Tah: Will the signing of the German defender materialize?\">the possible arrival of Jonathan Tah<\/a>. The Danish player has market interest in the Premier League, Bundesliga, and Serie A, although so far Bar\u00e7a has not received any concrete offers, due to the prolonged absence of the center-back.<\/p>  <p>His contract expires in 2026, which could make his transfer more accessible. However, missing the entire 2024-25 season due to various injuries does not help the club&#8217;s financial expectations much. <strong>Barcelona hopes to earn between 15 and 20 million euros for Christensen<\/strong>, an amount that so far no team is willing to pay. At least not while the defender does not prove to be fit to play regularly again.<\/p>  <h2>Barcelona&#8217;s Stance on Andreas Christensen&#8217;s Future<\/h2>  <p>However, Barcelona needs to sell Christensen to raise funds and free up spots in their squad, two key factors to facilitate the arrival of other players. Although Hansi Flick values his continuity, <strong><a data-external=\"0\" data-intl-links-en=\"https:\/\/www.fcbarcelonanoticias.com\/en\/fc-barcelona\/barca-loses-ansu-fati-and-christensen-how-long-will-they-be-out_311187_102.html\" data-intl-links-es=\"https:\/\/www.fcbarcelonanoticias.com\/fc-barcelona\/barca-pierde-ansu-fati-christensen-cuanto-tiempo-estaran-fuera_311187_102.html\" href=\"https:\/\/www.fcbarcelonanoticias.com\/en\/fc-barcelona\/barca-loses-ansu-fati-and-christensen-how-long-will-they-be-out_311187_102.html\" rel=\"follow\" target=\"_self\" title=\"Barcelona loses Ansu Fati and Christensen: How long will they be out?\">injuries and competition in defense have limited his participation<\/a><\/strong>. Before accepting any offer, the 28-year-old defender will meet with the management and coaching staff to define his future.<\/p>  <p>And beyond his complicated current situation, Andreas remains a highly valued player by the club. The player from Lillerod arrived at &#8216;zero cost&#8217; in 2022 and has always been willing to help the team, even playing as a pivot last season. <strong>So far, he has scored 4 goals and provided 3 assists in 75 official matches<\/strong>, being an important piece of the team that won LaLiga and the Supercopa de Espa\u00f1a two years ago.<\/p>  <p>Therefore, the club will try to ensure the best for the defender&#8217;s future, negotiating a transfer that satisfies both parties. <strong>Andreas has a contract until 2026 and a release clause of 500 million euros<\/strong>. For now, the clubs that have shown interest in signing him next summer are:<\/p>  <ul> <li> <strong>Newcastle<\/strong>: The &#8216;Magpies&#8217; have shown significant interest in signing Christensen, considering him a priority to strengthen their defense.<\/li> \t<li> <strong>Manchester United<\/strong>: The &#8216;Red Devils&#8217; will go for another &#8216;top&#8217; center-back in the summer, as Leny Yoro has not adapted well in his first season.<\/li> \t<li> <strong>Tottenham<\/strong>: Tottenham has been in the race for Christensen in previous markets, although no recent progress has been reported.<\/li> \t<li> <strong>Juventus<\/strong>: Juventus also plans to strengthen their line of center-backs in the next transfer window. In winter, the &#8216;bianconeri&#8217; had him on their radar, along with Ronald Araujo.<\/li> <\/ul> ","protected":false},"excerpt":{"rendered":"<p>The Future of Christensen at Bar\u00e7a: What Options Does the Management Have? FC Barcelona has decided to sell Andreas Christensen in the upcoming transfer window due to his limited playing time and the competition in the squad, without ruling out the possible arrival of Jonathan Tah. The Danish player has market interest in the Premier [&hellip;]<\/p>\n","protected":false},"author":347,"featured_media":146319,"comment_status":"closed","ping_status":"open","sticky":false,"template":"","format":"standard","meta":{"_acf_changed":false,"inline_featured_image":false,"_nextfly_llmd_date_locked":false,"footnotes":""},"categories":[106,449],"tags":[],"class_list":["post-146318","post","type-post","status-publish","format-standard","has-post-thumbnail","hentry","category-transfers","category-transfers-2"],"acf":[],"yoast_head":"<!-- This site is optimized with the Yoast SEO plugin v27.3 - https:\/\/yoast.com\/product\/yoast-seo-wordpress\/ -->\n<title>What Will Happen with Christensen? Bar\u00e7a&#039;s Plans to Raise Funds.<\/title>\n<meta name=\"description\" content=\"The future of Christensen at Bar\u00e7a is uncertain. What decisions will be made?\" \/>\n<meta name=\"robots\" content=\"index, follow, max-snippet:-1, max-image-preview:large, max-video-preview:-1\" \/>\n<link rel=\"canonical\" href=\"https:\/\/www.fcbarcelonanoticias.com\/en\/transfers\/what-will-happen-with-christensen-barcelona-plans-to-raise-funds_311643_102.html\" \/>\n<meta property=\"og:locale\" content=\"en_US\" \/>\n<meta property=\"og:type\" content=\"article\" \/>\n<meta property=\"og:title\" content=\"What Will Happen with Christensen? Bar\u00e7a&#039;s Plans to Raise Funds.\" \/>\n<meta property=\"og:description\" content=\"The future of Christensen at Bar\u00e7a is uncertain. What decisions will be made?\" \/>\n<meta property=\"og:url\" content=\"https:\/\/www.fcbarcelonanoticias.com\/en\/transfers\/what-will-happen-with-christensen-barcelona-plans-to-raise-funds_311643_102.html\" \/>\n<meta property=\"og:site_name\" content=\"EN - FC Barcelona Noticias\" \/>\n<meta property=\"article:published_time\" content=\"2025-03-21T17:41:00+00:00\" \/>\n<meta property=\"og:image\" content=\"https:\/\/www.fcbarcelonanoticias.com\/en\/wp-content\/uploads\/sites\/2\/2025\/03\/andreas-christensen-fc-barcelona.webp\" \/>\n\t<meta property=\"og:image:width\" content=\"1200\" \/>\n\t<meta property=\"og:image:height\" content=\"675\" \/>\n\t<meta property=\"og:image:type\" content=\"image\/webp\" \/>\n<meta name=\"author\" content=\"Andr\u00e9s Quiroz\" \/>\n<meta name=\"twitter:card\" content=\"summary_large_image\" \/>\n<meta name=\"twitter:label1\" content=\"Written by\" \/>\n\t<meta name=\"twitter:data1\" content=\"Andr\u00e9s Quiroz\" \/>\n\t<meta name=\"twitter:label2\" content=\"Est. reading time\" \/>\n\t<meta name=\"twitter:data2\" content=\"2 minutes\" \/>\n<script type=\"application\/ld+json\" class=\"yoast-schema-graph\">{\"@context\":\"https:\\\/\\\/schema.org\",\"@graph\":[{\"@type\":\"Article\",\"@id\":\"https:\\\/\\\/www.fcbarcelonanoticias.com\\\/en\\\/transfers\\\/what-will-happen-with-christensen-barcelona-plans-to-raise-funds_311643_102.html#article\",\"isPartOf\":{\"@id\":\"https:\\\/\\\/www.fcbarcelonanoticias.com\\\/en\\\/transfers\\\/what-will-happen-with-christensen-barcelona-plans-to-raise-funds_311643_102.html\"},\"author\":{\"name\":\"Andr\u00e9s Quiroz\",\"@id\":\"https:\\\/\\\/www.fcbarcelonanoticias.com\\\/en\\\/#\\\/schema\\\/person\\\/c2cd9f6fa1af5c0d0eccd0fefa575c88\"},\"headline\":\"The Future of Christensen: What Plans Does Barcelona Have to Raise Funds?\",\"datePublished\":\"2025-03-21T17:41:00+00:00\",\"mainEntityOfPage\":{\"@id\":\"https:\\\/\\\/www.fcbarcelonanoticias.com\\\/en\\\/transfers\\\/what-will-happen-with-christensen-barcelona-plans-to-raise-funds_311643_102.html\"},\"wordCount\":435,\"image\":{\"@id\":\"https:\\\/\\\/www.fcbarcelonanoticias.com\\\/en\\\/transfers\\\/what-will-happen-with-christensen-barcelona-plans-to-raise-funds_311643_102.html#primaryimage\"},\"thumbnailUrl\":\"https:\\\/\\\/www.fcbarcelonanoticias.com\\\/en\\\/wp-content\\\/uploads\\\/sites\\\/2\\\/2025\\\/03\\\/andreas-christensen-fc-barcelona.webp\",\"articleSection\":[\"Transfers\",\"Transfers\"],\"inLanguage\":\"en-US\"},{\"@type\":\"WebPage\",\"@id\":\"https:\\\/\\\/www.fcbarcelonanoticias.com\\\/en\\\/transfers\\\/what-will-happen-with-christensen-barcelona-plans-to-raise-funds_311643_102.html\",\"url\":\"https:\\\/\\\/www.fcbarcelonanoticias.com\\\/en\\\/transfers\\\/what-will-happen-with-christensen-barcelona-plans-to-raise-funds_311643_102.html\",\"name\":\"What Will Happen with Christensen? Bar\u00e7a's Plans to Raise Funds.\",\"isPartOf\":{\"@id\":\"https:\\\/\\\/www.fcbarcelonanoticias.com\\\/en\\\/#website\"},\"primaryImageOfPage\":{\"@id\":\"https:\\\/\\\/www.fcbarcelonanoticias.com\\\/en\\\/transfers\\\/what-will-happen-with-christensen-barcelona-plans-to-raise-funds_311643_102.html#primaryimage\"},\"image\":{\"@id\":\"https:\\\/\\\/www.fcbarcelonanoticias.com\\\/en\\\/transfers\\\/what-will-happen-with-christensen-barcelona-plans-to-raise-funds_311643_102.html#primaryimage\"},\"thumbnailUrl\":\"https:\\\/\\\/www.fcbarcelonanoticias.com\\\/en\\\/wp-content\\\/uploads\\\/sites\\\/2\\\/2025\\\/03\\\/andreas-christensen-fc-barcelona.webp\",\"datePublished\":\"2025-03-21T17:41:00+00:00\",\"author\":{\"@id\":\"https:\\\/\\\/www.fcbarcelonanoticias.com\\\/en\\\/#\\\/schema\\\/person\\\/c2cd9f6fa1af5c0d0eccd0fefa575c88\"},\"description\":\"The future of Christensen at Bar\u00e7a is uncertain. What decisions will be made?\",\"breadcrumb\":{\"@id\":\"https:\\\/\\\/www.fcbarcelonanoticias.com\\\/en\\\/transfers\\\/what-will-happen-with-christensen-barcelona-plans-to-raise-funds_311643_102.html#breadcrumb\"},\"inLanguage\":\"en-US\",\"potentialAction\":[{\"@type\":\"ReadAction\",\"target\":[\"https:\\\/\\\/www.fcbarcelonanoticias.com\\\/en\\\/transfers\\\/what-will-happen-with-christensen-barcelona-plans-to-raise-funds_311643_102.html\"]}]},{\"@type\":\"ImageObject\",\"inLanguage\":\"en-US\",\"@id\":\"https:\\\/\\\/www.fcbarcelonanoticias.com\\\/en\\\/transfers\\\/what-will-happen-with-christensen-barcelona-plans-to-raise-funds_311643_102.html#primaryimage\",\"url\":\"https:\\\/\\\/www.fcbarcelonanoticias.com\\\/en\\\/wp-content\\\/uploads\\\/sites\\\/2\\\/2025\\\/03\\\/andreas-christensen-fc-barcelona.webp\",\"contentUrl\":\"https:\\\/\\\/www.fcbarcelonanoticias.com\\\/en\\\/wp-content\\\/uploads\\\/sites\\\/2\\\/2025\\\/03\\\/andreas-christensen-fc-barcelona.webp\",\"width\":1200,\"height\":675},{\"@type\":\"BreadcrumbList\",\"@id\":\"https:\\\/\\\/www.fcbarcelonanoticias.com\\\/en\\\/transfers\\\/what-will-happen-with-christensen-barcelona-plans-to-raise-funds_311643_102.html#breadcrumb\",\"itemListElement\":[{\"@type\":\"ListItem\",\"position\":1,\"name\":\"Portada\",\"item\":\"https:\\\/\\\/www.fcbarcelonanoticias.com\\\/en\\\/\"},{\"@type\":\"ListItem\",\"position\":2,\"name\":\"The Future of Christensen: What Plans Does Barcelona Have to Raise Funds?\"}]},{\"@type\":\"WebSite\",\"@id\":\"https:\\\/\\\/www.fcbarcelonanoticias.com\\\/en\\\/#website\",\"url\":\"https:\\\/\\\/www.fcbarcelonanoticias.com\\\/en\\\/\",\"name\":\"EN - FC Barcelona Noticias\",\"description\":\"\",\"potentialAction\":[{\"@type\":\"SearchAction\",\"target\":{\"@type\":\"EntryPoint\",\"urlTemplate\":\"https:\\\/\\\/www.fcbarcelonanoticias.com\\\/en\\\/?s={search_term_string}\"},\"query-input\":{\"@type\":\"PropertyValueSpecification\",\"valueRequired\":true,\"valueName\":\"search_term_string\"}}],\"inLanguage\":\"en-US\"},{\"@type\":\"Person\",\"@id\":\"https:\\\/\\\/www.fcbarcelonanoticias.com\\\/en\\\/#\\\/schema\\\/person\\\/c2cd9f6fa1af5c0d0eccd0fefa575c88\",\"name\":\"Andr\u00e9s Quiroz\",\"image\":{\"@type\":\"ImageObject\",\"inLanguage\":\"en-US\",\"@id\":\"https:\\\/\\\/secure.gravatar.com\\\/avatar\\\/?s=96&d=mm&r=g\",\"url\":\"https:\\\/\\\/secure.gravatar.com\\\/avatar\\\/?s=96&d=mm&r=g\",\"contentUrl\":\"https:\\\/\\\/secure.gravatar.com\\\/avatar\\\/?s=96&d=mm&r=g\",\"caption\":\"Andr\u00e9s Quiroz\"},\"description\":\"Licenciado en Periodismo por la Universidad de los Andes. Me encargo de analizar y compartir los contenidos m\u00e1s destacados de la\u00a0actualidad del F\u00fatbol Club Barcelona, Mercado de Fichajes y F\u00fatbol Internacional en FCBN. La informaci\u00f3n es poder, pero tambi\u00e9n conocimiento.\",\"url\":\"https:\\\/\\\/www.fcbarcelonanoticias.com\\\/en\\\/fc-barcelona\\\/andres-quiroz_17_115.html\"}]}<\/script>\n<!-- \/ Yoast SEO plugin. -->","yoast_head_json":{"title":"What Will Happen with Christensen? Bar\u00e7a's Plans to Raise Funds.","description":"The future of Christensen at Bar\u00e7a is uncertain. What decisions will be made?","robots":{"index":"index","follow":"follow","max-snippet":"max-snippet:-1","max-image-preview":"max-image-preview:large","max-video-preview":"max-video-preview:-1"},"canonical":"https:\/\/www.fcbarcelonanoticias.com\/en\/transfers\/what-will-happen-with-christensen-barcelona-plans-to-raise-funds_311643_102.html","og_locale":"en_US","og_type":"article","og_title":"What Will Happen with Christensen? Bar\u00e7a's Plans to Raise Funds.","og_description":"The future of Christensen at Bar\u00e7a is uncertain. What decisions will be made?","og_url":"https:\/\/www.fcbarcelonanoticias.com\/en\/transfers\/what-will-happen-with-christensen-barcelona-plans-to-raise-funds_311643_102.html","og_site_name":"EN - FC Barcelona Noticias","article_published_time":"2025-03-21T17:41:00+00:00","og_image":[{"width":1200,"height":675,"url":"https:\/\/www.fcbarcelonanoticias.com\/en\/wp-content\/uploads\/sites\/2\/2025\/03\/andreas-christensen-fc-barcelona.webp","type":"image\/webp"}],"author":"Andr\u00e9s Quiroz","twitter_card":"summary_large_image","twitter_misc":{"Written by":"Andr\u00e9s Quiroz","Est. reading time":"2 minutes"},"schema":{"@context":"https:\/\/schema.org","@graph":[{"@type":"Article","@id":"https:\/\/www.fcbarcelonanoticias.com\/en\/transfers\/what-will-happen-with-christensen-barcelona-plans-to-raise-funds_311643_102.html#article","isPartOf":{"@id":"https:\/\/www.fcbarcelonanoticias.com\/en\/transfers\/what-will-happen-with-christensen-barcelona-plans-to-raise-funds_311643_102.html"},"author":{"name":"Andr\u00e9s Quiroz","@id":"https:\/\/www.fcbarcelonanoticias.com\/en\/#\/schema\/person\/c2cd9f6fa1af5c0d0eccd0fefa575c88"},"headline":"The Future of Christensen: What Plans Does Barcelona Have to Raise Funds?","datePublished":"2025-03-21T17:41:00+00:00","mainEntityOfPage":{"@id":"https:\/\/www.fcbarcelonanoticias.com\/en\/transfers\/what-will-happen-with-christensen-barcelona-plans-to-raise-funds_311643_102.html"},"wordCount":435,"image":{"@id":"https:\/\/www.fcbarcelonanoticias.com\/en\/transfers\/what-will-happen-with-christensen-barcelona-plans-to-raise-funds_311643_102.html#primaryimage"},"thumbnailUrl":"https:\/\/www.fcbarcelonanoticias.com\/en\/wp-content\/uploads\/sites\/2\/2025\/03\/andreas-christensen-fc-barcelona.webp","articleSection":["Transfers","Transfers"],"inLanguage":"en-US"},{"@type":"WebPage","@id":"https:\/\/www.fcbarcelonanoticias.com\/en\/transfers\/what-will-happen-with-christensen-barcelona-plans-to-raise-funds_311643_102.html","url":"https:\/\/www.fcbarcelonanoticias.com\/en\/transfers\/what-will-happen-with-christensen-barcelona-plans-to-raise-funds_311643_102.html","name":"What Will Happen with Christensen? Bar\u00e7a's Plans to Raise Funds.","isPartOf":{"@id":"https:\/\/www.fcbarcelonanoticias.com\/en\/#website"},"primaryImageOfPage":{"@id":"https:\/\/www.fcbarcelonanoticias.com\/en\/transfers\/what-will-happen-with-christensen-barcelona-plans-to-raise-funds_311643_102.html#primaryimage"},"image":{"@id":"https:\/\/www.fcbarcelonanoticias.com\/en\/transfers\/what-will-happen-with-christensen-barcelona-plans-to-raise-funds_311643_102.html#primaryimage"},"thumbnailUrl":"https:\/\/www.fcbarcelonanoticias.com\/en\/wp-content\/uploads\/sites\/2\/2025\/03\/andreas-christensen-fc-barcelona.webp","datePublished":"2025-03-21T17:41:00+00:00","author":{"@id":"https:\/\/www.fcbarcelonanoticias.com\/en\/#\/schema\/person\/c2cd9f6fa1af5c0d0eccd0fefa575c88"},"description":"The future of Christensen at Bar\u00e7a is uncertain. What decisions will be made?","breadcrumb":{"@id":"https:\/\/www.fcbarcelonanoticias.com\/en\/transfers\/what-will-happen-with-christensen-barcelona-plans-to-raise-funds_311643_102.html#breadcrumb"},"inLanguage":"en-US","potentialAction":[{"@type":"ReadAction","target":["https:\/\/www.fcbarcelonanoticias.com\/en\/transfers\/what-will-happen-with-christensen-barcelona-plans-to-raise-funds_311643_102.html"]}]},{"@type":"ImageObject","inLanguage":"en-US","@id":"https:\/\/www.fcbarcelonanoticias.com\/en\/transfers\/what-will-happen-with-christensen-barcelona-plans-to-raise-funds_311643_102.html#primaryimage","url":"https:\/\/www.fcbarcelonanoticias.com\/en\/wp-content\/uploads\/sites\/2\/2025\/03\/andreas-christensen-fc-barcelona.webp","contentUrl":"https:\/\/www.fcbarcelonanoticias.com\/en\/wp-content\/uploads\/sites\/2\/2025\/03\/andreas-christensen-fc-barcelona.webp","width":1200,"height":675},{"@type":"BreadcrumbList","@id":"https:\/\/www.fcbarcelonanoticias.com\/en\/transfers\/what-will-happen-with-christensen-barcelona-plans-to-raise-funds_311643_102.html#breadcrumb","itemListElement":[{"@type":"ListItem","position":1,"name":"Portada","item":"https:\/\/www.fcbarcelonanoticias.com\/en\/"},{"@type":"ListItem","position":2,"name":"The Future of Christensen: What Plans Does Barcelona Have to Raise Funds?"}]},{"@type":"WebSite","@id":"https:\/\/www.fcbarcelonanoticias.com\/en\/#website","url":"https:\/\/www.fcbarcelonanoticias.com\/en\/","name":"EN - FC Barcelona Noticias","description":"","potentialAction":[{"@type":"SearchAction","target":{"@type":"EntryPoint","urlTemplate":"https:\/\/www.fcbarcelonanoticias.com\/en\/?s={search_term_string}"},"query-input":{"@type":"PropertyValueSpecification","valueRequired":true,"valueName":"search_term_string"}}],"inLanguage":"en-US"},{"@type":"Person","@id":"https:\/\/www.fcbarcelonanoticias.com\/en\/#\/schema\/person\/c2cd9f6fa1af5c0d0eccd0fefa575c88","name":"Andr\u00e9s Quiroz","image":{"@type":"ImageObject","inLanguage":"en-US","@id":"https:\/\/secure.gravatar.com\/avatar\/?s=96&d=mm&r=g","url":"https:\/\/secure.gravatar.com\/avatar\/?s=96&d=mm&r=g","contentUrl":"https:\/\/secure.gravatar.com\/avatar\/?s=96&d=mm&r=g","caption":"Andr\u00e9s Quiroz"},"description":"Licenciado en Periodismo por la Universidad de los Andes. Me encargo de analizar y compartir los contenidos m\u00e1s destacados de la\u00a0actualidad del F\u00fatbol Club Barcelona, Mercado de Fichajes y F\u00fatbol Internacional en FCBN. La informaci\u00f3n es poder, pero tambi\u00e9n conocimiento.","url":"https:\/\/www.fcbarcelonanoticias.com\/en\/fc-barcelona\/andres-quiroz_17_115.html"}]}},"_links":{"self":[{"href":"https:\/\/www.fcbarcelonanoticias.com\/en\/wp-json\/wp\/v2\/posts\/146318","targetHints":{"allow":["GET"]}}],"collection":[{"href":"https:\/\/www.fcbarcelonanoticias.com\/en\/wp-json\/wp\/v2\/posts"}],"about":[{"href":"https:\/\/www.fcbarcelonanoticias.com\/en\/wp-json\/wp\/v2\/types\/post"}],"author":[{"embeddable":true,"href":"https:\/\/www.fcbarcelonanoticias.com\/en\/wp-json\/wp\/v2\/users\/347"}],"replies":[{"embeddable":true,"href":"https:\/\/www.fcbarcelonanoticias.com\/en\/wp-json\/wp\/v2\/comments?post=146318"}],"version-history":[{"count":1,"href":"https:\/\/www.fcbarcelonanoticias.com\/en\/wp-json\/wp\/v2\/posts\/146318\/revisions"}],"predecessor-version":[{"id":156216,"href":"https:\/\/www.fcbarcelonanoticias.com\/en\/wp-json\/wp\/v2\/posts\/146318\/revisions\/156216"}],"wp:featuredmedia":[{"embeddable":true,"href":"https:\/\/www.fcbarcelonanoticias.com\/en\/wp-json\/wp\/v2\/media\/146319"}],"wp:attachment":[{"href":"https:\/\/www.fcbarcelonanoticias.com\/en\/wp-json\/wp\/v2\/media?parent=146318"}],"wp:term":[{"taxonomy":"category","embeddable":true,"href":"https:\/\/www.fcbarcelonanoticias.com\/en\/wp-json\/wp\/v2\/categories?post=146318"},{"taxonomy":"post_tag","embeddable":true,"href":"https:\/\/www.fcbarcelonanoticias.com\/en\/wp-json\/wp\/v2\/tags?post=146318"}],"curies":[{"name":"wp","href":"https:\/\/api.w.org\/{rel}","templated":true}]}}