{"id":146378,"date":"2025-11-08T22:58:00","date_gmt":"2025-11-08T21:58:00","guid":{"rendered":"https:\/\/weisetech.dev\/fc-barcelona-noticias\/en\/will-barca-sign-in-january-the-board-makes-decision_315220_102\/"},"modified":"2025-11-08T22:58:00","modified_gmt":"2025-11-08T21:58:00","slug":"will-barca-sign-in-january-the-board-makes-decision_315220_102","status":"publish","type":"post","link":"https:\/\/www.fcbarcelonanoticias.com\/en\/transfers\/will-barca-sign-in-january-the-board-makes-decision_315220_102.html","title":{"rendered":"Barcelona defines its roadmap for the winter market"},"content":{"rendered":"<h2 class=\"wp-block-heading\">Deco revealed Bar\u00e7a&#8217;s plans for the upcoming winter transfer window. Although injuries have greatly complicated things for Hansi Flick&#8217;s team, the club is not planning to sign anyone in January for now<\/h2>  \r\n<div class=\"article-addons\">\r\n    <a href=\"https:\/\/www.fcbarcelonanoticias.com\/en\/calendar-fc-barcelona.html\"\r\n       target=\"_self\"\r\n       title=\"Calendar of FC Barcelona\"\r\n       class=\"blue-gredient-btn\">\r\n       \r\n        Calendar of FC Barcelona    <\/a>\r\n<\/div>   <p><strong>FC Barcelona<\/strong> expects to approach the next winter transfer window with financial normality for the first time since 2020. The club&#8217;s return to the <a data-external=\"0\" data-intl-links-en=\"https:\/\/www.fcbarcelonanoticias.com\/en\/fc-barcelona\/barca-returns-new-camp-nou-900-days-later_315211_102.html\" data-intl-links-es=\"https:\/\/www.fcbarcelonanoticias.com\/fc-barcelona\/dia-historico-barca-regreso-camp-nou-900-dias-despues_315211_102.html\" href=\"https:\/\/www.fcbarcelonanoticias.com\/en\/fc-barcelona\/barca-returns-new-camp-nou-900-days-later_315211_102.html\" rel=\"follow\" target=\"_self\" title=\"D\u00eda hist\u00f3rico para los cul\u00e9s: regreso al nuevo Camp Nou 900 d\u00edas despu\u00e9s\">Spotify Camp Nou<\/a> will allow a return to the 1:1 rule and, with it, there would be no &#8216;Fair Play&#8217; restrictions on investing in reinforcements. However, the board, for now, is not thinking about reinforcements for January<\/p>  <p>In an interview for &#8216;Catalunya R\u00e0dio&#8217;, <strong>Anderson de Souza<\/strong>, <strong>Deco<\/strong>, made clear the Blaugrana roadmap for the upcoming transfer window. Bar\u00e7a has been severely punished by injuries in the first three months of 25\/26, but both the board and the coaching staff maintain full confidence in the depth of the <a data-external=\"0\" data-intl-links-en=\"https:\/\/www.fcbarcelonanoticias.com\/en\/fc-barcelona-squad.html\" data-intl-links-es=\"https:\/\/www.fcbarcelonanoticias.com\/jugadores-fcbarcelona.html\" href=\"https:\/\/www.fcbarcelonanoticias.com\/en\/fc-barcelona-squad.html\" rel=\"follow\" target=\"_self\" title=\"FC Barcelona Squad 2025-26\">squad<\/a> to go for all titles in play in 2026<\/p>  <h2>Bar\u00e7a, for now, is not working on signings for January<\/h2>  <p>&#8220;**If we are fine and there are no surprises, I don&#8217;t think it&#8217;s necessary**,&#8221; began the Barcelona sporting director. The forward line has been the most affected by injuries, as Marcus Rashford has been the only Bar\u00e7a attacker, for now, free of injuries this season.In this regard, Deco avoided referring to a specific position to strengthen next year. Signing a &#8216;9&#8217; will be a priority if Robert Lewandowski leaves in June, but for now, there is no urgency regarding this matter&#8221;<strong>We know perfectly well where we can improve and what difficulties we have<\/strong>. Last season we also went through moments of some difficulty and we were able to overcome it,&#8221; added the Bar\u00e7a executive.<\/p>  <p>The last winter transfer window with significant moves at Barcelona was in 2022, with Xavi Hern\u00e1ndez having recently taken over the dugout. In that window, <strong>Ferran Torres<\/strong>, <strong>Aubameyang<\/strong>, <strong>Adama Traor\u00e9<\/strong>, and <strong>Dani Alves<\/strong> arrived, while <a data-external=\"0\" data-intl-links-en=\"https:\/\/www.fcbarcelonanoticias.com\/en\/laliga\/this-is-how-inaki-pena-and-hector-fort-return-to-montjuic-went_315180_102.html\" data-intl-links-es=\"https:\/\/www.fcbarcelonanoticias.com\/laliga\/inaki-pena-hector-fort-asi-fue-regreso-montjuic-cedidos-por-barca_315180_102.html\" href=\"https:\/\/www.fcbarcelonanoticias.com\/en\/laliga\/this-is-how-inaki-pena-and-hector-fort-return-to-montjuic-went_315180_102.html\" rel=\"follow\" target=\"_self\" title=\"I\u00f1aki Pe\u00f1a y H\u00e9ctor Fort: as\u00ed fue el regreso a Montju\u00efc de los cedidos por el Bar\u00e7a\">I\u00f1aki Pe\u00f1a<\/a> went on loan to Galatasaray<\/p>  <h2>Full confidence in Flick and the squad to overcome the slump of the last month<\/h2>  <p>With the upcoming winter transfer window in mind, the defense could be considered the priority line to reinforce. Bar\u00e7a has conceded 16 goals in the last 9 matches and both **Jules Kound\u00e9 and Alejandro Balde**, at present, do not have reliable replacements, although Hansi Flick does have confidence in them (**Eric Garc\u00eda and Gerard Mart\u00edn**).<\/p>  <p>Regarding this, Deco agrees with the manager&#8217;s assessment that, more than the style or manner of defending, the lack of intensity in line-by-line pressing is the key to defensive fragility.&nbsp; Therefore, rather than thinking about reinforcements, the idea is to focus on recovering the <a data-external=\"0\" data-intl-links-en=\"https:\/\/www.fcbarcelonanoticias.com\/en\/laliga\/injured-this-is-barcelona-infirmary-ahead-of-celta_315215_102.html\" data-intl-links-es=\"https:\/\/www.fcbarcelonanoticias.com\/laliga\/lesionados-asi-esta-enfermeria-barcelona-celta_315215_102.html\" href=\"https:\/\/www.fcbarcelonanoticias.com\/en\/laliga\/injured-this-is-barcelona-infirmary-ahead-of-celta_315215_102.html\" rel=\"follow\" target=\"_self\" title=\"INJURED: This is Barcelona's infirmary ahead of Celta\">injured players<\/a> and making any necessary improvements.<\/p>  <p>&#8220;When we lower the intensity, we suffer. We need to have the best players. There are no excuses, but when you can&#8217;t make changes due to injuries and they condition our midfield\u2026 There are things to improve even when winning,&#8221; the Barcelona sporting director pointed out.<\/p>  <ul> <li><strong>\ud83d\udc49Don&#8217;t miss the latest FC Barcelona and LaLiga market rumors in our &nbsp;<a data-external=\"0\" data-intl-links-en=\"https:\/\/www.fcbarcelonanoticias.com\/en\/transfers\" data-intl-links-es=\"https:\/\/www.fcbarcelonanoticias.com\/fichajes\" href=\"https:\/\/www.fcbarcelonanoticias.com\/en\/fc-barcelona\/transfers.html\" rel=\"follow\" target=\"_self\" title=\"Fichajes\">TRANSFERS<\/a> section.<\/strong><\/li> <\/ul> ","protected":false},"excerpt":{"rendered":"<p>Deco revealed Bar\u00e7a&#8217;s plans for the upcoming winter transfer window. Although injuries have greatly complicated things for Hansi Flick&#8217;s team, the club is not planning to sign anyone in January for now FC Barcelona expects to approach the next winter transfer window with financial normality for the first time since 2020. The club&#8217;s return to [&hellip;]<\/p>\n","protected":false},"author":347,"featured_media":146379,"comment_status":"closed","ping_status":"open","sticky":false,"template":"","format":"standard","meta":{"_acf_changed":false,"inline_featured_image":false,"_nextfly_llmd_date_locked":false,"footnotes":""},"categories":[449,106],"tags":[335,87,158,261],"class_list":["post-146378","post","type-post","status-publish","format-standard","has-post-thumbnail","hentry","category-transfers-2","category-transfers","tag-deco","tag-hansi-flick","tag-joan-laporta","tag-football-transfer-rumors"],"acf":[],"yoast_head":"<!-- This site is optimized with the Yoast SEO plugin v27.3 - https:\/\/yoast.com\/product\/yoast-seo-wordpress\/ -->\n<title>Will Bar\u00e7a sign in January? The board makes a decision<\/title>\n<meta name=\"description\" content=\"Deco revealed Bar\u00e7a&#039;s plans for the upcoming winter transfer window. The board, for now, ratifies its confidence in the squad and the coaching staff\" \/>\n<meta name=\"robots\" content=\"index, follow, max-snippet:-1, max-image-preview:large, max-video-preview:-1\" \/>\n<link rel=\"canonical\" href=\"https:\/\/www.fcbarcelonanoticias.com\/en\/transfers\/will-barca-sign-in-january-the-board-makes-decision_315220_102.html\" \/>\n<meta property=\"og:locale\" content=\"en_US\" \/>\n<meta property=\"og:type\" content=\"article\" \/>\n<meta property=\"og:title\" content=\"Will Bar\u00e7a sign in January? The board makes a decision\" \/>\n<meta property=\"og:description\" content=\"Deco revealed Bar\u00e7a&#039;s plans for the upcoming winter transfer window. The board, for now, ratifies its confidence in the squad and the coaching staff\" \/>\n<meta property=\"og:url\" content=\"https:\/\/www.fcbarcelonanoticias.com\/en\/transfers\/will-barca-sign-in-january-the-board-makes-decision_315220_102.html\" \/>\n<meta property=\"og:site_name\" content=\"EN - FC Barcelona Noticias\" \/>\n<meta property=\"article:published_time\" content=\"2025-11-08T21:58:00+00:00\" \/>\n<meta property=\"og:image\" content=\"https:\/\/www.fcbarcelonanoticias.com\/en\/wp-content\/uploads\/sites\/2\/2025\/11\/directiva-fc-barcelona-25-26.webp\" \/>\n\t<meta property=\"og:image:width\" content=\"1200\" \/>\n\t<meta property=\"og:image:height\" content=\"675\" \/>\n\t<meta property=\"og:image:type\" content=\"image\/webp\" \/>\n<meta name=\"author\" content=\"Andr\u00e9s Quiroz\" \/>\n<meta name=\"twitter:card\" content=\"summary_large_image\" \/>\n<meta name=\"twitter:label1\" content=\"Written by\" \/>\n\t<meta name=\"twitter:data1\" content=\"Andr\u00e9s Quiroz\" \/>\n\t<meta name=\"twitter:label2\" content=\"Est. reading time\" \/>\n\t<meta name=\"twitter:data2\" content=\"3 minutes\" \/>\n<script type=\"application\/ld+json\" class=\"yoast-schema-graph\">{\"@context\":\"https:\\\/\\\/schema.org\",\"@graph\":[{\"@type\":\"Article\",\"@id\":\"https:\\\/\\\/www.fcbarcelonanoticias.com\\\/en\\\/transfers\\\/will-barca-sign-in-january-the-board-makes-decision_315220_102.html#article\",\"isPartOf\":{\"@id\":\"https:\\\/\\\/www.fcbarcelonanoticias.com\\\/en\\\/transfers\\\/will-barca-sign-in-january-the-board-makes-decision_315220_102.html\"},\"author\":{\"name\":\"Andr\u00e9s Quiroz\",\"@id\":\"https:\\\/\\\/www.fcbarcelonanoticias.com\\\/en\\\/#\\\/schema\\\/person\\\/c2cd9f6fa1af5c0d0eccd0fefa575c88\"},\"headline\":\"Barcelona defines its roadmap for the winter market\",\"datePublished\":\"2025-11-08T21:58:00+00:00\",\"mainEntityOfPage\":{\"@id\":\"https:\\\/\\\/www.fcbarcelonanoticias.com\\\/en\\\/transfers\\\/will-barca-sign-in-january-the-board-makes-decision_315220_102.html\"},\"wordCount\":524,\"image\":{\"@id\":\"https:\\\/\\\/www.fcbarcelonanoticias.com\\\/en\\\/transfers\\\/will-barca-sign-in-january-the-board-makes-decision_315220_102.html#primaryimage\"},\"thumbnailUrl\":\"https:\\\/\\\/www.fcbarcelonanoticias.com\\\/en\\\/wp-content\\\/uploads\\\/sites\\\/2\\\/2025\\\/11\\\/directiva-fc-barcelona-25-26.webp\",\"keywords\":[\"Deco\",\"Hansi Flick\",\"Joan Laporta\",\"Transfer Rumors\"],\"articleSection\":[\"Transfers\",\"Transfers\"],\"inLanguage\":\"en-US\"},{\"@type\":\"WebPage\",\"@id\":\"https:\\\/\\\/www.fcbarcelonanoticias.com\\\/en\\\/transfers\\\/will-barca-sign-in-january-the-board-makes-decision_315220_102.html\",\"url\":\"https:\\\/\\\/www.fcbarcelonanoticias.com\\\/en\\\/transfers\\\/will-barca-sign-in-january-the-board-makes-decision_315220_102.html\",\"name\":\"Will Bar\u00e7a sign in January? The board makes a decision\",\"isPartOf\":{\"@id\":\"https:\\\/\\\/www.fcbarcelonanoticias.com\\\/en\\\/#website\"},\"primaryImageOfPage\":{\"@id\":\"https:\\\/\\\/www.fcbarcelonanoticias.com\\\/en\\\/transfers\\\/will-barca-sign-in-january-the-board-makes-decision_315220_102.html#primaryimage\"},\"image\":{\"@id\":\"https:\\\/\\\/www.fcbarcelonanoticias.com\\\/en\\\/transfers\\\/will-barca-sign-in-january-the-board-makes-decision_315220_102.html#primaryimage\"},\"thumbnailUrl\":\"https:\\\/\\\/www.fcbarcelonanoticias.com\\\/en\\\/wp-content\\\/uploads\\\/sites\\\/2\\\/2025\\\/11\\\/directiva-fc-barcelona-25-26.webp\",\"datePublished\":\"2025-11-08T21:58:00+00:00\",\"author\":{\"@id\":\"https:\\\/\\\/www.fcbarcelonanoticias.com\\\/en\\\/#\\\/schema\\\/person\\\/c2cd9f6fa1af5c0d0eccd0fefa575c88\"},\"description\":\"Deco revealed Bar\u00e7a's plans for the upcoming winter transfer window. The board, for now, ratifies its confidence in the squad and the coaching staff\",\"breadcrumb\":{\"@id\":\"https:\\\/\\\/www.fcbarcelonanoticias.com\\\/en\\\/transfers\\\/will-barca-sign-in-january-the-board-makes-decision_315220_102.html#breadcrumb\"},\"inLanguage\":\"en-US\",\"potentialAction\":[{\"@type\":\"ReadAction\",\"target\":[\"https:\\\/\\\/www.fcbarcelonanoticias.com\\\/en\\\/transfers\\\/will-barca-sign-in-january-the-board-makes-decision_315220_102.html\"]}]},{\"@type\":\"ImageObject\",\"inLanguage\":\"en-US\",\"@id\":\"https:\\\/\\\/www.fcbarcelonanoticias.com\\\/en\\\/transfers\\\/will-barca-sign-in-january-the-board-makes-decision_315220_102.html#primaryimage\",\"url\":\"https:\\\/\\\/www.fcbarcelonanoticias.com\\\/en\\\/wp-content\\\/uploads\\\/sites\\\/2\\\/2025\\\/11\\\/directiva-fc-barcelona-25-26.webp\",\"contentUrl\":\"https:\\\/\\\/www.fcbarcelonanoticias.com\\\/en\\\/wp-content\\\/uploads\\\/sites\\\/2\\\/2025\\\/11\\\/directiva-fc-barcelona-25-26.webp\",\"width\":1200,\"height\":675},{\"@type\":\"BreadcrumbList\",\"@id\":\"https:\\\/\\\/www.fcbarcelonanoticias.com\\\/en\\\/transfers\\\/will-barca-sign-in-january-the-board-makes-decision_315220_102.html#breadcrumb\",\"itemListElement\":[{\"@type\":\"ListItem\",\"position\":1,\"name\":\"Portada\",\"item\":\"https:\\\/\\\/www.fcbarcelonanoticias.com\\\/en\\\/\"},{\"@type\":\"ListItem\",\"position\":2,\"name\":\"Barcelona defines its roadmap for the winter market\"}]},{\"@type\":\"WebSite\",\"@id\":\"https:\\\/\\\/www.fcbarcelonanoticias.com\\\/en\\\/#website\",\"url\":\"https:\\\/\\\/www.fcbarcelonanoticias.com\\\/en\\\/\",\"name\":\"EN - FC Barcelona Noticias\",\"description\":\"\",\"potentialAction\":[{\"@type\":\"SearchAction\",\"target\":{\"@type\":\"EntryPoint\",\"urlTemplate\":\"https:\\\/\\\/www.fcbarcelonanoticias.com\\\/en\\\/?s={search_term_string}\"},\"query-input\":{\"@type\":\"PropertyValueSpecification\",\"valueRequired\":true,\"valueName\":\"search_term_string\"}}],\"inLanguage\":\"en-US\"},{\"@type\":\"Person\",\"@id\":\"https:\\\/\\\/www.fcbarcelonanoticias.com\\\/en\\\/#\\\/schema\\\/person\\\/c2cd9f6fa1af5c0d0eccd0fefa575c88\",\"name\":\"Andr\u00e9s Quiroz\",\"image\":{\"@type\":\"ImageObject\",\"inLanguage\":\"en-US\",\"@id\":\"https:\\\/\\\/secure.gravatar.com\\\/avatar\\\/?s=96&d=mm&r=g\",\"url\":\"https:\\\/\\\/secure.gravatar.com\\\/avatar\\\/?s=96&d=mm&r=g\",\"contentUrl\":\"https:\\\/\\\/secure.gravatar.com\\\/avatar\\\/?s=96&d=mm&r=g\",\"caption\":\"Andr\u00e9s Quiroz\"},\"description\":\"Licenciado en Periodismo por la Universidad de los Andes. Me encargo de analizar y compartir los contenidos m\u00e1s destacados de la\u00a0actualidad del F\u00fatbol Club Barcelona, Mercado de Fichajes y F\u00fatbol Internacional en FCBN. La informaci\u00f3n es poder, pero tambi\u00e9n conocimiento.\",\"url\":\"https:\\\/\\\/www.fcbarcelonanoticias.com\\\/en\\\/fc-barcelona\\\/andres-quiroz_17_115.html\"}]}<\/script>\n<!-- \/ Yoast SEO plugin. -->","yoast_head_json":{"title":"Will Bar\u00e7a sign in January? The board makes a decision","description":"Deco revealed Bar\u00e7a's plans for the upcoming winter transfer window. The board, for now, ratifies its confidence in the squad and the coaching staff","robots":{"index":"index","follow":"follow","max-snippet":"max-snippet:-1","max-image-preview":"max-image-preview:large","max-video-preview":"max-video-preview:-1"},"canonical":"https:\/\/www.fcbarcelonanoticias.com\/en\/transfers\/will-barca-sign-in-january-the-board-makes-decision_315220_102.html","og_locale":"en_US","og_type":"article","og_title":"Will Bar\u00e7a sign in January? The board makes a decision","og_description":"Deco revealed Bar\u00e7a's plans for the upcoming winter transfer window. The board, for now, ratifies its confidence in the squad and the coaching staff","og_url":"https:\/\/www.fcbarcelonanoticias.com\/en\/transfers\/will-barca-sign-in-january-the-board-makes-decision_315220_102.html","og_site_name":"EN - FC Barcelona Noticias","article_published_time":"2025-11-08T21:58:00+00:00","og_image":[{"width":1200,"height":675,"url":"https:\/\/www.fcbarcelonanoticias.com\/en\/wp-content\/uploads\/sites\/2\/2025\/11\/directiva-fc-barcelona-25-26.webp","type":"image\/webp"}],"author":"Andr\u00e9s Quiroz","twitter_card":"summary_large_image","twitter_misc":{"Written by":"Andr\u00e9s Quiroz","Est. reading time":"3 minutes"},"schema":{"@context":"https:\/\/schema.org","@graph":[{"@type":"Article","@id":"https:\/\/www.fcbarcelonanoticias.com\/en\/transfers\/will-barca-sign-in-january-the-board-makes-decision_315220_102.html#article","isPartOf":{"@id":"https:\/\/www.fcbarcelonanoticias.com\/en\/transfers\/will-barca-sign-in-january-the-board-makes-decision_315220_102.html"},"author":{"name":"Andr\u00e9s Quiroz","@id":"https:\/\/www.fcbarcelonanoticias.com\/en\/#\/schema\/person\/c2cd9f6fa1af5c0d0eccd0fefa575c88"},"headline":"Barcelona defines its roadmap for the winter market","datePublished":"2025-11-08T21:58:00+00:00","mainEntityOfPage":{"@id":"https:\/\/www.fcbarcelonanoticias.com\/en\/transfers\/will-barca-sign-in-january-the-board-makes-decision_315220_102.html"},"wordCount":524,"image":{"@id":"https:\/\/www.fcbarcelonanoticias.com\/en\/transfers\/will-barca-sign-in-january-the-board-makes-decision_315220_102.html#primaryimage"},"thumbnailUrl":"https:\/\/www.fcbarcelonanoticias.com\/en\/wp-content\/uploads\/sites\/2\/2025\/11\/directiva-fc-barcelona-25-26.webp","keywords":["Deco","Hansi Flick","Joan Laporta","Transfer Rumors"],"articleSection":["Transfers","Transfers"],"inLanguage":"en-US"},{"@type":"WebPage","@id":"https:\/\/www.fcbarcelonanoticias.com\/en\/transfers\/will-barca-sign-in-january-the-board-makes-decision_315220_102.html","url":"https:\/\/www.fcbarcelonanoticias.com\/en\/transfers\/will-barca-sign-in-january-the-board-makes-decision_315220_102.html","name":"Will Bar\u00e7a sign in January? The board makes a decision","isPartOf":{"@id":"https:\/\/www.fcbarcelonanoticias.com\/en\/#website"},"primaryImageOfPage":{"@id":"https:\/\/www.fcbarcelonanoticias.com\/en\/transfers\/will-barca-sign-in-january-the-board-makes-decision_315220_102.html#primaryimage"},"image":{"@id":"https:\/\/www.fcbarcelonanoticias.com\/en\/transfers\/will-barca-sign-in-january-the-board-makes-decision_315220_102.html#primaryimage"},"thumbnailUrl":"https:\/\/www.fcbarcelonanoticias.com\/en\/wp-content\/uploads\/sites\/2\/2025\/11\/directiva-fc-barcelona-25-26.webp","datePublished":"2025-11-08T21:58:00+00:00","author":{"@id":"https:\/\/www.fcbarcelonanoticias.com\/en\/#\/schema\/person\/c2cd9f6fa1af5c0d0eccd0fefa575c88"},"description":"Deco revealed Bar\u00e7a's plans for the upcoming winter transfer window. The board, for now, ratifies its confidence in the squad and the coaching staff","breadcrumb":{"@id":"https:\/\/www.fcbarcelonanoticias.com\/en\/transfers\/will-barca-sign-in-january-the-board-makes-decision_315220_102.html#breadcrumb"},"inLanguage":"en-US","potentialAction":[{"@type":"ReadAction","target":["https:\/\/www.fcbarcelonanoticias.com\/en\/transfers\/will-barca-sign-in-january-the-board-makes-decision_315220_102.html"]}]},{"@type":"ImageObject","inLanguage":"en-US","@id":"https:\/\/www.fcbarcelonanoticias.com\/en\/transfers\/will-barca-sign-in-january-the-board-makes-decision_315220_102.html#primaryimage","url":"https:\/\/www.fcbarcelonanoticias.com\/en\/wp-content\/uploads\/sites\/2\/2025\/11\/directiva-fc-barcelona-25-26.webp","contentUrl":"https:\/\/www.fcbarcelonanoticias.com\/en\/wp-content\/uploads\/sites\/2\/2025\/11\/directiva-fc-barcelona-25-26.webp","width":1200,"height":675},{"@type":"BreadcrumbList","@id":"https:\/\/www.fcbarcelonanoticias.com\/en\/transfers\/will-barca-sign-in-january-the-board-makes-decision_315220_102.html#breadcrumb","itemListElement":[{"@type":"ListItem","position":1,"name":"Portada","item":"https:\/\/www.fcbarcelonanoticias.com\/en\/"},{"@type":"ListItem","position":2,"name":"Barcelona defines its roadmap for the winter market"}]},{"@type":"WebSite","@id":"https:\/\/www.fcbarcelonanoticias.com\/en\/#website","url":"https:\/\/www.fcbarcelonanoticias.com\/en\/","name":"EN - FC Barcelona Noticias","description":"","potentialAction":[{"@type":"SearchAction","target":{"@type":"EntryPoint","urlTemplate":"https:\/\/www.fcbarcelonanoticias.com\/en\/?s={search_term_string}"},"query-input":{"@type":"PropertyValueSpecification","valueRequired":true,"valueName":"search_term_string"}}],"inLanguage":"en-US"},{"@type":"Person","@id":"https:\/\/www.fcbarcelonanoticias.com\/en\/#\/schema\/person\/c2cd9f6fa1af5c0d0eccd0fefa575c88","name":"Andr\u00e9s Quiroz","image":{"@type":"ImageObject","inLanguage":"en-US","@id":"https:\/\/secure.gravatar.com\/avatar\/?s=96&d=mm&r=g","url":"https:\/\/secure.gravatar.com\/avatar\/?s=96&d=mm&r=g","contentUrl":"https:\/\/secure.gravatar.com\/avatar\/?s=96&d=mm&r=g","caption":"Andr\u00e9s Quiroz"},"description":"Licenciado en Periodismo por la Universidad de los Andes. Me encargo de analizar y compartir los contenidos m\u00e1s destacados de la\u00a0actualidad del F\u00fatbol Club Barcelona, Mercado de Fichajes y F\u00fatbol Internacional en FCBN. La informaci\u00f3n es poder, pero tambi\u00e9n conocimiento.","url":"https:\/\/www.fcbarcelonanoticias.com\/en\/fc-barcelona\/andres-quiroz_17_115.html"}]}},"_links":{"self":[{"href":"https:\/\/www.fcbarcelonanoticias.com\/en\/wp-json\/wp\/v2\/posts\/146378","targetHints":{"allow":["GET"]}}],"collection":[{"href":"https:\/\/www.fcbarcelonanoticias.com\/en\/wp-json\/wp\/v2\/posts"}],"about":[{"href":"https:\/\/www.fcbarcelonanoticias.com\/en\/wp-json\/wp\/v2\/types\/post"}],"author":[{"embeddable":true,"href":"https:\/\/www.fcbarcelonanoticias.com\/en\/wp-json\/wp\/v2\/users\/347"}],"replies":[{"embeddable":true,"href":"https:\/\/www.fcbarcelonanoticias.com\/en\/wp-json\/wp\/v2\/comments?post=146378"}],"version-history":[{"count":1,"href":"https:\/\/www.fcbarcelonanoticias.com\/en\/wp-json\/wp\/v2\/posts\/146378\/revisions"}],"predecessor-version":[{"id":156233,"href":"https:\/\/www.fcbarcelonanoticias.com\/en\/wp-json\/wp\/v2\/posts\/146378\/revisions\/156233"}],"wp:featuredmedia":[{"embeddable":true,"href":"https:\/\/www.fcbarcelonanoticias.com\/en\/wp-json\/wp\/v2\/media\/146379"}],"wp:attachment":[{"href":"https:\/\/www.fcbarcelonanoticias.com\/en\/wp-json\/wp\/v2\/media?parent=146378"}],"wp:term":[{"taxonomy":"category","embeddable":true,"href":"https:\/\/www.fcbarcelonanoticias.com\/en\/wp-json\/wp\/v2\/categories?post=146378"},{"taxonomy":"post_tag","embeddable":true,"href":"https:\/\/www.fcbarcelonanoticias.com\/en\/wp-json\/wp\/v2\/tags?post=146378"}],"curies":[{"name":"wp","href":"https:\/\/api.w.org\/{rel}","templated":true}]}}