{"id":146488,"date":"2024-06-19T00:08:00","date_gmt":"2024-06-18T22:08:00","guid":{"rendered":"https:\/\/weisetech.dev\/fc-barcelona-noticias\/en\/wink-from-alex-baena-to-fc-barcelona-when-revealing-his-two-great-idols_304636_102\/"},"modified":"2024-06-19T00:08:00","modified_gmt":"2024-06-18T22:08:00","slug":"wink-from-alex-baena-to-fc-barcelona-when-revealing-his-two-great-idols_304636_102","status":"publish","type":"post","link":"https:\/\/www.fcbarcelonanoticias.com\/en\/transfers\/wink-from-alex-baena-to-fc-barcelona-when-revealing-his-two-great-idols_304636_102.html","title":{"rendered":"&#8216;Wink&#8217; from \u00c1lex Baena to FC Barcelona when revealing his two great idols"},"content":{"rendered":"<h2 class=\"wp-block-heading\">The Villarreal CF midfielder, \u00c1lex Baena, who is already concentrated with the Spanish team for the Euro Cup, during an interview, did not miss the opportunity to send a &#8216;wink&#8217; towards FC Barcelona, \u200b\u200ba club that showed interest in signing him recently<\/h2>  \r\n<div class=\"article-addons\">\r\n    <a href=\"https:\/\/www.fcbarcelonanoticias.com\/en\/calendar-fc-barcelona.html\"\r\n       target=\"_self\"\r\n       title=\"Calendar of FC Barcelona\"\r\n       class=\"blue-gredient-btn\">\r\n       \r\n        Calendar of FC Barcelona    <\/a>\r\n<\/div>   <p>The name of \u00c1lex Baena is not extraneous to the FC Barcelona, since the midfield player <a data-external=\"0\" data-intl-links-en=\"https:\/\/www.fcbarcelonanoticias.com\/en\/transfers\/alex-baena-signing-wished-that-it-will-follow-him-resisting-nbsp-to-the-nbsp-barca_302314_102.html\" data-intl-links-es=\"https:\/\/www.fcbarcelonanoticias.com\/fichajes\/alex-baena-fichaje-deseado-se-seguira-resistiendo-al-barca_302314_102.html\" href=\"https:\/\/www.fcbarcelonanoticias.com\/en\/transfers\/alex-baena-signing-wished-that-it-will-follow-him-resisting-nbsp-to-the-nbsp-barca_302314_102.html\" rel=\"follow\" target=\"_self\" title=\"\u00c1lex Baena, un fichaje deseado que se le seguir\u00e1 resistiendo&nbsp;al&nbsp;Bar\u00e7a\">has been sounding like a possible incorporation<\/a> <strong>to strengthen the medullary zone of the Barcelona picture<\/strong>. However, the main problem in this transaction seems to be the economic appearance, specifically the clause of rescission of the native of Roquetas of Mar.<\/p>  <p>In this sense,<strong> if the Catalan cast has the intention to hire it, will have to pay around 60 million euros<\/strong>, a quantity that at present does not seem to be near at hand of the club, what frustrates by the moment the option of his incorporation. In spite of this, Baena also has expressed his interest in playing for the combined cul\u00e9, mentioning that: &#8220;<strong>To who would not like him go to the Bar\u00e7a? Play in the Barcelona is one of the greater dreams.<\/strong> It is of the best clubs of the world. To any player of the world would like him play in the Barcelona&#8221;, desvel\u00f3.<\/p>  <p>Nevertheless, <a data-external=\"0\" data-intl-links-en=\"https:\/\/www.fcbarcelonanoticias.com\/en\/transfers\/alex-baena-will-not-be-priority-for-the-barca-this-summer_303440_102.html\" data-intl-links-es=\"https:\/\/www.fcbarcelonanoticias.com\/fichajes\/alex-baena-no-sera-prioridad-barca-este-verano_303440_102.html\" href=\"https:\/\/www.fcbarcelonanoticias.com\/en\/transfers\/alex-baena-will-not-be-priority-for-the-barca-this-summer_303440_102.html\" rel=\"follow\" target=\"_self\" title=\"\u00c1lex Baena no ser\u00e1 una prioridad para el Bar\u00e7a este verano\">in spite of being an attractive alternative for the FC Barcelona, does not seem to be a priority<\/a>, since the team seems to need more a mediocentro accustomed to play in the base of the game <strong>in place of a midfield player with tendencies more offensive like the canterano of the &#8216;Yellow Submarine&#8217;<\/strong>. Although, because of his polivalencia, also could exert like left extreme, in this position the clear favourites seem to be Nico Williams of the Athletic Club and Luis D\u00edaz of the Liverpool.<\/p>  <h2>The &#8216;wink&#8217; of \u00c1lex Baena to the FC Barcelona<\/h2>  <p>Although all seems cooled, especially with the arrival of Hansi Flick to the technical direction of the Barcelonan cast,<strong> desconoce if it seems him so attractive as it was it \u00c1lex Baena in the management of Xavi Hern\u00e1ndez<\/strong>. However, the midfield player does not have desaprovechado the opportunity to do what a lot of interpreted like a possible &#8216;wink&#8217; to the Catalan group.<\/p>  <p>The &#8217;16&#8217; of the Villarreal CF, the one who at present forms part of the 26 summoned by Luis de la Fuente to contest the Eurocopa 2024 with the selection of Spain, participated in the fast test of &#8216;EFE&#8217;. When it asked him on the sportsmen that have inspired him during his career, <strong>the right-handed did not doubt in mentioning to two legends of the FC Barcelona: Leo Messi and Andr\u00e9s Iniesta<\/strong>, remaining like this little space to doubt on the tuning that can have between the Andalusian and the feeling barcelonista.<\/p> ","protected":false},"excerpt":{"rendered":"<p>The Villarreal CF midfielder, \u00c1lex Baena, who is already concentrated with the Spanish team for the Euro Cup, during an interview, did not miss the opportunity to send a &#8216;wink&#8217; towards FC Barcelona, \u200b\u200ba club that showed interest in signing him recently The name of \u00c1lex Baena is not extraneous to the FC Barcelona, since [&hellip;]<\/p>\n","protected":false},"author":355,"featured_media":146489,"comment_status":"closed","ping_status":"open","sticky":false,"template":"","format":"standard","meta":{"_acf_changed":false,"inline_featured_image":false,"_nextfly_llmd_date_locked":false,"footnotes":""},"categories":[449,106],"tags":[93],"class_list":["post-146488","post","type-post","status-publish","format-standard","has-post-thumbnail","hentry","category-transfers-2","category-transfers","tag-villarreal-cf"],"acf":[],"yoast_head":"<!-- This site is optimized with the Yoast SEO plugin v27.3 - https:\/\/yoast.com\/product\/yoast-seo-wordpress\/ -->\n<title>&#039;Wink&#039; from \u00c1lex Baena to FC Barcelona when revealing his two great idols<\/title>\n<meta name=\"description\" content=\"The Villarreal CF midfielder, \u00c1lex Baena, who is already concentrated with the Spanish team for the Euro Cup, during an interview, did not miss the opportunity to send a &#039;wink&#039; towards FC Barcelona, \u200b\u200ba club that showed interest in signing him recently\" \/>\n<meta name=\"robots\" content=\"index, follow, max-snippet:-1, max-image-preview:large, max-video-preview:-1\" \/>\n<link rel=\"canonical\" href=\"https:\/\/www.fcbarcelonanoticias.com\/en\/transfers\/wink-from-alex-baena-to-fc-barcelona-when-revealing-his-two-great-idols_304636_102.html\" \/>\n<meta property=\"og:locale\" content=\"en_US\" \/>\n<meta property=\"og:type\" content=\"article\" \/>\n<meta property=\"og:title\" content=\"&#039;Wink&#039; from \u00c1lex Baena to FC Barcelona when revealing his two great idols\" \/>\n<meta property=\"og:description\" content=\"The Villarreal CF midfielder, \u00c1lex Baena, who is already concentrated with the Spanish team for the Euro Cup, during an interview, did not miss the opportunity to send a &#039;wink&#039; towards FC Barcelona, \u200b\u200ba club that showed interest in signing him recently\" \/>\n<meta property=\"og:url\" content=\"https:\/\/www.fcbarcelonanoticias.com\/en\/transfers\/wink-from-alex-baena-to-fc-barcelona-when-revealing-his-two-great-idols_304636_102.html\" \/>\n<meta property=\"og:site_name\" content=\"EN - FC Barcelona Noticias\" \/>\n<meta property=\"article:published_time\" content=\"2024-06-18T22:08:00+00:00\" \/>\n<meta property=\"og:image\" content=\"https:\/\/www.fcbarcelonanoticias.com\/en\/wp-content\/uploads\/sites\/2\/2024\/06\/lex-baena-en-el-duelo-amistoso-entre-la-seleccion-de-espana-y-andorra-previo-a-la-eurocopa-2024.png\" \/>\n\t<meta property=\"og:image:width\" content=\"1300\" \/>\n\t<meta property=\"og:image:height\" content=\"732\" \/>\n\t<meta property=\"og:image:type\" content=\"image\/png\" \/>\n<meta name=\"author\" content=\"Kevin G\u00f3mez\" \/>\n<meta name=\"twitter:card\" content=\"summary_large_image\" \/>\n<meta name=\"twitter:label1\" content=\"Written by\" \/>\n\t<meta name=\"twitter:data1\" content=\"Kevin G\u00f3mez\" \/>\n\t<meta name=\"twitter:label2\" content=\"Est. reading time\" \/>\n\t<meta name=\"twitter:data2\" content=\"2 minutes\" \/>\n<script type=\"application\/ld+json\" class=\"yoast-schema-graph\">{\"@context\":\"https:\\\/\\\/schema.org\",\"@graph\":[{\"@type\":\"Article\",\"@id\":\"https:\\\/\\\/www.fcbarcelonanoticias.com\\\/en\\\/transfers\\\/wink-from-alex-baena-to-fc-barcelona-when-revealing-his-two-great-idols_304636_102.html#article\",\"isPartOf\":{\"@id\":\"https:\\\/\\\/www.fcbarcelonanoticias.com\\\/en\\\/transfers\\\/wink-from-alex-baena-to-fc-barcelona-when-revealing-his-two-great-idols_304636_102.html\"},\"author\":{\"name\":\"Kevin G\u00f3mez\",\"@id\":\"https:\\\/\\\/www.fcbarcelonanoticias.com\\\/en\\\/#\\\/schema\\\/person\\\/991443f134df9a64c6874f96ff984c9d\"},\"headline\":\"&#8216;Wink&#8217; from \u00c1lex Baena to FC Barcelona when revealing his two great idols\",\"datePublished\":\"2024-06-18T22:08:00+00:00\",\"mainEntityOfPage\":{\"@id\":\"https:\\\/\\\/www.fcbarcelonanoticias.com\\\/en\\\/transfers\\\/wink-from-alex-baena-to-fc-barcelona-when-revealing-his-two-great-idols_304636_102.html\"},\"wordCount\":470,\"image\":{\"@id\":\"https:\\\/\\\/www.fcbarcelonanoticias.com\\\/en\\\/transfers\\\/wink-from-alex-baena-to-fc-barcelona-when-revealing-his-two-great-idols_304636_102.html#primaryimage\"},\"thumbnailUrl\":\"https:\\\/\\\/www.fcbarcelonanoticias.com\\\/en\\\/wp-content\\\/uploads\\\/sites\\\/2\\\/2024\\\/06\\\/lex-baena-en-el-duelo-amistoso-entre-la-seleccion-de-espana-y-andorra-previo-a-la-eurocopa-2024.png\",\"keywords\":[\"Villarreal CF\"],\"articleSection\":[\"Transfers\",\"Transfers\"],\"inLanguage\":\"en-US\"},{\"@type\":\"WebPage\",\"@id\":\"https:\\\/\\\/www.fcbarcelonanoticias.com\\\/en\\\/transfers\\\/wink-from-alex-baena-to-fc-barcelona-when-revealing-his-two-great-idols_304636_102.html\",\"url\":\"https:\\\/\\\/www.fcbarcelonanoticias.com\\\/en\\\/transfers\\\/wink-from-alex-baena-to-fc-barcelona-when-revealing-his-two-great-idols_304636_102.html\",\"name\":\"'Wink' from \u00c1lex Baena to FC Barcelona when revealing his two great idols\",\"isPartOf\":{\"@id\":\"https:\\\/\\\/www.fcbarcelonanoticias.com\\\/en\\\/#website\"},\"primaryImageOfPage\":{\"@id\":\"https:\\\/\\\/www.fcbarcelonanoticias.com\\\/en\\\/transfers\\\/wink-from-alex-baena-to-fc-barcelona-when-revealing-his-two-great-idols_304636_102.html#primaryimage\"},\"image\":{\"@id\":\"https:\\\/\\\/www.fcbarcelonanoticias.com\\\/en\\\/transfers\\\/wink-from-alex-baena-to-fc-barcelona-when-revealing-his-two-great-idols_304636_102.html#primaryimage\"},\"thumbnailUrl\":\"https:\\\/\\\/www.fcbarcelonanoticias.com\\\/en\\\/wp-content\\\/uploads\\\/sites\\\/2\\\/2024\\\/06\\\/lex-baena-en-el-duelo-amistoso-entre-la-seleccion-de-espana-y-andorra-previo-a-la-eurocopa-2024.png\",\"datePublished\":\"2024-06-18T22:08:00+00:00\",\"author\":{\"@id\":\"https:\\\/\\\/www.fcbarcelonanoticias.com\\\/en\\\/#\\\/schema\\\/person\\\/991443f134df9a64c6874f96ff984c9d\"},\"description\":\"The Villarreal CF midfielder, \u00c1lex Baena, who is already concentrated with the Spanish team for the Euro Cup, during an interview, did not miss the opportunity to send a 'wink' towards FC Barcelona, \u200b\u200ba club that showed interest in signing him recently\",\"breadcrumb\":{\"@id\":\"https:\\\/\\\/www.fcbarcelonanoticias.com\\\/en\\\/transfers\\\/wink-from-alex-baena-to-fc-barcelona-when-revealing-his-two-great-idols_304636_102.html#breadcrumb\"},\"inLanguage\":\"en-US\",\"potentialAction\":[{\"@type\":\"ReadAction\",\"target\":[\"https:\\\/\\\/www.fcbarcelonanoticias.com\\\/en\\\/transfers\\\/wink-from-alex-baena-to-fc-barcelona-when-revealing-his-two-great-idols_304636_102.html\"]}]},{\"@type\":\"ImageObject\",\"inLanguage\":\"en-US\",\"@id\":\"https:\\\/\\\/www.fcbarcelonanoticias.com\\\/en\\\/transfers\\\/wink-from-alex-baena-to-fc-barcelona-when-revealing-his-two-great-idols_304636_102.html#primaryimage\",\"url\":\"https:\\\/\\\/www.fcbarcelonanoticias.com\\\/en\\\/wp-content\\\/uploads\\\/sites\\\/2\\\/2024\\\/06\\\/lex-baena-en-el-duelo-amistoso-entre-la-seleccion-de-espana-y-andorra-previo-a-la-eurocopa-2024.png\",\"contentUrl\":\"https:\\\/\\\/www.fcbarcelonanoticias.com\\\/en\\\/wp-content\\\/uploads\\\/sites\\\/2\\\/2024\\\/06\\\/lex-baena-en-el-duelo-amistoso-entre-la-seleccion-de-espana-y-andorra-previo-a-la-eurocopa-2024.png\",\"width\":1300,\"height\":732},{\"@type\":\"BreadcrumbList\",\"@id\":\"https:\\\/\\\/www.fcbarcelonanoticias.com\\\/en\\\/transfers\\\/wink-from-alex-baena-to-fc-barcelona-when-revealing-his-two-great-idols_304636_102.html#breadcrumb\",\"itemListElement\":[{\"@type\":\"ListItem\",\"position\":1,\"name\":\"Portada\",\"item\":\"https:\\\/\\\/www.fcbarcelonanoticias.com\\\/en\\\/\"},{\"@type\":\"ListItem\",\"position\":2,\"name\":\"&#8216;Wink&#8217; from \u00c1lex Baena to FC Barcelona when revealing his two great idols\"}]},{\"@type\":\"WebSite\",\"@id\":\"https:\\\/\\\/www.fcbarcelonanoticias.com\\\/en\\\/#website\",\"url\":\"https:\\\/\\\/www.fcbarcelonanoticias.com\\\/en\\\/\",\"name\":\"EN - FC Barcelona Noticias\",\"description\":\"\",\"potentialAction\":[{\"@type\":\"SearchAction\",\"target\":{\"@type\":\"EntryPoint\",\"urlTemplate\":\"https:\\\/\\\/www.fcbarcelonanoticias.com\\\/en\\\/?s={search_term_string}\"},\"query-input\":{\"@type\":\"PropertyValueSpecification\",\"valueRequired\":true,\"valueName\":\"search_term_string\"}}],\"inLanguage\":\"en-US\"},{\"@type\":\"Person\",\"@id\":\"https:\\\/\\\/www.fcbarcelonanoticias.com\\\/en\\\/#\\\/schema\\\/person\\\/991443f134df9a64c6874f96ff984c9d\",\"name\":\"Kevin G\u00f3mez\",\"image\":{\"@type\":\"ImageObject\",\"inLanguage\":\"en-US\",\"@id\":\"https:\\\/\\\/secure.gravatar.com\\\/avatar\\\/?s=96&d=mm&r=g\",\"url\":\"https:\\\/\\\/secure.gravatar.com\\\/avatar\\\/?s=96&d=mm&r=g\",\"contentUrl\":\"https:\\\/\\\/secure.gravatar.com\\\/avatar\\\/?s=96&d=mm&r=g\",\"caption\":\"Kevin G\u00f3mez\"},\"description\":\"Licenciado\u00a0en Periodismo y Comunicaci\u00f3n Audiovisual. Redactor en FCBN responsable de cubrir toda\u00a0la informaci\u00f3n del FC Barcelona y las principales competiciones de\u00a0f\u00fatbol.\",\"url\":\"https:\\\/\\\/www.fcbarcelonanoticias.com\\\/en\\\/jugadores\\\/kevin-gomez_23_115.html\"}]}<\/script>\n<!-- \/ Yoast SEO plugin. -->","yoast_head_json":{"title":"'Wink' from \u00c1lex Baena to FC Barcelona when revealing his two great idols","description":"The Villarreal CF midfielder, \u00c1lex Baena, who is already concentrated with the Spanish team for the Euro Cup, during an interview, did not miss the opportunity to send a 'wink' towards FC Barcelona, \u200b\u200ba club that showed interest in signing him recently","robots":{"index":"index","follow":"follow","max-snippet":"max-snippet:-1","max-image-preview":"max-image-preview:large","max-video-preview":"max-video-preview:-1"},"canonical":"https:\/\/www.fcbarcelonanoticias.com\/en\/transfers\/wink-from-alex-baena-to-fc-barcelona-when-revealing-his-two-great-idols_304636_102.html","og_locale":"en_US","og_type":"article","og_title":"'Wink' from \u00c1lex Baena to FC Barcelona when revealing his two great idols","og_description":"The Villarreal CF midfielder, \u00c1lex Baena, who is already concentrated with the Spanish team for the Euro Cup, during an interview, did not miss the opportunity to send a 'wink' towards FC Barcelona, \u200b\u200ba club that showed interest in signing him recently","og_url":"https:\/\/www.fcbarcelonanoticias.com\/en\/transfers\/wink-from-alex-baena-to-fc-barcelona-when-revealing-his-two-great-idols_304636_102.html","og_site_name":"EN - FC Barcelona Noticias","article_published_time":"2024-06-18T22:08:00+00:00","og_image":[{"width":1300,"height":732,"url":"https:\/\/www.fcbarcelonanoticias.com\/en\/wp-content\/uploads\/sites\/2\/2024\/06\/lex-baena-en-el-duelo-amistoso-entre-la-seleccion-de-espana-y-andorra-previo-a-la-eurocopa-2024.png","type":"image\/png"}],"author":"Kevin G\u00f3mez","twitter_card":"summary_large_image","twitter_misc":{"Written by":"Kevin G\u00f3mez","Est. reading time":"2 minutes"},"schema":{"@context":"https:\/\/schema.org","@graph":[{"@type":"Article","@id":"https:\/\/www.fcbarcelonanoticias.com\/en\/transfers\/wink-from-alex-baena-to-fc-barcelona-when-revealing-his-two-great-idols_304636_102.html#article","isPartOf":{"@id":"https:\/\/www.fcbarcelonanoticias.com\/en\/transfers\/wink-from-alex-baena-to-fc-barcelona-when-revealing-his-two-great-idols_304636_102.html"},"author":{"name":"Kevin G\u00f3mez","@id":"https:\/\/www.fcbarcelonanoticias.com\/en\/#\/schema\/person\/991443f134df9a64c6874f96ff984c9d"},"headline":"&#8216;Wink&#8217; from \u00c1lex Baena to FC Barcelona when revealing his two great idols","datePublished":"2024-06-18T22:08:00+00:00","mainEntityOfPage":{"@id":"https:\/\/www.fcbarcelonanoticias.com\/en\/transfers\/wink-from-alex-baena-to-fc-barcelona-when-revealing-his-two-great-idols_304636_102.html"},"wordCount":470,"image":{"@id":"https:\/\/www.fcbarcelonanoticias.com\/en\/transfers\/wink-from-alex-baena-to-fc-barcelona-when-revealing-his-two-great-idols_304636_102.html#primaryimage"},"thumbnailUrl":"https:\/\/www.fcbarcelonanoticias.com\/en\/wp-content\/uploads\/sites\/2\/2024\/06\/lex-baena-en-el-duelo-amistoso-entre-la-seleccion-de-espana-y-andorra-previo-a-la-eurocopa-2024.png","keywords":["Villarreal CF"],"articleSection":["Transfers","Transfers"],"inLanguage":"en-US"},{"@type":"WebPage","@id":"https:\/\/www.fcbarcelonanoticias.com\/en\/transfers\/wink-from-alex-baena-to-fc-barcelona-when-revealing-his-two-great-idols_304636_102.html","url":"https:\/\/www.fcbarcelonanoticias.com\/en\/transfers\/wink-from-alex-baena-to-fc-barcelona-when-revealing-his-two-great-idols_304636_102.html","name":"'Wink' from \u00c1lex Baena to FC Barcelona when revealing his two great idols","isPartOf":{"@id":"https:\/\/www.fcbarcelonanoticias.com\/en\/#website"},"primaryImageOfPage":{"@id":"https:\/\/www.fcbarcelonanoticias.com\/en\/transfers\/wink-from-alex-baena-to-fc-barcelona-when-revealing-his-two-great-idols_304636_102.html#primaryimage"},"image":{"@id":"https:\/\/www.fcbarcelonanoticias.com\/en\/transfers\/wink-from-alex-baena-to-fc-barcelona-when-revealing-his-two-great-idols_304636_102.html#primaryimage"},"thumbnailUrl":"https:\/\/www.fcbarcelonanoticias.com\/en\/wp-content\/uploads\/sites\/2\/2024\/06\/lex-baena-en-el-duelo-amistoso-entre-la-seleccion-de-espana-y-andorra-previo-a-la-eurocopa-2024.png","datePublished":"2024-06-18T22:08:00+00:00","author":{"@id":"https:\/\/www.fcbarcelonanoticias.com\/en\/#\/schema\/person\/991443f134df9a64c6874f96ff984c9d"},"description":"The Villarreal CF midfielder, \u00c1lex Baena, who is already concentrated with the Spanish team for the Euro Cup, during an interview, did not miss the opportunity to send a 'wink' towards FC Barcelona, \u200b\u200ba club that showed interest in signing him recently","breadcrumb":{"@id":"https:\/\/www.fcbarcelonanoticias.com\/en\/transfers\/wink-from-alex-baena-to-fc-barcelona-when-revealing-his-two-great-idols_304636_102.html#breadcrumb"},"inLanguage":"en-US","potentialAction":[{"@type":"ReadAction","target":["https:\/\/www.fcbarcelonanoticias.com\/en\/transfers\/wink-from-alex-baena-to-fc-barcelona-when-revealing-his-two-great-idols_304636_102.html"]}]},{"@type":"ImageObject","inLanguage":"en-US","@id":"https:\/\/www.fcbarcelonanoticias.com\/en\/transfers\/wink-from-alex-baena-to-fc-barcelona-when-revealing-his-two-great-idols_304636_102.html#primaryimage","url":"https:\/\/www.fcbarcelonanoticias.com\/en\/wp-content\/uploads\/sites\/2\/2024\/06\/lex-baena-en-el-duelo-amistoso-entre-la-seleccion-de-espana-y-andorra-previo-a-la-eurocopa-2024.png","contentUrl":"https:\/\/www.fcbarcelonanoticias.com\/en\/wp-content\/uploads\/sites\/2\/2024\/06\/lex-baena-en-el-duelo-amistoso-entre-la-seleccion-de-espana-y-andorra-previo-a-la-eurocopa-2024.png","width":1300,"height":732},{"@type":"BreadcrumbList","@id":"https:\/\/www.fcbarcelonanoticias.com\/en\/transfers\/wink-from-alex-baena-to-fc-barcelona-when-revealing-his-two-great-idols_304636_102.html#breadcrumb","itemListElement":[{"@type":"ListItem","position":1,"name":"Portada","item":"https:\/\/www.fcbarcelonanoticias.com\/en\/"},{"@type":"ListItem","position":2,"name":"&#8216;Wink&#8217; from \u00c1lex Baena to FC Barcelona when revealing his two great idols"}]},{"@type":"WebSite","@id":"https:\/\/www.fcbarcelonanoticias.com\/en\/#website","url":"https:\/\/www.fcbarcelonanoticias.com\/en\/","name":"EN - FC Barcelona Noticias","description":"","potentialAction":[{"@type":"SearchAction","target":{"@type":"EntryPoint","urlTemplate":"https:\/\/www.fcbarcelonanoticias.com\/en\/?s={search_term_string}"},"query-input":{"@type":"PropertyValueSpecification","valueRequired":true,"valueName":"search_term_string"}}],"inLanguage":"en-US"},{"@type":"Person","@id":"https:\/\/www.fcbarcelonanoticias.com\/en\/#\/schema\/person\/991443f134df9a64c6874f96ff984c9d","name":"Kevin G\u00f3mez","image":{"@type":"ImageObject","inLanguage":"en-US","@id":"https:\/\/secure.gravatar.com\/avatar\/?s=96&d=mm&r=g","url":"https:\/\/secure.gravatar.com\/avatar\/?s=96&d=mm&r=g","contentUrl":"https:\/\/secure.gravatar.com\/avatar\/?s=96&d=mm&r=g","caption":"Kevin G\u00f3mez"},"description":"Licenciado\u00a0en Periodismo y Comunicaci\u00f3n Audiovisual. Redactor en FCBN responsable de cubrir toda\u00a0la informaci\u00f3n del FC Barcelona y las principales competiciones de\u00a0f\u00fatbol.","url":"https:\/\/www.fcbarcelonanoticias.com\/en\/jugadores\/kevin-gomez_23_115.html"}]}},"_links":{"self":[{"href":"https:\/\/www.fcbarcelonanoticias.com\/en\/wp-json\/wp\/v2\/posts\/146488","targetHints":{"allow":["GET"]}}],"collection":[{"href":"https:\/\/www.fcbarcelonanoticias.com\/en\/wp-json\/wp\/v2\/posts"}],"about":[{"href":"https:\/\/www.fcbarcelonanoticias.com\/en\/wp-json\/wp\/v2\/types\/post"}],"author":[{"embeddable":true,"href":"https:\/\/www.fcbarcelonanoticias.com\/en\/wp-json\/wp\/v2\/users\/355"}],"replies":[{"embeddable":true,"href":"https:\/\/www.fcbarcelonanoticias.com\/en\/wp-json\/wp\/v2\/comments?post=146488"}],"version-history":[{"count":1,"href":"https:\/\/www.fcbarcelonanoticias.com\/en\/wp-json\/wp\/v2\/posts\/146488\/revisions"}],"predecessor-version":[{"id":156335,"href":"https:\/\/www.fcbarcelonanoticias.com\/en\/wp-json\/wp\/v2\/posts\/146488\/revisions\/156335"}],"wp:featuredmedia":[{"embeddable":true,"href":"https:\/\/www.fcbarcelonanoticias.com\/en\/wp-json\/wp\/v2\/media\/146489"}],"wp:attachment":[{"href":"https:\/\/www.fcbarcelonanoticias.com\/en\/wp-json\/wp\/v2\/media?parent=146488"}],"wp:term":[{"taxonomy":"category","embeddable":true,"href":"https:\/\/www.fcbarcelonanoticias.com\/en\/wp-json\/wp\/v2\/categories?post=146488"},{"taxonomy":"post_tag","embeddable":true,"href":"https:\/\/www.fcbarcelonanoticias.com\/en\/wp-json\/wp\/v2\/tags?post=146488"}],"curies":[{"name":"wp","href":"https:\/\/api.w.org\/{rel}","templated":true}]}}